{"id":2168,"date":"2025-02-11T15:28:00","date_gmt":"2025-02-11T14:28:00","guid":{"rendered":"https:\/\/lavoixdelanation.tg\/?p=2168"},"modified":"2025-02-11T19:36:55","modified_gmt":"2025-02-11T18:36:55","slug":"cinema-le-togo-fortement-represente-au-fespaco-2025","status":"publish","type":"post","link":"https:\/\/lavoixdelanation.tg\/index.php\/2025\/02\/11\/cinema-le-togo-fortement-represente-au-fespaco-2025\/","title":{"rendered":"Cin\u00e9ma\u00a0: Le Togo fortement repr\u00e9sent\u00e9 au FESPACO 2025"},"content":{"rendered":"\n<p><strong>Au total six (06) productions togolaises sont en s\u00e9lection officielle au prestigieux Festival panafricain du cin\u00e9ma et de la t\u00e9l\u00e9vision de Ouagadougou (<a href=\"https:\/\/fespaco.bf\/\">FESPACO<\/a>) 2025 pr\u00e9vu du 22 f\u00e9vrier au 1er mars prochain.<\/strong><\/p>\n\n\n\n<p>L\u2019annonce a \u00e9t\u00e9 faite ce lundi 10 f\u00e9vrier par le minist\u00e8re de la communication, des m\u00e9dias et de la culture qui souligne que \u00ab&nbsp;ce niveau de participation jusque-l\u00e0 in\u00e9gal\u00e9 t\u00e9moigne de la vitalit\u00e9 et de la cr\u00e9ativit\u00e9 du cin\u00e9ma togolais&nbsp;\u00bb.<\/p>\n\n\n\n<p class=\"has-text-align-center\"><strong>Les \u0153uvres retenues<\/strong><\/p>\n\n\n\n<p>Les \u0153uvres retenues dans diff\u00e9rentes cat\u00e9gories de comp\u00e9tition sont notamment MIKOKO&nbsp;d\u2019Angela AQUEREBURU (Comp\u00e9tition Semaine de la Critique), ANKARA, L\u2019H\u00c9RITAGE DES NANA BENZ&nbsp;de Sitou AYIT\u00c9 (Comp\u00e9tition S\u00e9ries), TOILE DE PAPILLON&nbsp;d\u2019Alexandre Madina N\u2019FALLE (Comp\u00e9tition Animations), D\u00c9CID\u00c9&nbsp;de Jude KOUDAYA (Comp\u00e9tition Films des \u00c9coles de Cin\u00e9ma), CENT DOUZE&nbsp;de Jo\u00ebl TCHEDRE (Comp\u00e9tition Perspectives) et BROKEN DRUMS&nbsp;de Marcelin BOSSOU (Yennenga Postproduction).<\/p>\n\n\n\n<p>Par ailleurs,&nbsp;Dogossa BIRREGAH&nbsp;a \u00e9t\u00e9 s\u00e9lectionn\u00e9 pour participer au Yennenga Academy, un espace d\u2019\u00e9changes et de perfectionnement pour les talents \u00e9mergents du continent.<\/p>\n\n\n\n<p>\u00ab&nbsp;La qualit\u00e9 des jeunes togolais ainsi reconnue dans le microcosme s\u00e9lectif du cin\u00e9ma est un motif de fiert\u00e9 nationale&nbsp;\u00bb, estime le minist\u00e8re en charge de la culture qui reste mobilis\u00e9 pour maintenir la dynamique impuls\u00e9e par la Strat\u00e9gie nationale de d\u00e9veloppement du cin\u00e9ma et de l\u2019audiovisuel, adopt\u00e9e en d\u00e9cembre 2024 \u00e0 Lom\u00e9, et dont la mise en \u0153uvre se poursuivra jusqu\u2019en 2030.<\/p>\n\n\n\n<p>Pour rappel, cette strat\u00e9gie vise notamment \u00e0 structurer ce secteur cr\u00e9atif et culturel en une puissante cha\u00eene de valeur, pourvoyeuse d\u2019emplois et cr\u00e9atrice de richesses. Un accent sera mis sur le renforcement des capacit\u00e9s des parties prenantes et la promotion des \u0153uvres togolaises sur la sc\u00e8ne internationale.<\/p>\n\n\n\n<div data-wp-interactive=\"core\/file\" class=\"wp-block-file\"><object data-wp-bind--hidden=\"!state.hasPdfPreview\" hidden class=\"wp-block-file__embed\" data=\"https:\/\/lavoixdelanation.tg\/wp-content\/uploads\/2025\/02\/VOICI-TOUTES-LES-SELECTIONS-DU-FESPACO-2025.pdf\" type=\"application\/pdf\" style=\"width:100%;height:600px\" aria-label=\"PDF embarqu\u00e9\"><\/object><a href=\"https:\/\/lavoixdelanation.tg\/wp-content\/uploads\/2025\/02\/VOICI-TOUTES-LES-SELECTIONS-DU-FESPACO-2025.pdf\" class=\"wp-block-file__button wp-element-button\" download>T\u00e9l\u00e9charger<\/a><\/div>\n","protected":false},"excerpt":{"rendered":"<p>Au total six (06) productions togolaises sont en s\u00e9lection officielle au prestigieux Festival panafricain du cin\u00e9ma et de la t\u00e9l\u00e9vision de Ouagadougou (FESPACO) 2025 pr\u00e9vu du 22 f\u00e9vrier au 1er&hellip; <\/p>\n","protected":false},"author":1,"featured_media":2169,"comment_status":"open","ping_status":"open","sticky":false,"template":"","format":"standard","meta":{"footnotes":""},"categories":[13,29],"tags":[],"class_list":["post-2168","post","type-post","status-publish","format-standard","has-post-thumbnail","hentry","category-culture","category-societe"],"yoast_head":"<!-- This site is optimized with the Yoast SEO plugin v26.4 - https:\/\/yoast.com\/wordpress\/plugins\/seo\/ -->\n<title>Cin\u00e9ma\u00a0: Le Togo fortement repr\u00e9sent\u00e9 au FESPACO 2025 - La Voix de la Nation<\/title>\n<meta name=\"robots\" content=\"index, follow, max-snippet:-1, max-image-preview:large, max-video-preview:-1\" \/>\n<link rel=\"canonical\" href=\"https:\/\/lavoixdelanation.tg\/index.php\/2025\/02\/11\/cinema-le-togo-fortement-represente-au-fespaco-2025\/\" \/>\n<meta property=\"og:locale\" content=\"fr_FR\" \/>\n<meta property=\"og:type\" content=\"article\" \/>\n<meta property=\"og:title\" content=\"Cin\u00e9ma\u00a0: Le Togo fortement repr\u00e9sent\u00e9 au FESPACO 2025 - La Voix de la Nation\" \/>\n<meta property=\"og:description\" content=\"Au total six (06) productions togolaises sont en s\u00e9lection officielle au prestigieux Festival panafricain du cin\u00e9ma et de la t\u00e9l\u00e9vision de Ouagadougou (FESPACO) 2025 pr\u00e9vu du 22 f\u00e9vrier au 1er&hellip;\" \/>\n<meta property=\"og:url\" content=\"https:\/\/lavoixdelanation.tg\/index.php\/2025\/02\/11\/cinema-le-togo-fortement-represente-au-fespaco-2025\/\" \/>\n<meta property=\"og:site_name\" content=\"La Voix de la Nation\" \/>\n<meta property=\"article:publisher\" content=\"https:\/\/www.facebook.com\/lavoixdelanation\" \/>\n<meta property=\"article:published_time\" content=\"2025-02-11T14:28:00+00:00\" \/>\n<meta property=\"article:modified_time\" content=\"2025-02-11T18:36:55+00:00\" \/>\n<meta property=\"og:image\" content=\"https:\/\/lavoixdelanation.tg\/wp-content\/uploads\/2025\/02\/Le-Togo-au-FESPACO-2025.jpeg\" \/>\n\t<meta property=\"og:image:width\" content=\"700\" \/>\n\t<meta property=\"og:image:height\" content=\"670\" \/>\n\t<meta property=\"og:image:type\" content=\"image\/jpeg\" \/>\n<meta name=\"author\" content=\"La voix de la nation\" \/>\n<meta name=\"twitter:card\" content=\"summary_large_image\" \/>\n<meta name=\"twitter:label1\" content=\"\u00c9crit par\" \/>\n\t<meta name=\"twitter:data1\" content=\"La voix de la nation\" \/>\n\t<meta name=\"twitter:label2\" content=\"Dur\u00e9e de lecture estim\u00e9e\" \/>\n\t<meta name=\"twitter:data2\" content=\"2 minutes\" \/>\n<script type=\"application\/ld+json\" class=\"yoast-schema-graph\">{\"@context\":\"https:\/\/schema.org\",\"@graph\":[{\"@type\":\"Article\",\"@id\":\"https:\/\/lavoixdelanation.tg\/index.php\/2025\/02\/11\/cinema-le-togo-fortement-represente-au-fespaco-2025\/#article\",\"isPartOf\":{\"@id\":\"https:\/\/lavoixdelanation.tg\/index.php\/2025\/02\/11\/cinema-le-togo-fortement-represente-au-fespaco-2025\/\"},\"author\":{\"name\":\"La voix de la nation\",\"@id\":\"https:\/\/lavoixdelanation.tg\/#\/schema\/person\/6c489293aa38053673a9e554acb6e224\"},\"headline\":\"Cin\u00e9ma\u00a0: Le Togo fortement repr\u00e9sent\u00e9 au FESPACO 2025\",\"datePublished\":\"2025-02-11T14:28:00+00:00\",\"dateModified\":\"2025-02-11T18:36:55+00:00\",\"mainEntityOfPage\":{\"@id\":\"https:\/\/lavoixdelanation.tg\/index.php\/2025\/02\/11\/cinema-le-togo-fortement-represente-au-fespaco-2025\/\"},\"wordCount\":336,\"commentCount\":0,\"publisher\":{\"@id\":\"https:\/\/lavoixdelanation.tg\/#organization\"},\"image\":{\"@id\":\"https:\/\/lavoixdelanation.tg\/index.php\/2025\/02\/11\/cinema-le-togo-fortement-represente-au-fespaco-2025\/#primaryimage\"},\"thumbnailUrl\":\"https:\/\/lavoixdelanation.tg\/wp-content\/uploads\/2025\/02\/Le-Togo-au-FESPACO-2025.jpeg\",\"articleSection\":[\"Culture\",\"Soci\u00e9t\u00e9\"],\"inLanguage\":\"fr-FR\",\"potentialAction\":[{\"@type\":\"CommentAction\",\"name\":\"Comment\",\"target\":[\"https:\/\/lavoixdelanation.tg\/index.php\/2025\/02\/11\/cinema-le-togo-fortement-represente-au-fespaco-2025\/#respond\"]}]},{\"@type\":\"WebPage\",\"@id\":\"https:\/\/lavoixdelanation.tg\/index.php\/2025\/02\/11\/cinema-le-togo-fortement-represente-au-fespaco-2025\/\",\"url\":\"https:\/\/lavoixdelanation.tg\/index.php\/2025\/02\/11\/cinema-le-togo-fortement-represente-au-fespaco-2025\/\",\"name\":\"Cin\u00e9ma\u00a0: Le Togo fortement repr\u00e9sent\u00e9 au FESPACO 2025 - La Voix de la Nation\",\"isPartOf\":{\"@id\":\"https:\/\/lavoixdelanation.tg\/#website\"},\"primaryImageOfPage\":{\"@id\":\"https:\/\/lavoixdelanation.tg\/index.php\/2025\/02\/11\/cinema-le-togo-fortement-represente-au-fespaco-2025\/#primaryimage\"},\"image\":{\"@id\":\"https:\/\/lavoixdelanation.tg\/index.php\/2025\/02\/11\/cinema-le-togo-fortement-represente-au-fespaco-2025\/#primaryimage\"},\"thumbnailUrl\":\"https:\/\/lavoixdelanation.tg\/wp-content\/uploads\/2025\/02\/Le-Togo-au-FESPACO-2025.jpeg\",\"datePublished\":\"2025-02-11T14:28:00+00:00\",\"dateModified\":\"2025-02-11T18:36:55+00:00\",\"breadcrumb\":{\"@id\":\"https:\/\/lavoixdelanation.tg\/index.php\/2025\/02\/11\/cinema-le-togo-fortement-represente-au-fespaco-2025\/#breadcrumb\"},\"inLanguage\":\"fr-FR\",\"potentialAction\":[{\"@type\":\"ReadAction\",\"target\":[\"https:\/\/lavoixdelanation.tg\/index.php\/2025\/02\/11\/cinema-le-togo-fortement-represente-au-fespaco-2025\/\"]}]},{\"@type\":\"ImageObject\",\"inLanguage\":\"fr-FR\",\"@id\":\"https:\/\/lavoixdelanation.tg\/index.php\/2025\/02\/11\/cinema-le-togo-fortement-represente-au-fespaco-2025\/#primaryimage\",\"url\":\"https:\/\/lavoixdelanation.tg\/wp-content\/uploads\/2025\/02\/Le-Togo-au-FESPACO-2025.jpeg\",\"contentUrl\":\"https:\/\/lavoixdelanation.tg\/wp-content\/uploads\/2025\/02\/Le-Togo-au-FESPACO-2025.jpeg\",\"width\":700,\"height\":670,\"caption\":\"Le Togo au FESPACO 2025\"},{\"@type\":\"BreadcrumbList\",\"@id\":\"https:\/\/lavoixdelanation.tg\/index.php\/2025\/02\/11\/cinema-le-togo-fortement-represente-au-fespaco-2025\/#breadcrumb\",\"itemListElement\":[{\"@type\":\"ListItem\",\"position\":1,\"name\":\"Accueil\",\"item\":\"https:\/\/lavoixdelanation.tg\/\"},{\"@type\":\"ListItem\",\"position\":2,\"name\":\"Cin\u00e9ma\u00a0: Le Togo fortement repr\u00e9sent\u00e9 au FESPACO 2025\"}]},{\"@type\":\"WebSite\",\"@id\":\"https:\/\/lavoixdelanation.tg\/#website\",\"url\":\"https:\/\/lavoixdelanation.tg\/\",\"name\":\"La Voix de la Nation\",\"description\":\"R\u00e9c\u00e9piss\u00e9 n\u00b00108\/HAAC\/01-2024\/pl\/P\",\"publisher\":{\"@id\":\"https:\/\/lavoixdelanation.tg\/#organization\"},\"alternateName\":\"VON\",\"potentialAction\":[{\"@type\":\"SearchAction\",\"target\":{\"@type\":\"EntryPoint\",\"urlTemplate\":\"https:\/\/lavoixdelanation.tg\/?s={search_term_string}\"},\"query-input\":{\"@type\":\"PropertyValueSpecification\",\"valueRequired\":true,\"valueName\":\"search_term_string\"}}],\"inLanguage\":\"fr-FR\"},{\"@type\":\"Organization\",\"@id\":\"https:\/\/lavoixdelanation.tg\/#organization\",\"name\":\"La Voix de la Nation\",\"url\":\"https:\/\/lavoixdelanation.tg\/\",\"logo\":{\"@type\":\"ImageObject\",\"inLanguage\":\"fr-FR\",\"@id\":\"https:\/\/lavoixdelanation.tg\/#\/schema\/logo\/image\/\",\"url\":\"https:\/\/lavoixdelanation.tg\/wp-content\/uploads\/2024\/12\/lavn-1.png\",\"contentUrl\":\"https:\/\/lavoixdelanation.tg\/wp-content\/uploads\/2024\/12\/lavn-1.png\",\"width\":1024,\"height\":464,\"caption\":\"La Voix de la Nation\"},\"image\":{\"@id\":\"https:\/\/lavoixdelanation.tg\/#\/schema\/logo\/image\/\"},\"sameAs\":[\"https:\/\/www.facebook.com\/lavoixdelanation\"]},{\"@type\":\"Person\",\"@id\":\"https:\/\/lavoixdelanation.tg\/#\/schema\/person\/6c489293aa38053673a9e554acb6e224\",\"name\":\"La voix de la nation\",\"image\":{\"@type\":\"ImageObject\",\"inLanguage\":\"fr-FR\",\"@id\":\"https:\/\/lavoixdelanation.tg\/#\/schema\/person\/image\/\",\"url\":\"https:\/\/secure.gravatar.com\/avatar\/8aa135d4bbc794494cecaa8d483f6d6cc1023624868deaff686baed5e727a5a1?s=96&d=mm&r=g\",\"contentUrl\":\"https:\/\/secure.gravatar.com\/avatar\/8aa135d4bbc794494cecaa8d483f6d6cc1023624868deaff686baed5e727a5a1?s=96&d=mm&r=g\",\"caption\":\"La voix de la nation\"},\"sameAs\":[\"https:\/\/lavoixdelanation.tg\"],\"url\":\"https:\/\/lavoixdelanation.tg\/index.php\/author\/lavn\/\"}]}<\/script>\n<!-- \/ Yoast SEO plugin. -->","yoast_head_json":{"title":"Cin\u00e9ma\u00a0: Le Togo fortement repr\u00e9sent\u00e9 au FESPACO 2025 - La Voix de la Nation","robots":{"index":"index","follow":"follow","max-snippet":"max-snippet:-1","max-image-preview":"max-image-preview:large","max-video-preview":"max-video-preview:-1"},"canonical":"https:\/\/lavoixdelanation.tg\/index.php\/2025\/02\/11\/cinema-le-togo-fortement-represente-au-fespaco-2025\/","og_locale":"fr_FR","og_type":"article","og_title":"Cin\u00e9ma\u00a0: Le Togo fortement repr\u00e9sent\u00e9 au FESPACO 2025 - La Voix de la Nation","og_description":"Au total six (06) productions togolaises sont en s\u00e9lection officielle au prestigieux Festival panafricain du cin\u00e9ma et de la t\u00e9l\u00e9vision de Ouagadougou (FESPACO) 2025 pr\u00e9vu du 22 f\u00e9vrier au 1er&hellip;","og_url":"https:\/\/lavoixdelanation.tg\/index.php\/2025\/02\/11\/cinema-le-togo-fortement-represente-au-fespaco-2025\/","og_site_name":"La Voix de la Nation","article_publisher":"https:\/\/www.facebook.com\/lavoixdelanation","article_published_time":"2025-02-11T14:28:00+00:00","article_modified_time":"2025-02-11T18:36:55+00:00","og_image":[{"width":700,"height":670,"url":"https:\/\/lavoixdelanation.tg\/wp-content\/uploads\/2025\/02\/Le-Togo-au-FESPACO-2025.jpeg","type":"image\/jpeg"}],"author":"La voix de la nation","twitter_card":"summary_large_image","twitter_misc":{"\u00c9crit par":"La voix de la nation","Dur\u00e9e de lecture estim\u00e9e":"2 minutes"},"schema":{"@context":"https:\/\/schema.org","@graph":[{"@type":"Article","@id":"https:\/\/lavoixdelanation.tg\/index.php\/2025\/02\/11\/cinema-le-togo-fortement-represente-au-fespaco-2025\/#article","isPartOf":{"@id":"https:\/\/lavoixdelanation.tg\/index.php\/2025\/02\/11\/cinema-le-togo-fortement-represente-au-fespaco-2025\/"},"author":{"name":"La voix de la nation","@id":"https:\/\/lavoixdelanation.tg\/#\/schema\/person\/6c489293aa38053673a9e554acb6e224"},"headline":"Cin\u00e9ma\u00a0: Le Togo fortement repr\u00e9sent\u00e9 au FESPACO 2025","datePublished":"2025-02-11T14:28:00+00:00","dateModified":"2025-02-11T18:36:55+00:00","mainEntityOfPage":{"@id":"https:\/\/lavoixdelanation.tg\/index.php\/2025\/02\/11\/cinema-le-togo-fortement-represente-au-fespaco-2025\/"},"wordCount":336,"commentCount":0,"publisher":{"@id":"https:\/\/lavoixdelanation.tg\/#organization"},"image":{"@id":"https:\/\/lavoixdelanation.tg\/index.php\/2025\/02\/11\/cinema-le-togo-fortement-represente-au-fespaco-2025\/#primaryimage"},"thumbnailUrl":"https:\/\/lavoixdelanation.tg\/wp-content\/uploads\/2025\/02\/Le-Togo-au-FESPACO-2025.jpeg","articleSection":["Culture","Soci\u00e9t\u00e9"],"inLanguage":"fr-FR","potentialAction":[{"@type":"CommentAction","name":"Comment","target":["https:\/\/lavoixdelanation.tg\/index.php\/2025\/02\/11\/cinema-le-togo-fortement-represente-au-fespaco-2025\/#respond"]}]},{"@type":"WebPage","@id":"https:\/\/lavoixdelanation.tg\/index.php\/2025\/02\/11\/cinema-le-togo-fortement-represente-au-fespaco-2025\/","url":"https:\/\/lavoixdelanation.tg\/index.php\/2025\/02\/11\/cinema-le-togo-fortement-represente-au-fespaco-2025\/","name":"Cin\u00e9ma\u00a0: Le Togo fortement repr\u00e9sent\u00e9 au FESPACO 2025 - La Voix de la Nation","isPartOf":{"@id":"https:\/\/lavoixdelanation.tg\/#website"},"primaryImageOfPage":{"@id":"https:\/\/lavoixdelanation.tg\/index.php\/2025\/02\/11\/cinema-le-togo-fortement-represente-au-fespaco-2025\/#primaryimage"},"image":{"@id":"https:\/\/lavoixdelanation.tg\/index.php\/2025\/02\/11\/cinema-le-togo-fortement-represente-au-fespaco-2025\/#primaryimage"},"thumbnailUrl":"https:\/\/lavoixdelanation.tg\/wp-content\/uploads\/2025\/02\/Le-Togo-au-FESPACO-2025.jpeg","datePublished":"2025-02-11T14:28:00+00:00","dateModified":"2025-02-11T18:36:55+00:00","breadcrumb":{"@id":"https:\/\/lavoixdelanation.tg\/index.php\/2025\/02\/11\/cinema-le-togo-fortement-represente-au-fespaco-2025\/#breadcrumb"},"inLanguage":"fr-FR","potentialAction":[{"@type":"ReadAction","target":["https:\/\/lavoixdelanation.tg\/index.php\/2025\/02\/11\/cinema-le-togo-fortement-represente-au-fespaco-2025\/"]}]},{"@type":"ImageObject","inLanguage":"fr-FR","@id":"https:\/\/lavoixdelanation.tg\/index.php\/2025\/02\/11\/cinema-le-togo-fortement-represente-au-fespaco-2025\/#primaryimage","url":"https:\/\/lavoixdelanation.tg\/wp-content\/uploads\/2025\/02\/Le-Togo-au-FESPACO-2025.jpeg","contentUrl":"https:\/\/lavoixdelanation.tg\/wp-content\/uploads\/2025\/02\/Le-Togo-au-FESPACO-2025.jpeg","width":700,"height":670,"caption":"Le Togo au FESPACO 2025"},{"@type":"BreadcrumbList","@id":"https:\/\/lavoixdelanation.tg\/index.php\/2025\/02\/11\/cinema-le-togo-fortement-represente-au-fespaco-2025\/#breadcrumb","itemListElement":[{"@type":"ListItem","position":1,"name":"Accueil","item":"https:\/\/lavoixdelanation.tg\/"},{"@type":"ListItem","position":2,"name":"Cin\u00e9ma\u00a0: Le Togo fortement repr\u00e9sent\u00e9 au FESPACO 2025"}]},{"@type":"WebSite","@id":"https:\/\/lavoixdelanation.tg\/#website","url":"https:\/\/lavoixdelanation.tg\/","name":"La Voix de la Nation","description":"R\u00e9c\u00e9piss\u00e9 n\u00b00108\/HAAC\/01-2024\/pl\/P","publisher":{"@id":"https:\/\/lavoixdelanation.tg\/#organization"},"alternateName":"VON","potentialAction":[{"@type":"SearchAction","target":{"@type":"EntryPoint","urlTemplate":"https:\/\/lavoixdelanation.tg\/?s={search_term_string}"},"query-input":{"@type":"PropertyValueSpecification","valueRequired":true,"valueName":"search_term_string"}}],"inLanguage":"fr-FR"},{"@type":"Organization","@id":"https:\/\/lavoixdelanation.tg\/#organization","name":"La Voix de la Nation","url":"https:\/\/lavoixdelanation.tg\/","logo":{"@type":"ImageObject","inLanguage":"fr-FR","@id":"https:\/\/lavoixdelanation.tg\/#\/schema\/logo\/image\/","url":"https:\/\/lavoixdelanation.tg\/wp-content\/uploads\/2024\/12\/lavn-1.png","contentUrl":"https:\/\/lavoixdelanation.tg\/wp-content\/uploads\/2024\/12\/lavn-1.png","width":1024,"height":464,"caption":"La Voix de la Nation"},"image":{"@id":"https:\/\/lavoixdelanation.tg\/#\/schema\/logo\/image\/"},"sameAs":["https:\/\/www.facebook.com\/lavoixdelanation"]},{"@type":"Person","@id":"https:\/\/lavoixdelanation.tg\/#\/schema\/person\/6c489293aa38053673a9e554acb6e224","name":"La voix de la nation","image":{"@type":"ImageObject","inLanguage":"fr-FR","@id":"https:\/\/lavoixdelanation.tg\/#\/schema\/person\/image\/","url":"https:\/\/secure.gravatar.com\/avatar\/8aa135d4bbc794494cecaa8d483f6d6cc1023624868deaff686baed5e727a5a1?s=96&d=mm&r=g","contentUrl":"https:\/\/secure.gravatar.com\/avatar\/8aa135d4bbc794494cecaa8d483f6d6cc1023624868deaff686baed5e727a5a1?s=96&d=mm&r=g","caption":"La voix de la nation"},"sameAs":["https:\/\/lavoixdelanation.tg"],"url":"https:\/\/lavoixdelanation.tg\/index.php\/author\/lavn\/"}]}},"_links":{"self":[{"href":"https:\/\/lavoixdelanation.tg\/index.php\/wp-json\/wp\/v2\/posts\/2168","targetHints":{"allow":["GET"]}}],"collection":[{"href":"https:\/\/lavoixdelanation.tg\/index.php\/wp-json\/wp\/v2\/posts"}],"about":[{"href":"https:\/\/lavoixdelanation.tg\/index.php\/wp-json\/wp\/v2\/types\/post"}],"author":[{"embeddable":true,"href":"https:\/\/lavoixdelanation.tg\/index.php\/wp-json\/wp\/v2\/users\/1"}],"replies":[{"embeddable":true,"href":"https:\/\/lavoixdelanation.tg\/index.php\/wp-json\/wp\/v2\/comments?post=2168"}],"version-history":[{"count":2,"href":"https:\/\/lavoixdelanation.tg\/index.php\/wp-json\/wp\/v2\/posts\/2168\/revisions"}],"predecessor-version":[{"id":2173,"href":"https:\/\/lavoixdelanation.tg\/index.php\/wp-json\/wp\/v2\/posts\/2168\/revisions\/2173"}],"wp:featuredmedia":[{"embeddable":true,"href":"https:\/\/lavoixdelanation.tg\/index.php\/wp-json\/wp\/v2\/media\/2169"}],"wp:attachment":[{"href":"https:\/\/lavoixdelanation.tg\/index.php\/wp-json\/wp\/v2\/media?parent=2168"}],"wp:term":[{"taxonomy":"category","embeddable":true,"href":"https:\/\/lavoixdelanation.tg\/index.php\/wp-json\/wp\/v2\/categories?post=2168"},{"taxonomy":"post_tag","embeddable":true,"href":"https:\/\/lavoixdelanation.tg\/index.php\/wp-json\/wp\/v2\/tags?post=2168"}],"curies":[{"name":"wp","href":"https:\/\/api.w.org\/{rel}","templated":true}]}}