{"id":2161,"date":"2025-02-11T18:37:01","date_gmt":"2025-02-11T17:37:01","guid":{"rendered":"https:\/\/lavoixdelanation.tg\/?p=2161"},"modified":"2025-02-11T18:37:02","modified_gmt":"2025-02-11T17:37:02","slug":"diplomatie-felix-assielou-tanon-nouvel-ambassadeur-de-la-cote-divoire-au-togo","status":"publish","type":"post","link":"https:\/\/lavoixdelanation.tg\/index.php\/2025\/02\/11\/diplomatie-felix-assielou-tanon-nouvel-ambassadeur-de-la-cote-divoire-au-togo\/","title":{"rendered":"Diplomatie\u00a0: F\u00e9lix Assielou Tanon, nouvel ambassadeur de la C\u00f4te d\u2019Ivoire au Togo"},"content":{"rendered":"\n<p><strong>La R\u00e9publique de C\u00f4te d\u2019Ivoire a un nouvel ambassadeur au Togo en la personne de F\u00e9lix Assielou Tanon.<\/strong><\/p>\n\n\n\n<p>Le diplomate a pr\u00e9sent\u00e9 ce lundi 10 f\u00e9vrier \u00e0 Lom\u00e9, la copie figur\u00e9e des lettres de cr\u00e9ance au ministre togolais des affaires \u00e9trang\u00e8res, Pr Robert Dussey.<\/p>\n\n\n\n<p>\u00ab&nbsp;J&rsquo;ai re\u00e7u les copies figur\u00e9es des lettres de cr\u00e9ance de M. F\u00e9lix Assi\u00e9lou TANON, ambassadeur d\u00e9sign\u00e9 de la R\u00e9publique s\u0153ur de C\u00f4te d&rsquo;Ivoire au Togo. Je voudrais r\u00e9it\u00e9rer la d\u00e9termination du Pr\u00e9sident de la R\u00e9publique Faure Gnassingb\u00e9 \u00e0 \u0153uvrer de concert avec le Pr\u00e9sident Alassane Ouattara de la C\u00f4te d\u2019Ivoire \u00e0 la consolidation des relations d&rsquo;amiti\u00e9 et de coop\u00e9ration unissant nos deux pays et au renforcement de l&rsquo;int\u00e9gration sous-r\u00e9gionale au service de la stabilit\u00e9 et du d\u00e9veloppement harmonieux de notre espace communautaire&nbsp;\u00bb, a indiqu\u00e9 le patron de la diplomatie togolaise sur son compte X (ex-twitter).<\/p>\n\n\n\n<p>Bas\u00e9 au Ghana, le nouveau responsable de la mission diplomatique ivoirienne au Togo aura entre autres pour mission, de poursuivre le renforcement et la diversification des relations d\u2019amiti\u00e9 et de coop\u00e9ration qui existent entre le Togo et la C\u00f4te d\u2019Ivoire.<\/p>\n\n\n\n<p><strong>Cris DADA<\/strong><\/p>\n","protected":false},"excerpt":{"rendered":"<p>La R\u00e9publique de C\u00f4te d\u2019Ivoire a un nouvel ambassadeur au Togo en la personne de F\u00e9lix Assielou Tanon. Le diplomate a pr\u00e9sent\u00e9 ce lundi 10 f\u00e9vrier \u00e0 Lom\u00e9, la copie&hellip; <\/p>\n","protected":false},"author":1,"featured_media":2162,"comment_status":"open","ping_status":"open","sticky":false,"template":"","format":"standard","meta":{"footnotes":""},"categories":[12],"tags":[],"class_list":["post-2161","post","type-post","status-publish","format-standard","has-post-thumbnail","hentry","category-diplomatie"],"yoast_head":"<!-- This site is optimized with the Yoast SEO plugin v26.4 - https:\/\/yoast.com\/wordpress\/plugins\/seo\/ -->\n<title>Diplomatie\u00a0: F\u00e9lix Assielou Tanon, nouvel ambassadeur de la C\u00f4te d\u2019Ivoire au Togo - La Voix de la Nation<\/title>\n<meta name=\"robots\" content=\"index, follow, max-snippet:-1, max-image-preview:large, max-video-preview:-1\" \/>\n<link rel=\"canonical\" href=\"https:\/\/lavoixdelanation.tg\/index.php\/2025\/02\/11\/diplomatie-felix-assielou-tanon-nouvel-ambassadeur-de-la-cote-divoire-au-togo\/\" \/>\n<meta property=\"og:locale\" content=\"fr_FR\" \/>\n<meta property=\"og:type\" content=\"article\" \/>\n<meta property=\"og:title\" content=\"Diplomatie\u00a0: F\u00e9lix Assielou Tanon, nouvel ambassadeur de la C\u00f4te d\u2019Ivoire au Togo - La Voix de la Nation\" \/>\n<meta property=\"og:description\" content=\"La R\u00e9publique de C\u00f4te d\u2019Ivoire a un nouvel ambassadeur au Togo en la personne de F\u00e9lix Assielou Tanon. Le diplomate a pr\u00e9sent\u00e9 ce lundi 10 f\u00e9vrier \u00e0 Lom\u00e9, la copie&hellip;\" \/>\n<meta property=\"og:url\" content=\"https:\/\/lavoixdelanation.tg\/index.php\/2025\/02\/11\/diplomatie-felix-assielou-tanon-nouvel-ambassadeur-de-la-cote-divoire-au-togo\/\" \/>\n<meta property=\"og:site_name\" content=\"La Voix de la Nation\" \/>\n<meta property=\"article:publisher\" content=\"https:\/\/www.facebook.com\/lavoixdelanation\" \/>\n<meta property=\"article:published_time\" content=\"2025-02-11T17:37:01+00:00\" \/>\n<meta property=\"article:modified_time\" content=\"2025-02-11T17:37:02+00:00\" \/>\n<meta property=\"og:image\" content=\"https:\/\/lavoixdelanation.tg\/wp-content\/uploads\/2025\/02\/Felix-Assielou-TANON-et-Robert-Dussey-a-Lome.jpg\" \/>\n\t<meta property=\"og:image:width\" content=\"650\" \/>\n\t<meta property=\"og:image:height\" content=\"450\" \/>\n\t<meta property=\"og:image:type\" content=\"image\/jpeg\" \/>\n<meta name=\"author\" content=\"La voix de la nation\" \/>\n<meta name=\"twitter:card\" content=\"summary_large_image\" \/>\n<meta name=\"twitter:label1\" content=\"\u00c9crit par\" \/>\n\t<meta name=\"twitter:data1\" content=\"La voix de la nation\" \/>\n\t<meta name=\"twitter:label2\" content=\"Dur\u00e9e de lecture estim\u00e9e\" \/>\n\t<meta name=\"twitter:data2\" content=\"2 minutes\" \/>\n<script type=\"application\/ld+json\" class=\"yoast-schema-graph\">{\"@context\":\"https:\/\/schema.org\",\"@graph\":[{\"@type\":\"Article\",\"@id\":\"https:\/\/lavoixdelanation.tg\/index.php\/2025\/02\/11\/diplomatie-felix-assielou-tanon-nouvel-ambassadeur-de-la-cote-divoire-au-togo\/#article\",\"isPartOf\":{\"@id\":\"https:\/\/lavoixdelanation.tg\/index.php\/2025\/02\/11\/diplomatie-felix-assielou-tanon-nouvel-ambassadeur-de-la-cote-divoire-au-togo\/\"},\"author\":{\"name\":\"La voix de la nation\",\"@id\":\"https:\/\/lavoixdelanation.tg\/#\/schema\/person\/6c489293aa38053673a9e554acb6e224\"},\"headline\":\"Diplomatie\u00a0: F\u00e9lix Assielou Tanon, nouvel ambassadeur de la C\u00f4te d\u2019Ivoire au Togo\",\"datePublished\":\"2025-02-11T17:37:01+00:00\",\"dateModified\":\"2025-02-11T17:37:02+00:00\",\"mainEntityOfPage\":{\"@id\":\"https:\/\/lavoixdelanation.tg\/index.php\/2025\/02\/11\/diplomatie-felix-assielou-tanon-nouvel-ambassadeur-de-la-cote-divoire-au-togo\/\"},\"wordCount\":232,\"commentCount\":0,\"publisher\":{\"@id\":\"https:\/\/lavoixdelanation.tg\/#organization\"},\"image\":{\"@id\":\"https:\/\/lavoixdelanation.tg\/index.php\/2025\/02\/11\/diplomatie-felix-assielou-tanon-nouvel-ambassadeur-de-la-cote-divoire-au-togo\/#primaryimage\"},\"thumbnailUrl\":\"https:\/\/lavoixdelanation.tg\/wp-content\/uploads\/2025\/02\/Felix-Assielou-TANON-et-Robert-Dussey-a-Lome.jpg\",\"articleSection\":[\"Diplomatie\"],\"inLanguage\":\"fr-FR\",\"potentialAction\":[{\"@type\":\"CommentAction\",\"name\":\"Comment\",\"target\":[\"https:\/\/lavoixdelanation.tg\/index.php\/2025\/02\/11\/diplomatie-felix-assielou-tanon-nouvel-ambassadeur-de-la-cote-divoire-au-togo\/#respond\"]}]},{\"@type\":\"WebPage\",\"@id\":\"https:\/\/lavoixdelanation.tg\/index.php\/2025\/02\/11\/diplomatie-felix-assielou-tanon-nouvel-ambassadeur-de-la-cote-divoire-au-togo\/\",\"url\":\"https:\/\/lavoixdelanation.tg\/index.php\/2025\/02\/11\/diplomatie-felix-assielou-tanon-nouvel-ambassadeur-de-la-cote-divoire-au-togo\/\",\"name\":\"Diplomatie\u00a0: F\u00e9lix Assielou Tanon, nouvel ambassadeur de la C\u00f4te d\u2019Ivoire au Togo - La Voix de la Nation\",\"isPartOf\":{\"@id\":\"https:\/\/lavoixdelanation.tg\/#website\"},\"primaryImageOfPage\":{\"@id\":\"https:\/\/lavoixdelanation.tg\/index.php\/2025\/02\/11\/diplomatie-felix-assielou-tanon-nouvel-ambassadeur-de-la-cote-divoire-au-togo\/#primaryimage\"},\"image\":{\"@id\":\"https:\/\/lavoixdelanation.tg\/index.php\/2025\/02\/11\/diplomatie-felix-assielou-tanon-nouvel-ambassadeur-de-la-cote-divoire-au-togo\/#primaryimage\"},\"thumbnailUrl\":\"https:\/\/lavoixdelanation.tg\/wp-content\/uploads\/2025\/02\/Felix-Assielou-TANON-et-Robert-Dussey-a-Lome.jpg\",\"datePublished\":\"2025-02-11T17:37:01+00:00\",\"dateModified\":\"2025-02-11T17:37:02+00:00\",\"breadcrumb\":{\"@id\":\"https:\/\/lavoixdelanation.tg\/index.php\/2025\/02\/11\/diplomatie-felix-assielou-tanon-nouvel-ambassadeur-de-la-cote-divoire-au-togo\/#breadcrumb\"},\"inLanguage\":\"fr-FR\",\"potentialAction\":[{\"@type\":\"ReadAction\",\"target\":[\"https:\/\/lavoixdelanation.tg\/index.php\/2025\/02\/11\/diplomatie-felix-assielou-tanon-nouvel-ambassadeur-de-la-cote-divoire-au-togo\/\"]}]},{\"@type\":\"ImageObject\",\"inLanguage\":\"fr-FR\",\"@id\":\"https:\/\/lavoixdelanation.tg\/index.php\/2025\/02\/11\/diplomatie-felix-assielou-tanon-nouvel-ambassadeur-de-la-cote-divoire-au-togo\/#primaryimage\",\"url\":\"https:\/\/lavoixdelanation.tg\/wp-content\/uploads\/2025\/02\/Felix-Assielou-TANON-et-Robert-Dussey-a-Lome.jpg\",\"contentUrl\":\"https:\/\/lavoixdelanation.tg\/wp-content\/uploads\/2025\/02\/Felix-Assielou-TANON-et-Robert-Dussey-a-Lome.jpg\",\"width\":650,\"height\":450,\"caption\":\"F\u00e9lix Assi\u00e9lou TANON et Robert Dussey \u00e0 Lom\u00e9\"},{\"@type\":\"BreadcrumbList\",\"@id\":\"https:\/\/lavoixdelanation.tg\/index.php\/2025\/02\/11\/diplomatie-felix-assielou-tanon-nouvel-ambassadeur-de-la-cote-divoire-au-togo\/#breadcrumb\",\"itemListElement\":[{\"@type\":\"ListItem\",\"position\":1,\"name\":\"Accueil\",\"item\":\"https:\/\/lavoixdelanation.tg\/\"},{\"@type\":\"ListItem\",\"position\":2,\"name\":\"Diplomatie\u00a0: F\u00e9lix Assielou Tanon, nouvel ambassadeur de la C\u00f4te d\u2019Ivoire au Togo\"}]},{\"@type\":\"WebSite\",\"@id\":\"https:\/\/lavoixdelanation.tg\/#website\",\"url\":\"https:\/\/lavoixdelanation.tg\/\",\"name\":\"La Voix de la Nation\",\"description\":\"R\u00e9c\u00e9piss\u00e9 n\u00b00108\/HAAC\/01-2024\/pl\/P\",\"publisher\":{\"@id\":\"https:\/\/lavoixdelanation.tg\/#organization\"},\"alternateName\":\"VON\",\"potentialAction\":[{\"@type\":\"SearchAction\",\"target\":{\"@type\":\"EntryPoint\",\"urlTemplate\":\"https:\/\/lavoixdelanation.tg\/?s={search_term_string}\"},\"query-input\":{\"@type\":\"PropertyValueSpecification\",\"valueRequired\":true,\"valueName\":\"search_term_string\"}}],\"inLanguage\":\"fr-FR\"},{\"@type\":\"Organization\",\"@id\":\"https:\/\/lavoixdelanation.tg\/#organization\",\"name\":\"La Voix de la Nation\",\"url\":\"https:\/\/lavoixdelanation.tg\/\",\"logo\":{\"@type\":\"ImageObject\",\"inLanguage\":\"fr-FR\",\"@id\":\"https:\/\/lavoixdelanation.tg\/#\/schema\/logo\/image\/\",\"url\":\"https:\/\/lavoixdelanation.tg\/wp-content\/uploads\/2024\/12\/lavn-1.png\",\"contentUrl\":\"https:\/\/lavoixdelanation.tg\/wp-content\/uploads\/2024\/12\/lavn-1.png\",\"width\":1024,\"height\":464,\"caption\":\"La Voix de la Nation\"},\"image\":{\"@id\":\"https:\/\/lavoixdelanation.tg\/#\/schema\/logo\/image\/\"},\"sameAs\":[\"https:\/\/www.facebook.com\/lavoixdelanation\"]},{\"@type\":\"Person\",\"@id\":\"https:\/\/lavoixdelanation.tg\/#\/schema\/person\/6c489293aa38053673a9e554acb6e224\",\"name\":\"La voix de la nation\",\"image\":{\"@type\":\"ImageObject\",\"inLanguage\":\"fr-FR\",\"@id\":\"https:\/\/lavoixdelanation.tg\/#\/schema\/person\/image\/\",\"url\":\"https:\/\/secure.gravatar.com\/avatar\/8aa135d4bbc794494cecaa8d483f6d6cc1023624868deaff686baed5e727a5a1?s=96&d=mm&r=g\",\"contentUrl\":\"https:\/\/secure.gravatar.com\/avatar\/8aa135d4bbc794494cecaa8d483f6d6cc1023624868deaff686baed5e727a5a1?s=96&d=mm&r=g\",\"caption\":\"La voix de la nation\"},\"sameAs\":[\"https:\/\/lavoixdelanation.tg\"],\"url\":\"https:\/\/lavoixdelanation.tg\/index.php\/author\/lavn\/\"}]}<\/script>\n<!-- \/ Yoast SEO plugin. -->","yoast_head_json":{"title":"Diplomatie\u00a0: F\u00e9lix Assielou Tanon, nouvel ambassadeur de la C\u00f4te d\u2019Ivoire au Togo - La Voix de la Nation","robots":{"index":"index","follow":"follow","max-snippet":"max-snippet:-1","max-image-preview":"max-image-preview:large","max-video-preview":"max-video-preview:-1"},"canonical":"https:\/\/lavoixdelanation.tg\/index.php\/2025\/02\/11\/diplomatie-felix-assielou-tanon-nouvel-ambassadeur-de-la-cote-divoire-au-togo\/","og_locale":"fr_FR","og_type":"article","og_title":"Diplomatie\u00a0: F\u00e9lix Assielou Tanon, nouvel ambassadeur de la C\u00f4te d\u2019Ivoire au Togo - La Voix de la Nation","og_description":"La R\u00e9publique de C\u00f4te d\u2019Ivoire a un nouvel ambassadeur au Togo en la personne de F\u00e9lix Assielou Tanon. Le diplomate a pr\u00e9sent\u00e9 ce lundi 10 f\u00e9vrier \u00e0 Lom\u00e9, la copie&hellip;","og_url":"https:\/\/lavoixdelanation.tg\/index.php\/2025\/02\/11\/diplomatie-felix-assielou-tanon-nouvel-ambassadeur-de-la-cote-divoire-au-togo\/","og_site_name":"La Voix de la Nation","article_publisher":"https:\/\/www.facebook.com\/lavoixdelanation","article_published_time":"2025-02-11T17:37:01+00:00","article_modified_time":"2025-02-11T17:37:02+00:00","og_image":[{"width":650,"height":450,"url":"https:\/\/lavoixdelanation.tg\/wp-content\/uploads\/2025\/02\/Felix-Assielou-TANON-et-Robert-Dussey-a-Lome.jpg","type":"image\/jpeg"}],"author":"La voix de la nation","twitter_card":"summary_large_image","twitter_misc":{"\u00c9crit par":"La voix de la nation","Dur\u00e9e de lecture estim\u00e9e":"2 minutes"},"schema":{"@context":"https:\/\/schema.org","@graph":[{"@type":"Article","@id":"https:\/\/lavoixdelanation.tg\/index.php\/2025\/02\/11\/diplomatie-felix-assielou-tanon-nouvel-ambassadeur-de-la-cote-divoire-au-togo\/#article","isPartOf":{"@id":"https:\/\/lavoixdelanation.tg\/index.php\/2025\/02\/11\/diplomatie-felix-assielou-tanon-nouvel-ambassadeur-de-la-cote-divoire-au-togo\/"},"author":{"name":"La voix de la nation","@id":"https:\/\/lavoixdelanation.tg\/#\/schema\/person\/6c489293aa38053673a9e554acb6e224"},"headline":"Diplomatie\u00a0: F\u00e9lix Assielou Tanon, nouvel ambassadeur de la C\u00f4te d\u2019Ivoire au Togo","datePublished":"2025-02-11T17:37:01+00:00","dateModified":"2025-02-11T17:37:02+00:00","mainEntityOfPage":{"@id":"https:\/\/lavoixdelanation.tg\/index.php\/2025\/02\/11\/diplomatie-felix-assielou-tanon-nouvel-ambassadeur-de-la-cote-divoire-au-togo\/"},"wordCount":232,"commentCount":0,"publisher":{"@id":"https:\/\/lavoixdelanation.tg\/#organization"},"image":{"@id":"https:\/\/lavoixdelanation.tg\/index.php\/2025\/02\/11\/diplomatie-felix-assielou-tanon-nouvel-ambassadeur-de-la-cote-divoire-au-togo\/#primaryimage"},"thumbnailUrl":"https:\/\/lavoixdelanation.tg\/wp-content\/uploads\/2025\/02\/Felix-Assielou-TANON-et-Robert-Dussey-a-Lome.jpg","articleSection":["Diplomatie"],"inLanguage":"fr-FR","potentialAction":[{"@type":"CommentAction","name":"Comment","target":["https:\/\/lavoixdelanation.tg\/index.php\/2025\/02\/11\/diplomatie-felix-assielou-tanon-nouvel-ambassadeur-de-la-cote-divoire-au-togo\/#respond"]}]},{"@type":"WebPage","@id":"https:\/\/lavoixdelanation.tg\/index.php\/2025\/02\/11\/diplomatie-felix-assielou-tanon-nouvel-ambassadeur-de-la-cote-divoire-au-togo\/","url":"https:\/\/lavoixdelanation.tg\/index.php\/2025\/02\/11\/diplomatie-felix-assielou-tanon-nouvel-ambassadeur-de-la-cote-divoire-au-togo\/","name":"Diplomatie\u00a0: F\u00e9lix Assielou Tanon, nouvel ambassadeur de la C\u00f4te d\u2019Ivoire au Togo - La Voix de la Nation","isPartOf":{"@id":"https:\/\/lavoixdelanation.tg\/#website"},"primaryImageOfPage":{"@id":"https:\/\/lavoixdelanation.tg\/index.php\/2025\/02\/11\/diplomatie-felix-assielou-tanon-nouvel-ambassadeur-de-la-cote-divoire-au-togo\/#primaryimage"},"image":{"@id":"https:\/\/lavoixdelanation.tg\/index.php\/2025\/02\/11\/diplomatie-felix-assielou-tanon-nouvel-ambassadeur-de-la-cote-divoire-au-togo\/#primaryimage"},"thumbnailUrl":"https:\/\/lavoixdelanation.tg\/wp-content\/uploads\/2025\/02\/Felix-Assielou-TANON-et-Robert-Dussey-a-Lome.jpg","datePublished":"2025-02-11T17:37:01+00:00","dateModified":"2025-02-11T17:37:02+00:00","breadcrumb":{"@id":"https:\/\/lavoixdelanation.tg\/index.php\/2025\/02\/11\/diplomatie-felix-assielou-tanon-nouvel-ambassadeur-de-la-cote-divoire-au-togo\/#breadcrumb"},"inLanguage":"fr-FR","potentialAction":[{"@type":"ReadAction","target":["https:\/\/lavoixdelanation.tg\/index.php\/2025\/02\/11\/diplomatie-felix-assielou-tanon-nouvel-ambassadeur-de-la-cote-divoire-au-togo\/"]}]},{"@type":"ImageObject","inLanguage":"fr-FR","@id":"https:\/\/lavoixdelanation.tg\/index.php\/2025\/02\/11\/diplomatie-felix-assielou-tanon-nouvel-ambassadeur-de-la-cote-divoire-au-togo\/#primaryimage","url":"https:\/\/lavoixdelanation.tg\/wp-content\/uploads\/2025\/02\/Felix-Assielou-TANON-et-Robert-Dussey-a-Lome.jpg","contentUrl":"https:\/\/lavoixdelanation.tg\/wp-content\/uploads\/2025\/02\/Felix-Assielou-TANON-et-Robert-Dussey-a-Lome.jpg","width":650,"height":450,"caption":"F\u00e9lix Assi\u00e9lou TANON et Robert Dussey \u00e0 Lom\u00e9"},{"@type":"BreadcrumbList","@id":"https:\/\/lavoixdelanation.tg\/index.php\/2025\/02\/11\/diplomatie-felix-assielou-tanon-nouvel-ambassadeur-de-la-cote-divoire-au-togo\/#breadcrumb","itemListElement":[{"@type":"ListItem","position":1,"name":"Accueil","item":"https:\/\/lavoixdelanation.tg\/"},{"@type":"ListItem","position":2,"name":"Diplomatie\u00a0: F\u00e9lix Assielou Tanon, nouvel ambassadeur de la C\u00f4te d\u2019Ivoire au Togo"}]},{"@type":"WebSite","@id":"https:\/\/lavoixdelanation.tg\/#website","url":"https:\/\/lavoixdelanation.tg\/","name":"La Voix de la Nation","description":"R\u00e9c\u00e9piss\u00e9 n\u00b00108\/HAAC\/01-2024\/pl\/P","publisher":{"@id":"https:\/\/lavoixdelanation.tg\/#organization"},"alternateName":"VON","potentialAction":[{"@type":"SearchAction","target":{"@type":"EntryPoint","urlTemplate":"https:\/\/lavoixdelanation.tg\/?s={search_term_string}"},"query-input":{"@type":"PropertyValueSpecification","valueRequired":true,"valueName":"search_term_string"}}],"inLanguage":"fr-FR"},{"@type":"Organization","@id":"https:\/\/lavoixdelanation.tg\/#organization","name":"La Voix de la Nation","url":"https:\/\/lavoixdelanation.tg\/","logo":{"@type":"ImageObject","inLanguage":"fr-FR","@id":"https:\/\/lavoixdelanation.tg\/#\/schema\/logo\/image\/","url":"https:\/\/lavoixdelanation.tg\/wp-content\/uploads\/2024\/12\/lavn-1.png","contentUrl":"https:\/\/lavoixdelanation.tg\/wp-content\/uploads\/2024\/12\/lavn-1.png","width":1024,"height":464,"caption":"La Voix de la Nation"},"image":{"@id":"https:\/\/lavoixdelanation.tg\/#\/schema\/logo\/image\/"},"sameAs":["https:\/\/www.facebook.com\/lavoixdelanation"]},{"@type":"Person","@id":"https:\/\/lavoixdelanation.tg\/#\/schema\/person\/6c489293aa38053673a9e554acb6e224","name":"La voix de la nation","image":{"@type":"ImageObject","inLanguage":"fr-FR","@id":"https:\/\/lavoixdelanation.tg\/#\/schema\/person\/image\/","url":"https:\/\/secure.gravatar.com\/avatar\/8aa135d4bbc794494cecaa8d483f6d6cc1023624868deaff686baed5e727a5a1?s=96&d=mm&r=g","contentUrl":"https:\/\/secure.gravatar.com\/avatar\/8aa135d4bbc794494cecaa8d483f6d6cc1023624868deaff686baed5e727a5a1?s=96&d=mm&r=g","caption":"La voix de la nation"},"sameAs":["https:\/\/lavoixdelanation.tg"],"url":"https:\/\/lavoixdelanation.tg\/index.php\/author\/lavn\/"}]}},"_links":{"self":[{"href":"https:\/\/lavoixdelanation.tg\/index.php\/wp-json\/wp\/v2\/posts\/2161","targetHints":{"allow":["GET"]}}],"collection":[{"href":"https:\/\/lavoixdelanation.tg\/index.php\/wp-json\/wp\/v2\/posts"}],"about":[{"href":"https:\/\/lavoixdelanation.tg\/index.php\/wp-json\/wp\/v2\/types\/post"}],"author":[{"embeddable":true,"href":"https:\/\/lavoixdelanation.tg\/index.php\/wp-json\/wp\/v2\/users\/1"}],"replies":[{"embeddable":true,"href":"https:\/\/lavoixdelanation.tg\/index.php\/wp-json\/wp\/v2\/comments?post=2161"}],"version-history":[{"count":1,"href":"https:\/\/lavoixdelanation.tg\/index.php\/wp-json\/wp\/v2\/posts\/2161\/revisions"}],"predecessor-version":[{"id":2163,"href":"https:\/\/lavoixdelanation.tg\/index.php\/wp-json\/wp\/v2\/posts\/2161\/revisions\/2163"}],"wp:featuredmedia":[{"embeddable":true,"href":"https:\/\/lavoixdelanation.tg\/index.php\/wp-json\/wp\/v2\/media\/2162"}],"wp:attachment":[{"href":"https:\/\/lavoixdelanation.tg\/index.php\/wp-json\/wp\/v2\/media?parent=2161"}],"wp:term":[{"taxonomy":"category","embeddable":true,"href":"https:\/\/lavoixdelanation.tg\/index.php\/wp-json\/wp\/v2\/categories?post=2161"},{"taxonomy":"post_tag","embeddable":true,"href":"https:\/\/lavoixdelanation.tg\/index.php\/wp-json\/wp\/v2\/tags?post=2161"}],"curies":[{"name":"wp","href":"https:\/\/api.w.org\/{rel}","templated":true}]}}