{"id":2154,"date":"2025-02-11T10:09:32","date_gmt":"2025-02-11T09:09:32","guid":{"rendered":"https:\/\/lavoixdelanation.tg\/?p=2154"},"modified":"2025-02-11T10:11:56","modified_gmt":"2025-02-11T09:11:56","slug":"senatoriales-unir-a-la-rencontre-des-leaders-communautaires-du-grand-lome","status":"publish","type":"post","link":"https:\/\/lavoixdelanation.tg\/index.php\/2025\/02\/11\/senatoriales-unir-a-la-rencontre-des-leaders-communautaires-du-grand-lome\/","title":{"rendered":"Campagne pour les s\u00e9natoriales : UNIR \u00e0 la rencontre des leaders communautaires du Grand-Lom\u00e9"},"content":{"rendered":"\n<p><strong>Les enjeux et d\u00e9fis des prochaines \u00e9lections s\u00e9natoriales au Togo en rapport avec la 5\u00e8me R\u00e9publique \u00e9taient au centre d\u2019une rencontre d\u2019\u00e9changes entre une d\u00e9l\u00e9gation du parti Union pour la R\u00e9publique (UNIR) les leaders communautaires des 13 communes du Grand-Lom\u00e9.<\/strong><\/p>\n\n\n\n<p>Ces \u00e9changes initi\u00e9s par UNIR, s\u2019inscrit notamment dans le cadre de la campagne \u00e9lectorale des prochaines \u00e9lections s\u00e9natoriales du 15 f\u00e9vrier 2025.<\/p>\n\n\n\n<p>La d\u00e9l\u00e9gation est conduite par la Vice-pr\u00e9sidente UNIR en charge du Grand-Lom\u00e9, Ibrahima M\u00e9mounatou, entour\u00e9e de certains cadres et responsables du parti dont les Ministres Pascal Bodjona, Gilbert Bawara, Kanka-Malik Natchaba, Kayi Mivedor, les honorables d\u00e9put\u00e9s Wona Germain, Raymonde Kayi Lawson, Adanl\u00e9t\u00e9 Akoel\u00e9, Myriam Dossou d\u2019Almeida, Dzr\u00e9k\u00e9 Ayao, Adambounou Kovi et Passiw\u00e8 Hessou.<\/p>\n\n\n\n<p>Les \u00e9changes ont connu la participation des chefs traditionnels, des responsables des Comit\u00e9s Cantonaux de D\u00e9veloppement (CCD), des Comit\u00e9s Villageois de D\u00e9veloppement (CVD), des Comit\u00e9s de D\u00e9veloppement des Quartiers (CDQ) et des leaders religieux.<\/p>\n\n\n\n<p>\u00ab Nous avons davantage expliqu\u00e9 la 5\u00e8me R\u00e9publique et toutes les implications notamment le s\u00e9nat\u2026 Le message est bien pass\u00e9. Nous avons r\u00e9pondu aux pr\u00e9occupations des citoyens \u00bb, a indiqu\u00e9 Mme Ibrahima M\u00e9mounatou.<\/p>\n\n\n\n<p>Les diff\u00e9rents intervenants ont insist\u00e9 sur la d\u00e9finition du s\u00e9nateur et son r\u00f4le, les enjeux et d\u00e9fis de la 5\u00e8me R\u00e9publique ainsi que les objectifs des \u00e9lections s\u00e9natoriales.<\/p>\n\n\n\n<figure class=\"wp-block-image size-large\"><img loading=\"lazy\" decoding=\"async\" width=\"1024\" height=\"576\" src=\"https:\/\/lavoixdelanation.tg\/wp-content\/uploads\/2025\/02\/UNIR-Grand-Lome-1024x576.jpg\" alt=\"\" class=\"wp-image-2157\" srcset=\"https:\/\/lavoixdelanation.tg\/wp-content\/uploads\/2025\/02\/UNIR-Grand-Lome-1024x576.jpg 1024w, https:\/\/lavoixdelanation.tg\/wp-content\/uploads\/2025\/02\/UNIR-Grand-Lome-300x169.jpg 300w, https:\/\/lavoixdelanation.tg\/wp-content\/uploads\/2025\/02\/UNIR-Grand-Lome-768x432.jpg 768w, https:\/\/lavoixdelanation.tg\/wp-content\/uploads\/2025\/02\/UNIR-Grand-Lome.jpg 1080w\" sizes=\"auto, (max-width: 1024px) 100vw, 1024px\" \/><\/figure>\n\n\n\n<p>\u00ab Un des objectifs de la nouvelle constitution, c\u2019est d\u2019amener les populations sans les obliger, \u00e0 comprendre que pour acc\u00e9der au pouvoir, il faut avoir des partis politiques qui ont un caract\u00e8re national \u00bb, a fait savoir Gilbert Bawara.<\/p>\n\n\n\n<p>\u00ab Cette r\u00e9forme va dans le sens de l\u2019unit\u00e9 et de la coh\u00e9sion \u00bb, a-t-il pr\u00e9cis\u00e9.<\/p>\n\n\n\n<p>\u00ab Cette \u00e9lection va venir consolider l\u2019installation de la 5\u00e8me R\u00e9publique avec l\u2019Assembl\u00e9e nationale qui est d\u00e9j\u00e0 l\u00e0. Ces deux institutions qui formeront le Parlement auront ensuite la lourde responsabilit\u00e9 d\u2019\u00e9lire le Pr\u00e9sident de la R\u00e9publique \u00bb, a pour sa part expliqu\u00e9 Kanka-Malik Natchaba, \u00e9voquant une \u00ab&nbsp;\u00e9lection historique \u00e0 double titre&nbsp;\u00bb.<\/p>\n\n\n\n<p>Les rencontres se poursuivent dans les treize (13) communes du Grand-Lom\u00e9 pour le m\u00eame exercice. Il faut souligner que pour le part UNIR, l\u2019objectif est de gagner les quatre (4) si\u00e8ges de s\u00e9nateurs dans le Grand-Lom\u00e9.<\/p>\n\n\n\n<p><strong>La R\u00e9daction<a href=\"https:\/\/unir.tg\/wp-content\/uploads\/2025\/02\/WhatsApp-Image-2025-02-10-at-19.31.54.jpeg\"><br><\/a><\/strong><\/p>\n","protected":false},"excerpt":{"rendered":"<p>Les enjeux et d\u00e9fis des prochaines \u00e9lections s\u00e9natoriales au Togo en rapport avec la 5\u00e8me R\u00e9publique \u00e9taient au centre d\u2019une rencontre d\u2019\u00e9changes entre une d\u00e9l\u00e9gation du parti Union pour la&hellip; <\/p>\n","protected":false},"author":1,"featured_media":2155,"comment_status":"open","ping_status":"open","sticky":false,"template":"","format":"standard","meta":{"footnotes":""},"categories":[21],"tags":[],"class_list":["post-2154","post","type-post","status-publish","format-standard","has-post-thumbnail","hentry","category-politique"],"yoast_head":"<!-- This site is optimized with the Yoast SEO plugin v26.4 - https:\/\/yoast.com\/wordpress\/plugins\/seo\/ -->\n<title>Campagne pour les s\u00e9natoriales : UNIR \u00e0 la rencontre des leaders communautaires du Grand-Lom\u00e9 - La Voix de la Nation<\/title>\n<meta name=\"robots\" content=\"index, follow, max-snippet:-1, max-image-preview:large, max-video-preview:-1\" \/>\n<link rel=\"canonical\" href=\"https:\/\/lavoixdelanation.tg\/index.php\/2025\/02\/11\/senatoriales-unir-a-la-rencontre-des-leaders-communautaires-du-grand-lome\/\" \/>\n<meta property=\"og:locale\" content=\"fr_FR\" \/>\n<meta property=\"og:type\" content=\"article\" \/>\n<meta property=\"og:title\" content=\"Campagne pour les s\u00e9natoriales : UNIR \u00e0 la rencontre des leaders communautaires du Grand-Lom\u00e9 - La Voix de la Nation\" \/>\n<meta property=\"og:description\" content=\"Les enjeux et d\u00e9fis des prochaines \u00e9lections s\u00e9natoriales au Togo en rapport avec la 5\u00e8me R\u00e9publique \u00e9taient au centre d\u2019une rencontre d\u2019\u00e9changes entre une d\u00e9l\u00e9gation du parti Union pour la&hellip;\" \/>\n<meta property=\"og:url\" content=\"https:\/\/lavoixdelanation.tg\/index.php\/2025\/02\/11\/senatoriales-unir-a-la-rencontre-des-leaders-communautaires-du-grand-lome\/\" \/>\n<meta property=\"og:site_name\" content=\"La Voix de la Nation\" \/>\n<meta property=\"article:publisher\" content=\"https:\/\/www.facebook.com\/lavoixdelanation\" \/>\n<meta property=\"article:published_time\" content=\"2025-02-11T09:09:32+00:00\" \/>\n<meta property=\"article:modified_time\" content=\"2025-02-11T09:11:56+00:00\" \/>\n<meta property=\"og:image\" content=\"https:\/\/lavoixdelanation.tg\/wp-content\/uploads\/2025\/02\/Mme-Ibrahima-Memounatou-au-micro-Vice-presidente-UNIR-en-charge-du-Grand-Lome.jpeg\" \/>\n\t<meta property=\"og:image:width\" content=\"1080\" \/>\n\t<meta property=\"og:image:height\" content=\"607\" \/>\n\t<meta property=\"og:image:type\" content=\"image\/jpeg\" \/>\n<meta name=\"author\" content=\"La voix de la nation\" \/>\n<meta name=\"twitter:card\" content=\"summary_large_image\" \/>\n<meta name=\"twitter:label1\" content=\"\u00c9crit par\" \/>\n\t<meta name=\"twitter:data1\" content=\"La voix de la nation\" \/>\n\t<meta name=\"twitter:label2\" content=\"Dur\u00e9e de lecture estim\u00e9e\" \/>\n\t<meta name=\"twitter:data2\" content=\"1 minute\" \/>\n<script type=\"application\/ld+json\" class=\"yoast-schema-graph\">{\"@context\":\"https:\/\/schema.org\",\"@graph\":[{\"@type\":\"Article\",\"@id\":\"https:\/\/lavoixdelanation.tg\/index.php\/2025\/02\/11\/senatoriales-unir-a-la-rencontre-des-leaders-communautaires-du-grand-lome\/#article\",\"isPartOf\":{\"@id\":\"https:\/\/lavoixdelanation.tg\/index.php\/2025\/02\/11\/senatoriales-unir-a-la-rencontre-des-leaders-communautaires-du-grand-lome\/\"},\"author\":{\"name\":\"La voix de la nation\",\"@id\":\"https:\/\/lavoixdelanation.tg\/#\/schema\/person\/6c489293aa38053673a9e554acb6e224\"},\"headline\":\"Campagne pour les s\u00e9natoriales : UNIR \u00e0 la rencontre des leaders communautaires du Grand-Lom\u00e9\",\"datePublished\":\"2025-02-11T09:09:32+00:00\",\"dateModified\":\"2025-02-11T09:11:56+00:00\",\"mainEntityOfPage\":{\"@id\":\"https:\/\/lavoixdelanation.tg\/index.php\/2025\/02\/11\/senatoriales-unir-a-la-rencontre-des-leaders-communautaires-du-grand-lome\/\"},\"wordCount\":415,\"commentCount\":0,\"publisher\":{\"@id\":\"https:\/\/lavoixdelanation.tg\/#organization\"},\"image\":{\"@id\":\"https:\/\/lavoixdelanation.tg\/index.php\/2025\/02\/11\/senatoriales-unir-a-la-rencontre-des-leaders-communautaires-du-grand-lome\/#primaryimage\"},\"thumbnailUrl\":\"https:\/\/lavoixdelanation.tg\/wp-content\/uploads\/2025\/02\/Mme-Ibrahima-Memounatou-au-micro-Vice-presidente-UNIR-en-charge-du-Grand-Lome.jpeg\",\"articleSection\":[\"Politique\"],\"inLanguage\":\"fr-FR\",\"potentialAction\":[{\"@type\":\"CommentAction\",\"name\":\"Comment\",\"target\":[\"https:\/\/lavoixdelanation.tg\/index.php\/2025\/02\/11\/senatoriales-unir-a-la-rencontre-des-leaders-communautaires-du-grand-lome\/#respond\"]}]},{\"@type\":\"WebPage\",\"@id\":\"https:\/\/lavoixdelanation.tg\/index.php\/2025\/02\/11\/senatoriales-unir-a-la-rencontre-des-leaders-communautaires-du-grand-lome\/\",\"url\":\"https:\/\/lavoixdelanation.tg\/index.php\/2025\/02\/11\/senatoriales-unir-a-la-rencontre-des-leaders-communautaires-du-grand-lome\/\",\"name\":\"Campagne pour les s\u00e9natoriales : UNIR \u00e0 la rencontre des leaders communautaires du Grand-Lom\u00e9 - La Voix de la Nation\",\"isPartOf\":{\"@id\":\"https:\/\/lavoixdelanation.tg\/#website\"},\"primaryImageOfPage\":{\"@id\":\"https:\/\/lavoixdelanation.tg\/index.php\/2025\/02\/11\/senatoriales-unir-a-la-rencontre-des-leaders-communautaires-du-grand-lome\/#primaryimage\"},\"image\":{\"@id\":\"https:\/\/lavoixdelanation.tg\/index.php\/2025\/02\/11\/senatoriales-unir-a-la-rencontre-des-leaders-communautaires-du-grand-lome\/#primaryimage\"},\"thumbnailUrl\":\"https:\/\/lavoixdelanation.tg\/wp-content\/uploads\/2025\/02\/Mme-Ibrahima-Memounatou-au-micro-Vice-presidente-UNIR-en-charge-du-Grand-Lome.jpeg\",\"datePublished\":\"2025-02-11T09:09:32+00:00\",\"dateModified\":\"2025-02-11T09:11:56+00:00\",\"breadcrumb\":{\"@id\":\"https:\/\/lavoixdelanation.tg\/index.php\/2025\/02\/11\/senatoriales-unir-a-la-rencontre-des-leaders-communautaires-du-grand-lome\/#breadcrumb\"},\"inLanguage\":\"fr-FR\",\"potentialAction\":[{\"@type\":\"ReadAction\",\"target\":[\"https:\/\/lavoixdelanation.tg\/index.php\/2025\/02\/11\/senatoriales-unir-a-la-rencontre-des-leaders-communautaires-du-grand-lome\/\"]}]},{\"@type\":\"ImageObject\",\"inLanguage\":\"fr-FR\",\"@id\":\"https:\/\/lavoixdelanation.tg\/index.php\/2025\/02\/11\/senatoriales-unir-a-la-rencontre-des-leaders-communautaires-du-grand-lome\/#primaryimage\",\"url\":\"https:\/\/lavoixdelanation.tg\/wp-content\/uploads\/2025\/02\/Mme-Ibrahima-Memounatou-au-micro-Vice-presidente-UNIR-en-charge-du-Grand-Lome.jpeg\",\"contentUrl\":\"https:\/\/lavoixdelanation.tg\/wp-content\/uploads\/2025\/02\/Mme-Ibrahima-Memounatou-au-micro-Vice-presidente-UNIR-en-charge-du-Grand-Lome.jpeg\",\"width\":1080,\"height\":607,\"caption\":\"Mme Ibrahima M\u00e9mounatou (au micro), Vice-pr\u00e9sidente UNIR en charge du Grand-Lom\u00e9\"},{\"@type\":\"BreadcrumbList\",\"@id\":\"https:\/\/lavoixdelanation.tg\/index.php\/2025\/02\/11\/senatoriales-unir-a-la-rencontre-des-leaders-communautaires-du-grand-lome\/#breadcrumb\",\"itemListElement\":[{\"@type\":\"ListItem\",\"position\":1,\"name\":\"Accueil\",\"item\":\"https:\/\/lavoixdelanation.tg\/\"},{\"@type\":\"ListItem\",\"position\":2,\"name\":\"Campagne pour les s\u00e9natoriales : UNIR \u00e0 la rencontre des leaders communautaires du Grand-Lom\u00e9\"}]},{\"@type\":\"WebSite\",\"@id\":\"https:\/\/lavoixdelanation.tg\/#website\",\"url\":\"https:\/\/lavoixdelanation.tg\/\",\"name\":\"La Voix de la Nation\",\"description\":\"R\u00e9c\u00e9piss\u00e9 n\u00b00108\/HAAC\/01-2024\/pl\/P\",\"publisher\":{\"@id\":\"https:\/\/lavoixdelanation.tg\/#organization\"},\"alternateName\":\"VON\",\"potentialAction\":[{\"@type\":\"SearchAction\",\"target\":{\"@type\":\"EntryPoint\",\"urlTemplate\":\"https:\/\/lavoixdelanation.tg\/?s={search_term_string}\"},\"query-input\":{\"@type\":\"PropertyValueSpecification\",\"valueRequired\":true,\"valueName\":\"search_term_string\"}}],\"inLanguage\":\"fr-FR\"},{\"@type\":\"Organization\",\"@id\":\"https:\/\/lavoixdelanation.tg\/#organization\",\"name\":\"La Voix de la Nation\",\"url\":\"https:\/\/lavoixdelanation.tg\/\",\"logo\":{\"@type\":\"ImageObject\",\"inLanguage\":\"fr-FR\",\"@id\":\"https:\/\/lavoixdelanation.tg\/#\/schema\/logo\/image\/\",\"url\":\"https:\/\/lavoixdelanation.tg\/wp-content\/uploads\/2024\/12\/lavn-1.png\",\"contentUrl\":\"https:\/\/lavoixdelanation.tg\/wp-content\/uploads\/2024\/12\/lavn-1.png\",\"width\":1024,\"height\":464,\"caption\":\"La Voix de la Nation\"},\"image\":{\"@id\":\"https:\/\/lavoixdelanation.tg\/#\/schema\/logo\/image\/\"},\"sameAs\":[\"https:\/\/www.facebook.com\/lavoixdelanation\"]},{\"@type\":\"Person\",\"@id\":\"https:\/\/lavoixdelanation.tg\/#\/schema\/person\/6c489293aa38053673a9e554acb6e224\",\"name\":\"La voix de la nation\",\"image\":{\"@type\":\"ImageObject\",\"inLanguage\":\"fr-FR\",\"@id\":\"https:\/\/lavoixdelanation.tg\/#\/schema\/person\/image\/\",\"url\":\"https:\/\/secure.gravatar.com\/avatar\/8aa135d4bbc794494cecaa8d483f6d6cc1023624868deaff686baed5e727a5a1?s=96&d=mm&r=g\",\"contentUrl\":\"https:\/\/secure.gravatar.com\/avatar\/8aa135d4bbc794494cecaa8d483f6d6cc1023624868deaff686baed5e727a5a1?s=96&d=mm&r=g\",\"caption\":\"La voix de la nation\"},\"sameAs\":[\"https:\/\/lavoixdelanation.tg\"],\"url\":\"https:\/\/lavoixdelanation.tg\/index.php\/author\/lavn\/\"}]}<\/script>\n<!-- \/ Yoast SEO plugin. -->","yoast_head_json":{"title":"Campagne pour les s\u00e9natoriales : UNIR \u00e0 la rencontre des leaders communautaires du Grand-Lom\u00e9 - La Voix de la Nation","robots":{"index":"index","follow":"follow","max-snippet":"max-snippet:-1","max-image-preview":"max-image-preview:large","max-video-preview":"max-video-preview:-1"},"canonical":"https:\/\/lavoixdelanation.tg\/index.php\/2025\/02\/11\/senatoriales-unir-a-la-rencontre-des-leaders-communautaires-du-grand-lome\/","og_locale":"fr_FR","og_type":"article","og_title":"Campagne pour les s\u00e9natoriales : UNIR \u00e0 la rencontre des leaders communautaires du Grand-Lom\u00e9 - La Voix de la Nation","og_description":"Les enjeux et d\u00e9fis des prochaines \u00e9lections s\u00e9natoriales au Togo en rapport avec la 5\u00e8me R\u00e9publique \u00e9taient au centre d\u2019une rencontre d\u2019\u00e9changes entre une d\u00e9l\u00e9gation du parti Union pour la&hellip;","og_url":"https:\/\/lavoixdelanation.tg\/index.php\/2025\/02\/11\/senatoriales-unir-a-la-rencontre-des-leaders-communautaires-du-grand-lome\/","og_site_name":"La Voix de la Nation","article_publisher":"https:\/\/www.facebook.com\/lavoixdelanation","article_published_time":"2025-02-11T09:09:32+00:00","article_modified_time":"2025-02-11T09:11:56+00:00","og_image":[{"width":1080,"height":607,"url":"https:\/\/lavoixdelanation.tg\/wp-content\/uploads\/2025\/02\/Mme-Ibrahima-Memounatou-au-micro-Vice-presidente-UNIR-en-charge-du-Grand-Lome.jpeg","type":"image\/jpeg"}],"author":"La voix de la nation","twitter_card":"summary_large_image","twitter_misc":{"\u00c9crit par":"La voix de la nation","Dur\u00e9e de lecture estim\u00e9e":"1 minute"},"schema":{"@context":"https:\/\/schema.org","@graph":[{"@type":"Article","@id":"https:\/\/lavoixdelanation.tg\/index.php\/2025\/02\/11\/senatoriales-unir-a-la-rencontre-des-leaders-communautaires-du-grand-lome\/#article","isPartOf":{"@id":"https:\/\/lavoixdelanation.tg\/index.php\/2025\/02\/11\/senatoriales-unir-a-la-rencontre-des-leaders-communautaires-du-grand-lome\/"},"author":{"name":"La voix de la nation","@id":"https:\/\/lavoixdelanation.tg\/#\/schema\/person\/6c489293aa38053673a9e554acb6e224"},"headline":"Campagne pour les s\u00e9natoriales : UNIR \u00e0 la rencontre des leaders communautaires du Grand-Lom\u00e9","datePublished":"2025-02-11T09:09:32+00:00","dateModified":"2025-02-11T09:11:56+00:00","mainEntityOfPage":{"@id":"https:\/\/lavoixdelanation.tg\/index.php\/2025\/02\/11\/senatoriales-unir-a-la-rencontre-des-leaders-communautaires-du-grand-lome\/"},"wordCount":415,"commentCount":0,"publisher":{"@id":"https:\/\/lavoixdelanation.tg\/#organization"},"image":{"@id":"https:\/\/lavoixdelanation.tg\/index.php\/2025\/02\/11\/senatoriales-unir-a-la-rencontre-des-leaders-communautaires-du-grand-lome\/#primaryimage"},"thumbnailUrl":"https:\/\/lavoixdelanation.tg\/wp-content\/uploads\/2025\/02\/Mme-Ibrahima-Memounatou-au-micro-Vice-presidente-UNIR-en-charge-du-Grand-Lome.jpeg","articleSection":["Politique"],"inLanguage":"fr-FR","potentialAction":[{"@type":"CommentAction","name":"Comment","target":["https:\/\/lavoixdelanation.tg\/index.php\/2025\/02\/11\/senatoriales-unir-a-la-rencontre-des-leaders-communautaires-du-grand-lome\/#respond"]}]},{"@type":"WebPage","@id":"https:\/\/lavoixdelanation.tg\/index.php\/2025\/02\/11\/senatoriales-unir-a-la-rencontre-des-leaders-communautaires-du-grand-lome\/","url":"https:\/\/lavoixdelanation.tg\/index.php\/2025\/02\/11\/senatoriales-unir-a-la-rencontre-des-leaders-communautaires-du-grand-lome\/","name":"Campagne pour les s\u00e9natoriales : UNIR \u00e0 la rencontre des leaders communautaires du Grand-Lom\u00e9 - La Voix de la Nation","isPartOf":{"@id":"https:\/\/lavoixdelanation.tg\/#website"},"primaryImageOfPage":{"@id":"https:\/\/lavoixdelanation.tg\/index.php\/2025\/02\/11\/senatoriales-unir-a-la-rencontre-des-leaders-communautaires-du-grand-lome\/#primaryimage"},"image":{"@id":"https:\/\/lavoixdelanation.tg\/index.php\/2025\/02\/11\/senatoriales-unir-a-la-rencontre-des-leaders-communautaires-du-grand-lome\/#primaryimage"},"thumbnailUrl":"https:\/\/lavoixdelanation.tg\/wp-content\/uploads\/2025\/02\/Mme-Ibrahima-Memounatou-au-micro-Vice-presidente-UNIR-en-charge-du-Grand-Lome.jpeg","datePublished":"2025-02-11T09:09:32+00:00","dateModified":"2025-02-11T09:11:56+00:00","breadcrumb":{"@id":"https:\/\/lavoixdelanation.tg\/index.php\/2025\/02\/11\/senatoriales-unir-a-la-rencontre-des-leaders-communautaires-du-grand-lome\/#breadcrumb"},"inLanguage":"fr-FR","potentialAction":[{"@type":"ReadAction","target":["https:\/\/lavoixdelanation.tg\/index.php\/2025\/02\/11\/senatoriales-unir-a-la-rencontre-des-leaders-communautaires-du-grand-lome\/"]}]},{"@type":"ImageObject","inLanguage":"fr-FR","@id":"https:\/\/lavoixdelanation.tg\/index.php\/2025\/02\/11\/senatoriales-unir-a-la-rencontre-des-leaders-communautaires-du-grand-lome\/#primaryimage","url":"https:\/\/lavoixdelanation.tg\/wp-content\/uploads\/2025\/02\/Mme-Ibrahima-Memounatou-au-micro-Vice-presidente-UNIR-en-charge-du-Grand-Lome.jpeg","contentUrl":"https:\/\/lavoixdelanation.tg\/wp-content\/uploads\/2025\/02\/Mme-Ibrahima-Memounatou-au-micro-Vice-presidente-UNIR-en-charge-du-Grand-Lome.jpeg","width":1080,"height":607,"caption":"Mme Ibrahima M\u00e9mounatou (au micro), Vice-pr\u00e9sidente UNIR en charge du Grand-Lom\u00e9"},{"@type":"BreadcrumbList","@id":"https:\/\/lavoixdelanation.tg\/index.php\/2025\/02\/11\/senatoriales-unir-a-la-rencontre-des-leaders-communautaires-du-grand-lome\/#breadcrumb","itemListElement":[{"@type":"ListItem","position":1,"name":"Accueil","item":"https:\/\/lavoixdelanation.tg\/"},{"@type":"ListItem","position":2,"name":"Campagne pour les s\u00e9natoriales : UNIR \u00e0 la rencontre des leaders communautaires du Grand-Lom\u00e9"}]},{"@type":"WebSite","@id":"https:\/\/lavoixdelanation.tg\/#website","url":"https:\/\/lavoixdelanation.tg\/","name":"La Voix de la Nation","description":"R\u00e9c\u00e9piss\u00e9 n\u00b00108\/HAAC\/01-2024\/pl\/P","publisher":{"@id":"https:\/\/lavoixdelanation.tg\/#organization"},"alternateName":"VON","potentialAction":[{"@type":"SearchAction","target":{"@type":"EntryPoint","urlTemplate":"https:\/\/lavoixdelanation.tg\/?s={search_term_string}"},"query-input":{"@type":"PropertyValueSpecification","valueRequired":true,"valueName":"search_term_string"}}],"inLanguage":"fr-FR"},{"@type":"Organization","@id":"https:\/\/lavoixdelanation.tg\/#organization","name":"La Voix de la Nation","url":"https:\/\/lavoixdelanation.tg\/","logo":{"@type":"ImageObject","inLanguage":"fr-FR","@id":"https:\/\/lavoixdelanation.tg\/#\/schema\/logo\/image\/","url":"https:\/\/lavoixdelanation.tg\/wp-content\/uploads\/2024\/12\/lavn-1.png","contentUrl":"https:\/\/lavoixdelanation.tg\/wp-content\/uploads\/2024\/12\/lavn-1.png","width":1024,"height":464,"caption":"La Voix de la Nation"},"image":{"@id":"https:\/\/lavoixdelanation.tg\/#\/schema\/logo\/image\/"},"sameAs":["https:\/\/www.facebook.com\/lavoixdelanation"]},{"@type":"Person","@id":"https:\/\/lavoixdelanation.tg\/#\/schema\/person\/6c489293aa38053673a9e554acb6e224","name":"La voix de la nation","image":{"@type":"ImageObject","inLanguage":"fr-FR","@id":"https:\/\/lavoixdelanation.tg\/#\/schema\/person\/image\/","url":"https:\/\/secure.gravatar.com\/avatar\/8aa135d4bbc794494cecaa8d483f6d6cc1023624868deaff686baed5e727a5a1?s=96&d=mm&r=g","contentUrl":"https:\/\/secure.gravatar.com\/avatar\/8aa135d4bbc794494cecaa8d483f6d6cc1023624868deaff686baed5e727a5a1?s=96&d=mm&r=g","caption":"La voix de la nation"},"sameAs":["https:\/\/lavoixdelanation.tg"],"url":"https:\/\/lavoixdelanation.tg\/index.php\/author\/lavn\/"}]}},"_links":{"self":[{"href":"https:\/\/lavoixdelanation.tg\/index.php\/wp-json\/wp\/v2\/posts\/2154","targetHints":{"allow":["GET"]}}],"collection":[{"href":"https:\/\/lavoixdelanation.tg\/index.php\/wp-json\/wp\/v2\/posts"}],"about":[{"href":"https:\/\/lavoixdelanation.tg\/index.php\/wp-json\/wp\/v2\/types\/post"}],"author":[{"embeddable":true,"href":"https:\/\/lavoixdelanation.tg\/index.php\/wp-json\/wp\/v2\/users\/1"}],"replies":[{"embeddable":true,"href":"https:\/\/lavoixdelanation.tg\/index.php\/wp-json\/wp\/v2\/comments?post=2154"}],"version-history":[{"count":4,"href":"https:\/\/lavoixdelanation.tg\/index.php\/wp-json\/wp\/v2\/posts\/2154\/revisions"}],"predecessor-version":[{"id":2160,"href":"https:\/\/lavoixdelanation.tg\/index.php\/wp-json\/wp\/v2\/posts\/2154\/revisions\/2160"}],"wp:featuredmedia":[{"embeddable":true,"href":"https:\/\/lavoixdelanation.tg\/index.php\/wp-json\/wp\/v2\/media\/2155"}],"wp:attachment":[{"href":"https:\/\/lavoixdelanation.tg\/index.php\/wp-json\/wp\/v2\/media?parent=2154"}],"wp:term":[{"taxonomy":"category","embeddable":true,"href":"https:\/\/lavoixdelanation.tg\/index.php\/wp-json\/wp\/v2\/categories?post=2154"},{"taxonomy":"post_tag","embeddable":true,"href":"https:\/\/lavoixdelanation.tg\/index.php\/wp-json\/wp\/v2\/tags?post=2154"}],"curies":[{"name":"wp","href":"https:\/\/api.w.org\/{rel}","templated":true}]}}