{"id":2092,"date":"2025-02-04T00:30:18","date_gmt":"2025-02-03T23:30:18","guid":{"rendered":"https:\/\/lavoixdelanation.tg\/?p=2092"},"modified":"2025-02-04T00:33:17","modified_gmt":"2025-02-03T23:33:17","slug":"togo-un-colloque-international-en-hommage-a-feu-gnassingbe-eyadema","status":"publish","type":"post","link":"https:\/\/lavoixdelanation.tg\/index.php\/2025\/02\/04\/togo-un-colloque-international-en-hommage-a-feu-gnassingbe-eyadema\/","title":{"rendered":"Togo\u00a0: Un colloque international en hommage \u00e0 feu Gnassingb\u00e9 Eyadema"},"content":{"rendered":"\n<p><strong>Dans le cadre du 20\u00e8me anniversaire du rappel \u00e0 Dieu du \u00ab&nbsp;P\u00e8re de la nation&nbsp;\u00bb togolaise feu Gnassingb\u00e9 Eyad\u00e9ma, un colloque international a \u00e9t\u00e9 organis\u00e9 en son honneur ce lundi 03 f\u00e9vrier 2025 \u00e0 Lom\u00e9.<\/strong><\/p>\n\n\n\n<p>Plac\u00e9s sous le patronage du pr\u00e9sident de la R\u00e9publique Faure Gnassingb\u00e9, les travaux ont \u00e9t\u00e9 ouverts par le ministre de l\u2019Enseignement sup\u00e9rieur et de la Recherche, Kanka-Malik Natchaba en pr\u00e9sence du Premier ministre Mme Victoire Tom\u00e9gah-Dogb\u00e9, du pr\u00e9sident de l\u2019Assembl\u00e9e nationale S\u00e9von-T\u00e9p\u00e9 Kodjo Adedz\u00e9, des personnalit\u00e9s politiques et acad\u00e9miques du pays ainsi que de la sous-r\u00e9gion.<\/p>\n\n\n\n<p>Il s\u2019agit \u00e0 travers cet \u00e9v\u00e8nement, de revisiter l\u2019h\u00e9ritage de celui qui a dirig\u00e9 le Togo pendant plus de 38 ans, \u00e0 travers son \u0153uvre politique et son engagement en faveur de la paix, du progr\u00e8s \u00e9conomique et du d\u00e9veloppement socioculturel au Togo et en Afrique.<\/p>\n\n\n\n<p>\u00ab Le but de ce rendez-vous est de r\u00e9pondre aux pr\u00e9occupations des chercheurs et le souci des organisateurs de r\u00e9fl\u00e9chir sur l\u2019\u0153uvre du Gal Eyadema et son engagement en faveur de la paix, du progr\u00e8s \u00e9conomique, afin que les g\u00e9n\u00e9rations futures puissent s\u2019approprier ce pan de l\u2019histoire commune \u00bb, a en effet indiqu\u00e9 le pr\u00e9sident du comit\u00e9 scientifique du colloque, Pr Kadanga Kodjona.<\/p>\n\n\n\n<p class=\"has-text-align-center\"><strong>Que retenir du G\u00e9n\u00e9ral Gnassingb\u00e9 Eyadema&nbsp;?<\/strong><\/p>\n\n\n\n<p>Les \u00e9changes ont port\u00e9 sur trois axes majeurs notamment le d\u00e9veloppement \u00e9conomique et croissance sous son leadership de Gnassingb\u00e9 Eyadema, la stabilit\u00e9 et la paix au Togo et en Afrique de l\u2019Ouest, et le r\u00f4le de m\u00e9diateur du Pr\u00e9sident Eyad\u00e9ma dans les crises africaines.<\/p>\n\n\n\n<p>Ils ont permis&nbsp;au public de d\u00e9couvrir les r\u00e9alisations ce grand homme d\u2019Etat depuis le 14 avril 1967 au 5 f\u00e9vrier 2005.<\/p>\n\n\n\n<p>Le Prof Kadanga Kodjona a estim\u00e9 que pour comprendre Gnassingb\u00e9 Eyad\u00e9ma dans sa philosophie et ses \u0153uvres, il est important de remonter, un tant soit peu, \u00e0 certains rep\u00e8res qui fondent la nation togolaise.<\/p>\n\n\n\n<p>Il a expliqu\u00e9 qu\u2019au regard des divisions profondes de la soci\u00e9t\u00e9 togolaise, Eyadema a amor\u00e7\u00e9 une politique de r\u00e9conciliation et de relance de l\u2019\u00e9conomie du pays et qu\u2019il poursuivit tout au long de son parcours politique.<\/p>\n\n\n\n<p>&nbsp;\u00ab Ainsi, au plan socio politique, le g\u00e9n\u00e9ral Gnassingb\u00e9 Eyadema, dans sa qu\u00eate permanente de r\u00e9conciliation, ramena la s\u00e9r\u00e9nit\u00e9 et la coh\u00e9sion nationale au sein de la population.&nbsp;Au plan socio\u00e9conomique, pour le d\u00e9veloppement du Togo, il se lan\u00e7a dans la politique de construction de grandes infrastructures administratives et industrielles, planifi\u00e9es selon les plans quinquennaux&nbsp;\u00bb, a soulign\u00e9 Prof Kadanga Kodjona.<\/p>\n\n\n\n<figure class=\"wp-block-image size-full\"><img loading=\"lazy\" decoding=\"async\" width=\"857\" height=\"479\" src=\"https:\/\/lavoixdelanation.tg\/wp-content\/uploads\/2025\/02\/Colloque-international-en-hommage-a-feu-Gnassingbe-Eyadema-1.jpg\" alt=\"\" class=\"wp-image-2097\" srcset=\"https:\/\/lavoixdelanation.tg\/wp-content\/uploads\/2025\/02\/Colloque-international-en-hommage-a-feu-Gnassingbe-Eyadema-1.jpg 857w, https:\/\/lavoixdelanation.tg\/wp-content\/uploads\/2025\/02\/Colloque-international-en-hommage-a-feu-Gnassingbe-Eyadema-1-300x168.jpg 300w, https:\/\/lavoixdelanation.tg\/wp-content\/uploads\/2025\/02\/Colloque-international-en-hommage-a-feu-Gnassingbe-Eyadema-1-768x429.jpg 768w\" sizes=\"auto, (max-width: 857px) 100vw, 857px\" \/><\/figure>\n\n\n\n<p>Il a pr\u00e9cis\u00e9 qu\u2019au plan ext\u00e9rieur, Gnassingb\u00e9 Eyadema contribua de mani\u00e8re d\u00e9cisive \u00e0 travers sa vision strat\u00e9gique et sa diplomatie, \u00e0 la consolidation de l\u2019int\u00e9gration sous r\u00e9gionale. \u00ab&nbsp;Il fut l\u2019un des initiateurs de la cr\u00e9ation de la Communaut\u00e9 Economique des Etats de l\u2019Afrique de l\u2019Ouest (CEDEAO), un projet ambitieux qui vise \u00e0 renforcer les liens \u00e9conomiques et politiques entre les pays d\u2019Afrique de l\u2019Ouest. Le trait\u00e9 de Lagos, sign\u00e9 le 28 mai 1975, consacra cette initiative \u00bb, a-t-il pr\u00e9cis\u00e9.<\/p>\n\n\n\n<p>Il a \u00e9t\u00e9 \u00e9galement relev\u00e9 que le Gnassingb\u00e9 Eyad\u00e9ma a jou\u00e9 un r\u00f4le pr\u00e9pond\u00e9rant dans la r\u00e9solution des conflits, notamment dans la guerre de Biafra, en 1972, le diff\u00e9rend frontalier entre le Mali et le Burkina-Faso) en 1974, la brouille entre le Gabon et la C\u00f4te d\u2019Ivoire, le probl\u00e8me tchadien, la guerre du Lib\u00e9ria entre autres.<\/p>\n\n\n\n<p>La pr\u00e9sidente de la Haute Cour de Justice du B\u00e9nin, Prof. Dandi Gnamou, a pour sa part \u00e9voqu\u00e9 le r\u00f4le de Gnassingb\u00e9 Eyadema dans la cr\u00e9ation de la CEDEAO et ses nombreuses initiatives diplomatiques en faveur de la paix dans la sous-r\u00e9gion.<\/p>\n\n\n\n<p>\u00ab Gnassingb\u00e9 Eyadema a toujours mis l\u2019accent sur l\u2019int\u00e9gration r\u00e9gionale comme levier pour la paix. Il s\u2019est efforc\u00e9 de surmonter les divisions h\u00e9rit\u00e9es de la colonisation et a jou\u00e9 un r\u00f4le cl\u00e9 dans la r\u00e9solution de conflits en Afrique de l\u2019Ouest \u00bb, a-t-elle fait savoir.<\/p>\n\n\n\n<p>\u00ab Pendant la crise ivoirienne, il a jou\u00e9 un r\u00f4le d\u00e9terminant dans les n\u00e9gociations qui ont abouti aux accords de Lom\u00e9 en 2003. Il a su apporter son aide \u00e0 plusieurs pays africains, dont la C\u00f4te d\u2019Ivoire, le Burkina Faso et le S\u00e9n\u00e9gal \u00bb, a pour sa part t\u00e9moign\u00e9 le Prof. Mamadou Bamba, de l\u2019Universit\u00e9 Alassane Ouattara en C\u00f4te d\u2019Ivoire.<\/p>\n\n\n\n<p class=\"has-text-align-center\"><strong>La suite des activit\u00e9s<\/strong><\/p>\n\n\n\n<p>Les activit\u00e9s marquant les 20 ans du d\u00e9c\u00e8s du G\u00e9n\u00e9ral Gnassingb\u00e9 Eyadema se poursuivent ce mardi 04 f\u00e9vrier&nbsp;2025 dans la pr\u00e9fecture de la Kozah o\u00f9 il est pr\u00e9vu \u00e0 Pya \u00e0 19h00, une veill\u00e9e de pri\u00e8re au domicile de l\u2019illustre disparu.<\/p>\n\n\n\n<p>Le mercredi 05 f\u00e9vrier (jour anniversaire du d\u00e9c\u00e8s), le Palais des Congr\u00e8s de Kara servira de cadre \u00e0 10H00 pour une pri\u00e8re \u0153cum\u00e9nique pour le repos de l\u2019\u00e2me du \u00ab&nbsp;P\u00e8re de la Nation&nbsp;\u00bb en pr\u00e9sence du chef de l\u2019Etat Faure Gnassingb\u00e9.<\/p>\n\n\n\n<p>Une Danse \u00ab&nbsp;Kamou&nbsp;\u00bb sera \u00e9galement organis\u00e9e \u00e0 14h30 sur l\u2019esplanade du Palais des Congr\u00e8s&nbsp;de la ville.<\/p>\n\n\n\n<p>Des manifestations sont \u00e9galement pr\u00e9vues dans les chefs-lieux de r\u00e9gions, les autres pr\u00e9fectures et communes notamment des offices religieux pour le repos de l\u2019\u00e2me du \u00ab&nbsp;P\u00e8re de la Nation&nbsp;\u00bb.<\/p>\n\n\n\n<p><strong>David S. \/ Herv\u00e9 D.\/ (avec La R\u00e9daction)<\/strong><\/p>\n","protected":false},"excerpt":{"rendered":"<p>Dans le cadre du 20\u00e8me anniversaire du rappel \u00e0 Dieu du \u00ab&nbsp;P\u00e8re de la nation&nbsp;\u00bb togolaise feu Gnassingb\u00e9 Eyad\u00e9ma, un colloque international a \u00e9t\u00e9 organis\u00e9 en son honneur ce lundi&hellip; <\/p>\n","protected":false},"author":1,"featured_media":2093,"comment_status":"open","ping_status":"open","sticky":false,"template":"","format":"standard","meta":{"footnotes":""},"categories":[21],"tags":[],"class_list":["post-2092","post","type-post","status-publish","format-standard","has-post-thumbnail","hentry","category-politique"],"yoast_head":"<!-- This site is optimized with the Yoast SEO plugin v26.4 - https:\/\/yoast.com\/wordpress\/plugins\/seo\/ -->\n<title>Togo\u00a0: Un colloque international en hommage \u00e0 feu Gnassingb\u00e9 Eyadema - La Voix de la Nation<\/title>\n<meta name=\"robots\" content=\"index, follow, max-snippet:-1, max-image-preview:large, max-video-preview:-1\" \/>\n<link rel=\"canonical\" href=\"https:\/\/lavoixdelanation.tg\/index.php\/2025\/02\/04\/togo-un-colloque-international-en-hommage-a-feu-gnassingbe-eyadema\/\" \/>\n<meta property=\"og:locale\" content=\"fr_FR\" \/>\n<meta property=\"og:type\" content=\"article\" \/>\n<meta property=\"og:title\" content=\"Togo\u00a0: Un colloque international en hommage \u00e0 feu Gnassingb\u00e9 Eyadema - La Voix de la Nation\" \/>\n<meta property=\"og:description\" content=\"Dans le cadre du 20\u00e8me anniversaire du rappel \u00e0 Dieu du \u00ab&nbsp;P\u00e8re de la nation&nbsp;\u00bb togolaise feu Gnassingb\u00e9 Eyad\u00e9ma, un colloque international a \u00e9t\u00e9 organis\u00e9 en son honneur ce lundi&hellip;\" \/>\n<meta property=\"og:url\" content=\"https:\/\/lavoixdelanation.tg\/index.php\/2025\/02\/04\/togo-un-colloque-international-en-hommage-a-feu-gnassingbe-eyadema\/\" \/>\n<meta property=\"og:site_name\" content=\"La Voix de la Nation\" \/>\n<meta property=\"article:publisher\" content=\"https:\/\/www.facebook.com\/lavoixdelanation\" \/>\n<meta property=\"article:published_time\" content=\"2025-02-03T23:30:18+00:00\" \/>\n<meta property=\"article:modified_time\" content=\"2025-02-03T23:33:17+00:00\" \/>\n<meta property=\"og:image\" content=\"https:\/\/lavoixdelanation.tg\/wp-content\/uploads\/2025\/02\/Un-colloque-international-en-hommage-a-feu-Gnassingbe-Eyadema.jpg\" \/>\n\t<meta property=\"og:image:width\" content=\"1000\" \/>\n\t<meta property=\"og:image:height\" content=\"583\" \/>\n\t<meta property=\"og:image:type\" content=\"image\/jpeg\" \/>\n<meta name=\"author\" content=\"La voix de la nation\" \/>\n<meta name=\"twitter:card\" content=\"summary_large_image\" \/>\n<meta name=\"twitter:label1\" content=\"\u00c9crit par\" \/>\n\t<meta name=\"twitter:data1\" content=\"La voix de la nation\" \/>\n\t<meta name=\"twitter:label2\" content=\"Dur\u00e9e de lecture estim\u00e9e\" \/>\n\t<meta name=\"twitter:data2\" content=\"5 minutes\" \/>\n<script type=\"application\/ld+json\" class=\"yoast-schema-graph\">{\"@context\":\"https:\/\/schema.org\",\"@graph\":[{\"@type\":\"Article\",\"@id\":\"https:\/\/lavoixdelanation.tg\/index.php\/2025\/02\/04\/togo-un-colloque-international-en-hommage-a-feu-gnassingbe-eyadema\/#article\",\"isPartOf\":{\"@id\":\"https:\/\/lavoixdelanation.tg\/index.php\/2025\/02\/04\/togo-un-colloque-international-en-hommage-a-feu-gnassingbe-eyadema\/\"},\"author\":{\"name\":\"La voix de la nation\",\"@id\":\"https:\/\/lavoixdelanation.tg\/#\/schema\/person\/6c489293aa38053673a9e554acb6e224\"},\"headline\":\"Togo\u00a0: Un colloque international en hommage \u00e0 feu Gnassingb\u00e9 Eyadema\",\"datePublished\":\"2025-02-03T23:30:18+00:00\",\"dateModified\":\"2025-02-03T23:33:17+00:00\",\"mainEntityOfPage\":{\"@id\":\"https:\/\/lavoixdelanation.tg\/index.php\/2025\/02\/04\/togo-un-colloque-international-en-hommage-a-feu-gnassingbe-eyadema\/\"},\"wordCount\":960,\"commentCount\":0,\"publisher\":{\"@id\":\"https:\/\/lavoixdelanation.tg\/#organization\"},\"image\":{\"@id\":\"https:\/\/lavoixdelanation.tg\/index.php\/2025\/02\/04\/togo-un-colloque-international-en-hommage-a-feu-gnassingbe-eyadema\/#primaryimage\"},\"thumbnailUrl\":\"https:\/\/lavoixdelanation.tg\/wp-content\/uploads\/2025\/02\/Un-colloque-international-en-hommage-a-feu-Gnassingbe-Eyadema.jpg\",\"articleSection\":[\"Politique\"],\"inLanguage\":\"fr-FR\",\"potentialAction\":[{\"@type\":\"CommentAction\",\"name\":\"Comment\",\"target\":[\"https:\/\/lavoixdelanation.tg\/index.php\/2025\/02\/04\/togo-un-colloque-international-en-hommage-a-feu-gnassingbe-eyadema\/#respond\"]}]},{\"@type\":\"WebPage\",\"@id\":\"https:\/\/lavoixdelanation.tg\/index.php\/2025\/02\/04\/togo-un-colloque-international-en-hommage-a-feu-gnassingbe-eyadema\/\",\"url\":\"https:\/\/lavoixdelanation.tg\/index.php\/2025\/02\/04\/togo-un-colloque-international-en-hommage-a-feu-gnassingbe-eyadema\/\",\"name\":\"Togo\u00a0: Un colloque international en hommage \u00e0 feu Gnassingb\u00e9 Eyadema - La Voix de la Nation\",\"isPartOf\":{\"@id\":\"https:\/\/lavoixdelanation.tg\/#website\"},\"primaryImageOfPage\":{\"@id\":\"https:\/\/lavoixdelanation.tg\/index.php\/2025\/02\/04\/togo-un-colloque-international-en-hommage-a-feu-gnassingbe-eyadema\/#primaryimage\"},\"image\":{\"@id\":\"https:\/\/lavoixdelanation.tg\/index.php\/2025\/02\/04\/togo-un-colloque-international-en-hommage-a-feu-gnassingbe-eyadema\/#primaryimage\"},\"thumbnailUrl\":\"https:\/\/lavoixdelanation.tg\/wp-content\/uploads\/2025\/02\/Un-colloque-international-en-hommage-a-feu-Gnassingbe-Eyadema.jpg\",\"datePublished\":\"2025-02-03T23:30:18+00:00\",\"dateModified\":\"2025-02-03T23:33:17+00:00\",\"breadcrumb\":{\"@id\":\"https:\/\/lavoixdelanation.tg\/index.php\/2025\/02\/04\/togo-un-colloque-international-en-hommage-a-feu-gnassingbe-eyadema\/#breadcrumb\"},\"inLanguage\":\"fr-FR\",\"potentialAction\":[{\"@type\":\"ReadAction\",\"target\":[\"https:\/\/lavoixdelanation.tg\/index.php\/2025\/02\/04\/togo-un-colloque-international-en-hommage-a-feu-gnassingbe-eyadema\/\"]}]},{\"@type\":\"ImageObject\",\"inLanguage\":\"fr-FR\",\"@id\":\"https:\/\/lavoixdelanation.tg\/index.php\/2025\/02\/04\/togo-un-colloque-international-en-hommage-a-feu-gnassingbe-eyadema\/#primaryimage\",\"url\":\"https:\/\/lavoixdelanation.tg\/wp-content\/uploads\/2025\/02\/Un-colloque-international-en-hommage-a-feu-Gnassingbe-Eyadema.jpg\",\"contentUrl\":\"https:\/\/lavoixdelanation.tg\/wp-content\/uploads\/2025\/02\/Un-colloque-international-en-hommage-a-feu-Gnassingbe-Eyadema.jpg\",\"width\":1000,\"height\":583},{\"@type\":\"BreadcrumbList\",\"@id\":\"https:\/\/lavoixdelanation.tg\/index.php\/2025\/02\/04\/togo-un-colloque-international-en-hommage-a-feu-gnassingbe-eyadema\/#breadcrumb\",\"itemListElement\":[{\"@type\":\"ListItem\",\"position\":1,\"name\":\"Accueil\",\"item\":\"https:\/\/lavoixdelanation.tg\/\"},{\"@type\":\"ListItem\",\"position\":2,\"name\":\"Togo\u00a0: Un colloque international en hommage \u00e0 feu Gnassingb\u00e9 Eyadema\"}]},{\"@type\":\"WebSite\",\"@id\":\"https:\/\/lavoixdelanation.tg\/#website\",\"url\":\"https:\/\/lavoixdelanation.tg\/\",\"name\":\"La Voix de la Nation\",\"description\":\"R\u00e9c\u00e9piss\u00e9 n\u00b00108\/HAAC\/01-2024\/pl\/P\",\"publisher\":{\"@id\":\"https:\/\/lavoixdelanation.tg\/#organization\"},\"alternateName\":\"VON\",\"potentialAction\":[{\"@type\":\"SearchAction\",\"target\":{\"@type\":\"EntryPoint\",\"urlTemplate\":\"https:\/\/lavoixdelanation.tg\/?s={search_term_string}\"},\"query-input\":{\"@type\":\"PropertyValueSpecification\",\"valueRequired\":true,\"valueName\":\"search_term_string\"}}],\"inLanguage\":\"fr-FR\"},{\"@type\":\"Organization\",\"@id\":\"https:\/\/lavoixdelanation.tg\/#organization\",\"name\":\"La Voix de la Nation\",\"url\":\"https:\/\/lavoixdelanation.tg\/\",\"logo\":{\"@type\":\"ImageObject\",\"inLanguage\":\"fr-FR\",\"@id\":\"https:\/\/lavoixdelanation.tg\/#\/schema\/logo\/image\/\",\"url\":\"https:\/\/lavoixdelanation.tg\/wp-content\/uploads\/2024\/12\/lavn-1.png\",\"contentUrl\":\"https:\/\/lavoixdelanation.tg\/wp-content\/uploads\/2024\/12\/lavn-1.png\",\"width\":1024,\"height\":464,\"caption\":\"La Voix de la Nation\"},\"image\":{\"@id\":\"https:\/\/lavoixdelanation.tg\/#\/schema\/logo\/image\/\"},\"sameAs\":[\"https:\/\/www.facebook.com\/lavoixdelanation\"]},{\"@type\":\"Person\",\"@id\":\"https:\/\/lavoixdelanation.tg\/#\/schema\/person\/6c489293aa38053673a9e554acb6e224\",\"name\":\"La voix de la nation\",\"image\":{\"@type\":\"ImageObject\",\"inLanguage\":\"fr-FR\",\"@id\":\"https:\/\/lavoixdelanation.tg\/#\/schema\/person\/image\/\",\"url\":\"https:\/\/secure.gravatar.com\/avatar\/8aa135d4bbc794494cecaa8d483f6d6cc1023624868deaff686baed5e727a5a1?s=96&d=mm&r=g\",\"contentUrl\":\"https:\/\/secure.gravatar.com\/avatar\/8aa135d4bbc794494cecaa8d483f6d6cc1023624868deaff686baed5e727a5a1?s=96&d=mm&r=g\",\"caption\":\"La voix de la nation\"},\"sameAs\":[\"https:\/\/lavoixdelanation.tg\"],\"url\":\"https:\/\/lavoixdelanation.tg\/index.php\/author\/lavn\/\"}]}<\/script>\n<!-- \/ Yoast SEO plugin. -->","yoast_head_json":{"title":"Togo\u00a0: Un colloque international en hommage \u00e0 feu Gnassingb\u00e9 Eyadema - La Voix de la Nation","robots":{"index":"index","follow":"follow","max-snippet":"max-snippet:-1","max-image-preview":"max-image-preview:large","max-video-preview":"max-video-preview:-1"},"canonical":"https:\/\/lavoixdelanation.tg\/index.php\/2025\/02\/04\/togo-un-colloque-international-en-hommage-a-feu-gnassingbe-eyadema\/","og_locale":"fr_FR","og_type":"article","og_title":"Togo\u00a0: Un colloque international en hommage \u00e0 feu Gnassingb\u00e9 Eyadema - La Voix de la Nation","og_description":"Dans le cadre du 20\u00e8me anniversaire du rappel \u00e0 Dieu du \u00ab&nbsp;P\u00e8re de la nation&nbsp;\u00bb togolaise feu Gnassingb\u00e9 Eyad\u00e9ma, un colloque international a \u00e9t\u00e9 organis\u00e9 en son honneur ce lundi&hellip;","og_url":"https:\/\/lavoixdelanation.tg\/index.php\/2025\/02\/04\/togo-un-colloque-international-en-hommage-a-feu-gnassingbe-eyadema\/","og_site_name":"La Voix de la Nation","article_publisher":"https:\/\/www.facebook.com\/lavoixdelanation","article_published_time":"2025-02-03T23:30:18+00:00","article_modified_time":"2025-02-03T23:33:17+00:00","og_image":[{"width":1000,"height":583,"url":"https:\/\/lavoixdelanation.tg\/wp-content\/uploads\/2025\/02\/Un-colloque-international-en-hommage-a-feu-Gnassingbe-Eyadema.jpg","type":"image\/jpeg"}],"author":"La voix de la nation","twitter_card":"summary_large_image","twitter_misc":{"\u00c9crit par":"La voix de la nation","Dur\u00e9e de lecture estim\u00e9e":"5 minutes"},"schema":{"@context":"https:\/\/schema.org","@graph":[{"@type":"Article","@id":"https:\/\/lavoixdelanation.tg\/index.php\/2025\/02\/04\/togo-un-colloque-international-en-hommage-a-feu-gnassingbe-eyadema\/#article","isPartOf":{"@id":"https:\/\/lavoixdelanation.tg\/index.php\/2025\/02\/04\/togo-un-colloque-international-en-hommage-a-feu-gnassingbe-eyadema\/"},"author":{"name":"La voix de la nation","@id":"https:\/\/lavoixdelanation.tg\/#\/schema\/person\/6c489293aa38053673a9e554acb6e224"},"headline":"Togo\u00a0: Un colloque international en hommage \u00e0 feu Gnassingb\u00e9 Eyadema","datePublished":"2025-02-03T23:30:18+00:00","dateModified":"2025-02-03T23:33:17+00:00","mainEntityOfPage":{"@id":"https:\/\/lavoixdelanation.tg\/index.php\/2025\/02\/04\/togo-un-colloque-international-en-hommage-a-feu-gnassingbe-eyadema\/"},"wordCount":960,"commentCount":0,"publisher":{"@id":"https:\/\/lavoixdelanation.tg\/#organization"},"image":{"@id":"https:\/\/lavoixdelanation.tg\/index.php\/2025\/02\/04\/togo-un-colloque-international-en-hommage-a-feu-gnassingbe-eyadema\/#primaryimage"},"thumbnailUrl":"https:\/\/lavoixdelanation.tg\/wp-content\/uploads\/2025\/02\/Un-colloque-international-en-hommage-a-feu-Gnassingbe-Eyadema.jpg","articleSection":["Politique"],"inLanguage":"fr-FR","potentialAction":[{"@type":"CommentAction","name":"Comment","target":["https:\/\/lavoixdelanation.tg\/index.php\/2025\/02\/04\/togo-un-colloque-international-en-hommage-a-feu-gnassingbe-eyadema\/#respond"]}]},{"@type":"WebPage","@id":"https:\/\/lavoixdelanation.tg\/index.php\/2025\/02\/04\/togo-un-colloque-international-en-hommage-a-feu-gnassingbe-eyadema\/","url":"https:\/\/lavoixdelanation.tg\/index.php\/2025\/02\/04\/togo-un-colloque-international-en-hommage-a-feu-gnassingbe-eyadema\/","name":"Togo\u00a0: Un colloque international en hommage \u00e0 feu Gnassingb\u00e9 Eyadema - La Voix de la Nation","isPartOf":{"@id":"https:\/\/lavoixdelanation.tg\/#website"},"primaryImageOfPage":{"@id":"https:\/\/lavoixdelanation.tg\/index.php\/2025\/02\/04\/togo-un-colloque-international-en-hommage-a-feu-gnassingbe-eyadema\/#primaryimage"},"image":{"@id":"https:\/\/lavoixdelanation.tg\/index.php\/2025\/02\/04\/togo-un-colloque-international-en-hommage-a-feu-gnassingbe-eyadema\/#primaryimage"},"thumbnailUrl":"https:\/\/lavoixdelanation.tg\/wp-content\/uploads\/2025\/02\/Un-colloque-international-en-hommage-a-feu-Gnassingbe-Eyadema.jpg","datePublished":"2025-02-03T23:30:18+00:00","dateModified":"2025-02-03T23:33:17+00:00","breadcrumb":{"@id":"https:\/\/lavoixdelanation.tg\/index.php\/2025\/02\/04\/togo-un-colloque-international-en-hommage-a-feu-gnassingbe-eyadema\/#breadcrumb"},"inLanguage":"fr-FR","potentialAction":[{"@type":"ReadAction","target":["https:\/\/lavoixdelanation.tg\/index.php\/2025\/02\/04\/togo-un-colloque-international-en-hommage-a-feu-gnassingbe-eyadema\/"]}]},{"@type":"ImageObject","inLanguage":"fr-FR","@id":"https:\/\/lavoixdelanation.tg\/index.php\/2025\/02\/04\/togo-un-colloque-international-en-hommage-a-feu-gnassingbe-eyadema\/#primaryimage","url":"https:\/\/lavoixdelanation.tg\/wp-content\/uploads\/2025\/02\/Un-colloque-international-en-hommage-a-feu-Gnassingbe-Eyadema.jpg","contentUrl":"https:\/\/lavoixdelanation.tg\/wp-content\/uploads\/2025\/02\/Un-colloque-international-en-hommage-a-feu-Gnassingbe-Eyadema.jpg","width":1000,"height":583},{"@type":"BreadcrumbList","@id":"https:\/\/lavoixdelanation.tg\/index.php\/2025\/02\/04\/togo-un-colloque-international-en-hommage-a-feu-gnassingbe-eyadema\/#breadcrumb","itemListElement":[{"@type":"ListItem","position":1,"name":"Accueil","item":"https:\/\/lavoixdelanation.tg\/"},{"@type":"ListItem","position":2,"name":"Togo\u00a0: Un colloque international en hommage \u00e0 feu Gnassingb\u00e9 Eyadema"}]},{"@type":"WebSite","@id":"https:\/\/lavoixdelanation.tg\/#website","url":"https:\/\/lavoixdelanation.tg\/","name":"La Voix de la Nation","description":"R\u00e9c\u00e9piss\u00e9 n\u00b00108\/HAAC\/01-2024\/pl\/P","publisher":{"@id":"https:\/\/lavoixdelanation.tg\/#organization"},"alternateName":"VON","potentialAction":[{"@type":"SearchAction","target":{"@type":"EntryPoint","urlTemplate":"https:\/\/lavoixdelanation.tg\/?s={search_term_string}"},"query-input":{"@type":"PropertyValueSpecification","valueRequired":true,"valueName":"search_term_string"}}],"inLanguage":"fr-FR"},{"@type":"Organization","@id":"https:\/\/lavoixdelanation.tg\/#organization","name":"La Voix de la Nation","url":"https:\/\/lavoixdelanation.tg\/","logo":{"@type":"ImageObject","inLanguage":"fr-FR","@id":"https:\/\/lavoixdelanation.tg\/#\/schema\/logo\/image\/","url":"https:\/\/lavoixdelanation.tg\/wp-content\/uploads\/2024\/12\/lavn-1.png","contentUrl":"https:\/\/lavoixdelanation.tg\/wp-content\/uploads\/2024\/12\/lavn-1.png","width":1024,"height":464,"caption":"La Voix de la Nation"},"image":{"@id":"https:\/\/lavoixdelanation.tg\/#\/schema\/logo\/image\/"},"sameAs":["https:\/\/www.facebook.com\/lavoixdelanation"]},{"@type":"Person","@id":"https:\/\/lavoixdelanation.tg\/#\/schema\/person\/6c489293aa38053673a9e554acb6e224","name":"La voix de la nation","image":{"@type":"ImageObject","inLanguage":"fr-FR","@id":"https:\/\/lavoixdelanation.tg\/#\/schema\/person\/image\/","url":"https:\/\/secure.gravatar.com\/avatar\/8aa135d4bbc794494cecaa8d483f6d6cc1023624868deaff686baed5e727a5a1?s=96&d=mm&r=g","contentUrl":"https:\/\/secure.gravatar.com\/avatar\/8aa135d4bbc794494cecaa8d483f6d6cc1023624868deaff686baed5e727a5a1?s=96&d=mm&r=g","caption":"La voix de la nation"},"sameAs":["https:\/\/lavoixdelanation.tg"],"url":"https:\/\/lavoixdelanation.tg\/index.php\/author\/lavn\/"}]}},"_links":{"self":[{"href":"https:\/\/lavoixdelanation.tg\/index.php\/wp-json\/wp\/v2\/posts\/2092","targetHints":{"allow":["GET"]}}],"collection":[{"href":"https:\/\/lavoixdelanation.tg\/index.php\/wp-json\/wp\/v2\/posts"}],"about":[{"href":"https:\/\/lavoixdelanation.tg\/index.php\/wp-json\/wp\/v2\/types\/post"}],"author":[{"embeddable":true,"href":"https:\/\/lavoixdelanation.tg\/index.php\/wp-json\/wp\/v2\/users\/1"}],"replies":[{"embeddable":true,"href":"https:\/\/lavoixdelanation.tg\/index.php\/wp-json\/wp\/v2\/comments?post=2092"}],"version-history":[{"count":3,"href":"https:\/\/lavoixdelanation.tg\/index.php\/wp-json\/wp\/v2\/posts\/2092\/revisions"}],"predecessor-version":[{"id":2098,"href":"https:\/\/lavoixdelanation.tg\/index.php\/wp-json\/wp\/v2\/posts\/2092\/revisions\/2098"}],"wp:featuredmedia":[{"embeddable":true,"href":"https:\/\/lavoixdelanation.tg\/index.php\/wp-json\/wp\/v2\/media\/2093"}],"wp:attachment":[{"href":"https:\/\/lavoixdelanation.tg\/index.php\/wp-json\/wp\/v2\/media?parent=2092"}],"wp:term":[{"taxonomy":"category","embeddable":true,"href":"https:\/\/lavoixdelanation.tg\/index.php\/wp-json\/wp\/v2\/categories?post=2092"},{"taxonomy":"post_tag","embeddable":true,"href":"https:\/\/lavoixdelanation.tg\/index.php\/wp-json\/wp\/v2\/tags?post=2092"}],"curies":[{"name":"wp","href":"https:\/\/api.w.org\/{rel}","templated":true}]}}