{"id":2083,"date":"2025-02-03T15:01:37","date_gmt":"2025-02-03T14:01:37","guid":{"rendered":"https:\/\/lavoixdelanation.tg\/?p=2083"},"modified":"2025-02-03T15:01:37","modified_gmt":"2025-02-03T14:01:37","slug":"togo-lancement-du-processus-delaboration-du-programme-dinvestissement-public-2026-2028","status":"publish","type":"post","link":"https:\/\/lavoixdelanation.tg\/index.php\/2025\/02\/03\/togo-lancement-du-processus-delaboration-du-programme-dinvestissement-public-2026-2028\/","title":{"rendered":"Togo\u00a0: Lancement du processus d\u2019\u00e9laboration du Programme d\u2019investissement public 2026-2028"},"content":{"rendered":"\n<p><strong>Le Togo pr\u00e9pare l\u2019\u00e9laboration de son Programme d\u2019investissement public (PIP) 2026-2028. Le processus a \u00e9t\u00e9 officiellement lanc\u00e9 le 30 janvier 2025 \u00e0 Lom\u00e9 par Edj\u00e9ou Essohanam, Directeur de Cabinet du Ministre de la Planification du D\u00e9veloppement et de la Coop\u00e9ration.<\/strong><\/p>\n\n\n\n<p>La s\u00e9ance a r\u00e9uni les Conseillers du Pr\u00e9sident de la R\u00e9publique, les Directeurs de Cabinet et Secr\u00e9taires G\u00e9n\u00e9raux&nbsp;des diff\u00e9rents minist\u00e8res ainsi que les Directeurs G\u00e9n\u00e9raux, Directeurs Centraux et Chefs de Services et les Repr\u00e9sentants des Institutions de la R\u00e9publique.<\/p>\n\n\n\n<p>Au regard du contexte mondial complexe marqu\u00e9 par des crises multiples, il a \u00e9t\u00e9 soulign\u00e9 l\u2019importance de renforcer la rigueur dans la s\u00e9lection, la hi\u00e9rarchisation et la programmation et l\u2019ex\u00e9cution des projets\/programmes d\u2019investissements publics en vue d\u2019impacter significativement les conditions de vie des populations.<\/p>\n\n\n\n<p>\u00ab&nbsp;Il est imp\u00e9ratif que le PIP 2026-2028, que nous nous appr\u00eatons \u00e0 \u00e9laborer, r\u00e9ponde \u00e0 ces exigences en s\u2019appuyant sur les orientations strat\u00e9giques d\u00e9finies par les autorit\u00e9s nationales et les crit\u00e8res du manuel de proc\u00e9dure pour la s\u00e9lection, la hi\u00e9rarchisation et la programmation des projets\/programmes \u2019investissements publics, afin de garantir une programmation optimale, sinc\u00e8re, fiable, pertinente, efficace, efficiente et soutenable \u00bb, a indiqu\u00e9 Edj\u00e9ou Essohanam.<\/p>\n\n\n\n<p>\u00ab&nbsp;Nous sommes appel\u00e9s \u00e0 faire une utilisation efficiente des ressources allou\u00e9es au budget de fonctionnement et une allocation cons\u00e9quente des ressources d\u00e9di\u00e9es aux actions \u00e0 fort impact sur la vie des populations, surtout dans le contexte d\u2019aust\u00e9rit\u00e9 induite par l\u2019engagement de notre pays vis-\u00e0-vis du Fonds mon\u00e9taire international par rapport au respect du taux de d\u00e9ficit de 3% du produit int\u00e9rieur brut&nbsp;\u00bb, a-t-il ajout\u00e9.<\/p>\n\n\n\n<p>Il est annonc\u00e9 en pr\u00e9lude \u00e0 l\u2019\u00e9laboration proprement dite du document du PIP initial 2026-2028, le Minist\u00e8re de la Planification du D\u00e9veloppement et de la Coop\u00e9ration proc\u00e8dera \u00e0 la collecte des informations aupr\u00e8s des minist\u00e8res et Institutions de la R\u00e9publique.<\/p>\n\n\n\n<p>Des s\u00e9ances d\u2019\u00e9valuation ex ante des nouveaux projets et d\u2019analyse des PTBA 2026 initiaux des projets \u00e0 inscrire dans le budget 2026 seront \u00e9galement organis\u00e9es afin d\u2019assurer la qualit\u00e9 desdits projets et de la d\u00e9pense.<\/p>\n\n\n\n<p>Un dispositif de suivi r\u00e9gulier et rapproch\u00e9 des projets est \u00e9galement mis en place en collaboration avec tous les acteurs impliqu\u00e9s. Ce m\u00e9canisme permet d\u2019identifier les goulots d\u2019\u00e9tranglement au moment opportun et de prendre les mesures correctives n\u00e9cessaires pour acc\u00e9l\u00e9rer le rythme d\u2019ex\u00e9cution des projets.<\/p>\n\n\n\n<p>La validation du PIP 2026-2028 initial par le Comit\u00e9 PIP et sa transmission au Minist\u00e8re de l\u2019\u00e9conomie et des finances est annonc\u00e9e pour la deuxi\u00e8me quinzaine du mois de mars 2025.<\/p>\n\n\n\n<p><strong>La R\u00e9daction<\/strong><\/p>\n","protected":false},"excerpt":{"rendered":"<p>Le Togo pr\u00e9pare l\u2019\u00e9laboration de son Programme d\u2019investissement public (PIP) 2026-2028. Le processus a \u00e9t\u00e9 officiellement lanc\u00e9 le 30 janvier 2025 \u00e0 Lom\u00e9 par Edj\u00e9ou Essohanam, Directeur de Cabinet du&hellip; <\/p>\n","protected":false},"author":1,"featured_media":2084,"comment_status":"open","ping_status":"open","sticky":false,"template":"","format":"standard","meta":{"footnotes":""},"categories":[8],"tags":[],"class_list":["post-2083","post","type-post","status-publish","format-standard","has-post-thumbnail","hentry","category-economie"],"yoast_head":"<!-- This site is optimized with the Yoast SEO plugin v26.4 - https:\/\/yoast.com\/wordpress\/plugins\/seo\/ -->\n<title>Togo\u00a0: Lancement du processus d\u2019\u00e9laboration du Programme d\u2019investissement public 2026-2028 - La Voix de la Nation<\/title>\n<meta name=\"robots\" content=\"index, follow, max-snippet:-1, max-image-preview:large, max-video-preview:-1\" \/>\n<link rel=\"canonical\" href=\"https:\/\/lavoixdelanation.tg\/index.php\/2025\/02\/03\/togo-lancement-du-processus-delaboration-du-programme-dinvestissement-public-2026-2028\/\" \/>\n<meta property=\"og:locale\" content=\"fr_FR\" \/>\n<meta property=\"og:type\" content=\"article\" \/>\n<meta property=\"og:title\" content=\"Togo\u00a0: Lancement du processus d\u2019\u00e9laboration du Programme d\u2019investissement public 2026-2028 - La Voix de la Nation\" \/>\n<meta property=\"og:description\" content=\"Le Togo pr\u00e9pare l\u2019\u00e9laboration de son Programme d\u2019investissement public (PIP) 2026-2028. Le processus a \u00e9t\u00e9 officiellement lanc\u00e9 le 30 janvier 2025 \u00e0 Lom\u00e9 par Edj\u00e9ou Essohanam, Directeur de Cabinet du&hellip;\" \/>\n<meta property=\"og:url\" content=\"https:\/\/lavoixdelanation.tg\/index.php\/2025\/02\/03\/togo-lancement-du-processus-delaboration-du-programme-dinvestissement-public-2026-2028\/\" \/>\n<meta property=\"og:site_name\" content=\"La Voix de la Nation\" \/>\n<meta property=\"article:publisher\" content=\"https:\/\/www.facebook.com\/lavoixdelanation\" \/>\n<meta property=\"article:published_time\" content=\"2025-02-03T14:01:37+00:00\" \/>\n<meta property=\"og:image\" content=\"https:\/\/lavoixdelanation.tg\/wp-content\/uploads\/2025\/02\/Lancement-du-processus-delaboration-du-Programme-dinvestissement-public-2026-2028-du-Togo.jpg\" \/>\n\t<meta property=\"og:image:width\" content=\"700\" \/>\n\t<meta property=\"og:image:height\" content=\"442\" \/>\n\t<meta property=\"og:image:type\" content=\"image\/jpeg\" \/>\n<meta name=\"author\" content=\"La voix de la nation\" \/>\n<meta name=\"twitter:card\" content=\"summary_large_image\" \/>\n<meta name=\"twitter:label1\" content=\"\u00c9crit par\" \/>\n\t<meta name=\"twitter:data1\" content=\"La voix de la nation\" \/>\n\t<meta name=\"twitter:label2\" content=\"Dur\u00e9e de lecture estim\u00e9e\" \/>\n\t<meta name=\"twitter:data2\" content=\"3 minutes\" \/>\n<script type=\"application\/ld+json\" class=\"yoast-schema-graph\">{\"@context\":\"https:\/\/schema.org\",\"@graph\":[{\"@type\":\"Article\",\"@id\":\"https:\/\/lavoixdelanation.tg\/index.php\/2025\/02\/03\/togo-lancement-du-processus-delaboration-du-programme-dinvestissement-public-2026-2028\/#article\",\"isPartOf\":{\"@id\":\"https:\/\/lavoixdelanation.tg\/index.php\/2025\/02\/03\/togo-lancement-du-processus-delaboration-du-programme-dinvestissement-public-2026-2028\/\"},\"author\":{\"name\":\"La voix de la nation\",\"@id\":\"https:\/\/lavoixdelanation.tg\/#\/schema\/person\/6c489293aa38053673a9e554acb6e224\"},\"headline\":\"Togo\u00a0: Lancement du processus d\u2019\u00e9laboration du Programme d\u2019investissement public 2026-2028\",\"datePublished\":\"2025-02-03T14:01:37+00:00\",\"mainEntityOfPage\":{\"@id\":\"https:\/\/lavoixdelanation.tg\/index.php\/2025\/02\/03\/togo-lancement-du-processus-delaboration-du-programme-dinvestissement-public-2026-2028\/\"},\"wordCount\":490,\"commentCount\":0,\"publisher\":{\"@id\":\"https:\/\/lavoixdelanation.tg\/#organization\"},\"image\":{\"@id\":\"https:\/\/lavoixdelanation.tg\/index.php\/2025\/02\/03\/togo-lancement-du-processus-delaboration-du-programme-dinvestissement-public-2026-2028\/#primaryimage\"},\"thumbnailUrl\":\"https:\/\/lavoixdelanation.tg\/wp-content\/uploads\/2025\/02\/Lancement-du-processus-delaboration-du-Programme-dinvestissement-public-2026-2028-du-Togo.jpg\",\"articleSection\":[\"Economie\"],\"inLanguage\":\"fr-FR\",\"potentialAction\":[{\"@type\":\"CommentAction\",\"name\":\"Comment\",\"target\":[\"https:\/\/lavoixdelanation.tg\/index.php\/2025\/02\/03\/togo-lancement-du-processus-delaboration-du-programme-dinvestissement-public-2026-2028\/#respond\"]}]},{\"@type\":\"WebPage\",\"@id\":\"https:\/\/lavoixdelanation.tg\/index.php\/2025\/02\/03\/togo-lancement-du-processus-delaboration-du-programme-dinvestissement-public-2026-2028\/\",\"url\":\"https:\/\/lavoixdelanation.tg\/index.php\/2025\/02\/03\/togo-lancement-du-processus-delaboration-du-programme-dinvestissement-public-2026-2028\/\",\"name\":\"Togo\u00a0: Lancement du processus d\u2019\u00e9laboration du Programme d\u2019investissement public 2026-2028 - La Voix de la Nation\",\"isPartOf\":{\"@id\":\"https:\/\/lavoixdelanation.tg\/#website\"},\"primaryImageOfPage\":{\"@id\":\"https:\/\/lavoixdelanation.tg\/index.php\/2025\/02\/03\/togo-lancement-du-processus-delaboration-du-programme-dinvestissement-public-2026-2028\/#primaryimage\"},\"image\":{\"@id\":\"https:\/\/lavoixdelanation.tg\/index.php\/2025\/02\/03\/togo-lancement-du-processus-delaboration-du-programme-dinvestissement-public-2026-2028\/#primaryimage\"},\"thumbnailUrl\":\"https:\/\/lavoixdelanation.tg\/wp-content\/uploads\/2025\/02\/Lancement-du-processus-delaboration-du-Programme-dinvestissement-public-2026-2028-du-Togo.jpg\",\"datePublished\":\"2025-02-03T14:01:37+00:00\",\"breadcrumb\":{\"@id\":\"https:\/\/lavoixdelanation.tg\/index.php\/2025\/02\/03\/togo-lancement-du-processus-delaboration-du-programme-dinvestissement-public-2026-2028\/#breadcrumb\"},\"inLanguage\":\"fr-FR\",\"potentialAction\":[{\"@type\":\"ReadAction\",\"target\":[\"https:\/\/lavoixdelanation.tg\/index.php\/2025\/02\/03\/togo-lancement-du-processus-delaboration-du-programme-dinvestissement-public-2026-2028\/\"]}]},{\"@type\":\"ImageObject\",\"inLanguage\":\"fr-FR\",\"@id\":\"https:\/\/lavoixdelanation.tg\/index.php\/2025\/02\/03\/togo-lancement-du-processus-delaboration-du-programme-dinvestissement-public-2026-2028\/#primaryimage\",\"url\":\"https:\/\/lavoixdelanation.tg\/wp-content\/uploads\/2025\/02\/Lancement-du-processus-delaboration-du-Programme-dinvestissement-public-2026-2028-du-Togo.jpg\",\"contentUrl\":\"https:\/\/lavoixdelanation.tg\/wp-content\/uploads\/2025\/02\/Lancement-du-processus-delaboration-du-Programme-dinvestissement-public-2026-2028-du-Togo.jpg\",\"width\":700,\"height\":442},{\"@type\":\"BreadcrumbList\",\"@id\":\"https:\/\/lavoixdelanation.tg\/index.php\/2025\/02\/03\/togo-lancement-du-processus-delaboration-du-programme-dinvestissement-public-2026-2028\/#breadcrumb\",\"itemListElement\":[{\"@type\":\"ListItem\",\"position\":1,\"name\":\"Accueil\",\"item\":\"https:\/\/lavoixdelanation.tg\/\"},{\"@type\":\"ListItem\",\"position\":2,\"name\":\"Togo\u00a0: Lancement du processus d\u2019\u00e9laboration du Programme d\u2019investissement public 2026-2028\"}]},{\"@type\":\"WebSite\",\"@id\":\"https:\/\/lavoixdelanation.tg\/#website\",\"url\":\"https:\/\/lavoixdelanation.tg\/\",\"name\":\"La Voix de la Nation\",\"description\":\"R\u00e9c\u00e9piss\u00e9 n\u00b00108\/HAAC\/01-2024\/pl\/P\",\"publisher\":{\"@id\":\"https:\/\/lavoixdelanation.tg\/#organization\"},\"alternateName\":\"VON\",\"potentialAction\":[{\"@type\":\"SearchAction\",\"target\":{\"@type\":\"EntryPoint\",\"urlTemplate\":\"https:\/\/lavoixdelanation.tg\/?s={search_term_string}\"},\"query-input\":{\"@type\":\"PropertyValueSpecification\",\"valueRequired\":true,\"valueName\":\"search_term_string\"}}],\"inLanguage\":\"fr-FR\"},{\"@type\":\"Organization\",\"@id\":\"https:\/\/lavoixdelanation.tg\/#organization\",\"name\":\"La Voix de la Nation\",\"url\":\"https:\/\/lavoixdelanation.tg\/\",\"logo\":{\"@type\":\"ImageObject\",\"inLanguage\":\"fr-FR\",\"@id\":\"https:\/\/lavoixdelanation.tg\/#\/schema\/logo\/image\/\",\"url\":\"https:\/\/lavoixdelanation.tg\/wp-content\/uploads\/2024\/12\/lavn-1.png\",\"contentUrl\":\"https:\/\/lavoixdelanation.tg\/wp-content\/uploads\/2024\/12\/lavn-1.png\",\"width\":1024,\"height\":464,\"caption\":\"La Voix de la Nation\"},\"image\":{\"@id\":\"https:\/\/lavoixdelanation.tg\/#\/schema\/logo\/image\/\"},\"sameAs\":[\"https:\/\/www.facebook.com\/lavoixdelanation\"]},{\"@type\":\"Person\",\"@id\":\"https:\/\/lavoixdelanation.tg\/#\/schema\/person\/6c489293aa38053673a9e554acb6e224\",\"name\":\"La voix de la nation\",\"image\":{\"@type\":\"ImageObject\",\"inLanguage\":\"fr-FR\",\"@id\":\"https:\/\/lavoixdelanation.tg\/#\/schema\/person\/image\/\",\"url\":\"https:\/\/secure.gravatar.com\/avatar\/8aa135d4bbc794494cecaa8d483f6d6cc1023624868deaff686baed5e727a5a1?s=96&d=mm&r=g\",\"contentUrl\":\"https:\/\/secure.gravatar.com\/avatar\/8aa135d4bbc794494cecaa8d483f6d6cc1023624868deaff686baed5e727a5a1?s=96&d=mm&r=g\",\"caption\":\"La voix de la nation\"},\"sameAs\":[\"https:\/\/lavoixdelanation.tg\"],\"url\":\"https:\/\/lavoixdelanation.tg\/index.php\/author\/lavn\/\"}]}<\/script>\n<!-- \/ Yoast SEO plugin. -->","yoast_head_json":{"title":"Togo\u00a0: Lancement du processus d\u2019\u00e9laboration du Programme d\u2019investissement public 2026-2028 - La Voix de la Nation","robots":{"index":"index","follow":"follow","max-snippet":"max-snippet:-1","max-image-preview":"max-image-preview:large","max-video-preview":"max-video-preview:-1"},"canonical":"https:\/\/lavoixdelanation.tg\/index.php\/2025\/02\/03\/togo-lancement-du-processus-delaboration-du-programme-dinvestissement-public-2026-2028\/","og_locale":"fr_FR","og_type":"article","og_title":"Togo\u00a0: Lancement du processus d\u2019\u00e9laboration du Programme d\u2019investissement public 2026-2028 - La Voix de la Nation","og_description":"Le Togo pr\u00e9pare l\u2019\u00e9laboration de son Programme d\u2019investissement public (PIP) 2026-2028. Le processus a \u00e9t\u00e9 officiellement lanc\u00e9 le 30 janvier 2025 \u00e0 Lom\u00e9 par Edj\u00e9ou Essohanam, Directeur de Cabinet du&hellip;","og_url":"https:\/\/lavoixdelanation.tg\/index.php\/2025\/02\/03\/togo-lancement-du-processus-delaboration-du-programme-dinvestissement-public-2026-2028\/","og_site_name":"La Voix de la Nation","article_publisher":"https:\/\/www.facebook.com\/lavoixdelanation","article_published_time":"2025-02-03T14:01:37+00:00","og_image":[{"width":700,"height":442,"url":"https:\/\/lavoixdelanation.tg\/wp-content\/uploads\/2025\/02\/Lancement-du-processus-delaboration-du-Programme-dinvestissement-public-2026-2028-du-Togo.jpg","type":"image\/jpeg"}],"author":"La voix de la nation","twitter_card":"summary_large_image","twitter_misc":{"\u00c9crit par":"La voix de la nation","Dur\u00e9e de lecture estim\u00e9e":"3 minutes"},"schema":{"@context":"https:\/\/schema.org","@graph":[{"@type":"Article","@id":"https:\/\/lavoixdelanation.tg\/index.php\/2025\/02\/03\/togo-lancement-du-processus-delaboration-du-programme-dinvestissement-public-2026-2028\/#article","isPartOf":{"@id":"https:\/\/lavoixdelanation.tg\/index.php\/2025\/02\/03\/togo-lancement-du-processus-delaboration-du-programme-dinvestissement-public-2026-2028\/"},"author":{"name":"La voix de la nation","@id":"https:\/\/lavoixdelanation.tg\/#\/schema\/person\/6c489293aa38053673a9e554acb6e224"},"headline":"Togo\u00a0: Lancement du processus d\u2019\u00e9laboration du Programme d\u2019investissement public 2026-2028","datePublished":"2025-02-03T14:01:37+00:00","mainEntityOfPage":{"@id":"https:\/\/lavoixdelanation.tg\/index.php\/2025\/02\/03\/togo-lancement-du-processus-delaboration-du-programme-dinvestissement-public-2026-2028\/"},"wordCount":490,"commentCount":0,"publisher":{"@id":"https:\/\/lavoixdelanation.tg\/#organization"},"image":{"@id":"https:\/\/lavoixdelanation.tg\/index.php\/2025\/02\/03\/togo-lancement-du-processus-delaboration-du-programme-dinvestissement-public-2026-2028\/#primaryimage"},"thumbnailUrl":"https:\/\/lavoixdelanation.tg\/wp-content\/uploads\/2025\/02\/Lancement-du-processus-delaboration-du-Programme-dinvestissement-public-2026-2028-du-Togo.jpg","articleSection":["Economie"],"inLanguage":"fr-FR","potentialAction":[{"@type":"CommentAction","name":"Comment","target":["https:\/\/lavoixdelanation.tg\/index.php\/2025\/02\/03\/togo-lancement-du-processus-delaboration-du-programme-dinvestissement-public-2026-2028\/#respond"]}]},{"@type":"WebPage","@id":"https:\/\/lavoixdelanation.tg\/index.php\/2025\/02\/03\/togo-lancement-du-processus-delaboration-du-programme-dinvestissement-public-2026-2028\/","url":"https:\/\/lavoixdelanation.tg\/index.php\/2025\/02\/03\/togo-lancement-du-processus-delaboration-du-programme-dinvestissement-public-2026-2028\/","name":"Togo\u00a0: Lancement du processus d\u2019\u00e9laboration du Programme d\u2019investissement public 2026-2028 - La Voix de la Nation","isPartOf":{"@id":"https:\/\/lavoixdelanation.tg\/#website"},"primaryImageOfPage":{"@id":"https:\/\/lavoixdelanation.tg\/index.php\/2025\/02\/03\/togo-lancement-du-processus-delaboration-du-programme-dinvestissement-public-2026-2028\/#primaryimage"},"image":{"@id":"https:\/\/lavoixdelanation.tg\/index.php\/2025\/02\/03\/togo-lancement-du-processus-delaboration-du-programme-dinvestissement-public-2026-2028\/#primaryimage"},"thumbnailUrl":"https:\/\/lavoixdelanation.tg\/wp-content\/uploads\/2025\/02\/Lancement-du-processus-delaboration-du-Programme-dinvestissement-public-2026-2028-du-Togo.jpg","datePublished":"2025-02-03T14:01:37+00:00","breadcrumb":{"@id":"https:\/\/lavoixdelanation.tg\/index.php\/2025\/02\/03\/togo-lancement-du-processus-delaboration-du-programme-dinvestissement-public-2026-2028\/#breadcrumb"},"inLanguage":"fr-FR","potentialAction":[{"@type":"ReadAction","target":["https:\/\/lavoixdelanation.tg\/index.php\/2025\/02\/03\/togo-lancement-du-processus-delaboration-du-programme-dinvestissement-public-2026-2028\/"]}]},{"@type":"ImageObject","inLanguage":"fr-FR","@id":"https:\/\/lavoixdelanation.tg\/index.php\/2025\/02\/03\/togo-lancement-du-processus-delaboration-du-programme-dinvestissement-public-2026-2028\/#primaryimage","url":"https:\/\/lavoixdelanation.tg\/wp-content\/uploads\/2025\/02\/Lancement-du-processus-delaboration-du-Programme-dinvestissement-public-2026-2028-du-Togo.jpg","contentUrl":"https:\/\/lavoixdelanation.tg\/wp-content\/uploads\/2025\/02\/Lancement-du-processus-delaboration-du-Programme-dinvestissement-public-2026-2028-du-Togo.jpg","width":700,"height":442},{"@type":"BreadcrumbList","@id":"https:\/\/lavoixdelanation.tg\/index.php\/2025\/02\/03\/togo-lancement-du-processus-delaboration-du-programme-dinvestissement-public-2026-2028\/#breadcrumb","itemListElement":[{"@type":"ListItem","position":1,"name":"Accueil","item":"https:\/\/lavoixdelanation.tg\/"},{"@type":"ListItem","position":2,"name":"Togo\u00a0: Lancement du processus d\u2019\u00e9laboration du Programme d\u2019investissement public 2026-2028"}]},{"@type":"WebSite","@id":"https:\/\/lavoixdelanation.tg\/#website","url":"https:\/\/lavoixdelanation.tg\/","name":"La Voix de la Nation","description":"R\u00e9c\u00e9piss\u00e9 n\u00b00108\/HAAC\/01-2024\/pl\/P","publisher":{"@id":"https:\/\/lavoixdelanation.tg\/#organization"},"alternateName":"VON","potentialAction":[{"@type":"SearchAction","target":{"@type":"EntryPoint","urlTemplate":"https:\/\/lavoixdelanation.tg\/?s={search_term_string}"},"query-input":{"@type":"PropertyValueSpecification","valueRequired":true,"valueName":"search_term_string"}}],"inLanguage":"fr-FR"},{"@type":"Organization","@id":"https:\/\/lavoixdelanation.tg\/#organization","name":"La Voix de la Nation","url":"https:\/\/lavoixdelanation.tg\/","logo":{"@type":"ImageObject","inLanguage":"fr-FR","@id":"https:\/\/lavoixdelanation.tg\/#\/schema\/logo\/image\/","url":"https:\/\/lavoixdelanation.tg\/wp-content\/uploads\/2024\/12\/lavn-1.png","contentUrl":"https:\/\/lavoixdelanation.tg\/wp-content\/uploads\/2024\/12\/lavn-1.png","width":1024,"height":464,"caption":"La Voix de la Nation"},"image":{"@id":"https:\/\/lavoixdelanation.tg\/#\/schema\/logo\/image\/"},"sameAs":["https:\/\/www.facebook.com\/lavoixdelanation"]},{"@type":"Person","@id":"https:\/\/lavoixdelanation.tg\/#\/schema\/person\/6c489293aa38053673a9e554acb6e224","name":"La voix de la nation","image":{"@type":"ImageObject","inLanguage":"fr-FR","@id":"https:\/\/lavoixdelanation.tg\/#\/schema\/person\/image\/","url":"https:\/\/secure.gravatar.com\/avatar\/8aa135d4bbc794494cecaa8d483f6d6cc1023624868deaff686baed5e727a5a1?s=96&d=mm&r=g","contentUrl":"https:\/\/secure.gravatar.com\/avatar\/8aa135d4bbc794494cecaa8d483f6d6cc1023624868deaff686baed5e727a5a1?s=96&d=mm&r=g","caption":"La voix de la nation"},"sameAs":["https:\/\/lavoixdelanation.tg"],"url":"https:\/\/lavoixdelanation.tg\/index.php\/author\/lavn\/"}]}},"_links":{"self":[{"href":"https:\/\/lavoixdelanation.tg\/index.php\/wp-json\/wp\/v2\/posts\/2083","targetHints":{"allow":["GET"]}}],"collection":[{"href":"https:\/\/lavoixdelanation.tg\/index.php\/wp-json\/wp\/v2\/posts"}],"about":[{"href":"https:\/\/lavoixdelanation.tg\/index.php\/wp-json\/wp\/v2\/types\/post"}],"author":[{"embeddable":true,"href":"https:\/\/lavoixdelanation.tg\/index.php\/wp-json\/wp\/v2\/users\/1"}],"replies":[{"embeddable":true,"href":"https:\/\/lavoixdelanation.tg\/index.php\/wp-json\/wp\/v2\/comments?post=2083"}],"version-history":[{"count":1,"href":"https:\/\/lavoixdelanation.tg\/index.php\/wp-json\/wp\/v2\/posts\/2083\/revisions"}],"predecessor-version":[{"id":2085,"href":"https:\/\/lavoixdelanation.tg\/index.php\/wp-json\/wp\/v2\/posts\/2083\/revisions\/2085"}],"wp:featuredmedia":[{"embeddable":true,"href":"https:\/\/lavoixdelanation.tg\/index.php\/wp-json\/wp\/v2\/media\/2084"}],"wp:attachment":[{"href":"https:\/\/lavoixdelanation.tg\/index.php\/wp-json\/wp\/v2\/media?parent=2083"}],"wp:term":[{"taxonomy":"category","embeddable":true,"href":"https:\/\/lavoixdelanation.tg\/index.php\/wp-json\/wp\/v2\/categories?post=2083"},{"taxonomy":"post_tag","embeddable":true,"href":"https:\/\/lavoixdelanation.tg\/index.php\/wp-json\/wp\/v2\/tags?post=2083"}],"curies":[{"name":"wp","href":"https:\/\/api.w.org\/{rel}","templated":true}]}}