{"id":2017,"date":"2025-01-26T18:50:52","date_gmt":"2025-01-26T17:50:52","guid":{"rendered":"https:\/\/lavoixdelanation.tg\/?p=2017"},"modified":"2025-01-26T18:50:53","modified_gmt":"2025-01-26T17:50:53","slug":"le-togo-operationnalise-son-1er-centre-des-maladies-infectieuses-cmi","status":"publish","type":"post","link":"https:\/\/lavoixdelanation.tg\/index.php\/2025\/01\/26\/le-togo-operationnalise-son-1er-centre-des-maladies-infectieuses-cmi\/","title":{"rendered":"Le Togo op\u00e9rationnalise son 1er Centre des maladies infectieuses (CMI)"},"content":{"rendered":"\n<p><strong>Le premier Centre des maladies infectieuses (CMI) est d\u00e9sormais op\u00e9rationnel au Togo. Bas\u00e9e \u00e0 Kara au nord du pays, il s\u2019agit d\u2019une infrastructure moderne et multifonctionnelle dot\u00e9e d\u2019une capacit\u00e9 d\u2019accueil de 43 lits avec des \u00e9quipements de pointe.<\/strong><\/p>\n\n\n\n<p>Construite dans le cadre du Programme de renforcement du syst\u00e8me sanitaire-sant\u00e9 reproductive et droits sexuels (PRSS-SRDS), le CMI de Kara est une structure de prise en charge des maladies infectieuses en situation normale et en situation d\u2019\u00e9pid\u00e9mie, comme p\u00f4le septentrional de gestion et de traitement des maladies \u00e0 potentiel \u00e9pid\u00e9mique.<\/p>\n\n\n\n<p>La formation sanitaire sp\u00e9cialis\u00e9e int\u00e8gre une unit\u00e9 de soins intensifs moderne pour les cas critiques, un service d\u2019hospitalisation pour des prises en charge complexes et une pharmacie pour assurer l\u2019approvisionnement en m\u00e9dicaments essentiels.<\/p>\n\n\n\n<p>Le centre dispose par ailleurs de services annexes cruciaux tels qu\u2019une unit\u00e9 de d\u00e9pistage et de st\u00e9rilisation, une buanderie, un espace de traitement des d\u00e9chets m\u00e9dicaux et une morgue.<\/p>\n\n\n\n<p>Un accent particulier est mis sur la sant\u00e9 des femmes, notamment les femmes enceintes et en \u00e2ge de procr\u00e9er, t\u00e9moignant de la priorit\u00e9 donn\u00e9e par le gouvernement \u00e0 la sant\u00e9 reproductive.<\/p>\n\n\n\n<p>Evalu\u00e9s \u00e0 plus de 02 milliards de F CFA, les travaux ont \u00e9t\u00e9 financ\u00e9s par le gouvernement avec la contribution des partenaires internationaux en particulier l\u2019Allemagne \u00e0 travers la coop\u00e9ration allemande de d\u00e9veloppement (KfW) et Construction of Change (donateurs am\u00e9ricains) \u00e0 travers l\u2019ONG Sant\u00e9 Int\u00e9gr\u00e9e.<\/p>\n\n\n\n<p>Au cours d\u2019une visite sur le site ce 24 janvier 2025, le chef de l\u2019Etat Faure Gnassingb\u00e9 a \u00e9chang\u00e9 avec les m\u00e9decins et chercheurs, recueillant leurs besoins afin d\u2019am\u00e9liorer les conditions de travail et les services offerts aux populations en particulier celles des zones vuln\u00e9rables.<\/p>\n\n\n\n<p>Il faut souligner que l\u2019op\u00e9rationnalisation de ce centre s\u2019inscrit selon le gouvernement, dans une vision globale d\u2019un Togo en pleine mutation, alliant modernit\u00e9 et acc\u00e8s \u00e9quitable aux services sociaux de base. Il repr\u00e9sente \u00e9galement une avanc\u00e9e majeure pour la r\u00e9silience du syst\u00e8me de sant\u00e9 face aux pand\u00e9mies et maladies \u00e9mergentes.<\/p>\n\n\n\n<p><strong>Cris DADA<\/strong><\/p>\n","protected":false},"excerpt":{"rendered":"<p>Le premier Centre des maladies infectieuses (CMI) est d\u00e9sormais op\u00e9rationnel au Togo. Bas\u00e9e \u00e0 Kara au nord du pays, il s\u2019agit d\u2019une infrastructure moderne et multifonctionnelle dot\u00e9e d\u2019une capacit\u00e9 d\u2019accueil&hellip; <\/p>\n","protected":false},"author":1,"featured_media":2018,"comment_status":"open","ping_status":"open","sticky":false,"template":"","format":"standard","meta":{"footnotes":""},"categories":[7,29],"tags":[],"class_list":["post-2017","post","type-post","status-publish","format-standard","has-post-thumbnail","hentry","category-sante","category-societe"],"yoast_head":"<!-- This site is optimized with the Yoast SEO plugin v26.4 - https:\/\/yoast.com\/wordpress\/plugins\/seo\/ -->\n<title>Le Togo op\u00e9rationnalise son 1er Centre des maladies infectieuses (CMI) - La Voix de la Nation<\/title>\n<meta name=\"robots\" content=\"index, follow, max-snippet:-1, max-image-preview:large, max-video-preview:-1\" \/>\n<link rel=\"canonical\" href=\"https:\/\/lavoixdelanation.tg\/index.php\/2025\/01\/26\/le-togo-operationnalise-son-1er-centre-des-maladies-infectieuses-cmi\/\" \/>\n<meta property=\"og:locale\" content=\"fr_FR\" \/>\n<meta property=\"og:type\" content=\"article\" \/>\n<meta property=\"og:title\" content=\"Le Togo op\u00e9rationnalise son 1er Centre des maladies infectieuses (CMI) - La Voix de la Nation\" \/>\n<meta property=\"og:description\" content=\"Le premier Centre des maladies infectieuses (CMI) est d\u00e9sormais op\u00e9rationnel au Togo. Bas\u00e9e \u00e0 Kara au nord du pays, il s\u2019agit d\u2019une infrastructure moderne et multifonctionnelle dot\u00e9e d\u2019une capacit\u00e9 d\u2019accueil&hellip;\" \/>\n<meta property=\"og:url\" content=\"https:\/\/lavoixdelanation.tg\/index.php\/2025\/01\/26\/le-togo-operationnalise-son-1er-centre-des-maladies-infectieuses-cmi\/\" \/>\n<meta property=\"og:site_name\" content=\"La Voix de la Nation\" \/>\n<meta property=\"article:publisher\" content=\"https:\/\/www.facebook.com\/lavoixdelanation\" \/>\n<meta property=\"article:published_time\" content=\"2025-01-26T17:50:52+00:00\" \/>\n<meta property=\"article:modified_time\" content=\"2025-01-26T17:50:53+00:00\" \/>\n<meta property=\"og:image\" content=\"https:\/\/lavoixdelanation.tg\/wp-content\/uploads\/2025\/01\/Le-Togo-operationnalise-son-1er-Centre-des-maladies-infectieuses-CMI.jpg\" \/>\n\t<meta property=\"og:image:width\" content=\"1600\" \/>\n\t<meta property=\"og:image:height\" content=\"1066\" \/>\n\t<meta property=\"og:image:type\" content=\"image\/jpeg\" \/>\n<meta name=\"author\" content=\"La voix de la nation\" \/>\n<meta name=\"twitter:card\" content=\"summary_large_image\" \/>\n<meta name=\"twitter:label1\" content=\"\u00c9crit par\" \/>\n\t<meta name=\"twitter:data1\" content=\"La voix de la nation\" \/>\n\t<meta name=\"twitter:label2\" content=\"Dur\u00e9e de lecture estim\u00e9e\" \/>\n\t<meta name=\"twitter:data2\" content=\"2 minutes\" \/>\n<script type=\"application\/ld+json\" class=\"yoast-schema-graph\">{\"@context\":\"https:\/\/schema.org\",\"@graph\":[{\"@type\":\"Article\",\"@id\":\"https:\/\/lavoixdelanation.tg\/index.php\/2025\/01\/26\/le-togo-operationnalise-son-1er-centre-des-maladies-infectieuses-cmi\/#article\",\"isPartOf\":{\"@id\":\"https:\/\/lavoixdelanation.tg\/index.php\/2025\/01\/26\/le-togo-operationnalise-son-1er-centre-des-maladies-infectieuses-cmi\/\"},\"author\":{\"name\":\"La voix de la nation\",\"@id\":\"https:\/\/lavoixdelanation.tg\/#\/schema\/person\/6c489293aa38053673a9e554acb6e224\"},\"headline\":\"Le Togo op\u00e9rationnalise son 1er Centre des maladies infectieuses (CMI)\",\"datePublished\":\"2025-01-26T17:50:52+00:00\",\"dateModified\":\"2025-01-26T17:50:53+00:00\",\"mainEntityOfPage\":{\"@id\":\"https:\/\/lavoixdelanation.tg\/index.php\/2025\/01\/26\/le-togo-operationnalise-son-1er-centre-des-maladies-infectieuses-cmi\/\"},\"wordCount\":376,\"commentCount\":0,\"publisher\":{\"@id\":\"https:\/\/lavoixdelanation.tg\/#organization\"},\"image\":{\"@id\":\"https:\/\/lavoixdelanation.tg\/index.php\/2025\/01\/26\/le-togo-operationnalise-son-1er-centre-des-maladies-infectieuses-cmi\/#primaryimage\"},\"thumbnailUrl\":\"https:\/\/lavoixdelanation.tg\/wp-content\/uploads\/2025\/01\/Le-Togo-operationnalise-son-1er-Centre-des-maladies-infectieuses-CMI.jpg\",\"articleSection\":[\"Sant\u00e9\",\"Soci\u00e9t\u00e9\"],\"inLanguage\":\"fr-FR\",\"potentialAction\":[{\"@type\":\"CommentAction\",\"name\":\"Comment\",\"target\":[\"https:\/\/lavoixdelanation.tg\/index.php\/2025\/01\/26\/le-togo-operationnalise-son-1er-centre-des-maladies-infectieuses-cmi\/#respond\"]}]},{\"@type\":\"WebPage\",\"@id\":\"https:\/\/lavoixdelanation.tg\/index.php\/2025\/01\/26\/le-togo-operationnalise-son-1er-centre-des-maladies-infectieuses-cmi\/\",\"url\":\"https:\/\/lavoixdelanation.tg\/index.php\/2025\/01\/26\/le-togo-operationnalise-son-1er-centre-des-maladies-infectieuses-cmi\/\",\"name\":\"Le Togo op\u00e9rationnalise son 1er Centre des maladies infectieuses (CMI) - La Voix de la Nation\",\"isPartOf\":{\"@id\":\"https:\/\/lavoixdelanation.tg\/#website\"},\"primaryImageOfPage\":{\"@id\":\"https:\/\/lavoixdelanation.tg\/index.php\/2025\/01\/26\/le-togo-operationnalise-son-1er-centre-des-maladies-infectieuses-cmi\/#primaryimage\"},\"image\":{\"@id\":\"https:\/\/lavoixdelanation.tg\/index.php\/2025\/01\/26\/le-togo-operationnalise-son-1er-centre-des-maladies-infectieuses-cmi\/#primaryimage\"},\"thumbnailUrl\":\"https:\/\/lavoixdelanation.tg\/wp-content\/uploads\/2025\/01\/Le-Togo-operationnalise-son-1er-Centre-des-maladies-infectieuses-CMI.jpg\",\"datePublished\":\"2025-01-26T17:50:52+00:00\",\"dateModified\":\"2025-01-26T17:50:53+00:00\",\"breadcrumb\":{\"@id\":\"https:\/\/lavoixdelanation.tg\/index.php\/2025\/01\/26\/le-togo-operationnalise-son-1er-centre-des-maladies-infectieuses-cmi\/#breadcrumb\"},\"inLanguage\":\"fr-FR\",\"potentialAction\":[{\"@type\":\"ReadAction\",\"target\":[\"https:\/\/lavoixdelanation.tg\/index.php\/2025\/01\/26\/le-togo-operationnalise-son-1er-centre-des-maladies-infectieuses-cmi\/\"]}]},{\"@type\":\"ImageObject\",\"inLanguage\":\"fr-FR\",\"@id\":\"https:\/\/lavoixdelanation.tg\/index.php\/2025\/01\/26\/le-togo-operationnalise-son-1er-centre-des-maladies-infectieuses-cmi\/#primaryimage\",\"url\":\"https:\/\/lavoixdelanation.tg\/wp-content\/uploads\/2025\/01\/Le-Togo-operationnalise-son-1er-Centre-des-maladies-infectieuses-CMI.jpg\",\"contentUrl\":\"https:\/\/lavoixdelanation.tg\/wp-content\/uploads\/2025\/01\/Le-Togo-operationnalise-son-1er-Centre-des-maladies-infectieuses-CMI.jpg\",\"width\":1600,\"height\":1066},{\"@type\":\"BreadcrumbList\",\"@id\":\"https:\/\/lavoixdelanation.tg\/index.php\/2025\/01\/26\/le-togo-operationnalise-son-1er-centre-des-maladies-infectieuses-cmi\/#breadcrumb\",\"itemListElement\":[{\"@type\":\"ListItem\",\"position\":1,\"name\":\"Accueil\",\"item\":\"https:\/\/lavoixdelanation.tg\/\"},{\"@type\":\"ListItem\",\"position\":2,\"name\":\"Le Togo op\u00e9rationnalise son 1er Centre des maladies infectieuses (CMI)\"}]},{\"@type\":\"WebSite\",\"@id\":\"https:\/\/lavoixdelanation.tg\/#website\",\"url\":\"https:\/\/lavoixdelanation.tg\/\",\"name\":\"La Voix de la Nation\",\"description\":\"R\u00e9c\u00e9piss\u00e9 n\u00b00108\/HAAC\/01-2024\/pl\/P\",\"publisher\":{\"@id\":\"https:\/\/lavoixdelanation.tg\/#organization\"},\"alternateName\":\"VON\",\"potentialAction\":[{\"@type\":\"SearchAction\",\"target\":{\"@type\":\"EntryPoint\",\"urlTemplate\":\"https:\/\/lavoixdelanation.tg\/?s={search_term_string}\"},\"query-input\":{\"@type\":\"PropertyValueSpecification\",\"valueRequired\":true,\"valueName\":\"search_term_string\"}}],\"inLanguage\":\"fr-FR\"},{\"@type\":\"Organization\",\"@id\":\"https:\/\/lavoixdelanation.tg\/#organization\",\"name\":\"La Voix de la Nation\",\"url\":\"https:\/\/lavoixdelanation.tg\/\",\"logo\":{\"@type\":\"ImageObject\",\"inLanguage\":\"fr-FR\",\"@id\":\"https:\/\/lavoixdelanation.tg\/#\/schema\/logo\/image\/\",\"url\":\"https:\/\/lavoixdelanation.tg\/wp-content\/uploads\/2024\/12\/lavn-1.png\",\"contentUrl\":\"https:\/\/lavoixdelanation.tg\/wp-content\/uploads\/2024\/12\/lavn-1.png\",\"width\":1024,\"height\":464,\"caption\":\"La Voix de la Nation\"},\"image\":{\"@id\":\"https:\/\/lavoixdelanation.tg\/#\/schema\/logo\/image\/\"},\"sameAs\":[\"https:\/\/www.facebook.com\/lavoixdelanation\"]},{\"@type\":\"Person\",\"@id\":\"https:\/\/lavoixdelanation.tg\/#\/schema\/person\/6c489293aa38053673a9e554acb6e224\",\"name\":\"La voix de la nation\",\"image\":{\"@type\":\"ImageObject\",\"inLanguage\":\"fr-FR\",\"@id\":\"https:\/\/lavoixdelanation.tg\/#\/schema\/person\/image\/\",\"url\":\"https:\/\/secure.gravatar.com\/avatar\/8aa135d4bbc794494cecaa8d483f6d6cc1023624868deaff686baed5e727a5a1?s=96&d=mm&r=g\",\"contentUrl\":\"https:\/\/secure.gravatar.com\/avatar\/8aa135d4bbc794494cecaa8d483f6d6cc1023624868deaff686baed5e727a5a1?s=96&d=mm&r=g\",\"caption\":\"La voix de la nation\"},\"sameAs\":[\"https:\/\/lavoixdelanation.tg\"],\"url\":\"https:\/\/lavoixdelanation.tg\/index.php\/author\/lavn\/\"}]}<\/script>\n<!-- \/ Yoast SEO plugin. -->","yoast_head_json":{"title":"Le Togo op\u00e9rationnalise son 1er Centre des maladies infectieuses (CMI) - La Voix de la Nation","robots":{"index":"index","follow":"follow","max-snippet":"max-snippet:-1","max-image-preview":"max-image-preview:large","max-video-preview":"max-video-preview:-1"},"canonical":"https:\/\/lavoixdelanation.tg\/index.php\/2025\/01\/26\/le-togo-operationnalise-son-1er-centre-des-maladies-infectieuses-cmi\/","og_locale":"fr_FR","og_type":"article","og_title":"Le Togo op\u00e9rationnalise son 1er Centre des maladies infectieuses (CMI) - La Voix de la Nation","og_description":"Le premier Centre des maladies infectieuses (CMI) est d\u00e9sormais op\u00e9rationnel au Togo. Bas\u00e9e \u00e0 Kara au nord du pays, il s\u2019agit d\u2019une infrastructure moderne et multifonctionnelle dot\u00e9e d\u2019une capacit\u00e9 d\u2019accueil&hellip;","og_url":"https:\/\/lavoixdelanation.tg\/index.php\/2025\/01\/26\/le-togo-operationnalise-son-1er-centre-des-maladies-infectieuses-cmi\/","og_site_name":"La Voix de la Nation","article_publisher":"https:\/\/www.facebook.com\/lavoixdelanation","article_published_time":"2025-01-26T17:50:52+00:00","article_modified_time":"2025-01-26T17:50:53+00:00","og_image":[{"width":1600,"height":1066,"url":"https:\/\/lavoixdelanation.tg\/wp-content\/uploads\/2025\/01\/Le-Togo-operationnalise-son-1er-Centre-des-maladies-infectieuses-CMI.jpg","type":"image\/jpeg"}],"author":"La voix de la nation","twitter_card":"summary_large_image","twitter_misc":{"\u00c9crit par":"La voix de la nation","Dur\u00e9e de lecture estim\u00e9e":"2 minutes"},"schema":{"@context":"https:\/\/schema.org","@graph":[{"@type":"Article","@id":"https:\/\/lavoixdelanation.tg\/index.php\/2025\/01\/26\/le-togo-operationnalise-son-1er-centre-des-maladies-infectieuses-cmi\/#article","isPartOf":{"@id":"https:\/\/lavoixdelanation.tg\/index.php\/2025\/01\/26\/le-togo-operationnalise-son-1er-centre-des-maladies-infectieuses-cmi\/"},"author":{"name":"La voix de la nation","@id":"https:\/\/lavoixdelanation.tg\/#\/schema\/person\/6c489293aa38053673a9e554acb6e224"},"headline":"Le Togo op\u00e9rationnalise son 1er Centre des maladies infectieuses (CMI)","datePublished":"2025-01-26T17:50:52+00:00","dateModified":"2025-01-26T17:50:53+00:00","mainEntityOfPage":{"@id":"https:\/\/lavoixdelanation.tg\/index.php\/2025\/01\/26\/le-togo-operationnalise-son-1er-centre-des-maladies-infectieuses-cmi\/"},"wordCount":376,"commentCount":0,"publisher":{"@id":"https:\/\/lavoixdelanation.tg\/#organization"},"image":{"@id":"https:\/\/lavoixdelanation.tg\/index.php\/2025\/01\/26\/le-togo-operationnalise-son-1er-centre-des-maladies-infectieuses-cmi\/#primaryimage"},"thumbnailUrl":"https:\/\/lavoixdelanation.tg\/wp-content\/uploads\/2025\/01\/Le-Togo-operationnalise-son-1er-Centre-des-maladies-infectieuses-CMI.jpg","articleSection":["Sant\u00e9","Soci\u00e9t\u00e9"],"inLanguage":"fr-FR","potentialAction":[{"@type":"CommentAction","name":"Comment","target":["https:\/\/lavoixdelanation.tg\/index.php\/2025\/01\/26\/le-togo-operationnalise-son-1er-centre-des-maladies-infectieuses-cmi\/#respond"]}]},{"@type":"WebPage","@id":"https:\/\/lavoixdelanation.tg\/index.php\/2025\/01\/26\/le-togo-operationnalise-son-1er-centre-des-maladies-infectieuses-cmi\/","url":"https:\/\/lavoixdelanation.tg\/index.php\/2025\/01\/26\/le-togo-operationnalise-son-1er-centre-des-maladies-infectieuses-cmi\/","name":"Le Togo op\u00e9rationnalise son 1er Centre des maladies infectieuses (CMI) - La Voix de la Nation","isPartOf":{"@id":"https:\/\/lavoixdelanation.tg\/#website"},"primaryImageOfPage":{"@id":"https:\/\/lavoixdelanation.tg\/index.php\/2025\/01\/26\/le-togo-operationnalise-son-1er-centre-des-maladies-infectieuses-cmi\/#primaryimage"},"image":{"@id":"https:\/\/lavoixdelanation.tg\/index.php\/2025\/01\/26\/le-togo-operationnalise-son-1er-centre-des-maladies-infectieuses-cmi\/#primaryimage"},"thumbnailUrl":"https:\/\/lavoixdelanation.tg\/wp-content\/uploads\/2025\/01\/Le-Togo-operationnalise-son-1er-Centre-des-maladies-infectieuses-CMI.jpg","datePublished":"2025-01-26T17:50:52+00:00","dateModified":"2025-01-26T17:50:53+00:00","breadcrumb":{"@id":"https:\/\/lavoixdelanation.tg\/index.php\/2025\/01\/26\/le-togo-operationnalise-son-1er-centre-des-maladies-infectieuses-cmi\/#breadcrumb"},"inLanguage":"fr-FR","potentialAction":[{"@type":"ReadAction","target":["https:\/\/lavoixdelanation.tg\/index.php\/2025\/01\/26\/le-togo-operationnalise-son-1er-centre-des-maladies-infectieuses-cmi\/"]}]},{"@type":"ImageObject","inLanguage":"fr-FR","@id":"https:\/\/lavoixdelanation.tg\/index.php\/2025\/01\/26\/le-togo-operationnalise-son-1er-centre-des-maladies-infectieuses-cmi\/#primaryimage","url":"https:\/\/lavoixdelanation.tg\/wp-content\/uploads\/2025\/01\/Le-Togo-operationnalise-son-1er-Centre-des-maladies-infectieuses-CMI.jpg","contentUrl":"https:\/\/lavoixdelanation.tg\/wp-content\/uploads\/2025\/01\/Le-Togo-operationnalise-son-1er-Centre-des-maladies-infectieuses-CMI.jpg","width":1600,"height":1066},{"@type":"BreadcrumbList","@id":"https:\/\/lavoixdelanation.tg\/index.php\/2025\/01\/26\/le-togo-operationnalise-son-1er-centre-des-maladies-infectieuses-cmi\/#breadcrumb","itemListElement":[{"@type":"ListItem","position":1,"name":"Accueil","item":"https:\/\/lavoixdelanation.tg\/"},{"@type":"ListItem","position":2,"name":"Le Togo op\u00e9rationnalise son 1er Centre des maladies infectieuses (CMI)"}]},{"@type":"WebSite","@id":"https:\/\/lavoixdelanation.tg\/#website","url":"https:\/\/lavoixdelanation.tg\/","name":"La Voix de la Nation","description":"R\u00e9c\u00e9piss\u00e9 n\u00b00108\/HAAC\/01-2024\/pl\/P","publisher":{"@id":"https:\/\/lavoixdelanation.tg\/#organization"},"alternateName":"VON","potentialAction":[{"@type":"SearchAction","target":{"@type":"EntryPoint","urlTemplate":"https:\/\/lavoixdelanation.tg\/?s={search_term_string}"},"query-input":{"@type":"PropertyValueSpecification","valueRequired":true,"valueName":"search_term_string"}}],"inLanguage":"fr-FR"},{"@type":"Organization","@id":"https:\/\/lavoixdelanation.tg\/#organization","name":"La Voix de la Nation","url":"https:\/\/lavoixdelanation.tg\/","logo":{"@type":"ImageObject","inLanguage":"fr-FR","@id":"https:\/\/lavoixdelanation.tg\/#\/schema\/logo\/image\/","url":"https:\/\/lavoixdelanation.tg\/wp-content\/uploads\/2024\/12\/lavn-1.png","contentUrl":"https:\/\/lavoixdelanation.tg\/wp-content\/uploads\/2024\/12\/lavn-1.png","width":1024,"height":464,"caption":"La Voix de la Nation"},"image":{"@id":"https:\/\/lavoixdelanation.tg\/#\/schema\/logo\/image\/"},"sameAs":["https:\/\/www.facebook.com\/lavoixdelanation"]},{"@type":"Person","@id":"https:\/\/lavoixdelanation.tg\/#\/schema\/person\/6c489293aa38053673a9e554acb6e224","name":"La voix de la nation","image":{"@type":"ImageObject","inLanguage":"fr-FR","@id":"https:\/\/lavoixdelanation.tg\/#\/schema\/person\/image\/","url":"https:\/\/secure.gravatar.com\/avatar\/8aa135d4bbc794494cecaa8d483f6d6cc1023624868deaff686baed5e727a5a1?s=96&d=mm&r=g","contentUrl":"https:\/\/secure.gravatar.com\/avatar\/8aa135d4bbc794494cecaa8d483f6d6cc1023624868deaff686baed5e727a5a1?s=96&d=mm&r=g","caption":"La voix de la nation"},"sameAs":["https:\/\/lavoixdelanation.tg"],"url":"https:\/\/lavoixdelanation.tg\/index.php\/author\/lavn\/"}]}},"_links":{"self":[{"href":"https:\/\/lavoixdelanation.tg\/index.php\/wp-json\/wp\/v2\/posts\/2017","targetHints":{"allow":["GET"]}}],"collection":[{"href":"https:\/\/lavoixdelanation.tg\/index.php\/wp-json\/wp\/v2\/posts"}],"about":[{"href":"https:\/\/lavoixdelanation.tg\/index.php\/wp-json\/wp\/v2\/types\/post"}],"author":[{"embeddable":true,"href":"https:\/\/lavoixdelanation.tg\/index.php\/wp-json\/wp\/v2\/users\/1"}],"replies":[{"embeddable":true,"href":"https:\/\/lavoixdelanation.tg\/index.php\/wp-json\/wp\/v2\/comments?post=2017"}],"version-history":[{"count":1,"href":"https:\/\/lavoixdelanation.tg\/index.php\/wp-json\/wp\/v2\/posts\/2017\/revisions"}],"predecessor-version":[{"id":2019,"href":"https:\/\/lavoixdelanation.tg\/index.php\/wp-json\/wp\/v2\/posts\/2017\/revisions\/2019"}],"wp:featuredmedia":[{"embeddable":true,"href":"https:\/\/lavoixdelanation.tg\/index.php\/wp-json\/wp\/v2\/media\/2018"}],"wp:attachment":[{"href":"https:\/\/lavoixdelanation.tg\/index.php\/wp-json\/wp\/v2\/media?parent=2017"}],"wp:term":[{"taxonomy":"category","embeddable":true,"href":"https:\/\/lavoixdelanation.tg\/index.php\/wp-json\/wp\/v2\/categories?post=2017"},{"taxonomy":"post_tag","embeddable":true,"href":"https:\/\/lavoixdelanation.tg\/index.php\/wp-json\/wp\/v2\/tags?post=2017"}],"curies":[{"name":"wp","href":"https:\/\/api.w.org\/{rel}","templated":true}]}}