{"id":2006,"date":"2025-01-25T09:07:18","date_gmt":"2025-01-25T08:07:18","guid":{"rendered":"https:\/\/lavoixdelanation.tg\/?p=2006"},"modified":"2025-01-25T10:09:16","modified_gmt":"2025-01-25T09:09:16","slug":"togo-faure-gnassingbe-inaugure-lhopital-dogta-lafie-annexe-de-kara","status":"publish","type":"post","link":"https:\/\/lavoixdelanation.tg\/index.php\/2025\/01\/25\/togo-faure-gnassingbe-inaugure-lhopital-dogta-lafie-annexe-de-kara\/","title":{"rendered":"Togo : Faure Gnassingb\u00e9 inaugure l\u2019h\u00f4pital Dogta-Lafi\u00e8, annexe de Kara"},"content":{"rendered":"\n<p><strong>Le chef de l\u2019Etat Faure Gnassingb\u00e9 a proc\u00e9d\u00e9 ce vendredi 24 janvier 2025 \u00e0 l\u2019inauguration de l\u2019annexe Kara de l\u2019h\u00f4pital de r\u00e9f\u00e9rence de niveau 4, Dogta-Lafi\u00e8.<\/strong><\/p>\n\n\n\n<p>Il s\u2019agit d\u2019une infrastructure sanitaire de pointe qui r\u00e9pond ainsi \u00e0 la vision de promouvoir une sant\u00e9 publique de qualit\u00e9 sur l\u2019ensemble du territoire national.<\/p>\n\n\n\n<p>L\u2019implantation de ce grand p\u00f4le d\u2019am\u00e9lioration de l\u2019offre de service de sant\u00e9 et de soins de qualit\u00e9 \u00e0 toutes les populations du septentrion vient en effet renforcer selon le gouvernement, un maillage sanitaire dynamique dans tout le pays et repr\u00e9sente une \u00e9tape cruciale vers une meilleure accessibilit\u00e9 des soins de qualit\u00e9 \u00e0 un co\u00fbt abordable.<\/p>\n\n\n\n<p>Elle constitue ainsi un pas d\u00e9cisif vers une couverture sanitaire universelle, conform\u00e9ment \u00e0 la Feuille de route Togo gouvernementale 2025.<\/p>\n\n\n\n<p>\u00ab&nbsp;La construction et l\u2019\u00e9quipement de ce centre \u00e0 Kara, s\u2019arriment parfaitement \u00e0 l\u2019atteinte de l\u2019objectif de la couverture sanitaire universelle, une vision port\u00e9e par le chef de l\u2019\u00c9tat et qui est traduite dans la politique du gouvernement \u00e0 travers la Feuille de route 2020-2025 et op\u00e9rationnalis\u00e9e. L\u2019objectif est de permettre \u00e0 tous les concitoyens, quels que soient leur condition ou leur lieu de r\u00e9sidence, d\u2019acc\u00e9der \u00e0 des soins de sant\u00e9 de qualit\u00e9, ici m\u00eame au Togo, surtout au plus pr\u00e8s de chez eux&nbsp;\u00bb a indiqu\u00e9 Pr Tchin Darre, ministre de la Sant\u00e9 et de l\u2019hygi\u00e8ne publique.<\/p>\n\n\n\n<p class=\"has-text-align-center\"><strong>Les offres de service<\/strong><\/p>\n\n\n\n<p>L\u2019h\u00f4pital Dogta-Lafi\u00e8 de Kara offre des services d\u2019imagerie et de radiologie m\u00e9dicale, d\u2019h\u00e9modialyse, d\u2019ophtalmologie et d\u2019odonto-stomatologiques. Il est dot\u00e9 d\u2019\u00e9quipements de pointe pour des soins sp\u00e9cialis\u00e9s notamment une IRM de 1,5 tesla de haut champ, une premi\u00e8re au Togo, permettant des diagnostics pr\u00e9cis pour des pathologies complexes telles que celles du cerveau, du c\u0153ur ou de la prostate.<\/p>\n\n\n\n<figure class=\"wp-block-image size-full is-resized\"><img loading=\"lazy\" decoding=\"async\" width=\"700\" height=\"474\" src=\"https:\/\/lavoixdelanation.tg\/wp-content\/uploads\/2025\/01\/Hopital-Dogta-Lafie-de-Kara.jpg\" alt=\"\" class=\"wp-image-2008\" style=\"width:840px;height:auto\" srcset=\"https:\/\/lavoixdelanation.tg\/wp-content\/uploads\/2025\/01\/Hopital-Dogta-Lafie-de-Kara.jpg 700w, https:\/\/lavoixdelanation.tg\/wp-content\/uploads\/2025\/01\/Hopital-Dogta-Lafie-de-Kara-300x203.jpg 300w\" sizes=\"auto, (max-width: 700px) 100vw, 700px\" \/><\/figure>\n\n\n\n<p>Le Centre dispose aussi d\u2019une radiographie num\u00e9ris\u00e9e consacr\u00e9e aux examens sp\u00e9cifiques pour des pathologies canc\u00e9reuses ou des affections de l\u2019abdomen et du petit bassin.<\/p>\n\n\n\n<p>La Directrice g\u00e9n\u00e9rale de la Caisse nationale de s\u00e9curit\u00e9 sociale (CNSS), Mme Ingrid Awad\u00e9, institution r\u00e9alisatrice de ce projet innovant, a exprim\u00e9 sa gratitude au chhef de l\u2019Etat pour sa politique de promotion du bien-\u00eatre des populations.<\/p>\n","protected":false},"excerpt":{"rendered":"<p>Le chef de l\u2019Etat Faure Gnassingb\u00e9 a proc\u00e9d\u00e9 ce vendredi 24 janvier 2025 \u00e0 l\u2019inauguration de l\u2019annexe Kara de l\u2019h\u00f4pital de r\u00e9f\u00e9rence de niveau 4, Dogta-Lafi\u00e8. Il s\u2019agit d\u2019une infrastructure&hellip; <\/p>\n","protected":false},"author":1,"featured_media":2007,"comment_status":"open","ping_status":"open","sticky":false,"template":"","format":"standard","meta":{"footnotes":""},"categories":[7],"tags":[],"class_list":["post-2006","post","type-post","status-publish","format-standard","has-post-thumbnail","hentry","category-sante"],"yoast_head":"<!-- This site is optimized with the Yoast SEO plugin v26.4 - https:\/\/yoast.com\/wordpress\/plugins\/seo\/ -->\n<title>Togo : Faure Gnassingb\u00e9 inaugure l\u2019h\u00f4pital Dogta-Lafi\u00e8, annexe de Kara - La Voix de la Nation<\/title>\n<meta name=\"robots\" content=\"index, follow, max-snippet:-1, max-image-preview:large, max-video-preview:-1\" \/>\n<link rel=\"canonical\" href=\"https:\/\/lavoixdelanation.tg\/index.php\/2025\/01\/25\/togo-faure-gnassingbe-inaugure-lhopital-dogta-lafie-annexe-de-kara\/\" \/>\n<meta property=\"og:locale\" content=\"fr_FR\" \/>\n<meta property=\"og:type\" content=\"article\" \/>\n<meta property=\"og:title\" content=\"Togo : Faure Gnassingb\u00e9 inaugure l\u2019h\u00f4pital Dogta-Lafi\u00e8, annexe de Kara - La Voix de la Nation\" \/>\n<meta property=\"og:description\" content=\"Le chef de l\u2019Etat Faure Gnassingb\u00e9 a proc\u00e9d\u00e9 ce vendredi 24 janvier 2025 \u00e0 l\u2019inauguration de l\u2019annexe Kara de l\u2019h\u00f4pital de r\u00e9f\u00e9rence de niveau 4, Dogta-Lafi\u00e8. Il s\u2019agit d\u2019une infrastructure&hellip;\" \/>\n<meta property=\"og:url\" content=\"https:\/\/lavoixdelanation.tg\/index.php\/2025\/01\/25\/togo-faure-gnassingbe-inaugure-lhopital-dogta-lafie-annexe-de-kara\/\" \/>\n<meta property=\"og:site_name\" content=\"La Voix de la Nation\" \/>\n<meta property=\"article:publisher\" content=\"https:\/\/www.facebook.com\/lavoixdelanation\" \/>\n<meta property=\"article:published_time\" content=\"2025-01-25T08:07:18+00:00\" \/>\n<meta property=\"article:modified_time\" content=\"2025-01-25T09:09:16+00:00\" \/>\n<meta property=\"og:image\" content=\"https:\/\/lavoixdelanation.tg\/wp-content\/uploads\/2025\/01\/Faure-Gnassingbe-inaugure-lhopital-Dogta-Lafie-de-Kara.jpg\" \/>\n\t<meta property=\"og:image:width\" content=\"800\" \/>\n\t<meta property=\"og:image:height\" content=\"533\" \/>\n\t<meta property=\"og:image:type\" content=\"image\/jpeg\" \/>\n<meta name=\"author\" content=\"La voix de la nation\" \/>\n<meta name=\"twitter:card\" content=\"summary_large_image\" \/>\n<meta name=\"twitter:label1\" content=\"\u00c9crit par\" \/>\n\t<meta name=\"twitter:data1\" content=\"La voix de la nation\" \/>\n\t<meta name=\"twitter:label2\" content=\"Dur\u00e9e de lecture estim\u00e9e\" \/>\n\t<meta name=\"twitter:data2\" content=\"3 minutes\" \/>\n<script type=\"application\/ld+json\" class=\"yoast-schema-graph\">{\"@context\":\"https:\/\/schema.org\",\"@graph\":[{\"@type\":\"Article\",\"@id\":\"https:\/\/lavoixdelanation.tg\/index.php\/2025\/01\/25\/togo-faure-gnassingbe-inaugure-lhopital-dogta-lafie-annexe-de-kara\/#article\",\"isPartOf\":{\"@id\":\"https:\/\/lavoixdelanation.tg\/index.php\/2025\/01\/25\/togo-faure-gnassingbe-inaugure-lhopital-dogta-lafie-annexe-de-kara\/\"},\"author\":{\"name\":\"La voix de la nation\",\"@id\":\"https:\/\/lavoixdelanation.tg\/#\/schema\/person\/6c489293aa38053673a9e554acb6e224\"},\"headline\":\"Togo : Faure Gnassingb\u00e9 inaugure l\u2019h\u00f4pital Dogta-Lafi\u00e8, annexe de Kara\",\"datePublished\":\"2025-01-25T08:07:18+00:00\",\"dateModified\":\"2025-01-25T09:09:16+00:00\",\"mainEntityOfPage\":{\"@id\":\"https:\/\/lavoixdelanation.tg\/index.php\/2025\/01\/25\/togo-faure-gnassingbe-inaugure-lhopital-dogta-lafie-annexe-de-kara\/\"},\"wordCount\":407,\"commentCount\":0,\"publisher\":{\"@id\":\"https:\/\/lavoixdelanation.tg\/#organization\"},\"image\":{\"@id\":\"https:\/\/lavoixdelanation.tg\/index.php\/2025\/01\/25\/togo-faure-gnassingbe-inaugure-lhopital-dogta-lafie-annexe-de-kara\/#primaryimage\"},\"thumbnailUrl\":\"https:\/\/lavoixdelanation.tg\/wp-content\/uploads\/2025\/01\/Faure-Gnassingbe-inaugure-lhopital-Dogta-Lafie-de-Kara.jpg\",\"articleSection\":[\"Sant\u00e9\"],\"inLanguage\":\"fr-FR\",\"potentialAction\":[{\"@type\":\"CommentAction\",\"name\":\"Comment\",\"target\":[\"https:\/\/lavoixdelanation.tg\/index.php\/2025\/01\/25\/togo-faure-gnassingbe-inaugure-lhopital-dogta-lafie-annexe-de-kara\/#respond\"]}]},{\"@type\":\"WebPage\",\"@id\":\"https:\/\/lavoixdelanation.tg\/index.php\/2025\/01\/25\/togo-faure-gnassingbe-inaugure-lhopital-dogta-lafie-annexe-de-kara\/\",\"url\":\"https:\/\/lavoixdelanation.tg\/index.php\/2025\/01\/25\/togo-faure-gnassingbe-inaugure-lhopital-dogta-lafie-annexe-de-kara\/\",\"name\":\"Togo : Faure Gnassingb\u00e9 inaugure l\u2019h\u00f4pital Dogta-Lafi\u00e8, annexe de Kara - La Voix de la Nation\",\"isPartOf\":{\"@id\":\"https:\/\/lavoixdelanation.tg\/#website\"},\"primaryImageOfPage\":{\"@id\":\"https:\/\/lavoixdelanation.tg\/index.php\/2025\/01\/25\/togo-faure-gnassingbe-inaugure-lhopital-dogta-lafie-annexe-de-kara\/#primaryimage\"},\"image\":{\"@id\":\"https:\/\/lavoixdelanation.tg\/index.php\/2025\/01\/25\/togo-faure-gnassingbe-inaugure-lhopital-dogta-lafie-annexe-de-kara\/#primaryimage\"},\"thumbnailUrl\":\"https:\/\/lavoixdelanation.tg\/wp-content\/uploads\/2025\/01\/Faure-Gnassingbe-inaugure-lhopital-Dogta-Lafie-de-Kara.jpg\",\"datePublished\":\"2025-01-25T08:07:18+00:00\",\"dateModified\":\"2025-01-25T09:09:16+00:00\",\"breadcrumb\":{\"@id\":\"https:\/\/lavoixdelanation.tg\/index.php\/2025\/01\/25\/togo-faure-gnassingbe-inaugure-lhopital-dogta-lafie-annexe-de-kara\/#breadcrumb\"},\"inLanguage\":\"fr-FR\",\"potentialAction\":[{\"@type\":\"ReadAction\",\"target\":[\"https:\/\/lavoixdelanation.tg\/index.php\/2025\/01\/25\/togo-faure-gnassingbe-inaugure-lhopital-dogta-lafie-annexe-de-kara\/\"]}]},{\"@type\":\"ImageObject\",\"inLanguage\":\"fr-FR\",\"@id\":\"https:\/\/lavoixdelanation.tg\/index.php\/2025\/01\/25\/togo-faure-gnassingbe-inaugure-lhopital-dogta-lafie-annexe-de-kara\/#primaryimage\",\"url\":\"https:\/\/lavoixdelanation.tg\/wp-content\/uploads\/2025\/01\/Faure-Gnassingbe-inaugure-lhopital-Dogta-Lafie-de-Kara.jpg\",\"contentUrl\":\"https:\/\/lavoixdelanation.tg\/wp-content\/uploads\/2025\/01\/Faure-Gnassingbe-inaugure-lhopital-Dogta-Lafie-de-Kara.jpg\",\"width\":800,\"height\":533},{\"@type\":\"BreadcrumbList\",\"@id\":\"https:\/\/lavoixdelanation.tg\/index.php\/2025\/01\/25\/togo-faure-gnassingbe-inaugure-lhopital-dogta-lafie-annexe-de-kara\/#breadcrumb\",\"itemListElement\":[{\"@type\":\"ListItem\",\"position\":1,\"name\":\"Accueil\",\"item\":\"https:\/\/lavoixdelanation.tg\/\"},{\"@type\":\"ListItem\",\"position\":2,\"name\":\"Togo : Faure Gnassingb\u00e9 inaugure l\u2019h\u00f4pital Dogta-Lafi\u00e8, annexe de Kara\"}]},{\"@type\":\"WebSite\",\"@id\":\"https:\/\/lavoixdelanation.tg\/#website\",\"url\":\"https:\/\/lavoixdelanation.tg\/\",\"name\":\"La Voix de la Nation\",\"description\":\"R\u00e9c\u00e9piss\u00e9 n\u00b00108\/HAAC\/01-2024\/pl\/P\",\"publisher\":{\"@id\":\"https:\/\/lavoixdelanation.tg\/#organization\"},\"alternateName\":\"VON\",\"potentialAction\":[{\"@type\":\"SearchAction\",\"target\":{\"@type\":\"EntryPoint\",\"urlTemplate\":\"https:\/\/lavoixdelanation.tg\/?s={search_term_string}\"},\"query-input\":{\"@type\":\"PropertyValueSpecification\",\"valueRequired\":true,\"valueName\":\"search_term_string\"}}],\"inLanguage\":\"fr-FR\"},{\"@type\":\"Organization\",\"@id\":\"https:\/\/lavoixdelanation.tg\/#organization\",\"name\":\"La Voix de la Nation\",\"url\":\"https:\/\/lavoixdelanation.tg\/\",\"logo\":{\"@type\":\"ImageObject\",\"inLanguage\":\"fr-FR\",\"@id\":\"https:\/\/lavoixdelanation.tg\/#\/schema\/logo\/image\/\",\"url\":\"https:\/\/lavoixdelanation.tg\/wp-content\/uploads\/2024\/12\/lavn-1.png\",\"contentUrl\":\"https:\/\/lavoixdelanation.tg\/wp-content\/uploads\/2024\/12\/lavn-1.png\",\"width\":1024,\"height\":464,\"caption\":\"La Voix de la Nation\"},\"image\":{\"@id\":\"https:\/\/lavoixdelanation.tg\/#\/schema\/logo\/image\/\"},\"sameAs\":[\"https:\/\/www.facebook.com\/lavoixdelanation\"]},{\"@type\":\"Person\",\"@id\":\"https:\/\/lavoixdelanation.tg\/#\/schema\/person\/6c489293aa38053673a9e554acb6e224\",\"name\":\"La voix de la nation\",\"image\":{\"@type\":\"ImageObject\",\"inLanguage\":\"fr-FR\",\"@id\":\"https:\/\/lavoixdelanation.tg\/#\/schema\/person\/image\/\",\"url\":\"https:\/\/secure.gravatar.com\/avatar\/8aa135d4bbc794494cecaa8d483f6d6cc1023624868deaff686baed5e727a5a1?s=96&d=mm&r=g\",\"contentUrl\":\"https:\/\/secure.gravatar.com\/avatar\/8aa135d4bbc794494cecaa8d483f6d6cc1023624868deaff686baed5e727a5a1?s=96&d=mm&r=g\",\"caption\":\"La voix de la nation\"},\"sameAs\":[\"https:\/\/lavoixdelanation.tg\"],\"url\":\"https:\/\/lavoixdelanation.tg\/index.php\/author\/lavn\/\"}]}<\/script>\n<!-- \/ Yoast SEO plugin. -->","yoast_head_json":{"title":"Togo : Faure Gnassingb\u00e9 inaugure l\u2019h\u00f4pital Dogta-Lafi\u00e8, annexe de Kara - La Voix de la Nation","robots":{"index":"index","follow":"follow","max-snippet":"max-snippet:-1","max-image-preview":"max-image-preview:large","max-video-preview":"max-video-preview:-1"},"canonical":"https:\/\/lavoixdelanation.tg\/index.php\/2025\/01\/25\/togo-faure-gnassingbe-inaugure-lhopital-dogta-lafie-annexe-de-kara\/","og_locale":"fr_FR","og_type":"article","og_title":"Togo : Faure Gnassingb\u00e9 inaugure l\u2019h\u00f4pital Dogta-Lafi\u00e8, annexe de Kara - La Voix de la Nation","og_description":"Le chef de l\u2019Etat Faure Gnassingb\u00e9 a proc\u00e9d\u00e9 ce vendredi 24 janvier 2025 \u00e0 l\u2019inauguration de l\u2019annexe Kara de l\u2019h\u00f4pital de r\u00e9f\u00e9rence de niveau 4, Dogta-Lafi\u00e8. Il s\u2019agit d\u2019une infrastructure&hellip;","og_url":"https:\/\/lavoixdelanation.tg\/index.php\/2025\/01\/25\/togo-faure-gnassingbe-inaugure-lhopital-dogta-lafie-annexe-de-kara\/","og_site_name":"La Voix de la Nation","article_publisher":"https:\/\/www.facebook.com\/lavoixdelanation","article_published_time":"2025-01-25T08:07:18+00:00","article_modified_time":"2025-01-25T09:09:16+00:00","og_image":[{"width":800,"height":533,"url":"https:\/\/lavoixdelanation.tg\/wp-content\/uploads\/2025\/01\/Faure-Gnassingbe-inaugure-lhopital-Dogta-Lafie-de-Kara.jpg","type":"image\/jpeg"}],"author":"La voix de la nation","twitter_card":"summary_large_image","twitter_misc":{"\u00c9crit par":"La voix de la nation","Dur\u00e9e de lecture estim\u00e9e":"3 minutes"},"schema":{"@context":"https:\/\/schema.org","@graph":[{"@type":"Article","@id":"https:\/\/lavoixdelanation.tg\/index.php\/2025\/01\/25\/togo-faure-gnassingbe-inaugure-lhopital-dogta-lafie-annexe-de-kara\/#article","isPartOf":{"@id":"https:\/\/lavoixdelanation.tg\/index.php\/2025\/01\/25\/togo-faure-gnassingbe-inaugure-lhopital-dogta-lafie-annexe-de-kara\/"},"author":{"name":"La voix de la nation","@id":"https:\/\/lavoixdelanation.tg\/#\/schema\/person\/6c489293aa38053673a9e554acb6e224"},"headline":"Togo : Faure Gnassingb\u00e9 inaugure l\u2019h\u00f4pital Dogta-Lafi\u00e8, annexe de Kara","datePublished":"2025-01-25T08:07:18+00:00","dateModified":"2025-01-25T09:09:16+00:00","mainEntityOfPage":{"@id":"https:\/\/lavoixdelanation.tg\/index.php\/2025\/01\/25\/togo-faure-gnassingbe-inaugure-lhopital-dogta-lafie-annexe-de-kara\/"},"wordCount":407,"commentCount":0,"publisher":{"@id":"https:\/\/lavoixdelanation.tg\/#organization"},"image":{"@id":"https:\/\/lavoixdelanation.tg\/index.php\/2025\/01\/25\/togo-faure-gnassingbe-inaugure-lhopital-dogta-lafie-annexe-de-kara\/#primaryimage"},"thumbnailUrl":"https:\/\/lavoixdelanation.tg\/wp-content\/uploads\/2025\/01\/Faure-Gnassingbe-inaugure-lhopital-Dogta-Lafie-de-Kara.jpg","articleSection":["Sant\u00e9"],"inLanguage":"fr-FR","potentialAction":[{"@type":"CommentAction","name":"Comment","target":["https:\/\/lavoixdelanation.tg\/index.php\/2025\/01\/25\/togo-faure-gnassingbe-inaugure-lhopital-dogta-lafie-annexe-de-kara\/#respond"]}]},{"@type":"WebPage","@id":"https:\/\/lavoixdelanation.tg\/index.php\/2025\/01\/25\/togo-faure-gnassingbe-inaugure-lhopital-dogta-lafie-annexe-de-kara\/","url":"https:\/\/lavoixdelanation.tg\/index.php\/2025\/01\/25\/togo-faure-gnassingbe-inaugure-lhopital-dogta-lafie-annexe-de-kara\/","name":"Togo : Faure Gnassingb\u00e9 inaugure l\u2019h\u00f4pital Dogta-Lafi\u00e8, annexe de Kara - La Voix de la Nation","isPartOf":{"@id":"https:\/\/lavoixdelanation.tg\/#website"},"primaryImageOfPage":{"@id":"https:\/\/lavoixdelanation.tg\/index.php\/2025\/01\/25\/togo-faure-gnassingbe-inaugure-lhopital-dogta-lafie-annexe-de-kara\/#primaryimage"},"image":{"@id":"https:\/\/lavoixdelanation.tg\/index.php\/2025\/01\/25\/togo-faure-gnassingbe-inaugure-lhopital-dogta-lafie-annexe-de-kara\/#primaryimage"},"thumbnailUrl":"https:\/\/lavoixdelanation.tg\/wp-content\/uploads\/2025\/01\/Faure-Gnassingbe-inaugure-lhopital-Dogta-Lafie-de-Kara.jpg","datePublished":"2025-01-25T08:07:18+00:00","dateModified":"2025-01-25T09:09:16+00:00","breadcrumb":{"@id":"https:\/\/lavoixdelanation.tg\/index.php\/2025\/01\/25\/togo-faure-gnassingbe-inaugure-lhopital-dogta-lafie-annexe-de-kara\/#breadcrumb"},"inLanguage":"fr-FR","potentialAction":[{"@type":"ReadAction","target":["https:\/\/lavoixdelanation.tg\/index.php\/2025\/01\/25\/togo-faure-gnassingbe-inaugure-lhopital-dogta-lafie-annexe-de-kara\/"]}]},{"@type":"ImageObject","inLanguage":"fr-FR","@id":"https:\/\/lavoixdelanation.tg\/index.php\/2025\/01\/25\/togo-faure-gnassingbe-inaugure-lhopital-dogta-lafie-annexe-de-kara\/#primaryimage","url":"https:\/\/lavoixdelanation.tg\/wp-content\/uploads\/2025\/01\/Faure-Gnassingbe-inaugure-lhopital-Dogta-Lafie-de-Kara.jpg","contentUrl":"https:\/\/lavoixdelanation.tg\/wp-content\/uploads\/2025\/01\/Faure-Gnassingbe-inaugure-lhopital-Dogta-Lafie-de-Kara.jpg","width":800,"height":533},{"@type":"BreadcrumbList","@id":"https:\/\/lavoixdelanation.tg\/index.php\/2025\/01\/25\/togo-faure-gnassingbe-inaugure-lhopital-dogta-lafie-annexe-de-kara\/#breadcrumb","itemListElement":[{"@type":"ListItem","position":1,"name":"Accueil","item":"https:\/\/lavoixdelanation.tg\/"},{"@type":"ListItem","position":2,"name":"Togo : Faure Gnassingb\u00e9 inaugure l\u2019h\u00f4pital Dogta-Lafi\u00e8, annexe de Kara"}]},{"@type":"WebSite","@id":"https:\/\/lavoixdelanation.tg\/#website","url":"https:\/\/lavoixdelanation.tg\/","name":"La Voix de la Nation","description":"R\u00e9c\u00e9piss\u00e9 n\u00b00108\/HAAC\/01-2024\/pl\/P","publisher":{"@id":"https:\/\/lavoixdelanation.tg\/#organization"},"alternateName":"VON","potentialAction":[{"@type":"SearchAction","target":{"@type":"EntryPoint","urlTemplate":"https:\/\/lavoixdelanation.tg\/?s={search_term_string}"},"query-input":{"@type":"PropertyValueSpecification","valueRequired":true,"valueName":"search_term_string"}}],"inLanguage":"fr-FR"},{"@type":"Organization","@id":"https:\/\/lavoixdelanation.tg\/#organization","name":"La Voix de la Nation","url":"https:\/\/lavoixdelanation.tg\/","logo":{"@type":"ImageObject","inLanguage":"fr-FR","@id":"https:\/\/lavoixdelanation.tg\/#\/schema\/logo\/image\/","url":"https:\/\/lavoixdelanation.tg\/wp-content\/uploads\/2024\/12\/lavn-1.png","contentUrl":"https:\/\/lavoixdelanation.tg\/wp-content\/uploads\/2024\/12\/lavn-1.png","width":1024,"height":464,"caption":"La Voix de la Nation"},"image":{"@id":"https:\/\/lavoixdelanation.tg\/#\/schema\/logo\/image\/"},"sameAs":["https:\/\/www.facebook.com\/lavoixdelanation"]},{"@type":"Person","@id":"https:\/\/lavoixdelanation.tg\/#\/schema\/person\/6c489293aa38053673a9e554acb6e224","name":"La voix de la nation","image":{"@type":"ImageObject","inLanguage":"fr-FR","@id":"https:\/\/lavoixdelanation.tg\/#\/schema\/person\/image\/","url":"https:\/\/secure.gravatar.com\/avatar\/8aa135d4bbc794494cecaa8d483f6d6cc1023624868deaff686baed5e727a5a1?s=96&d=mm&r=g","contentUrl":"https:\/\/secure.gravatar.com\/avatar\/8aa135d4bbc794494cecaa8d483f6d6cc1023624868deaff686baed5e727a5a1?s=96&d=mm&r=g","caption":"La voix de la nation"},"sameAs":["https:\/\/lavoixdelanation.tg"],"url":"https:\/\/lavoixdelanation.tg\/index.php\/author\/lavn\/"}]}},"_links":{"self":[{"href":"https:\/\/lavoixdelanation.tg\/index.php\/wp-json\/wp\/v2\/posts\/2006","targetHints":{"allow":["GET"]}}],"collection":[{"href":"https:\/\/lavoixdelanation.tg\/index.php\/wp-json\/wp\/v2\/posts"}],"about":[{"href":"https:\/\/lavoixdelanation.tg\/index.php\/wp-json\/wp\/v2\/types\/post"}],"author":[{"embeddable":true,"href":"https:\/\/lavoixdelanation.tg\/index.php\/wp-json\/wp\/v2\/users\/1"}],"replies":[{"embeddable":true,"href":"https:\/\/lavoixdelanation.tg\/index.php\/wp-json\/wp\/v2\/comments?post=2006"}],"version-history":[{"count":2,"href":"https:\/\/lavoixdelanation.tg\/index.php\/wp-json\/wp\/v2\/posts\/2006\/revisions"}],"predecessor-version":[{"id":2014,"href":"https:\/\/lavoixdelanation.tg\/index.php\/wp-json\/wp\/v2\/posts\/2006\/revisions\/2014"}],"wp:featuredmedia":[{"embeddable":true,"href":"https:\/\/lavoixdelanation.tg\/index.php\/wp-json\/wp\/v2\/media\/2007"}],"wp:attachment":[{"href":"https:\/\/lavoixdelanation.tg\/index.php\/wp-json\/wp\/v2\/media?parent=2006"}],"wp:term":[{"taxonomy":"category","embeddable":true,"href":"https:\/\/lavoixdelanation.tg\/index.php\/wp-json\/wp\/v2\/categories?post=2006"},{"taxonomy":"post_tag","embeddable":true,"href":"https:\/\/lavoixdelanation.tg\/index.php\/wp-json\/wp\/v2\/tags?post=2006"}],"curies":[{"name":"wp","href":"https:\/\/api.w.org\/{rel}","templated":true}]}}