{"id":2002,"date":"2025-01-25T00:15:03","date_gmt":"2025-01-24T23:15:03","guid":{"rendered":"https:\/\/lavoixdelanation.tg\/?p=2002"},"modified":"2025-01-25T00:15:58","modified_gmt":"2025-01-24T23:15:58","slug":"elections-senatoriales-la-ceni-fixe-les-criteres-daccreditation-pour-les-observateurs-nationaux","status":"publish","type":"post","link":"https:\/\/lavoixdelanation.tg\/index.php\/2025\/01\/25\/elections-senatoriales-la-ceni-fixe-les-criteres-daccreditation-pour-les-observateurs-nationaux\/","title":{"rendered":"Elections s\u00e9natoriales : La CENI fixe les crit\u00e8res d&rsquo;accr\u00e9ditation pour les observateurs nationaux"},"content":{"rendered":"\n<p><strong>Au Togo, les pr\u00e9paratifs pour les \u00e9lections s\u00e9natoriales du 15 f\u00e9vrier 2025 vont bon train. La Commission \u00c9lectorale Nationale Ind\u00e9pendante (CENI) fixe les crit\u00e8res d&rsquo;accr\u00e9ditation pour l&rsquo;observation nationale de l&rsquo;\u00e9lection.<\/strong><\/p>\n\n\n\n<p>Dans un communiqu\u00e9 en date de ce 24 janvier \u00e0 l\u2019endroit du public,&nbsp;le pr\u00e9sident de la CENI, Dago Yabr\u00e9 a indiqu\u00e9 que pour \u00eatre accr\u00e9dit\u00e9e par la CENI, l&rsquo;organisation doit adresser au Pr\u00e9sident de l\u2019institution, une demande d&rsquo;accr\u00e9ditation indiquant : la dur\u00e9e de l&rsquo;observation, les \u00e9tapes qu&rsquo;elle souhaite observer, les pr\u00e9fectures de d\u00e9ploiement envisag\u00e9es, et le nombre d&rsquo;observateurs \u00e0 d\u00e9ployer.<\/p>\n\n\n\n<p>L\u2019organisation doit \u00e9galement fournir \u00e0 la CENI, une copie de son r\u00e9c\u00e9piss\u00e9 et un exemplaire de ses statuts, s&rsquo;engager \u00e0 respecter les dispositions du code \u00e9lectoral en g\u00e9n\u00e9ral et celles d\u00e9finies par la CENI, en particulier, faire preuve d&rsquo;une stricte impartialit\u00e9 et neutralit\u00e9 vis-\u00e0-vis des parties prenantes au processus \u00e9lectoral, avoir exerc\u00e9 dans le domaine \u00e9lectoral ou dans celui de la d\u00e9mocratie, des droits de l&rsquo;Homme et de la citoyennet\u00e9, et prouver par une attestation ou une lettre d&rsquo;accr\u00e9ditation qu&rsquo;elle a d\u00e9j\u00e0 observ\u00e9 au moins une (1) \u00e9lection, ant\u00e9rieurement.<\/p>\n\n\n\n<p>Elle doit \u00eatre par ailleurs en mesure de prendre enti\u00e8rement en charge ses observateurs et justifier de ses sources de financement au-del\u00e0 de deux cents (200) observateurs \u00e0 d\u00e9ployer, ne pas \u00eatre membre d&rsquo;un regroupement d&rsquo;associations ou d&rsquo;une institution d\u00e9j\u00e0 accr\u00e9dit\u00e9e pour l&rsquo;observation, fournir \u00e0 la CENI, en version \u00e9lectronique, la liste de ses observateurs pour la d\u00e9livrance des accr\u00e9ditations individuelles et la confection des badges, et ne pas appartenir \u00e0 un organisme ayant exprim\u00e9 ant\u00e9rieurement une position partisane sur des questions politiques.<\/p>\n\n\n\n<p class=\"has-text-align-center\"><strong>Directives pour recruter les observateurs par l&rsquo;organisation<\/strong><\/p>\n\n\n\n<p>Sur ce volet, le pr\u00e9sident de la CENI Dago Yabr\u00e9 a pr\u00e9cis\u00e9 que l&rsquo;organisation doit non seulement se faire fournir une copie de la carte nationale d&rsquo;identit\u00e9 ou d&rsquo;un passeport en cours de validit\u00e9 de chaque observateur, mais \u00e9galement s&rsquo;assurer que l&rsquo;observateur est membre de l&rsquo;organisation sollicitant l&rsquo;accr\u00e9ditation et qu\u2019il n&rsquo;est pas membre d&rsquo;une structure de direction d&rsquo;un parti politique.<\/p>\n\n\n\n<p>Elle devra en outre s&rsquo;assurer que l&rsquo;observateur n&rsquo;est pas en situation de conflit d&rsquo;int\u00e9r\u00eat politique ou \u00e9conomique, notamment, n&rsquo;est pas membre de la CENI ou de ses d\u00e9membrements, n&rsquo;est pas d\u00e9l\u00e9gu\u00e9 de parti politique aupr\u00e8s de la CENI et de ses d\u00e9membrements, et ne participe pas \u00e0 la campagne \u00e9lectorale en faveur d&rsquo;un parti politique, d&rsquo;un regroupement de partis politiques ou d&rsquo;un candidat ind\u00e9pendant \u00e0 l&rsquo;\u00e9lection des s\u00e9nateurs.<\/p>\n\n\n\n<p>Il faudra \u00e9galement que l\u2019observateur respecte les dispositions du code \u00e9lectoral et les r\u00e8gles de l&rsquo;observation \u00e9lectorale d\u00e9finies par la CENI, s&rsquo;abstient de toute d\u00e9claration publique, y compris dans les m\u00e9dias, avant la fin compl\u00e8te du scrutin et ne pas interf\u00e9rer dans les pr\u00e9rogatives de la CENI, et signe l&rsquo;engagement \u00e0 respecter le code de bonne conduite des observateurs \u00e9lectoraux.<\/p>\n\n\n\n<p>\u00ab&nbsp;Au regard des crit\u00e8res ci-dessus \u00e9num\u00e9r\u00e9s, la CENI : ne pourra d\u00e9livrer l&rsquo;accr\u00e9ditation \u00e0 l&rsquo;organisation que si toutes les conditions sont r\u00e9unies, et peut retirer l&rsquo;accr\u00e9ditation \u00e0 celles qui, apr\u00e8s leur accr\u00e9ditation, violeraient les r\u00e8gles \u00e9tablies en mati\u00e8re d&rsquo;observation \u00e9lectorale au Togo. Dans ce cas, le retrait est rendu public et l&rsquo;accr\u00e9ditation est r\u00e9put\u00e9e n&rsquo;avoir jamais \u00e9t\u00e9 d\u00e9livr\u00e9e&nbsp;\u00bb, pr\u00e9cise le pr\u00e9sident de la CENI.<\/p>\n\n\n\n<p>Les dossiers sont d\u00e9pos\u00e9s au secr\u00e9tariat central de la CENI tous les jours ouvrables \u00e0 partir du lundi 27 janvier 2025, de 07h00 \u00e0 12h00 et de 14h30 \u00e0 17h00. La date de cl\u00f4ture de d\u00e9p\u00f4t des dossiers est fix\u00e9e au vendredi 07 f\u00e9vrier 2025 \u00e0 17h00.<\/p>\n","protected":false},"excerpt":{"rendered":"<p>Au Togo, les pr\u00e9paratifs pour les \u00e9lections s\u00e9natoriales du 15 f\u00e9vrier 2025 vont bon train. La Commission \u00c9lectorale Nationale Ind\u00e9pendante (CENI) fixe les crit\u00e8res d&rsquo;accr\u00e9ditation pour l&rsquo;observation nationale de l&rsquo;\u00e9lection.&hellip; <\/p>\n","protected":false},"author":1,"featured_media":2003,"comment_status":"open","ping_status":"open","sticky":false,"template":"","format":"standard","meta":{"footnotes":""},"categories":[21],"tags":[],"class_list":["post-2002","post","type-post","status-publish","format-standard","has-post-thumbnail","hentry","category-politique"],"yoast_head":"<!-- This site is optimized with the Yoast SEO plugin v26.4 - https:\/\/yoast.com\/wordpress\/plugins\/seo\/ -->\n<title>Elections s\u00e9natoriales : La CENI fixe les crit\u00e8res d&#039;accr\u00e9ditation pour les observateurs nationaux - La Voix de la Nation<\/title>\n<meta name=\"robots\" content=\"index, follow, max-snippet:-1, max-image-preview:large, max-video-preview:-1\" \/>\n<link rel=\"canonical\" href=\"https:\/\/lavoixdelanation.tg\/index.php\/2025\/01\/25\/elections-senatoriales-la-ceni-fixe-les-criteres-daccreditation-pour-les-observateurs-nationaux\/\" \/>\n<meta property=\"og:locale\" content=\"fr_FR\" \/>\n<meta property=\"og:type\" content=\"article\" \/>\n<meta property=\"og:title\" content=\"Elections s\u00e9natoriales : La CENI fixe les crit\u00e8res d&#039;accr\u00e9ditation pour les observateurs nationaux - La Voix de la Nation\" \/>\n<meta property=\"og:description\" content=\"Au Togo, les pr\u00e9paratifs pour les \u00e9lections s\u00e9natoriales du 15 f\u00e9vrier 2025 vont bon train. La Commission \u00c9lectorale Nationale Ind\u00e9pendante (CENI) fixe les crit\u00e8res d&rsquo;accr\u00e9ditation pour l&rsquo;observation nationale de l&rsquo;\u00e9lection.&hellip;\" \/>\n<meta property=\"og:url\" content=\"https:\/\/lavoixdelanation.tg\/index.php\/2025\/01\/25\/elections-senatoriales-la-ceni-fixe-les-criteres-daccreditation-pour-les-observateurs-nationaux\/\" \/>\n<meta property=\"og:site_name\" content=\"La Voix de la Nation\" \/>\n<meta property=\"article:publisher\" content=\"https:\/\/www.facebook.com\/lavoixdelanation\" \/>\n<meta property=\"article:published_time\" content=\"2025-01-24T23:15:03+00:00\" \/>\n<meta property=\"article:modified_time\" content=\"2025-01-24T23:15:58+00:00\" \/>\n<meta property=\"og:image\" content=\"https:\/\/lavoixdelanation.tg\/wp-content\/uploads\/2025\/01\/Dago-YABRE-President-de-la-CENI.jpg\" \/>\n\t<meta property=\"og:image:width\" content=\"618\" \/>\n\t<meta property=\"og:image:height\" content=\"375\" \/>\n\t<meta property=\"og:image:type\" content=\"image\/jpeg\" \/>\n<meta name=\"author\" content=\"La voix de la nation\" \/>\n<meta name=\"twitter:card\" content=\"summary_large_image\" \/>\n<meta name=\"twitter:label1\" content=\"\u00c9crit par\" \/>\n\t<meta name=\"twitter:data1\" content=\"La voix de la nation\" \/>\n\t<meta name=\"twitter:label2\" content=\"Dur\u00e9e de lecture estim\u00e9e\" \/>\n\t<meta name=\"twitter:data2\" content=\"4 minutes\" \/>\n<script type=\"application\/ld+json\" class=\"yoast-schema-graph\">{\"@context\":\"https:\/\/schema.org\",\"@graph\":[{\"@type\":\"Article\",\"@id\":\"https:\/\/lavoixdelanation.tg\/index.php\/2025\/01\/25\/elections-senatoriales-la-ceni-fixe-les-criteres-daccreditation-pour-les-observateurs-nationaux\/#article\",\"isPartOf\":{\"@id\":\"https:\/\/lavoixdelanation.tg\/index.php\/2025\/01\/25\/elections-senatoriales-la-ceni-fixe-les-criteres-daccreditation-pour-les-observateurs-nationaux\/\"},\"author\":{\"name\":\"La voix de la nation\",\"@id\":\"https:\/\/lavoixdelanation.tg\/#\/schema\/person\/6c489293aa38053673a9e554acb6e224\"},\"headline\":\"Elections s\u00e9natoriales : La CENI fixe les crit\u00e8res d&rsquo;accr\u00e9ditation pour les observateurs nationaux\",\"datePublished\":\"2025-01-24T23:15:03+00:00\",\"dateModified\":\"2025-01-24T23:15:58+00:00\",\"mainEntityOfPage\":{\"@id\":\"https:\/\/lavoixdelanation.tg\/index.php\/2025\/01\/25\/elections-senatoriales-la-ceni-fixe-les-criteres-daccreditation-pour-les-observateurs-nationaux\/\"},\"wordCount\":692,\"commentCount\":0,\"publisher\":{\"@id\":\"https:\/\/lavoixdelanation.tg\/#organization\"},\"image\":{\"@id\":\"https:\/\/lavoixdelanation.tg\/index.php\/2025\/01\/25\/elections-senatoriales-la-ceni-fixe-les-criteres-daccreditation-pour-les-observateurs-nationaux\/#primaryimage\"},\"thumbnailUrl\":\"https:\/\/lavoixdelanation.tg\/wp-content\/uploads\/2025\/01\/Dago-YABRE-President-de-la-CENI.jpg\",\"articleSection\":[\"Politique\"],\"inLanguage\":\"fr-FR\",\"potentialAction\":[{\"@type\":\"CommentAction\",\"name\":\"Comment\",\"target\":[\"https:\/\/lavoixdelanation.tg\/index.php\/2025\/01\/25\/elections-senatoriales-la-ceni-fixe-les-criteres-daccreditation-pour-les-observateurs-nationaux\/#respond\"]}]},{\"@type\":\"WebPage\",\"@id\":\"https:\/\/lavoixdelanation.tg\/index.php\/2025\/01\/25\/elections-senatoriales-la-ceni-fixe-les-criteres-daccreditation-pour-les-observateurs-nationaux\/\",\"url\":\"https:\/\/lavoixdelanation.tg\/index.php\/2025\/01\/25\/elections-senatoriales-la-ceni-fixe-les-criteres-daccreditation-pour-les-observateurs-nationaux\/\",\"name\":\"Elections s\u00e9natoriales : La CENI fixe les crit\u00e8res d'accr\u00e9ditation pour les observateurs nationaux - La Voix de la Nation\",\"isPartOf\":{\"@id\":\"https:\/\/lavoixdelanation.tg\/#website\"},\"primaryImageOfPage\":{\"@id\":\"https:\/\/lavoixdelanation.tg\/index.php\/2025\/01\/25\/elections-senatoriales-la-ceni-fixe-les-criteres-daccreditation-pour-les-observateurs-nationaux\/#primaryimage\"},\"image\":{\"@id\":\"https:\/\/lavoixdelanation.tg\/index.php\/2025\/01\/25\/elections-senatoriales-la-ceni-fixe-les-criteres-daccreditation-pour-les-observateurs-nationaux\/#primaryimage\"},\"thumbnailUrl\":\"https:\/\/lavoixdelanation.tg\/wp-content\/uploads\/2025\/01\/Dago-YABRE-President-de-la-CENI.jpg\",\"datePublished\":\"2025-01-24T23:15:03+00:00\",\"dateModified\":\"2025-01-24T23:15:58+00:00\",\"breadcrumb\":{\"@id\":\"https:\/\/lavoixdelanation.tg\/index.php\/2025\/01\/25\/elections-senatoriales-la-ceni-fixe-les-criteres-daccreditation-pour-les-observateurs-nationaux\/#breadcrumb\"},\"inLanguage\":\"fr-FR\",\"potentialAction\":[{\"@type\":\"ReadAction\",\"target\":[\"https:\/\/lavoixdelanation.tg\/index.php\/2025\/01\/25\/elections-senatoriales-la-ceni-fixe-les-criteres-daccreditation-pour-les-observateurs-nationaux\/\"]}]},{\"@type\":\"ImageObject\",\"inLanguage\":\"fr-FR\",\"@id\":\"https:\/\/lavoixdelanation.tg\/index.php\/2025\/01\/25\/elections-senatoriales-la-ceni-fixe-les-criteres-daccreditation-pour-les-observateurs-nationaux\/#primaryimage\",\"url\":\"https:\/\/lavoixdelanation.tg\/wp-content\/uploads\/2025\/01\/Dago-YABRE-President-de-la-CENI.jpg\",\"contentUrl\":\"https:\/\/lavoixdelanation.tg\/wp-content\/uploads\/2025\/01\/Dago-YABRE-President-de-la-CENI.jpg\",\"width\":618,\"height\":375,\"caption\":\"Dago YABRE, Pr\u00e9sident de la CENI\"},{\"@type\":\"BreadcrumbList\",\"@id\":\"https:\/\/lavoixdelanation.tg\/index.php\/2025\/01\/25\/elections-senatoriales-la-ceni-fixe-les-criteres-daccreditation-pour-les-observateurs-nationaux\/#breadcrumb\",\"itemListElement\":[{\"@type\":\"ListItem\",\"position\":1,\"name\":\"Accueil\",\"item\":\"https:\/\/lavoixdelanation.tg\/\"},{\"@type\":\"ListItem\",\"position\":2,\"name\":\"Elections s\u00e9natoriales : La CENI fixe les crit\u00e8res d&rsquo;accr\u00e9ditation pour les observateurs nationaux\"}]},{\"@type\":\"WebSite\",\"@id\":\"https:\/\/lavoixdelanation.tg\/#website\",\"url\":\"https:\/\/lavoixdelanation.tg\/\",\"name\":\"La Voix de la Nation\",\"description\":\"R\u00e9c\u00e9piss\u00e9 n\u00b00108\/HAAC\/01-2024\/pl\/P\",\"publisher\":{\"@id\":\"https:\/\/lavoixdelanation.tg\/#organization\"},\"alternateName\":\"VON\",\"potentialAction\":[{\"@type\":\"SearchAction\",\"target\":{\"@type\":\"EntryPoint\",\"urlTemplate\":\"https:\/\/lavoixdelanation.tg\/?s={search_term_string}\"},\"query-input\":{\"@type\":\"PropertyValueSpecification\",\"valueRequired\":true,\"valueName\":\"search_term_string\"}}],\"inLanguage\":\"fr-FR\"},{\"@type\":\"Organization\",\"@id\":\"https:\/\/lavoixdelanation.tg\/#organization\",\"name\":\"La Voix de la Nation\",\"url\":\"https:\/\/lavoixdelanation.tg\/\",\"logo\":{\"@type\":\"ImageObject\",\"inLanguage\":\"fr-FR\",\"@id\":\"https:\/\/lavoixdelanation.tg\/#\/schema\/logo\/image\/\",\"url\":\"https:\/\/lavoixdelanation.tg\/wp-content\/uploads\/2024\/12\/lavn-1.png\",\"contentUrl\":\"https:\/\/lavoixdelanation.tg\/wp-content\/uploads\/2024\/12\/lavn-1.png\",\"width\":1024,\"height\":464,\"caption\":\"La Voix de la Nation\"},\"image\":{\"@id\":\"https:\/\/lavoixdelanation.tg\/#\/schema\/logo\/image\/\"},\"sameAs\":[\"https:\/\/www.facebook.com\/lavoixdelanation\"]},{\"@type\":\"Person\",\"@id\":\"https:\/\/lavoixdelanation.tg\/#\/schema\/person\/6c489293aa38053673a9e554acb6e224\",\"name\":\"La voix de la nation\",\"image\":{\"@type\":\"ImageObject\",\"inLanguage\":\"fr-FR\",\"@id\":\"https:\/\/lavoixdelanation.tg\/#\/schema\/person\/image\/\",\"url\":\"https:\/\/secure.gravatar.com\/avatar\/8aa135d4bbc794494cecaa8d483f6d6cc1023624868deaff686baed5e727a5a1?s=96&d=mm&r=g\",\"contentUrl\":\"https:\/\/secure.gravatar.com\/avatar\/8aa135d4bbc794494cecaa8d483f6d6cc1023624868deaff686baed5e727a5a1?s=96&d=mm&r=g\",\"caption\":\"La voix de la nation\"},\"sameAs\":[\"https:\/\/lavoixdelanation.tg\"],\"url\":\"https:\/\/lavoixdelanation.tg\/index.php\/author\/lavn\/\"}]}<\/script>\n<!-- \/ Yoast SEO plugin. -->","yoast_head_json":{"title":"Elections s\u00e9natoriales : La CENI fixe les crit\u00e8res d'accr\u00e9ditation pour les observateurs nationaux - La Voix de la Nation","robots":{"index":"index","follow":"follow","max-snippet":"max-snippet:-1","max-image-preview":"max-image-preview:large","max-video-preview":"max-video-preview:-1"},"canonical":"https:\/\/lavoixdelanation.tg\/index.php\/2025\/01\/25\/elections-senatoriales-la-ceni-fixe-les-criteres-daccreditation-pour-les-observateurs-nationaux\/","og_locale":"fr_FR","og_type":"article","og_title":"Elections s\u00e9natoriales : La CENI fixe les crit\u00e8res d'accr\u00e9ditation pour les observateurs nationaux - La Voix de la Nation","og_description":"Au Togo, les pr\u00e9paratifs pour les \u00e9lections s\u00e9natoriales du 15 f\u00e9vrier 2025 vont bon train. La Commission \u00c9lectorale Nationale Ind\u00e9pendante (CENI) fixe les crit\u00e8res d&rsquo;accr\u00e9ditation pour l&rsquo;observation nationale de l&rsquo;\u00e9lection.&hellip;","og_url":"https:\/\/lavoixdelanation.tg\/index.php\/2025\/01\/25\/elections-senatoriales-la-ceni-fixe-les-criteres-daccreditation-pour-les-observateurs-nationaux\/","og_site_name":"La Voix de la Nation","article_publisher":"https:\/\/www.facebook.com\/lavoixdelanation","article_published_time":"2025-01-24T23:15:03+00:00","article_modified_time":"2025-01-24T23:15:58+00:00","og_image":[{"width":618,"height":375,"url":"https:\/\/lavoixdelanation.tg\/wp-content\/uploads\/2025\/01\/Dago-YABRE-President-de-la-CENI.jpg","type":"image\/jpeg"}],"author":"La voix de la nation","twitter_card":"summary_large_image","twitter_misc":{"\u00c9crit par":"La voix de la nation","Dur\u00e9e de lecture estim\u00e9e":"4 minutes"},"schema":{"@context":"https:\/\/schema.org","@graph":[{"@type":"Article","@id":"https:\/\/lavoixdelanation.tg\/index.php\/2025\/01\/25\/elections-senatoriales-la-ceni-fixe-les-criteres-daccreditation-pour-les-observateurs-nationaux\/#article","isPartOf":{"@id":"https:\/\/lavoixdelanation.tg\/index.php\/2025\/01\/25\/elections-senatoriales-la-ceni-fixe-les-criteres-daccreditation-pour-les-observateurs-nationaux\/"},"author":{"name":"La voix de la nation","@id":"https:\/\/lavoixdelanation.tg\/#\/schema\/person\/6c489293aa38053673a9e554acb6e224"},"headline":"Elections s\u00e9natoriales : La CENI fixe les crit\u00e8res d&rsquo;accr\u00e9ditation pour les observateurs nationaux","datePublished":"2025-01-24T23:15:03+00:00","dateModified":"2025-01-24T23:15:58+00:00","mainEntityOfPage":{"@id":"https:\/\/lavoixdelanation.tg\/index.php\/2025\/01\/25\/elections-senatoriales-la-ceni-fixe-les-criteres-daccreditation-pour-les-observateurs-nationaux\/"},"wordCount":692,"commentCount":0,"publisher":{"@id":"https:\/\/lavoixdelanation.tg\/#organization"},"image":{"@id":"https:\/\/lavoixdelanation.tg\/index.php\/2025\/01\/25\/elections-senatoriales-la-ceni-fixe-les-criteres-daccreditation-pour-les-observateurs-nationaux\/#primaryimage"},"thumbnailUrl":"https:\/\/lavoixdelanation.tg\/wp-content\/uploads\/2025\/01\/Dago-YABRE-President-de-la-CENI.jpg","articleSection":["Politique"],"inLanguage":"fr-FR","potentialAction":[{"@type":"CommentAction","name":"Comment","target":["https:\/\/lavoixdelanation.tg\/index.php\/2025\/01\/25\/elections-senatoriales-la-ceni-fixe-les-criteres-daccreditation-pour-les-observateurs-nationaux\/#respond"]}]},{"@type":"WebPage","@id":"https:\/\/lavoixdelanation.tg\/index.php\/2025\/01\/25\/elections-senatoriales-la-ceni-fixe-les-criteres-daccreditation-pour-les-observateurs-nationaux\/","url":"https:\/\/lavoixdelanation.tg\/index.php\/2025\/01\/25\/elections-senatoriales-la-ceni-fixe-les-criteres-daccreditation-pour-les-observateurs-nationaux\/","name":"Elections s\u00e9natoriales : La CENI fixe les crit\u00e8res d'accr\u00e9ditation pour les observateurs nationaux - La Voix de la Nation","isPartOf":{"@id":"https:\/\/lavoixdelanation.tg\/#website"},"primaryImageOfPage":{"@id":"https:\/\/lavoixdelanation.tg\/index.php\/2025\/01\/25\/elections-senatoriales-la-ceni-fixe-les-criteres-daccreditation-pour-les-observateurs-nationaux\/#primaryimage"},"image":{"@id":"https:\/\/lavoixdelanation.tg\/index.php\/2025\/01\/25\/elections-senatoriales-la-ceni-fixe-les-criteres-daccreditation-pour-les-observateurs-nationaux\/#primaryimage"},"thumbnailUrl":"https:\/\/lavoixdelanation.tg\/wp-content\/uploads\/2025\/01\/Dago-YABRE-President-de-la-CENI.jpg","datePublished":"2025-01-24T23:15:03+00:00","dateModified":"2025-01-24T23:15:58+00:00","breadcrumb":{"@id":"https:\/\/lavoixdelanation.tg\/index.php\/2025\/01\/25\/elections-senatoriales-la-ceni-fixe-les-criteres-daccreditation-pour-les-observateurs-nationaux\/#breadcrumb"},"inLanguage":"fr-FR","potentialAction":[{"@type":"ReadAction","target":["https:\/\/lavoixdelanation.tg\/index.php\/2025\/01\/25\/elections-senatoriales-la-ceni-fixe-les-criteres-daccreditation-pour-les-observateurs-nationaux\/"]}]},{"@type":"ImageObject","inLanguage":"fr-FR","@id":"https:\/\/lavoixdelanation.tg\/index.php\/2025\/01\/25\/elections-senatoriales-la-ceni-fixe-les-criteres-daccreditation-pour-les-observateurs-nationaux\/#primaryimage","url":"https:\/\/lavoixdelanation.tg\/wp-content\/uploads\/2025\/01\/Dago-YABRE-President-de-la-CENI.jpg","contentUrl":"https:\/\/lavoixdelanation.tg\/wp-content\/uploads\/2025\/01\/Dago-YABRE-President-de-la-CENI.jpg","width":618,"height":375,"caption":"Dago YABRE, Pr\u00e9sident de la CENI"},{"@type":"BreadcrumbList","@id":"https:\/\/lavoixdelanation.tg\/index.php\/2025\/01\/25\/elections-senatoriales-la-ceni-fixe-les-criteres-daccreditation-pour-les-observateurs-nationaux\/#breadcrumb","itemListElement":[{"@type":"ListItem","position":1,"name":"Accueil","item":"https:\/\/lavoixdelanation.tg\/"},{"@type":"ListItem","position":2,"name":"Elections s\u00e9natoriales : La CENI fixe les crit\u00e8res d&rsquo;accr\u00e9ditation pour les observateurs nationaux"}]},{"@type":"WebSite","@id":"https:\/\/lavoixdelanation.tg\/#website","url":"https:\/\/lavoixdelanation.tg\/","name":"La Voix de la Nation","description":"R\u00e9c\u00e9piss\u00e9 n\u00b00108\/HAAC\/01-2024\/pl\/P","publisher":{"@id":"https:\/\/lavoixdelanation.tg\/#organization"},"alternateName":"VON","potentialAction":[{"@type":"SearchAction","target":{"@type":"EntryPoint","urlTemplate":"https:\/\/lavoixdelanation.tg\/?s={search_term_string}"},"query-input":{"@type":"PropertyValueSpecification","valueRequired":true,"valueName":"search_term_string"}}],"inLanguage":"fr-FR"},{"@type":"Organization","@id":"https:\/\/lavoixdelanation.tg\/#organization","name":"La Voix de la Nation","url":"https:\/\/lavoixdelanation.tg\/","logo":{"@type":"ImageObject","inLanguage":"fr-FR","@id":"https:\/\/lavoixdelanation.tg\/#\/schema\/logo\/image\/","url":"https:\/\/lavoixdelanation.tg\/wp-content\/uploads\/2024\/12\/lavn-1.png","contentUrl":"https:\/\/lavoixdelanation.tg\/wp-content\/uploads\/2024\/12\/lavn-1.png","width":1024,"height":464,"caption":"La Voix de la Nation"},"image":{"@id":"https:\/\/lavoixdelanation.tg\/#\/schema\/logo\/image\/"},"sameAs":["https:\/\/www.facebook.com\/lavoixdelanation"]},{"@type":"Person","@id":"https:\/\/lavoixdelanation.tg\/#\/schema\/person\/6c489293aa38053673a9e554acb6e224","name":"La voix de la nation","image":{"@type":"ImageObject","inLanguage":"fr-FR","@id":"https:\/\/lavoixdelanation.tg\/#\/schema\/person\/image\/","url":"https:\/\/secure.gravatar.com\/avatar\/8aa135d4bbc794494cecaa8d483f6d6cc1023624868deaff686baed5e727a5a1?s=96&d=mm&r=g","contentUrl":"https:\/\/secure.gravatar.com\/avatar\/8aa135d4bbc794494cecaa8d483f6d6cc1023624868deaff686baed5e727a5a1?s=96&d=mm&r=g","caption":"La voix de la nation"},"sameAs":["https:\/\/lavoixdelanation.tg"],"url":"https:\/\/lavoixdelanation.tg\/index.php\/author\/lavn\/"}]}},"_links":{"self":[{"href":"https:\/\/lavoixdelanation.tg\/index.php\/wp-json\/wp\/v2\/posts\/2002","targetHints":{"allow":["GET"]}}],"collection":[{"href":"https:\/\/lavoixdelanation.tg\/index.php\/wp-json\/wp\/v2\/posts"}],"about":[{"href":"https:\/\/lavoixdelanation.tg\/index.php\/wp-json\/wp\/v2\/types\/post"}],"author":[{"embeddable":true,"href":"https:\/\/lavoixdelanation.tg\/index.php\/wp-json\/wp\/v2\/users\/1"}],"replies":[{"embeddable":true,"href":"https:\/\/lavoixdelanation.tg\/index.php\/wp-json\/wp\/v2\/comments?post=2002"}],"version-history":[{"count":2,"href":"https:\/\/lavoixdelanation.tg\/index.php\/wp-json\/wp\/v2\/posts\/2002\/revisions"}],"predecessor-version":[{"id":2005,"href":"https:\/\/lavoixdelanation.tg\/index.php\/wp-json\/wp\/v2\/posts\/2002\/revisions\/2005"}],"wp:featuredmedia":[{"embeddable":true,"href":"https:\/\/lavoixdelanation.tg\/index.php\/wp-json\/wp\/v2\/media\/2003"}],"wp:attachment":[{"href":"https:\/\/lavoixdelanation.tg\/index.php\/wp-json\/wp\/v2\/media?parent=2002"}],"wp:term":[{"taxonomy":"category","embeddable":true,"href":"https:\/\/lavoixdelanation.tg\/index.php\/wp-json\/wp\/v2\/categories?post=2002"},{"taxonomy":"post_tag","embeddable":true,"href":"https:\/\/lavoixdelanation.tg\/index.php\/wp-json\/wp\/v2\/tags?post=2002"}],"curies":[{"name":"wp","href":"https:\/\/api.w.org\/{rel}","templated":true}]}}