{"id":1993,"date":"2025-01-23T15:57:15","date_gmt":"2025-01-23T14:57:15","guid":{"rendered":"https:\/\/lavoixdelanation.tg\/?p=1993"},"modified":"2025-01-23T15:59:21","modified_gmt":"2025-01-23T14:59:21","slug":"cooperation-bilaterale-le-luxembourg-annonce-le-financement-de-plusieurs-projets-au-togo","status":"publish","type":"post","link":"https:\/\/lavoixdelanation.tg\/index.php\/2025\/01\/23\/cooperation-bilaterale-le-luxembourg-annonce-le-financement-de-plusieurs-projets-au-togo\/","title":{"rendered":"Coop\u00e9ration bilat\u00e9rale\u00a0: Le Luxembourg annonce le financement de plusieurs projets au Togo"},"content":{"rendered":"\n<p><strong>Dans le cadre de la coop\u00e9ration entre le Togo et le Grand-Duch\u00e9 du Luxembourg, une d\u00e9l\u00e9gation luxembourgeoise effectue une mission du 19 au 25 janvier 2025 au Togo.<\/strong><\/p>\n\n\n\n<p>Conduite par Claude Jentgen, Coordinateur de la coop\u00e9ration bilat\u00e9rale au minist\u00e8re des Affaires \u00e9trang\u00e8res et europ\u00e9ennes, de la d\u00e9fense, de la coop\u00e9ration et du commerce ext\u00e9rieur du Luxembourg, la d\u00e9l\u00e9gation a \u00e9t\u00e9 re\u00e7ue ce 21 janvier 2025 par la Ministre-Secr\u00e9taire g\u00e9n\u00e9ral de la Pr\u00e9sidence de la R\u00e9publique, Dr Sandra Johnson.<\/p>\n\n\n\n<p>Les deux parties ont salu\u00e9 au cours des \u00e9changes, l\u2019excellence et le dynamisme de la coop\u00e9ration qui unit les deux pays et se sont f\u00e9licit\u00e9es pour l\u2019\u00e9troite collaboration pour un partenariat mutuellement b\u00e9n\u00e9fique.<\/p>\n\n\n\n<p>Sur place \u00e0 Lom\u00e9, la d\u00e9l\u00e9gation luxembourgeoise a fait une importante annonce de financements de deux projets au titre de la coop\u00e9ration d\u00e9l\u00e9gu\u00e9e, notamment le Projet de transformation digitale de l\u2019\u00e9conomie togolaise (PRODIGIT) d\u2019un montant additionnel de 8,8 millions d\u2019euros et le Projet de reconstitution des paysages forestiers et de bonne gouvernance dans le secteur forestier (Forests4Future) pour un montant additionnel de 3 millions d\u2019euros soit un total de 11,8 millions d\u2019euros ( 7 735 400 000 FCFA). Ces projets sont en cours de mise en \u0153uvre avec l\u2019appui de la GIZ.<\/p>\n\n\n\n<p>Dans la foul\u00e9e, l\u2019on apprend \u00e9galement que d\u2019autres financements estim\u00e9s \u00e0 65,5 millions d\u2019euros, soit 42,96 milliards de FCFA sont attendus dans le cadre de la coop\u00e9ration bilat\u00e9rale directe sont attendus pour des projets identifi\u00e9s et dont les requ\u00eates sont en cours de pr\u00e9paration.<\/p>\n\n\n\n<figure class=\"wp-block-image size-large\"><img loading=\"lazy\" decoding=\"async\" width=\"1024\" height=\"683\" src=\"https:\/\/lavoixdelanation.tg\/wp-content\/uploads\/2025\/01\/Cooperation-entre-le-Togo-et-le-Luxembourg-1024x683.jpg\" alt=\"\" class=\"wp-image-1996\" srcset=\"https:\/\/lavoixdelanation.tg\/wp-content\/uploads\/2025\/01\/Cooperation-entre-le-Togo-et-le-Luxembourg-1024x683.jpg 1024w, https:\/\/lavoixdelanation.tg\/wp-content\/uploads\/2025\/01\/Cooperation-entre-le-Togo-et-le-Luxembourg-300x200.jpg 300w, https:\/\/lavoixdelanation.tg\/wp-content\/uploads\/2025\/01\/Cooperation-entre-le-Togo-et-le-Luxembourg-768x512.jpg 768w, https:\/\/lavoixdelanation.tg\/wp-content\/uploads\/2025\/01\/Cooperation-entre-le-Togo-et-le-Luxembourg-1536x1025.jpg 1536w, https:\/\/lavoixdelanation.tg\/wp-content\/uploads\/2025\/01\/Cooperation-entre-le-Togo-et-le-Luxembourg.jpg 2048w\" sizes=\"auto, (max-width: 1024px) 100vw, 1024px\" \/><\/figure>\n\n\n\n<p>Il s\u2019agit notamment du projet de r\u00e9habilitation d\u2019infrastructure et d\u2019un atelier d\u2019ing\u00e9nierie collaborative \u00e0 l\u2019Ecole Polytechnique de Lom\u00e9 (EPL), du projet d\u2019appui \u00e0 la formation professionnelle pour l\u2019am\u00e9lioration de la qualit\u00e9 et de la s\u00e9curit\u00e9 des soins (PAFPAQSS) de l\u2019Universit\u00e9 de Lom\u00e9, du projet de gestion durable des ressources naturelles et transition \u00e9cologique et du projet de Centre Africain de Cyber D\u00e9fense. Des financements constitu\u00e9s essentiellement de dons.<\/p>\n\n\n\n<p>Dr Sandra Johnson, Ministre a exprim\u00e9 sa gratitude au gouvernement togolais du Luxembourg pour son appui aux efforts du d\u00e9veloppement \u00e9conomique et social du Togo. Elle a par ailleurs rassur\u00e9 la d\u00e9l\u00e9gation luxembourgeoise de la mise en \u0153uvre efficace et efficiente de ces projets en faveur de l\u2019am\u00e9lioration du bien-\u00eatre des populations togolaises.<\/p>\n\n\n\n<p>Pour rappel, le Togo et le Luxembourg avait d\u00e9j\u00e0 sign\u00e9 le 28 mars 2024, une lettre d\u2019entente \u00e0 travers laquelle ils se sont engag\u00e9s \u00e0 renforcer leur partenariat dans des domaines cl\u00e9s du d\u00e9veloppement notamment l\u2019\u00e9ducation technique, la formation professionnelle, l\u2019insertion professionnelle, l\u2019environnement et la r\u00e9ponse au changement climatique, la digitalisation et la bonne gouvernance.<\/p>\n\n\n\n<p><strong>David S.<\/strong><\/p>\n","protected":false},"excerpt":{"rendered":"<p>Dans le cadre de la coop\u00e9ration entre le Togo et le Grand-Duch\u00e9 du Luxembourg, une d\u00e9l\u00e9gation luxembourgeoise effectue une mission du 19 au 25 janvier 2025 au Togo. Conduite par&hellip; <\/p>\n","protected":false},"author":1,"featured_media":1994,"comment_status":"open","ping_status":"open","sticky":false,"template":"","format":"standard","meta":{"footnotes":""},"categories":[12,8],"tags":[],"class_list":["post-1993","post","type-post","status-publish","format-standard","has-post-thumbnail","hentry","category-diplomatie","category-economie"],"yoast_head":"<!-- This site is optimized with the Yoast SEO plugin v26.4 - https:\/\/yoast.com\/wordpress\/plugins\/seo\/ -->\n<title>Coop\u00e9ration bilat\u00e9rale\u00a0: Le Luxembourg annonce le financement de plusieurs projets au Togo - La Voix de la Nation<\/title>\n<meta name=\"robots\" content=\"index, follow, max-snippet:-1, max-image-preview:large, max-video-preview:-1\" \/>\n<link rel=\"canonical\" href=\"https:\/\/lavoixdelanation.tg\/index.php\/2025\/01\/23\/cooperation-bilaterale-le-luxembourg-annonce-le-financement-de-plusieurs-projets-au-togo\/\" \/>\n<meta property=\"og:locale\" content=\"fr_FR\" \/>\n<meta property=\"og:type\" content=\"article\" \/>\n<meta property=\"og:title\" content=\"Coop\u00e9ration bilat\u00e9rale\u00a0: Le Luxembourg annonce le financement de plusieurs projets au Togo - La Voix de la Nation\" \/>\n<meta property=\"og:description\" content=\"Dans le cadre de la coop\u00e9ration entre le Togo et le Grand-Duch\u00e9 du Luxembourg, une d\u00e9l\u00e9gation luxembourgeoise effectue une mission du 19 au 25 janvier 2025 au Togo. Conduite par&hellip;\" \/>\n<meta property=\"og:url\" content=\"https:\/\/lavoixdelanation.tg\/index.php\/2025\/01\/23\/cooperation-bilaterale-le-luxembourg-annonce-le-financement-de-plusieurs-projets-au-togo\/\" \/>\n<meta property=\"og:site_name\" content=\"La Voix de la Nation\" \/>\n<meta property=\"article:publisher\" content=\"https:\/\/www.facebook.com\/lavoixdelanation\" \/>\n<meta property=\"article:published_time\" content=\"2025-01-23T14:57:15+00:00\" \/>\n<meta property=\"article:modified_time\" content=\"2025-01-23T14:59:21+00:00\" \/>\n<meta property=\"og:image\" content=\"https:\/\/lavoixdelanation.tg\/wp-content\/uploads\/2025\/01\/Reunion-dechanges-entre-les-parties-togolaises-et-luxembourgeoises.jpg\" \/>\n\t<meta property=\"og:image:width\" content=\"600\" \/>\n\t<meta property=\"og:image:height\" content=\"343\" \/>\n\t<meta property=\"og:image:type\" content=\"image\/jpeg\" \/>\n<meta name=\"author\" content=\"La voix de la nation\" \/>\n<meta name=\"twitter:card\" content=\"summary_large_image\" \/>\n<meta name=\"twitter:label1\" content=\"\u00c9crit par\" \/>\n\t<meta name=\"twitter:data1\" content=\"La voix de la nation\" \/>\n\t<meta name=\"twitter:label2\" content=\"Dur\u00e9e de lecture estim\u00e9e\" \/>\n\t<meta name=\"twitter:data2\" content=\"3 minutes\" \/>\n<script type=\"application\/ld+json\" class=\"yoast-schema-graph\">{\"@context\":\"https:\/\/schema.org\",\"@graph\":[{\"@type\":\"Article\",\"@id\":\"https:\/\/lavoixdelanation.tg\/index.php\/2025\/01\/23\/cooperation-bilaterale-le-luxembourg-annonce-le-financement-de-plusieurs-projets-au-togo\/#article\",\"isPartOf\":{\"@id\":\"https:\/\/lavoixdelanation.tg\/index.php\/2025\/01\/23\/cooperation-bilaterale-le-luxembourg-annonce-le-financement-de-plusieurs-projets-au-togo\/\"},\"author\":{\"name\":\"La voix de la nation\",\"@id\":\"https:\/\/lavoixdelanation.tg\/#\/schema\/person\/6c489293aa38053673a9e554acb6e224\"},\"headline\":\"Coop\u00e9ration bilat\u00e9rale\u00a0: Le Luxembourg annonce le financement de plusieurs projets au Togo\",\"datePublished\":\"2025-01-23T14:57:15+00:00\",\"dateModified\":\"2025-01-23T14:59:21+00:00\",\"mainEntityOfPage\":{\"@id\":\"https:\/\/lavoixdelanation.tg\/index.php\/2025\/01\/23\/cooperation-bilaterale-le-luxembourg-annonce-le-financement-de-plusieurs-projets-au-togo\/\"},\"wordCount\":494,\"commentCount\":0,\"publisher\":{\"@id\":\"https:\/\/lavoixdelanation.tg\/#organization\"},\"image\":{\"@id\":\"https:\/\/lavoixdelanation.tg\/index.php\/2025\/01\/23\/cooperation-bilaterale-le-luxembourg-annonce-le-financement-de-plusieurs-projets-au-togo\/#primaryimage\"},\"thumbnailUrl\":\"https:\/\/lavoixdelanation.tg\/wp-content\/uploads\/2025\/01\/Reunion-dechanges-entre-les-parties-togolaises-et-luxembourgeoises.jpg\",\"articleSection\":[\"Diplomatie\",\"Economie\"],\"inLanguage\":\"fr-FR\",\"potentialAction\":[{\"@type\":\"CommentAction\",\"name\":\"Comment\",\"target\":[\"https:\/\/lavoixdelanation.tg\/index.php\/2025\/01\/23\/cooperation-bilaterale-le-luxembourg-annonce-le-financement-de-plusieurs-projets-au-togo\/#respond\"]}]},{\"@type\":\"WebPage\",\"@id\":\"https:\/\/lavoixdelanation.tg\/index.php\/2025\/01\/23\/cooperation-bilaterale-le-luxembourg-annonce-le-financement-de-plusieurs-projets-au-togo\/\",\"url\":\"https:\/\/lavoixdelanation.tg\/index.php\/2025\/01\/23\/cooperation-bilaterale-le-luxembourg-annonce-le-financement-de-plusieurs-projets-au-togo\/\",\"name\":\"Coop\u00e9ration bilat\u00e9rale\u00a0: Le Luxembourg annonce le financement de plusieurs projets au Togo - La Voix de la Nation\",\"isPartOf\":{\"@id\":\"https:\/\/lavoixdelanation.tg\/#website\"},\"primaryImageOfPage\":{\"@id\":\"https:\/\/lavoixdelanation.tg\/index.php\/2025\/01\/23\/cooperation-bilaterale-le-luxembourg-annonce-le-financement-de-plusieurs-projets-au-togo\/#primaryimage\"},\"image\":{\"@id\":\"https:\/\/lavoixdelanation.tg\/index.php\/2025\/01\/23\/cooperation-bilaterale-le-luxembourg-annonce-le-financement-de-plusieurs-projets-au-togo\/#primaryimage\"},\"thumbnailUrl\":\"https:\/\/lavoixdelanation.tg\/wp-content\/uploads\/2025\/01\/Reunion-dechanges-entre-les-parties-togolaises-et-luxembourgeoises.jpg\",\"datePublished\":\"2025-01-23T14:57:15+00:00\",\"dateModified\":\"2025-01-23T14:59:21+00:00\",\"breadcrumb\":{\"@id\":\"https:\/\/lavoixdelanation.tg\/index.php\/2025\/01\/23\/cooperation-bilaterale-le-luxembourg-annonce-le-financement-de-plusieurs-projets-au-togo\/#breadcrumb\"},\"inLanguage\":\"fr-FR\",\"potentialAction\":[{\"@type\":\"ReadAction\",\"target\":[\"https:\/\/lavoixdelanation.tg\/index.php\/2025\/01\/23\/cooperation-bilaterale-le-luxembourg-annonce-le-financement-de-plusieurs-projets-au-togo\/\"]}]},{\"@type\":\"ImageObject\",\"inLanguage\":\"fr-FR\",\"@id\":\"https:\/\/lavoixdelanation.tg\/index.php\/2025\/01\/23\/cooperation-bilaterale-le-luxembourg-annonce-le-financement-de-plusieurs-projets-au-togo\/#primaryimage\",\"url\":\"https:\/\/lavoixdelanation.tg\/wp-content\/uploads\/2025\/01\/Reunion-dechanges-entre-les-parties-togolaises-et-luxembourgeoises.jpg\",\"contentUrl\":\"https:\/\/lavoixdelanation.tg\/wp-content\/uploads\/2025\/01\/Reunion-dechanges-entre-les-parties-togolaises-et-luxembourgeoises.jpg\",\"width\":600,\"height\":343,\"caption\":\"R\u00e9union d\u2019\u00e9changes entre les parties togolaises et luxembourgeoises\"},{\"@type\":\"BreadcrumbList\",\"@id\":\"https:\/\/lavoixdelanation.tg\/index.php\/2025\/01\/23\/cooperation-bilaterale-le-luxembourg-annonce-le-financement-de-plusieurs-projets-au-togo\/#breadcrumb\",\"itemListElement\":[{\"@type\":\"ListItem\",\"position\":1,\"name\":\"Accueil\",\"item\":\"https:\/\/lavoixdelanation.tg\/\"},{\"@type\":\"ListItem\",\"position\":2,\"name\":\"Coop\u00e9ration bilat\u00e9rale\u00a0: Le Luxembourg annonce le financement de plusieurs projets au Togo\"}]},{\"@type\":\"WebSite\",\"@id\":\"https:\/\/lavoixdelanation.tg\/#website\",\"url\":\"https:\/\/lavoixdelanation.tg\/\",\"name\":\"La Voix de la Nation\",\"description\":\"R\u00e9c\u00e9piss\u00e9 n\u00b00108\/HAAC\/01-2024\/pl\/P\",\"publisher\":{\"@id\":\"https:\/\/lavoixdelanation.tg\/#organization\"},\"alternateName\":\"VON\",\"potentialAction\":[{\"@type\":\"SearchAction\",\"target\":{\"@type\":\"EntryPoint\",\"urlTemplate\":\"https:\/\/lavoixdelanation.tg\/?s={search_term_string}\"},\"query-input\":{\"@type\":\"PropertyValueSpecification\",\"valueRequired\":true,\"valueName\":\"search_term_string\"}}],\"inLanguage\":\"fr-FR\"},{\"@type\":\"Organization\",\"@id\":\"https:\/\/lavoixdelanation.tg\/#organization\",\"name\":\"La Voix de la Nation\",\"url\":\"https:\/\/lavoixdelanation.tg\/\",\"logo\":{\"@type\":\"ImageObject\",\"inLanguage\":\"fr-FR\",\"@id\":\"https:\/\/lavoixdelanation.tg\/#\/schema\/logo\/image\/\",\"url\":\"https:\/\/lavoixdelanation.tg\/wp-content\/uploads\/2024\/12\/lavn-1.png\",\"contentUrl\":\"https:\/\/lavoixdelanation.tg\/wp-content\/uploads\/2024\/12\/lavn-1.png\",\"width\":1024,\"height\":464,\"caption\":\"La Voix de la Nation\"},\"image\":{\"@id\":\"https:\/\/lavoixdelanation.tg\/#\/schema\/logo\/image\/\"},\"sameAs\":[\"https:\/\/www.facebook.com\/lavoixdelanation\"]},{\"@type\":\"Person\",\"@id\":\"https:\/\/lavoixdelanation.tg\/#\/schema\/person\/6c489293aa38053673a9e554acb6e224\",\"name\":\"La voix de la nation\",\"image\":{\"@type\":\"ImageObject\",\"inLanguage\":\"fr-FR\",\"@id\":\"https:\/\/lavoixdelanation.tg\/#\/schema\/person\/image\/\",\"url\":\"https:\/\/secure.gravatar.com\/avatar\/8aa135d4bbc794494cecaa8d483f6d6cc1023624868deaff686baed5e727a5a1?s=96&d=mm&r=g\",\"contentUrl\":\"https:\/\/secure.gravatar.com\/avatar\/8aa135d4bbc794494cecaa8d483f6d6cc1023624868deaff686baed5e727a5a1?s=96&d=mm&r=g\",\"caption\":\"La voix de la nation\"},\"sameAs\":[\"https:\/\/lavoixdelanation.tg\"],\"url\":\"https:\/\/lavoixdelanation.tg\/index.php\/author\/lavn\/\"}]}<\/script>\n<!-- \/ Yoast SEO plugin. -->","yoast_head_json":{"title":"Coop\u00e9ration bilat\u00e9rale\u00a0: Le Luxembourg annonce le financement de plusieurs projets au Togo - La Voix de la Nation","robots":{"index":"index","follow":"follow","max-snippet":"max-snippet:-1","max-image-preview":"max-image-preview:large","max-video-preview":"max-video-preview:-1"},"canonical":"https:\/\/lavoixdelanation.tg\/index.php\/2025\/01\/23\/cooperation-bilaterale-le-luxembourg-annonce-le-financement-de-plusieurs-projets-au-togo\/","og_locale":"fr_FR","og_type":"article","og_title":"Coop\u00e9ration bilat\u00e9rale\u00a0: Le Luxembourg annonce le financement de plusieurs projets au Togo - La Voix de la Nation","og_description":"Dans le cadre de la coop\u00e9ration entre le Togo et le Grand-Duch\u00e9 du Luxembourg, une d\u00e9l\u00e9gation luxembourgeoise effectue une mission du 19 au 25 janvier 2025 au Togo. Conduite par&hellip;","og_url":"https:\/\/lavoixdelanation.tg\/index.php\/2025\/01\/23\/cooperation-bilaterale-le-luxembourg-annonce-le-financement-de-plusieurs-projets-au-togo\/","og_site_name":"La Voix de la Nation","article_publisher":"https:\/\/www.facebook.com\/lavoixdelanation","article_published_time":"2025-01-23T14:57:15+00:00","article_modified_time":"2025-01-23T14:59:21+00:00","og_image":[{"width":600,"height":343,"url":"https:\/\/lavoixdelanation.tg\/wp-content\/uploads\/2025\/01\/Reunion-dechanges-entre-les-parties-togolaises-et-luxembourgeoises.jpg","type":"image\/jpeg"}],"author":"La voix de la nation","twitter_card":"summary_large_image","twitter_misc":{"\u00c9crit par":"La voix de la nation","Dur\u00e9e de lecture estim\u00e9e":"3 minutes"},"schema":{"@context":"https:\/\/schema.org","@graph":[{"@type":"Article","@id":"https:\/\/lavoixdelanation.tg\/index.php\/2025\/01\/23\/cooperation-bilaterale-le-luxembourg-annonce-le-financement-de-plusieurs-projets-au-togo\/#article","isPartOf":{"@id":"https:\/\/lavoixdelanation.tg\/index.php\/2025\/01\/23\/cooperation-bilaterale-le-luxembourg-annonce-le-financement-de-plusieurs-projets-au-togo\/"},"author":{"name":"La voix de la nation","@id":"https:\/\/lavoixdelanation.tg\/#\/schema\/person\/6c489293aa38053673a9e554acb6e224"},"headline":"Coop\u00e9ration bilat\u00e9rale\u00a0: Le Luxembourg annonce le financement de plusieurs projets au Togo","datePublished":"2025-01-23T14:57:15+00:00","dateModified":"2025-01-23T14:59:21+00:00","mainEntityOfPage":{"@id":"https:\/\/lavoixdelanation.tg\/index.php\/2025\/01\/23\/cooperation-bilaterale-le-luxembourg-annonce-le-financement-de-plusieurs-projets-au-togo\/"},"wordCount":494,"commentCount":0,"publisher":{"@id":"https:\/\/lavoixdelanation.tg\/#organization"},"image":{"@id":"https:\/\/lavoixdelanation.tg\/index.php\/2025\/01\/23\/cooperation-bilaterale-le-luxembourg-annonce-le-financement-de-plusieurs-projets-au-togo\/#primaryimage"},"thumbnailUrl":"https:\/\/lavoixdelanation.tg\/wp-content\/uploads\/2025\/01\/Reunion-dechanges-entre-les-parties-togolaises-et-luxembourgeoises.jpg","articleSection":["Diplomatie","Economie"],"inLanguage":"fr-FR","potentialAction":[{"@type":"CommentAction","name":"Comment","target":["https:\/\/lavoixdelanation.tg\/index.php\/2025\/01\/23\/cooperation-bilaterale-le-luxembourg-annonce-le-financement-de-plusieurs-projets-au-togo\/#respond"]}]},{"@type":"WebPage","@id":"https:\/\/lavoixdelanation.tg\/index.php\/2025\/01\/23\/cooperation-bilaterale-le-luxembourg-annonce-le-financement-de-plusieurs-projets-au-togo\/","url":"https:\/\/lavoixdelanation.tg\/index.php\/2025\/01\/23\/cooperation-bilaterale-le-luxembourg-annonce-le-financement-de-plusieurs-projets-au-togo\/","name":"Coop\u00e9ration bilat\u00e9rale\u00a0: Le Luxembourg annonce le financement de plusieurs projets au Togo - La Voix de la Nation","isPartOf":{"@id":"https:\/\/lavoixdelanation.tg\/#website"},"primaryImageOfPage":{"@id":"https:\/\/lavoixdelanation.tg\/index.php\/2025\/01\/23\/cooperation-bilaterale-le-luxembourg-annonce-le-financement-de-plusieurs-projets-au-togo\/#primaryimage"},"image":{"@id":"https:\/\/lavoixdelanation.tg\/index.php\/2025\/01\/23\/cooperation-bilaterale-le-luxembourg-annonce-le-financement-de-plusieurs-projets-au-togo\/#primaryimage"},"thumbnailUrl":"https:\/\/lavoixdelanation.tg\/wp-content\/uploads\/2025\/01\/Reunion-dechanges-entre-les-parties-togolaises-et-luxembourgeoises.jpg","datePublished":"2025-01-23T14:57:15+00:00","dateModified":"2025-01-23T14:59:21+00:00","breadcrumb":{"@id":"https:\/\/lavoixdelanation.tg\/index.php\/2025\/01\/23\/cooperation-bilaterale-le-luxembourg-annonce-le-financement-de-plusieurs-projets-au-togo\/#breadcrumb"},"inLanguage":"fr-FR","potentialAction":[{"@type":"ReadAction","target":["https:\/\/lavoixdelanation.tg\/index.php\/2025\/01\/23\/cooperation-bilaterale-le-luxembourg-annonce-le-financement-de-plusieurs-projets-au-togo\/"]}]},{"@type":"ImageObject","inLanguage":"fr-FR","@id":"https:\/\/lavoixdelanation.tg\/index.php\/2025\/01\/23\/cooperation-bilaterale-le-luxembourg-annonce-le-financement-de-plusieurs-projets-au-togo\/#primaryimage","url":"https:\/\/lavoixdelanation.tg\/wp-content\/uploads\/2025\/01\/Reunion-dechanges-entre-les-parties-togolaises-et-luxembourgeoises.jpg","contentUrl":"https:\/\/lavoixdelanation.tg\/wp-content\/uploads\/2025\/01\/Reunion-dechanges-entre-les-parties-togolaises-et-luxembourgeoises.jpg","width":600,"height":343,"caption":"R\u00e9union d\u2019\u00e9changes entre les parties togolaises et luxembourgeoises"},{"@type":"BreadcrumbList","@id":"https:\/\/lavoixdelanation.tg\/index.php\/2025\/01\/23\/cooperation-bilaterale-le-luxembourg-annonce-le-financement-de-plusieurs-projets-au-togo\/#breadcrumb","itemListElement":[{"@type":"ListItem","position":1,"name":"Accueil","item":"https:\/\/lavoixdelanation.tg\/"},{"@type":"ListItem","position":2,"name":"Coop\u00e9ration bilat\u00e9rale\u00a0: Le Luxembourg annonce le financement de plusieurs projets au Togo"}]},{"@type":"WebSite","@id":"https:\/\/lavoixdelanation.tg\/#website","url":"https:\/\/lavoixdelanation.tg\/","name":"La Voix de la Nation","description":"R\u00e9c\u00e9piss\u00e9 n\u00b00108\/HAAC\/01-2024\/pl\/P","publisher":{"@id":"https:\/\/lavoixdelanation.tg\/#organization"},"alternateName":"VON","potentialAction":[{"@type":"SearchAction","target":{"@type":"EntryPoint","urlTemplate":"https:\/\/lavoixdelanation.tg\/?s={search_term_string}"},"query-input":{"@type":"PropertyValueSpecification","valueRequired":true,"valueName":"search_term_string"}}],"inLanguage":"fr-FR"},{"@type":"Organization","@id":"https:\/\/lavoixdelanation.tg\/#organization","name":"La Voix de la Nation","url":"https:\/\/lavoixdelanation.tg\/","logo":{"@type":"ImageObject","inLanguage":"fr-FR","@id":"https:\/\/lavoixdelanation.tg\/#\/schema\/logo\/image\/","url":"https:\/\/lavoixdelanation.tg\/wp-content\/uploads\/2024\/12\/lavn-1.png","contentUrl":"https:\/\/lavoixdelanation.tg\/wp-content\/uploads\/2024\/12\/lavn-1.png","width":1024,"height":464,"caption":"La Voix de la Nation"},"image":{"@id":"https:\/\/lavoixdelanation.tg\/#\/schema\/logo\/image\/"},"sameAs":["https:\/\/www.facebook.com\/lavoixdelanation"]},{"@type":"Person","@id":"https:\/\/lavoixdelanation.tg\/#\/schema\/person\/6c489293aa38053673a9e554acb6e224","name":"La voix de la nation","image":{"@type":"ImageObject","inLanguage":"fr-FR","@id":"https:\/\/lavoixdelanation.tg\/#\/schema\/person\/image\/","url":"https:\/\/secure.gravatar.com\/avatar\/8aa135d4bbc794494cecaa8d483f6d6cc1023624868deaff686baed5e727a5a1?s=96&d=mm&r=g","contentUrl":"https:\/\/secure.gravatar.com\/avatar\/8aa135d4bbc794494cecaa8d483f6d6cc1023624868deaff686baed5e727a5a1?s=96&d=mm&r=g","caption":"La voix de la nation"},"sameAs":["https:\/\/lavoixdelanation.tg"],"url":"https:\/\/lavoixdelanation.tg\/index.php\/author\/lavn\/"}]}},"_links":{"self":[{"href":"https:\/\/lavoixdelanation.tg\/index.php\/wp-json\/wp\/v2\/posts\/1993","targetHints":{"allow":["GET"]}}],"collection":[{"href":"https:\/\/lavoixdelanation.tg\/index.php\/wp-json\/wp\/v2\/posts"}],"about":[{"href":"https:\/\/lavoixdelanation.tg\/index.php\/wp-json\/wp\/v2\/types\/post"}],"author":[{"embeddable":true,"href":"https:\/\/lavoixdelanation.tg\/index.php\/wp-json\/wp\/v2\/users\/1"}],"replies":[{"embeddable":true,"href":"https:\/\/lavoixdelanation.tg\/index.php\/wp-json\/wp\/v2\/comments?post=1993"}],"version-history":[{"count":2,"href":"https:\/\/lavoixdelanation.tg\/index.php\/wp-json\/wp\/v2\/posts\/1993\/revisions"}],"predecessor-version":[{"id":1997,"href":"https:\/\/lavoixdelanation.tg\/index.php\/wp-json\/wp\/v2\/posts\/1993\/revisions\/1997"}],"wp:featuredmedia":[{"embeddable":true,"href":"https:\/\/lavoixdelanation.tg\/index.php\/wp-json\/wp\/v2\/media\/1994"}],"wp:attachment":[{"href":"https:\/\/lavoixdelanation.tg\/index.php\/wp-json\/wp\/v2\/media?parent=1993"}],"wp:term":[{"taxonomy":"category","embeddable":true,"href":"https:\/\/lavoixdelanation.tg\/index.php\/wp-json\/wp\/v2\/categories?post=1993"},{"taxonomy":"post_tag","embeddable":true,"href":"https:\/\/lavoixdelanation.tg\/index.php\/wp-json\/wp\/v2\/tags?post=1993"}],"curies":[{"name":"wp","href":"https:\/\/api.w.org\/{rel}","templated":true}]}}