{"id":1964,"date":"2025-01-20T06:42:00","date_gmt":"2025-01-20T05:42:00","guid":{"rendered":"https:\/\/lavoixdelanation.tg\/?p=1964"},"modified":"2025-01-20T10:52:54","modified_gmt":"2025-01-20T09:52:54","slug":"togo-le-ministere-de-la-securite-prend-le-train-de-la-digitalisation-des-services-publics","status":"publish","type":"post","link":"https:\/\/lavoixdelanation.tg\/index.php\/2025\/01\/20\/togo-le-ministere-de-la-securite-prend-le-train-de-la-digitalisation-des-services-publics\/","title":{"rendered":"Togo\u00a0: Le minist\u00e8re de la s\u00e9curit\u00e9 prend le train de la digitalisation\u00a0des services publics"},"content":{"rendered":"\n<p><strong>Le gouvernement togolais a fait le choix de s&rsquo;inscrire dans la dynamique de la num\u00e9risation qui est devenue un outil incontournable pour am\u00e9liorer la gouvernance et stimuler le d\u00e9veloppement \u00e9conomique.<\/strong><\/p>\n\n\n\n<p>Le minist\u00e8re de la S\u00e9curit\u00e9 se joint \u00e0 la dynamique dans le cadre de la mise en \u0153uvre de la Feuille de route gouvernementale, dans le but de simplifier les proc\u00e9dures administratives, r\u00e9duire la corruption et am\u00e9liorer l\u2019exp\u00e9rience des citoyens.<\/p>\n\n\n\n<p>En effet, avec l\u2019appui de l\u2019Agence Togo Digital (ATD), le minist\u00e8re de la S\u00e9curit\u00e9 et de la Protection civile a mis en ligne de nouvelles proc\u00e9dures administratives li\u00e9es \u00e0 des demandes pr\u00e9cises.<\/p>\n\n\n\n<p>Ainsi, sont dor\u00e9navant disponibles en ligne les demandes d&rsquo;autorisation de vitre teint\u00e9e, de couverture s\u00e9curitaire pour les \u00e9v\u00e9nements priv\u00e9s, d&rsquo;\u00e9lectrification de fils barbel\u00e9s et d&rsquo;autorisation d&rsquo;entr\u00e9e sur le territoire togolais.<\/p>\n\n\n\n<p>Ces services digitalis\u00e9s sont accessibles via le portail national atteignable gr\u00e2ce \u00e0 l&rsquo;adresse https:\/\/service-public.gouv.tg\/. Le processus vise \u00e0 simplifier les d\u00e9marches administratives, \u00e0 r\u00e9duire les d\u00e9lais de traitement et \u00e0 am\u00e9liorer l&rsquo;efficacit\u00e9 du service public, assure l&rsquo;ex\u00e9cutif.<\/p>\n\n\n\n<p>Avec toutes les d\u00e9marches administratives d\u00e9j\u00e0 existantes sur la plateforme des services publics, la vie devient plus facile pour les citoyens. Mais encore, l&rsquo;id\u00e9e des pouvoirs publics est de faire plus que cela. L&rsquo;ambition du gouvernement est de num\u00e9riser et de rendre disponibles au moins 75 % des d\u00e9marches administratives d&rsquo;ici la fin de l&rsquo;ann\u00e9e 2025.<\/p>\n\n\n\n<p><strong>La R\u00e9daction<\/strong><\/p>\n","protected":false},"excerpt":{"rendered":"<p>Le gouvernement togolais a fait le choix de s&rsquo;inscrire dans la dynamique de la num\u00e9risation qui est devenue un outil incontournable pour am\u00e9liorer la gouvernance et stimuler le d\u00e9veloppement \u00e9conomique.&hellip; <\/p>\n","protected":false},"author":1,"featured_media":1965,"comment_status":"open","ping_status":"open","sticky":false,"template":"","format":"standard","meta":{"footnotes":""},"categories":[36],"tags":[],"class_list":["post-1964","post","type-post","status-publish","format-standard","has-post-thumbnail","hentry","category-tech"],"yoast_head":"<!-- This site is optimized with the Yoast SEO plugin v26.4 - https:\/\/yoast.com\/wordpress\/plugins\/seo\/ -->\n<title>Togo\u00a0: Le minist\u00e8re de la s\u00e9curit\u00e9 prend le train de la digitalisation\u00a0des services publics - La Voix de la Nation<\/title>\n<meta name=\"robots\" content=\"index, follow, max-snippet:-1, max-image-preview:large, max-video-preview:-1\" \/>\n<link rel=\"canonical\" href=\"https:\/\/lavoixdelanation.tg\/index.php\/2025\/01\/20\/togo-le-ministere-de-la-securite-prend-le-train-de-la-digitalisation-des-services-publics\/\" \/>\n<meta property=\"og:locale\" content=\"fr_FR\" \/>\n<meta property=\"og:type\" content=\"article\" \/>\n<meta property=\"og:title\" content=\"Togo\u00a0: Le minist\u00e8re de la s\u00e9curit\u00e9 prend le train de la digitalisation\u00a0des services publics - La Voix de la Nation\" \/>\n<meta property=\"og:description\" content=\"Le gouvernement togolais a fait le choix de s&rsquo;inscrire dans la dynamique de la num\u00e9risation qui est devenue un outil incontournable pour am\u00e9liorer la gouvernance et stimuler le d\u00e9veloppement \u00e9conomique.&hellip;\" \/>\n<meta property=\"og:url\" content=\"https:\/\/lavoixdelanation.tg\/index.php\/2025\/01\/20\/togo-le-ministere-de-la-securite-prend-le-train-de-la-digitalisation-des-services-publics\/\" \/>\n<meta property=\"og:site_name\" content=\"La Voix de la Nation\" \/>\n<meta property=\"article:publisher\" content=\"https:\/\/www.facebook.com\/lavoixdelanation\" \/>\n<meta property=\"article:published_time\" content=\"2025-01-20T05:42:00+00:00\" \/>\n<meta property=\"article:modified_time\" content=\"2025-01-20T09:52:54+00:00\" \/>\n<meta property=\"og:image\" content=\"https:\/\/lavoixdelanation.tg\/wp-content\/uploads\/2025\/01\/Digitalisation-des-services-publics-au-Togo.jpg\" \/>\n\t<meta property=\"og:image:width\" content=\"500\" \/>\n\t<meta property=\"og:image:height\" content=\"333\" \/>\n\t<meta property=\"og:image:type\" content=\"image\/jpeg\" \/>\n<meta name=\"author\" content=\"La voix de la nation\" \/>\n<meta name=\"twitter:card\" content=\"summary_large_image\" \/>\n<meta name=\"twitter:label1\" content=\"\u00c9crit par\" \/>\n\t<meta name=\"twitter:data1\" content=\"La voix de la nation\" \/>\n\t<meta name=\"twitter:label2\" content=\"Dur\u00e9e de lecture estim\u00e9e\" \/>\n\t<meta name=\"twitter:data2\" content=\"2 minutes\" \/>\n<script type=\"application\/ld+json\" class=\"yoast-schema-graph\">{\"@context\":\"https:\/\/schema.org\",\"@graph\":[{\"@type\":\"Article\",\"@id\":\"https:\/\/lavoixdelanation.tg\/index.php\/2025\/01\/20\/togo-le-ministere-de-la-securite-prend-le-train-de-la-digitalisation-des-services-publics\/#article\",\"isPartOf\":{\"@id\":\"https:\/\/lavoixdelanation.tg\/index.php\/2025\/01\/20\/togo-le-ministere-de-la-securite-prend-le-train-de-la-digitalisation-des-services-publics\/\"},\"author\":{\"name\":\"La voix de la nation\",\"@id\":\"https:\/\/lavoixdelanation.tg\/#\/schema\/person\/6c489293aa38053673a9e554acb6e224\"},\"headline\":\"Togo\u00a0: Le minist\u00e8re de la s\u00e9curit\u00e9 prend le train de la digitalisation\u00a0des services publics\",\"datePublished\":\"2025-01-20T05:42:00+00:00\",\"dateModified\":\"2025-01-20T09:52:54+00:00\",\"mainEntityOfPage\":{\"@id\":\"https:\/\/lavoixdelanation.tg\/index.php\/2025\/01\/20\/togo-le-ministere-de-la-securite-prend-le-train-de-la-digitalisation-des-services-publics\/\"},\"wordCount\":288,\"commentCount\":0,\"publisher\":{\"@id\":\"https:\/\/lavoixdelanation.tg\/#organization\"},\"image\":{\"@id\":\"https:\/\/lavoixdelanation.tg\/index.php\/2025\/01\/20\/togo-le-ministere-de-la-securite-prend-le-train-de-la-digitalisation-des-services-publics\/#primaryimage\"},\"thumbnailUrl\":\"https:\/\/lavoixdelanation.tg\/wp-content\/uploads\/2025\/01\/Digitalisation-des-services-publics-au-Togo.jpg\",\"articleSection\":[\"Tech\"],\"inLanguage\":\"fr-FR\",\"potentialAction\":[{\"@type\":\"CommentAction\",\"name\":\"Comment\",\"target\":[\"https:\/\/lavoixdelanation.tg\/index.php\/2025\/01\/20\/togo-le-ministere-de-la-securite-prend-le-train-de-la-digitalisation-des-services-publics\/#respond\"]}]},{\"@type\":\"WebPage\",\"@id\":\"https:\/\/lavoixdelanation.tg\/index.php\/2025\/01\/20\/togo-le-ministere-de-la-securite-prend-le-train-de-la-digitalisation-des-services-publics\/\",\"url\":\"https:\/\/lavoixdelanation.tg\/index.php\/2025\/01\/20\/togo-le-ministere-de-la-securite-prend-le-train-de-la-digitalisation-des-services-publics\/\",\"name\":\"Togo\u00a0: Le minist\u00e8re de la s\u00e9curit\u00e9 prend le train de la digitalisation\u00a0des services publics - La Voix de la Nation\",\"isPartOf\":{\"@id\":\"https:\/\/lavoixdelanation.tg\/#website\"},\"primaryImageOfPage\":{\"@id\":\"https:\/\/lavoixdelanation.tg\/index.php\/2025\/01\/20\/togo-le-ministere-de-la-securite-prend-le-train-de-la-digitalisation-des-services-publics\/#primaryimage\"},\"image\":{\"@id\":\"https:\/\/lavoixdelanation.tg\/index.php\/2025\/01\/20\/togo-le-ministere-de-la-securite-prend-le-train-de-la-digitalisation-des-services-publics\/#primaryimage\"},\"thumbnailUrl\":\"https:\/\/lavoixdelanation.tg\/wp-content\/uploads\/2025\/01\/Digitalisation-des-services-publics-au-Togo.jpg\",\"datePublished\":\"2025-01-20T05:42:00+00:00\",\"dateModified\":\"2025-01-20T09:52:54+00:00\",\"breadcrumb\":{\"@id\":\"https:\/\/lavoixdelanation.tg\/index.php\/2025\/01\/20\/togo-le-ministere-de-la-securite-prend-le-train-de-la-digitalisation-des-services-publics\/#breadcrumb\"},\"inLanguage\":\"fr-FR\",\"potentialAction\":[{\"@type\":\"ReadAction\",\"target\":[\"https:\/\/lavoixdelanation.tg\/index.php\/2025\/01\/20\/togo-le-ministere-de-la-securite-prend-le-train-de-la-digitalisation-des-services-publics\/\"]}]},{\"@type\":\"ImageObject\",\"inLanguage\":\"fr-FR\",\"@id\":\"https:\/\/lavoixdelanation.tg\/index.php\/2025\/01\/20\/togo-le-ministere-de-la-securite-prend-le-train-de-la-digitalisation-des-services-publics\/#primaryimage\",\"url\":\"https:\/\/lavoixdelanation.tg\/wp-content\/uploads\/2025\/01\/Digitalisation-des-services-publics-au-Togo.jpg\",\"contentUrl\":\"https:\/\/lavoixdelanation.tg\/wp-content\/uploads\/2025\/01\/Digitalisation-des-services-publics-au-Togo.jpg\",\"width\":500,\"height\":333},{\"@type\":\"BreadcrumbList\",\"@id\":\"https:\/\/lavoixdelanation.tg\/index.php\/2025\/01\/20\/togo-le-ministere-de-la-securite-prend-le-train-de-la-digitalisation-des-services-publics\/#breadcrumb\",\"itemListElement\":[{\"@type\":\"ListItem\",\"position\":1,\"name\":\"Accueil\",\"item\":\"https:\/\/lavoixdelanation.tg\/\"},{\"@type\":\"ListItem\",\"position\":2,\"name\":\"Togo\u00a0: Le minist\u00e8re de la s\u00e9curit\u00e9 prend le train de la digitalisation\u00a0des services publics\"}]},{\"@type\":\"WebSite\",\"@id\":\"https:\/\/lavoixdelanation.tg\/#website\",\"url\":\"https:\/\/lavoixdelanation.tg\/\",\"name\":\"La Voix de la Nation\",\"description\":\"R\u00e9c\u00e9piss\u00e9 n\u00b00108\/HAAC\/01-2024\/pl\/P\",\"publisher\":{\"@id\":\"https:\/\/lavoixdelanation.tg\/#organization\"},\"alternateName\":\"VON\",\"potentialAction\":[{\"@type\":\"SearchAction\",\"target\":{\"@type\":\"EntryPoint\",\"urlTemplate\":\"https:\/\/lavoixdelanation.tg\/?s={search_term_string}\"},\"query-input\":{\"@type\":\"PropertyValueSpecification\",\"valueRequired\":true,\"valueName\":\"search_term_string\"}}],\"inLanguage\":\"fr-FR\"},{\"@type\":\"Organization\",\"@id\":\"https:\/\/lavoixdelanation.tg\/#organization\",\"name\":\"La Voix de la Nation\",\"url\":\"https:\/\/lavoixdelanation.tg\/\",\"logo\":{\"@type\":\"ImageObject\",\"inLanguage\":\"fr-FR\",\"@id\":\"https:\/\/lavoixdelanation.tg\/#\/schema\/logo\/image\/\",\"url\":\"https:\/\/lavoixdelanation.tg\/wp-content\/uploads\/2024\/12\/lavn-1.png\",\"contentUrl\":\"https:\/\/lavoixdelanation.tg\/wp-content\/uploads\/2024\/12\/lavn-1.png\",\"width\":1024,\"height\":464,\"caption\":\"La Voix de la Nation\"},\"image\":{\"@id\":\"https:\/\/lavoixdelanation.tg\/#\/schema\/logo\/image\/\"},\"sameAs\":[\"https:\/\/www.facebook.com\/lavoixdelanation\"]},{\"@type\":\"Person\",\"@id\":\"https:\/\/lavoixdelanation.tg\/#\/schema\/person\/6c489293aa38053673a9e554acb6e224\",\"name\":\"La voix de la nation\",\"image\":{\"@type\":\"ImageObject\",\"inLanguage\":\"fr-FR\",\"@id\":\"https:\/\/lavoixdelanation.tg\/#\/schema\/person\/image\/\",\"url\":\"https:\/\/secure.gravatar.com\/avatar\/8aa135d4bbc794494cecaa8d483f6d6cc1023624868deaff686baed5e727a5a1?s=96&d=mm&r=g\",\"contentUrl\":\"https:\/\/secure.gravatar.com\/avatar\/8aa135d4bbc794494cecaa8d483f6d6cc1023624868deaff686baed5e727a5a1?s=96&d=mm&r=g\",\"caption\":\"La voix de la nation\"},\"sameAs\":[\"https:\/\/lavoixdelanation.tg\"],\"url\":\"https:\/\/lavoixdelanation.tg\/index.php\/author\/lavn\/\"}]}<\/script>\n<!-- \/ Yoast SEO plugin. -->","yoast_head_json":{"title":"Togo\u00a0: Le minist\u00e8re de la s\u00e9curit\u00e9 prend le train de la digitalisation\u00a0des services publics - La Voix de la Nation","robots":{"index":"index","follow":"follow","max-snippet":"max-snippet:-1","max-image-preview":"max-image-preview:large","max-video-preview":"max-video-preview:-1"},"canonical":"https:\/\/lavoixdelanation.tg\/index.php\/2025\/01\/20\/togo-le-ministere-de-la-securite-prend-le-train-de-la-digitalisation-des-services-publics\/","og_locale":"fr_FR","og_type":"article","og_title":"Togo\u00a0: Le minist\u00e8re de la s\u00e9curit\u00e9 prend le train de la digitalisation\u00a0des services publics - La Voix de la Nation","og_description":"Le gouvernement togolais a fait le choix de s&rsquo;inscrire dans la dynamique de la num\u00e9risation qui est devenue un outil incontournable pour am\u00e9liorer la gouvernance et stimuler le d\u00e9veloppement \u00e9conomique.&hellip;","og_url":"https:\/\/lavoixdelanation.tg\/index.php\/2025\/01\/20\/togo-le-ministere-de-la-securite-prend-le-train-de-la-digitalisation-des-services-publics\/","og_site_name":"La Voix de la Nation","article_publisher":"https:\/\/www.facebook.com\/lavoixdelanation","article_published_time":"2025-01-20T05:42:00+00:00","article_modified_time":"2025-01-20T09:52:54+00:00","og_image":[{"width":500,"height":333,"url":"https:\/\/lavoixdelanation.tg\/wp-content\/uploads\/2025\/01\/Digitalisation-des-services-publics-au-Togo.jpg","type":"image\/jpeg"}],"author":"La voix de la nation","twitter_card":"summary_large_image","twitter_misc":{"\u00c9crit par":"La voix de la nation","Dur\u00e9e de lecture estim\u00e9e":"2 minutes"},"schema":{"@context":"https:\/\/schema.org","@graph":[{"@type":"Article","@id":"https:\/\/lavoixdelanation.tg\/index.php\/2025\/01\/20\/togo-le-ministere-de-la-securite-prend-le-train-de-la-digitalisation-des-services-publics\/#article","isPartOf":{"@id":"https:\/\/lavoixdelanation.tg\/index.php\/2025\/01\/20\/togo-le-ministere-de-la-securite-prend-le-train-de-la-digitalisation-des-services-publics\/"},"author":{"name":"La voix de la nation","@id":"https:\/\/lavoixdelanation.tg\/#\/schema\/person\/6c489293aa38053673a9e554acb6e224"},"headline":"Togo\u00a0: Le minist\u00e8re de la s\u00e9curit\u00e9 prend le train de la digitalisation\u00a0des services publics","datePublished":"2025-01-20T05:42:00+00:00","dateModified":"2025-01-20T09:52:54+00:00","mainEntityOfPage":{"@id":"https:\/\/lavoixdelanation.tg\/index.php\/2025\/01\/20\/togo-le-ministere-de-la-securite-prend-le-train-de-la-digitalisation-des-services-publics\/"},"wordCount":288,"commentCount":0,"publisher":{"@id":"https:\/\/lavoixdelanation.tg\/#organization"},"image":{"@id":"https:\/\/lavoixdelanation.tg\/index.php\/2025\/01\/20\/togo-le-ministere-de-la-securite-prend-le-train-de-la-digitalisation-des-services-publics\/#primaryimage"},"thumbnailUrl":"https:\/\/lavoixdelanation.tg\/wp-content\/uploads\/2025\/01\/Digitalisation-des-services-publics-au-Togo.jpg","articleSection":["Tech"],"inLanguage":"fr-FR","potentialAction":[{"@type":"CommentAction","name":"Comment","target":["https:\/\/lavoixdelanation.tg\/index.php\/2025\/01\/20\/togo-le-ministere-de-la-securite-prend-le-train-de-la-digitalisation-des-services-publics\/#respond"]}]},{"@type":"WebPage","@id":"https:\/\/lavoixdelanation.tg\/index.php\/2025\/01\/20\/togo-le-ministere-de-la-securite-prend-le-train-de-la-digitalisation-des-services-publics\/","url":"https:\/\/lavoixdelanation.tg\/index.php\/2025\/01\/20\/togo-le-ministere-de-la-securite-prend-le-train-de-la-digitalisation-des-services-publics\/","name":"Togo\u00a0: Le minist\u00e8re de la s\u00e9curit\u00e9 prend le train de la digitalisation\u00a0des services publics - La Voix de la Nation","isPartOf":{"@id":"https:\/\/lavoixdelanation.tg\/#website"},"primaryImageOfPage":{"@id":"https:\/\/lavoixdelanation.tg\/index.php\/2025\/01\/20\/togo-le-ministere-de-la-securite-prend-le-train-de-la-digitalisation-des-services-publics\/#primaryimage"},"image":{"@id":"https:\/\/lavoixdelanation.tg\/index.php\/2025\/01\/20\/togo-le-ministere-de-la-securite-prend-le-train-de-la-digitalisation-des-services-publics\/#primaryimage"},"thumbnailUrl":"https:\/\/lavoixdelanation.tg\/wp-content\/uploads\/2025\/01\/Digitalisation-des-services-publics-au-Togo.jpg","datePublished":"2025-01-20T05:42:00+00:00","dateModified":"2025-01-20T09:52:54+00:00","breadcrumb":{"@id":"https:\/\/lavoixdelanation.tg\/index.php\/2025\/01\/20\/togo-le-ministere-de-la-securite-prend-le-train-de-la-digitalisation-des-services-publics\/#breadcrumb"},"inLanguage":"fr-FR","potentialAction":[{"@type":"ReadAction","target":["https:\/\/lavoixdelanation.tg\/index.php\/2025\/01\/20\/togo-le-ministere-de-la-securite-prend-le-train-de-la-digitalisation-des-services-publics\/"]}]},{"@type":"ImageObject","inLanguage":"fr-FR","@id":"https:\/\/lavoixdelanation.tg\/index.php\/2025\/01\/20\/togo-le-ministere-de-la-securite-prend-le-train-de-la-digitalisation-des-services-publics\/#primaryimage","url":"https:\/\/lavoixdelanation.tg\/wp-content\/uploads\/2025\/01\/Digitalisation-des-services-publics-au-Togo.jpg","contentUrl":"https:\/\/lavoixdelanation.tg\/wp-content\/uploads\/2025\/01\/Digitalisation-des-services-publics-au-Togo.jpg","width":500,"height":333},{"@type":"BreadcrumbList","@id":"https:\/\/lavoixdelanation.tg\/index.php\/2025\/01\/20\/togo-le-ministere-de-la-securite-prend-le-train-de-la-digitalisation-des-services-publics\/#breadcrumb","itemListElement":[{"@type":"ListItem","position":1,"name":"Accueil","item":"https:\/\/lavoixdelanation.tg\/"},{"@type":"ListItem","position":2,"name":"Togo\u00a0: Le minist\u00e8re de la s\u00e9curit\u00e9 prend le train de la digitalisation\u00a0des services publics"}]},{"@type":"WebSite","@id":"https:\/\/lavoixdelanation.tg\/#website","url":"https:\/\/lavoixdelanation.tg\/","name":"La Voix de la Nation","description":"R\u00e9c\u00e9piss\u00e9 n\u00b00108\/HAAC\/01-2024\/pl\/P","publisher":{"@id":"https:\/\/lavoixdelanation.tg\/#organization"},"alternateName":"VON","potentialAction":[{"@type":"SearchAction","target":{"@type":"EntryPoint","urlTemplate":"https:\/\/lavoixdelanation.tg\/?s={search_term_string}"},"query-input":{"@type":"PropertyValueSpecification","valueRequired":true,"valueName":"search_term_string"}}],"inLanguage":"fr-FR"},{"@type":"Organization","@id":"https:\/\/lavoixdelanation.tg\/#organization","name":"La Voix de la Nation","url":"https:\/\/lavoixdelanation.tg\/","logo":{"@type":"ImageObject","inLanguage":"fr-FR","@id":"https:\/\/lavoixdelanation.tg\/#\/schema\/logo\/image\/","url":"https:\/\/lavoixdelanation.tg\/wp-content\/uploads\/2024\/12\/lavn-1.png","contentUrl":"https:\/\/lavoixdelanation.tg\/wp-content\/uploads\/2024\/12\/lavn-1.png","width":1024,"height":464,"caption":"La Voix de la Nation"},"image":{"@id":"https:\/\/lavoixdelanation.tg\/#\/schema\/logo\/image\/"},"sameAs":["https:\/\/www.facebook.com\/lavoixdelanation"]},{"@type":"Person","@id":"https:\/\/lavoixdelanation.tg\/#\/schema\/person\/6c489293aa38053673a9e554acb6e224","name":"La voix de la nation","image":{"@type":"ImageObject","inLanguage":"fr-FR","@id":"https:\/\/lavoixdelanation.tg\/#\/schema\/person\/image\/","url":"https:\/\/secure.gravatar.com\/avatar\/8aa135d4bbc794494cecaa8d483f6d6cc1023624868deaff686baed5e727a5a1?s=96&d=mm&r=g","contentUrl":"https:\/\/secure.gravatar.com\/avatar\/8aa135d4bbc794494cecaa8d483f6d6cc1023624868deaff686baed5e727a5a1?s=96&d=mm&r=g","caption":"La voix de la nation"},"sameAs":["https:\/\/lavoixdelanation.tg"],"url":"https:\/\/lavoixdelanation.tg\/index.php\/author\/lavn\/"}]}},"_links":{"self":[{"href":"https:\/\/lavoixdelanation.tg\/index.php\/wp-json\/wp\/v2\/posts\/1964","targetHints":{"allow":["GET"]}}],"collection":[{"href":"https:\/\/lavoixdelanation.tg\/index.php\/wp-json\/wp\/v2\/posts"}],"about":[{"href":"https:\/\/lavoixdelanation.tg\/index.php\/wp-json\/wp\/v2\/types\/post"}],"author":[{"embeddable":true,"href":"https:\/\/lavoixdelanation.tg\/index.php\/wp-json\/wp\/v2\/users\/1"}],"replies":[{"embeddable":true,"href":"https:\/\/lavoixdelanation.tg\/index.php\/wp-json\/wp\/v2\/comments?post=1964"}],"version-history":[{"count":1,"href":"https:\/\/lavoixdelanation.tg\/index.php\/wp-json\/wp\/v2\/posts\/1964\/revisions"}],"predecessor-version":[{"id":1966,"href":"https:\/\/lavoixdelanation.tg\/index.php\/wp-json\/wp\/v2\/posts\/1964\/revisions\/1966"}],"wp:featuredmedia":[{"embeddable":true,"href":"https:\/\/lavoixdelanation.tg\/index.php\/wp-json\/wp\/v2\/media\/1965"}],"wp:attachment":[{"href":"https:\/\/lavoixdelanation.tg\/index.php\/wp-json\/wp\/v2\/media?parent=1964"}],"wp:term":[{"taxonomy":"category","embeddable":true,"href":"https:\/\/lavoixdelanation.tg\/index.php\/wp-json\/wp\/v2\/categories?post=1964"},{"taxonomy":"post_tag","embeddable":true,"href":"https:\/\/lavoixdelanation.tg\/index.php\/wp-json\/wp\/v2\/tags?post=1964"}],"curies":[{"name":"wp","href":"https:\/\/api.w.org\/{rel}","templated":true}]}}