{"id":1893,"date":"2025-01-10T09:51:00","date_gmt":"2025-01-10T08:51:00","guid":{"rendered":"https:\/\/lavoixdelanation.tg\/?p=1893"},"modified":"2025-01-11T17:57:55","modified_gmt":"2025-01-11T16:57:55","slug":"assemblee-nationale-les-commissions-permanentes-a-lecole-de-nouvelles-methodes-de-travail","status":"publish","type":"post","link":"https:\/\/lavoixdelanation.tg\/index.php\/2025\/01\/10\/assemblee-nationale-les-commissions-permanentes-a-lecole-de-nouvelles-methodes-de-travail\/","title":{"rendered":"Assembl\u00e9e nationale\u00a0: Les commissions permanentes \u00e0 l\u2019\u00e9cole de nouvelles m\u00e9thodes de travail"},"content":{"rendered":"\n<p><strong>Les membres du bureau des commissions permanentes de l\u2019Assembl\u00e9e nationale&nbsp;ont pris part ce jeudi 9 janvier 2025 \u00e0 une session de formation sur les r\u00e9formes introduites dans le travail l\u00e9gislatif et plus pr\u00e9cis\u00e9ment, les bonnes pratiques et la nouvelle m\u00e9thode de pr\u00e9sentation du rapport de l\u2019\u00e9tude au fond d\u2019un texte de loi.<\/strong><\/p>\n\n\n\n<p>Les travaux tenus au si\u00e8ge de la repr\u00e9sentation nationale \u00e0 Lom\u00e9, s\u2019inscrit dans le cadre de la modernisation du travail l\u00e9gislatif \u00e0 l\u2019\u00e8re de la V\u00e8me R\u00e9publique o\u00f9 il est opportun que les membres du bureau des commissions permanentes de s\u2019approprier les nouvelles m\u00e9thodes de travail qu\u2019impose le r\u00e9gime parlementaire.<\/p>\n\n\n\n<p>Les participants ont \u00e9t\u00e9 outill\u00e9s sur la proc\u00e9dure d\u2019\u00e9laboration d\u2019un projet ou proposition de loi, les moyens dont disposent les d\u00e9put\u00e9s pour exercer leur fonction de contr\u00f4le de l\u2019action gouvernementale.<\/p>\n\n\n\n<p>L\u2019expos\u00e9 sur les deux modules s\u2019est sold\u00e9 par la pr\u00e9sentation d\u2019un canevas du rapport de l\u2019\u00e9tude au fond d\u2019un texte de loi structur\u00e9 autour de huit grands axes, portant notamment sur les enjeux du texte, l\u2019analyse des principaux articles, les grandes innovations, l\u2019analyse de la conformit\u00e9 constitutionnelle et l\u00e9gislative, l\u2019\u00e9valuation des impacts du texte de lois, les recommandations g\u00e9n\u00e9rales et une annexe comportant les documents de consultation, la liste des personnes auditionn\u00e9es.<\/p>\n\n\n\n<p>Les \u00e9changes ont port\u00e9 sur l\u2019historique de l\u2019Assembl\u00e9e nationale, la nature du mandat repr\u00e9sentatif dont est rev\u00eatu le d\u00e9put\u00e9, le circuit d\u2019un projet de loi depuis le d\u00e9p\u00f4t jusqu\u2019\u00e0 son adoption en s\u00e9ance pl\u00e9ni\u00e8re et sa promulgation par le Pr\u00e9sident du Conseil dans le cadre de la V\u00e8me R\u00e9publique.<\/p>\n\n\n\n<p>La session s\u2019est d\u00e9roul\u00e9e en pr\u00e9sence du Pr\u00e9sident de l\u2019Assembl\u00e9e nationale, Sevon-T\u00e9p\u00e9 Kodjo Ad\u00e9dz\u00e9.<\/p>\n\n\n\n<p><strong>Cris DADA<\/strong><\/p>\n","protected":false},"excerpt":{"rendered":"<p>Les membres du bureau des commissions permanentes de l\u2019Assembl\u00e9e nationale&nbsp;ont pris part ce jeudi 9 janvier 2025 \u00e0 une session de formation sur les r\u00e9formes introduites dans le travail l\u00e9gislatif&hellip; <\/p>\n","protected":false},"author":1,"featured_media":1894,"comment_status":"open","ping_status":"open","sticky":false,"template":"","format":"standard","meta":{"footnotes":""},"categories":[21],"tags":[],"class_list":["post-1893","post","type-post","status-publish","format-standard","has-post-thumbnail","hentry","category-politique"],"yoast_head":"<!-- This site is optimized with the Yoast SEO plugin v26.4 - https:\/\/yoast.com\/wordpress\/plugins\/seo\/ -->\n<title>Assembl\u00e9e nationale\u00a0: Les commissions permanentes \u00e0 l\u2019\u00e9cole de nouvelles m\u00e9thodes de travail - La Voix de la Nation<\/title>\n<meta name=\"robots\" content=\"index, follow, max-snippet:-1, max-image-preview:large, max-video-preview:-1\" \/>\n<link rel=\"canonical\" href=\"https:\/\/lavoixdelanation.tg\/index.php\/2025\/01\/10\/assemblee-nationale-les-commissions-permanentes-a-lecole-de-nouvelles-methodes-de-travail\/\" \/>\n<meta property=\"og:locale\" content=\"fr_FR\" \/>\n<meta property=\"og:type\" content=\"article\" \/>\n<meta property=\"og:title\" content=\"Assembl\u00e9e nationale\u00a0: Les commissions permanentes \u00e0 l\u2019\u00e9cole de nouvelles m\u00e9thodes de travail - La Voix de la Nation\" \/>\n<meta property=\"og:description\" content=\"Les membres du bureau des commissions permanentes de l\u2019Assembl\u00e9e nationale&nbsp;ont pris part ce jeudi 9 janvier 2025 \u00e0 une session de formation sur les r\u00e9formes introduites dans le travail l\u00e9gislatif&hellip;\" \/>\n<meta property=\"og:url\" content=\"https:\/\/lavoixdelanation.tg\/index.php\/2025\/01\/10\/assemblee-nationale-les-commissions-permanentes-a-lecole-de-nouvelles-methodes-de-travail\/\" \/>\n<meta property=\"og:site_name\" content=\"La Voix de la Nation\" \/>\n<meta property=\"article:publisher\" content=\"https:\/\/www.facebook.com\/lavoixdelanation\" \/>\n<meta property=\"article:published_time\" content=\"2025-01-10T08:51:00+00:00\" \/>\n<meta property=\"article:modified_time\" content=\"2025-01-11T16:57:55+00:00\" \/>\n<meta property=\"og:image\" content=\"https:\/\/lavoixdelanation.tg\/wp-content\/uploads\/2025\/01\/Assemblee-nationale-Les-commissions-permanentes-a-lecole-de-nouvelles-methodes-de-travail.jpg\" \/>\n\t<meta property=\"og:image:width\" content=\"1024\" \/>\n\t<meta property=\"og:image:height\" content=\"683\" \/>\n\t<meta property=\"og:image:type\" content=\"image\/jpeg\" \/>\n<meta name=\"author\" content=\"La voix de la nation\" \/>\n<meta name=\"twitter:card\" content=\"summary_large_image\" \/>\n<meta name=\"twitter:label1\" content=\"\u00c9crit par\" \/>\n\t<meta name=\"twitter:data1\" content=\"La voix de la nation\" \/>\n\t<meta name=\"twitter:label2\" content=\"Dur\u00e9e de lecture estim\u00e9e\" \/>\n\t<meta name=\"twitter:data2\" content=\"2 minutes\" \/>\n<script type=\"application\/ld+json\" class=\"yoast-schema-graph\">{\"@context\":\"https:\/\/schema.org\",\"@graph\":[{\"@type\":\"Article\",\"@id\":\"https:\/\/lavoixdelanation.tg\/index.php\/2025\/01\/10\/assemblee-nationale-les-commissions-permanentes-a-lecole-de-nouvelles-methodes-de-travail\/#article\",\"isPartOf\":{\"@id\":\"https:\/\/lavoixdelanation.tg\/index.php\/2025\/01\/10\/assemblee-nationale-les-commissions-permanentes-a-lecole-de-nouvelles-methodes-de-travail\/\"},\"author\":{\"name\":\"La voix de la nation\",\"@id\":\"https:\/\/lavoixdelanation.tg\/#\/schema\/person\/6c489293aa38053673a9e554acb6e224\"},\"headline\":\"Assembl\u00e9e nationale\u00a0: Les commissions permanentes \u00e0 l\u2019\u00e9cole de nouvelles m\u00e9thodes de travail\",\"datePublished\":\"2025-01-10T08:51:00+00:00\",\"dateModified\":\"2025-01-11T16:57:55+00:00\",\"mainEntityOfPage\":{\"@id\":\"https:\/\/lavoixdelanation.tg\/index.php\/2025\/01\/10\/assemblee-nationale-les-commissions-permanentes-a-lecole-de-nouvelles-methodes-de-travail\/\"},\"wordCount\":346,\"commentCount\":0,\"publisher\":{\"@id\":\"https:\/\/lavoixdelanation.tg\/#organization\"},\"image\":{\"@id\":\"https:\/\/lavoixdelanation.tg\/index.php\/2025\/01\/10\/assemblee-nationale-les-commissions-permanentes-a-lecole-de-nouvelles-methodes-de-travail\/#primaryimage\"},\"thumbnailUrl\":\"https:\/\/lavoixdelanation.tg\/wp-content\/uploads\/2025\/01\/Assemblee-nationale-Les-commissions-permanentes-a-lecole-de-nouvelles-methodes-de-travail.jpg\",\"articleSection\":[\"Politique\"],\"inLanguage\":\"fr-FR\",\"potentialAction\":[{\"@type\":\"CommentAction\",\"name\":\"Comment\",\"target\":[\"https:\/\/lavoixdelanation.tg\/index.php\/2025\/01\/10\/assemblee-nationale-les-commissions-permanentes-a-lecole-de-nouvelles-methodes-de-travail\/#respond\"]}]},{\"@type\":\"WebPage\",\"@id\":\"https:\/\/lavoixdelanation.tg\/index.php\/2025\/01\/10\/assemblee-nationale-les-commissions-permanentes-a-lecole-de-nouvelles-methodes-de-travail\/\",\"url\":\"https:\/\/lavoixdelanation.tg\/index.php\/2025\/01\/10\/assemblee-nationale-les-commissions-permanentes-a-lecole-de-nouvelles-methodes-de-travail\/\",\"name\":\"Assembl\u00e9e nationale\u00a0: Les commissions permanentes \u00e0 l\u2019\u00e9cole de nouvelles m\u00e9thodes de travail - La Voix de la Nation\",\"isPartOf\":{\"@id\":\"https:\/\/lavoixdelanation.tg\/#website\"},\"primaryImageOfPage\":{\"@id\":\"https:\/\/lavoixdelanation.tg\/index.php\/2025\/01\/10\/assemblee-nationale-les-commissions-permanentes-a-lecole-de-nouvelles-methodes-de-travail\/#primaryimage\"},\"image\":{\"@id\":\"https:\/\/lavoixdelanation.tg\/index.php\/2025\/01\/10\/assemblee-nationale-les-commissions-permanentes-a-lecole-de-nouvelles-methodes-de-travail\/#primaryimage\"},\"thumbnailUrl\":\"https:\/\/lavoixdelanation.tg\/wp-content\/uploads\/2025\/01\/Assemblee-nationale-Les-commissions-permanentes-a-lecole-de-nouvelles-methodes-de-travail.jpg\",\"datePublished\":\"2025-01-10T08:51:00+00:00\",\"dateModified\":\"2025-01-11T16:57:55+00:00\",\"breadcrumb\":{\"@id\":\"https:\/\/lavoixdelanation.tg\/index.php\/2025\/01\/10\/assemblee-nationale-les-commissions-permanentes-a-lecole-de-nouvelles-methodes-de-travail\/#breadcrumb\"},\"inLanguage\":\"fr-FR\",\"potentialAction\":[{\"@type\":\"ReadAction\",\"target\":[\"https:\/\/lavoixdelanation.tg\/index.php\/2025\/01\/10\/assemblee-nationale-les-commissions-permanentes-a-lecole-de-nouvelles-methodes-de-travail\/\"]}]},{\"@type\":\"ImageObject\",\"inLanguage\":\"fr-FR\",\"@id\":\"https:\/\/lavoixdelanation.tg\/index.php\/2025\/01\/10\/assemblee-nationale-les-commissions-permanentes-a-lecole-de-nouvelles-methodes-de-travail\/#primaryimage\",\"url\":\"https:\/\/lavoixdelanation.tg\/wp-content\/uploads\/2025\/01\/Assemblee-nationale-Les-commissions-permanentes-a-lecole-de-nouvelles-methodes-de-travail.jpg\",\"contentUrl\":\"https:\/\/lavoixdelanation.tg\/wp-content\/uploads\/2025\/01\/Assemblee-nationale-Les-commissions-permanentes-a-lecole-de-nouvelles-methodes-de-travail.jpg\",\"width\":1024,\"height\":683},{\"@type\":\"BreadcrumbList\",\"@id\":\"https:\/\/lavoixdelanation.tg\/index.php\/2025\/01\/10\/assemblee-nationale-les-commissions-permanentes-a-lecole-de-nouvelles-methodes-de-travail\/#breadcrumb\",\"itemListElement\":[{\"@type\":\"ListItem\",\"position\":1,\"name\":\"Accueil\",\"item\":\"https:\/\/lavoixdelanation.tg\/\"},{\"@type\":\"ListItem\",\"position\":2,\"name\":\"Assembl\u00e9e nationale\u00a0: Les commissions permanentes \u00e0 l\u2019\u00e9cole de nouvelles m\u00e9thodes de travail\"}]},{\"@type\":\"WebSite\",\"@id\":\"https:\/\/lavoixdelanation.tg\/#website\",\"url\":\"https:\/\/lavoixdelanation.tg\/\",\"name\":\"La Voix de la Nation\",\"description\":\"R\u00e9c\u00e9piss\u00e9 n\u00b00108\/HAAC\/01-2024\/pl\/P\",\"publisher\":{\"@id\":\"https:\/\/lavoixdelanation.tg\/#organization\"},\"alternateName\":\"VON\",\"potentialAction\":[{\"@type\":\"SearchAction\",\"target\":{\"@type\":\"EntryPoint\",\"urlTemplate\":\"https:\/\/lavoixdelanation.tg\/?s={search_term_string}\"},\"query-input\":{\"@type\":\"PropertyValueSpecification\",\"valueRequired\":true,\"valueName\":\"search_term_string\"}}],\"inLanguage\":\"fr-FR\"},{\"@type\":\"Organization\",\"@id\":\"https:\/\/lavoixdelanation.tg\/#organization\",\"name\":\"La Voix de la Nation\",\"url\":\"https:\/\/lavoixdelanation.tg\/\",\"logo\":{\"@type\":\"ImageObject\",\"inLanguage\":\"fr-FR\",\"@id\":\"https:\/\/lavoixdelanation.tg\/#\/schema\/logo\/image\/\",\"url\":\"https:\/\/lavoixdelanation.tg\/wp-content\/uploads\/2024\/12\/lavn-1.png\",\"contentUrl\":\"https:\/\/lavoixdelanation.tg\/wp-content\/uploads\/2024\/12\/lavn-1.png\",\"width\":1024,\"height\":464,\"caption\":\"La Voix de la Nation\"},\"image\":{\"@id\":\"https:\/\/lavoixdelanation.tg\/#\/schema\/logo\/image\/\"},\"sameAs\":[\"https:\/\/www.facebook.com\/lavoixdelanation\"]},{\"@type\":\"Person\",\"@id\":\"https:\/\/lavoixdelanation.tg\/#\/schema\/person\/6c489293aa38053673a9e554acb6e224\",\"name\":\"La voix de la nation\",\"image\":{\"@type\":\"ImageObject\",\"inLanguage\":\"fr-FR\",\"@id\":\"https:\/\/lavoixdelanation.tg\/#\/schema\/person\/image\/\",\"url\":\"https:\/\/secure.gravatar.com\/avatar\/8aa135d4bbc794494cecaa8d483f6d6cc1023624868deaff686baed5e727a5a1?s=96&d=mm&r=g\",\"contentUrl\":\"https:\/\/secure.gravatar.com\/avatar\/8aa135d4bbc794494cecaa8d483f6d6cc1023624868deaff686baed5e727a5a1?s=96&d=mm&r=g\",\"caption\":\"La voix de la nation\"},\"sameAs\":[\"https:\/\/lavoixdelanation.tg\"],\"url\":\"https:\/\/lavoixdelanation.tg\/index.php\/author\/lavn\/\"}]}<\/script>\n<!-- \/ Yoast SEO plugin. -->","yoast_head_json":{"title":"Assembl\u00e9e nationale\u00a0: Les commissions permanentes \u00e0 l\u2019\u00e9cole de nouvelles m\u00e9thodes de travail - La Voix de la Nation","robots":{"index":"index","follow":"follow","max-snippet":"max-snippet:-1","max-image-preview":"max-image-preview:large","max-video-preview":"max-video-preview:-1"},"canonical":"https:\/\/lavoixdelanation.tg\/index.php\/2025\/01\/10\/assemblee-nationale-les-commissions-permanentes-a-lecole-de-nouvelles-methodes-de-travail\/","og_locale":"fr_FR","og_type":"article","og_title":"Assembl\u00e9e nationale\u00a0: Les commissions permanentes \u00e0 l\u2019\u00e9cole de nouvelles m\u00e9thodes de travail - La Voix de la Nation","og_description":"Les membres du bureau des commissions permanentes de l\u2019Assembl\u00e9e nationale&nbsp;ont pris part ce jeudi 9 janvier 2025 \u00e0 une session de formation sur les r\u00e9formes introduites dans le travail l\u00e9gislatif&hellip;","og_url":"https:\/\/lavoixdelanation.tg\/index.php\/2025\/01\/10\/assemblee-nationale-les-commissions-permanentes-a-lecole-de-nouvelles-methodes-de-travail\/","og_site_name":"La Voix de la Nation","article_publisher":"https:\/\/www.facebook.com\/lavoixdelanation","article_published_time":"2025-01-10T08:51:00+00:00","article_modified_time":"2025-01-11T16:57:55+00:00","og_image":[{"width":1024,"height":683,"url":"https:\/\/lavoixdelanation.tg\/wp-content\/uploads\/2025\/01\/Assemblee-nationale-Les-commissions-permanentes-a-lecole-de-nouvelles-methodes-de-travail.jpg","type":"image\/jpeg"}],"author":"La voix de la nation","twitter_card":"summary_large_image","twitter_misc":{"\u00c9crit par":"La voix de la nation","Dur\u00e9e de lecture estim\u00e9e":"2 minutes"},"schema":{"@context":"https:\/\/schema.org","@graph":[{"@type":"Article","@id":"https:\/\/lavoixdelanation.tg\/index.php\/2025\/01\/10\/assemblee-nationale-les-commissions-permanentes-a-lecole-de-nouvelles-methodes-de-travail\/#article","isPartOf":{"@id":"https:\/\/lavoixdelanation.tg\/index.php\/2025\/01\/10\/assemblee-nationale-les-commissions-permanentes-a-lecole-de-nouvelles-methodes-de-travail\/"},"author":{"name":"La voix de la nation","@id":"https:\/\/lavoixdelanation.tg\/#\/schema\/person\/6c489293aa38053673a9e554acb6e224"},"headline":"Assembl\u00e9e nationale\u00a0: Les commissions permanentes \u00e0 l\u2019\u00e9cole de nouvelles m\u00e9thodes de travail","datePublished":"2025-01-10T08:51:00+00:00","dateModified":"2025-01-11T16:57:55+00:00","mainEntityOfPage":{"@id":"https:\/\/lavoixdelanation.tg\/index.php\/2025\/01\/10\/assemblee-nationale-les-commissions-permanentes-a-lecole-de-nouvelles-methodes-de-travail\/"},"wordCount":346,"commentCount":0,"publisher":{"@id":"https:\/\/lavoixdelanation.tg\/#organization"},"image":{"@id":"https:\/\/lavoixdelanation.tg\/index.php\/2025\/01\/10\/assemblee-nationale-les-commissions-permanentes-a-lecole-de-nouvelles-methodes-de-travail\/#primaryimage"},"thumbnailUrl":"https:\/\/lavoixdelanation.tg\/wp-content\/uploads\/2025\/01\/Assemblee-nationale-Les-commissions-permanentes-a-lecole-de-nouvelles-methodes-de-travail.jpg","articleSection":["Politique"],"inLanguage":"fr-FR","potentialAction":[{"@type":"CommentAction","name":"Comment","target":["https:\/\/lavoixdelanation.tg\/index.php\/2025\/01\/10\/assemblee-nationale-les-commissions-permanentes-a-lecole-de-nouvelles-methodes-de-travail\/#respond"]}]},{"@type":"WebPage","@id":"https:\/\/lavoixdelanation.tg\/index.php\/2025\/01\/10\/assemblee-nationale-les-commissions-permanentes-a-lecole-de-nouvelles-methodes-de-travail\/","url":"https:\/\/lavoixdelanation.tg\/index.php\/2025\/01\/10\/assemblee-nationale-les-commissions-permanentes-a-lecole-de-nouvelles-methodes-de-travail\/","name":"Assembl\u00e9e nationale\u00a0: Les commissions permanentes \u00e0 l\u2019\u00e9cole de nouvelles m\u00e9thodes de travail - La Voix de la Nation","isPartOf":{"@id":"https:\/\/lavoixdelanation.tg\/#website"},"primaryImageOfPage":{"@id":"https:\/\/lavoixdelanation.tg\/index.php\/2025\/01\/10\/assemblee-nationale-les-commissions-permanentes-a-lecole-de-nouvelles-methodes-de-travail\/#primaryimage"},"image":{"@id":"https:\/\/lavoixdelanation.tg\/index.php\/2025\/01\/10\/assemblee-nationale-les-commissions-permanentes-a-lecole-de-nouvelles-methodes-de-travail\/#primaryimage"},"thumbnailUrl":"https:\/\/lavoixdelanation.tg\/wp-content\/uploads\/2025\/01\/Assemblee-nationale-Les-commissions-permanentes-a-lecole-de-nouvelles-methodes-de-travail.jpg","datePublished":"2025-01-10T08:51:00+00:00","dateModified":"2025-01-11T16:57:55+00:00","breadcrumb":{"@id":"https:\/\/lavoixdelanation.tg\/index.php\/2025\/01\/10\/assemblee-nationale-les-commissions-permanentes-a-lecole-de-nouvelles-methodes-de-travail\/#breadcrumb"},"inLanguage":"fr-FR","potentialAction":[{"@type":"ReadAction","target":["https:\/\/lavoixdelanation.tg\/index.php\/2025\/01\/10\/assemblee-nationale-les-commissions-permanentes-a-lecole-de-nouvelles-methodes-de-travail\/"]}]},{"@type":"ImageObject","inLanguage":"fr-FR","@id":"https:\/\/lavoixdelanation.tg\/index.php\/2025\/01\/10\/assemblee-nationale-les-commissions-permanentes-a-lecole-de-nouvelles-methodes-de-travail\/#primaryimage","url":"https:\/\/lavoixdelanation.tg\/wp-content\/uploads\/2025\/01\/Assemblee-nationale-Les-commissions-permanentes-a-lecole-de-nouvelles-methodes-de-travail.jpg","contentUrl":"https:\/\/lavoixdelanation.tg\/wp-content\/uploads\/2025\/01\/Assemblee-nationale-Les-commissions-permanentes-a-lecole-de-nouvelles-methodes-de-travail.jpg","width":1024,"height":683},{"@type":"BreadcrumbList","@id":"https:\/\/lavoixdelanation.tg\/index.php\/2025\/01\/10\/assemblee-nationale-les-commissions-permanentes-a-lecole-de-nouvelles-methodes-de-travail\/#breadcrumb","itemListElement":[{"@type":"ListItem","position":1,"name":"Accueil","item":"https:\/\/lavoixdelanation.tg\/"},{"@type":"ListItem","position":2,"name":"Assembl\u00e9e nationale\u00a0: Les commissions permanentes \u00e0 l\u2019\u00e9cole de nouvelles m\u00e9thodes de travail"}]},{"@type":"WebSite","@id":"https:\/\/lavoixdelanation.tg\/#website","url":"https:\/\/lavoixdelanation.tg\/","name":"La Voix de la Nation","description":"R\u00e9c\u00e9piss\u00e9 n\u00b00108\/HAAC\/01-2024\/pl\/P","publisher":{"@id":"https:\/\/lavoixdelanation.tg\/#organization"},"alternateName":"VON","potentialAction":[{"@type":"SearchAction","target":{"@type":"EntryPoint","urlTemplate":"https:\/\/lavoixdelanation.tg\/?s={search_term_string}"},"query-input":{"@type":"PropertyValueSpecification","valueRequired":true,"valueName":"search_term_string"}}],"inLanguage":"fr-FR"},{"@type":"Organization","@id":"https:\/\/lavoixdelanation.tg\/#organization","name":"La Voix de la Nation","url":"https:\/\/lavoixdelanation.tg\/","logo":{"@type":"ImageObject","inLanguage":"fr-FR","@id":"https:\/\/lavoixdelanation.tg\/#\/schema\/logo\/image\/","url":"https:\/\/lavoixdelanation.tg\/wp-content\/uploads\/2024\/12\/lavn-1.png","contentUrl":"https:\/\/lavoixdelanation.tg\/wp-content\/uploads\/2024\/12\/lavn-1.png","width":1024,"height":464,"caption":"La Voix de la Nation"},"image":{"@id":"https:\/\/lavoixdelanation.tg\/#\/schema\/logo\/image\/"},"sameAs":["https:\/\/www.facebook.com\/lavoixdelanation"]},{"@type":"Person","@id":"https:\/\/lavoixdelanation.tg\/#\/schema\/person\/6c489293aa38053673a9e554acb6e224","name":"La voix de la nation","image":{"@type":"ImageObject","inLanguage":"fr-FR","@id":"https:\/\/lavoixdelanation.tg\/#\/schema\/person\/image\/","url":"https:\/\/secure.gravatar.com\/avatar\/8aa135d4bbc794494cecaa8d483f6d6cc1023624868deaff686baed5e727a5a1?s=96&d=mm&r=g","contentUrl":"https:\/\/secure.gravatar.com\/avatar\/8aa135d4bbc794494cecaa8d483f6d6cc1023624868deaff686baed5e727a5a1?s=96&d=mm&r=g","caption":"La voix de la nation"},"sameAs":["https:\/\/lavoixdelanation.tg"],"url":"https:\/\/lavoixdelanation.tg\/index.php\/author\/lavn\/"}]}},"_links":{"self":[{"href":"https:\/\/lavoixdelanation.tg\/index.php\/wp-json\/wp\/v2\/posts\/1893","targetHints":{"allow":["GET"]}}],"collection":[{"href":"https:\/\/lavoixdelanation.tg\/index.php\/wp-json\/wp\/v2\/posts"}],"about":[{"href":"https:\/\/lavoixdelanation.tg\/index.php\/wp-json\/wp\/v2\/types\/post"}],"author":[{"embeddable":true,"href":"https:\/\/lavoixdelanation.tg\/index.php\/wp-json\/wp\/v2\/users\/1"}],"replies":[{"embeddable":true,"href":"https:\/\/lavoixdelanation.tg\/index.php\/wp-json\/wp\/v2\/comments?post=1893"}],"version-history":[{"count":1,"href":"https:\/\/lavoixdelanation.tg\/index.php\/wp-json\/wp\/v2\/posts\/1893\/revisions"}],"predecessor-version":[{"id":1895,"href":"https:\/\/lavoixdelanation.tg\/index.php\/wp-json\/wp\/v2\/posts\/1893\/revisions\/1895"}],"wp:featuredmedia":[{"embeddable":true,"href":"https:\/\/lavoixdelanation.tg\/index.php\/wp-json\/wp\/v2\/media\/1894"}],"wp:attachment":[{"href":"https:\/\/lavoixdelanation.tg\/index.php\/wp-json\/wp\/v2\/media?parent=1893"}],"wp:term":[{"taxonomy":"category","embeddable":true,"href":"https:\/\/lavoixdelanation.tg\/index.php\/wp-json\/wp\/v2\/categories?post=1893"},{"taxonomy":"post_tag","embeddable":true,"href":"https:\/\/lavoixdelanation.tg\/index.php\/wp-json\/wp\/v2\/tags?post=1893"}],"curies":[{"name":"wp","href":"https:\/\/api.w.org\/{rel}","templated":true}]}}