{"id":1890,"date":"2025-01-11T17:51:05","date_gmt":"2025-01-11T16:51:05","guid":{"rendered":"https:\/\/lavoixdelanation.tg\/?p=1890"},"modified":"2025-01-11T19:13:17","modified_gmt":"2025-01-11T18:13:17","slug":"togo-compte-rendu-du-conseil-des-ministres-du-10-janvier-2024","status":"publish","type":"post","link":"https:\/\/lavoixdelanation.tg\/index.php\/2025\/01\/11\/togo-compte-rendu-du-conseil-des-ministres-du-10-janvier-2024\/","title":{"rendered":"Togo\u00a0: Compte rendu du Conseil des ministres du 10 janvier 2025"},"content":{"rendered":"\n<p>Le Conseil des ministres s\u2019est r\u00e9uni ce vendredi 10 janvier 2025, sous la pr\u00e9sidence de Son Excellence Monsieur Faure Essozimna GNASSINGBE, Pr\u00e9sident de la R\u00e9publique. Le Conseil des ministres a examin\u00e9 un (01) projet de loi et quatre (04) d\u00e9crets. Il a \u00e9cout\u00e9 une (01) communication et abord\u00e9 un (01) point de divers.<\/p>\n\n\n\n<p><strong>I-Au titre du projet de loi,<\/strong><\/p>\n\n\n\n<p>Le Conseil des ministres a examin\u00e9 et adopt\u00e9 le projet de loi relative au renseignement.<\/p>\n\n\n\n<p>Dans le contexte r\u00e9gional de menaces s\u00e9curitaires persistantes, le renseignement repr\u00e9sente un enjeu majeur de s\u00e9curit\u00e9 nationale. Il doit disposer d\u2019un cadre juridique ad\u00e9quat garantissant une mise en \u0153uvre coordonn\u00e9e et efficiente, respectueuse des lois et r\u00e8glements, et protectrice des droits et libert\u00e9s.<\/p>\n\n\n\n<p>C\u2019est l\u2019objet du projet de loi adopt\u00e9 par le Conseil des ministres, qui s\u2019inscrit dans le cadre des r\u00e9formes d\u00e9j\u00e0 r\u00e9alis\u00e9es pour renforcer l\u2019appareil de renseignement, et pour prendre en compte les nouvelles menaces transversales li\u00e9es aux technologies de l\u2019information et de la communication.<\/p>\n\n\n\n<p>Ce texte pr\u00e9sente de nombreuses innovations, notamment l\u2019instauration d\u2019un d\u00e9l\u00e9gu\u00e9 charg\u00e9 de la coordination de l\u2019ensemble des services de renseignement, l\u2019institution d\u2019un contr\u00f4le interne administratif et d\u2019un contr\u00f4le externe par le Parlement.<\/p>\n\n\n\n<p>Son adoption permettra \u00e0 notre pays de moderniser l\u2019organisation de l\u2019activit\u00e9 de renseignement, d\u2019en assurer une meilleure coordination et de renforcer la transparence de leurs actions, en veillant au respect des droits des citoyens.<\/p>\n\n\n\n<p><strong>II. Au titre des d\u00e9crets,<\/strong><br>Le Conseil des ministres a examin\u00e9 et adopt\u00e9 le d\u00e9cret portant cr\u00e9ation d\u2019un conseil national de d\u00e9fense et de s\u00e9curit\u00e9 (CNDS).<\/p>\n\n\n\n<p>La mission de ce Conseil est de planifier la gestion des crises majeures en mati\u00e8re de s\u00e9curit\u00e9, d\u2019\u00e9valuer les risques de s\u00e9curit\u00e9 int\u00e9rieure, et d\u2019organiser la r\u00e9ponse \u00e0 toute situation pouvant porter atteinte aux int\u00e9r\u00eats fondamentaux de la Nation.<\/p>\n\n\n\n<p>Le Conseil des ministres a ensuite examin\u00e9 et adopt\u00e9 un d\u00e9cret relatif \u00e0 la protection du secret de la d\u00e9fense nationale<\/p>\n\n\n\n<p>Dans un contexte mondial caract\u00e9ris\u00e9 par la circulation rapide de l\u2019information, la protection du secret de la d\u00e9fense nationale devient un imp\u00e9ratif.<\/p>\n\n\n\n<p>Le pr\u00e9sent d\u00e9cret pr\u00e9voit la d\u00e9finition des informations, supports, proc\u00e9d\u00e9s, syst\u00e8mes d\u2019information, installations et lieux pr\u00e9sentant un caract\u00e8re de secret de la d\u00e9fense nationale. Il organise la protection des informations sensibles et d\u00e9finit les modalit\u00e9s et proc\u00e9dures de leur communication, afin de pr\u00e9server la s\u00e9curit\u00e9 de l\u2019\u00c9tat.<\/p>\n\n\n\n<p>Il cr\u00e9e \u00e9galement une commission du secret de la d\u00e9fense nationale dont la mission inclut la proposition, la diffusion, l\u2019application et le contr\u00f4le de la mise en \u0153uvre des mesures n\u00e9cessaires \u00e0 la protection du secret de la d\u00e9fense nationale.<\/p>\n\n\n\n<p>L\u2019adoption de ce texte permettra d\u2019assurer une protection des int\u00e9r\u00eats fondamentaux de la Nation \u00e0 travers l\u2019organisation du secret de la d\u00e9fense nationale.<\/p>\n\n\n\n<p>Le Conseil des ministres a \u00e9galement examin\u00e9 et adopt\u00e9 le d\u00e9cret portant cr\u00e9ation, attributions, organisation et fonctionnement du commissariat \u00e0 l\u2019\u00e9nergie atomique du Togo (CEAT).<\/p>\n\n\n\n<p>Membre de l\u2019Agence internationale de l\u2019\u00e9nergie atomique (AIEA) depuis 2012, le Togo a r\u00e9solument opt\u00e9 pour une exploitation s\u00fbre, pacifique et innovante des technologies nucl\u00e9aires civiles et de leurs multiples applications, notamment dans les domaines de l\u2019\u00e9nergie, de la sant\u00e9, de l\u2019agriculture ou de la lutte contre les changements climatiques.<\/p>\n\n\n\n<p>Apr\u00e8s la loi du 10 juin 2020 sur le nucl\u00e9aire et la cr\u00e9ation de l\u2019Autorit\u00e9 nationale de s\u00fbret\u00e9 et de s\u00e9curit\u00e9 nucl\u00e9aires (ANSSN), il est donc mis en place le Commissariat \u00e0 l\u2019\u00e9nergie atomique, institution strat\u00e9gique pour coordonner les efforts, renforcer les capacit\u00e9s techniques et maximiser les retomb\u00e9es durables des sciences et technologies nucl\u00e9aires dans divers secteurs.<\/p>\n\n\n\n<p>La cr\u00e9ation du Commissariat \u00e0 l\u2019\u00e9nergie atomique permettra \u00e0 notre pays d\u2019\u00e9laborer et de mettre en \u0153uvre des programmes de formation, de recherche et d\u2019application concernant le d\u00e9veloppement des technologies nucl\u00e9aires, dans un cadre strat\u00e9gique, technique et op\u00e9rationnel sp\u00e9cifique \u00e0 ce domaine hautement scientifique.<\/p>\n\n\n\n<p>Enfin, le Conseil des ministres a examin\u00e9 en deuxi\u00e8me lecture et adopt\u00e9 le d\u00e9cret portant cr\u00e9ation, attributions, organisation et fonctionnement de l\u2019Autorit\u00e9 togolaise des fronti\u00e8res (ATF).<\/p>\n\n\n\n<p>Cette structure vise \u00e0 mutualiser les dispositifs existants, notamment la commission de gestion des fronti\u00e8res maritimes et la commission de gestion des fronti\u00e8res terrestres, pour en optimiser la gestion.<\/p>\n\n\n\n<p>La cr\u00e9ation de l\u2019Autorit\u00e9 togolaise des fronti\u00e8res permet d\u2019imprimer une approche globale et interactive aux r\u00e9flexions et strat\u00e9gies sur la juridiction territoriale, maritime et a\u00e9rienne du Togo, en \u00e9vitant des chevauchements \u00e9ventuels et en am\u00e9liorant l\u2019organisation, le stockage et la diffusion des informations relatives aux fronti\u00e8res nationales.<\/p>\n\n\n\n<p><strong>III. Au titre des communications,<\/strong><\/p>\n\n\n\n<p>Le Conseil des ministres a \u00e9cout\u00e9 une communication du ministre de l\u2019agriculture, de l\u2019hydraulique villageoise et du d\u00e9veloppement rural, relative au programme de modernisation de l\u2019agriculture au Togo (PRoMAT).<\/p>\n\n\n\n<p>La transformation structurelle de l\u2019agriculture togolaise vise \u00e0 en faire un secteur productif, \u00e0 haute valeur ajout\u00e9e, moteur de valeur \u00e9conomique pour les agriculteurs et de croissance pour le pays.<\/p>\n\n\n\n<p>Ainsi, en capitalisant sur les r\u00e9sultats de programmes d\u2019investissement agricole mis en \u0153uvre il y a quelques ann\u00e9es, le nouveau programme d\u00e9nomm\u00e9 programme de modernisation de l\u2019agriculture au Togo est \u00e9labor\u00e9 pour accro\u00eetre les performances et pour relever les d\u00e9fis nouveaux du secteur, notamment la prise en compte des changements climatiques et le besoin de comp\u00e9titivit\u00e9 des produits locaux.<\/p>\n\n\n\n<p>Le programme de modernisation de l\u2019agriculture au Togo est articul\u00e9 autour de quatre (04) axes incluant le soutien \u00e0 la production agricole et \u00e0 la r\u00e9silience des syst\u00e8mes de production, la valorisation des produits agricoles et l\u2019acc\u00e8s aux march\u00e9s, l\u2019acc\u00e8s au financement et la promotion des initiatives priv\u00e9es et le renforcement de la gouvernance du secteur.<\/p>\n\n\n\n<p>Le chef de l\u2019\u00c9tat a instruit le gouvernement de veiller \u00e0 maintenir le dialogue direct avec les producteurs agricoles pour une compr\u00e9hension partag\u00e9e des objectifs, et de privil\u00e9gier une approche multisectorielle visant des r\u00e9sultats mesurables et un impact concret.<\/p>\n\n\n\n<p><strong>IV. En divers,<\/strong><\/p>\n\n\n\n<p>Le ministre de l\u2019environnement et des ressources foresti\u00e8res a rendu compte au Conseil des ministres du bilan de la campagne nationale de reboisement 2024.<\/p>\n\n\n\n<p>Dans le cadre de l\u2019ambition nationale d\u2019\u00e9tendre la couverture foresti\u00e8re \u00e0 25% du territoire et de planter un milliard d\u2019arbres \u00e0 l\u2019horizon 2030, la campagne de reboisement de l\u2019ann\u00e9e qui s\u2019ach\u00e8ve a permis de couvrir une superficie de 11.544 hectares avec 9.142.273 plants mis en terre.<\/p>\n\n\n\n<p>La sensibilisation des parties prenantes \u00e0 cette cause se poursuit pour accro\u00eetre ces r\u00e9sultats, et des actions incitatives sont mises en \u0153uvre \u00e0 l\u2019instar des prix d\u00e9cern\u00e9s aux meilleurs reboiseurs dans chaque r\u00e9gion.<\/p>\n\n\n\n<p>Le Pr\u00e9sident de la R\u00e9publique a instruit le gouvernement de rendre disponible la cartographie des espaces rebois\u00e9s, pour une bonne information des parties prenantes au processus et des populations en g\u00e9n\u00e9ral.<\/p>\n\n\n\n<p><strong>Fait \u00e0 Lom\u00e9, le 10 janvier 2025<\/strong><\/p>\n\n\n\n<p><strong>Le Conseil des ministres<\/strong><\/p>\n","protected":false},"excerpt":{"rendered":"<p>Le Conseil des ministres s\u2019est r\u00e9uni ce vendredi 10 janvier 2025, sous la pr\u00e9sidence de Son Excellence Monsieur Faure Essozimna GNASSINGBE, Pr\u00e9sident de la R\u00e9publique. Le Conseil des ministres a&hellip; <\/p>\n","protected":false},"author":1,"featured_media":1891,"comment_status":"open","ping_status":"open","sticky":false,"template":"","format":"standard","meta":{"footnotes":""},"categories":[21],"tags":[],"class_list":["post-1890","post","type-post","status-publish","format-standard","has-post-thumbnail","hentry","category-politique"],"yoast_head":"<!-- This site is optimized with the Yoast SEO plugin v26.4 - https:\/\/yoast.com\/wordpress\/plugins\/seo\/ -->\n<title>Togo\u00a0: Compte rendu du Conseil des ministres du 10 janvier 2025 - La Voix de la Nation<\/title>\n<meta name=\"robots\" content=\"index, follow, max-snippet:-1, max-image-preview:large, max-video-preview:-1\" \/>\n<link rel=\"canonical\" href=\"https:\/\/lavoixdelanation.tg\/index.php\/2025\/01\/11\/togo-compte-rendu-du-conseil-des-ministres-du-10-janvier-2024\/\" \/>\n<meta property=\"og:locale\" content=\"fr_FR\" \/>\n<meta property=\"og:type\" content=\"article\" \/>\n<meta property=\"og:title\" content=\"Togo\u00a0: Compte rendu du Conseil des ministres du 10 janvier 2025 - La Voix de la Nation\" \/>\n<meta property=\"og:description\" content=\"Le Conseil des ministres s\u2019est r\u00e9uni ce vendredi 10 janvier 2025, sous la pr\u00e9sidence de Son Excellence Monsieur Faure Essozimna GNASSINGBE, Pr\u00e9sident de la R\u00e9publique. Le Conseil des ministres a&hellip;\" \/>\n<meta property=\"og:url\" content=\"https:\/\/lavoixdelanation.tg\/index.php\/2025\/01\/11\/togo-compte-rendu-du-conseil-des-ministres-du-10-janvier-2024\/\" \/>\n<meta property=\"og:site_name\" content=\"La Voix de la Nation\" \/>\n<meta property=\"article:publisher\" content=\"https:\/\/www.facebook.com\/lavoixdelanation\" \/>\n<meta property=\"article:published_time\" content=\"2025-01-11T16:51:05+00:00\" \/>\n<meta property=\"article:modified_time\" content=\"2025-01-11T18:13:17+00:00\" \/>\n<meta property=\"og:image\" content=\"https:\/\/lavoixdelanation.tg\/wp-content\/uploads\/2025\/01\/Faure-Gnassingbe-presidant-les-travaux-du-Conseil-des-Ministres.jpg\" \/>\n\t<meta property=\"og:image:width\" content=\"644\" \/>\n\t<meta property=\"og:image:height\" content=\"407\" \/>\n\t<meta property=\"og:image:type\" content=\"image\/jpeg\" \/>\n<meta name=\"author\" content=\"La voix de la nation\" \/>\n<meta name=\"twitter:card\" content=\"summary_large_image\" \/>\n<meta name=\"twitter:label1\" content=\"\u00c9crit par\" \/>\n\t<meta name=\"twitter:data1\" content=\"La voix de la nation\" \/>\n\t<meta name=\"twitter:label2\" content=\"Dur\u00e9e de lecture estim\u00e9e\" \/>\n\t<meta name=\"twitter:data2\" content=\"6 minutes\" \/>\n<script type=\"application\/ld+json\" class=\"yoast-schema-graph\">{\"@context\":\"https:\/\/schema.org\",\"@graph\":[{\"@type\":\"Article\",\"@id\":\"https:\/\/lavoixdelanation.tg\/index.php\/2025\/01\/11\/togo-compte-rendu-du-conseil-des-ministres-du-10-janvier-2024\/#article\",\"isPartOf\":{\"@id\":\"https:\/\/lavoixdelanation.tg\/index.php\/2025\/01\/11\/togo-compte-rendu-du-conseil-des-ministres-du-10-janvier-2024\/\"},\"author\":{\"name\":\"La voix de la nation\",\"@id\":\"https:\/\/lavoixdelanation.tg\/#\/schema\/person\/6c489293aa38053673a9e554acb6e224\"},\"headline\":\"Togo\u00a0: Compte rendu du Conseil des ministres du 10 janvier 2025\",\"datePublished\":\"2025-01-11T16:51:05+00:00\",\"dateModified\":\"2025-01-11T18:13:17+00:00\",\"mainEntityOfPage\":{\"@id\":\"https:\/\/lavoixdelanation.tg\/index.php\/2025\/01\/11\/togo-compte-rendu-du-conseil-des-ministres-du-10-janvier-2024\/\"},\"wordCount\":1247,\"commentCount\":0,\"publisher\":{\"@id\":\"https:\/\/lavoixdelanation.tg\/#organization\"},\"image\":{\"@id\":\"https:\/\/lavoixdelanation.tg\/index.php\/2025\/01\/11\/togo-compte-rendu-du-conseil-des-ministres-du-10-janvier-2024\/#primaryimage\"},\"thumbnailUrl\":\"https:\/\/lavoixdelanation.tg\/wp-content\/uploads\/2025\/01\/Faure-Gnassingbe-presidant-les-travaux-du-Conseil-des-Ministres.jpg\",\"articleSection\":[\"Politique\"],\"inLanguage\":\"fr-FR\",\"potentialAction\":[{\"@type\":\"CommentAction\",\"name\":\"Comment\",\"target\":[\"https:\/\/lavoixdelanation.tg\/index.php\/2025\/01\/11\/togo-compte-rendu-du-conseil-des-ministres-du-10-janvier-2024\/#respond\"]}]},{\"@type\":\"WebPage\",\"@id\":\"https:\/\/lavoixdelanation.tg\/index.php\/2025\/01\/11\/togo-compte-rendu-du-conseil-des-ministres-du-10-janvier-2024\/\",\"url\":\"https:\/\/lavoixdelanation.tg\/index.php\/2025\/01\/11\/togo-compte-rendu-du-conseil-des-ministres-du-10-janvier-2024\/\",\"name\":\"Togo\u00a0: Compte rendu du Conseil des ministres du 10 janvier 2025 - La Voix de la Nation\",\"isPartOf\":{\"@id\":\"https:\/\/lavoixdelanation.tg\/#website\"},\"primaryImageOfPage\":{\"@id\":\"https:\/\/lavoixdelanation.tg\/index.php\/2025\/01\/11\/togo-compte-rendu-du-conseil-des-ministres-du-10-janvier-2024\/#primaryimage\"},\"image\":{\"@id\":\"https:\/\/lavoixdelanation.tg\/index.php\/2025\/01\/11\/togo-compte-rendu-du-conseil-des-ministres-du-10-janvier-2024\/#primaryimage\"},\"thumbnailUrl\":\"https:\/\/lavoixdelanation.tg\/wp-content\/uploads\/2025\/01\/Faure-Gnassingbe-presidant-les-travaux-du-Conseil-des-Ministres.jpg\",\"datePublished\":\"2025-01-11T16:51:05+00:00\",\"dateModified\":\"2025-01-11T18:13:17+00:00\",\"breadcrumb\":{\"@id\":\"https:\/\/lavoixdelanation.tg\/index.php\/2025\/01\/11\/togo-compte-rendu-du-conseil-des-ministres-du-10-janvier-2024\/#breadcrumb\"},\"inLanguage\":\"fr-FR\",\"potentialAction\":[{\"@type\":\"ReadAction\",\"target\":[\"https:\/\/lavoixdelanation.tg\/index.php\/2025\/01\/11\/togo-compte-rendu-du-conseil-des-ministres-du-10-janvier-2024\/\"]}]},{\"@type\":\"ImageObject\",\"inLanguage\":\"fr-FR\",\"@id\":\"https:\/\/lavoixdelanation.tg\/index.php\/2025\/01\/11\/togo-compte-rendu-du-conseil-des-ministres-du-10-janvier-2024\/#primaryimage\",\"url\":\"https:\/\/lavoixdelanation.tg\/wp-content\/uploads\/2025\/01\/Faure-Gnassingbe-presidant-les-travaux-du-Conseil-des-Ministres.jpg\",\"contentUrl\":\"https:\/\/lavoixdelanation.tg\/wp-content\/uploads\/2025\/01\/Faure-Gnassingbe-presidant-les-travaux-du-Conseil-des-Ministres.jpg\",\"width\":644,\"height\":407},{\"@type\":\"BreadcrumbList\",\"@id\":\"https:\/\/lavoixdelanation.tg\/index.php\/2025\/01\/11\/togo-compte-rendu-du-conseil-des-ministres-du-10-janvier-2024\/#breadcrumb\",\"itemListElement\":[{\"@type\":\"ListItem\",\"position\":1,\"name\":\"Accueil\",\"item\":\"https:\/\/lavoixdelanation.tg\/\"},{\"@type\":\"ListItem\",\"position\":2,\"name\":\"Togo\u00a0: Compte rendu du Conseil des ministres du 10 janvier 2025\"}]},{\"@type\":\"WebSite\",\"@id\":\"https:\/\/lavoixdelanation.tg\/#website\",\"url\":\"https:\/\/lavoixdelanation.tg\/\",\"name\":\"La Voix de la Nation\",\"description\":\"R\u00e9c\u00e9piss\u00e9 n\u00b00108\/HAAC\/01-2024\/pl\/P\",\"publisher\":{\"@id\":\"https:\/\/lavoixdelanation.tg\/#organization\"},\"alternateName\":\"VON\",\"potentialAction\":[{\"@type\":\"SearchAction\",\"target\":{\"@type\":\"EntryPoint\",\"urlTemplate\":\"https:\/\/lavoixdelanation.tg\/?s={search_term_string}\"},\"query-input\":{\"@type\":\"PropertyValueSpecification\",\"valueRequired\":true,\"valueName\":\"search_term_string\"}}],\"inLanguage\":\"fr-FR\"},{\"@type\":\"Organization\",\"@id\":\"https:\/\/lavoixdelanation.tg\/#organization\",\"name\":\"La Voix de la Nation\",\"url\":\"https:\/\/lavoixdelanation.tg\/\",\"logo\":{\"@type\":\"ImageObject\",\"inLanguage\":\"fr-FR\",\"@id\":\"https:\/\/lavoixdelanation.tg\/#\/schema\/logo\/image\/\",\"url\":\"https:\/\/lavoixdelanation.tg\/wp-content\/uploads\/2024\/12\/lavn-1.png\",\"contentUrl\":\"https:\/\/lavoixdelanation.tg\/wp-content\/uploads\/2024\/12\/lavn-1.png\",\"width\":1024,\"height\":464,\"caption\":\"La Voix de la Nation\"},\"image\":{\"@id\":\"https:\/\/lavoixdelanation.tg\/#\/schema\/logo\/image\/\"},\"sameAs\":[\"https:\/\/www.facebook.com\/lavoixdelanation\"]},{\"@type\":\"Person\",\"@id\":\"https:\/\/lavoixdelanation.tg\/#\/schema\/person\/6c489293aa38053673a9e554acb6e224\",\"name\":\"La voix de la nation\",\"image\":{\"@type\":\"ImageObject\",\"inLanguage\":\"fr-FR\",\"@id\":\"https:\/\/lavoixdelanation.tg\/#\/schema\/person\/image\/\",\"url\":\"https:\/\/secure.gravatar.com\/avatar\/8aa135d4bbc794494cecaa8d483f6d6cc1023624868deaff686baed5e727a5a1?s=96&d=mm&r=g\",\"contentUrl\":\"https:\/\/secure.gravatar.com\/avatar\/8aa135d4bbc794494cecaa8d483f6d6cc1023624868deaff686baed5e727a5a1?s=96&d=mm&r=g\",\"caption\":\"La voix de la nation\"},\"sameAs\":[\"https:\/\/lavoixdelanation.tg\"],\"url\":\"https:\/\/lavoixdelanation.tg\/index.php\/author\/lavn\/\"}]}<\/script>\n<!-- \/ Yoast SEO plugin. -->","yoast_head_json":{"title":"Togo\u00a0: Compte rendu du Conseil des ministres du 10 janvier 2025 - La Voix de la Nation","robots":{"index":"index","follow":"follow","max-snippet":"max-snippet:-1","max-image-preview":"max-image-preview:large","max-video-preview":"max-video-preview:-1"},"canonical":"https:\/\/lavoixdelanation.tg\/index.php\/2025\/01\/11\/togo-compte-rendu-du-conseil-des-ministres-du-10-janvier-2024\/","og_locale":"fr_FR","og_type":"article","og_title":"Togo\u00a0: Compte rendu du Conseil des ministres du 10 janvier 2025 - La Voix de la Nation","og_description":"Le Conseil des ministres s\u2019est r\u00e9uni ce vendredi 10 janvier 2025, sous la pr\u00e9sidence de Son Excellence Monsieur Faure Essozimna GNASSINGBE, Pr\u00e9sident de la R\u00e9publique. Le Conseil des ministres a&hellip;","og_url":"https:\/\/lavoixdelanation.tg\/index.php\/2025\/01\/11\/togo-compte-rendu-du-conseil-des-ministres-du-10-janvier-2024\/","og_site_name":"La Voix de la Nation","article_publisher":"https:\/\/www.facebook.com\/lavoixdelanation","article_published_time":"2025-01-11T16:51:05+00:00","article_modified_time":"2025-01-11T18:13:17+00:00","og_image":[{"width":644,"height":407,"url":"https:\/\/lavoixdelanation.tg\/wp-content\/uploads\/2025\/01\/Faure-Gnassingbe-presidant-les-travaux-du-Conseil-des-Ministres.jpg","type":"image\/jpeg"}],"author":"La voix de la nation","twitter_card":"summary_large_image","twitter_misc":{"\u00c9crit par":"La voix de la nation","Dur\u00e9e de lecture estim\u00e9e":"6 minutes"},"schema":{"@context":"https:\/\/schema.org","@graph":[{"@type":"Article","@id":"https:\/\/lavoixdelanation.tg\/index.php\/2025\/01\/11\/togo-compte-rendu-du-conseil-des-ministres-du-10-janvier-2024\/#article","isPartOf":{"@id":"https:\/\/lavoixdelanation.tg\/index.php\/2025\/01\/11\/togo-compte-rendu-du-conseil-des-ministres-du-10-janvier-2024\/"},"author":{"name":"La voix de la nation","@id":"https:\/\/lavoixdelanation.tg\/#\/schema\/person\/6c489293aa38053673a9e554acb6e224"},"headline":"Togo\u00a0: Compte rendu du Conseil des ministres du 10 janvier 2025","datePublished":"2025-01-11T16:51:05+00:00","dateModified":"2025-01-11T18:13:17+00:00","mainEntityOfPage":{"@id":"https:\/\/lavoixdelanation.tg\/index.php\/2025\/01\/11\/togo-compte-rendu-du-conseil-des-ministres-du-10-janvier-2024\/"},"wordCount":1247,"commentCount":0,"publisher":{"@id":"https:\/\/lavoixdelanation.tg\/#organization"},"image":{"@id":"https:\/\/lavoixdelanation.tg\/index.php\/2025\/01\/11\/togo-compte-rendu-du-conseil-des-ministres-du-10-janvier-2024\/#primaryimage"},"thumbnailUrl":"https:\/\/lavoixdelanation.tg\/wp-content\/uploads\/2025\/01\/Faure-Gnassingbe-presidant-les-travaux-du-Conseil-des-Ministres.jpg","articleSection":["Politique"],"inLanguage":"fr-FR","potentialAction":[{"@type":"CommentAction","name":"Comment","target":["https:\/\/lavoixdelanation.tg\/index.php\/2025\/01\/11\/togo-compte-rendu-du-conseil-des-ministres-du-10-janvier-2024\/#respond"]}]},{"@type":"WebPage","@id":"https:\/\/lavoixdelanation.tg\/index.php\/2025\/01\/11\/togo-compte-rendu-du-conseil-des-ministres-du-10-janvier-2024\/","url":"https:\/\/lavoixdelanation.tg\/index.php\/2025\/01\/11\/togo-compte-rendu-du-conseil-des-ministres-du-10-janvier-2024\/","name":"Togo\u00a0: Compte rendu du Conseil des ministres du 10 janvier 2025 - La Voix de la Nation","isPartOf":{"@id":"https:\/\/lavoixdelanation.tg\/#website"},"primaryImageOfPage":{"@id":"https:\/\/lavoixdelanation.tg\/index.php\/2025\/01\/11\/togo-compte-rendu-du-conseil-des-ministres-du-10-janvier-2024\/#primaryimage"},"image":{"@id":"https:\/\/lavoixdelanation.tg\/index.php\/2025\/01\/11\/togo-compte-rendu-du-conseil-des-ministres-du-10-janvier-2024\/#primaryimage"},"thumbnailUrl":"https:\/\/lavoixdelanation.tg\/wp-content\/uploads\/2025\/01\/Faure-Gnassingbe-presidant-les-travaux-du-Conseil-des-Ministres.jpg","datePublished":"2025-01-11T16:51:05+00:00","dateModified":"2025-01-11T18:13:17+00:00","breadcrumb":{"@id":"https:\/\/lavoixdelanation.tg\/index.php\/2025\/01\/11\/togo-compte-rendu-du-conseil-des-ministres-du-10-janvier-2024\/#breadcrumb"},"inLanguage":"fr-FR","potentialAction":[{"@type":"ReadAction","target":["https:\/\/lavoixdelanation.tg\/index.php\/2025\/01\/11\/togo-compte-rendu-du-conseil-des-ministres-du-10-janvier-2024\/"]}]},{"@type":"ImageObject","inLanguage":"fr-FR","@id":"https:\/\/lavoixdelanation.tg\/index.php\/2025\/01\/11\/togo-compte-rendu-du-conseil-des-ministres-du-10-janvier-2024\/#primaryimage","url":"https:\/\/lavoixdelanation.tg\/wp-content\/uploads\/2025\/01\/Faure-Gnassingbe-presidant-les-travaux-du-Conseil-des-Ministres.jpg","contentUrl":"https:\/\/lavoixdelanation.tg\/wp-content\/uploads\/2025\/01\/Faure-Gnassingbe-presidant-les-travaux-du-Conseil-des-Ministres.jpg","width":644,"height":407},{"@type":"BreadcrumbList","@id":"https:\/\/lavoixdelanation.tg\/index.php\/2025\/01\/11\/togo-compte-rendu-du-conseil-des-ministres-du-10-janvier-2024\/#breadcrumb","itemListElement":[{"@type":"ListItem","position":1,"name":"Accueil","item":"https:\/\/lavoixdelanation.tg\/"},{"@type":"ListItem","position":2,"name":"Togo\u00a0: Compte rendu du Conseil des ministres du 10 janvier 2025"}]},{"@type":"WebSite","@id":"https:\/\/lavoixdelanation.tg\/#website","url":"https:\/\/lavoixdelanation.tg\/","name":"La Voix de la Nation","description":"R\u00e9c\u00e9piss\u00e9 n\u00b00108\/HAAC\/01-2024\/pl\/P","publisher":{"@id":"https:\/\/lavoixdelanation.tg\/#organization"},"alternateName":"VON","potentialAction":[{"@type":"SearchAction","target":{"@type":"EntryPoint","urlTemplate":"https:\/\/lavoixdelanation.tg\/?s={search_term_string}"},"query-input":{"@type":"PropertyValueSpecification","valueRequired":true,"valueName":"search_term_string"}}],"inLanguage":"fr-FR"},{"@type":"Organization","@id":"https:\/\/lavoixdelanation.tg\/#organization","name":"La Voix de la Nation","url":"https:\/\/lavoixdelanation.tg\/","logo":{"@type":"ImageObject","inLanguage":"fr-FR","@id":"https:\/\/lavoixdelanation.tg\/#\/schema\/logo\/image\/","url":"https:\/\/lavoixdelanation.tg\/wp-content\/uploads\/2024\/12\/lavn-1.png","contentUrl":"https:\/\/lavoixdelanation.tg\/wp-content\/uploads\/2024\/12\/lavn-1.png","width":1024,"height":464,"caption":"La Voix de la Nation"},"image":{"@id":"https:\/\/lavoixdelanation.tg\/#\/schema\/logo\/image\/"},"sameAs":["https:\/\/www.facebook.com\/lavoixdelanation"]},{"@type":"Person","@id":"https:\/\/lavoixdelanation.tg\/#\/schema\/person\/6c489293aa38053673a9e554acb6e224","name":"La voix de la nation","image":{"@type":"ImageObject","inLanguage":"fr-FR","@id":"https:\/\/lavoixdelanation.tg\/#\/schema\/person\/image\/","url":"https:\/\/secure.gravatar.com\/avatar\/8aa135d4bbc794494cecaa8d483f6d6cc1023624868deaff686baed5e727a5a1?s=96&d=mm&r=g","contentUrl":"https:\/\/secure.gravatar.com\/avatar\/8aa135d4bbc794494cecaa8d483f6d6cc1023624868deaff686baed5e727a5a1?s=96&d=mm&r=g","caption":"La voix de la nation"},"sameAs":["https:\/\/lavoixdelanation.tg"],"url":"https:\/\/lavoixdelanation.tg\/index.php\/author\/lavn\/"}]}},"_links":{"self":[{"href":"https:\/\/lavoixdelanation.tg\/index.php\/wp-json\/wp\/v2\/posts\/1890","targetHints":{"allow":["GET"]}}],"collection":[{"href":"https:\/\/lavoixdelanation.tg\/index.php\/wp-json\/wp\/v2\/posts"}],"about":[{"href":"https:\/\/lavoixdelanation.tg\/index.php\/wp-json\/wp\/v2\/types\/post"}],"author":[{"embeddable":true,"href":"https:\/\/lavoixdelanation.tg\/index.php\/wp-json\/wp\/v2\/users\/1"}],"replies":[{"embeddable":true,"href":"https:\/\/lavoixdelanation.tg\/index.php\/wp-json\/wp\/v2\/comments?post=1890"}],"version-history":[{"count":2,"href":"https:\/\/lavoixdelanation.tg\/index.php\/wp-json\/wp\/v2\/posts\/1890\/revisions"}],"predecessor-version":[{"id":1899,"href":"https:\/\/lavoixdelanation.tg\/index.php\/wp-json\/wp\/v2\/posts\/1890\/revisions\/1899"}],"wp:featuredmedia":[{"embeddable":true,"href":"https:\/\/lavoixdelanation.tg\/index.php\/wp-json\/wp\/v2\/media\/1891"}],"wp:attachment":[{"href":"https:\/\/lavoixdelanation.tg\/index.php\/wp-json\/wp\/v2\/media?parent=1890"}],"wp:term":[{"taxonomy":"category","embeddable":true,"href":"https:\/\/lavoixdelanation.tg\/index.php\/wp-json\/wp\/v2\/categories?post=1890"},{"taxonomy":"post_tag","embeddable":true,"href":"https:\/\/lavoixdelanation.tg\/index.php\/wp-json\/wp\/v2\/tags?post=1890"}],"curies":[{"name":"wp","href":"https:\/\/api.w.org\/{rel}","templated":true}]}}