{"id":1886,"date":"2025-01-11T10:13:51","date_gmt":"2025-01-11T09:13:51","guid":{"rendered":"https:\/\/lavoixdelanation.tg\/?p=1886"},"modified":"2025-01-11T10:13:51","modified_gmt":"2025-01-11T09:13:51","slug":"togo-92-candidatures-pour-les-prochaines-senatoriales","status":"publish","type":"post","link":"https:\/\/lavoixdelanation.tg\/index.php\/2025\/01\/11\/togo-92-candidatures-pour-les-prochaines-senatoriales\/","title":{"rendered":"Togo\u00a0: 92 candidatures pour les prochaines s\u00e9natoriales"},"content":{"rendered":"\n<p><strong>Au Togo, la liste provisoire des candidats inscrits pour les premi\u00e8res \u00e9lections s\u00e9natoriales du pays a \u00e9t\u00e9 publi\u00e9e ce vendredi 10 janvier 2024 par la Commission Electorales Nationale Ind\u00e9pendante (CENI).<\/strong><\/p>\n\n\n\n<p>Au total 92 candidats dont 17 femmes ont \u00e9t\u00e9 enregistr\u00e9es pour ce scrutin pr\u00e9vu le 15 f\u00e9vrier prochain avec 41 si\u00e8ges \u00e0 pourvoir.<\/p>\n\n\n\n<p>Les candidats sont issus non seulement de partis politiques dont UNIR, CAR, ADDI, CPP, MCD, NET, PDR, UFC, FPP, MPDD, CLE, BATIR et Togo Autrement, mais \u00e9galement de listes ind\u00e9pendantes notamment \u00ab Dame-Nature \u00bb, \u00ab Les 2 bisons \u00bb, \u00ab Enfin le Sourire \u00bb ou encore \u00ab Les \u00c9cologistes \u00bb.<\/p>\n\n\n\n<p>Certains poids lourds de l\u2019opposition ont d\u00e9cid\u00e9 de boycotter ces \u00e9lections&nbsp;: il s\u2019agit de l\u2019Alliance Nationale pour le Changement (ANC) de Jean-Pierre Fabre, les Forces D\u00e9mocratiques pour la R\u00e9publique (FDR) de Me Dodji Ap\u00e9von, et la Dynamique pour la majorit\u00e9 du peuple (DMP) un regroupement coordonn\u00e9 par Brigitte Adjamagbo-Johnson.<\/p>\n\n\n\n<p>Ces formations politiques contestent toujours la r\u00e9forme constitutionnelle de mai 2024 ayant instaur\u00e9 la Ve R\u00e9publique, et estiment par ailleurs que le processus est biais\u00e9.<\/p>\n\n\n\n<p>La liste provisoire des candidats sera soumise \u00e0 la Cour constitutionnelle, qui statuera sur sa validit\u00e9 dans un d\u00e9lai de 72 heures, apr\u00e8s examen de la conformit\u00e9 des dossiers.<\/p>\n\n\n\n<p>Il faut souligner que pour ces \u00e9lections, le corps \u00e9lectoral est compos\u00e9 de l\u2019ensemble des conseillers r\u00e9gionaux de la circonscription \u00e9lectorale et des conseillers municipaux de toutes les communes de la circonscription \u00e9lectorale, soit 179 conseillers r\u00e9gionaux \u00e9lus en avril dernier et 1.527 conseillers municipaux (\u00e9lus en juin 2019).<\/p>\n\n\n\n<p>Pour rappel, 41 s\u00e9nateurs seront \u00e9lus pour repr\u00e9senter les 39 pr\u00e9fectures du pays (avec une double repr\u00e9sentation pour les pr\u00e9fectures du Golfe et d\u2019Ago\u00e8-Nyiv\u00e9). Vingt (20) autres s\u00e9nateurs seront d\u00e9sign\u00e9s directement par le pr\u00e9sident de la R\u00e9publique, portant le total \u00e0 61 si\u00e8ges, Conform\u00e9ment \u00e0 la Constitution de la V\u00e8 R\u00e9publique.<\/p>\n\n\n\n<p><strong>David S.<\/strong><\/p>\n","protected":false},"excerpt":{"rendered":"<p>Au Togo, la liste provisoire des candidats inscrits pour les premi\u00e8res \u00e9lections s\u00e9natoriales du pays a \u00e9t\u00e9 publi\u00e9e ce vendredi 10 janvier 2024 par la Commission Electorales Nationale Ind\u00e9pendante (CENI).&hellip; <\/p>\n","protected":false},"author":1,"featured_media":1718,"comment_status":"open","ping_status":"open","sticky":false,"template":"","format":"standard","meta":{"footnotes":""},"categories":[21],"tags":[],"class_list":["post-1886","post","type-post","status-publish","format-standard","has-post-thumbnail","hentry","category-politique"],"yoast_head":"<!-- This site is optimized with the Yoast SEO plugin v26.4 - https:\/\/yoast.com\/wordpress\/plugins\/seo\/ -->\n<title>Togo\u00a0: 92 candidatures pour les prochaines s\u00e9natoriales - La Voix de la Nation<\/title>\n<meta name=\"robots\" content=\"index, follow, max-snippet:-1, max-image-preview:large, max-video-preview:-1\" \/>\n<link rel=\"canonical\" href=\"https:\/\/lavoixdelanation.tg\/index.php\/2025\/01\/11\/togo-92-candidatures-pour-les-prochaines-senatoriales\/\" \/>\n<meta property=\"og:locale\" content=\"fr_FR\" \/>\n<meta property=\"og:type\" content=\"article\" \/>\n<meta property=\"og:title\" content=\"Togo\u00a0: 92 candidatures pour les prochaines s\u00e9natoriales - La Voix de la Nation\" \/>\n<meta property=\"og:description\" content=\"Au Togo, la liste provisoire des candidats inscrits pour les premi\u00e8res \u00e9lections s\u00e9natoriales du pays a \u00e9t\u00e9 publi\u00e9e ce vendredi 10 janvier 2024 par la Commission Electorales Nationale Ind\u00e9pendante (CENI).&hellip;\" \/>\n<meta property=\"og:url\" content=\"https:\/\/lavoixdelanation.tg\/index.php\/2025\/01\/11\/togo-92-candidatures-pour-les-prochaines-senatoriales\/\" \/>\n<meta property=\"og:site_name\" content=\"La Voix de la Nation\" \/>\n<meta property=\"article:publisher\" content=\"https:\/\/www.facebook.com\/lavoixdelanation\" \/>\n<meta property=\"article:published_time\" content=\"2025-01-11T09:13:51+00:00\" \/>\n<meta property=\"og:image\" content=\"https:\/\/lavoixdelanation.tg\/wp-content\/uploads\/2024\/12\/ceni.jpg\" \/>\n\t<meta property=\"og:image:width\" content=\"600\" \/>\n\t<meta property=\"og:image:height\" content=\"372\" \/>\n\t<meta property=\"og:image:type\" content=\"image\/jpeg\" \/>\n<meta name=\"author\" content=\"La voix de la nation\" \/>\n<meta name=\"twitter:card\" content=\"summary_large_image\" \/>\n<meta name=\"twitter:label1\" content=\"\u00c9crit par\" \/>\n\t<meta name=\"twitter:data1\" content=\"La voix de la nation\" \/>\n\t<meta name=\"twitter:label2\" content=\"Dur\u00e9e de lecture estim\u00e9e\" \/>\n\t<meta name=\"twitter:data2\" content=\"2 minutes\" \/>\n<script type=\"application\/ld+json\" class=\"yoast-schema-graph\">{\"@context\":\"https:\/\/schema.org\",\"@graph\":[{\"@type\":\"Article\",\"@id\":\"https:\/\/lavoixdelanation.tg\/index.php\/2025\/01\/11\/togo-92-candidatures-pour-les-prochaines-senatoriales\/#article\",\"isPartOf\":{\"@id\":\"https:\/\/lavoixdelanation.tg\/index.php\/2025\/01\/11\/togo-92-candidatures-pour-les-prochaines-senatoriales\/\"},\"author\":{\"name\":\"La voix de la nation\",\"@id\":\"https:\/\/lavoixdelanation.tg\/#\/schema\/person\/6c489293aa38053673a9e554acb6e224\"},\"headline\":\"Togo\u00a0: 92 candidatures pour les prochaines s\u00e9natoriales\",\"datePublished\":\"2025-01-11T09:13:51+00:00\",\"mainEntityOfPage\":{\"@id\":\"https:\/\/lavoixdelanation.tg\/index.php\/2025\/01\/11\/togo-92-candidatures-pour-les-prochaines-senatoriales\/\"},\"wordCount\":326,\"commentCount\":0,\"publisher\":{\"@id\":\"https:\/\/lavoixdelanation.tg\/#organization\"},\"image\":{\"@id\":\"https:\/\/lavoixdelanation.tg\/index.php\/2025\/01\/11\/togo-92-candidatures-pour-les-prochaines-senatoriales\/#primaryimage\"},\"thumbnailUrl\":\"https:\/\/lavoixdelanation.tg\/wp-content\/uploads\/2024\/12\/ceni.jpg\",\"articleSection\":[\"Politique\"],\"inLanguage\":\"fr-FR\",\"potentialAction\":[{\"@type\":\"CommentAction\",\"name\":\"Comment\",\"target\":[\"https:\/\/lavoixdelanation.tg\/index.php\/2025\/01\/11\/togo-92-candidatures-pour-les-prochaines-senatoriales\/#respond\"]}]},{\"@type\":\"WebPage\",\"@id\":\"https:\/\/lavoixdelanation.tg\/index.php\/2025\/01\/11\/togo-92-candidatures-pour-les-prochaines-senatoriales\/\",\"url\":\"https:\/\/lavoixdelanation.tg\/index.php\/2025\/01\/11\/togo-92-candidatures-pour-les-prochaines-senatoriales\/\",\"name\":\"Togo\u00a0: 92 candidatures pour les prochaines s\u00e9natoriales - La Voix de la Nation\",\"isPartOf\":{\"@id\":\"https:\/\/lavoixdelanation.tg\/#website\"},\"primaryImageOfPage\":{\"@id\":\"https:\/\/lavoixdelanation.tg\/index.php\/2025\/01\/11\/togo-92-candidatures-pour-les-prochaines-senatoriales\/#primaryimage\"},\"image\":{\"@id\":\"https:\/\/lavoixdelanation.tg\/index.php\/2025\/01\/11\/togo-92-candidatures-pour-les-prochaines-senatoriales\/#primaryimage\"},\"thumbnailUrl\":\"https:\/\/lavoixdelanation.tg\/wp-content\/uploads\/2024\/12\/ceni.jpg\",\"datePublished\":\"2025-01-11T09:13:51+00:00\",\"breadcrumb\":{\"@id\":\"https:\/\/lavoixdelanation.tg\/index.php\/2025\/01\/11\/togo-92-candidatures-pour-les-prochaines-senatoriales\/#breadcrumb\"},\"inLanguage\":\"fr-FR\",\"potentialAction\":[{\"@type\":\"ReadAction\",\"target\":[\"https:\/\/lavoixdelanation.tg\/index.php\/2025\/01\/11\/togo-92-candidatures-pour-les-prochaines-senatoriales\/\"]}]},{\"@type\":\"ImageObject\",\"inLanguage\":\"fr-FR\",\"@id\":\"https:\/\/lavoixdelanation.tg\/index.php\/2025\/01\/11\/togo-92-candidatures-pour-les-prochaines-senatoriales\/#primaryimage\",\"url\":\"https:\/\/lavoixdelanation.tg\/wp-content\/uploads\/2024\/12\/ceni.jpg\",\"contentUrl\":\"https:\/\/lavoixdelanation.tg\/wp-content\/uploads\/2024\/12\/ceni.jpg\",\"width\":600,\"height\":372},{\"@type\":\"BreadcrumbList\",\"@id\":\"https:\/\/lavoixdelanation.tg\/index.php\/2025\/01\/11\/togo-92-candidatures-pour-les-prochaines-senatoriales\/#breadcrumb\",\"itemListElement\":[{\"@type\":\"ListItem\",\"position\":1,\"name\":\"Accueil\",\"item\":\"https:\/\/lavoixdelanation.tg\/\"},{\"@type\":\"ListItem\",\"position\":2,\"name\":\"Togo\u00a0: 92 candidatures pour les prochaines s\u00e9natoriales\"}]},{\"@type\":\"WebSite\",\"@id\":\"https:\/\/lavoixdelanation.tg\/#website\",\"url\":\"https:\/\/lavoixdelanation.tg\/\",\"name\":\"La Voix de la Nation\",\"description\":\"R\u00e9c\u00e9piss\u00e9 n\u00b00108\/HAAC\/01-2024\/pl\/P\",\"publisher\":{\"@id\":\"https:\/\/lavoixdelanation.tg\/#organization\"},\"alternateName\":\"VON\",\"potentialAction\":[{\"@type\":\"SearchAction\",\"target\":{\"@type\":\"EntryPoint\",\"urlTemplate\":\"https:\/\/lavoixdelanation.tg\/?s={search_term_string}\"},\"query-input\":{\"@type\":\"PropertyValueSpecification\",\"valueRequired\":true,\"valueName\":\"search_term_string\"}}],\"inLanguage\":\"fr-FR\"},{\"@type\":\"Organization\",\"@id\":\"https:\/\/lavoixdelanation.tg\/#organization\",\"name\":\"La Voix de la Nation\",\"url\":\"https:\/\/lavoixdelanation.tg\/\",\"logo\":{\"@type\":\"ImageObject\",\"inLanguage\":\"fr-FR\",\"@id\":\"https:\/\/lavoixdelanation.tg\/#\/schema\/logo\/image\/\",\"url\":\"https:\/\/lavoixdelanation.tg\/wp-content\/uploads\/2024\/12\/lavn-1.png\",\"contentUrl\":\"https:\/\/lavoixdelanation.tg\/wp-content\/uploads\/2024\/12\/lavn-1.png\",\"width\":1024,\"height\":464,\"caption\":\"La Voix de la Nation\"},\"image\":{\"@id\":\"https:\/\/lavoixdelanation.tg\/#\/schema\/logo\/image\/\"},\"sameAs\":[\"https:\/\/www.facebook.com\/lavoixdelanation\"]},{\"@type\":\"Person\",\"@id\":\"https:\/\/lavoixdelanation.tg\/#\/schema\/person\/6c489293aa38053673a9e554acb6e224\",\"name\":\"La voix de la nation\",\"image\":{\"@type\":\"ImageObject\",\"inLanguage\":\"fr-FR\",\"@id\":\"https:\/\/lavoixdelanation.tg\/#\/schema\/person\/image\/\",\"url\":\"https:\/\/secure.gravatar.com\/avatar\/8aa135d4bbc794494cecaa8d483f6d6cc1023624868deaff686baed5e727a5a1?s=96&d=mm&r=g\",\"contentUrl\":\"https:\/\/secure.gravatar.com\/avatar\/8aa135d4bbc794494cecaa8d483f6d6cc1023624868deaff686baed5e727a5a1?s=96&d=mm&r=g\",\"caption\":\"La voix de la nation\"},\"sameAs\":[\"https:\/\/lavoixdelanation.tg\"],\"url\":\"https:\/\/lavoixdelanation.tg\/index.php\/author\/lavn\/\"}]}<\/script>\n<!-- \/ Yoast SEO plugin. -->","yoast_head_json":{"title":"Togo\u00a0: 92 candidatures pour les prochaines s\u00e9natoriales - La Voix de la Nation","robots":{"index":"index","follow":"follow","max-snippet":"max-snippet:-1","max-image-preview":"max-image-preview:large","max-video-preview":"max-video-preview:-1"},"canonical":"https:\/\/lavoixdelanation.tg\/index.php\/2025\/01\/11\/togo-92-candidatures-pour-les-prochaines-senatoriales\/","og_locale":"fr_FR","og_type":"article","og_title":"Togo\u00a0: 92 candidatures pour les prochaines s\u00e9natoriales - La Voix de la Nation","og_description":"Au Togo, la liste provisoire des candidats inscrits pour les premi\u00e8res \u00e9lections s\u00e9natoriales du pays a \u00e9t\u00e9 publi\u00e9e ce vendredi 10 janvier 2024 par la Commission Electorales Nationale Ind\u00e9pendante (CENI).&hellip;","og_url":"https:\/\/lavoixdelanation.tg\/index.php\/2025\/01\/11\/togo-92-candidatures-pour-les-prochaines-senatoriales\/","og_site_name":"La Voix de la Nation","article_publisher":"https:\/\/www.facebook.com\/lavoixdelanation","article_published_time":"2025-01-11T09:13:51+00:00","og_image":[{"width":600,"height":372,"url":"https:\/\/lavoixdelanation.tg\/wp-content\/uploads\/2024\/12\/ceni.jpg","type":"image\/jpeg"}],"author":"La voix de la nation","twitter_card":"summary_large_image","twitter_misc":{"\u00c9crit par":"La voix de la nation","Dur\u00e9e de lecture estim\u00e9e":"2 minutes"},"schema":{"@context":"https:\/\/schema.org","@graph":[{"@type":"Article","@id":"https:\/\/lavoixdelanation.tg\/index.php\/2025\/01\/11\/togo-92-candidatures-pour-les-prochaines-senatoriales\/#article","isPartOf":{"@id":"https:\/\/lavoixdelanation.tg\/index.php\/2025\/01\/11\/togo-92-candidatures-pour-les-prochaines-senatoriales\/"},"author":{"name":"La voix de la nation","@id":"https:\/\/lavoixdelanation.tg\/#\/schema\/person\/6c489293aa38053673a9e554acb6e224"},"headline":"Togo\u00a0: 92 candidatures pour les prochaines s\u00e9natoriales","datePublished":"2025-01-11T09:13:51+00:00","mainEntityOfPage":{"@id":"https:\/\/lavoixdelanation.tg\/index.php\/2025\/01\/11\/togo-92-candidatures-pour-les-prochaines-senatoriales\/"},"wordCount":326,"commentCount":0,"publisher":{"@id":"https:\/\/lavoixdelanation.tg\/#organization"},"image":{"@id":"https:\/\/lavoixdelanation.tg\/index.php\/2025\/01\/11\/togo-92-candidatures-pour-les-prochaines-senatoriales\/#primaryimage"},"thumbnailUrl":"https:\/\/lavoixdelanation.tg\/wp-content\/uploads\/2024\/12\/ceni.jpg","articleSection":["Politique"],"inLanguage":"fr-FR","potentialAction":[{"@type":"CommentAction","name":"Comment","target":["https:\/\/lavoixdelanation.tg\/index.php\/2025\/01\/11\/togo-92-candidatures-pour-les-prochaines-senatoriales\/#respond"]}]},{"@type":"WebPage","@id":"https:\/\/lavoixdelanation.tg\/index.php\/2025\/01\/11\/togo-92-candidatures-pour-les-prochaines-senatoriales\/","url":"https:\/\/lavoixdelanation.tg\/index.php\/2025\/01\/11\/togo-92-candidatures-pour-les-prochaines-senatoriales\/","name":"Togo\u00a0: 92 candidatures pour les prochaines s\u00e9natoriales - La Voix de la Nation","isPartOf":{"@id":"https:\/\/lavoixdelanation.tg\/#website"},"primaryImageOfPage":{"@id":"https:\/\/lavoixdelanation.tg\/index.php\/2025\/01\/11\/togo-92-candidatures-pour-les-prochaines-senatoriales\/#primaryimage"},"image":{"@id":"https:\/\/lavoixdelanation.tg\/index.php\/2025\/01\/11\/togo-92-candidatures-pour-les-prochaines-senatoriales\/#primaryimage"},"thumbnailUrl":"https:\/\/lavoixdelanation.tg\/wp-content\/uploads\/2024\/12\/ceni.jpg","datePublished":"2025-01-11T09:13:51+00:00","breadcrumb":{"@id":"https:\/\/lavoixdelanation.tg\/index.php\/2025\/01\/11\/togo-92-candidatures-pour-les-prochaines-senatoriales\/#breadcrumb"},"inLanguage":"fr-FR","potentialAction":[{"@type":"ReadAction","target":["https:\/\/lavoixdelanation.tg\/index.php\/2025\/01\/11\/togo-92-candidatures-pour-les-prochaines-senatoriales\/"]}]},{"@type":"ImageObject","inLanguage":"fr-FR","@id":"https:\/\/lavoixdelanation.tg\/index.php\/2025\/01\/11\/togo-92-candidatures-pour-les-prochaines-senatoriales\/#primaryimage","url":"https:\/\/lavoixdelanation.tg\/wp-content\/uploads\/2024\/12\/ceni.jpg","contentUrl":"https:\/\/lavoixdelanation.tg\/wp-content\/uploads\/2024\/12\/ceni.jpg","width":600,"height":372},{"@type":"BreadcrumbList","@id":"https:\/\/lavoixdelanation.tg\/index.php\/2025\/01\/11\/togo-92-candidatures-pour-les-prochaines-senatoriales\/#breadcrumb","itemListElement":[{"@type":"ListItem","position":1,"name":"Accueil","item":"https:\/\/lavoixdelanation.tg\/"},{"@type":"ListItem","position":2,"name":"Togo\u00a0: 92 candidatures pour les prochaines s\u00e9natoriales"}]},{"@type":"WebSite","@id":"https:\/\/lavoixdelanation.tg\/#website","url":"https:\/\/lavoixdelanation.tg\/","name":"La Voix de la Nation","description":"R\u00e9c\u00e9piss\u00e9 n\u00b00108\/HAAC\/01-2024\/pl\/P","publisher":{"@id":"https:\/\/lavoixdelanation.tg\/#organization"},"alternateName":"VON","potentialAction":[{"@type":"SearchAction","target":{"@type":"EntryPoint","urlTemplate":"https:\/\/lavoixdelanation.tg\/?s={search_term_string}"},"query-input":{"@type":"PropertyValueSpecification","valueRequired":true,"valueName":"search_term_string"}}],"inLanguage":"fr-FR"},{"@type":"Organization","@id":"https:\/\/lavoixdelanation.tg\/#organization","name":"La Voix de la Nation","url":"https:\/\/lavoixdelanation.tg\/","logo":{"@type":"ImageObject","inLanguage":"fr-FR","@id":"https:\/\/lavoixdelanation.tg\/#\/schema\/logo\/image\/","url":"https:\/\/lavoixdelanation.tg\/wp-content\/uploads\/2024\/12\/lavn-1.png","contentUrl":"https:\/\/lavoixdelanation.tg\/wp-content\/uploads\/2024\/12\/lavn-1.png","width":1024,"height":464,"caption":"La Voix de la Nation"},"image":{"@id":"https:\/\/lavoixdelanation.tg\/#\/schema\/logo\/image\/"},"sameAs":["https:\/\/www.facebook.com\/lavoixdelanation"]},{"@type":"Person","@id":"https:\/\/lavoixdelanation.tg\/#\/schema\/person\/6c489293aa38053673a9e554acb6e224","name":"La voix de la nation","image":{"@type":"ImageObject","inLanguage":"fr-FR","@id":"https:\/\/lavoixdelanation.tg\/#\/schema\/person\/image\/","url":"https:\/\/secure.gravatar.com\/avatar\/8aa135d4bbc794494cecaa8d483f6d6cc1023624868deaff686baed5e727a5a1?s=96&d=mm&r=g","contentUrl":"https:\/\/secure.gravatar.com\/avatar\/8aa135d4bbc794494cecaa8d483f6d6cc1023624868deaff686baed5e727a5a1?s=96&d=mm&r=g","caption":"La voix de la nation"},"sameAs":["https:\/\/lavoixdelanation.tg"],"url":"https:\/\/lavoixdelanation.tg\/index.php\/author\/lavn\/"}]}},"_links":{"self":[{"href":"https:\/\/lavoixdelanation.tg\/index.php\/wp-json\/wp\/v2\/posts\/1886","targetHints":{"allow":["GET"]}}],"collection":[{"href":"https:\/\/lavoixdelanation.tg\/index.php\/wp-json\/wp\/v2\/posts"}],"about":[{"href":"https:\/\/lavoixdelanation.tg\/index.php\/wp-json\/wp\/v2\/types\/post"}],"author":[{"embeddable":true,"href":"https:\/\/lavoixdelanation.tg\/index.php\/wp-json\/wp\/v2\/users\/1"}],"replies":[{"embeddable":true,"href":"https:\/\/lavoixdelanation.tg\/index.php\/wp-json\/wp\/v2\/comments?post=1886"}],"version-history":[{"count":1,"href":"https:\/\/lavoixdelanation.tg\/index.php\/wp-json\/wp\/v2\/posts\/1886\/revisions"}],"predecessor-version":[{"id":1887,"href":"https:\/\/lavoixdelanation.tg\/index.php\/wp-json\/wp\/v2\/posts\/1886\/revisions\/1887"}],"wp:featuredmedia":[{"embeddable":true,"href":"https:\/\/lavoixdelanation.tg\/index.php\/wp-json\/wp\/v2\/media\/1718"}],"wp:attachment":[{"href":"https:\/\/lavoixdelanation.tg\/index.php\/wp-json\/wp\/v2\/media?parent=1886"}],"wp:term":[{"taxonomy":"category","embeddable":true,"href":"https:\/\/lavoixdelanation.tg\/index.php\/wp-json\/wp\/v2\/categories?post=1886"},{"taxonomy":"post_tag","embeddable":true,"href":"https:\/\/lavoixdelanation.tg\/index.php\/wp-json\/wp\/v2\/tags?post=1886"}],"curies":[{"name":"wp","href":"https:\/\/api.w.org\/{rel}","templated":true}]}}