{"id":1794,"date":"2024-12-03T08:20:02","date_gmt":"2024-12-03T07:20:02","guid":{"rendered":"https:\/\/lavoixdelanation.tg\/?p=1794"},"modified":"2025-01-03T08:28:58","modified_gmt":"2025-01-03T07:28:58","slug":"protection-des-consommateurs-reunion-technique-entre-la-ministre-kayi-mivedor-et-les-responsables-de-latc-et-de-la-lct","status":"publish","type":"post","link":"https:\/\/lavoixdelanation.tg\/index.php\/2024\/12\/03\/protection-des-consommateurs-reunion-technique-entre-la-ministre-kayi-mivedor-et-les-responsables-de-latc-et-de-la-lct\/","title":{"rendered":"Protection des consommateurs\u00a0: R\u00e9union technique entre la ministre Kayi Miv\u00e9dor et les responsables de l\u2019ATC et de la LCT"},"content":{"rendered":"\n<p><strong>La <\/strong><strong>ministre du commerce, de l\u2019artisanat et de la consommation locale, Mme Kayi MIVEDOR-SAMBIANI a tenu ce lundi 02 d\u00e9cembre 2024 \u00e0 Lom\u00e9, une r\u00e9union technique avec les responsables des associations de consommateurs notamment de l\u2019Association Togolaise des Consommateurs (ATC) et la Ligue des Consommateurs du Togo (LTC).<\/strong><\/p>\n\n\n\n<p>La rencontre s\u2019inscrit dans le cadre des discussions r\u00e9guli\u00e8res entre le Minist\u00e8re du commerce, de l\u2019artisanat et de la consommation locale et les responsables des associations de consommateurs.<\/p>\n\n\n\n<p>Il s\u2019agit de renforcer leur collaboration et implication dans les actions de protection des consommateurs initi\u00e9es par le minist\u00e8re.<\/p>\n\n\n\n<p>Le ministre d\u00e9l\u00e9gu\u00e9 aupr\u00e8s du ministre du commerce, de l\u2019artisanat et de la consommation locale, le secr\u00e9taire g\u00e9n\u00e9ral du minist\u00e8re, le directeur g\u00e9n\u00e9ral du commerce et le directeur du commerce int\u00e9rieur et de la concurrence ont \u00e9galement pris part aux \u00e9changes.<\/p>\n\n\n\n<p>\u00ab Les associations de consommateurs sont des partenaires de toujours. Elles sont nos relais sur le terrain et nous travaillons en parfaite coordination avec elles. L\u00e0 o\u00f9 nous ne sommes pas, elles sont pr\u00e9sentes et nous alertent sur d\u2019\u00e9ventuelles entraves aux droits des consommateurs. Nous leur remercions et les invitons \u00e0 renforcer cette collaboration \u00bb, a indiqu\u00e9 Mme Kayi MIVEDOR-SAMBIANI.<\/p>\n\n\n\n<p>Outre la responsabilit\u00e9 collective dans la protection des consommateurs, la prudence et la vigilance est requise de tout un chacun en cette p\u00e9riode de f\u00eates o\u00f9, plusieurs op\u00e9rateurs font du d\u00e9stockage.<\/p>\n\n\n\n<p>\u00ab Nous sommes en fin d\u2019ann\u00e9e et savons que dans les cycles \u00e9conomiques des entreprises, il y a des stocks qui restent. Pour certains, il y a des stocks qui impropres \u00e0 la consommation humaine, pour d\u2019autres, c\u2019est des stocks qui sont \u00e0 la limite des dates de p\u00e9remption. C\u2019est pour cela qu\u2019il \u00e9tait important qu\u2019apr\u00e8s l\u2019ouverture de la foire de Lom\u00e9, nous puissions rappeler aux op\u00e9rateurs \u00e9conomiques les r\u00e8gles de conduite de ne pas mettre sur le march\u00e9 des produits impropres \u00e0 la consommation humaine&nbsp;\u00bb, a-t-elle ajout\u00e9.<\/p>\n\n\n\n<p>La ministre a pr\u00e9cis\u00e9 qu\u2019en ce qui concerne les consommateurs, il ne faut pas qu\u2019ils se pr\u00e9cipitent pour acheter sans faire les contr\u00f4les d\u2019usage parce qu\u2019on parle de liquidation et de promotion \u00bb, a rappel\u00e9 Madame le ministre du commerce, de l\u2019artisanat et de la consommation locale.<\/p>\n\n\n\n<p>Les repr\u00e9sentants de l\u2019ATC et la LCT ont salu\u00e9 l\u2019initiative de cette rencontre. Ils ont saisi l\u2019occasion pour inviter la population \u00e0 accompagner cette dynamique en signalant toutes les anomalies de commerce au num\u00e9ro vert 8585.<\/p>\n\n\n\n<p><strong>La R\u00e9daction<\/strong><\/p>\n","protected":false},"excerpt":{"rendered":"<p>La ministre du commerce, de l\u2019artisanat et de la consommation locale, Mme Kayi MIVEDOR-SAMBIANI a tenu ce lundi 02 d\u00e9cembre 2024 \u00e0 Lom\u00e9, une r\u00e9union technique avec les responsables des&hellip; <\/p>\n","protected":false},"author":1,"featured_media":1795,"comment_status":"open","ping_status":"open","sticky":false,"template":"","format":"standard","meta":{"footnotes":""},"categories":[8,29],"tags":[],"class_list":["post-1794","post","type-post","status-publish","format-standard","has-post-thumbnail","hentry","category-economie","category-societe"],"yoast_head":"<!-- This site is optimized with the Yoast SEO plugin v26.4 - https:\/\/yoast.com\/wordpress\/plugins\/seo\/ -->\n<title>Protection des consommateurs\u00a0: R\u00e9union technique entre la ministre Kayi Miv\u00e9dor et les responsables de l\u2019ATC et de la LCT - La Voix de la Nation<\/title>\n<meta name=\"robots\" content=\"index, follow, max-snippet:-1, max-image-preview:large, max-video-preview:-1\" \/>\n<link rel=\"canonical\" href=\"https:\/\/lavoixdelanation.tg\/index.php\/2024\/12\/03\/protection-des-consommateurs-reunion-technique-entre-la-ministre-kayi-mivedor-et-les-responsables-de-latc-et-de-la-lct\/\" \/>\n<meta property=\"og:locale\" content=\"fr_FR\" \/>\n<meta property=\"og:type\" content=\"article\" \/>\n<meta property=\"og:title\" content=\"Protection des consommateurs\u00a0: R\u00e9union technique entre la ministre Kayi Miv\u00e9dor et les responsables de l\u2019ATC et de la LCT - La Voix de la Nation\" \/>\n<meta property=\"og:description\" content=\"La ministre du commerce, de l\u2019artisanat et de la consommation locale, Mme Kayi MIVEDOR-SAMBIANI a tenu ce lundi 02 d\u00e9cembre 2024 \u00e0 Lom\u00e9, une r\u00e9union technique avec les responsables des&hellip;\" \/>\n<meta property=\"og:url\" content=\"https:\/\/lavoixdelanation.tg\/index.php\/2024\/12\/03\/protection-des-consommateurs-reunion-technique-entre-la-ministre-kayi-mivedor-et-les-responsables-de-latc-et-de-la-lct\/\" \/>\n<meta property=\"og:site_name\" content=\"La Voix de la Nation\" \/>\n<meta property=\"article:publisher\" content=\"https:\/\/www.facebook.com\/lavoixdelanation\" \/>\n<meta property=\"article:published_time\" content=\"2024-12-03T07:20:02+00:00\" \/>\n<meta property=\"article:modified_time\" content=\"2025-01-03T07:28:58+00:00\" \/>\n<meta property=\"og:image\" content=\"https:\/\/lavoixdelanation.tg\/wp-content\/uploads\/2025\/01\/Reunion-technique-entre-la-ministre-Kayi-Mivedor-et-les-responsables-de-lATC-et-de-la-LCT.jpg\" \/>\n\t<meta property=\"og:image:width\" content=\"1080\" \/>\n\t<meta property=\"og:image:height\" content=\"639\" \/>\n\t<meta property=\"og:image:type\" content=\"image\/jpeg\" \/>\n<meta name=\"author\" content=\"La voix de la nation\" \/>\n<meta name=\"twitter:card\" content=\"summary_large_image\" \/>\n<meta name=\"twitter:label1\" content=\"\u00c9crit par\" \/>\n\t<meta name=\"twitter:data1\" content=\"La voix de la nation\" \/>\n\t<meta name=\"twitter:label2\" content=\"Dur\u00e9e de lecture estim\u00e9e\" \/>\n\t<meta name=\"twitter:data2\" content=\"3 minutes\" \/>\n<script type=\"application\/ld+json\" class=\"yoast-schema-graph\">{\"@context\":\"https:\/\/schema.org\",\"@graph\":[{\"@type\":\"Article\",\"@id\":\"https:\/\/lavoixdelanation.tg\/index.php\/2024\/12\/03\/protection-des-consommateurs-reunion-technique-entre-la-ministre-kayi-mivedor-et-les-responsables-de-latc-et-de-la-lct\/#article\",\"isPartOf\":{\"@id\":\"https:\/\/lavoixdelanation.tg\/index.php\/2024\/12\/03\/protection-des-consommateurs-reunion-technique-entre-la-ministre-kayi-mivedor-et-les-responsables-de-latc-et-de-la-lct\/\"},\"author\":{\"name\":\"La voix de la nation\",\"@id\":\"https:\/\/lavoixdelanation.tg\/#\/schema\/person\/6c489293aa38053673a9e554acb6e224\"},\"headline\":\"Protection des consommateurs\u00a0: R\u00e9union technique entre la ministre Kayi Miv\u00e9dor et les responsables de l\u2019ATC et de la LCT\",\"datePublished\":\"2024-12-03T07:20:02+00:00\",\"dateModified\":\"2025-01-03T07:28:58+00:00\",\"mainEntityOfPage\":{\"@id\":\"https:\/\/lavoixdelanation.tg\/index.php\/2024\/12\/03\/protection-des-consommateurs-reunion-technique-entre-la-ministre-kayi-mivedor-et-les-responsables-de-latc-et-de-la-lct\/\"},\"wordCount\":465,\"commentCount\":0,\"publisher\":{\"@id\":\"https:\/\/lavoixdelanation.tg\/#organization\"},\"image\":{\"@id\":\"https:\/\/lavoixdelanation.tg\/index.php\/2024\/12\/03\/protection-des-consommateurs-reunion-technique-entre-la-ministre-kayi-mivedor-et-les-responsables-de-latc-et-de-la-lct\/#primaryimage\"},\"thumbnailUrl\":\"https:\/\/lavoixdelanation.tg\/wp-content\/uploads\/2025\/01\/Reunion-technique-entre-la-ministre-Kayi-Mivedor-et-les-responsables-de-lATC-et-de-la-LCT.jpg\",\"articleSection\":[\"Economie\",\"Soci\u00e9t\u00e9\"],\"inLanguage\":\"fr-FR\",\"potentialAction\":[{\"@type\":\"CommentAction\",\"name\":\"Comment\",\"target\":[\"https:\/\/lavoixdelanation.tg\/index.php\/2024\/12\/03\/protection-des-consommateurs-reunion-technique-entre-la-ministre-kayi-mivedor-et-les-responsables-de-latc-et-de-la-lct\/#respond\"]}]},{\"@type\":\"WebPage\",\"@id\":\"https:\/\/lavoixdelanation.tg\/index.php\/2024\/12\/03\/protection-des-consommateurs-reunion-technique-entre-la-ministre-kayi-mivedor-et-les-responsables-de-latc-et-de-la-lct\/\",\"url\":\"https:\/\/lavoixdelanation.tg\/index.php\/2024\/12\/03\/protection-des-consommateurs-reunion-technique-entre-la-ministre-kayi-mivedor-et-les-responsables-de-latc-et-de-la-lct\/\",\"name\":\"Protection des consommateurs\u00a0: R\u00e9union technique entre la ministre Kayi Miv\u00e9dor et les responsables de l\u2019ATC et de la LCT - La Voix de la Nation\",\"isPartOf\":{\"@id\":\"https:\/\/lavoixdelanation.tg\/#website\"},\"primaryImageOfPage\":{\"@id\":\"https:\/\/lavoixdelanation.tg\/index.php\/2024\/12\/03\/protection-des-consommateurs-reunion-technique-entre-la-ministre-kayi-mivedor-et-les-responsables-de-latc-et-de-la-lct\/#primaryimage\"},\"image\":{\"@id\":\"https:\/\/lavoixdelanation.tg\/index.php\/2024\/12\/03\/protection-des-consommateurs-reunion-technique-entre-la-ministre-kayi-mivedor-et-les-responsables-de-latc-et-de-la-lct\/#primaryimage\"},\"thumbnailUrl\":\"https:\/\/lavoixdelanation.tg\/wp-content\/uploads\/2025\/01\/Reunion-technique-entre-la-ministre-Kayi-Mivedor-et-les-responsables-de-lATC-et-de-la-LCT.jpg\",\"datePublished\":\"2024-12-03T07:20:02+00:00\",\"dateModified\":\"2025-01-03T07:28:58+00:00\",\"breadcrumb\":{\"@id\":\"https:\/\/lavoixdelanation.tg\/index.php\/2024\/12\/03\/protection-des-consommateurs-reunion-technique-entre-la-ministre-kayi-mivedor-et-les-responsables-de-latc-et-de-la-lct\/#breadcrumb\"},\"inLanguage\":\"fr-FR\",\"potentialAction\":[{\"@type\":\"ReadAction\",\"target\":[\"https:\/\/lavoixdelanation.tg\/index.php\/2024\/12\/03\/protection-des-consommateurs-reunion-technique-entre-la-ministre-kayi-mivedor-et-les-responsables-de-latc-et-de-la-lct\/\"]}]},{\"@type\":\"ImageObject\",\"inLanguage\":\"fr-FR\",\"@id\":\"https:\/\/lavoixdelanation.tg\/index.php\/2024\/12\/03\/protection-des-consommateurs-reunion-technique-entre-la-ministre-kayi-mivedor-et-les-responsables-de-latc-et-de-la-lct\/#primaryimage\",\"url\":\"https:\/\/lavoixdelanation.tg\/wp-content\/uploads\/2025\/01\/Reunion-technique-entre-la-ministre-Kayi-Mivedor-et-les-responsables-de-lATC-et-de-la-LCT.jpg\",\"contentUrl\":\"https:\/\/lavoixdelanation.tg\/wp-content\/uploads\/2025\/01\/Reunion-technique-entre-la-ministre-Kayi-Mivedor-et-les-responsables-de-lATC-et-de-la-LCT.jpg\",\"width\":1080,\"height\":639},{\"@type\":\"BreadcrumbList\",\"@id\":\"https:\/\/lavoixdelanation.tg\/index.php\/2024\/12\/03\/protection-des-consommateurs-reunion-technique-entre-la-ministre-kayi-mivedor-et-les-responsables-de-latc-et-de-la-lct\/#breadcrumb\",\"itemListElement\":[{\"@type\":\"ListItem\",\"position\":1,\"name\":\"Accueil\",\"item\":\"https:\/\/lavoixdelanation.tg\/\"},{\"@type\":\"ListItem\",\"position\":2,\"name\":\"Protection des consommateurs\u00a0: R\u00e9union technique entre la ministre Kayi Miv\u00e9dor et les responsables de l\u2019ATC et de la LCT\"}]},{\"@type\":\"WebSite\",\"@id\":\"https:\/\/lavoixdelanation.tg\/#website\",\"url\":\"https:\/\/lavoixdelanation.tg\/\",\"name\":\"La Voix de la Nation\",\"description\":\"R\u00e9c\u00e9piss\u00e9 n\u00b00108\/HAAC\/01-2024\/pl\/P\",\"publisher\":{\"@id\":\"https:\/\/lavoixdelanation.tg\/#organization\"},\"alternateName\":\"VON\",\"potentialAction\":[{\"@type\":\"SearchAction\",\"target\":{\"@type\":\"EntryPoint\",\"urlTemplate\":\"https:\/\/lavoixdelanation.tg\/?s={search_term_string}\"},\"query-input\":{\"@type\":\"PropertyValueSpecification\",\"valueRequired\":true,\"valueName\":\"search_term_string\"}}],\"inLanguage\":\"fr-FR\"},{\"@type\":\"Organization\",\"@id\":\"https:\/\/lavoixdelanation.tg\/#organization\",\"name\":\"La Voix de la Nation\",\"url\":\"https:\/\/lavoixdelanation.tg\/\",\"logo\":{\"@type\":\"ImageObject\",\"inLanguage\":\"fr-FR\",\"@id\":\"https:\/\/lavoixdelanation.tg\/#\/schema\/logo\/image\/\",\"url\":\"https:\/\/lavoixdelanation.tg\/wp-content\/uploads\/2024\/12\/lavn-1.png\",\"contentUrl\":\"https:\/\/lavoixdelanation.tg\/wp-content\/uploads\/2024\/12\/lavn-1.png\",\"width\":1024,\"height\":464,\"caption\":\"La Voix de la Nation\"},\"image\":{\"@id\":\"https:\/\/lavoixdelanation.tg\/#\/schema\/logo\/image\/\"},\"sameAs\":[\"https:\/\/www.facebook.com\/lavoixdelanation\"]},{\"@type\":\"Person\",\"@id\":\"https:\/\/lavoixdelanation.tg\/#\/schema\/person\/6c489293aa38053673a9e554acb6e224\",\"name\":\"La voix de la nation\",\"image\":{\"@type\":\"ImageObject\",\"inLanguage\":\"fr-FR\",\"@id\":\"https:\/\/lavoixdelanation.tg\/#\/schema\/person\/image\/\",\"url\":\"https:\/\/secure.gravatar.com\/avatar\/8aa135d4bbc794494cecaa8d483f6d6cc1023624868deaff686baed5e727a5a1?s=96&d=mm&r=g\",\"contentUrl\":\"https:\/\/secure.gravatar.com\/avatar\/8aa135d4bbc794494cecaa8d483f6d6cc1023624868deaff686baed5e727a5a1?s=96&d=mm&r=g\",\"caption\":\"La voix de la nation\"},\"sameAs\":[\"https:\/\/lavoixdelanation.tg\"],\"url\":\"https:\/\/lavoixdelanation.tg\/index.php\/author\/lavn\/\"}]}<\/script>\n<!-- \/ Yoast SEO plugin. -->","yoast_head_json":{"title":"Protection des consommateurs\u00a0: R\u00e9union technique entre la ministre Kayi Miv\u00e9dor et les responsables de l\u2019ATC et de la LCT - La Voix de la Nation","robots":{"index":"index","follow":"follow","max-snippet":"max-snippet:-1","max-image-preview":"max-image-preview:large","max-video-preview":"max-video-preview:-1"},"canonical":"https:\/\/lavoixdelanation.tg\/index.php\/2024\/12\/03\/protection-des-consommateurs-reunion-technique-entre-la-ministre-kayi-mivedor-et-les-responsables-de-latc-et-de-la-lct\/","og_locale":"fr_FR","og_type":"article","og_title":"Protection des consommateurs\u00a0: R\u00e9union technique entre la ministre Kayi Miv\u00e9dor et les responsables de l\u2019ATC et de la LCT - La Voix de la Nation","og_description":"La ministre du commerce, de l\u2019artisanat et de la consommation locale, Mme Kayi MIVEDOR-SAMBIANI a tenu ce lundi 02 d\u00e9cembre 2024 \u00e0 Lom\u00e9, une r\u00e9union technique avec les responsables des&hellip;","og_url":"https:\/\/lavoixdelanation.tg\/index.php\/2024\/12\/03\/protection-des-consommateurs-reunion-technique-entre-la-ministre-kayi-mivedor-et-les-responsables-de-latc-et-de-la-lct\/","og_site_name":"La Voix de la Nation","article_publisher":"https:\/\/www.facebook.com\/lavoixdelanation","article_published_time":"2024-12-03T07:20:02+00:00","article_modified_time":"2025-01-03T07:28:58+00:00","og_image":[{"width":1080,"height":639,"url":"https:\/\/lavoixdelanation.tg\/wp-content\/uploads\/2025\/01\/Reunion-technique-entre-la-ministre-Kayi-Mivedor-et-les-responsables-de-lATC-et-de-la-LCT.jpg","type":"image\/jpeg"}],"author":"La voix de la nation","twitter_card":"summary_large_image","twitter_misc":{"\u00c9crit par":"La voix de la nation","Dur\u00e9e de lecture estim\u00e9e":"3 minutes"},"schema":{"@context":"https:\/\/schema.org","@graph":[{"@type":"Article","@id":"https:\/\/lavoixdelanation.tg\/index.php\/2024\/12\/03\/protection-des-consommateurs-reunion-technique-entre-la-ministre-kayi-mivedor-et-les-responsables-de-latc-et-de-la-lct\/#article","isPartOf":{"@id":"https:\/\/lavoixdelanation.tg\/index.php\/2024\/12\/03\/protection-des-consommateurs-reunion-technique-entre-la-ministre-kayi-mivedor-et-les-responsables-de-latc-et-de-la-lct\/"},"author":{"name":"La voix de la nation","@id":"https:\/\/lavoixdelanation.tg\/#\/schema\/person\/6c489293aa38053673a9e554acb6e224"},"headline":"Protection des consommateurs\u00a0: R\u00e9union technique entre la ministre Kayi Miv\u00e9dor et les responsables de l\u2019ATC et de la LCT","datePublished":"2024-12-03T07:20:02+00:00","dateModified":"2025-01-03T07:28:58+00:00","mainEntityOfPage":{"@id":"https:\/\/lavoixdelanation.tg\/index.php\/2024\/12\/03\/protection-des-consommateurs-reunion-technique-entre-la-ministre-kayi-mivedor-et-les-responsables-de-latc-et-de-la-lct\/"},"wordCount":465,"commentCount":0,"publisher":{"@id":"https:\/\/lavoixdelanation.tg\/#organization"},"image":{"@id":"https:\/\/lavoixdelanation.tg\/index.php\/2024\/12\/03\/protection-des-consommateurs-reunion-technique-entre-la-ministre-kayi-mivedor-et-les-responsables-de-latc-et-de-la-lct\/#primaryimage"},"thumbnailUrl":"https:\/\/lavoixdelanation.tg\/wp-content\/uploads\/2025\/01\/Reunion-technique-entre-la-ministre-Kayi-Mivedor-et-les-responsables-de-lATC-et-de-la-LCT.jpg","articleSection":["Economie","Soci\u00e9t\u00e9"],"inLanguage":"fr-FR","potentialAction":[{"@type":"CommentAction","name":"Comment","target":["https:\/\/lavoixdelanation.tg\/index.php\/2024\/12\/03\/protection-des-consommateurs-reunion-technique-entre-la-ministre-kayi-mivedor-et-les-responsables-de-latc-et-de-la-lct\/#respond"]}]},{"@type":"WebPage","@id":"https:\/\/lavoixdelanation.tg\/index.php\/2024\/12\/03\/protection-des-consommateurs-reunion-technique-entre-la-ministre-kayi-mivedor-et-les-responsables-de-latc-et-de-la-lct\/","url":"https:\/\/lavoixdelanation.tg\/index.php\/2024\/12\/03\/protection-des-consommateurs-reunion-technique-entre-la-ministre-kayi-mivedor-et-les-responsables-de-latc-et-de-la-lct\/","name":"Protection des consommateurs\u00a0: R\u00e9union technique entre la ministre Kayi Miv\u00e9dor et les responsables de l\u2019ATC et de la LCT - La Voix de la Nation","isPartOf":{"@id":"https:\/\/lavoixdelanation.tg\/#website"},"primaryImageOfPage":{"@id":"https:\/\/lavoixdelanation.tg\/index.php\/2024\/12\/03\/protection-des-consommateurs-reunion-technique-entre-la-ministre-kayi-mivedor-et-les-responsables-de-latc-et-de-la-lct\/#primaryimage"},"image":{"@id":"https:\/\/lavoixdelanation.tg\/index.php\/2024\/12\/03\/protection-des-consommateurs-reunion-technique-entre-la-ministre-kayi-mivedor-et-les-responsables-de-latc-et-de-la-lct\/#primaryimage"},"thumbnailUrl":"https:\/\/lavoixdelanation.tg\/wp-content\/uploads\/2025\/01\/Reunion-technique-entre-la-ministre-Kayi-Mivedor-et-les-responsables-de-lATC-et-de-la-LCT.jpg","datePublished":"2024-12-03T07:20:02+00:00","dateModified":"2025-01-03T07:28:58+00:00","breadcrumb":{"@id":"https:\/\/lavoixdelanation.tg\/index.php\/2024\/12\/03\/protection-des-consommateurs-reunion-technique-entre-la-ministre-kayi-mivedor-et-les-responsables-de-latc-et-de-la-lct\/#breadcrumb"},"inLanguage":"fr-FR","potentialAction":[{"@type":"ReadAction","target":["https:\/\/lavoixdelanation.tg\/index.php\/2024\/12\/03\/protection-des-consommateurs-reunion-technique-entre-la-ministre-kayi-mivedor-et-les-responsables-de-latc-et-de-la-lct\/"]}]},{"@type":"ImageObject","inLanguage":"fr-FR","@id":"https:\/\/lavoixdelanation.tg\/index.php\/2024\/12\/03\/protection-des-consommateurs-reunion-technique-entre-la-ministre-kayi-mivedor-et-les-responsables-de-latc-et-de-la-lct\/#primaryimage","url":"https:\/\/lavoixdelanation.tg\/wp-content\/uploads\/2025\/01\/Reunion-technique-entre-la-ministre-Kayi-Mivedor-et-les-responsables-de-lATC-et-de-la-LCT.jpg","contentUrl":"https:\/\/lavoixdelanation.tg\/wp-content\/uploads\/2025\/01\/Reunion-technique-entre-la-ministre-Kayi-Mivedor-et-les-responsables-de-lATC-et-de-la-LCT.jpg","width":1080,"height":639},{"@type":"BreadcrumbList","@id":"https:\/\/lavoixdelanation.tg\/index.php\/2024\/12\/03\/protection-des-consommateurs-reunion-technique-entre-la-ministre-kayi-mivedor-et-les-responsables-de-latc-et-de-la-lct\/#breadcrumb","itemListElement":[{"@type":"ListItem","position":1,"name":"Accueil","item":"https:\/\/lavoixdelanation.tg\/"},{"@type":"ListItem","position":2,"name":"Protection des consommateurs\u00a0: R\u00e9union technique entre la ministre Kayi Miv\u00e9dor et les responsables de l\u2019ATC et de la LCT"}]},{"@type":"WebSite","@id":"https:\/\/lavoixdelanation.tg\/#website","url":"https:\/\/lavoixdelanation.tg\/","name":"La Voix de la Nation","description":"R\u00e9c\u00e9piss\u00e9 n\u00b00108\/HAAC\/01-2024\/pl\/P","publisher":{"@id":"https:\/\/lavoixdelanation.tg\/#organization"},"alternateName":"VON","potentialAction":[{"@type":"SearchAction","target":{"@type":"EntryPoint","urlTemplate":"https:\/\/lavoixdelanation.tg\/?s={search_term_string}"},"query-input":{"@type":"PropertyValueSpecification","valueRequired":true,"valueName":"search_term_string"}}],"inLanguage":"fr-FR"},{"@type":"Organization","@id":"https:\/\/lavoixdelanation.tg\/#organization","name":"La Voix de la Nation","url":"https:\/\/lavoixdelanation.tg\/","logo":{"@type":"ImageObject","inLanguage":"fr-FR","@id":"https:\/\/lavoixdelanation.tg\/#\/schema\/logo\/image\/","url":"https:\/\/lavoixdelanation.tg\/wp-content\/uploads\/2024\/12\/lavn-1.png","contentUrl":"https:\/\/lavoixdelanation.tg\/wp-content\/uploads\/2024\/12\/lavn-1.png","width":1024,"height":464,"caption":"La Voix de la Nation"},"image":{"@id":"https:\/\/lavoixdelanation.tg\/#\/schema\/logo\/image\/"},"sameAs":["https:\/\/www.facebook.com\/lavoixdelanation"]},{"@type":"Person","@id":"https:\/\/lavoixdelanation.tg\/#\/schema\/person\/6c489293aa38053673a9e554acb6e224","name":"La voix de la nation","image":{"@type":"ImageObject","inLanguage":"fr-FR","@id":"https:\/\/lavoixdelanation.tg\/#\/schema\/person\/image\/","url":"https:\/\/secure.gravatar.com\/avatar\/8aa135d4bbc794494cecaa8d483f6d6cc1023624868deaff686baed5e727a5a1?s=96&d=mm&r=g","contentUrl":"https:\/\/secure.gravatar.com\/avatar\/8aa135d4bbc794494cecaa8d483f6d6cc1023624868deaff686baed5e727a5a1?s=96&d=mm&r=g","caption":"La voix de la nation"},"sameAs":["https:\/\/lavoixdelanation.tg"],"url":"https:\/\/lavoixdelanation.tg\/index.php\/author\/lavn\/"}]}},"_links":{"self":[{"href":"https:\/\/lavoixdelanation.tg\/index.php\/wp-json\/wp\/v2\/posts\/1794","targetHints":{"allow":["GET"]}}],"collection":[{"href":"https:\/\/lavoixdelanation.tg\/index.php\/wp-json\/wp\/v2\/posts"}],"about":[{"href":"https:\/\/lavoixdelanation.tg\/index.php\/wp-json\/wp\/v2\/types\/post"}],"author":[{"embeddable":true,"href":"https:\/\/lavoixdelanation.tg\/index.php\/wp-json\/wp\/v2\/users\/1"}],"replies":[{"embeddable":true,"href":"https:\/\/lavoixdelanation.tg\/index.php\/wp-json\/wp\/v2\/comments?post=1794"}],"version-history":[{"count":2,"href":"https:\/\/lavoixdelanation.tg\/index.php\/wp-json\/wp\/v2\/posts\/1794\/revisions"}],"predecessor-version":[{"id":1797,"href":"https:\/\/lavoixdelanation.tg\/index.php\/wp-json\/wp\/v2\/posts\/1794\/revisions\/1797"}],"wp:featuredmedia":[{"embeddable":true,"href":"https:\/\/lavoixdelanation.tg\/index.php\/wp-json\/wp\/v2\/media\/1795"}],"wp:attachment":[{"href":"https:\/\/lavoixdelanation.tg\/index.php\/wp-json\/wp\/v2\/media?parent=1794"}],"wp:term":[{"taxonomy":"category","embeddable":true,"href":"https:\/\/lavoixdelanation.tg\/index.php\/wp-json\/wp\/v2\/categories?post=1794"},{"taxonomy":"post_tag","embeddable":true,"href":"https:\/\/lavoixdelanation.tg\/index.php\/wp-json\/wp\/v2\/tags?post=1794"}],"curies":[{"name":"wp","href":"https:\/\/api.w.org\/{rel}","templated":true}]}}