{"id":1775,"date":"2024-12-20T16:56:13","date_gmt":"2024-12-20T15:56:13","guid":{"rendered":"https:\/\/lavoixdelanation.tg\/?p=1775"},"modified":"2025-01-02T17:05:25","modified_gmt":"2025-01-02T16:05:25","slug":"un-plan-strategique-quinquennal-pour-le-developpement-du-cinema-au-togo","status":"publish","type":"post","link":"https:\/\/lavoixdelanation.tg\/index.php\/2024\/12\/20\/un-plan-strategique-quinquennal-pour-le-developpement-du-cinema-au-togo\/","title":{"rendered":"Un plan strat\u00e9gique quinquennal pour le d\u00e9veloppement du cin\u00e9ma au Togo"},"content":{"rendered":"\n<p><strong>Le Togo se dote d\u2019un plan strat\u00e9gique quinquennal de d\u00e9veloppement de son cin\u00e9ma. Le document a en effet fait l\u2019objet de validation organis\u00e9 les 19 et 20 d\u00e9cembre \u00e0 Lom\u00e9 par le minist\u00e8re de la communication, des m\u00e9dias et de la culture, en partenariat avec l\u2019Organisation internationale de la Francophonie (OIF).<\/strong><strong><\/strong><\/p>\n\n\n\n<p>Selon le minist\u00e8re de la culture, ce plan strat\u00e9gique pour la p\u00e9riode 2026-2030 s\u2019inscrit dans la dynamique des r\u00e9formes engag\u00e9es suite \u00e0 l\u2019adoption de deux d\u00e9crets majeurs, l\u2019un portant sur le Centre national du cin\u00e9ma et de l\u2019image anim\u00e9e (CNCIA), et l\u2019autre relatif aux r\u00e8gles d\u2019organisation et de fonctionnement du Fonds national de soutien \u00e0 l\u2019industrie cin\u00e9matographique et audiovisuelle (FoNICA).<\/p>\n\n\n\n<p>C\u2019est depuis juin 2024 que le processus a d\u00e9marr\u00e9, prenant en compte une analyse documentaire approfondie, la formulation d\u2019hypoth\u00e8ses, la d\u00e9finition des axes strat\u00e9giques et la r\u00e9daction du projet de plan.<\/p>\n\n\n\n<p>Les priorit\u00e9s prennent en compte la d\u00e9finition de mod\u00e8les \u00e9conomiques viables, le renforcement des fili\u00e8res et des \u00e9cosyst\u00e8mes, ainsi que la mise en place de politiques publiques adapt\u00e9es accompagn\u00e9es de mesures r\u00e9glementaires et financi\u00e8res pour soutenir le d\u00e9veloppement durable de l\u2019industrie cin\u00e9matographique.<\/p>\n\n\n\n<p>La ministre de la Communication, des M\u00e9dias et de la Culture, Mme Yawa Kouigan, a dans son intervention a salu\u00e9 l\u2019engagement des acteurs du secteur, soulignant leur ing\u00e9niosit\u00e9, leur cr\u00e9ativit\u00e9 et leur r\u00e9silience, tout en insistant sur l\u2019importance du soutien des partenaires financiers pour am\u00e9liorer les infrastructures et accro\u00eetre la visibilit\u00e9 des productions.<\/p>\n\n\n\n<p>Les travaux de validation ont connu la participation de divers acteurs notamment les professionnels du cin\u00e9ma, les repr\u00e9sentants de la soci\u00e9t\u00e9 civile, des agents de l\u2019administration territoriale, ainsi que des membres des comit\u00e9s de gestion du CNCIA et du FoNICA.<\/p>\n\n\n\n<p><strong>Cris DADA<\/strong><\/p>\n","protected":false},"excerpt":{"rendered":"<p>Le Togo se dote d\u2019un plan strat\u00e9gique quinquennal de d\u00e9veloppement de son cin\u00e9ma. Le document a en effet fait l\u2019objet de validation organis\u00e9 les 19 et 20 d\u00e9cembre \u00e0 Lom\u00e9&hellip; <\/p>\n","protected":false},"author":1,"featured_media":1776,"comment_status":"open","ping_status":"open","sticky":false,"template":"","format":"standard","meta":{"footnotes":""},"categories":[13],"tags":[],"class_list":["post-1775","post","type-post","status-publish","format-standard","has-post-thumbnail","hentry","category-culture"],"yoast_head":"<!-- This site is optimized with the Yoast SEO plugin v26.4 - https:\/\/yoast.com\/wordpress\/plugins\/seo\/ -->\n<title>Un plan strat\u00e9gique quinquennal pour le d\u00e9veloppement du cin\u00e9ma au Togo - La Voix de la Nation<\/title>\n<meta name=\"robots\" content=\"index, follow, max-snippet:-1, max-image-preview:large, max-video-preview:-1\" \/>\n<link rel=\"canonical\" href=\"https:\/\/lavoixdelanation.tg\/index.php\/2024\/12\/20\/un-plan-strategique-quinquennal-pour-le-developpement-du-cinema-au-togo\/\" \/>\n<meta property=\"og:locale\" content=\"fr_FR\" \/>\n<meta property=\"og:type\" content=\"article\" \/>\n<meta property=\"og:title\" content=\"Un plan strat\u00e9gique quinquennal pour le d\u00e9veloppement du cin\u00e9ma au Togo - La Voix de la Nation\" \/>\n<meta property=\"og:description\" content=\"Le Togo se dote d\u2019un plan strat\u00e9gique quinquennal de d\u00e9veloppement de son cin\u00e9ma. Le document a en effet fait l\u2019objet de validation organis\u00e9 les 19 et 20 d\u00e9cembre \u00e0 Lom\u00e9&hellip;\" \/>\n<meta property=\"og:url\" content=\"https:\/\/lavoixdelanation.tg\/index.php\/2024\/12\/20\/un-plan-strategique-quinquennal-pour-le-developpement-du-cinema-au-togo\/\" \/>\n<meta property=\"og:site_name\" content=\"La Voix de la Nation\" \/>\n<meta property=\"article:publisher\" content=\"https:\/\/www.facebook.com\/lavoixdelanation\" \/>\n<meta property=\"article:published_time\" content=\"2024-12-20T15:56:13+00:00\" \/>\n<meta property=\"article:modified_time\" content=\"2025-01-02T16:05:25+00:00\" \/>\n<meta property=\"og:image\" content=\"https:\/\/lavoixdelanation.tg\/wp-content\/uploads\/2025\/01\/Plan-strategique-de-developpement-du-cinema-au-Togo.jpeg\" \/>\n\t<meta property=\"og:image:width\" content=\"800\" \/>\n\t<meta property=\"og:image:height\" content=\"480\" \/>\n\t<meta property=\"og:image:type\" content=\"image\/jpeg\" \/>\n<meta name=\"author\" content=\"La voix de la nation\" \/>\n<meta name=\"twitter:card\" content=\"summary_large_image\" \/>\n<meta name=\"twitter:label1\" content=\"\u00c9crit par\" \/>\n\t<meta name=\"twitter:data1\" content=\"La voix de la nation\" \/>\n\t<meta name=\"twitter:label2\" content=\"Dur\u00e9e de lecture estim\u00e9e\" \/>\n\t<meta name=\"twitter:data2\" content=\"2 minutes\" \/>\n<script type=\"application\/ld+json\" class=\"yoast-schema-graph\">{\"@context\":\"https:\/\/schema.org\",\"@graph\":[{\"@type\":\"Article\",\"@id\":\"https:\/\/lavoixdelanation.tg\/index.php\/2024\/12\/20\/un-plan-strategique-quinquennal-pour-le-developpement-du-cinema-au-togo\/#article\",\"isPartOf\":{\"@id\":\"https:\/\/lavoixdelanation.tg\/index.php\/2024\/12\/20\/un-plan-strategique-quinquennal-pour-le-developpement-du-cinema-au-togo\/\"},\"author\":{\"name\":\"La voix de la nation\",\"@id\":\"https:\/\/lavoixdelanation.tg\/#\/schema\/person\/6c489293aa38053673a9e554acb6e224\"},\"headline\":\"Un plan strat\u00e9gique quinquennal pour le d\u00e9veloppement du cin\u00e9ma au Togo\",\"datePublished\":\"2024-12-20T15:56:13+00:00\",\"dateModified\":\"2025-01-02T16:05:25+00:00\",\"mainEntityOfPage\":{\"@id\":\"https:\/\/lavoixdelanation.tg\/index.php\/2024\/12\/20\/un-plan-strategique-quinquennal-pour-le-developpement-du-cinema-au-togo\/\"},\"wordCount\":345,\"commentCount\":0,\"publisher\":{\"@id\":\"https:\/\/lavoixdelanation.tg\/#organization\"},\"image\":{\"@id\":\"https:\/\/lavoixdelanation.tg\/index.php\/2024\/12\/20\/un-plan-strategique-quinquennal-pour-le-developpement-du-cinema-au-togo\/#primaryimage\"},\"thumbnailUrl\":\"https:\/\/lavoixdelanation.tg\/wp-content\/uploads\/2025\/01\/Plan-strategique-de-developpement-du-cinema-au-Togo.jpeg\",\"articleSection\":[\"Culture\"],\"inLanguage\":\"fr-FR\",\"potentialAction\":[{\"@type\":\"CommentAction\",\"name\":\"Comment\",\"target\":[\"https:\/\/lavoixdelanation.tg\/index.php\/2024\/12\/20\/un-plan-strategique-quinquennal-pour-le-developpement-du-cinema-au-togo\/#respond\"]}]},{\"@type\":\"WebPage\",\"@id\":\"https:\/\/lavoixdelanation.tg\/index.php\/2024\/12\/20\/un-plan-strategique-quinquennal-pour-le-developpement-du-cinema-au-togo\/\",\"url\":\"https:\/\/lavoixdelanation.tg\/index.php\/2024\/12\/20\/un-plan-strategique-quinquennal-pour-le-developpement-du-cinema-au-togo\/\",\"name\":\"Un plan strat\u00e9gique quinquennal pour le d\u00e9veloppement du cin\u00e9ma au Togo - La Voix de la Nation\",\"isPartOf\":{\"@id\":\"https:\/\/lavoixdelanation.tg\/#website\"},\"primaryImageOfPage\":{\"@id\":\"https:\/\/lavoixdelanation.tg\/index.php\/2024\/12\/20\/un-plan-strategique-quinquennal-pour-le-developpement-du-cinema-au-togo\/#primaryimage\"},\"image\":{\"@id\":\"https:\/\/lavoixdelanation.tg\/index.php\/2024\/12\/20\/un-plan-strategique-quinquennal-pour-le-developpement-du-cinema-au-togo\/#primaryimage\"},\"thumbnailUrl\":\"https:\/\/lavoixdelanation.tg\/wp-content\/uploads\/2025\/01\/Plan-strategique-de-developpement-du-cinema-au-Togo.jpeg\",\"datePublished\":\"2024-12-20T15:56:13+00:00\",\"dateModified\":\"2025-01-02T16:05:25+00:00\",\"breadcrumb\":{\"@id\":\"https:\/\/lavoixdelanation.tg\/index.php\/2024\/12\/20\/un-plan-strategique-quinquennal-pour-le-developpement-du-cinema-au-togo\/#breadcrumb\"},\"inLanguage\":\"fr-FR\",\"potentialAction\":[{\"@type\":\"ReadAction\",\"target\":[\"https:\/\/lavoixdelanation.tg\/index.php\/2024\/12\/20\/un-plan-strategique-quinquennal-pour-le-developpement-du-cinema-au-togo\/\"]}]},{\"@type\":\"ImageObject\",\"inLanguage\":\"fr-FR\",\"@id\":\"https:\/\/lavoixdelanation.tg\/index.php\/2024\/12\/20\/un-plan-strategique-quinquennal-pour-le-developpement-du-cinema-au-togo\/#primaryimage\",\"url\":\"https:\/\/lavoixdelanation.tg\/wp-content\/uploads\/2025\/01\/Plan-strategique-de-developpement-du-cinema-au-Togo.jpeg\",\"contentUrl\":\"https:\/\/lavoixdelanation.tg\/wp-content\/uploads\/2025\/01\/Plan-strategique-de-developpement-du-cinema-au-Togo.jpeg\",\"width\":800,\"height\":480},{\"@type\":\"BreadcrumbList\",\"@id\":\"https:\/\/lavoixdelanation.tg\/index.php\/2024\/12\/20\/un-plan-strategique-quinquennal-pour-le-developpement-du-cinema-au-togo\/#breadcrumb\",\"itemListElement\":[{\"@type\":\"ListItem\",\"position\":1,\"name\":\"Accueil\",\"item\":\"https:\/\/lavoixdelanation.tg\/\"},{\"@type\":\"ListItem\",\"position\":2,\"name\":\"Un plan strat\u00e9gique quinquennal pour le d\u00e9veloppement du cin\u00e9ma au Togo\"}]},{\"@type\":\"WebSite\",\"@id\":\"https:\/\/lavoixdelanation.tg\/#website\",\"url\":\"https:\/\/lavoixdelanation.tg\/\",\"name\":\"La Voix de la Nation\",\"description\":\"R\u00e9c\u00e9piss\u00e9 n\u00b00108\/HAAC\/01-2024\/pl\/P\",\"publisher\":{\"@id\":\"https:\/\/lavoixdelanation.tg\/#organization\"},\"alternateName\":\"VON\",\"potentialAction\":[{\"@type\":\"SearchAction\",\"target\":{\"@type\":\"EntryPoint\",\"urlTemplate\":\"https:\/\/lavoixdelanation.tg\/?s={search_term_string}\"},\"query-input\":{\"@type\":\"PropertyValueSpecification\",\"valueRequired\":true,\"valueName\":\"search_term_string\"}}],\"inLanguage\":\"fr-FR\"},{\"@type\":\"Organization\",\"@id\":\"https:\/\/lavoixdelanation.tg\/#organization\",\"name\":\"La Voix de la Nation\",\"url\":\"https:\/\/lavoixdelanation.tg\/\",\"logo\":{\"@type\":\"ImageObject\",\"inLanguage\":\"fr-FR\",\"@id\":\"https:\/\/lavoixdelanation.tg\/#\/schema\/logo\/image\/\",\"url\":\"https:\/\/lavoixdelanation.tg\/wp-content\/uploads\/2024\/12\/lavn-1.png\",\"contentUrl\":\"https:\/\/lavoixdelanation.tg\/wp-content\/uploads\/2024\/12\/lavn-1.png\",\"width\":1024,\"height\":464,\"caption\":\"La Voix de la Nation\"},\"image\":{\"@id\":\"https:\/\/lavoixdelanation.tg\/#\/schema\/logo\/image\/\"},\"sameAs\":[\"https:\/\/www.facebook.com\/lavoixdelanation\"]},{\"@type\":\"Person\",\"@id\":\"https:\/\/lavoixdelanation.tg\/#\/schema\/person\/6c489293aa38053673a9e554acb6e224\",\"name\":\"La voix de la nation\",\"image\":{\"@type\":\"ImageObject\",\"inLanguage\":\"fr-FR\",\"@id\":\"https:\/\/lavoixdelanation.tg\/#\/schema\/person\/image\/\",\"url\":\"https:\/\/secure.gravatar.com\/avatar\/8aa135d4bbc794494cecaa8d483f6d6cc1023624868deaff686baed5e727a5a1?s=96&d=mm&r=g\",\"contentUrl\":\"https:\/\/secure.gravatar.com\/avatar\/8aa135d4bbc794494cecaa8d483f6d6cc1023624868deaff686baed5e727a5a1?s=96&d=mm&r=g\",\"caption\":\"La voix de la nation\"},\"sameAs\":[\"https:\/\/lavoixdelanation.tg\"],\"url\":\"https:\/\/lavoixdelanation.tg\/index.php\/author\/lavn\/\"}]}<\/script>\n<!-- \/ Yoast SEO plugin. -->","yoast_head_json":{"title":"Un plan strat\u00e9gique quinquennal pour le d\u00e9veloppement du cin\u00e9ma au Togo - La Voix de la Nation","robots":{"index":"index","follow":"follow","max-snippet":"max-snippet:-1","max-image-preview":"max-image-preview:large","max-video-preview":"max-video-preview:-1"},"canonical":"https:\/\/lavoixdelanation.tg\/index.php\/2024\/12\/20\/un-plan-strategique-quinquennal-pour-le-developpement-du-cinema-au-togo\/","og_locale":"fr_FR","og_type":"article","og_title":"Un plan strat\u00e9gique quinquennal pour le d\u00e9veloppement du cin\u00e9ma au Togo - La Voix de la Nation","og_description":"Le Togo se dote d\u2019un plan strat\u00e9gique quinquennal de d\u00e9veloppement de son cin\u00e9ma. Le document a en effet fait l\u2019objet de validation organis\u00e9 les 19 et 20 d\u00e9cembre \u00e0 Lom\u00e9&hellip;","og_url":"https:\/\/lavoixdelanation.tg\/index.php\/2024\/12\/20\/un-plan-strategique-quinquennal-pour-le-developpement-du-cinema-au-togo\/","og_site_name":"La Voix de la Nation","article_publisher":"https:\/\/www.facebook.com\/lavoixdelanation","article_published_time":"2024-12-20T15:56:13+00:00","article_modified_time":"2025-01-02T16:05:25+00:00","og_image":[{"width":800,"height":480,"url":"https:\/\/lavoixdelanation.tg\/wp-content\/uploads\/2025\/01\/Plan-strategique-de-developpement-du-cinema-au-Togo.jpeg","type":"image\/jpeg"}],"author":"La voix de la nation","twitter_card":"summary_large_image","twitter_misc":{"\u00c9crit par":"La voix de la nation","Dur\u00e9e de lecture estim\u00e9e":"2 minutes"},"schema":{"@context":"https:\/\/schema.org","@graph":[{"@type":"Article","@id":"https:\/\/lavoixdelanation.tg\/index.php\/2024\/12\/20\/un-plan-strategique-quinquennal-pour-le-developpement-du-cinema-au-togo\/#article","isPartOf":{"@id":"https:\/\/lavoixdelanation.tg\/index.php\/2024\/12\/20\/un-plan-strategique-quinquennal-pour-le-developpement-du-cinema-au-togo\/"},"author":{"name":"La voix de la nation","@id":"https:\/\/lavoixdelanation.tg\/#\/schema\/person\/6c489293aa38053673a9e554acb6e224"},"headline":"Un plan strat\u00e9gique quinquennal pour le d\u00e9veloppement du cin\u00e9ma au Togo","datePublished":"2024-12-20T15:56:13+00:00","dateModified":"2025-01-02T16:05:25+00:00","mainEntityOfPage":{"@id":"https:\/\/lavoixdelanation.tg\/index.php\/2024\/12\/20\/un-plan-strategique-quinquennal-pour-le-developpement-du-cinema-au-togo\/"},"wordCount":345,"commentCount":0,"publisher":{"@id":"https:\/\/lavoixdelanation.tg\/#organization"},"image":{"@id":"https:\/\/lavoixdelanation.tg\/index.php\/2024\/12\/20\/un-plan-strategique-quinquennal-pour-le-developpement-du-cinema-au-togo\/#primaryimage"},"thumbnailUrl":"https:\/\/lavoixdelanation.tg\/wp-content\/uploads\/2025\/01\/Plan-strategique-de-developpement-du-cinema-au-Togo.jpeg","articleSection":["Culture"],"inLanguage":"fr-FR","potentialAction":[{"@type":"CommentAction","name":"Comment","target":["https:\/\/lavoixdelanation.tg\/index.php\/2024\/12\/20\/un-plan-strategique-quinquennal-pour-le-developpement-du-cinema-au-togo\/#respond"]}]},{"@type":"WebPage","@id":"https:\/\/lavoixdelanation.tg\/index.php\/2024\/12\/20\/un-plan-strategique-quinquennal-pour-le-developpement-du-cinema-au-togo\/","url":"https:\/\/lavoixdelanation.tg\/index.php\/2024\/12\/20\/un-plan-strategique-quinquennal-pour-le-developpement-du-cinema-au-togo\/","name":"Un plan strat\u00e9gique quinquennal pour le d\u00e9veloppement du cin\u00e9ma au Togo - La Voix de la Nation","isPartOf":{"@id":"https:\/\/lavoixdelanation.tg\/#website"},"primaryImageOfPage":{"@id":"https:\/\/lavoixdelanation.tg\/index.php\/2024\/12\/20\/un-plan-strategique-quinquennal-pour-le-developpement-du-cinema-au-togo\/#primaryimage"},"image":{"@id":"https:\/\/lavoixdelanation.tg\/index.php\/2024\/12\/20\/un-plan-strategique-quinquennal-pour-le-developpement-du-cinema-au-togo\/#primaryimage"},"thumbnailUrl":"https:\/\/lavoixdelanation.tg\/wp-content\/uploads\/2025\/01\/Plan-strategique-de-developpement-du-cinema-au-Togo.jpeg","datePublished":"2024-12-20T15:56:13+00:00","dateModified":"2025-01-02T16:05:25+00:00","breadcrumb":{"@id":"https:\/\/lavoixdelanation.tg\/index.php\/2024\/12\/20\/un-plan-strategique-quinquennal-pour-le-developpement-du-cinema-au-togo\/#breadcrumb"},"inLanguage":"fr-FR","potentialAction":[{"@type":"ReadAction","target":["https:\/\/lavoixdelanation.tg\/index.php\/2024\/12\/20\/un-plan-strategique-quinquennal-pour-le-developpement-du-cinema-au-togo\/"]}]},{"@type":"ImageObject","inLanguage":"fr-FR","@id":"https:\/\/lavoixdelanation.tg\/index.php\/2024\/12\/20\/un-plan-strategique-quinquennal-pour-le-developpement-du-cinema-au-togo\/#primaryimage","url":"https:\/\/lavoixdelanation.tg\/wp-content\/uploads\/2025\/01\/Plan-strategique-de-developpement-du-cinema-au-Togo.jpeg","contentUrl":"https:\/\/lavoixdelanation.tg\/wp-content\/uploads\/2025\/01\/Plan-strategique-de-developpement-du-cinema-au-Togo.jpeg","width":800,"height":480},{"@type":"BreadcrumbList","@id":"https:\/\/lavoixdelanation.tg\/index.php\/2024\/12\/20\/un-plan-strategique-quinquennal-pour-le-developpement-du-cinema-au-togo\/#breadcrumb","itemListElement":[{"@type":"ListItem","position":1,"name":"Accueil","item":"https:\/\/lavoixdelanation.tg\/"},{"@type":"ListItem","position":2,"name":"Un plan strat\u00e9gique quinquennal pour le d\u00e9veloppement du cin\u00e9ma au Togo"}]},{"@type":"WebSite","@id":"https:\/\/lavoixdelanation.tg\/#website","url":"https:\/\/lavoixdelanation.tg\/","name":"La Voix de la Nation","description":"R\u00e9c\u00e9piss\u00e9 n\u00b00108\/HAAC\/01-2024\/pl\/P","publisher":{"@id":"https:\/\/lavoixdelanation.tg\/#organization"},"alternateName":"VON","potentialAction":[{"@type":"SearchAction","target":{"@type":"EntryPoint","urlTemplate":"https:\/\/lavoixdelanation.tg\/?s={search_term_string}"},"query-input":{"@type":"PropertyValueSpecification","valueRequired":true,"valueName":"search_term_string"}}],"inLanguage":"fr-FR"},{"@type":"Organization","@id":"https:\/\/lavoixdelanation.tg\/#organization","name":"La Voix de la Nation","url":"https:\/\/lavoixdelanation.tg\/","logo":{"@type":"ImageObject","inLanguage":"fr-FR","@id":"https:\/\/lavoixdelanation.tg\/#\/schema\/logo\/image\/","url":"https:\/\/lavoixdelanation.tg\/wp-content\/uploads\/2024\/12\/lavn-1.png","contentUrl":"https:\/\/lavoixdelanation.tg\/wp-content\/uploads\/2024\/12\/lavn-1.png","width":1024,"height":464,"caption":"La Voix de la Nation"},"image":{"@id":"https:\/\/lavoixdelanation.tg\/#\/schema\/logo\/image\/"},"sameAs":["https:\/\/www.facebook.com\/lavoixdelanation"]},{"@type":"Person","@id":"https:\/\/lavoixdelanation.tg\/#\/schema\/person\/6c489293aa38053673a9e554acb6e224","name":"La voix de la nation","image":{"@type":"ImageObject","inLanguage":"fr-FR","@id":"https:\/\/lavoixdelanation.tg\/#\/schema\/person\/image\/","url":"https:\/\/secure.gravatar.com\/avatar\/8aa135d4bbc794494cecaa8d483f6d6cc1023624868deaff686baed5e727a5a1?s=96&d=mm&r=g","contentUrl":"https:\/\/secure.gravatar.com\/avatar\/8aa135d4bbc794494cecaa8d483f6d6cc1023624868deaff686baed5e727a5a1?s=96&d=mm&r=g","caption":"La voix de la nation"},"sameAs":["https:\/\/lavoixdelanation.tg"],"url":"https:\/\/lavoixdelanation.tg\/index.php\/author\/lavn\/"}]}},"_links":{"self":[{"href":"https:\/\/lavoixdelanation.tg\/index.php\/wp-json\/wp\/v2\/posts\/1775","targetHints":{"allow":["GET"]}}],"collection":[{"href":"https:\/\/lavoixdelanation.tg\/index.php\/wp-json\/wp\/v2\/posts"}],"about":[{"href":"https:\/\/lavoixdelanation.tg\/index.php\/wp-json\/wp\/v2\/types\/post"}],"author":[{"embeddable":true,"href":"https:\/\/lavoixdelanation.tg\/index.php\/wp-json\/wp\/v2\/users\/1"}],"replies":[{"embeddable":true,"href":"https:\/\/lavoixdelanation.tg\/index.php\/wp-json\/wp\/v2\/comments?post=1775"}],"version-history":[{"count":1,"href":"https:\/\/lavoixdelanation.tg\/index.php\/wp-json\/wp\/v2\/posts\/1775\/revisions"}],"predecessor-version":[{"id":1777,"href":"https:\/\/lavoixdelanation.tg\/index.php\/wp-json\/wp\/v2\/posts\/1775\/revisions\/1777"}],"wp:featuredmedia":[{"embeddable":true,"href":"https:\/\/lavoixdelanation.tg\/index.php\/wp-json\/wp\/v2\/media\/1776"}],"wp:attachment":[{"href":"https:\/\/lavoixdelanation.tg\/index.php\/wp-json\/wp\/v2\/media?parent=1775"}],"wp:term":[{"taxonomy":"category","embeddable":true,"href":"https:\/\/lavoixdelanation.tg\/index.php\/wp-json\/wp\/v2\/categories?post=1775"},{"taxonomy":"post_tag","embeddable":true,"href":"https:\/\/lavoixdelanation.tg\/index.php\/wp-json\/wp\/v2\/tags?post=1775"}],"curies":[{"name":"wp","href":"https:\/\/api.w.org\/{rel}","templated":true}]}}