{"id":1698,"date":"2024-12-27T07:36:45","date_gmt":"2024-12-27T06:36:45","guid":{"rendered":"https:\/\/lavoixdelanation.tg\/?p=1698"},"modified":"2024-12-27T09:39:33","modified_gmt":"2024-12-27T08:39:33","slug":"togo-les-elections-senatoriales-reportees","status":"publish","type":"post","link":"https:\/\/lavoixdelanation.tg\/index.php\/2024\/12\/27\/togo-les-elections-senatoriales-reportees\/","title":{"rendered":"Togo\u00a0: Les \u00e9lections s\u00e9natoriales report\u00e9es sur demande du CPC"},"content":{"rendered":"\n<p><strong>Initialement pr\u00e9vues pour se tenir le 02 f\u00e9vrier 2025, les \u00e9lections s\u00e9natoriales sont finalement report\u00e9es \u00e0 une date ult\u00e9rieure.<\/strong><\/p>\n\n\n\n<p>La d\u00e9cision a \u00e9t\u00e9 prise ce 26 d\u00e9cembre 2024 par le gouvernement r\u00e9uni en Conseil des ministres, avec l\u2019examen et l\u2019adoption d\u2019un d\u00e9cret portant r\u00e9am\u00e9nagement du calendrier \u00e9lectoral et report de la date des \u00e9lections s\u00e9natoriales.<\/p>\n\n\n\n<p>Elle fait suite \u00e0 la demande formul\u00e9e par le Cadre permanent de concertation (CPC) tendant au report de la date limite de d\u00e9p\u00f4t des candidatures pour lesdites \u00e9lections, et de la date du scrutin.<\/p>\n\n\n\n<p>Cette volont\u00e9 exprim\u00e9e par le CPC, vise notamment \u00e0 permettre aux acteurs politiques de mieux s\u2019organiser pour participer \u00e0 ces \u00e9lections qui se tiennent pour la premi\u00e8re fois dans notre pays.<\/p>\n\n\n\n<p>\u00ab&nbsp;Cette proposition, accept\u00e9e par le Conseil des ministres apr\u00e8s consultation de la Commission \u00e9lectorale nationale ind\u00e9pendante, a fait l\u2019objet du d\u00e9cret portant r\u00e9am\u00e9nagement du calendrier des \u00e9lections s\u00e9natoriales et report de la date des \u00e9lections s\u00e9natoriales&nbsp;\u00bb, pr\u00e9cise en effet le gouvernement dans le communiqu\u00e9 issu du Conseil.<\/p>\n\n\n\n<p><strong>David S.<\/strong><\/p>\n","protected":false},"excerpt":{"rendered":"<p>Initialement pr\u00e9vues pour se tenir le 02 f\u00e9vrier 2025, les \u00e9lections s\u00e9natoriales sont finalement report\u00e9es \u00e0 une date ult\u00e9rieure. La d\u00e9cision a \u00e9t\u00e9 prise ce 26 d\u00e9cembre 2024 par le&hellip; <\/p>\n","protected":false},"author":1,"featured_media":1699,"comment_status":"open","ping_status":"open","sticky":false,"template":"","format":"standard","meta":{"footnotes":""},"categories":[21],"tags":[],"class_list":["post-1698","post","type-post","status-publish","format-standard","has-post-thumbnail","hentry","category-politique"],"yoast_head":"<!-- This site is optimized with the Yoast SEO plugin v26.4 - https:\/\/yoast.com\/wordpress\/plugins\/seo\/ -->\n<title>Togo\u00a0: Les \u00e9lections s\u00e9natoriales report\u00e9es sur demande du CPC - La Voix de la Nation<\/title>\n<meta name=\"robots\" content=\"index, follow, max-snippet:-1, max-image-preview:large, max-video-preview:-1\" \/>\n<link rel=\"canonical\" href=\"https:\/\/lavoixdelanation.tg\/index.php\/2024\/12\/27\/togo-les-elections-senatoriales-reportees\/\" \/>\n<meta property=\"og:locale\" content=\"fr_FR\" \/>\n<meta property=\"og:type\" content=\"article\" \/>\n<meta property=\"og:title\" content=\"Togo\u00a0: Les \u00e9lections s\u00e9natoriales report\u00e9es sur demande du CPC - La Voix de la Nation\" \/>\n<meta property=\"og:description\" content=\"Initialement pr\u00e9vues pour se tenir le 02 f\u00e9vrier 2025, les \u00e9lections s\u00e9natoriales sont finalement report\u00e9es \u00e0 une date ult\u00e9rieure. La d\u00e9cision a \u00e9t\u00e9 prise ce 26 d\u00e9cembre 2024 par le&hellip;\" \/>\n<meta property=\"og:url\" content=\"https:\/\/lavoixdelanation.tg\/index.php\/2024\/12\/27\/togo-les-elections-senatoriales-reportees\/\" \/>\n<meta property=\"og:site_name\" content=\"La Voix de la Nation\" \/>\n<meta property=\"article:publisher\" content=\"https:\/\/www.facebook.com\/lavoixdelanation\" \/>\n<meta property=\"article:published_time\" content=\"2024-12-27T06:36:45+00:00\" \/>\n<meta property=\"article:modified_time\" content=\"2024-12-27T08:39:33+00:00\" \/>\n<meta property=\"og:image\" content=\"https:\/\/lavoixdelanation.tg\/wp-content\/uploads\/2024\/12\/Elections-senatoriales-au-Togo-1.jpg\" \/>\n\t<meta property=\"og:image:width\" content=\"600\" \/>\n\t<meta property=\"og:image:height\" content=\"398\" \/>\n\t<meta property=\"og:image:type\" content=\"image\/jpeg\" \/>\n<meta name=\"author\" content=\"La voix de la nation\" \/>\n<meta name=\"twitter:card\" content=\"summary_large_image\" \/>\n<meta name=\"twitter:label1\" content=\"\u00c9crit par\" \/>\n\t<meta name=\"twitter:data1\" content=\"La voix de la nation\" \/>\n\t<meta name=\"twitter:label2\" content=\"Dur\u00e9e de lecture estim\u00e9e\" \/>\n\t<meta name=\"twitter:data2\" content=\"2 minutes\" \/>\n<script type=\"application\/ld+json\" class=\"yoast-schema-graph\">{\"@context\":\"https:\/\/schema.org\",\"@graph\":[{\"@type\":\"Article\",\"@id\":\"https:\/\/lavoixdelanation.tg\/index.php\/2024\/12\/27\/togo-les-elections-senatoriales-reportees\/#article\",\"isPartOf\":{\"@id\":\"https:\/\/lavoixdelanation.tg\/index.php\/2024\/12\/27\/togo-les-elections-senatoriales-reportees\/\"},\"author\":{\"name\":\"La voix de la nation\",\"@id\":\"https:\/\/lavoixdelanation.tg\/#\/schema\/person\/6c489293aa38053673a9e554acb6e224\"},\"headline\":\"Togo\u00a0: Les \u00e9lections s\u00e9natoriales report\u00e9es sur demande du CPC\",\"datePublished\":\"2024-12-27T06:36:45+00:00\",\"dateModified\":\"2024-12-27T08:39:33+00:00\",\"mainEntityOfPage\":{\"@id\":\"https:\/\/lavoixdelanation.tg\/index.php\/2024\/12\/27\/togo-les-elections-senatoriales-reportees\/\"},\"wordCount\":205,\"commentCount\":0,\"publisher\":{\"@id\":\"https:\/\/lavoixdelanation.tg\/#organization\"},\"image\":{\"@id\":\"https:\/\/lavoixdelanation.tg\/index.php\/2024\/12\/27\/togo-les-elections-senatoriales-reportees\/#primaryimage\"},\"thumbnailUrl\":\"https:\/\/lavoixdelanation.tg\/wp-content\/uploads\/2024\/12\/Elections-senatoriales-au-Togo-1.jpg\",\"articleSection\":[\"Politique\"],\"inLanguage\":\"fr-FR\",\"potentialAction\":[{\"@type\":\"CommentAction\",\"name\":\"Comment\",\"target\":[\"https:\/\/lavoixdelanation.tg\/index.php\/2024\/12\/27\/togo-les-elections-senatoriales-reportees\/#respond\"]}]},{\"@type\":\"WebPage\",\"@id\":\"https:\/\/lavoixdelanation.tg\/index.php\/2024\/12\/27\/togo-les-elections-senatoriales-reportees\/\",\"url\":\"https:\/\/lavoixdelanation.tg\/index.php\/2024\/12\/27\/togo-les-elections-senatoriales-reportees\/\",\"name\":\"Togo\u00a0: Les \u00e9lections s\u00e9natoriales report\u00e9es sur demande du CPC - La Voix de la Nation\",\"isPartOf\":{\"@id\":\"https:\/\/lavoixdelanation.tg\/#website\"},\"primaryImageOfPage\":{\"@id\":\"https:\/\/lavoixdelanation.tg\/index.php\/2024\/12\/27\/togo-les-elections-senatoriales-reportees\/#primaryimage\"},\"image\":{\"@id\":\"https:\/\/lavoixdelanation.tg\/index.php\/2024\/12\/27\/togo-les-elections-senatoriales-reportees\/#primaryimage\"},\"thumbnailUrl\":\"https:\/\/lavoixdelanation.tg\/wp-content\/uploads\/2024\/12\/Elections-senatoriales-au-Togo-1.jpg\",\"datePublished\":\"2024-12-27T06:36:45+00:00\",\"dateModified\":\"2024-12-27T08:39:33+00:00\",\"breadcrumb\":{\"@id\":\"https:\/\/lavoixdelanation.tg\/index.php\/2024\/12\/27\/togo-les-elections-senatoriales-reportees\/#breadcrumb\"},\"inLanguage\":\"fr-FR\",\"potentialAction\":[{\"@type\":\"ReadAction\",\"target\":[\"https:\/\/lavoixdelanation.tg\/index.php\/2024\/12\/27\/togo-les-elections-senatoriales-reportees\/\"]}]},{\"@type\":\"ImageObject\",\"inLanguage\":\"fr-FR\",\"@id\":\"https:\/\/lavoixdelanation.tg\/index.php\/2024\/12\/27\/togo-les-elections-senatoriales-reportees\/#primaryimage\",\"url\":\"https:\/\/lavoixdelanation.tg\/wp-content\/uploads\/2024\/12\/Elections-senatoriales-au-Togo-1.jpg\",\"contentUrl\":\"https:\/\/lavoixdelanation.tg\/wp-content\/uploads\/2024\/12\/Elections-senatoriales-au-Togo-1.jpg\",\"width\":600,\"height\":398},{\"@type\":\"BreadcrumbList\",\"@id\":\"https:\/\/lavoixdelanation.tg\/index.php\/2024\/12\/27\/togo-les-elections-senatoriales-reportees\/#breadcrumb\",\"itemListElement\":[{\"@type\":\"ListItem\",\"position\":1,\"name\":\"Accueil\",\"item\":\"https:\/\/lavoixdelanation.tg\/\"},{\"@type\":\"ListItem\",\"position\":2,\"name\":\"Togo\u00a0: Les \u00e9lections s\u00e9natoriales report\u00e9es sur demande du CPC\"}]},{\"@type\":\"WebSite\",\"@id\":\"https:\/\/lavoixdelanation.tg\/#website\",\"url\":\"https:\/\/lavoixdelanation.tg\/\",\"name\":\"La Voix de la Nation\",\"description\":\"R\u00e9c\u00e9piss\u00e9 n\u00b00108\/HAAC\/01-2024\/pl\/P\",\"publisher\":{\"@id\":\"https:\/\/lavoixdelanation.tg\/#organization\"},\"alternateName\":\"VON\",\"potentialAction\":[{\"@type\":\"SearchAction\",\"target\":{\"@type\":\"EntryPoint\",\"urlTemplate\":\"https:\/\/lavoixdelanation.tg\/?s={search_term_string}\"},\"query-input\":{\"@type\":\"PropertyValueSpecification\",\"valueRequired\":true,\"valueName\":\"search_term_string\"}}],\"inLanguage\":\"fr-FR\"},{\"@type\":\"Organization\",\"@id\":\"https:\/\/lavoixdelanation.tg\/#organization\",\"name\":\"La Voix de la Nation\",\"url\":\"https:\/\/lavoixdelanation.tg\/\",\"logo\":{\"@type\":\"ImageObject\",\"inLanguage\":\"fr-FR\",\"@id\":\"https:\/\/lavoixdelanation.tg\/#\/schema\/logo\/image\/\",\"url\":\"https:\/\/lavoixdelanation.tg\/wp-content\/uploads\/2024\/12\/lavn-1.png\",\"contentUrl\":\"https:\/\/lavoixdelanation.tg\/wp-content\/uploads\/2024\/12\/lavn-1.png\",\"width\":1024,\"height\":464,\"caption\":\"La Voix de la Nation\"},\"image\":{\"@id\":\"https:\/\/lavoixdelanation.tg\/#\/schema\/logo\/image\/\"},\"sameAs\":[\"https:\/\/www.facebook.com\/lavoixdelanation\"]},{\"@type\":\"Person\",\"@id\":\"https:\/\/lavoixdelanation.tg\/#\/schema\/person\/6c489293aa38053673a9e554acb6e224\",\"name\":\"La voix de la nation\",\"image\":{\"@type\":\"ImageObject\",\"inLanguage\":\"fr-FR\",\"@id\":\"https:\/\/lavoixdelanation.tg\/#\/schema\/person\/image\/\",\"url\":\"https:\/\/secure.gravatar.com\/avatar\/8aa135d4bbc794494cecaa8d483f6d6cc1023624868deaff686baed5e727a5a1?s=96&d=mm&r=g\",\"contentUrl\":\"https:\/\/secure.gravatar.com\/avatar\/8aa135d4bbc794494cecaa8d483f6d6cc1023624868deaff686baed5e727a5a1?s=96&d=mm&r=g\",\"caption\":\"La voix de la nation\"},\"sameAs\":[\"https:\/\/lavoixdelanation.tg\"],\"url\":\"https:\/\/lavoixdelanation.tg\/index.php\/author\/lavn\/\"}]}<\/script>\n<!-- \/ Yoast SEO plugin. -->","yoast_head_json":{"title":"Togo\u00a0: Les \u00e9lections s\u00e9natoriales report\u00e9es sur demande du CPC - La Voix de la Nation","robots":{"index":"index","follow":"follow","max-snippet":"max-snippet:-1","max-image-preview":"max-image-preview:large","max-video-preview":"max-video-preview:-1"},"canonical":"https:\/\/lavoixdelanation.tg\/index.php\/2024\/12\/27\/togo-les-elections-senatoriales-reportees\/","og_locale":"fr_FR","og_type":"article","og_title":"Togo\u00a0: Les \u00e9lections s\u00e9natoriales report\u00e9es sur demande du CPC - La Voix de la Nation","og_description":"Initialement pr\u00e9vues pour se tenir le 02 f\u00e9vrier 2025, les \u00e9lections s\u00e9natoriales sont finalement report\u00e9es \u00e0 une date ult\u00e9rieure. La d\u00e9cision a \u00e9t\u00e9 prise ce 26 d\u00e9cembre 2024 par le&hellip;","og_url":"https:\/\/lavoixdelanation.tg\/index.php\/2024\/12\/27\/togo-les-elections-senatoriales-reportees\/","og_site_name":"La Voix de la Nation","article_publisher":"https:\/\/www.facebook.com\/lavoixdelanation","article_published_time":"2024-12-27T06:36:45+00:00","article_modified_time":"2024-12-27T08:39:33+00:00","og_image":[{"width":600,"height":398,"url":"https:\/\/lavoixdelanation.tg\/wp-content\/uploads\/2024\/12\/Elections-senatoriales-au-Togo-1.jpg","type":"image\/jpeg"}],"author":"La voix de la nation","twitter_card":"summary_large_image","twitter_misc":{"\u00c9crit par":"La voix de la nation","Dur\u00e9e de lecture estim\u00e9e":"2 minutes"},"schema":{"@context":"https:\/\/schema.org","@graph":[{"@type":"Article","@id":"https:\/\/lavoixdelanation.tg\/index.php\/2024\/12\/27\/togo-les-elections-senatoriales-reportees\/#article","isPartOf":{"@id":"https:\/\/lavoixdelanation.tg\/index.php\/2024\/12\/27\/togo-les-elections-senatoriales-reportees\/"},"author":{"name":"La voix de la nation","@id":"https:\/\/lavoixdelanation.tg\/#\/schema\/person\/6c489293aa38053673a9e554acb6e224"},"headline":"Togo\u00a0: Les \u00e9lections s\u00e9natoriales report\u00e9es sur demande du CPC","datePublished":"2024-12-27T06:36:45+00:00","dateModified":"2024-12-27T08:39:33+00:00","mainEntityOfPage":{"@id":"https:\/\/lavoixdelanation.tg\/index.php\/2024\/12\/27\/togo-les-elections-senatoriales-reportees\/"},"wordCount":205,"commentCount":0,"publisher":{"@id":"https:\/\/lavoixdelanation.tg\/#organization"},"image":{"@id":"https:\/\/lavoixdelanation.tg\/index.php\/2024\/12\/27\/togo-les-elections-senatoriales-reportees\/#primaryimage"},"thumbnailUrl":"https:\/\/lavoixdelanation.tg\/wp-content\/uploads\/2024\/12\/Elections-senatoriales-au-Togo-1.jpg","articleSection":["Politique"],"inLanguage":"fr-FR","potentialAction":[{"@type":"CommentAction","name":"Comment","target":["https:\/\/lavoixdelanation.tg\/index.php\/2024\/12\/27\/togo-les-elections-senatoriales-reportees\/#respond"]}]},{"@type":"WebPage","@id":"https:\/\/lavoixdelanation.tg\/index.php\/2024\/12\/27\/togo-les-elections-senatoriales-reportees\/","url":"https:\/\/lavoixdelanation.tg\/index.php\/2024\/12\/27\/togo-les-elections-senatoriales-reportees\/","name":"Togo\u00a0: Les \u00e9lections s\u00e9natoriales report\u00e9es sur demande du CPC - La Voix de la Nation","isPartOf":{"@id":"https:\/\/lavoixdelanation.tg\/#website"},"primaryImageOfPage":{"@id":"https:\/\/lavoixdelanation.tg\/index.php\/2024\/12\/27\/togo-les-elections-senatoriales-reportees\/#primaryimage"},"image":{"@id":"https:\/\/lavoixdelanation.tg\/index.php\/2024\/12\/27\/togo-les-elections-senatoriales-reportees\/#primaryimage"},"thumbnailUrl":"https:\/\/lavoixdelanation.tg\/wp-content\/uploads\/2024\/12\/Elections-senatoriales-au-Togo-1.jpg","datePublished":"2024-12-27T06:36:45+00:00","dateModified":"2024-12-27T08:39:33+00:00","breadcrumb":{"@id":"https:\/\/lavoixdelanation.tg\/index.php\/2024\/12\/27\/togo-les-elections-senatoriales-reportees\/#breadcrumb"},"inLanguage":"fr-FR","potentialAction":[{"@type":"ReadAction","target":["https:\/\/lavoixdelanation.tg\/index.php\/2024\/12\/27\/togo-les-elections-senatoriales-reportees\/"]}]},{"@type":"ImageObject","inLanguage":"fr-FR","@id":"https:\/\/lavoixdelanation.tg\/index.php\/2024\/12\/27\/togo-les-elections-senatoriales-reportees\/#primaryimage","url":"https:\/\/lavoixdelanation.tg\/wp-content\/uploads\/2024\/12\/Elections-senatoriales-au-Togo-1.jpg","contentUrl":"https:\/\/lavoixdelanation.tg\/wp-content\/uploads\/2024\/12\/Elections-senatoriales-au-Togo-1.jpg","width":600,"height":398},{"@type":"BreadcrumbList","@id":"https:\/\/lavoixdelanation.tg\/index.php\/2024\/12\/27\/togo-les-elections-senatoriales-reportees\/#breadcrumb","itemListElement":[{"@type":"ListItem","position":1,"name":"Accueil","item":"https:\/\/lavoixdelanation.tg\/"},{"@type":"ListItem","position":2,"name":"Togo\u00a0: Les \u00e9lections s\u00e9natoriales report\u00e9es sur demande du CPC"}]},{"@type":"WebSite","@id":"https:\/\/lavoixdelanation.tg\/#website","url":"https:\/\/lavoixdelanation.tg\/","name":"La Voix de la Nation","description":"R\u00e9c\u00e9piss\u00e9 n\u00b00108\/HAAC\/01-2024\/pl\/P","publisher":{"@id":"https:\/\/lavoixdelanation.tg\/#organization"},"alternateName":"VON","potentialAction":[{"@type":"SearchAction","target":{"@type":"EntryPoint","urlTemplate":"https:\/\/lavoixdelanation.tg\/?s={search_term_string}"},"query-input":{"@type":"PropertyValueSpecification","valueRequired":true,"valueName":"search_term_string"}}],"inLanguage":"fr-FR"},{"@type":"Organization","@id":"https:\/\/lavoixdelanation.tg\/#organization","name":"La Voix de la Nation","url":"https:\/\/lavoixdelanation.tg\/","logo":{"@type":"ImageObject","inLanguage":"fr-FR","@id":"https:\/\/lavoixdelanation.tg\/#\/schema\/logo\/image\/","url":"https:\/\/lavoixdelanation.tg\/wp-content\/uploads\/2024\/12\/lavn-1.png","contentUrl":"https:\/\/lavoixdelanation.tg\/wp-content\/uploads\/2024\/12\/lavn-1.png","width":1024,"height":464,"caption":"La Voix de la Nation"},"image":{"@id":"https:\/\/lavoixdelanation.tg\/#\/schema\/logo\/image\/"},"sameAs":["https:\/\/www.facebook.com\/lavoixdelanation"]},{"@type":"Person","@id":"https:\/\/lavoixdelanation.tg\/#\/schema\/person\/6c489293aa38053673a9e554acb6e224","name":"La voix de la nation","image":{"@type":"ImageObject","inLanguage":"fr-FR","@id":"https:\/\/lavoixdelanation.tg\/#\/schema\/person\/image\/","url":"https:\/\/secure.gravatar.com\/avatar\/8aa135d4bbc794494cecaa8d483f6d6cc1023624868deaff686baed5e727a5a1?s=96&d=mm&r=g","contentUrl":"https:\/\/secure.gravatar.com\/avatar\/8aa135d4bbc794494cecaa8d483f6d6cc1023624868deaff686baed5e727a5a1?s=96&d=mm&r=g","caption":"La voix de la nation"},"sameAs":["https:\/\/lavoixdelanation.tg"],"url":"https:\/\/lavoixdelanation.tg\/index.php\/author\/lavn\/"}]}},"_links":{"self":[{"href":"https:\/\/lavoixdelanation.tg\/index.php\/wp-json\/wp\/v2\/posts\/1698","targetHints":{"allow":["GET"]}}],"collection":[{"href":"https:\/\/lavoixdelanation.tg\/index.php\/wp-json\/wp\/v2\/posts"}],"about":[{"href":"https:\/\/lavoixdelanation.tg\/index.php\/wp-json\/wp\/v2\/types\/post"}],"author":[{"embeddable":true,"href":"https:\/\/lavoixdelanation.tg\/index.php\/wp-json\/wp\/v2\/users\/1"}],"replies":[{"embeddable":true,"href":"https:\/\/lavoixdelanation.tg\/index.php\/wp-json\/wp\/v2\/comments?post=1698"}],"version-history":[{"count":3,"href":"https:\/\/lavoixdelanation.tg\/index.php\/wp-json\/wp\/v2\/posts\/1698\/revisions"}],"predecessor-version":[{"id":1709,"href":"https:\/\/lavoixdelanation.tg\/index.php\/wp-json\/wp\/v2\/posts\/1698\/revisions\/1709"}],"wp:featuredmedia":[{"embeddable":true,"href":"https:\/\/lavoixdelanation.tg\/index.php\/wp-json\/wp\/v2\/media\/1699"}],"wp:attachment":[{"href":"https:\/\/lavoixdelanation.tg\/index.php\/wp-json\/wp\/v2\/media?parent=1698"}],"wp:term":[{"taxonomy":"category","embeddable":true,"href":"https:\/\/lavoixdelanation.tg\/index.php\/wp-json\/wp\/v2\/categories?post=1698"},{"taxonomy":"post_tag","embeddable":true,"href":"https:\/\/lavoixdelanation.tg\/index.php\/wp-json\/wp\/v2\/tags?post=1698"}],"curies":[{"name":"wp","href":"https:\/\/api.w.org\/{rel}","templated":true}]}}