{"id":16897,"date":"2026-09-04T22:36:00","date_gmt":"2026-09-04T20:36:00","guid":{"rendered":"https:\/\/lavoixdelanation.tg\/?p=16897"},"modified":"2026-09-05T01:58:58","modified_gmt":"2026-09-04T23:58:58","slug":"adoption-de-la-resolution-correct-the-map-a-lonu-une-victoire-diplomatique-pour-le-togo","status":"publish","type":"post","link":"https:\/\/lavoixdelanation.tg\/index.php\/2026\/09\/04\/adoption-de-la-resolution-correct-the-map-a-lonu-une-victoire-diplomatique-pour-le-togo\/","title":{"rendered":"Adoption de la R\u00e9solution \u00ab Correct the Map \u00bb \u00e0 l\u2019ONU : Une victoire diplomatique pour le Togo !"},"content":{"rendered":"\n<p class=\"wp-block-paragraph\"><strong>Le Togo vient d\u2019enregistrer une victoire diplomatique historique aux nations Unies. La r\u00e9solution \u00ab Correct the Map \u00bb port\u00e9e par le Togo<\/strong> <strong>au nom de l\u2019Union africaine, a \u00e9t\u00e9 en effet adopt\u00e9e ce vendredi 04 septembre 2026 par l\u2019Assembl\u00e9e g\u00e9n\u00e9rale de l\u2019ONU.<\/strong><strong><\/strong><\/p>\n\n\n\n<p class=\"wp-block-paragraph\">La R\u00e9solution reconna\u00eet et affirme en effet que les repr\u00e9sentations cartographiques disproportionn\u00e9es, notamment celles issues de la projection de Mercator, ont entra\u00een\u00e9 des r\u00e9percussions cognitives, \u00e9ducatives, culturelles, g\u00e9opolitiques et socio\u00e9conomiques durables, contribuant \u00e0 une r\u00e9duction drastique de la taille de l\u2019Afrique et d\u2019autres r\u00e9gions du monde dans l\u2019imaginaire collectif mondial.<\/p>\n\n\n\n<p class=\"wp-block-paragraph\">En adoptant ce texte, l\u2019assembl\u00e9e g\u00e9n\u00e9rale reconna\u00eet que corriger ces biais constitue un acte de justice cognitive, de r\u00e9paration m\u00e9morielle et de v\u00e9rit\u00e9 historique, essentiel pour une compr\u00e9hension \u00e9quilibr\u00e9e du monde, l\u2019\u00e9ducation des g\u00e9n\u00e9rations futures et la promotion d\u2019une coop\u00e9ration internationale fond\u00e9e sur l\u2019\u00e9galit\u00e9 et le respect mutuel.<\/p>\n\n\n\n<figure class=\"wp-block-image size-large\"><img loading=\"lazy\" decoding=\"async\" width=\"768\" height=\"1024\" src=\"https:\/\/lavoixdelanation.tg\/wp-content\/uploads\/2026\/09\/Les-pays-votant-768x1024-1.jpeg\" alt=\"\" class=\"wp-image-16899\" srcset=\"https:\/\/lavoixdelanation.tg\/wp-content\/uploads\/2026\/09\/Les-pays-votant-768x1024-1.jpeg 768w, https:\/\/lavoixdelanation.tg\/wp-content\/uploads\/2026\/09\/Les-pays-votant-225x300.jpeg 225w, https:\/\/lavoixdelanation.tg\/wp-content\/uploads\/2026\/09\/Les-pays-votant-1152x1536.jpeg 1152w, https:\/\/lavoixdelanation.tg\/wp-content\/uploads\/2026\/09\/Les-pays-votant.jpeg 1200w\" sizes=\"auto, (max-width: 768px) 100vw, 768px\" \/><\/figure>\n\n\n\n<p class=\"wp-block-paragraph\">Le Togo a exprim\u00e9 sa profonde reconnaissance \u00e0 l\u2019ensemble des d\u00e9l\u00e9gations pour leur engagement constructif et leur esprit de coop\u00e9ration tout au long du processus de n\u00e9gociation. Les nombreuses contributions re\u00e7ues ont permis d\u2019aboutir \u00e0 un texte \u00e9quilibr\u00e9, refl\u00e9tant les pr\u00e9occupations et les priorit\u00e9s d\u2019une large majorit\u00e9 des \u00c9tats membres.<\/p>\n\n\n\n<p class=\"wp-block-paragraph\">\u00ab L\u2019adoption d\u2019aujourd\u2019hui est une victoire pour l\u2019exactitude, et pour chaque enfant qui grandira d\u00e9sormais en voyant la v\u00e9ritable place de l\u2019Afrique dans le monde. Cette r\u00e9solution appartient \u00e0 l\u2019Union africaine tout enti\u00e8re. Le Togo est fier de l\u2019avoir port\u00e9e aux Nations Unies, et nous nous tournons \u00e0 pr\u00e9sent vers le travail qui consiste \u00e0 rendre cette correction r\u00e9elle : dans les salles de classe, dans les institutions et sur les plateformes qui fa\u00e7onnent la mani\u00e8re dont le monde se regarde \u00bb, a indiqu\u00e9 le ministre des Affaires \u00e9trang\u00e8res, de la Coop\u00e9ration, de l\u2019Int\u00e9gration africaine et des Togolais de l\u2019Ext\u00e9rieur Pr Robert DUSSEY, repr\u00e9sentant le Pr\u00e9sident du Conseil Faure Essozimna GNASSINGBE.<\/p>\n\n\n\n<figure class=\"wp-block-image size-large\"><img loading=\"lazy\" decoding=\"async\" width=\"1024\" height=\"583\" src=\"https:\/\/lavoixdelanation.tg\/wp-content\/uploads\/2026\/09\/Adoptions-de-la-resolution-Correct-the-Map-a-lONU-1024x583.jpg\" alt=\"\" class=\"wp-image-16900\" srcset=\"https:\/\/lavoixdelanation.tg\/wp-content\/uploads\/2026\/09\/Adoptions-de-la-resolution-Correct-the-Map-a-lONU-1024x583.jpg 1024w, https:\/\/lavoixdelanation.tg\/wp-content\/uploads\/2026\/09\/Adoptions-de-la-resolution-Correct-the-Map-a-lONU-300x171.jpg 300w, https:\/\/lavoixdelanation.tg\/wp-content\/uploads\/2026\/09\/Adoptions-de-la-resolution-Correct-the-Map-a-lONU-768x437.jpg 768w, https:\/\/lavoixdelanation.tg\/wp-content\/uploads\/2026\/09\/Adoptions-de-la-resolution-Correct-the-Map-a-lONU-1536x874.jpg 1536w, https:\/\/lavoixdelanation.tg\/wp-content\/uploads\/2026\/09\/Adoptions-de-la-resolution-Correct-the-Map-a-lONU-2048x1166.jpg 2048w\" sizes=\"auto, (max-width: 1024px) 100vw, 1024px\" \/><\/figure>\n\n\n\n<p class=\"wp-block-paragraph\">Il faut souligner que l\u2019adoption de cette r\u00e9solution intervient dans le contexte de la D\u00e9cennie internationale des personnes d\u2019ascendance africaine (2025\u20132034) et de la proclamation par l\u2019Union africaine de la D\u00e9cennie d\u2019action pour la justice et les r\u00e9parations (2026\u20132035).<\/p>\n\n\n\n<p class=\"wp-block-paragraph\">D\u00e8s son adoption, elle ouvre la voie \u00e0 un dialogue renforc\u00e9 entre les Etats membres, les organisations internationales comp\u00e9tentes et les institutions \u00e9ducatives et technologiques, afin de promouvoir des standards cartographiques plus \u00e9quitables et de soutenir les efforts de sensibilisation, de formation et de coop\u00e9ration g\u00e9ospatiale.<\/p>\n\n\n\n<p class=\"wp-block-paragraph\"><strong>DKS<\/strong><strong><\/strong><\/p>\n","protected":false},"excerpt":{"rendered":"<p>Le Togo vient d\u2019enregistrer une victoire diplomatique historique aux nations Unies. La r\u00e9solution \u00ab Correct the Map \u00bb port\u00e9e par le Togo au nom de l\u2019Union africaine, a \u00e9t\u00e9 en&hellip; <\/p>\n","protected":false},"author":1,"featured_media":15058,"comment_status":"open","ping_status":"closed","sticky":false,"template":"","format":"standard","meta":{"footnotes":""},"categories":[12],"tags":[1613,1643,39,1676],"class_list":["post-16897","post","type-post","status-publish","format-standard","has-post-thumbnail","hentry","category-diplomatie","tag-correct-the-map","tag-onu","tag-togo","tag-victoire-diplomatique"],"yoast_head":"<!-- This site is optimized with the Yoast SEO plugin v26.4 - https:\/\/yoast.com\/wordpress\/plugins\/seo\/ -->\n<title>Adoption de la R\u00e9solution \u00ab Correct the Map \u00bb \u00e0 l\u2019ONU : Une victoire diplomatique pour le Togo ! - La Voix de la Nation<\/title>\n<meta name=\"robots\" content=\"index, follow, max-snippet:-1, max-image-preview:large, max-video-preview:-1\" \/>\n<link rel=\"canonical\" href=\"https:\/\/lavoixdelanation.tg\/index.php\/2026\/09\/04\/adoption-de-la-resolution-correct-the-map-a-lonu-une-victoire-diplomatique-pour-le-togo\/\" \/>\n<meta property=\"og:locale\" content=\"fr_FR\" \/>\n<meta property=\"og:type\" content=\"article\" \/>\n<meta property=\"og:title\" content=\"Adoption de la R\u00e9solution \u00ab Correct the Map \u00bb \u00e0 l\u2019ONU : Une victoire diplomatique pour le Togo ! - La Voix de la Nation\" \/>\n<meta property=\"og:description\" content=\"Le Togo vient d\u2019enregistrer une victoire diplomatique historique aux nations Unies. La r\u00e9solution \u00ab Correct the Map \u00bb port\u00e9e par le Togo au nom de l\u2019Union africaine, a \u00e9t\u00e9 en&hellip;\" \/>\n<meta property=\"og:url\" content=\"https:\/\/lavoixdelanation.tg\/index.php\/2026\/09\/04\/adoption-de-la-resolution-correct-the-map-a-lonu-une-victoire-diplomatique-pour-le-togo\/\" \/>\n<meta property=\"og:site_name\" content=\"La Voix de la Nation\" \/>\n<meta property=\"article:publisher\" content=\"https:\/\/www.facebook.com\/lavoixdelanation\" \/>\n<meta property=\"article:published_time\" content=\"2026-09-04T20:36:00+00:00\" \/>\n<meta property=\"article:modified_time\" content=\"2026-09-04T23:58:58+00:00\" \/>\n<meta property=\"og:image\" content=\"https:\/\/lavoixdelanation.tg\/wp-content\/uploads\/2025\/12\/Faure-Gnassingbe-President-du-Conseil-du-Togo.jpg\" \/>\n\t<meta property=\"og:image:width\" content=\"1250\" \/>\n\t<meta property=\"og:image:height\" content=\"836\" \/>\n\t<meta property=\"og:image:type\" content=\"image\/jpeg\" \/>\n<meta name=\"author\" content=\"La voix de la nation\" \/>\n<meta name=\"twitter:card\" content=\"summary_large_image\" \/>\n<meta name=\"twitter:label1\" content=\"\u00c9crit par\" \/>\n\t<meta name=\"twitter:data1\" content=\"La voix de la nation\" \/>\n\t<meta name=\"twitter:label2\" content=\"Dur\u00e9e de lecture estim\u00e9e\" \/>\n\t<meta name=\"twitter:data2\" content=\"3 minutes\" \/>\n<script type=\"application\/ld+json\" class=\"yoast-schema-graph\">{\"@context\":\"https:\/\/schema.org\",\"@graph\":[{\"@type\":\"Article\",\"@id\":\"https:\/\/lavoixdelanation.tg\/index.php\/2026\/09\/04\/adoption-de-la-resolution-correct-the-map-a-lonu-une-victoire-diplomatique-pour-le-togo\/#article\",\"isPartOf\":{\"@id\":\"https:\/\/lavoixdelanation.tg\/index.php\/2026\/09\/04\/adoption-de-la-resolution-correct-the-map-a-lonu-une-victoire-diplomatique-pour-le-togo\/\"},\"author\":{\"name\":\"La voix de la nation\",\"@id\":\"https:\/\/lavoixdelanation.tg\/#\/schema\/person\/6c489293aa38053673a9e554acb6e224\"},\"headline\":\"Adoption de la R\u00e9solution \u00ab Correct the Map \u00bb \u00e0 l\u2019ONU : Une victoire diplomatique pour le Togo !\",\"datePublished\":\"2026-09-04T20:36:00+00:00\",\"dateModified\":\"2026-09-04T23:58:58+00:00\",\"mainEntityOfPage\":{\"@id\":\"https:\/\/lavoixdelanation.tg\/index.php\/2026\/09\/04\/adoption-de-la-resolution-correct-the-map-a-lonu-une-victoire-diplomatique-pour-le-togo\/\"},\"wordCount\":474,\"commentCount\":0,\"publisher\":{\"@id\":\"https:\/\/lavoixdelanation.tg\/#organization\"},\"image\":{\"@id\":\"https:\/\/lavoixdelanation.tg\/index.php\/2026\/09\/04\/adoption-de-la-resolution-correct-the-map-a-lonu-une-victoire-diplomatique-pour-le-togo\/#primaryimage\"},\"thumbnailUrl\":\"https:\/\/lavoixdelanation.tg\/wp-content\/uploads\/2025\/12\/Faure-Gnassingbe-President-du-Conseil-du-Togo.jpg\",\"keywords\":[\"Correct the Map\",\"ONU\",\"Togo\",\"Victoire diplomatique\"],\"articleSection\":[\"Diplomatie\"],\"inLanguage\":\"fr-FR\",\"potentialAction\":[{\"@type\":\"CommentAction\",\"name\":\"Comment\",\"target\":[\"https:\/\/lavoixdelanation.tg\/index.php\/2026\/09\/04\/adoption-de-la-resolution-correct-the-map-a-lonu-une-victoire-diplomatique-pour-le-togo\/#respond\"]}]},{\"@type\":\"WebPage\",\"@id\":\"https:\/\/lavoixdelanation.tg\/index.php\/2026\/09\/04\/adoption-de-la-resolution-correct-the-map-a-lonu-une-victoire-diplomatique-pour-le-togo\/\",\"url\":\"https:\/\/lavoixdelanation.tg\/index.php\/2026\/09\/04\/adoption-de-la-resolution-correct-the-map-a-lonu-une-victoire-diplomatique-pour-le-togo\/\",\"name\":\"Adoption de la R\u00e9solution \u00ab Correct the Map \u00bb \u00e0 l\u2019ONU : Une victoire diplomatique pour le Togo ! - La Voix de la Nation\",\"isPartOf\":{\"@id\":\"https:\/\/lavoixdelanation.tg\/#website\"},\"primaryImageOfPage\":{\"@id\":\"https:\/\/lavoixdelanation.tg\/index.php\/2026\/09\/04\/adoption-de-la-resolution-correct-the-map-a-lonu-une-victoire-diplomatique-pour-le-togo\/#primaryimage\"},\"image\":{\"@id\":\"https:\/\/lavoixdelanation.tg\/index.php\/2026\/09\/04\/adoption-de-la-resolution-correct-the-map-a-lonu-une-victoire-diplomatique-pour-le-togo\/#primaryimage\"},\"thumbnailUrl\":\"https:\/\/lavoixdelanation.tg\/wp-content\/uploads\/2025\/12\/Faure-Gnassingbe-President-du-Conseil-du-Togo.jpg\",\"datePublished\":\"2026-09-04T20:36:00+00:00\",\"dateModified\":\"2026-09-04T23:58:58+00:00\",\"breadcrumb\":{\"@id\":\"https:\/\/lavoixdelanation.tg\/index.php\/2026\/09\/04\/adoption-de-la-resolution-correct-the-map-a-lonu-une-victoire-diplomatique-pour-le-togo\/#breadcrumb\"},\"inLanguage\":\"fr-FR\",\"potentialAction\":[{\"@type\":\"ReadAction\",\"target\":[\"https:\/\/lavoixdelanation.tg\/index.php\/2026\/09\/04\/adoption-de-la-resolution-correct-the-map-a-lonu-une-victoire-diplomatique-pour-le-togo\/\"]}]},{\"@type\":\"ImageObject\",\"inLanguage\":\"fr-FR\",\"@id\":\"https:\/\/lavoixdelanation.tg\/index.php\/2026\/09\/04\/adoption-de-la-resolution-correct-the-map-a-lonu-une-victoire-diplomatique-pour-le-togo\/#primaryimage\",\"url\":\"https:\/\/lavoixdelanation.tg\/wp-content\/uploads\/2025\/12\/Faure-Gnassingbe-President-du-Conseil-du-Togo.jpg\",\"contentUrl\":\"https:\/\/lavoixdelanation.tg\/wp-content\/uploads\/2025\/12\/Faure-Gnassingbe-President-du-Conseil-du-Togo.jpg\",\"width\":1250,\"height\":836,\"caption\":\"Faure Gnassingb\u00e9, Pr\u00e9sident du Conseil\"},{\"@type\":\"BreadcrumbList\",\"@id\":\"https:\/\/lavoixdelanation.tg\/index.php\/2026\/09\/04\/adoption-de-la-resolution-correct-the-map-a-lonu-une-victoire-diplomatique-pour-le-togo\/#breadcrumb\",\"itemListElement\":[{\"@type\":\"ListItem\",\"position\":1,\"name\":\"Accueil\",\"item\":\"https:\/\/lavoixdelanation.tg\/\"},{\"@type\":\"ListItem\",\"position\":2,\"name\":\"Adoption de la R\u00e9solution \u00ab Correct the Map \u00bb \u00e0 l\u2019ONU : Une victoire diplomatique pour le Togo !\"}]},{\"@type\":\"WebSite\",\"@id\":\"https:\/\/lavoixdelanation.tg\/#website\",\"url\":\"https:\/\/lavoixdelanation.tg\/\",\"name\":\"La Voix de la Nation\",\"description\":\"R\u00e9c\u00e9piss\u00e9 n\u00b00108\/HAAC\/01-2024\/pl\/P\",\"publisher\":{\"@id\":\"https:\/\/lavoixdelanation.tg\/#organization\"},\"alternateName\":\"VON\",\"potentialAction\":[{\"@type\":\"SearchAction\",\"target\":{\"@type\":\"EntryPoint\",\"urlTemplate\":\"https:\/\/lavoixdelanation.tg\/?s={search_term_string}\"},\"query-input\":{\"@type\":\"PropertyValueSpecification\",\"valueRequired\":true,\"valueName\":\"search_term_string\"}}],\"inLanguage\":\"fr-FR\"},{\"@type\":\"Organization\",\"@id\":\"https:\/\/lavoixdelanation.tg\/#organization\",\"name\":\"La Voix de la Nation\",\"url\":\"https:\/\/lavoixdelanation.tg\/\",\"logo\":{\"@type\":\"ImageObject\",\"inLanguage\":\"fr-FR\",\"@id\":\"https:\/\/lavoixdelanation.tg\/#\/schema\/logo\/image\/\",\"url\":\"https:\/\/lavoixdelanation.tg\/wp-content\/uploads\/2024\/12\/lavn-1.png\",\"contentUrl\":\"https:\/\/lavoixdelanation.tg\/wp-content\/uploads\/2024\/12\/lavn-1.png\",\"width\":1024,\"height\":464,\"caption\":\"La Voix de la Nation\"},\"image\":{\"@id\":\"https:\/\/lavoixdelanation.tg\/#\/schema\/logo\/image\/\"},\"sameAs\":[\"https:\/\/www.facebook.com\/lavoixdelanation\"]},{\"@type\":\"Person\",\"@id\":\"https:\/\/lavoixdelanation.tg\/#\/schema\/person\/6c489293aa38053673a9e554acb6e224\",\"name\":\"La voix de la nation\",\"image\":{\"@type\":\"ImageObject\",\"inLanguage\":\"fr-FR\",\"@id\":\"https:\/\/lavoixdelanation.tg\/#\/schema\/person\/image\/\",\"url\":\"https:\/\/secure.gravatar.com\/avatar\/8aa135d4bbc794494cecaa8d483f6d6cc1023624868deaff686baed5e727a5a1?s=96&d=mm&r=g\",\"contentUrl\":\"https:\/\/secure.gravatar.com\/avatar\/8aa135d4bbc794494cecaa8d483f6d6cc1023624868deaff686baed5e727a5a1?s=96&d=mm&r=g\",\"caption\":\"La voix de la nation\"},\"sameAs\":[\"https:\/\/lavoixdelanation.tg\"],\"url\":\"https:\/\/lavoixdelanation.tg\/index.php\/author\/lavn\/\"}]}<\/script>\n<!-- \/ Yoast SEO plugin. -->","yoast_head_json":{"title":"Adoption de la R\u00e9solution \u00ab Correct the Map \u00bb \u00e0 l\u2019ONU : Une victoire diplomatique pour le Togo ! - La Voix de la Nation","robots":{"index":"index","follow":"follow","max-snippet":"max-snippet:-1","max-image-preview":"max-image-preview:large","max-video-preview":"max-video-preview:-1"},"canonical":"https:\/\/lavoixdelanation.tg\/index.php\/2026\/09\/04\/adoption-de-la-resolution-correct-the-map-a-lonu-une-victoire-diplomatique-pour-le-togo\/","og_locale":"fr_FR","og_type":"article","og_title":"Adoption de la R\u00e9solution \u00ab Correct the Map \u00bb \u00e0 l\u2019ONU : Une victoire diplomatique pour le Togo ! - La Voix de la Nation","og_description":"Le Togo vient d\u2019enregistrer une victoire diplomatique historique aux nations Unies. La r\u00e9solution \u00ab Correct the Map \u00bb port\u00e9e par le Togo au nom de l\u2019Union africaine, a \u00e9t\u00e9 en&hellip;","og_url":"https:\/\/lavoixdelanation.tg\/index.php\/2026\/09\/04\/adoption-de-la-resolution-correct-the-map-a-lonu-une-victoire-diplomatique-pour-le-togo\/","og_site_name":"La Voix de la Nation","article_publisher":"https:\/\/www.facebook.com\/lavoixdelanation","article_published_time":"2026-09-04T20:36:00+00:00","article_modified_time":"2026-09-04T23:58:58+00:00","og_image":[{"width":1250,"height":836,"url":"https:\/\/lavoixdelanation.tg\/wp-content\/uploads\/2025\/12\/Faure-Gnassingbe-President-du-Conseil-du-Togo.jpg","type":"image\/jpeg"}],"author":"La voix de la nation","twitter_card":"summary_large_image","twitter_misc":{"\u00c9crit par":"La voix de la nation","Dur\u00e9e de lecture estim\u00e9e":"3 minutes"},"schema":{"@context":"https:\/\/schema.org","@graph":[{"@type":"Article","@id":"https:\/\/lavoixdelanation.tg\/index.php\/2026\/09\/04\/adoption-de-la-resolution-correct-the-map-a-lonu-une-victoire-diplomatique-pour-le-togo\/#article","isPartOf":{"@id":"https:\/\/lavoixdelanation.tg\/index.php\/2026\/09\/04\/adoption-de-la-resolution-correct-the-map-a-lonu-une-victoire-diplomatique-pour-le-togo\/"},"author":{"name":"La voix de la nation","@id":"https:\/\/lavoixdelanation.tg\/#\/schema\/person\/6c489293aa38053673a9e554acb6e224"},"headline":"Adoption de la R\u00e9solution \u00ab Correct the Map \u00bb \u00e0 l\u2019ONU : Une victoire diplomatique pour le Togo !","datePublished":"2026-09-04T20:36:00+00:00","dateModified":"2026-09-04T23:58:58+00:00","mainEntityOfPage":{"@id":"https:\/\/lavoixdelanation.tg\/index.php\/2026\/09\/04\/adoption-de-la-resolution-correct-the-map-a-lonu-une-victoire-diplomatique-pour-le-togo\/"},"wordCount":474,"commentCount":0,"publisher":{"@id":"https:\/\/lavoixdelanation.tg\/#organization"},"image":{"@id":"https:\/\/lavoixdelanation.tg\/index.php\/2026\/09\/04\/adoption-de-la-resolution-correct-the-map-a-lonu-une-victoire-diplomatique-pour-le-togo\/#primaryimage"},"thumbnailUrl":"https:\/\/lavoixdelanation.tg\/wp-content\/uploads\/2025\/12\/Faure-Gnassingbe-President-du-Conseil-du-Togo.jpg","keywords":["Correct the Map","ONU","Togo","Victoire diplomatique"],"articleSection":["Diplomatie"],"inLanguage":"fr-FR","potentialAction":[{"@type":"CommentAction","name":"Comment","target":["https:\/\/lavoixdelanation.tg\/index.php\/2026\/09\/04\/adoption-de-la-resolution-correct-the-map-a-lonu-une-victoire-diplomatique-pour-le-togo\/#respond"]}]},{"@type":"WebPage","@id":"https:\/\/lavoixdelanation.tg\/index.php\/2026\/09\/04\/adoption-de-la-resolution-correct-the-map-a-lonu-une-victoire-diplomatique-pour-le-togo\/","url":"https:\/\/lavoixdelanation.tg\/index.php\/2026\/09\/04\/adoption-de-la-resolution-correct-the-map-a-lonu-une-victoire-diplomatique-pour-le-togo\/","name":"Adoption de la R\u00e9solution \u00ab Correct the Map \u00bb \u00e0 l\u2019ONU : Une victoire diplomatique pour le Togo ! - La Voix de la Nation","isPartOf":{"@id":"https:\/\/lavoixdelanation.tg\/#website"},"primaryImageOfPage":{"@id":"https:\/\/lavoixdelanation.tg\/index.php\/2026\/09\/04\/adoption-de-la-resolution-correct-the-map-a-lonu-une-victoire-diplomatique-pour-le-togo\/#primaryimage"},"image":{"@id":"https:\/\/lavoixdelanation.tg\/index.php\/2026\/09\/04\/adoption-de-la-resolution-correct-the-map-a-lonu-une-victoire-diplomatique-pour-le-togo\/#primaryimage"},"thumbnailUrl":"https:\/\/lavoixdelanation.tg\/wp-content\/uploads\/2025\/12\/Faure-Gnassingbe-President-du-Conseil-du-Togo.jpg","datePublished":"2026-09-04T20:36:00+00:00","dateModified":"2026-09-04T23:58:58+00:00","breadcrumb":{"@id":"https:\/\/lavoixdelanation.tg\/index.php\/2026\/09\/04\/adoption-de-la-resolution-correct-the-map-a-lonu-une-victoire-diplomatique-pour-le-togo\/#breadcrumb"},"inLanguage":"fr-FR","potentialAction":[{"@type":"ReadAction","target":["https:\/\/lavoixdelanation.tg\/index.php\/2026\/09\/04\/adoption-de-la-resolution-correct-the-map-a-lonu-une-victoire-diplomatique-pour-le-togo\/"]}]},{"@type":"ImageObject","inLanguage":"fr-FR","@id":"https:\/\/lavoixdelanation.tg\/index.php\/2026\/09\/04\/adoption-de-la-resolution-correct-the-map-a-lonu-une-victoire-diplomatique-pour-le-togo\/#primaryimage","url":"https:\/\/lavoixdelanation.tg\/wp-content\/uploads\/2025\/12\/Faure-Gnassingbe-President-du-Conseil-du-Togo.jpg","contentUrl":"https:\/\/lavoixdelanation.tg\/wp-content\/uploads\/2025\/12\/Faure-Gnassingbe-President-du-Conseil-du-Togo.jpg","width":1250,"height":836,"caption":"Faure Gnassingb\u00e9, Pr\u00e9sident du Conseil"},{"@type":"BreadcrumbList","@id":"https:\/\/lavoixdelanation.tg\/index.php\/2026\/09\/04\/adoption-de-la-resolution-correct-the-map-a-lonu-une-victoire-diplomatique-pour-le-togo\/#breadcrumb","itemListElement":[{"@type":"ListItem","position":1,"name":"Accueil","item":"https:\/\/lavoixdelanation.tg\/"},{"@type":"ListItem","position":2,"name":"Adoption de la R\u00e9solution \u00ab Correct the Map \u00bb \u00e0 l\u2019ONU : Une victoire diplomatique pour le Togo !"}]},{"@type":"WebSite","@id":"https:\/\/lavoixdelanation.tg\/#website","url":"https:\/\/lavoixdelanation.tg\/","name":"La Voix de la Nation","description":"R\u00e9c\u00e9piss\u00e9 n\u00b00108\/HAAC\/01-2024\/pl\/P","publisher":{"@id":"https:\/\/lavoixdelanation.tg\/#organization"},"alternateName":"VON","potentialAction":[{"@type":"SearchAction","target":{"@type":"EntryPoint","urlTemplate":"https:\/\/lavoixdelanation.tg\/?s={search_term_string}"},"query-input":{"@type":"PropertyValueSpecification","valueRequired":true,"valueName":"search_term_string"}}],"inLanguage":"fr-FR"},{"@type":"Organization","@id":"https:\/\/lavoixdelanation.tg\/#organization","name":"La Voix de la Nation","url":"https:\/\/lavoixdelanation.tg\/","logo":{"@type":"ImageObject","inLanguage":"fr-FR","@id":"https:\/\/lavoixdelanation.tg\/#\/schema\/logo\/image\/","url":"https:\/\/lavoixdelanation.tg\/wp-content\/uploads\/2024\/12\/lavn-1.png","contentUrl":"https:\/\/lavoixdelanation.tg\/wp-content\/uploads\/2024\/12\/lavn-1.png","width":1024,"height":464,"caption":"La Voix de la Nation"},"image":{"@id":"https:\/\/lavoixdelanation.tg\/#\/schema\/logo\/image\/"},"sameAs":["https:\/\/www.facebook.com\/lavoixdelanation"]},{"@type":"Person","@id":"https:\/\/lavoixdelanation.tg\/#\/schema\/person\/6c489293aa38053673a9e554acb6e224","name":"La voix de la nation","image":{"@type":"ImageObject","inLanguage":"fr-FR","@id":"https:\/\/lavoixdelanation.tg\/#\/schema\/person\/image\/","url":"https:\/\/secure.gravatar.com\/avatar\/8aa135d4bbc794494cecaa8d483f6d6cc1023624868deaff686baed5e727a5a1?s=96&d=mm&r=g","contentUrl":"https:\/\/secure.gravatar.com\/avatar\/8aa135d4bbc794494cecaa8d483f6d6cc1023624868deaff686baed5e727a5a1?s=96&d=mm&r=g","caption":"La voix de la nation"},"sameAs":["https:\/\/lavoixdelanation.tg"],"url":"https:\/\/lavoixdelanation.tg\/index.php\/author\/lavn\/"}]}},"_links":{"self":[{"href":"https:\/\/lavoixdelanation.tg\/index.php\/wp-json\/wp\/v2\/posts\/16897","targetHints":{"allow":["GET"]}}],"collection":[{"href":"https:\/\/lavoixdelanation.tg\/index.php\/wp-json\/wp\/v2\/posts"}],"about":[{"href":"https:\/\/lavoixdelanation.tg\/index.php\/wp-json\/wp\/v2\/types\/post"}],"author":[{"embeddable":true,"href":"https:\/\/lavoixdelanation.tg\/index.php\/wp-json\/wp\/v2\/users\/1"}],"replies":[{"embeddable":true,"href":"https:\/\/lavoixdelanation.tg\/index.php\/wp-json\/wp\/v2\/comments?post=16897"}],"version-history":[{"count":2,"href":"https:\/\/lavoixdelanation.tg\/index.php\/wp-json\/wp\/v2\/posts\/16897\/revisions"}],"predecessor-version":[{"id":16901,"href":"https:\/\/lavoixdelanation.tg\/index.php\/wp-json\/wp\/v2\/posts\/16897\/revisions\/16901"}],"wp:featuredmedia":[{"embeddable":true,"href":"https:\/\/lavoixdelanation.tg\/index.php\/wp-json\/wp\/v2\/media\/15058"}],"wp:attachment":[{"href":"https:\/\/lavoixdelanation.tg\/index.php\/wp-json\/wp\/v2\/media?parent=16897"}],"wp:term":[{"taxonomy":"category","embeddable":true,"href":"https:\/\/lavoixdelanation.tg\/index.php\/wp-json\/wp\/v2\/categories?post=16897"},{"taxonomy":"post_tag","embeddable":true,"href":"https:\/\/lavoixdelanation.tg\/index.php\/wp-json\/wp\/v2\/tags?post=16897"}],"curies":[{"name":"wp","href":"https:\/\/api.w.org\/{rel}","templated":true}]}}