{"id":16888,"date":"2026-09-04T04:25:19","date_gmt":"2026-09-04T02:25:19","guid":{"rendered":"https:\/\/lavoixdelanation.tg\/?p=16888"},"modified":"2026-09-04T04:28:48","modified_gmt":"2026-09-04T02:28:48","slug":"les-cadres-du-systeme-educatif-en-atelier-bilan-a-atakpame","status":"publish","type":"post","link":"https:\/\/lavoixdelanation.tg\/index.php\/2026\/09\/04\/les-cadres-du-systeme-educatif-en-atelier-bilan-a-atakpame\/","title":{"rendered":"Les cadres du syst\u00e8me \u00e9ducatif en atelier-bilan \u00e0 Atakpam\u00e9"},"content":{"rendered":"\n<p class=\"wp-block-paragraph\">Les cadres du syst\u00e8me \u00e9ducatif togolais prennent part depuis ce jeudi 03 septembre \u00e0 Atakpam\u00e9, \u00e0 un atelier pour \u00e9valuer les actions de l\u2019ann\u00e9e \u00e9coul\u00e9e et poser les bases d\u2019une rentr\u00e9e 2026-2027 r\u00e9ussie.<\/p>\n\n\n\n<p class=\"wp-block-paragraph\">Initi\u00e9e par le minist\u00e8re de l\u2019\u00e9ducation nationale, cette rencontre a notamment pour objectif de dresser le bilan des activit\u00e9s pass\u00e9es et des r\u00e9formes sectorielles, consolider les acquis, corriger les trajectoires si possible, tracer de nouvelles pistes afin de transformer les d\u00e9fis en r\u00e9ussites.<\/p>\n\n\n\n<p class=\"wp-block-paragraph\">Durant trois jours, les responsables de la communaut\u00e9 \u00e9ducative notamment les directeurs r\u00e9gionaux, les partenaires techniques et financiers, les syndicats ainsi que les associations des parents d\u2019\u00e9l\u00e8ves vont passer au crible les r\u00e9sultats des 7 r\u00e9gions \u00e9ducatives, le rendement des ENFPE et de l\u2019ENS ainsi que les d\u00e9fis persistants \u00e0 savoir la carte scolaire, le maintien des filles \u00e0 l\u2019\u00e9cole et la r\u00e9sorption des disparit\u00e9s d\u2019encadrement.<\/p>\n\n\n\n<p class=\"wp-block-paragraph\">\u00ab&nbsp; Cette rencontre d\u2019Atakpam\u00e9 n\u2019est pas une simple revue administrative de routine. Elle est un acte politique majeur&nbsp;\u00bb, a indiqu\u00e9 le ministre de l\u2019\u00e9ducation nationale M. Mama Omorou \u00e0 l\u2019ouverture des travaux.<\/p>\n\n\n\n<p class=\"wp-block-paragraph\">Il avait \u00e0 ses c\u00f4t\u00e9s, son coll\u00e8gue ministre d\u00e9l\u00e9gu\u00e9 charg\u00e9 de l\u2019enseignement sup\u00e9rieur et de la recherche scientifique Prof. Gado Tchangbedji, le doyen de l\u2019inspection g\u00e9n\u00e9rale de l\u2019\u00e9ducation M. Agbozoh Koffi S\u00e9na, le directeur r\u00e9gional de la r\u00e9gion des plateaux-est M. Gbedon Iboukou et le maire adjoint de la commune Ogou1 M. Agbam Tanang.<\/p>\n\n\n\n<p class=\"wp-block-paragraph\">Le ministre Mama Omorou a soulign\u00e9 que la transformation de l\u2019\u00e9cole togolaise ne se d\u00e9cr\u00e8te pas, elle se co-construit dans le dialogue, la transparence et la responsabilit\u00e9 partag\u00e9e entre l\u2019Etat, les acteurs de terrain, les syndicats et les PTF. \u00a0Ceci \u00a0en parfaite coh\u00e9rence avec l\u2019ODD4 et la vision du gouvernement \u00e0 savoir\u00a0: b\u00e2tir une \u00e9cole togolaise fondamentale\u00a0: \u00e9quitable, r\u00e9siliente, performante et inclusive.<\/p>\n\n\n\n<p class=\"wp-block-paragraph\">Il est \u00e9galement question de parvenir \u00e0 r\u00e9sorber le probl\u00e8me de ch\u00f4mage des dipl\u00f4m\u00e9s et former une g\u00e9n\u00e9ration d\u2019innovateurs, de techniciens et de b\u00e2tisseurs. Selon le ministre, pour op\u00e9rationnaliser ces visions, trois livrables sont exig\u00e9es d\u2019ici la fin des trois jours de travaux.<\/p>\n\n\n\n<p class=\"wp-block-paragraph\">Il s\u2019agit d\u2019un \u00e9tat des lieux chiffr\u00e9s, des infrastructures et ressources humaines, une cartographie des goulots d\u2019\u00e9tranglement, de la carte scolaire et de la planification op\u00e9rationnelle et budg\u00e9tis\u00e9e de la rentr\u00e9e.<\/p>\n\n\n\n<p class=\"wp-block-paragraph\">En citant Nelson Mandela &nbsp;pour qui \u00ab&nbsp;l\u2019\u00e9ducation est l\u2019arme la plus puissante qu\u2019on puisse utiliser pour changer le monde&nbsp;\u00bb, le doyen Agbozoh Koffi S\u00e9na a dans son mot de cadrage technique et d\u2019orientation, signal\u00e9 qu\u2019\u00e0 l\u2019\u00e9ch\u00e9ance du plan sectoriel de l\u2019\u00e9ducation, l\u2019ann\u00e9e scolaire 2025-2026 qui s\u2019ach\u00e8ve a intensifi\u00e9 la modernisation des curricula en APC, la professionnalisation du corps enseignant et la digitalisation de leurs outils.<\/p>\n\n\n\n<p class=\"wp-block-paragraph\">Le rendez-vous est donc pris pour la rentr\u00e9e prochaine avec l\u2019ambition affich\u00e9e de faire \u00ab&nbsp;rayonner davantage l\u2019\u00e9cole togolaise&nbsp;\u00bb.<\/p>\n\n\n\n<p class=\"wp-block-paragraph\"><strong>Depuis Atakpam\u00e9, Evrard NOMANYO<\/strong><\/p>\n\n\n\n<p class=\"wp-block-paragraph\"><\/p>\n","protected":false},"excerpt":{"rendered":"<p>Les cadres du syst\u00e8me \u00e9ducatif togolais prennent part depuis ce jeudi 03 septembre \u00e0 Atakpam\u00e9, \u00e0 un atelier pour \u00e9valuer les actions de l\u2019ann\u00e9e \u00e9coul\u00e9e et poser les bases d\u2019une&hellip; <\/p>\n","protected":false},"author":1,"featured_media":16889,"comment_status":"open","ping_status":"closed","sticky":false,"template":"","format":"standard","meta":{"footnotes":""},"categories":[10],"tags":[],"class_list":["post-16888","post","type-post","status-publish","format-standard","has-post-thumbnail","hentry","category-education"],"yoast_head":"<!-- This site is optimized with the Yoast SEO plugin v26.4 - https:\/\/yoast.com\/wordpress\/plugins\/seo\/ -->\n<title>Les cadres du syst\u00e8me \u00e9ducatif en atelier-bilan \u00e0 Atakpam\u00e9 - La Voix de la Nation<\/title>\n<meta name=\"robots\" content=\"index, follow, max-snippet:-1, max-image-preview:large, max-video-preview:-1\" \/>\n<link rel=\"canonical\" href=\"https:\/\/lavoixdelanation.tg\/index.php\/2026\/09\/04\/les-cadres-du-systeme-educatif-en-atelier-bilan-a-atakpame\/\" \/>\n<meta property=\"og:locale\" content=\"fr_FR\" \/>\n<meta property=\"og:type\" content=\"article\" \/>\n<meta property=\"og:title\" content=\"Les cadres du syst\u00e8me \u00e9ducatif en atelier-bilan \u00e0 Atakpam\u00e9 - La Voix de la Nation\" \/>\n<meta property=\"og:description\" content=\"Les cadres du syst\u00e8me \u00e9ducatif togolais prennent part depuis ce jeudi 03 septembre \u00e0 Atakpam\u00e9, \u00e0 un atelier pour \u00e9valuer les actions de l\u2019ann\u00e9e \u00e9coul\u00e9e et poser les bases d\u2019une&hellip;\" \/>\n<meta property=\"og:url\" content=\"https:\/\/lavoixdelanation.tg\/index.php\/2026\/09\/04\/les-cadres-du-systeme-educatif-en-atelier-bilan-a-atakpame\/\" \/>\n<meta property=\"og:site_name\" content=\"La Voix de la Nation\" \/>\n<meta property=\"article:publisher\" content=\"https:\/\/www.facebook.com\/lavoixdelanation\" \/>\n<meta property=\"article:published_time\" content=\"2026-09-04T02:25:19+00:00\" \/>\n<meta property=\"article:modified_time\" content=\"2026-09-04T02:28:48+00:00\" \/>\n<meta property=\"og:image\" content=\"https:\/\/lavoixdelanation.tg\/wp-content\/uploads\/2026\/09\/Les-cadres-du-systeme-educatif-togolais-en-atelier-bilan-a-Atakpame.jpeg\" \/>\n\t<meta property=\"og:image:width\" content=\"900\" \/>\n\t<meta property=\"og:image:height\" content=\"429\" \/>\n\t<meta property=\"og:image:type\" content=\"image\/jpeg\" \/>\n<meta name=\"author\" content=\"La voix de la nation\" \/>\n<meta name=\"twitter:card\" content=\"summary_large_image\" \/>\n<meta name=\"twitter:label1\" content=\"\u00c9crit par\" \/>\n\t<meta name=\"twitter:data1\" content=\"La voix de la nation\" \/>\n\t<meta name=\"twitter:label2\" content=\"Dur\u00e9e de lecture estim\u00e9e\" \/>\n\t<meta name=\"twitter:data2\" content=\"3 minutes\" \/>\n<script type=\"application\/ld+json\" class=\"yoast-schema-graph\">{\"@context\":\"https:\/\/schema.org\",\"@graph\":[{\"@type\":\"Article\",\"@id\":\"https:\/\/lavoixdelanation.tg\/index.php\/2026\/09\/04\/les-cadres-du-systeme-educatif-en-atelier-bilan-a-atakpame\/#article\",\"isPartOf\":{\"@id\":\"https:\/\/lavoixdelanation.tg\/index.php\/2026\/09\/04\/les-cadres-du-systeme-educatif-en-atelier-bilan-a-atakpame\/\"},\"author\":{\"name\":\"La voix de la nation\",\"@id\":\"https:\/\/lavoixdelanation.tg\/#\/schema\/person\/6c489293aa38053673a9e554acb6e224\"},\"headline\":\"Les cadres du syst\u00e8me \u00e9ducatif en atelier-bilan \u00e0 Atakpam\u00e9\",\"datePublished\":\"2026-09-04T02:25:19+00:00\",\"dateModified\":\"2026-09-04T02:28:48+00:00\",\"mainEntityOfPage\":{\"@id\":\"https:\/\/lavoixdelanation.tg\/index.php\/2026\/09\/04\/les-cadres-du-systeme-educatif-en-atelier-bilan-a-atakpame\/\"},\"wordCount\":545,\"commentCount\":0,\"publisher\":{\"@id\":\"https:\/\/lavoixdelanation.tg\/#organization\"},\"image\":{\"@id\":\"https:\/\/lavoixdelanation.tg\/index.php\/2026\/09\/04\/les-cadres-du-systeme-educatif-en-atelier-bilan-a-atakpame\/#primaryimage\"},\"thumbnailUrl\":\"https:\/\/lavoixdelanation.tg\/wp-content\/uploads\/2026\/09\/Les-cadres-du-systeme-educatif-togolais-en-atelier-bilan-a-Atakpame.jpeg\",\"articleSection\":[\"Education\"],\"inLanguage\":\"fr-FR\",\"potentialAction\":[{\"@type\":\"CommentAction\",\"name\":\"Comment\",\"target\":[\"https:\/\/lavoixdelanation.tg\/index.php\/2026\/09\/04\/les-cadres-du-systeme-educatif-en-atelier-bilan-a-atakpame\/#respond\"]}]},{\"@type\":\"WebPage\",\"@id\":\"https:\/\/lavoixdelanation.tg\/index.php\/2026\/09\/04\/les-cadres-du-systeme-educatif-en-atelier-bilan-a-atakpame\/\",\"url\":\"https:\/\/lavoixdelanation.tg\/index.php\/2026\/09\/04\/les-cadres-du-systeme-educatif-en-atelier-bilan-a-atakpame\/\",\"name\":\"Les cadres du syst\u00e8me \u00e9ducatif en atelier-bilan \u00e0 Atakpam\u00e9 - La Voix de la Nation\",\"isPartOf\":{\"@id\":\"https:\/\/lavoixdelanation.tg\/#website\"},\"primaryImageOfPage\":{\"@id\":\"https:\/\/lavoixdelanation.tg\/index.php\/2026\/09\/04\/les-cadres-du-systeme-educatif-en-atelier-bilan-a-atakpame\/#primaryimage\"},\"image\":{\"@id\":\"https:\/\/lavoixdelanation.tg\/index.php\/2026\/09\/04\/les-cadres-du-systeme-educatif-en-atelier-bilan-a-atakpame\/#primaryimage\"},\"thumbnailUrl\":\"https:\/\/lavoixdelanation.tg\/wp-content\/uploads\/2026\/09\/Les-cadres-du-systeme-educatif-togolais-en-atelier-bilan-a-Atakpame.jpeg\",\"datePublished\":\"2026-09-04T02:25:19+00:00\",\"dateModified\":\"2026-09-04T02:28:48+00:00\",\"breadcrumb\":{\"@id\":\"https:\/\/lavoixdelanation.tg\/index.php\/2026\/09\/04\/les-cadres-du-systeme-educatif-en-atelier-bilan-a-atakpame\/#breadcrumb\"},\"inLanguage\":\"fr-FR\",\"potentialAction\":[{\"@type\":\"ReadAction\",\"target\":[\"https:\/\/lavoixdelanation.tg\/index.php\/2026\/09\/04\/les-cadres-du-systeme-educatif-en-atelier-bilan-a-atakpame\/\"]}]},{\"@type\":\"ImageObject\",\"inLanguage\":\"fr-FR\",\"@id\":\"https:\/\/lavoixdelanation.tg\/index.php\/2026\/09\/04\/les-cadres-du-systeme-educatif-en-atelier-bilan-a-atakpame\/#primaryimage\",\"url\":\"https:\/\/lavoixdelanation.tg\/wp-content\/uploads\/2026\/09\/Les-cadres-du-systeme-educatif-togolais-en-atelier-bilan-a-Atakpame.jpeg\",\"contentUrl\":\"https:\/\/lavoixdelanation.tg\/wp-content\/uploads\/2026\/09\/Les-cadres-du-systeme-educatif-togolais-en-atelier-bilan-a-Atakpame.jpeg\",\"width\":900,\"height\":429},{\"@type\":\"BreadcrumbList\",\"@id\":\"https:\/\/lavoixdelanation.tg\/index.php\/2026\/09\/04\/les-cadres-du-systeme-educatif-en-atelier-bilan-a-atakpame\/#breadcrumb\",\"itemListElement\":[{\"@type\":\"ListItem\",\"position\":1,\"name\":\"Accueil\",\"item\":\"https:\/\/lavoixdelanation.tg\/\"},{\"@type\":\"ListItem\",\"position\":2,\"name\":\"Les cadres du syst\u00e8me \u00e9ducatif en atelier-bilan \u00e0 Atakpam\u00e9\"}]},{\"@type\":\"WebSite\",\"@id\":\"https:\/\/lavoixdelanation.tg\/#website\",\"url\":\"https:\/\/lavoixdelanation.tg\/\",\"name\":\"La Voix de la Nation\",\"description\":\"R\u00e9c\u00e9piss\u00e9 n\u00b00108\/HAAC\/01-2024\/pl\/P\",\"publisher\":{\"@id\":\"https:\/\/lavoixdelanation.tg\/#organization\"},\"alternateName\":\"VON\",\"potentialAction\":[{\"@type\":\"SearchAction\",\"target\":{\"@type\":\"EntryPoint\",\"urlTemplate\":\"https:\/\/lavoixdelanation.tg\/?s={search_term_string}\"},\"query-input\":{\"@type\":\"PropertyValueSpecification\",\"valueRequired\":true,\"valueName\":\"search_term_string\"}}],\"inLanguage\":\"fr-FR\"},{\"@type\":\"Organization\",\"@id\":\"https:\/\/lavoixdelanation.tg\/#organization\",\"name\":\"La Voix de la Nation\",\"url\":\"https:\/\/lavoixdelanation.tg\/\",\"logo\":{\"@type\":\"ImageObject\",\"inLanguage\":\"fr-FR\",\"@id\":\"https:\/\/lavoixdelanation.tg\/#\/schema\/logo\/image\/\",\"url\":\"https:\/\/lavoixdelanation.tg\/wp-content\/uploads\/2024\/12\/lavn-1.png\",\"contentUrl\":\"https:\/\/lavoixdelanation.tg\/wp-content\/uploads\/2024\/12\/lavn-1.png\",\"width\":1024,\"height\":464,\"caption\":\"La Voix de la Nation\"},\"image\":{\"@id\":\"https:\/\/lavoixdelanation.tg\/#\/schema\/logo\/image\/\"},\"sameAs\":[\"https:\/\/www.facebook.com\/lavoixdelanation\"]},{\"@type\":\"Person\",\"@id\":\"https:\/\/lavoixdelanation.tg\/#\/schema\/person\/6c489293aa38053673a9e554acb6e224\",\"name\":\"La voix de la nation\",\"image\":{\"@type\":\"ImageObject\",\"inLanguage\":\"fr-FR\",\"@id\":\"https:\/\/lavoixdelanation.tg\/#\/schema\/person\/image\/\",\"url\":\"https:\/\/secure.gravatar.com\/avatar\/8aa135d4bbc794494cecaa8d483f6d6cc1023624868deaff686baed5e727a5a1?s=96&d=mm&r=g\",\"contentUrl\":\"https:\/\/secure.gravatar.com\/avatar\/8aa135d4bbc794494cecaa8d483f6d6cc1023624868deaff686baed5e727a5a1?s=96&d=mm&r=g\",\"caption\":\"La voix de la nation\"},\"sameAs\":[\"https:\/\/lavoixdelanation.tg\"],\"url\":\"https:\/\/lavoixdelanation.tg\/index.php\/author\/lavn\/\"}]}<\/script>\n<!-- \/ Yoast SEO plugin. -->","yoast_head_json":{"title":"Les cadres du syst\u00e8me \u00e9ducatif en atelier-bilan \u00e0 Atakpam\u00e9 - La Voix de la Nation","robots":{"index":"index","follow":"follow","max-snippet":"max-snippet:-1","max-image-preview":"max-image-preview:large","max-video-preview":"max-video-preview:-1"},"canonical":"https:\/\/lavoixdelanation.tg\/index.php\/2026\/09\/04\/les-cadres-du-systeme-educatif-en-atelier-bilan-a-atakpame\/","og_locale":"fr_FR","og_type":"article","og_title":"Les cadres du syst\u00e8me \u00e9ducatif en atelier-bilan \u00e0 Atakpam\u00e9 - La Voix de la Nation","og_description":"Les cadres du syst\u00e8me \u00e9ducatif togolais prennent part depuis ce jeudi 03 septembre \u00e0 Atakpam\u00e9, \u00e0 un atelier pour \u00e9valuer les actions de l\u2019ann\u00e9e \u00e9coul\u00e9e et poser les bases d\u2019une&hellip;","og_url":"https:\/\/lavoixdelanation.tg\/index.php\/2026\/09\/04\/les-cadres-du-systeme-educatif-en-atelier-bilan-a-atakpame\/","og_site_name":"La Voix de la Nation","article_publisher":"https:\/\/www.facebook.com\/lavoixdelanation","article_published_time":"2026-09-04T02:25:19+00:00","article_modified_time":"2026-09-04T02:28:48+00:00","og_image":[{"width":900,"height":429,"url":"https:\/\/lavoixdelanation.tg\/wp-content\/uploads\/2026\/09\/Les-cadres-du-systeme-educatif-togolais-en-atelier-bilan-a-Atakpame.jpeg","type":"image\/jpeg"}],"author":"La voix de la nation","twitter_card":"summary_large_image","twitter_misc":{"\u00c9crit par":"La voix de la nation","Dur\u00e9e de lecture estim\u00e9e":"3 minutes"},"schema":{"@context":"https:\/\/schema.org","@graph":[{"@type":"Article","@id":"https:\/\/lavoixdelanation.tg\/index.php\/2026\/09\/04\/les-cadres-du-systeme-educatif-en-atelier-bilan-a-atakpame\/#article","isPartOf":{"@id":"https:\/\/lavoixdelanation.tg\/index.php\/2026\/09\/04\/les-cadres-du-systeme-educatif-en-atelier-bilan-a-atakpame\/"},"author":{"name":"La voix de la nation","@id":"https:\/\/lavoixdelanation.tg\/#\/schema\/person\/6c489293aa38053673a9e554acb6e224"},"headline":"Les cadres du syst\u00e8me \u00e9ducatif en atelier-bilan \u00e0 Atakpam\u00e9","datePublished":"2026-09-04T02:25:19+00:00","dateModified":"2026-09-04T02:28:48+00:00","mainEntityOfPage":{"@id":"https:\/\/lavoixdelanation.tg\/index.php\/2026\/09\/04\/les-cadres-du-systeme-educatif-en-atelier-bilan-a-atakpame\/"},"wordCount":545,"commentCount":0,"publisher":{"@id":"https:\/\/lavoixdelanation.tg\/#organization"},"image":{"@id":"https:\/\/lavoixdelanation.tg\/index.php\/2026\/09\/04\/les-cadres-du-systeme-educatif-en-atelier-bilan-a-atakpame\/#primaryimage"},"thumbnailUrl":"https:\/\/lavoixdelanation.tg\/wp-content\/uploads\/2026\/09\/Les-cadres-du-systeme-educatif-togolais-en-atelier-bilan-a-Atakpame.jpeg","articleSection":["Education"],"inLanguage":"fr-FR","potentialAction":[{"@type":"CommentAction","name":"Comment","target":["https:\/\/lavoixdelanation.tg\/index.php\/2026\/09\/04\/les-cadres-du-systeme-educatif-en-atelier-bilan-a-atakpame\/#respond"]}]},{"@type":"WebPage","@id":"https:\/\/lavoixdelanation.tg\/index.php\/2026\/09\/04\/les-cadres-du-systeme-educatif-en-atelier-bilan-a-atakpame\/","url":"https:\/\/lavoixdelanation.tg\/index.php\/2026\/09\/04\/les-cadres-du-systeme-educatif-en-atelier-bilan-a-atakpame\/","name":"Les cadres du syst\u00e8me \u00e9ducatif en atelier-bilan \u00e0 Atakpam\u00e9 - La Voix de la Nation","isPartOf":{"@id":"https:\/\/lavoixdelanation.tg\/#website"},"primaryImageOfPage":{"@id":"https:\/\/lavoixdelanation.tg\/index.php\/2026\/09\/04\/les-cadres-du-systeme-educatif-en-atelier-bilan-a-atakpame\/#primaryimage"},"image":{"@id":"https:\/\/lavoixdelanation.tg\/index.php\/2026\/09\/04\/les-cadres-du-systeme-educatif-en-atelier-bilan-a-atakpame\/#primaryimage"},"thumbnailUrl":"https:\/\/lavoixdelanation.tg\/wp-content\/uploads\/2026\/09\/Les-cadres-du-systeme-educatif-togolais-en-atelier-bilan-a-Atakpame.jpeg","datePublished":"2026-09-04T02:25:19+00:00","dateModified":"2026-09-04T02:28:48+00:00","breadcrumb":{"@id":"https:\/\/lavoixdelanation.tg\/index.php\/2026\/09\/04\/les-cadres-du-systeme-educatif-en-atelier-bilan-a-atakpame\/#breadcrumb"},"inLanguage":"fr-FR","potentialAction":[{"@type":"ReadAction","target":["https:\/\/lavoixdelanation.tg\/index.php\/2026\/09\/04\/les-cadres-du-systeme-educatif-en-atelier-bilan-a-atakpame\/"]}]},{"@type":"ImageObject","inLanguage":"fr-FR","@id":"https:\/\/lavoixdelanation.tg\/index.php\/2026\/09\/04\/les-cadres-du-systeme-educatif-en-atelier-bilan-a-atakpame\/#primaryimage","url":"https:\/\/lavoixdelanation.tg\/wp-content\/uploads\/2026\/09\/Les-cadres-du-systeme-educatif-togolais-en-atelier-bilan-a-Atakpame.jpeg","contentUrl":"https:\/\/lavoixdelanation.tg\/wp-content\/uploads\/2026\/09\/Les-cadres-du-systeme-educatif-togolais-en-atelier-bilan-a-Atakpame.jpeg","width":900,"height":429},{"@type":"BreadcrumbList","@id":"https:\/\/lavoixdelanation.tg\/index.php\/2026\/09\/04\/les-cadres-du-systeme-educatif-en-atelier-bilan-a-atakpame\/#breadcrumb","itemListElement":[{"@type":"ListItem","position":1,"name":"Accueil","item":"https:\/\/lavoixdelanation.tg\/"},{"@type":"ListItem","position":2,"name":"Les cadres du syst\u00e8me \u00e9ducatif en atelier-bilan \u00e0 Atakpam\u00e9"}]},{"@type":"WebSite","@id":"https:\/\/lavoixdelanation.tg\/#website","url":"https:\/\/lavoixdelanation.tg\/","name":"La Voix de la Nation","description":"R\u00e9c\u00e9piss\u00e9 n\u00b00108\/HAAC\/01-2024\/pl\/P","publisher":{"@id":"https:\/\/lavoixdelanation.tg\/#organization"},"alternateName":"VON","potentialAction":[{"@type":"SearchAction","target":{"@type":"EntryPoint","urlTemplate":"https:\/\/lavoixdelanation.tg\/?s={search_term_string}"},"query-input":{"@type":"PropertyValueSpecification","valueRequired":true,"valueName":"search_term_string"}}],"inLanguage":"fr-FR"},{"@type":"Organization","@id":"https:\/\/lavoixdelanation.tg\/#organization","name":"La Voix de la Nation","url":"https:\/\/lavoixdelanation.tg\/","logo":{"@type":"ImageObject","inLanguage":"fr-FR","@id":"https:\/\/lavoixdelanation.tg\/#\/schema\/logo\/image\/","url":"https:\/\/lavoixdelanation.tg\/wp-content\/uploads\/2024\/12\/lavn-1.png","contentUrl":"https:\/\/lavoixdelanation.tg\/wp-content\/uploads\/2024\/12\/lavn-1.png","width":1024,"height":464,"caption":"La Voix de la Nation"},"image":{"@id":"https:\/\/lavoixdelanation.tg\/#\/schema\/logo\/image\/"},"sameAs":["https:\/\/www.facebook.com\/lavoixdelanation"]},{"@type":"Person","@id":"https:\/\/lavoixdelanation.tg\/#\/schema\/person\/6c489293aa38053673a9e554acb6e224","name":"La voix de la nation","image":{"@type":"ImageObject","inLanguage":"fr-FR","@id":"https:\/\/lavoixdelanation.tg\/#\/schema\/person\/image\/","url":"https:\/\/secure.gravatar.com\/avatar\/8aa135d4bbc794494cecaa8d483f6d6cc1023624868deaff686baed5e727a5a1?s=96&d=mm&r=g","contentUrl":"https:\/\/secure.gravatar.com\/avatar\/8aa135d4bbc794494cecaa8d483f6d6cc1023624868deaff686baed5e727a5a1?s=96&d=mm&r=g","caption":"La voix de la nation"},"sameAs":["https:\/\/lavoixdelanation.tg"],"url":"https:\/\/lavoixdelanation.tg\/index.php\/author\/lavn\/"}]}},"_links":{"self":[{"href":"https:\/\/lavoixdelanation.tg\/index.php\/wp-json\/wp\/v2\/posts\/16888","targetHints":{"allow":["GET"]}}],"collection":[{"href":"https:\/\/lavoixdelanation.tg\/index.php\/wp-json\/wp\/v2\/posts"}],"about":[{"href":"https:\/\/lavoixdelanation.tg\/index.php\/wp-json\/wp\/v2\/types\/post"}],"author":[{"embeddable":true,"href":"https:\/\/lavoixdelanation.tg\/index.php\/wp-json\/wp\/v2\/users\/1"}],"replies":[{"embeddable":true,"href":"https:\/\/lavoixdelanation.tg\/index.php\/wp-json\/wp\/v2\/comments?post=16888"}],"version-history":[{"count":5,"href":"https:\/\/lavoixdelanation.tg\/index.php\/wp-json\/wp\/v2\/posts\/16888\/revisions"}],"predecessor-version":[{"id":16895,"href":"https:\/\/lavoixdelanation.tg\/index.php\/wp-json\/wp\/v2\/posts\/16888\/revisions\/16895"}],"wp:featuredmedia":[{"embeddable":true,"href":"https:\/\/lavoixdelanation.tg\/index.php\/wp-json\/wp\/v2\/media\/16889"}],"wp:attachment":[{"href":"https:\/\/lavoixdelanation.tg\/index.php\/wp-json\/wp\/v2\/media?parent=16888"}],"wp:term":[{"taxonomy":"category","embeddable":true,"href":"https:\/\/lavoixdelanation.tg\/index.php\/wp-json\/wp\/v2\/categories?post=16888"},{"taxonomy":"post_tag","embeddable":true,"href":"https:\/\/lavoixdelanation.tg\/index.php\/wp-json\/wp\/v2\/tags?post=16888"}],"curies":[{"name":"wp","href":"https:\/\/api.w.org\/{rel}","templated":true}]}}