{"id":16883,"date":"2026-09-02T19:04:50","date_gmt":"2026-09-02T17:04:50","guid":{"rendered":"https:\/\/lavoixdelanation.tg\/?p=16883"},"modified":"2026-09-03T19:10:20","modified_gmt":"2026-09-03T17:10:20","slug":"a-bichkek-faure-gnassingbe-partage-sa-reflexion-sur-la-transformation-de-lordre-international","status":"publish","type":"post","link":"https:\/\/lavoixdelanation.tg\/index.php\/2026\/09\/02\/a-bichkek-faure-gnassingbe-partage-sa-reflexion-sur-la-transformation-de-lordre-international\/","title":{"rendered":"A Bichkek, Faure Gnassingb\u00e9 partage sa r\u00e9flexion sur la transformation de l\u2019ordre international"},"content":{"rendered":"\n<p class=\"wp-block-paragraph\">Le Pr\u00e9sident du Conseil, Faure Essozimna Gnassingb\u00e9 a partag\u00e9 ce 1<sup>er<\/sup>&nbsp;septembre 2026 \u00e0 Bichkek au Kirghizistan, une r\u00e9flexion sur la transformation de l\u2019ordre international et les implications de l\u2019\u00e9mergence d\u2019un monde de plus en plus multipolaire.<\/p>\n\n\n\n<p class=\"wp-block-paragraph\">C\u2019\u00e9tait lors de son intervention au cours du 26\u00e8 sommet de l\u2019organisation \u00e9largie (OCS+), en pr\u00e9sence dirigeants de l\u2019Organisation de coop\u00e9ration de Shanghai (OCS), leurs partenaires ainsi que les plus hauts responsables des pays invit\u00e9s.<\/p>\n\n\n\n<p class=\"wp-block-paragraph\">A l\u2019entame de son propos, le Pr\u00e9sident du Conseil a pos\u00e9 de mani\u00e8re objective le constat d\u2019une profonde recomposition des \u00e9quilibres internationaux.<\/p>\n\n\n\n<p class=\"wp-block-paragraph\">\u00ab&nbsp;Le monde change, de nouveaux centres de puissance \u00e9mergent, de nouveaux \u00e9quilibres \u00e9conomiques se dessinent, de nouvelles voix veulent \u00eatre entendues&nbsp;\u00bb, a t-il pr\u00e9cis\u00e9. Pour relever ce d\u00e9fi, le Pr\u00e9sident Faure Essozimna Gnassingb\u00e9 a articul\u00e9 sa vision d\u2019un multilat\u00e9ralisme r\u00e9nov\u00e9 sur trois axes.<\/p>\n\n\n\n<p class=\"wp-block-paragraph\">Dans cette nouvelle configuration mondiale, il a rappel\u00e9 la n\u00e9cessit\u00e9 de rompre avec une vision id\u00e9alis\u00e9e de la multipolarit\u00e9 qui fragilise davantage le monde.<\/p>\n\n\n\n<figure class=\"wp-block-image size-large\"><img loading=\"lazy\" decoding=\"async\" width=\"1024\" height=\"683\" src=\"https:\/\/lavoixdelanation.tg\/wp-content\/uploads\/2026\/09\/Faure-Gnassingbe-a-Bichkek-au-Kirghizistan-1024x683.jpg\" alt=\"\" class=\"wp-image-16885\" srcset=\"https:\/\/lavoixdelanation.tg\/wp-content\/uploads\/2026\/09\/Faure-Gnassingbe-a-Bichkek-au-Kirghizistan-1024x683.jpg 1024w, https:\/\/lavoixdelanation.tg\/wp-content\/uploads\/2026\/09\/Faure-Gnassingbe-a-Bichkek-au-Kirghizistan-300x200.jpg 300w, https:\/\/lavoixdelanation.tg\/wp-content\/uploads\/2026\/09\/Faure-Gnassingbe-a-Bichkek-au-Kirghizistan-768x512.jpg 768w, https:\/\/lavoixdelanation.tg\/wp-content\/uploads\/2026\/09\/Faure-Gnassingbe-a-Bichkek-au-Kirghizistan-1536x1024.jpg 1536w, https:\/\/lavoixdelanation.tg\/wp-content\/uploads\/2026\/09\/Faure-Gnassingbe-a-Bichkek-au-Kirghizistan.jpg 1600w\" sizes=\"auto, (max-width: 1024px) 100vw, 1024px\" \/><\/figure>\n\n\n\n<p class=\"wp-block-paragraph\">\u00ab&nbsp;La multipolarit\u00e9 doit nous donner davantage de choix et non cr\u00e9er de nouvelles divisions. Pour l\u2019Afrique, l\u2019\u00e9mergence de nouveaux partenaires est une opportunit\u00e9. Elle nous permet de diversifier nos relations, de r\u00e9duire certaines d\u00e9pendances et surtout de mieux choisir nos partenariats en fonction de nos propres priorit\u00e9s. Mais soyons lucides, davantage de p\u00f4les de puissance ne signifie pas automatiquement davantage de justice. La multipolarit\u00e9 peut aussi produire plus de rivalit\u00e9s, de fragmentation et de rapports de force&nbsp;\u00bb a-t-il affirm\u00e9.<\/p>\n\n\n\n<p class=\"wp-block-paragraph\">Cette premi\u00e8re id\u00e9e d\u00e9bouche sur l\u2019articulation essentielle entre la multipolarit\u00e9 et le multilat\u00e9ralisme. Pour le dirigeant togolais, la multipolarit\u00e9 donne davantage de choix aux nations, et elle doit \u00eatre accompagn\u00e9e d\u2019un multilat\u00e9ralisme capable de garantir des r\u00e8gles communes pouvant permettre \u00e0 chaque nation d\u2019exercer librement ses choix en fonction de ses int\u00e9r\u00eats et de ses priorit\u00e9s.&nbsp;<\/p>\n\n\n\n<p class=\"wp-block-paragraph\">Faure Gnassingb\u00e9 a ensuite mis un accent particulier sur l\u2019avenir du syst\u00e8me multilat\u00e9ral, en particulier celui des Nations unies dans un monde multipolaire marqu\u00e9 par les d\u00e9saccords des grandes puissances. Il a, \u00e0 cet effet, rappel\u00e9 l\u2019importance des r\u00e9formes de l\u2019instance mondiale face \u00e0 la mont\u00e9e de la multipolarit\u00e9 et la question de la cr\u00e9dibilit\u00e9 des r\u00e8gles internationales lorsqu\u2019elles sont surtout appliqu\u00e9es selon les crises.<\/p>\n\n\n\n<p class=\"wp-block-paragraph\">La question de la repr\u00e9sentation de l\u2019Afrique dans le concert des nations constitue \u00e9galement un \u00e9l\u00e9ment central de cette r\u00e9flexion sur la transformation du syst\u00e8me multilat\u00e9ral.&nbsp;<\/p>\n\n\n\n<figure class=\"wp-block-image size-large\"><img loading=\"lazy\" decoding=\"async\" width=\"1024\" height=\"683\" src=\"https:\/\/lavoixdelanation.tg\/wp-content\/uploads\/2026\/09\/Faure-Gnassingbe-a-Bichkek-1024x683.jpg\" alt=\"\" class=\"wp-image-16886\" srcset=\"https:\/\/lavoixdelanation.tg\/wp-content\/uploads\/2026\/09\/Faure-Gnassingbe-a-Bichkek-1024x683.jpg 1024w, https:\/\/lavoixdelanation.tg\/wp-content\/uploads\/2026\/09\/Faure-Gnassingbe-a-Bichkek-300x200.jpg 300w, https:\/\/lavoixdelanation.tg\/wp-content\/uploads\/2026\/09\/Faure-Gnassingbe-a-Bichkek-768x512.jpg 768w, https:\/\/lavoixdelanation.tg\/wp-content\/uploads\/2026\/09\/Faure-Gnassingbe-a-Bichkek-1536x1024.jpg 1536w, https:\/\/lavoixdelanation.tg\/wp-content\/uploads\/2026\/09\/Faure-Gnassingbe-a-Bichkek.jpg 1600w\" sizes=\"auto, (max-width: 1024px) 100vw, 1024px\" \/><\/figure>\n\n\n\n<p class=\"wp-block-paragraph\">Le Pr\u00e9sident du Conseil estime dans ce contexte que, \u00ab&nbsp;lorsque l\u2019Afrique reste insuffisamment repr\u00e9sent\u00e9e, nous ne pouvons pas parler d\u2019un ordre mondial pleinement juste. &nbsp;D\u00e9fendre les Nations Unies ne signifie donc pas d\u00e9fendre le monde d\u2019hier. Cela signifie plut\u00f4t les transformer pour le monde de demain y compris dans la composition de ses organes de direction. Cela signifie aussi mieux articuler l\u2019ONU avec l\u2019Union africaine, l\u2019Organisation de coop\u00e9ration de Shanghai et les autres organisations r\u00e9gionales&nbsp;\u00bb.<\/p>\n\n\n\n<p class=\"wp-block-paragraph\">Il a ainsi invit\u00e9 les chefs d\u2019Etat et de gouvernement \u00e0 faire de la multipolarit\u00e9 une nouvelle force du multilat\u00e9ralisme.<\/p>\n\n\n\n<p class=\"wp-block-paragraph\">Le Pr\u00e9sident du Conseil a \u00e9galement orient\u00e9 sa r\u00e9flexion vers la dimension \u00e9conomique de la transformation de l\u2019ordre international. Selon le dirigeant togolais, la justice du syst\u00e8me international ne peut \u00eatre appr\u00e9ci\u00e9e uniquement \u00e0 l\u2019aune de la repr\u00e9sentation politique des pays du Sud. Elle doit \u00e9galement se traduire par leur capacit\u00e9 r\u00e9elle \u00e0 financer leur propre d\u00e9veloppement et \u00e0 valoriser leurs ressources.<\/p>\n\n\n\n<p class=\"wp-block-paragraph\">La r\u00e9forme de la gouvernance mondiale doit aussi \u00eatre accompagn\u00e9e non seulement d\u2019une transformation des m\u00e9canismes \u00e9conomiques et financiers mondiaux, mais aussi d\u2019une diversification des partenariats fond\u00e9s sur l\u2019investissement productif, les infrastructures, la transformation locale et le transfert de technologies avec l\u2019Asie, avec l\u2019Europe, avec les Am\u00e9riques et entre pays africains, pour l\u2019Afrique.<\/p>\n\n\n\n<p class=\"wp-block-paragraph\">Cette vision du Pr\u00e9sident du Conseil a une seule ambition, permettre \u00e0 l\u2019Afrique de devenir un acteur \u00e0 part enti\u00e8re de la recomposition de l\u2019ordre mondial.<\/p>\n\n\n\n<p class=\"wp-block-paragraph\">A cette tribune de l\u2019OCS +, plusieurs dirigeants ont \u00e9lev\u00e9 leur voix pour appeler \u00e0 un monde solidaire, plus juste, s\u00e9curis\u00e9 et \u00e9pris de paix.<\/p>\n\n\n\n<p class=\"wp-block-paragraph\">Cette \u00e9dition a r\u00e9uni les plus hauts dirigeants de l\u2019OCS, \u00e0 savoir les Pr\u00e9sidents Xi Jinping de Chine, Vladimir Poutine de la F\u00e9d\u00e9ration de Russie, Alexandre Loukachenko de Bi\u00e9lorussie, les Premiers ministres Narendra Modi de l\u2019Inde, et Shehbaz Sharif de la R\u00e9publique islamique du Pakistan, les Pr\u00e9sidents Massoud Pezeshkian de la R\u00e9publique islamique d\u2019Iran, Kassym-Jomart Toka\u00efev du Kazakhstan, Emomali Rahmon du Tadjikistan et Chavkat Mirzio\u00efev de l\u2019Ouzb\u00e9kistan.<\/p>\n","protected":false},"excerpt":{"rendered":"<p>Le Pr\u00e9sident du Conseil, Faure Essozimna Gnassingb\u00e9 a partag\u00e9 ce 1er&nbsp;septembre 2026 \u00e0 Bichkek au Kirghizistan, une r\u00e9flexion sur la transformation de l\u2019ordre international et les implications de l\u2019\u00e9mergence d\u2019un&hellip; <\/p>\n","protected":false},"author":1,"featured_media":16884,"comment_status":"open","ping_status":"closed","sticky":false,"template":"","format":"standard","meta":{"footnotes":""},"categories":[12],"tags":[1663,45,1429],"class_list":["post-16883","post","type-post","status-publish","format-standard","has-post-thumbnail","hentry","category-diplomatie","tag-bichkek","tag-faure-gnassingbe","tag-kirghizistan"],"yoast_head":"<!-- This site is optimized with the Yoast SEO plugin v26.4 - https:\/\/yoast.com\/wordpress\/plugins\/seo\/ -->\n<title>A Bichkek, Faure Gnassingb\u00e9 partage sa r\u00e9flexion sur la transformation de l\u2019ordre international - La Voix de la Nation<\/title>\n<meta name=\"robots\" content=\"index, follow, max-snippet:-1, max-image-preview:large, max-video-preview:-1\" \/>\n<link rel=\"canonical\" href=\"https:\/\/lavoixdelanation.tg\/index.php\/2026\/09\/02\/a-bichkek-faure-gnassingbe-partage-sa-reflexion-sur-la-transformation-de-lordre-international\/\" \/>\n<meta property=\"og:locale\" content=\"fr_FR\" \/>\n<meta property=\"og:type\" content=\"article\" \/>\n<meta property=\"og:title\" content=\"A Bichkek, Faure Gnassingb\u00e9 partage sa r\u00e9flexion sur la transformation de l\u2019ordre international - La Voix de la Nation\" \/>\n<meta property=\"og:description\" content=\"Le Pr\u00e9sident du Conseil, Faure Essozimna Gnassingb\u00e9 a partag\u00e9 ce 1er&nbsp;septembre 2026 \u00e0 Bichkek au Kirghizistan, une r\u00e9flexion sur la transformation de l\u2019ordre international et les implications de l\u2019\u00e9mergence d\u2019un&hellip;\" \/>\n<meta property=\"og:url\" content=\"https:\/\/lavoixdelanation.tg\/index.php\/2026\/09\/02\/a-bichkek-faure-gnassingbe-partage-sa-reflexion-sur-la-transformation-de-lordre-international\/\" \/>\n<meta property=\"og:site_name\" content=\"La Voix de la Nation\" \/>\n<meta property=\"article:publisher\" content=\"https:\/\/www.facebook.com\/lavoixdelanation\" \/>\n<meta property=\"article:published_time\" content=\"2026-09-02T17:04:50+00:00\" \/>\n<meta property=\"article:modified_time\" content=\"2026-09-03T17:10:20+00:00\" \/>\n<meta property=\"og:image\" content=\"https:\/\/lavoixdelanation.tg\/wp-content\/uploads\/2026\/09\/A-Bichkek-Faure-Gnassingbe-partage-sa-reflexion-sur-la-transformation-de-lordre-international.jpg\" \/>\n\t<meta property=\"og:image:width\" content=\"1562\" \/>\n\t<meta property=\"og:image:height\" content=\"1196\" \/>\n\t<meta property=\"og:image:type\" content=\"image\/jpeg\" \/>\n<meta name=\"author\" content=\"La voix de la nation\" \/>\n<meta name=\"twitter:card\" content=\"summary_large_image\" \/>\n<meta name=\"twitter:label1\" content=\"\u00c9crit par\" \/>\n\t<meta name=\"twitter:data1\" content=\"La voix de la nation\" \/>\n\t<meta name=\"twitter:label2\" content=\"Dur\u00e9e de lecture estim\u00e9e\" \/>\n\t<meta name=\"twitter:data2\" content=\"5 minutes\" \/>\n<script type=\"application\/ld+json\" class=\"yoast-schema-graph\">{\"@context\":\"https:\/\/schema.org\",\"@graph\":[{\"@type\":\"Article\",\"@id\":\"https:\/\/lavoixdelanation.tg\/index.php\/2026\/09\/02\/a-bichkek-faure-gnassingbe-partage-sa-reflexion-sur-la-transformation-de-lordre-international\/#article\",\"isPartOf\":{\"@id\":\"https:\/\/lavoixdelanation.tg\/index.php\/2026\/09\/02\/a-bichkek-faure-gnassingbe-partage-sa-reflexion-sur-la-transformation-de-lordre-international\/\"},\"author\":{\"name\":\"La voix de la nation\",\"@id\":\"https:\/\/lavoixdelanation.tg\/#\/schema\/person\/6c489293aa38053673a9e554acb6e224\"},\"headline\":\"A Bichkek, Faure Gnassingb\u00e9 partage sa r\u00e9flexion sur la transformation de l\u2019ordre international\",\"datePublished\":\"2026-09-02T17:04:50+00:00\",\"dateModified\":\"2026-09-03T17:10:20+00:00\",\"mainEntityOfPage\":{\"@id\":\"https:\/\/lavoixdelanation.tg\/index.php\/2026\/09\/02\/a-bichkek-faure-gnassingbe-partage-sa-reflexion-sur-la-transformation-de-lordre-international\/\"},\"wordCount\":846,\"commentCount\":0,\"publisher\":{\"@id\":\"https:\/\/lavoixdelanation.tg\/#organization\"},\"image\":{\"@id\":\"https:\/\/lavoixdelanation.tg\/index.php\/2026\/09\/02\/a-bichkek-faure-gnassingbe-partage-sa-reflexion-sur-la-transformation-de-lordre-international\/#primaryimage\"},\"thumbnailUrl\":\"https:\/\/lavoixdelanation.tg\/wp-content\/uploads\/2026\/09\/A-Bichkek-Faure-Gnassingbe-partage-sa-reflexion-sur-la-transformation-de-lordre-international.jpg\",\"keywords\":[\"Bichkek\",\"Faure Gnassingb\u00e9\",\"Kirghizistan\"],\"articleSection\":[\"Diplomatie\"],\"inLanguage\":\"fr-FR\",\"potentialAction\":[{\"@type\":\"CommentAction\",\"name\":\"Comment\",\"target\":[\"https:\/\/lavoixdelanation.tg\/index.php\/2026\/09\/02\/a-bichkek-faure-gnassingbe-partage-sa-reflexion-sur-la-transformation-de-lordre-international\/#respond\"]}]},{\"@type\":\"WebPage\",\"@id\":\"https:\/\/lavoixdelanation.tg\/index.php\/2026\/09\/02\/a-bichkek-faure-gnassingbe-partage-sa-reflexion-sur-la-transformation-de-lordre-international\/\",\"url\":\"https:\/\/lavoixdelanation.tg\/index.php\/2026\/09\/02\/a-bichkek-faure-gnassingbe-partage-sa-reflexion-sur-la-transformation-de-lordre-international\/\",\"name\":\"A Bichkek, Faure Gnassingb\u00e9 partage sa r\u00e9flexion sur la transformation de l\u2019ordre international - La Voix de la Nation\",\"isPartOf\":{\"@id\":\"https:\/\/lavoixdelanation.tg\/#website\"},\"primaryImageOfPage\":{\"@id\":\"https:\/\/lavoixdelanation.tg\/index.php\/2026\/09\/02\/a-bichkek-faure-gnassingbe-partage-sa-reflexion-sur-la-transformation-de-lordre-international\/#primaryimage\"},\"image\":{\"@id\":\"https:\/\/lavoixdelanation.tg\/index.php\/2026\/09\/02\/a-bichkek-faure-gnassingbe-partage-sa-reflexion-sur-la-transformation-de-lordre-international\/#primaryimage\"},\"thumbnailUrl\":\"https:\/\/lavoixdelanation.tg\/wp-content\/uploads\/2026\/09\/A-Bichkek-Faure-Gnassingbe-partage-sa-reflexion-sur-la-transformation-de-lordre-international.jpg\",\"datePublished\":\"2026-09-02T17:04:50+00:00\",\"dateModified\":\"2026-09-03T17:10:20+00:00\",\"breadcrumb\":{\"@id\":\"https:\/\/lavoixdelanation.tg\/index.php\/2026\/09\/02\/a-bichkek-faure-gnassingbe-partage-sa-reflexion-sur-la-transformation-de-lordre-international\/#breadcrumb\"},\"inLanguage\":\"fr-FR\",\"potentialAction\":[{\"@type\":\"ReadAction\",\"target\":[\"https:\/\/lavoixdelanation.tg\/index.php\/2026\/09\/02\/a-bichkek-faure-gnassingbe-partage-sa-reflexion-sur-la-transformation-de-lordre-international\/\"]}]},{\"@type\":\"ImageObject\",\"inLanguage\":\"fr-FR\",\"@id\":\"https:\/\/lavoixdelanation.tg\/index.php\/2026\/09\/02\/a-bichkek-faure-gnassingbe-partage-sa-reflexion-sur-la-transformation-de-lordre-international\/#primaryimage\",\"url\":\"https:\/\/lavoixdelanation.tg\/wp-content\/uploads\/2026\/09\/A-Bichkek-Faure-Gnassingbe-partage-sa-reflexion-sur-la-transformation-de-lordre-international.jpg\",\"contentUrl\":\"https:\/\/lavoixdelanation.tg\/wp-content\/uploads\/2026\/09\/A-Bichkek-Faure-Gnassingbe-partage-sa-reflexion-sur-la-transformation-de-lordre-international.jpg\",\"width\":1562,\"height\":1196},{\"@type\":\"BreadcrumbList\",\"@id\":\"https:\/\/lavoixdelanation.tg\/index.php\/2026\/09\/02\/a-bichkek-faure-gnassingbe-partage-sa-reflexion-sur-la-transformation-de-lordre-international\/#breadcrumb\",\"itemListElement\":[{\"@type\":\"ListItem\",\"position\":1,\"name\":\"Accueil\",\"item\":\"https:\/\/lavoixdelanation.tg\/\"},{\"@type\":\"ListItem\",\"position\":2,\"name\":\"A Bichkek, Faure Gnassingb\u00e9 partage sa r\u00e9flexion sur la transformation de l\u2019ordre international\"}]},{\"@type\":\"WebSite\",\"@id\":\"https:\/\/lavoixdelanation.tg\/#website\",\"url\":\"https:\/\/lavoixdelanation.tg\/\",\"name\":\"La Voix de la Nation\",\"description\":\"R\u00e9c\u00e9piss\u00e9 n\u00b00108\/HAAC\/01-2024\/pl\/P\",\"publisher\":{\"@id\":\"https:\/\/lavoixdelanation.tg\/#organization\"},\"alternateName\":\"VON\",\"potentialAction\":[{\"@type\":\"SearchAction\",\"target\":{\"@type\":\"EntryPoint\",\"urlTemplate\":\"https:\/\/lavoixdelanation.tg\/?s={search_term_string}\"},\"query-input\":{\"@type\":\"PropertyValueSpecification\",\"valueRequired\":true,\"valueName\":\"search_term_string\"}}],\"inLanguage\":\"fr-FR\"},{\"@type\":\"Organization\",\"@id\":\"https:\/\/lavoixdelanation.tg\/#organization\",\"name\":\"La Voix de la Nation\",\"url\":\"https:\/\/lavoixdelanation.tg\/\",\"logo\":{\"@type\":\"ImageObject\",\"inLanguage\":\"fr-FR\",\"@id\":\"https:\/\/lavoixdelanation.tg\/#\/schema\/logo\/image\/\",\"url\":\"https:\/\/lavoixdelanation.tg\/wp-content\/uploads\/2024\/12\/lavn-1.png\",\"contentUrl\":\"https:\/\/lavoixdelanation.tg\/wp-content\/uploads\/2024\/12\/lavn-1.png\",\"width\":1024,\"height\":464,\"caption\":\"La Voix de la Nation\"},\"image\":{\"@id\":\"https:\/\/lavoixdelanation.tg\/#\/schema\/logo\/image\/\"},\"sameAs\":[\"https:\/\/www.facebook.com\/lavoixdelanation\"]},{\"@type\":\"Person\",\"@id\":\"https:\/\/lavoixdelanation.tg\/#\/schema\/person\/6c489293aa38053673a9e554acb6e224\",\"name\":\"La voix de la nation\",\"image\":{\"@type\":\"ImageObject\",\"inLanguage\":\"fr-FR\",\"@id\":\"https:\/\/lavoixdelanation.tg\/#\/schema\/person\/image\/\",\"url\":\"https:\/\/secure.gravatar.com\/avatar\/8aa135d4bbc794494cecaa8d483f6d6cc1023624868deaff686baed5e727a5a1?s=96&d=mm&r=g\",\"contentUrl\":\"https:\/\/secure.gravatar.com\/avatar\/8aa135d4bbc794494cecaa8d483f6d6cc1023624868deaff686baed5e727a5a1?s=96&d=mm&r=g\",\"caption\":\"La voix de la nation\"},\"sameAs\":[\"https:\/\/lavoixdelanation.tg\"],\"url\":\"https:\/\/lavoixdelanation.tg\/index.php\/author\/lavn\/\"}]}<\/script>\n<!-- \/ Yoast SEO plugin. -->","yoast_head_json":{"title":"A Bichkek, Faure Gnassingb\u00e9 partage sa r\u00e9flexion sur la transformation de l\u2019ordre international - La Voix de la Nation","robots":{"index":"index","follow":"follow","max-snippet":"max-snippet:-1","max-image-preview":"max-image-preview:large","max-video-preview":"max-video-preview:-1"},"canonical":"https:\/\/lavoixdelanation.tg\/index.php\/2026\/09\/02\/a-bichkek-faure-gnassingbe-partage-sa-reflexion-sur-la-transformation-de-lordre-international\/","og_locale":"fr_FR","og_type":"article","og_title":"A Bichkek, Faure Gnassingb\u00e9 partage sa r\u00e9flexion sur la transformation de l\u2019ordre international - La Voix de la Nation","og_description":"Le Pr\u00e9sident du Conseil, Faure Essozimna Gnassingb\u00e9 a partag\u00e9 ce 1er&nbsp;septembre 2026 \u00e0 Bichkek au Kirghizistan, une r\u00e9flexion sur la transformation de l\u2019ordre international et les implications de l\u2019\u00e9mergence d\u2019un&hellip;","og_url":"https:\/\/lavoixdelanation.tg\/index.php\/2026\/09\/02\/a-bichkek-faure-gnassingbe-partage-sa-reflexion-sur-la-transformation-de-lordre-international\/","og_site_name":"La Voix de la Nation","article_publisher":"https:\/\/www.facebook.com\/lavoixdelanation","article_published_time":"2026-09-02T17:04:50+00:00","article_modified_time":"2026-09-03T17:10:20+00:00","og_image":[{"width":1562,"height":1196,"url":"https:\/\/lavoixdelanation.tg\/wp-content\/uploads\/2026\/09\/A-Bichkek-Faure-Gnassingbe-partage-sa-reflexion-sur-la-transformation-de-lordre-international.jpg","type":"image\/jpeg"}],"author":"La voix de la nation","twitter_card":"summary_large_image","twitter_misc":{"\u00c9crit par":"La voix de la nation","Dur\u00e9e de lecture estim\u00e9e":"5 minutes"},"schema":{"@context":"https:\/\/schema.org","@graph":[{"@type":"Article","@id":"https:\/\/lavoixdelanation.tg\/index.php\/2026\/09\/02\/a-bichkek-faure-gnassingbe-partage-sa-reflexion-sur-la-transformation-de-lordre-international\/#article","isPartOf":{"@id":"https:\/\/lavoixdelanation.tg\/index.php\/2026\/09\/02\/a-bichkek-faure-gnassingbe-partage-sa-reflexion-sur-la-transformation-de-lordre-international\/"},"author":{"name":"La voix de la nation","@id":"https:\/\/lavoixdelanation.tg\/#\/schema\/person\/6c489293aa38053673a9e554acb6e224"},"headline":"A Bichkek, Faure Gnassingb\u00e9 partage sa r\u00e9flexion sur la transformation de l\u2019ordre international","datePublished":"2026-09-02T17:04:50+00:00","dateModified":"2026-09-03T17:10:20+00:00","mainEntityOfPage":{"@id":"https:\/\/lavoixdelanation.tg\/index.php\/2026\/09\/02\/a-bichkek-faure-gnassingbe-partage-sa-reflexion-sur-la-transformation-de-lordre-international\/"},"wordCount":846,"commentCount":0,"publisher":{"@id":"https:\/\/lavoixdelanation.tg\/#organization"},"image":{"@id":"https:\/\/lavoixdelanation.tg\/index.php\/2026\/09\/02\/a-bichkek-faure-gnassingbe-partage-sa-reflexion-sur-la-transformation-de-lordre-international\/#primaryimage"},"thumbnailUrl":"https:\/\/lavoixdelanation.tg\/wp-content\/uploads\/2026\/09\/A-Bichkek-Faure-Gnassingbe-partage-sa-reflexion-sur-la-transformation-de-lordre-international.jpg","keywords":["Bichkek","Faure Gnassingb\u00e9","Kirghizistan"],"articleSection":["Diplomatie"],"inLanguage":"fr-FR","potentialAction":[{"@type":"CommentAction","name":"Comment","target":["https:\/\/lavoixdelanation.tg\/index.php\/2026\/09\/02\/a-bichkek-faure-gnassingbe-partage-sa-reflexion-sur-la-transformation-de-lordre-international\/#respond"]}]},{"@type":"WebPage","@id":"https:\/\/lavoixdelanation.tg\/index.php\/2026\/09\/02\/a-bichkek-faure-gnassingbe-partage-sa-reflexion-sur-la-transformation-de-lordre-international\/","url":"https:\/\/lavoixdelanation.tg\/index.php\/2026\/09\/02\/a-bichkek-faure-gnassingbe-partage-sa-reflexion-sur-la-transformation-de-lordre-international\/","name":"A Bichkek, Faure Gnassingb\u00e9 partage sa r\u00e9flexion sur la transformation de l\u2019ordre international - La Voix de la Nation","isPartOf":{"@id":"https:\/\/lavoixdelanation.tg\/#website"},"primaryImageOfPage":{"@id":"https:\/\/lavoixdelanation.tg\/index.php\/2026\/09\/02\/a-bichkek-faure-gnassingbe-partage-sa-reflexion-sur-la-transformation-de-lordre-international\/#primaryimage"},"image":{"@id":"https:\/\/lavoixdelanation.tg\/index.php\/2026\/09\/02\/a-bichkek-faure-gnassingbe-partage-sa-reflexion-sur-la-transformation-de-lordre-international\/#primaryimage"},"thumbnailUrl":"https:\/\/lavoixdelanation.tg\/wp-content\/uploads\/2026\/09\/A-Bichkek-Faure-Gnassingbe-partage-sa-reflexion-sur-la-transformation-de-lordre-international.jpg","datePublished":"2026-09-02T17:04:50+00:00","dateModified":"2026-09-03T17:10:20+00:00","breadcrumb":{"@id":"https:\/\/lavoixdelanation.tg\/index.php\/2026\/09\/02\/a-bichkek-faure-gnassingbe-partage-sa-reflexion-sur-la-transformation-de-lordre-international\/#breadcrumb"},"inLanguage":"fr-FR","potentialAction":[{"@type":"ReadAction","target":["https:\/\/lavoixdelanation.tg\/index.php\/2026\/09\/02\/a-bichkek-faure-gnassingbe-partage-sa-reflexion-sur-la-transformation-de-lordre-international\/"]}]},{"@type":"ImageObject","inLanguage":"fr-FR","@id":"https:\/\/lavoixdelanation.tg\/index.php\/2026\/09\/02\/a-bichkek-faure-gnassingbe-partage-sa-reflexion-sur-la-transformation-de-lordre-international\/#primaryimage","url":"https:\/\/lavoixdelanation.tg\/wp-content\/uploads\/2026\/09\/A-Bichkek-Faure-Gnassingbe-partage-sa-reflexion-sur-la-transformation-de-lordre-international.jpg","contentUrl":"https:\/\/lavoixdelanation.tg\/wp-content\/uploads\/2026\/09\/A-Bichkek-Faure-Gnassingbe-partage-sa-reflexion-sur-la-transformation-de-lordre-international.jpg","width":1562,"height":1196},{"@type":"BreadcrumbList","@id":"https:\/\/lavoixdelanation.tg\/index.php\/2026\/09\/02\/a-bichkek-faure-gnassingbe-partage-sa-reflexion-sur-la-transformation-de-lordre-international\/#breadcrumb","itemListElement":[{"@type":"ListItem","position":1,"name":"Accueil","item":"https:\/\/lavoixdelanation.tg\/"},{"@type":"ListItem","position":2,"name":"A Bichkek, Faure Gnassingb\u00e9 partage sa r\u00e9flexion sur la transformation de l\u2019ordre international"}]},{"@type":"WebSite","@id":"https:\/\/lavoixdelanation.tg\/#website","url":"https:\/\/lavoixdelanation.tg\/","name":"La Voix de la Nation","description":"R\u00e9c\u00e9piss\u00e9 n\u00b00108\/HAAC\/01-2024\/pl\/P","publisher":{"@id":"https:\/\/lavoixdelanation.tg\/#organization"},"alternateName":"VON","potentialAction":[{"@type":"SearchAction","target":{"@type":"EntryPoint","urlTemplate":"https:\/\/lavoixdelanation.tg\/?s={search_term_string}"},"query-input":{"@type":"PropertyValueSpecification","valueRequired":true,"valueName":"search_term_string"}}],"inLanguage":"fr-FR"},{"@type":"Organization","@id":"https:\/\/lavoixdelanation.tg\/#organization","name":"La Voix de la Nation","url":"https:\/\/lavoixdelanation.tg\/","logo":{"@type":"ImageObject","inLanguage":"fr-FR","@id":"https:\/\/lavoixdelanation.tg\/#\/schema\/logo\/image\/","url":"https:\/\/lavoixdelanation.tg\/wp-content\/uploads\/2024\/12\/lavn-1.png","contentUrl":"https:\/\/lavoixdelanation.tg\/wp-content\/uploads\/2024\/12\/lavn-1.png","width":1024,"height":464,"caption":"La Voix de la Nation"},"image":{"@id":"https:\/\/lavoixdelanation.tg\/#\/schema\/logo\/image\/"},"sameAs":["https:\/\/www.facebook.com\/lavoixdelanation"]},{"@type":"Person","@id":"https:\/\/lavoixdelanation.tg\/#\/schema\/person\/6c489293aa38053673a9e554acb6e224","name":"La voix de la nation","image":{"@type":"ImageObject","inLanguage":"fr-FR","@id":"https:\/\/lavoixdelanation.tg\/#\/schema\/person\/image\/","url":"https:\/\/secure.gravatar.com\/avatar\/8aa135d4bbc794494cecaa8d483f6d6cc1023624868deaff686baed5e727a5a1?s=96&d=mm&r=g","contentUrl":"https:\/\/secure.gravatar.com\/avatar\/8aa135d4bbc794494cecaa8d483f6d6cc1023624868deaff686baed5e727a5a1?s=96&d=mm&r=g","caption":"La voix de la nation"},"sameAs":["https:\/\/lavoixdelanation.tg"],"url":"https:\/\/lavoixdelanation.tg\/index.php\/author\/lavn\/"}]}},"_links":{"self":[{"href":"https:\/\/lavoixdelanation.tg\/index.php\/wp-json\/wp\/v2\/posts\/16883","targetHints":{"allow":["GET"]}}],"collection":[{"href":"https:\/\/lavoixdelanation.tg\/index.php\/wp-json\/wp\/v2\/posts"}],"about":[{"href":"https:\/\/lavoixdelanation.tg\/index.php\/wp-json\/wp\/v2\/types\/post"}],"author":[{"embeddable":true,"href":"https:\/\/lavoixdelanation.tg\/index.php\/wp-json\/wp\/v2\/users\/1"}],"replies":[{"embeddable":true,"href":"https:\/\/lavoixdelanation.tg\/index.php\/wp-json\/wp\/v2\/comments?post=16883"}],"version-history":[{"count":1,"href":"https:\/\/lavoixdelanation.tg\/index.php\/wp-json\/wp\/v2\/posts\/16883\/revisions"}],"predecessor-version":[{"id":16887,"href":"https:\/\/lavoixdelanation.tg\/index.php\/wp-json\/wp\/v2\/posts\/16883\/revisions\/16887"}],"wp:featuredmedia":[{"embeddable":true,"href":"https:\/\/lavoixdelanation.tg\/index.php\/wp-json\/wp\/v2\/media\/16884"}],"wp:attachment":[{"href":"https:\/\/lavoixdelanation.tg\/index.php\/wp-json\/wp\/v2\/media?parent=16883"}],"wp:term":[{"taxonomy":"category","embeddable":true,"href":"https:\/\/lavoixdelanation.tg\/index.php\/wp-json\/wp\/v2\/categories?post=16883"},{"taxonomy":"post_tag","embeddable":true,"href":"https:\/\/lavoixdelanation.tg\/index.php\/wp-json\/wp\/v2\/tags?post=16883"}],"curies":[{"name":"wp","href":"https:\/\/api.w.org\/{rel}","templated":true}]}}