{"id":16880,"date":"2026-09-01T23:55:00","date_gmt":"2026-09-01T21:55:00","guid":{"rendered":"https:\/\/lavoixdelanation.tg\/?p=16880"},"modified":"2026-09-03T16:18:15","modified_gmt":"2026-09-03T14:18:15","slug":"la-bielorussie-reaffirme-son-engagement-a-renforcer-son-partenariat-avec-le-togo","status":"publish","type":"post","link":"https:\/\/lavoixdelanation.tg\/index.php\/2026\/09\/01\/la-bielorussie-reaffirme-son-engagement-a-renforcer-son-partenariat-avec-le-togo\/","title":{"rendered":"La Bi\u00e9lorussie r\u00e9affirme son engagement \u00e0 renforcer son partenariat avec le Togo"},"content":{"rendered":"\n<p class=\"wp-block-paragraph\"><strong>En marge du 26\u1d49 sommet de l\u2019Organisation de coop\u00e9ration de Shanghai (OCS), le Pr\u00e9sident du Conseil Faure Essozimna Gnassingb\u00e9 s\u2019est entretenu ce 1er septembre 2026 \u00e0 Bichkek au Kirghizistan, avec le Pr\u00e9sident de la Bi\u00e9lorussie, Alexandre Loukachenko.<\/strong><\/p>\n\n\n\n<p class=\"wp-block-paragraph\">Cet entretien s\u2019inscrit dans la dynamique de mise en \u0153uvre et d\u2019approfondissement des engagements pris par les deux pays en faveur du renforcement du partenariat entre Lom\u00e9 et Minsk.<\/p>\n\n\n\n<p class=\"wp-block-paragraph\">Selon une note de la pr\u00e9sidence du Conseil, Le Pr\u00e9sident bi\u00e9lorusse a exprim\u00e9 sa gratitude au Pr\u00e9sident Faure Gnassingb\u00e9 pour son implication personnelle dans la dynamisation et l\u2019approfondissement des relations de coop\u00e9ration entre le Togo et la Bi\u00e9lorussie.<\/p>\n\n\n\n<p class=\"wp-block-paragraph\">Alexandre Loukachenko a, \u00e0 cet \u00e9gard, r\u00e9affirm\u00e9 l\u2019engagement de son pays \u00e0 \u0153uvrer au renforcement de ce partenariat. Plusieurs axes prioritaires de coop\u00e9ration ont, par ailleurs, \u00e9t\u00e9 identifi\u00e9s, notamment dans les domaines de la s\u00e9curit\u00e9 alimentaire, de l\u2019agro-industrie, de la m\u00e9canisation agricole, du secteur minier ainsi que bancaire.<\/p>\n\n\n\n<p class=\"wp-block-paragraph\">Il a \u00e9galement fait part de la disponibilit\u00e9 de son pays \u00e0 contribuer \u00e0 la mise en \u0153uvre de la feuille de route convenue entre les deux parties, en favorisant le d\u00e9veloppement de partenariats entre les secteurs priv\u00e9s togolais et bi\u00e9lorusse.<\/p>\n\n\n\n<p class=\"wp-block-paragraph\">A son tout, le Pr\u00e9sident du Conseil s\u2019est f\u00e9licit\u00e9 de l\u2019opportunit\u00e9 de cette rencontre qui est l\u2019expression d\u2019une marque d\u2019amiti\u00e9 et de consid\u00e9ration manifest\u00e9es \u00e0 l\u2019endroit du Togo. Il a salu\u00e9 l\u2019accompagnement de la Bi\u00e9lorussie en faveur de projets de d\u00e9veloppement, particuli\u00e8rement dans les secteurs agricole et des transports.<\/p>\n\n\n\n<p class=\"wp-block-paragraph\">Au sujet des perspectives de la coop\u00e9ration bilat\u00e9rale, Faure Gnassingb\u00e9 a pr\u00e9sent\u00e9 les atouts et les opportunit\u00e9s d\u2019investissement qu\u2019offre le Togo, surtout dans le secteur agricole.<\/p>\n\n\n\n<p class=\"wp-block-paragraph\">Au demeurant, cette nouvelle rencontre, qui intervient apr\u00e8s les entretiens en bilat\u00e9ral avec le Pr\u00e9sident du Kirghizistan, traduit une fois de plus la volont\u00e9 du Togo de diversifier ses partenariats et de renforcer son ouverture vers les march\u00e9s eurasiatiques.<\/p>\n\n\n\n<p class=\"wp-block-paragraph\">Pour le Togo, l\u2019ambition est de d\u00e9velopper des liens de coop\u00e9ration susceptibles de favoriser les investissements, la transformation locale et la cr\u00e9ation de valeur ajout\u00e9e pour son \u00e9conomie.<\/p>\n","protected":false},"excerpt":{"rendered":"<p>En marge du 26\u1d49 sommet de l\u2019Organisation de coop\u00e9ration de Shanghai (OCS), le Pr\u00e9sident du Conseil Faure Essozimna Gnassingb\u00e9 s\u2019est entretenu ce 1er septembre 2026 \u00e0 Bichkek au Kirghizistan, avec&hellip; <\/p>\n","protected":false},"author":1,"featured_media":16881,"comment_status":"open","ping_status":"closed","sticky":false,"template":"","format":"standard","meta":{"footnotes":""},"categories":[12],"tags":[1675,1326,1078,1674,39],"class_list":["post-16880","post","type-post","status-publish","format-standard","has-post-thumbnail","hentry","category-diplomatie","tag-alexandre-loukachenko","tag-bielorussie","tag-faure-essozimna-gnassingbe","tag-partenariat","tag-togo"],"yoast_head":"<!-- This site is optimized with the Yoast SEO plugin v26.4 - https:\/\/yoast.com\/wordpress\/plugins\/seo\/ -->\n<title>La Bi\u00e9lorussie r\u00e9affirme son engagement \u00e0 renforcer son partenariat avec le Togo - La Voix de la Nation<\/title>\n<meta name=\"robots\" content=\"index, follow, max-snippet:-1, max-image-preview:large, max-video-preview:-1\" \/>\n<link rel=\"canonical\" href=\"https:\/\/lavoixdelanation.tg\/index.php\/2026\/09\/01\/la-bielorussie-reaffirme-son-engagement-a-renforcer-son-partenariat-avec-le-togo\/\" \/>\n<meta property=\"og:locale\" content=\"fr_FR\" \/>\n<meta property=\"og:type\" content=\"article\" \/>\n<meta property=\"og:title\" content=\"La Bi\u00e9lorussie r\u00e9affirme son engagement \u00e0 renforcer son partenariat avec le Togo - La Voix de la Nation\" \/>\n<meta property=\"og:description\" content=\"En marge du 26\u1d49 sommet de l\u2019Organisation de coop\u00e9ration de Shanghai (OCS), le Pr\u00e9sident du Conseil Faure Essozimna Gnassingb\u00e9 s\u2019est entretenu ce 1er septembre 2026 \u00e0 Bichkek au Kirghizistan, avec&hellip;\" \/>\n<meta property=\"og:url\" content=\"https:\/\/lavoixdelanation.tg\/index.php\/2026\/09\/01\/la-bielorussie-reaffirme-son-engagement-a-renforcer-son-partenariat-avec-le-togo\/\" \/>\n<meta property=\"og:site_name\" content=\"La Voix de la Nation\" \/>\n<meta property=\"article:publisher\" content=\"https:\/\/www.facebook.com\/lavoixdelanation\" \/>\n<meta property=\"article:published_time\" content=\"2026-09-01T21:55:00+00:00\" \/>\n<meta property=\"article:modified_time\" content=\"2026-09-03T14:18:15+00:00\" \/>\n<meta property=\"og:image\" content=\"https:\/\/lavoixdelanation.tg\/wp-content\/uploads\/2026\/09\/Faure-Gnassingbe-avec-Alexandre-Loukachenko.jpeg\" \/>\n\t<meta property=\"og:image:width\" content=\"800\" \/>\n\t<meta property=\"og:image:height\" content=\"542\" \/>\n\t<meta property=\"og:image:type\" content=\"image\/jpeg\" \/>\n<meta name=\"author\" content=\"La voix de la nation\" \/>\n<meta name=\"twitter:card\" content=\"summary_large_image\" \/>\n<meta name=\"twitter:label1\" content=\"\u00c9crit par\" \/>\n\t<meta name=\"twitter:data1\" content=\"La voix de la nation\" \/>\n\t<meta name=\"twitter:label2\" content=\"Dur\u00e9e de lecture estim\u00e9e\" \/>\n\t<meta name=\"twitter:data2\" content=\"2 minutes\" \/>\n<script type=\"application\/ld+json\" class=\"yoast-schema-graph\">{\"@context\":\"https:\/\/schema.org\",\"@graph\":[{\"@type\":\"Article\",\"@id\":\"https:\/\/lavoixdelanation.tg\/index.php\/2026\/09\/01\/la-bielorussie-reaffirme-son-engagement-a-renforcer-son-partenariat-avec-le-togo\/#article\",\"isPartOf\":{\"@id\":\"https:\/\/lavoixdelanation.tg\/index.php\/2026\/09\/01\/la-bielorussie-reaffirme-son-engagement-a-renforcer-son-partenariat-avec-le-togo\/\"},\"author\":{\"name\":\"La voix de la nation\",\"@id\":\"https:\/\/lavoixdelanation.tg\/#\/schema\/person\/6c489293aa38053673a9e554acb6e224\"},\"headline\":\"La Bi\u00e9lorussie r\u00e9affirme son engagement \u00e0 renforcer son partenariat avec le Togo\",\"datePublished\":\"2026-09-01T21:55:00+00:00\",\"dateModified\":\"2026-09-03T14:18:15+00:00\",\"mainEntityOfPage\":{\"@id\":\"https:\/\/lavoixdelanation.tg\/index.php\/2026\/09\/01\/la-bielorussie-reaffirme-son-engagement-a-renforcer-son-partenariat-avec-le-togo\/\"},\"wordCount\":394,\"commentCount\":0,\"publisher\":{\"@id\":\"https:\/\/lavoixdelanation.tg\/#organization\"},\"image\":{\"@id\":\"https:\/\/lavoixdelanation.tg\/index.php\/2026\/09\/01\/la-bielorussie-reaffirme-son-engagement-a-renforcer-son-partenariat-avec-le-togo\/#primaryimage\"},\"thumbnailUrl\":\"https:\/\/lavoixdelanation.tg\/wp-content\/uploads\/2026\/09\/Faure-Gnassingbe-avec-Alexandre-Loukachenko.jpeg\",\"keywords\":[\"Alexandre Loukachenko\",\"Bi\u00e9lorussie\",\"Faure Essozimna GNASSINGBE\",\"partenariat\",\"Togo\"],\"articleSection\":[\"Diplomatie\"],\"inLanguage\":\"fr-FR\",\"potentialAction\":[{\"@type\":\"CommentAction\",\"name\":\"Comment\",\"target\":[\"https:\/\/lavoixdelanation.tg\/index.php\/2026\/09\/01\/la-bielorussie-reaffirme-son-engagement-a-renforcer-son-partenariat-avec-le-togo\/#respond\"]}]},{\"@type\":\"WebPage\",\"@id\":\"https:\/\/lavoixdelanation.tg\/index.php\/2026\/09\/01\/la-bielorussie-reaffirme-son-engagement-a-renforcer-son-partenariat-avec-le-togo\/\",\"url\":\"https:\/\/lavoixdelanation.tg\/index.php\/2026\/09\/01\/la-bielorussie-reaffirme-son-engagement-a-renforcer-son-partenariat-avec-le-togo\/\",\"name\":\"La Bi\u00e9lorussie r\u00e9affirme son engagement \u00e0 renforcer son partenariat avec le Togo - La Voix de la Nation\",\"isPartOf\":{\"@id\":\"https:\/\/lavoixdelanation.tg\/#website\"},\"primaryImageOfPage\":{\"@id\":\"https:\/\/lavoixdelanation.tg\/index.php\/2026\/09\/01\/la-bielorussie-reaffirme-son-engagement-a-renforcer-son-partenariat-avec-le-togo\/#primaryimage\"},\"image\":{\"@id\":\"https:\/\/lavoixdelanation.tg\/index.php\/2026\/09\/01\/la-bielorussie-reaffirme-son-engagement-a-renforcer-son-partenariat-avec-le-togo\/#primaryimage\"},\"thumbnailUrl\":\"https:\/\/lavoixdelanation.tg\/wp-content\/uploads\/2026\/09\/Faure-Gnassingbe-avec-Alexandre-Loukachenko.jpeg\",\"datePublished\":\"2026-09-01T21:55:00+00:00\",\"dateModified\":\"2026-09-03T14:18:15+00:00\",\"breadcrumb\":{\"@id\":\"https:\/\/lavoixdelanation.tg\/index.php\/2026\/09\/01\/la-bielorussie-reaffirme-son-engagement-a-renforcer-son-partenariat-avec-le-togo\/#breadcrumb\"},\"inLanguage\":\"fr-FR\",\"potentialAction\":[{\"@type\":\"ReadAction\",\"target\":[\"https:\/\/lavoixdelanation.tg\/index.php\/2026\/09\/01\/la-bielorussie-reaffirme-son-engagement-a-renforcer-son-partenariat-avec-le-togo\/\"]}]},{\"@type\":\"ImageObject\",\"inLanguage\":\"fr-FR\",\"@id\":\"https:\/\/lavoixdelanation.tg\/index.php\/2026\/09\/01\/la-bielorussie-reaffirme-son-engagement-a-renforcer-son-partenariat-avec-le-togo\/#primaryimage\",\"url\":\"https:\/\/lavoixdelanation.tg\/wp-content\/uploads\/2026\/09\/Faure-Gnassingbe-avec-Alexandre-Loukachenko.jpeg\",\"contentUrl\":\"https:\/\/lavoixdelanation.tg\/wp-content\/uploads\/2026\/09\/Faure-Gnassingbe-avec-Alexandre-Loukachenko.jpeg\",\"width\":800,\"height\":542},{\"@type\":\"BreadcrumbList\",\"@id\":\"https:\/\/lavoixdelanation.tg\/index.php\/2026\/09\/01\/la-bielorussie-reaffirme-son-engagement-a-renforcer-son-partenariat-avec-le-togo\/#breadcrumb\",\"itemListElement\":[{\"@type\":\"ListItem\",\"position\":1,\"name\":\"Accueil\",\"item\":\"https:\/\/lavoixdelanation.tg\/\"},{\"@type\":\"ListItem\",\"position\":2,\"name\":\"La Bi\u00e9lorussie r\u00e9affirme son engagement \u00e0 renforcer son partenariat avec le Togo\"}]},{\"@type\":\"WebSite\",\"@id\":\"https:\/\/lavoixdelanation.tg\/#website\",\"url\":\"https:\/\/lavoixdelanation.tg\/\",\"name\":\"La Voix de la Nation\",\"description\":\"R\u00e9c\u00e9piss\u00e9 n\u00b00108\/HAAC\/01-2024\/pl\/P\",\"publisher\":{\"@id\":\"https:\/\/lavoixdelanation.tg\/#organization\"},\"alternateName\":\"VON\",\"potentialAction\":[{\"@type\":\"SearchAction\",\"target\":{\"@type\":\"EntryPoint\",\"urlTemplate\":\"https:\/\/lavoixdelanation.tg\/?s={search_term_string}\"},\"query-input\":{\"@type\":\"PropertyValueSpecification\",\"valueRequired\":true,\"valueName\":\"search_term_string\"}}],\"inLanguage\":\"fr-FR\"},{\"@type\":\"Organization\",\"@id\":\"https:\/\/lavoixdelanation.tg\/#organization\",\"name\":\"La Voix de la Nation\",\"url\":\"https:\/\/lavoixdelanation.tg\/\",\"logo\":{\"@type\":\"ImageObject\",\"inLanguage\":\"fr-FR\",\"@id\":\"https:\/\/lavoixdelanation.tg\/#\/schema\/logo\/image\/\",\"url\":\"https:\/\/lavoixdelanation.tg\/wp-content\/uploads\/2024\/12\/lavn-1.png\",\"contentUrl\":\"https:\/\/lavoixdelanation.tg\/wp-content\/uploads\/2024\/12\/lavn-1.png\",\"width\":1024,\"height\":464,\"caption\":\"La Voix de la Nation\"},\"image\":{\"@id\":\"https:\/\/lavoixdelanation.tg\/#\/schema\/logo\/image\/\"},\"sameAs\":[\"https:\/\/www.facebook.com\/lavoixdelanation\"]},{\"@type\":\"Person\",\"@id\":\"https:\/\/lavoixdelanation.tg\/#\/schema\/person\/6c489293aa38053673a9e554acb6e224\",\"name\":\"La voix de la nation\",\"image\":{\"@type\":\"ImageObject\",\"inLanguage\":\"fr-FR\",\"@id\":\"https:\/\/lavoixdelanation.tg\/#\/schema\/person\/image\/\",\"url\":\"https:\/\/secure.gravatar.com\/avatar\/8aa135d4bbc794494cecaa8d483f6d6cc1023624868deaff686baed5e727a5a1?s=96&d=mm&r=g\",\"contentUrl\":\"https:\/\/secure.gravatar.com\/avatar\/8aa135d4bbc794494cecaa8d483f6d6cc1023624868deaff686baed5e727a5a1?s=96&d=mm&r=g\",\"caption\":\"La voix de la nation\"},\"sameAs\":[\"https:\/\/lavoixdelanation.tg\"],\"url\":\"https:\/\/lavoixdelanation.tg\/index.php\/author\/lavn\/\"}]}<\/script>\n<!-- \/ Yoast SEO plugin. -->","yoast_head_json":{"title":"La Bi\u00e9lorussie r\u00e9affirme son engagement \u00e0 renforcer son partenariat avec le Togo - La Voix de la Nation","robots":{"index":"index","follow":"follow","max-snippet":"max-snippet:-1","max-image-preview":"max-image-preview:large","max-video-preview":"max-video-preview:-1"},"canonical":"https:\/\/lavoixdelanation.tg\/index.php\/2026\/09\/01\/la-bielorussie-reaffirme-son-engagement-a-renforcer-son-partenariat-avec-le-togo\/","og_locale":"fr_FR","og_type":"article","og_title":"La Bi\u00e9lorussie r\u00e9affirme son engagement \u00e0 renforcer son partenariat avec le Togo - La Voix de la Nation","og_description":"En marge du 26\u1d49 sommet de l\u2019Organisation de coop\u00e9ration de Shanghai (OCS), le Pr\u00e9sident du Conseil Faure Essozimna Gnassingb\u00e9 s\u2019est entretenu ce 1er septembre 2026 \u00e0 Bichkek au Kirghizistan, avec&hellip;","og_url":"https:\/\/lavoixdelanation.tg\/index.php\/2026\/09\/01\/la-bielorussie-reaffirme-son-engagement-a-renforcer-son-partenariat-avec-le-togo\/","og_site_name":"La Voix de la Nation","article_publisher":"https:\/\/www.facebook.com\/lavoixdelanation","article_published_time":"2026-09-01T21:55:00+00:00","article_modified_time":"2026-09-03T14:18:15+00:00","og_image":[{"width":800,"height":542,"url":"https:\/\/lavoixdelanation.tg\/wp-content\/uploads\/2026\/09\/Faure-Gnassingbe-avec-Alexandre-Loukachenko.jpeg","type":"image\/jpeg"}],"author":"La voix de la nation","twitter_card":"summary_large_image","twitter_misc":{"\u00c9crit par":"La voix de la nation","Dur\u00e9e de lecture estim\u00e9e":"2 minutes"},"schema":{"@context":"https:\/\/schema.org","@graph":[{"@type":"Article","@id":"https:\/\/lavoixdelanation.tg\/index.php\/2026\/09\/01\/la-bielorussie-reaffirme-son-engagement-a-renforcer-son-partenariat-avec-le-togo\/#article","isPartOf":{"@id":"https:\/\/lavoixdelanation.tg\/index.php\/2026\/09\/01\/la-bielorussie-reaffirme-son-engagement-a-renforcer-son-partenariat-avec-le-togo\/"},"author":{"name":"La voix de la nation","@id":"https:\/\/lavoixdelanation.tg\/#\/schema\/person\/6c489293aa38053673a9e554acb6e224"},"headline":"La Bi\u00e9lorussie r\u00e9affirme son engagement \u00e0 renforcer son partenariat avec le Togo","datePublished":"2026-09-01T21:55:00+00:00","dateModified":"2026-09-03T14:18:15+00:00","mainEntityOfPage":{"@id":"https:\/\/lavoixdelanation.tg\/index.php\/2026\/09\/01\/la-bielorussie-reaffirme-son-engagement-a-renforcer-son-partenariat-avec-le-togo\/"},"wordCount":394,"commentCount":0,"publisher":{"@id":"https:\/\/lavoixdelanation.tg\/#organization"},"image":{"@id":"https:\/\/lavoixdelanation.tg\/index.php\/2026\/09\/01\/la-bielorussie-reaffirme-son-engagement-a-renforcer-son-partenariat-avec-le-togo\/#primaryimage"},"thumbnailUrl":"https:\/\/lavoixdelanation.tg\/wp-content\/uploads\/2026\/09\/Faure-Gnassingbe-avec-Alexandre-Loukachenko.jpeg","keywords":["Alexandre Loukachenko","Bi\u00e9lorussie","Faure Essozimna GNASSINGBE","partenariat","Togo"],"articleSection":["Diplomatie"],"inLanguage":"fr-FR","potentialAction":[{"@type":"CommentAction","name":"Comment","target":["https:\/\/lavoixdelanation.tg\/index.php\/2026\/09\/01\/la-bielorussie-reaffirme-son-engagement-a-renforcer-son-partenariat-avec-le-togo\/#respond"]}]},{"@type":"WebPage","@id":"https:\/\/lavoixdelanation.tg\/index.php\/2026\/09\/01\/la-bielorussie-reaffirme-son-engagement-a-renforcer-son-partenariat-avec-le-togo\/","url":"https:\/\/lavoixdelanation.tg\/index.php\/2026\/09\/01\/la-bielorussie-reaffirme-son-engagement-a-renforcer-son-partenariat-avec-le-togo\/","name":"La Bi\u00e9lorussie r\u00e9affirme son engagement \u00e0 renforcer son partenariat avec le Togo - La Voix de la Nation","isPartOf":{"@id":"https:\/\/lavoixdelanation.tg\/#website"},"primaryImageOfPage":{"@id":"https:\/\/lavoixdelanation.tg\/index.php\/2026\/09\/01\/la-bielorussie-reaffirme-son-engagement-a-renforcer-son-partenariat-avec-le-togo\/#primaryimage"},"image":{"@id":"https:\/\/lavoixdelanation.tg\/index.php\/2026\/09\/01\/la-bielorussie-reaffirme-son-engagement-a-renforcer-son-partenariat-avec-le-togo\/#primaryimage"},"thumbnailUrl":"https:\/\/lavoixdelanation.tg\/wp-content\/uploads\/2026\/09\/Faure-Gnassingbe-avec-Alexandre-Loukachenko.jpeg","datePublished":"2026-09-01T21:55:00+00:00","dateModified":"2026-09-03T14:18:15+00:00","breadcrumb":{"@id":"https:\/\/lavoixdelanation.tg\/index.php\/2026\/09\/01\/la-bielorussie-reaffirme-son-engagement-a-renforcer-son-partenariat-avec-le-togo\/#breadcrumb"},"inLanguage":"fr-FR","potentialAction":[{"@type":"ReadAction","target":["https:\/\/lavoixdelanation.tg\/index.php\/2026\/09\/01\/la-bielorussie-reaffirme-son-engagement-a-renforcer-son-partenariat-avec-le-togo\/"]}]},{"@type":"ImageObject","inLanguage":"fr-FR","@id":"https:\/\/lavoixdelanation.tg\/index.php\/2026\/09\/01\/la-bielorussie-reaffirme-son-engagement-a-renforcer-son-partenariat-avec-le-togo\/#primaryimage","url":"https:\/\/lavoixdelanation.tg\/wp-content\/uploads\/2026\/09\/Faure-Gnassingbe-avec-Alexandre-Loukachenko.jpeg","contentUrl":"https:\/\/lavoixdelanation.tg\/wp-content\/uploads\/2026\/09\/Faure-Gnassingbe-avec-Alexandre-Loukachenko.jpeg","width":800,"height":542},{"@type":"BreadcrumbList","@id":"https:\/\/lavoixdelanation.tg\/index.php\/2026\/09\/01\/la-bielorussie-reaffirme-son-engagement-a-renforcer-son-partenariat-avec-le-togo\/#breadcrumb","itemListElement":[{"@type":"ListItem","position":1,"name":"Accueil","item":"https:\/\/lavoixdelanation.tg\/"},{"@type":"ListItem","position":2,"name":"La Bi\u00e9lorussie r\u00e9affirme son engagement \u00e0 renforcer son partenariat avec le Togo"}]},{"@type":"WebSite","@id":"https:\/\/lavoixdelanation.tg\/#website","url":"https:\/\/lavoixdelanation.tg\/","name":"La Voix de la Nation","description":"R\u00e9c\u00e9piss\u00e9 n\u00b00108\/HAAC\/01-2024\/pl\/P","publisher":{"@id":"https:\/\/lavoixdelanation.tg\/#organization"},"alternateName":"VON","potentialAction":[{"@type":"SearchAction","target":{"@type":"EntryPoint","urlTemplate":"https:\/\/lavoixdelanation.tg\/?s={search_term_string}"},"query-input":{"@type":"PropertyValueSpecification","valueRequired":true,"valueName":"search_term_string"}}],"inLanguage":"fr-FR"},{"@type":"Organization","@id":"https:\/\/lavoixdelanation.tg\/#organization","name":"La Voix de la Nation","url":"https:\/\/lavoixdelanation.tg\/","logo":{"@type":"ImageObject","inLanguage":"fr-FR","@id":"https:\/\/lavoixdelanation.tg\/#\/schema\/logo\/image\/","url":"https:\/\/lavoixdelanation.tg\/wp-content\/uploads\/2024\/12\/lavn-1.png","contentUrl":"https:\/\/lavoixdelanation.tg\/wp-content\/uploads\/2024\/12\/lavn-1.png","width":1024,"height":464,"caption":"La Voix de la Nation"},"image":{"@id":"https:\/\/lavoixdelanation.tg\/#\/schema\/logo\/image\/"},"sameAs":["https:\/\/www.facebook.com\/lavoixdelanation"]},{"@type":"Person","@id":"https:\/\/lavoixdelanation.tg\/#\/schema\/person\/6c489293aa38053673a9e554acb6e224","name":"La voix de la nation","image":{"@type":"ImageObject","inLanguage":"fr-FR","@id":"https:\/\/lavoixdelanation.tg\/#\/schema\/person\/image\/","url":"https:\/\/secure.gravatar.com\/avatar\/8aa135d4bbc794494cecaa8d483f6d6cc1023624868deaff686baed5e727a5a1?s=96&d=mm&r=g","contentUrl":"https:\/\/secure.gravatar.com\/avatar\/8aa135d4bbc794494cecaa8d483f6d6cc1023624868deaff686baed5e727a5a1?s=96&d=mm&r=g","caption":"La voix de la nation"},"sameAs":["https:\/\/lavoixdelanation.tg"],"url":"https:\/\/lavoixdelanation.tg\/index.php\/author\/lavn\/"}]}},"_links":{"self":[{"href":"https:\/\/lavoixdelanation.tg\/index.php\/wp-json\/wp\/v2\/posts\/16880","targetHints":{"allow":["GET"]}}],"collection":[{"href":"https:\/\/lavoixdelanation.tg\/index.php\/wp-json\/wp\/v2\/posts"}],"about":[{"href":"https:\/\/lavoixdelanation.tg\/index.php\/wp-json\/wp\/v2\/types\/post"}],"author":[{"embeddable":true,"href":"https:\/\/lavoixdelanation.tg\/index.php\/wp-json\/wp\/v2\/users\/1"}],"replies":[{"embeddable":true,"href":"https:\/\/lavoixdelanation.tg\/index.php\/wp-json\/wp\/v2\/comments?post=16880"}],"version-history":[{"count":1,"href":"https:\/\/lavoixdelanation.tg\/index.php\/wp-json\/wp\/v2\/posts\/16880\/revisions"}],"predecessor-version":[{"id":16882,"href":"https:\/\/lavoixdelanation.tg\/index.php\/wp-json\/wp\/v2\/posts\/16880\/revisions\/16882"}],"wp:featuredmedia":[{"embeddable":true,"href":"https:\/\/lavoixdelanation.tg\/index.php\/wp-json\/wp\/v2\/media\/16881"}],"wp:attachment":[{"href":"https:\/\/lavoixdelanation.tg\/index.php\/wp-json\/wp\/v2\/media?parent=16880"}],"wp:term":[{"taxonomy":"category","embeddable":true,"href":"https:\/\/lavoixdelanation.tg\/index.php\/wp-json\/wp\/v2\/categories?post=16880"},{"taxonomy":"post_tag","embeddable":true,"href":"https:\/\/lavoixdelanation.tg\/index.php\/wp-json\/wp\/v2\/tags?post=16880"}],"curies":[{"name":"wp","href":"https:\/\/api.w.org\/{rel}","templated":true}]}}