{"id":16877,"date":"2026-09-02T15:49:07","date_gmt":"2026-09-02T13:49:07","guid":{"rendered":"https:\/\/lavoixdelanation.tg\/?p=16877"},"modified":"2026-09-03T15:51:59","modified_gmt":"2026-09-03T13:51:59","slug":"vers-un-renforcement-des-liens-de-cooperation-entre-togo-et-le-vietnam","status":"publish","type":"post","link":"https:\/\/lavoixdelanation.tg\/index.php\/2026\/09\/02\/vers-un-renforcement-des-liens-de-cooperation-entre-togo-et-le-vietnam\/","title":{"rendered":"Vers un renforcement des liens de Coop\u00e9ration\u00a0 entre Togo et le Vietnam"},"content":{"rendered":"\n<p class=\"wp-block-paragraph\">Les liens d\u2019amiti\u00e9 et de coop\u00e9ration qui unissent Lom\u00e9 et Hano\u00ef sont en passe de se renforcer davantage. Le partenariat entre le Togo et le Vietnam a \u00e9t\u00e9 en effet au c\u0153ur d\u2019un \u00e9change, ce 1er septembre 2026 \u00e0 Bichkek, au Kirghizistan entre le Pr\u00e9sident du Conseil Faure Essozimna Gnassingb\u00e9 et la Vice-pr\u00e9sidente vietnamienne, Vo Thi Anh Xuan.<\/p>\n\n\n\n<p class=\"wp-block-paragraph\">La rencontre s\u2019est tenue \u00e0 l\u2019occasion du 26\u1d49 sommet de l\u2019Organisation de coop\u00e9ration de Shanghai (OCS) qui se d\u00e9roule \u00e0 Bichkek, au Kirghizistan.<\/p>\n\n\n\n<p class=\"wp-block-paragraph\">Les deux personnalit\u00e9s ont examin\u00e9 les m\u00e9canismes susceptibles de renforcer les liens d\u2019amiti\u00e9 et de coop\u00e9ration qui unissent Lom\u00e9 et Hano\u00ef.<\/p>\n\n\n\n<p class=\"wp-block-paragraph\">Les \u00e9changes \u00e0 Bichkek t\u00e9moignent de la volont\u00e9 des dirigeants des deux pays de donner une nouvelle impulsion \u00e0 ce partenariat historique.<\/p>\n\n\n\n<p class=\"wp-block-paragraph\">Il faut souligner que le Togo et le Vietnam d\u00e9veloppent des relations d\u2019amiti\u00e9 et de coop\u00e9ration historiques fond\u00e9es sur la confiance et la recherche d\u2019int\u00e9r\u00eats mutuellement b\u00e9n\u00e9fiques. Depuis 1975, les deux pays ont progressivement b\u00e2ti un partenariat reposant sur une convergence de vues sur de nombreuses questions d\u2019int\u00e9r\u00eat commun.<\/p>\n\n\n\n<p class=\"wp-block-paragraph\">Cette coop\u00e9ration s\u2019est d\u00e9velopp\u00e9e dans plusieurs secteurs strat\u00e9giques, notamment l\u2019agriculture, l\u2019\u00e9conomie, le commerce, l\u2019investissement, la culture, l\u2019\u00e9ducation, la science et la technologie. Les deux pays partagent \u00e9galement leurs exp\u00e9riences en mati\u00e8re de d\u00e9veloppement du capital humain.<\/p>\n\n\n\n<p class=\"wp-block-paragraph\">Par ailleurs sur le plan international, le Togo et le Vietnam ont \u00e9galement consolid\u00e9 leur coop\u00e9ration au sein des instances multilat\u00e9rales.<\/p>\n\n\n\n<p class=\"wp-block-paragraph\"><strong>La R\u00e9daction<\/strong><\/p>\n","protected":false},"excerpt":{"rendered":"<p>Les liens d\u2019amiti\u00e9 et de coop\u00e9ration qui unissent Lom\u00e9 et Hano\u00ef sont en passe de se renforcer davantage. Le partenariat entre le Togo et le Vietnam a \u00e9t\u00e9 en effet&hellip; <\/p>\n","protected":false},"author":1,"featured_media":16878,"comment_status":"open","ping_status":"closed","sticky":false,"template":"","format":"standard","meta":{"footnotes":""},"categories":[12],"tags":[92,39,294],"class_list":["post-16877","post","type-post","status-publish","format-standard","has-post-thumbnail","hentry","category-diplomatie","tag-cooperation","tag-togo","tag-vietnam"],"yoast_head":"<!-- This site is optimized with the Yoast SEO plugin v26.4 - https:\/\/yoast.com\/wordpress\/plugins\/seo\/ -->\n<title>Vers un renforcement des liens de Coop\u00e9ration\u00a0 entre Togo et le Vietnam - La Voix de la Nation<\/title>\n<meta name=\"robots\" content=\"index, follow, max-snippet:-1, max-image-preview:large, max-video-preview:-1\" \/>\n<link rel=\"canonical\" href=\"https:\/\/lavoixdelanation.tg\/index.php\/2026\/09\/02\/vers-un-renforcement-des-liens-de-cooperation-entre-togo-et-le-vietnam\/\" \/>\n<meta property=\"og:locale\" content=\"fr_FR\" \/>\n<meta property=\"og:type\" content=\"article\" \/>\n<meta property=\"og:title\" content=\"Vers un renforcement des liens de Coop\u00e9ration\u00a0 entre Togo et le Vietnam - La Voix de la Nation\" \/>\n<meta property=\"og:description\" content=\"Les liens d\u2019amiti\u00e9 et de coop\u00e9ration qui unissent Lom\u00e9 et Hano\u00ef sont en passe de se renforcer davantage. Le partenariat entre le Togo et le Vietnam a \u00e9t\u00e9 en effet&hellip;\" \/>\n<meta property=\"og:url\" content=\"https:\/\/lavoixdelanation.tg\/index.php\/2026\/09\/02\/vers-un-renforcement-des-liens-de-cooperation-entre-togo-et-le-vietnam\/\" \/>\n<meta property=\"og:site_name\" content=\"La Voix de la Nation\" \/>\n<meta property=\"article:publisher\" content=\"https:\/\/www.facebook.com\/lavoixdelanation\" \/>\n<meta property=\"article:published_time\" content=\"2026-09-02T13:49:07+00:00\" \/>\n<meta property=\"article:modified_time\" content=\"2026-09-03T13:51:59+00:00\" \/>\n<meta property=\"og:image\" content=\"https:\/\/lavoixdelanation.tg\/wp-content\/uploads\/2026\/09\/Vo-Thi-Anh-Xuan-avec-Faure-Gnassingbe.jpeg\" \/>\n\t<meta property=\"og:image:width\" content=\"800\" \/>\n\t<meta property=\"og:image:height\" content=\"758\" \/>\n\t<meta property=\"og:image:type\" content=\"image\/jpeg\" \/>\n<meta name=\"author\" content=\"La voix de la nation\" \/>\n<meta name=\"twitter:card\" content=\"summary_large_image\" \/>\n<meta name=\"twitter:label1\" content=\"\u00c9crit par\" \/>\n\t<meta name=\"twitter:data1\" content=\"La voix de la nation\" \/>\n\t<meta name=\"twitter:label2\" content=\"Dur\u00e9e de lecture estim\u00e9e\" \/>\n\t<meta name=\"twitter:data2\" content=\"2 minutes\" \/>\n<script type=\"application\/ld+json\" class=\"yoast-schema-graph\">{\"@context\":\"https:\/\/schema.org\",\"@graph\":[{\"@type\":\"Article\",\"@id\":\"https:\/\/lavoixdelanation.tg\/index.php\/2026\/09\/02\/vers-un-renforcement-des-liens-de-cooperation-entre-togo-et-le-vietnam\/#article\",\"isPartOf\":{\"@id\":\"https:\/\/lavoixdelanation.tg\/index.php\/2026\/09\/02\/vers-un-renforcement-des-liens-de-cooperation-entre-togo-et-le-vietnam\/\"},\"author\":{\"name\":\"La voix de la nation\",\"@id\":\"https:\/\/lavoixdelanation.tg\/#\/schema\/person\/6c489293aa38053673a9e554acb6e224\"},\"headline\":\"Vers un renforcement des liens de Coop\u00e9ration\u00a0 entre Togo et le Vietnam\",\"datePublished\":\"2026-09-02T13:49:07+00:00\",\"dateModified\":\"2026-09-03T13:51:59+00:00\",\"mainEntityOfPage\":{\"@id\":\"https:\/\/lavoixdelanation.tg\/index.php\/2026\/09\/02\/vers-un-renforcement-des-liens-de-cooperation-entre-togo-et-le-vietnam\/\"},\"wordCount\":281,\"commentCount\":0,\"publisher\":{\"@id\":\"https:\/\/lavoixdelanation.tg\/#organization\"},\"image\":{\"@id\":\"https:\/\/lavoixdelanation.tg\/index.php\/2026\/09\/02\/vers-un-renforcement-des-liens-de-cooperation-entre-togo-et-le-vietnam\/#primaryimage\"},\"thumbnailUrl\":\"https:\/\/lavoixdelanation.tg\/wp-content\/uploads\/2026\/09\/Vo-Thi-Anh-Xuan-avec-Faure-Gnassingbe.jpeg\",\"keywords\":[\"Coop\u00e9ration\",\"Togo\",\"Vietnam\"],\"articleSection\":[\"Diplomatie\"],\"inLanguage\":\"fr-FR\",\"potentialAction\":[{\"@type\":\"CommentAction\",\"name\":\"Comment\",\"target\":[\"https:\/\/lavoixdelanation.tg\/index.php\/2026\/09\/02\/vers-un-renforcement-des-liens-de-cooperation-entre-togo-et-le-vietnam\/#respond\"]}]},{\"@type\":\"WebPage\",\"@id\":\"https:\/\/lavoixdelanation.tg\/index.php\/2026\/09\/02\/vers-un-renforcement-des-liens-de-cooperation-entre-togo-et-le-vietnam\/\",\"url\":\"https:\/\/lavoixdelanation.tg\/index.php\/2026\/09\/02\/vers-un-renforcement-des-liens-de-cooperation-entre-togo-et-le-vietnam\/\",\"name\":\"Vers un renforcement des liens de Coop\u00e9ration\u00a0 entre Togo et le Vietnam - La Voix de la Nation\",\"isPartOf\":{\"@id\":\"https:\/\/lavoixdelanation.tg\/#website\"},\"primaryImageOfPage\":{\"@id\":\"https:\/\/lavoixdelanation.tg\/index.php\/2026\/09\/02\/vers-un-renforcement-des-liens-de-cooperation-entre-togo-et-le-vietnam\/#primaryimage\"},\"image\":{\"@id\":\"https:\/\/lavoixdelanation.tg\/index.php\/2026\/09\/02\/vers-un-renforcement-des-liens-de-cooperation-entre-togo-et-le-vietnam\/#primaryimage\"},\"thumbnailUrl\":\"https:\/\/lavoixdelanation.tg\/wp-content\/uploads\/2026\/09\/Vo-Thi-Anh-Xuan-avec-Faure-Gnassingbe.jpeg\",\"datePublished\":\"2026-09-02T13:49:07+00:00\",\"dateModified\":\"2026-09-03T13:51:59+00:00\",\"breadcrumb\":{\"@id\":\"https:\/\/lavoixdelanation.tg\/index.php\/2026\/09\/02\/vers-un-renforcement-des-liens-de-cooperation-entre-togo-et-le-vietnam\/#breadcrumb\"},\"inLanguage\":\"fr-FR\",\"potentialAction\":[{\"@type\":\"ReadAction\",\"target\":[\"https:\/\/lavoixdelanation.tg\/index.php\/2026\/09\/02\/vers-un-renforcement-des-liens-de-cooperation-entre-togo-et-le-vietnam\/\"]}]},{\"@type\":\"ImageObject\",\"inLanguage\":\"fr-FR\",\"@id\":\"https:\/\/lavoixdelanation.tg\/index.php\/2026\/09\/02\/vers-un-renforcement-des-liens-de-cooperation-entre-togo-et-le-vietnam\/#primaryimage\",\"url\":\"https:\/\/lavoixdelanation.tg\/wp-content\/uploads\/2026\/09\/Vo-Thi-Anh-Xuan-avec-Faure-Gnassingbe.jpeg\",\"contentUrl\":\"https:\/\/lavoixdelanation.tg\/wp-content\/uploads\/2026\/09\/Vo-Thi-Anh-Xuan-avec-Faure-Gnassingbe.jpeg\",\"width\":800,\"height\":758,\"caption\":\"Vo Thi Anh Xuan avec Faure Gnassingb\u00e9\"},{\"@type\":\"BreadcrumbList\",\"@id\":\"https:\/\/lavoixdelanation.tg\/index.php\/2026\/09\/02\/vers-un-renforcement-des-liens-de-cooperation-entre-togo-et-le-vietnam\/#breadcrumb\",\"itemListElement\":[{\"@type\":\"ListItem\",\"position\":1,\"name\":\"Accueil\",\"item\":\"https:\/\/lavoixdelanation.tg\/\"},{\"@type\":\"ListItem\",\"position\":2,\"name\":\"Vers un renforcement des liens de Coop\u00e9ration\u00a0 entre Togo et le Vietnam\"}]},{\"@type\":\"WebSite\",\"@id\":\"https:\/\/lavoixdelanation.tg\/#website\",\"url\":\"https:\/\/lavoixdelanation.tg\/\",\"name\":\"La Voix de la Nation\",\"description\":\"R\u00e9c\u00e9piss\u00e9 n\u00b00108\/HAAC\/01-2024\/pl\/P\",\"publisher\":{\"@id\":\"https:\/\/lavoixdelanation.tg\/#organization\"},\"alternateName\":\"VON\",\"potentialAction\":[{\"@type\":\"SearchAction\",\"target\":{\"@type\":\"EntryPoint\",\"urlTemplate\":\"https:\/\/lavoixdelanation.tg\/?s={search_term_string}\"},\"query-input\":{\"@type\":\"PropertyValueSpecification\",\"valueRequired\":true,\"valueName\":\"search_term_string\"}}],\"inLanguage\":\"fr-FR\"},{\"@type\":\"Organization\",\"@id\":\"https:\/\/lavoixdelanation.tg\/#organization\",\"name\":\"La Voix de la Nation\",\"url\":\"https:\/\/lavoixdelanation.tg\/\",\"logo\":{\"@type\":\"ImageObject\",\"inLanguage\":\"fr-FR\",\"@id\":\"https:\/\/lavoixdelanation.tg\/#\/schema\/logo\/image\/\",\"url\":\"https:\/\/lavoixdelanation.tg\/wp-content\/uploads\/2024\/12\/lavn-1.png\",\"contentUrl\":\"https:\/\/lavoixdelanation.tg\/wp-content\/uploads\/2024\/12\/lavn-1.png\",\"width\":1024,\"height\":464,\"caption\":\"La Voix de la Nation\"},\"image\":{\"@id\":\"https:\/\/lavoixdelanation.tg\/#\/schema\/logo\/image\/\"},\"sameAs\":[\"https:\/\/www.facebook.com\/lavoixdelanation\"]},{\"@type\":\"Person\",\"@id\":\"https:\/\/lavoixdelanation.tg\/#\/schema\/person\/6c489293aa38053673a9e554acb6e224\",\"name\":\"La voix de la nation\",\"image\":{\"@type\":\"ImageObject\",\"inLanguage\":\"fr-FR\",\"@id\":\"https:\/\/lavoixdelanation.tg\/#\/schema\/person\/image\/\",\"url\":\"https:\/\/secure.gravatar.com\/avatar\/8aa135d4bbc794494cecaa8d483f6d6cc1023624868deaff686baed5e727a5a1?s=96&d=mm&r=g\",\"contentUrl\":\"https:\/\/secure.gravatar.com\/avatar\/8aa135d4bbc794494cecaa8d483f6d6cc1023624868deaff686baed5e727a5a1?s=96&d=mm&r=g\",\"caption\":\"La voix de la nation\"},\"sameAs\":[\"https:\/\/lavoixdelanation.tg\"],\"url\":\"https:\/\/lavoixdelanation.tg\/index.php\/author\/lavn\/\"}]}<\/script>\n<!-- \/ Yoast SEO plugin. -->","yoast_head_json":{"title":"Vers un renforcement des liens de Coop\u00e9ration\u00a0 entre Togo et le Vietnam - La Voix de la Nation","robots":{"index":"index","follow":"follow","max-snippet":"max-snippet:-1","max-image-preview":"max-image-preview:large","max-video-preview":"max-video-preview:-1"},"canonical":"https:\/\/lavoixdelanation.tg\/index.php\/2026\/09\/02\/vers-un-renforcement-des-liens-de-cooperation-entre-togo-et-le-vietnam\/","og_locale":"fr_FR","og_type":"article","og_title":"Vers un renforcement des liens de Coop\u00e9ration\u00a0 entre Togo et le Vietnam - La Voix de la Nation","og_description":"Les liens d\u2019amiti\u00e9 et de coop\u00e9ration qui unissent Lom\u00e9 et Hano\u00ef sont en passe de se renforcer davantage. Le partenariat entre le Togo et le Vietnam a \u00e9t\u00e9 en effet&hellip;","og_url":"https:\/\/lavoixdelanation.tg\/index.php\/2026\/09\/02\/vers-un-renforcement-des-liens-de-cooperation-entre-togo-et-le-vietnam\/","og_site_name":"La Voix de la Nation","article_publisher":"https:\/\/www.facebook.com\/lavoixdelanation","article_published_time":"2026-09-02T13:49:07+00:00","article_modified_time":"2026-09-03T13:51:59+00:00","og_image":[{"width":800,"height":758,"url":"https:\/\/lavoixdelanation.tg\/wp-content\/uploads\/2026\/09\/Vo-Thi-Anh-Xuan-avec-Faure-Gnassingbe.jpeg","type":"image\/jpeg"}],"author":"La voix de la nation","twitter_card":"summary_large_image","twitter_misc":{"\u00c9crit par":"La voix de la nation","Dur\u00e9e de lecture estim\u00e9e":"2 minutes"},"schema":{"@context":"https:\/\/schema.org","@graph":[{"@type":"Article","@id":"https:\/\/lavoixdelanation.tg\/index.php\/2026\/09\/02\/vers-un-renforcement-des-liens-de-cooperation-entre-togo-et-le-vietnam\/#article","isPartOf":{"@id":"https:\/\/lavoixdelanation.tg\/index.php\/2026\/09\/02\/vers-un-renforcement-des-liens-de-cooperation-entre-togo-et-le-vietnam\/"},"author":{"name":"La voix de la nation","@id":"https:\/\/lavoixdelanation.tg\/#\/schema\/person\/6c489293aa38053673a9e554acb6e224"},"headline":"Vers un renforcement des liens de Coop\u00e9ration\u00a0 entre Togo et le Vietnam","datePublished":"2026-09-02T13:49:07+00:00","dateModified":"2026-09-03T13:51:59+00:00","mainEntityOfPage":{"@id":"https:\/\/lavoixdelanation.tg\/index.php\/2026\/09\/02\/vers-un-renforcement-des-liens-de-cooperation-entre-togo-et-le-vietnam\/"},"wordCount":281,"commentCount":0,"publisher":{"@id":"https:\/\/lavoixdelanation.tg\/#organization"},"image":{"@id":"https:\/\/lavoixdelanation.tg\/index.php\/2026\/09\/02\/vers-un-renforcement-des-liens-de-cooperation-entre-togo-et-le-vietnam\/#primaryimage"},"thumbnailUrl":"https:\/\/lavoixdelanation.tg\/wp-content\/uploads\/2026\/09\/Vo-Thi-Anh-Xuan-avec-Faure-Gnassingbe.jpeg","keywords":["Coop\u00e9ration","Togo","Vietnam"],"articleSection":["Diplomatie"],"inLanguage":"fr-FR","potentialAction":[{"@type":"CommentAction","name":"Comment","target":["https:\/\/lavoixdelanation.tg\/index.php\/2026\/09\/02\/vers-un-renforcement-des-liens-de-cooperation-entre-togo-et-le-vietnam\/#respond"]}]},{"@type":"WebPage","@id":"https:\/\/lavoixdelanation.tg\/index.php\/2026\/09\/02\/vers-un-renforcement-des-liens-de-cooperation-entre-togo-et-le-vietnam\/","url":"https:\/\/lavoixdelanation.tg\/index.php\/2026\/09\/02\/vers-un-renforcement-des-liens-de-cooperation-entre-togo-et-le-vietnam\/","name":"Vers un renforcement des liens de Coop\u00e9ration\u00a0 entre Togo et le Vietnam - La Voix de la Nation","isPartOf":{"@id":"https:\/\/lavoixdelanation.tg\/#website"},"primaryImageOfPage":{"@id":"https:\/\/lavoixdelanation.tg\/index.php\/2026\/09\/02\/vers-un-renforcement-des-liens-de-cooperation-entre-togo-et-le-vietnam\/#primaryimage"},"image":{"@id":"https:\/\/lavoixdelanation.tg\/index.php\/2026\/09\/02\/vers-un-renforcement-des-liens-de-cooperation-entre-togo-et-le-vietnam\/#primaryimage"},"thumbnailUrl":"https:\/\/lavoixdelanation.tg\/wp-content\/uploads\/2026\/09\/Vo-Thi-Anh-Xuan-avec-Faure-Gnassingbe.jpeg","datePublished":"2026-09-02T13:49:07+00:00","dateModified":"2026-09-03T13:51:59+00:00","breadcrumb":{"@id":"https:\/\/lavoixdelanation.tg\/index.php\/2026\/09\/02\/vers-un-renforcement-des-liens-de-cooperation-entre-togo-et-le-vietnam\/#breadcrumb"},"inLanguage":"fr-FR","potentialAction":[{"@type":"ReadAction","target":["https:\/\/lavoixdelanation.tg\/index.php\/2026\/09\/02\/vers-un-renforcement-des-liens-de-cooperation-entre-togo-et-le-vietnam\/"]}]},{"@type":"ImageObject","inLanguage":"fr-FR","@id":"https:\/\/lavoixdelanation.tg\/index.php\/2026\/09\/02\/vers-un-renforcement-des-liens-de-cooperation-entre-togo-et-le-vietnam\/#primaryimage","url":"https:\/\/lavoixdelanation.tg\/wp-content\/uploads\/2026\/09\/Vo-Thi-Anh-Xuan-avec-Faure-Gnassingbe.jpeg","contentUrl":"https:\/\/lavoixdelanation.tg\/wp-content\/uploads\/2026\/09\/Vo-Thi-Anh-Xuan-avec-Faure-Gnassingbe.jpeg","width":800,"height":758,"caption":"Vo Thi Anh Xuan avec Faure Gnassingb\u00e9"},{"@type":"BreadcrumbList","@id":"https:\/\/lavoixdelanation.tg\/index.php\/2026\/09\/02\/vers-un-renforcement-des-liens-de-cooperation-entre-togo-et-le-vietnam\/#breadcrumb","itemListElement":[{"@type":"ListItem","position":1,"name":"Accueil","item":"https:\/\/lavoixdelanation.tg\/"},{"@type":"ListItem","position":2,"name":"Vers un renforcement des liens de Coop\u00e9ration\u00a0 entre Togo et le Vietnam"}]},{"@type":"WebSite","@id":"https:\/\/lavoixdelanation.tg\/#website","url":"https:\/\/lavoixdelanation.tg\/","name":"La Voix de la Nation","description":"R\u00e9c\u00e9piss\u00e9 n\u00b00108\/HAAC\/01-2024\/pl\/P","publisher":{"@id":"https:\/\/lavoixdelanation.tg\/#organization"},"alternateName":"VON","potentialAction":[{"@type":"SearchAction","target":{"@type":"EntryPoint","urlTemplate":"https:\/\/lavoixdelanation.tg\/?s={search_term_string}"},"query-input":{"@type":"PropertyValueSpecification","valueRequired":true,"valueName":"search_term_string"}}],"inLanguage":"fr-FR"},{"@type":"Organization","@id":"https:\/\/lavoixdelanation.tg\/#organization","name":"La Voix de la Nation","url":"https:\/\/lavoixdelanation.tg\/","logo":{"@type":"ImageObject","inLanguage":"fr-FR","@id":"https:\/\/lavoixdelanation.tg\/#\/schema\/logo\/image\/","url":"https:\/\/lavoixdelanation.tg\/wp-content\/uploads\/2024\/12\/lavn-1.png","contentUrl":"https:\/\/lavoixdelanation.tg\/wp-content\/uploads\/2024\/12\/lavn-1.png","width":1024,"height":464,"caption":"La Voix de la Nation"},"image":{"@id":"https:\/\/lavoixdelanation.tg\/#\/schema\/logo\/image\/"},"sameAs":["https:\/\/www.facebook.com\/lavoixdelanation"]},{"@type":"Person","@id":"https:\/\/lavoixdelanation.tg\/#\/schema\/person\/6c489293aa38053673a9e554acb6e224","name":"La voix de la nation","image":{"@type":"ImageObject","inLanguage":"fr-FR","@id":"https:\/\/lavoixdelanation.tg\/#\/schema\/person\/image\/","url":"https:\/\/secure.gravatar.com\/avatar\/8aa135d4bbc794494cecaa8d483f6d6cc1023624868deaff686baed5e727a5a1?s=96&d=mm&r=g","contentUrl":"https:\/\/secure.gravatar.com\/avatar\/8aa135d4bbc794494cecaa8d483f6d6cc1023624868deaff686baed5e727a5a1?s=96&d=mm&r=g","caption":"La voix de la nation"},"sameAs":["https:\/\/lavoixdelanation.tg"],"url":"https:\/\/lavoixdelanation.tg\/index.php\/author\/lavn\/"}]}},"_links":{"self":[{"href":"https:\/\/lavoixdelanation.tg\/index.php\/wp-json\/wp\/v2\/posts\/16877","targetHints":{"allow":["GET"]}}],"collection":[{"href":"https:\/\/lavoixdelanation.tg\/index.php\/wp-json\/wp\/v2\/posts"}],"about":[{"href":"https:\/\/lavoixdelanation.tg\/index.php\/wp-json\/wp\/v2\/types\/post"}],"author":[{"embeddable":true,"href":"https:\/\/lavoixdelanation.tg\/index.php\/wp-json\/wp\/v2\/users\/1"}],"replies":[{"embeddable":true,"href":"https:\/\/lavoixdelanation.tg\/index.php\/wp-json\/wp\/v2\/comments?post=16877"}],"version-history":[{"count":1,"href":"https:\/\/lavoixdelanation.tg\/index.php\/wp-json\/wp\/v2\/posts\/16877\/revisions"}],"predecessor-version":[{"id":16879,"href":"https:\/\/lavoixdelanation.tg\/index.php\/wp-json\/wp\/v2\/posts\/16877\/revisions\/16879"}],"wp:featuredmedia":[{"embeddable":true,"href":"https:\/\/lavoixdelanation.tg\/index.php\/wp-json\/wp\/v2\/media\/16878"}],"wp:attachment":[{"href":"https:\/\/lavoixdelanation.tg\/index.php\/wp-json\/wp\/v2\/media?parent=16877"}],"wp:term":[{"taxonomy":"category","embeddable":true,"href":"https:\/\/lavoixdelanation.tg\/index.php\/wp-json\/wp\/v2\/categories?post=16877"},{"taxonomy":"post_tag","embeddable":true,"href":"https:\/\/lavoixdelanation.tg\/index.php\/wp-json\/wp\/v2\/tags?post=16877"}],"curies":[{"name":"wp","href":"https:\/\/api.w.org\/{rel}","templated":true}]}}