{"id":16874,"date":"2026-09-03T09:07:00","date_gmt":"2026-09-03T07:07:00","guid":{"rendered":"https:\/\/lavoixdelanation.tg\/?p=16874"},"modified":"2026-09-03T15:21:27","modified_gmt":"2026-09-03T13:21:27","slug":"togo-appel-a-candidatures-pour-la-participation-au-xxe-sommet-de-la-francophonie","status":"publish","type":"post","link":"https:\/\/lavoixdelanation.tg\/index.php\/2026\/09\/03\/togo-appel-a-candidatures-pour-la-participation-au-xxe-sommet-de-la-francophonie\/","title":{"rendered":"Togo : Appel \u00e0 candidatures pour la participation au XXe Sommet de la Francophonie"},"content":{"rendered":"\n<p class=\"wp-block-paragraph\"><strong>La Conf\u00e9rence des Ministres de la Jeunesse et des Sports de la Francophonie (CONFEJES) lance \u00e0 l\u2019endroit des jeunes b\u00e9n\u00e9ficiaires du Programme de Promotion de l\u2019Entrepreneuriat des Jeunes (PPEJ), un appel \u00e0 candidatures afin de s\u00e9lectionner trois (03) b\u00e9n\u00e9ficiaires pour participer au XX\u00e8me Sommet de la Francophonie.<\/strong><\/p>\n\n\n\n<p class=\"wp-block-paragraph\">Ce Sommet qui se tiendra du 14 au 16 novembre 2026 au Cambodge en Asie, autour du th\u00e8me \u00ab R\u00e9inventer dans la paix pour une prosp\u00e9rit\u00e9 partag\u00e9e et une stabilit\u00e9 durable \u00bb.<\/p>\n\n\n\n<p class=\"wp-block-paragraph\">Le minist\u00e8re d\u00e9l\u00e9gu\u00e9, charg\u00e9 de la jeunesse et des sports a dans un communiqu\u00e9 publi\u00e9 \u00e0 cet effet, que les jeunes qui seront s\u00e9lectionn\u00e9s sur la base de la qualit\u00e9 et de l\u2019impact de leurs initiatives, prendront part au Village de la Francophonie pr\u00e9vu en marge dudit Sommet.<\/p>\n\n\n\n<p class=\"wp-block-paragraph\">Celui-ci leur offrira une opportunit\u00e9 privil\u00e9gi\u00e9e de valoriser leurs initiatives et parcours, et de favoriser les \u00e9changes d\u2019exp\u00e9riences et de d\u00e9velopper des opportunit\u00e9s de r\u00e9seautage et de partenariat.<\/p>\n\n\n\n<p class=\"wp-block-paragraph\">Le dossier de candidature doit comprendre : un CV actualis\u00e9, une pr\u00e9sentation succincte de l\u2019entreprise ou du projet financ\u00e9, les principaux r\u00e9sultats obtenus, et une lettre de motivation.<\/p>\n\n\n\n<p class=\"wp-block-paragraph\">Les candidatures sont \u00e0 soumettre au Secr\u00e9tariat g\u00e9n\u00e9ral de la CONFEJES, \u00e0 l\u2019adresse&nbsp;<a href=\"mailto:secretariat.general@confejes.org\">secretariat.general@confejes.org<\/a>&nbsp;au plus tard le 15 septembre 2026.<\/p>\n\n\n\n<p class=\"wp-block-paragraph\"><strong>Il faut pr\u00e9ciser que<\/strong> les jeunes retenus b\u00e9n\u00e9ficieront d\u2019une prise en charge par la CONFEJES, notamment l\u2019h\u00e9bergement et la restauration durant le s\u00e9jour au Cambodge. Les frais de transport aller-retour resteront \u00e0 la charge des participants ou de leurs Etats et Gouvernements respectifs.<\/p>\n\n\n\n<p class=\"wp-block-paragraph\">Par cons\u00e9quent, le minist\u00e8re togolais de la jeunesse et des sports encourage les jeunes b\u00e9n\u00e9ficiaires du PPEJ du pays \u00e0 saisir cette opportunit\u00e9 d\u2019apprentissage qui contribue \u00e0 valoriser leurs projets d\u2019entrepreneuriat.<\/p>\n","protected":false},"excerpt":{"rendered":"<p>La Conf\u00e9rence des Ministres de la Jeunesse et des Sports de la Francophonie (CONFEJES) lance \u00e0 l\u2019endroit des jeunes b\u00e9n\u00e9ficiaires du Programme de Promotion de l\u2019Entrepreneuriat des Jeunes (PPEJ), un&hellip; <\/p>\n","protected":false},"author":1,"featured_media":16875,"comment_status":"open","ping_status":"closed","sticky":false,"template":"","format":"standard","meta":{"footnotes":""},"categories":[13,29],"tags":[1285,1673,1672],"class_list":["post-16874","post","type-post","status-publish","format-standard","has-post-thumbnail","hentry","category-culture","category-societe","tag-appel-a-candidatures","tag-confejes","tag-sommet-de-la-francophonie"],"yoast_head":"<!-- This site is optimized with the Yoast SEO plugin v26.4 - https:\/\/yoast.com\/wordpress\/plugins\/seo\/ -->\n<title>Togo : Appel \u00e0 candidatures pour la participation au XXe Sommet de la Francophonie - La Voix de la Nation<\/title>\n<meta name=\"robots\" content=\"index, follow, max-snippet:-1, max-image-preview:large, max-video-preview:-1\" \/>\n<link rel=\"canonical\" href=\"https:\/\/lavoixdelanation.tg\/index.php\/2026\/09\/03\/togo-appel-a-candidatures-pour-la-participation-au-xxe-sommet-de-la-francophonie\/\" \/>\n<meta property=\"og:locale\" content=\"fr_FR\" \/>\n<meta property=\"og:type\" content=\"article\" \/>\n<meta property=\"og:title\" content=\"Togo : Appel \u00e0 candidatures pour la participation au XXe Sommet de la Francophonie - La Voix de la Nation\" \/>\n<meta property=\"og:description\" content=\"La Conf\u00e9rence des Ministres de la Jeunesse et des Sports de la Francophonie (CONFEJES) lance \u00e0 l\u2019endroit des jeunes b\u00e9n\u00e9ficiaires du Programme de Promotion de l\u2019Entrepreneuriat des Jeunes (PPEJ), un&hellip;\" \/>\n<meta property=\"og:url\" content=\"https:\/\/lavoixdelanation.tg\/index.php\/2026\/09\/03\/togo-appel-a-candidatures-pour-la-participation-au-xxe-sommet-de-la-francophonie\/\" \/>\n<meta property=\"og:site_name\" content=\"La Voix de la Nation\" \/>\n<meta property=\"article:publisher\" content=\"https:\/\/www.facebook.com\/lavoixdelanation\" \/>\n<meta property=\"article:published_time\" content=\"2026-09-03T07:07:00+00:00\" \/>\n<meta property=\"article:modified_time\" content=\"2026-09-03T13:21:27+00:00\" \/>\n<meta property=\"og:image\" content=\"https:\/\/lavoixdelanation.tg\/wp-content\/uploads\/2026\/09\/Appel-a-candidatures-pour-la-participation-au-XXe-Sommet-de-la-Francophonie.jpg\" \/>\n\t<meta property=\"og:image:width\" content=\"670\" \/>\n\t<meta property=\"og:image:height\" content=\"377\" \/>\n\t<meta property=\"og:image:type\" content=\"image\/jpeg\" \/>\n<meta name=\"author\" content=\"La voix de la nation\" \/>\n<meta name=\"twitter:card\" content=\"summary_large_image\" \/>\n<meta name=\"twitter:label1\" content=\"\u00c9crit par\" \/>\n\t<meta name=\"twitter:data1\" content=\"La voix de la nation\" \/>\n\t<meta name=\"twitter:label2\" content=\"Dur\u00e9e de lecture estim\u00e9e\" \/>\n\t<meta name=\"twitter:data2\" content=\"2 minutes\" \/>\n<script type=\"application\/ld+json\" class=\"yoast-schema-graph\">{\"@context\":\"https:\/\/schema.org\",\"@graph\":[{\"@type\":\"Article\",\"@id\":\"https:\/\/lavoixdelanation.tg\/index.php\/2026\/09\/03\/togo-appel-a-candidatures-pour-la-participation-au-xxe-sommet-de-la-francophonie\/#article\",\"isPartOf\":{\"@id\":\"https:\/\/lavoixdelanation.tg\/index.php\/2026\/09\/03\/togo-appel-a-candidatures-pour-la-participation-au-xxe-sommet-de-la-francophonie\/\"},\"author\":{\"name\":\"La voix de la nation\",\"@id\":\"https:\/\/lavoixdelanation.tg\/#\/schema\/person\/6c489293aa38053673a9e554acb6e224\"},\"headline\":\"Togo : Appel \u00e0 candidatures pour la participation au XXe Sommet de la Francophonie\",\"datePublished\":\"2026-09-03T07:07:00+00:00\",\"dateModified\":\"2026-09-03T13:21:27+00:00\",\"mainEntityOfPage\":{\"@id\":\"https:\/\/lavoixdelanation.tg\/index.php\/2026\/09\/03\/togo-appel-a-candidatures-pour-la-participation-au-xxe-sommet-de-la-francophonie\/\"},\"wordCount\":325,\"commentCount\":0,\"publisher\":{\"@id\":\"https:\/\/lavoixdelanation.tg\/#organization\"},\"image\":{\"@id\":\"https:\/\/lavoixdelanation.tg\/index.php\/2026\/09\/03\/togo-appel-a-candidatures-pour-la-participation-au-xxe-sommet-de-la-francophonie\/#primaryimage\"},\"thumbnailUrl\":\"https:\/\/lavoixdelanation.tg\/wp-content\/uploads\/2026\/09\/Appel-a-candidatures-pour-la-participation-au-XXe-Sommet-de-la-Francophonie.jpg\",\"keywords\":[\"Appel \u00e0 candidatures\",\"CONFEJES\",\"Sommet de la Francophonie\"],\"articleSection\":[\"Culture\",\"Soci\u00e9t\u00e9\"],\"inLanguage\":\"fr-FR\",\"potentialAction\":[{\"@type\":\"CommentAction\",\"name\":\"Comment\",\"target\":[\"https:\/\/lavoixdelanation.tg\/index.php\/2026\/09\/03\/togo-appel-a-candidatures-pour-la-participation-au-xxe-sommet-de-la-francophonie\/#respond\"]}]},{\"@type\":\"WebPage\",\"@id\":\"https:\/\/lavoixdelanation.tg\/index.php\/2026\/09\/03\/togo-appel-a-candidatures-pour-la-participation-au-xxe-sommet-de-la-francophonie\/\",\"url\":\"https:\/\/lavoixdelanation.tg\/index.php\/2026\/09\/03\/togo-appel-a-candidatures-pour-la-participation-au-xxe-sommet-de-la-francophonie\/\",\"name\":\"Togo : Appel \u00e0 candidatures pour la participation au XXe Sommet de la Francophonie - La Voix de la Nation\",\"isPartOf\":{\"@id\":\"https:\/\/lavoixdelanation.tg\/#website\"},\"primaryImageOfPage\":{\"@id\":\"https:\/\/lavoixdelanation.tg\/index.php\/2026\/09\/03\/togo-appel-a-candidatures-pour-la-participation-au-xxe-sommet-de-la-francophonie\/#primaryimage\"},\"image\":{\"@id\":\"https:\/\/lavoixdelanation.tg\/index.php\/2026\/09\/03\/togo-appel-a-candidatures-pour-la-participation-au-xxe-sommet-de-la-francophonie\/#primaryimage\"},\"thumbnailUrl\":\"https:\/\/lavoixdelanation.tg\/wp-content\/uploads\/2026\/09\/Appel-a-candidatures-pour-la-participation-au-XXe-Sommet-de-la-Francophonie.jpg\",\"datePublished\":\"2026-09-03T07:07:00+00:00\",\"dateModified\":\"2026-09-03T13:21:27+00:00\",\"breadcrumb\":{\"@id\":\"https:\/\/lavoixdelanation.tg\/index.php\/2026\/09\/03\/togo-appel-a-candidatures-pour-la-participation-au-xxe-sommet-de-la-francophonie\/#breadcrumb\"},\"inLanguage\":\"fr-FR\",\"potentialAction\":[{\"@type\":\"ReadAction\",\"target\":[\"https:\/\/lavoixdelanation.tg\/index.php\/2026\/09\/03\/togo-appel-a-candidatures-pour-la-participation-au-xxe-sommet-de-la-francophonie\/\"]}]},{\"@type\":\"ImageObject\",\"inLanguage\":\"fr-FR\",\"@id\":\"https:\/\/lavoixdelanation.tg\/index.php\/2026\/09\/03\/togo-appel-a-candidatures-pour-la-participation-au-xxe-sommet-de-la-francophonie\/#primaryimage\",\"url\":\"https:\/\/lavoixdelanation.tg\/wp-content\/uploads\/2026\/09\/Appel-a-candidatures-pour-la-participation-au-XXe-Sommet-de-la-Francophonie.jpg\",\"contentUrl\":\"https:\/\/lavoixdelanation.tg\/wp-content\/uploads\/2026\/09\/Appel-a-candidatures-pour-la-participation-au-XXe-Sommet-de-la-Francophonie.jpg\",\"width\":670,\"height\":377},{\"@type\":\"BreadcrumbList\",\"@id\":\"https:\/\/lavoixdelanation.tg\/index.php\/2026\/09\/03\/togo-appel-a-candidatures-pour-la-participation-au-xxe-sommet-de-la-francophonie\/#breadcrumb\",\"itemListElement\":[{\"@type\":\"ListItem\",\"position\":1,\"name\":\"Accueil\",\"item\":\"https:\/\/lavoixdelanation.tg\/\"},{\"@type\":\"ListItem\",\"position\":2,\"name\":\"Togo : Appel \u00e0 candidatures pour la participation au XXe Sommet de la Francophonie\"}]},{\"@type\":\"WebSite\",\"@id\":\"https:\/\/lavoixdelanation.tg\/#website\",\"url\":\"https:\/\/lavoixdelanation.tg\/\",\"name\":\"La Voix de la Nation\",\"description\":\"R\u00e9c\u00e9piss\u00e9 n\u00b00108\/HAAC\/01-2024\/pl\/P\",\"publisher\":{\"@id\":\"https:\/\/lavoixdelanation.tg\/#organization\"},\"alternateName\":\"VON\",\"potentialAction\":[{\"@type\":\"SearchAction\",\"target\":{\"@type\":\"EntryPoint\",\"urlTemplate\":\"https:\/\/lavoixdelanation.tg\/?s={search_term_string}\"},\"query-input\":{\"@type\":\"PropertyValueSpecification\",\"valueRequired\":true,\"valueName\":\"search_term_string\"}}],\"inLanguage\":\"fr-FR\"},{\"@type\":\"Organization\",\"@id\":\"https:\/\/lavoixdelanation.tg\/#organization\",\"name\":\"La Voix de la Nation\",\"url\":\"https:\/\/lavoixdelanation.tg\/\",\"logo\":{\"@type\":\"ImageObject\",\"inLanguage\":\"fr-FR\",\"@id\":\"https:\/\/lavoixdelanation.tg\/#\/schema\/logo\/image\/\",\"url\":\"https:\/\/lavoixdelanation.tg\/wp-content\/uploads\/2024\/12\/lavn-1.png\",\"contentUrl\":\"https:\/\/lavoixdelanation.tg\/wp-content\/uploads\/2024\/12\/lavn-1.png\",\"width\":1024,\"height\":464,\"caption\":\"La Voix de la Nation\"},\"image\":{\"@id\":\"https:\/\/lavoixdelanation.tg\/#\/schema\/logo\/image\/\"},\"sameAs\":[\"https:\/\/www.facebook.com\/lavoixdelanation\"]},{\"@type\":\"Person\",\"@id\":\"https:\/\/lavoixdelanation.tg\/#\/schema\/person\/6c489293aa38053673a9e554acb6e224\",\"name\":\"La voix de la nation\",\"image\":{\"@type\":\"ImageObject\",\"inLanguage\":\"fr-FR\",\"@id\":\"https:\/\/lavoixdelanation.tg\/#\/schema\/person\/image\/\",\"url\":\"https:\/\/secure.gravatar.com\/avatar\/8aa135d4bbc794494cecaa8d483f6d6cc1023624868deaff686baed5e727a5a1?s=96&d=mm&r=g\",\"contentUrl\":\"https:\/\/secure.gravatar.com\/avatar\/8aa135d4bbc794494cecaa8d483f6d6cc1023624868deaff686baed5e727a5a1?s=96&d=mm&r=g\",\"caption\":\"La voix de la nation\"},\"sameAs\":[\"https:\/\/lavoixdelanation.tg\"],\"url\":\"https:\/\/lavoixdelanation.tg\/index.php\/author\/lavn\/\"}]}<\/script>\n<!-- \/ Yoast SEO plugin. -->","yoast_head_json":{"title":"Togo : Appel \u00e0 candidatures pour la participation au XXe Sommet de la Francophonie - La Voix de la Nation","robots":{"index":"index","follow":"follow","max-snippet":"max-snippet:-1","max-image-preview":"max-image-preview:large","max-video-preview":"max-video-preview:-1"},"canonical":"https:\/\/lavoixdelanation.tg\/index.php\/2026\/09\/03\/togo-appel-a-candidatures-pour-la-participation-au-xxe-sommet-de-la-francophonie\/","og_locale":"fr_FR","og_type":"article","og_title":"Togo : Appel \u00e0 candidatures pour la participation au XXe Sommet de la Francophonie - La Voix de la Nation","og_description":"La Conf\u00e9rence des Ministres de la Jeunesse et des Sports de la Francophonie (CONFEJES) lance \u00e0 l\u2019endroit des jeunes b\u00e9n\u00e9ficiaires du Programme de Promotion de l\u2019Entrepreneuriat des Jeunes (PPEJ), un&hellip;","og_url":"https:\/\/lavoixdelanation.tg\/index.php\/2026\/09\/03\/togo-appel-a-candidatures-pour-la-participation-au-xxe-sommet-de-la-francophonie\/","og_site_name":"La Voix de la Nation","article_publisher":"https:\/\/www.facebook.com\/lavoixdelanation","article_published_time":"2026-09-03T07:07:00+00:00","article_modified_time":"2026-09-03T13:21:27+00:00","og_image":[{"width":670,"height":377,"url":"https:\/\/lavoixdelanation.tg\/wp-content\/uploads\/2026\/09\/Appel-a-candidatures-pour-la-participation-au-XXe-Sommet-de-la-Francophonie.jpg","type":"image\/jpeg"}],"author":"La voix de la nation","twitter_card":"summary_large_image","twitter_misc":{"\u00c9crit par":"La voix de la nation","Dur\u00e9e de lecture estim\u00e9e":"2 minutes"},"schema":{"@context":"https:\/\/schema.org","@graph":[{"@type":"Article","@id":"https:\/\/lavoixdelanation.tg\/index.php\/2026\/09\/03\/togo-appel-a-candidatures-pour-la-participation-au-xxe-sommet-de-la-francophonie\/#article","isPartOf":{"@id":"https:\/\/lavoixdelanation.tg\/index.php\/2026\/09\/03\/togo-appel-a-candidatures-pour-la-participation-au-xxe-sommet-de-la-francophonie\/"},"author":{"name":"La voix de la nation","@id":"https:\/\/lavoixdelanation.tg\/#\/schema\/person\/6c489293aa38053673a9e554acb6e224"},"headline":"Togo : Appel \u00e0 candidatures pour la participation au XXe Sommet de la Francophonie","datePublished":"2026-09-03T07:07:00+00:00","dateModified":"2026-09-03T13:21:27+00:00","mainEntityOfPage":{"@id":"https:\/\/lavoixdelanation.tg\/index.php\/2026\/09\/03\/togo-appel-a-candidatures-pour-la-participation-au-xxe-sommet-de-la-francophonie\/"},"wordCount":325,"commentCount":0,"publisher":{"@id":"https:\/\/lavoixdelanation.tg\/#organization"},"image":{"@id":"https:\/\/lavoixdelanation.tg\/index.php\/2026\/09\/03\/togo-appel-a-candidatures-pour-la-participation-au-xxe-sommet-de-la-francophonie\/#primaryimage"},"thumbnailUrl":"https:\/\/lavoixdelanation.tg\/wp-content\/uploads\/2026\/09\/Appel-a-candidatures-pour-la-participation-au-XXe-Sommet-de-la-Francophonie.jpg","keywords":["Appel \u00e0 candidatures","CONFEJES","Sommet de la Francophonie"],"articleSection":["Culture","Soci\u00e9t\u00e9"],"inLanguage":"fr-FR","potentialAction":[{"@type":"CommentAction","name":"Comment","target":["https:\/\/lavoixdelanation.tg\/index.php\/2026\/09\/03\/togo-appel-a-candidatures-pour-la-participation-au-xxe-sommet-de-la-francophonie\/#respond"]}]},{"@type":"WebPage","@id":"https:\/\/lavoixdelanation.tg\/index.php\/2026\/09\/03\/togo-appel-a-candidatures-pour-la-participation-au-xxe-sommet-de-la-francophonie\/","url":"https:\/\/lavoixdelanation.tg\/index.php\/2026\/09\/03\/togo-appel-a-candidatures-pour-la-participation-au-xxe-sommet-de-la-francophonie\/","name":"Togo : Appel \u00e0 candidatures pour la participation au XXe Sommet de la Francophonie - La Voix de la Nation","isPartOf":{"@id":"https:\/\/lavoixdelanation.tg\/#website"},"primaryImageOfPage":{"@id":"https:\/\/lavoixdelanation.tg\/index.php\/2026\/09\/03\/togo-appel-a-candidatures-pour-la-participation-au-xxe-sommet-de-la-francophonie\/#primaryimage"},"image":{"@id":"https:\/\/lavoixdelanation.tg\/index.php\/2026\/09\/03\/togo-appel-a-candidatures-pour-la-participation-au-xxe-sommet-de-la-francophonie\/#primaryimage"},"thumbnailUrl":"https:\/\/lavoixdelanation.tg\/wp-content\/uploads\/2026\/09\/Appel-a-candidatures-pour-la-participation-au-XXe-Sommet-de-la-Francophonie.jpg","datePublished":"2026-09-03T07:07:00+00:00","dateModified":"2026-09-03T13:21:27+00:00","breadcrumb":{"@id":"https:\/\/lavoixdelanation.tg\/index.php\/2026\/09\/03\/togo-appel-a-candidatures-pour-la-participation-au-xxe-sommet-de-la-francophonie\/#breadcrumb"},"inLanguage":"fr-FR","potentialAction":[{"@type":"ReadAction","target":["https:\/\/lavoixdelanation.tg\/index.php\/2026\/09\/03\/togo-appel-a-candidatures-pour-la-participation-au-xxe-sommet-de-la-francophonie\/"]}]},{"@type":"ImageObject","inLanguage":"fr-FR","@id":"https:\/\/lavoixdelanation.tg\/index.php\/2026\/09\/03\/togo-appel-a-candidatures-pour-la-participation-au-xxe-sommet-de-la-francophonie\/#primaryimage","url":"https:\/\/lavoixdelanation.tg\/wp-content\/uploads\/2026\/09\/Appel-a-candidatures-pour-la-participation-au-XXe-Sommet-de-la-Francophonie.jpg","contentUrl":"https:\/\/lavoixdelanation.tg\/wp-content\/uploads\/2026\/09\/Appel-a-candidatures-pour-la-participation-au-XXe-Sommet-de-la-Francophonie.jpg","width":670,"height":377},{"@type":"BreadcrumbList","@id":"https:\/\/lavoixdelanation.tg\/index.php\/2026\/09\/03\/togo-appel-a-candidatures-pour-la-participation-au-xxe-sommet-de-la-francophonie\/#breadcrumb","itemListElement":[{"@type":"ListItem","position":1,"name":"Accueil","item":"https:\/\/lavoixdelanation.tg\/"},{"@type":"ListItem","position":2,"name":"Togo : Appel \u00e0 candidatures pour la participation au XXe Sommet de la Francophonie"}]},{"@type":"WebSite","@id":"https:\/\/lavoixdelanation.tg\/#website","url":"https:\/\/lavoixdelanation.tg\/","name":"La Voix de la Nation","description":"R\u00e9c\u00e9piss\u00e9 n\u00b00108\/HAAC\/01-2024\/pl\/P","publisher":{"@id":"https:\/\/lavoixdelanation.tg\/#organization"},"alternateName":"VON","potentialAction":[{"@type":"SearchAction","target":{"@type":"EntryPoint","urlTemplate":"https:\/\/lavoixdelanation.tg\/?s={search_term_string}"},"query-input":{"@type":"PropertyValueSpecification","valueRequired":true,"valueName":"search_term_string"}}],"inLanguage":"fr-FR"},{"@type":"Organization","@id":"https:\/\/lavoixdelanation.tg\/#organization","name":"La Voix de la Nation","url":"https:\/\/lavoixdelanation.tg\/","logo":{"@type":"ImageObject","inLanguage":"fr-FR","@id":"https:\/\/lavoixdelanation.tg\/#\/schema\/logo\/image\/","url":"https:\/\/lavoixdelanation.tg\/wp-content\/uploads\/2024\/12\/lavn-1.png","contentUrl":"https:\/\/lavoixdelanation.tg\/wp-content\/uploads\/2024\/12\/lavn-1.png","width":1024,"height":464,"caption":"La Voix de la Nation"},"image":{"@id":"https:\/\/lavoixdelanation.tg\/#\/schema\/logo\/image\/"},"sameAs":["https:\/\/www.facebook.com\/lavoixdelanation"]},{"@type":"Person","@id":"https:\/\/lavoixdelanation.tg\/#\/schema\/person\/6c489293aa38053673a9e554acb6e224","name":"La voix de la nation","image":{"@type":"ImageObject","inLanguage":"fr-FR","@id":"https:\/\/lavoixdelanation.tg\/#\/schema\/person\/image\/","url":"https:\/\/secure.gravatar.com\/avatar\/8aa135d4bbc794494cecaa8d483f6d6cc1023624868deaff686baed5e727a5a1?s=96&d=mm&r=g","contentUrl":"https:\/\/secure.gravatar.com\/avatar\/8aa135d4bbc794494cecaa8d483f6d6cc1023624868deaff686baed5e727a5a1?s=96&d=mm&r=g","caption":"La voix de la nation"},"sameAs":["https:\/\/lavoixdelanation.tg"],"url":"https:\/\/lavoixdelanation.tg\/index.php\/author\/lavn\/"}]}},"_links":{"self":[{"href":"https:\/\/lavoixdelanation.tg\/index.php\/wp-json\/wp\/v2\/posts\/16874","targetHints":{"allow":["GET"]}}],"collection":[{"href":"https:\/\/lavoixdelanation.tg\/index.php\/wp-json\/wp\/v2\/posts"}],"about":[{"href":"https:\/\/lavoixdelanation.tg\/index.php\/wp-json\/wp\/v2\/types\/post"}],"author":[{"embeddable":true,"href":"https:\/\/lavoixdelanation.tg\/index.php\/wp-json\/wp\/v2\/users\/1"}],"replies":[{"embeddable":true,"href":"https:\/\/lavoixdelanation.tg\/index.php\/wp-json\/wp\/v2\/comments?post=16874"}],"version-history":[{"count":1,"href":"https:\/\/lavoixdelanation.tg\/index.php\/wp-json\/wp\/v2\/posts\/16874\/revisions"}],"predecessor-version":[{"id":16876,"href":"https:\/\/lavoixdelanation.tg\/index.php\/wp-json\/wp\/v2\/posts\/16874\/revisions\/16876"}],"wp:featuredmedia":[{"embeddable":true,"href":"https:\/\/lavoixdelanation.tg\/index.php\/wp-json\/wp\/v2\/media\/16875"}],"wp:attachment":[{"href":"https:\/\/lavoixdelanation.tg\/index.php\/wp-json\/wp\/v2\/media?parent=16874"}],"wp:term":[{"taxonomy":"category","embeddable":true,"href":"https:\/\/lavoixdelanation.tg\/index.php\/wp-json\/wp\/v2\/categories?post=16874"},{"taxonomy":"post_tag","embeddable":true,"href":"https:\/\/lavoixdelanation.tg\/index.php\/wp-json\/wp\/v2\/tags?post=16874"}],"curies":[{"name":"wp","href":"https:\/\/api.w.org\/{rel}","templated":true}]}}