{"id":16868,"date":"2026-09-03T14:57:27","date_gmt":"2026-09-03T12:57:27","guid":{"rendered":"https:\/\/lavoixdelanation.tg\/?p=16868"},"modified":"2026-09-03T14:59:20","modified_gmt":"2026-09-03T12:59:20","slug":"cooperation-togo-cambodge-premiere-session-des-consultations-bilaterales-a-lome","status":"publish","type":"post","link":"https:\/\/lavoixdelanation.tg\/index.php\/2026\/09\/03\/cooperation-togo-cambodge-premiere-session-des-consultations-bilaterales-a-lome\/","title":{"rendered":"Coop\u00e9ration Togo-Cambodge : Premi\u00e8re session des consultations bilat\u00e9rales \u00e0 Lom\u00e9"},"content":{"rendered":"\n<p class=\"wp-block-paragraph\"><strong>Lom\u00e9 la capitale togolaise accueille les 03 et 04 septembre 2026, les premi\u00e8res consultations bilat\u00e9rales entre la R\u00e9publique Togolaise et le Royaume du Cambodge.<\/strong><\/p>\n\n\n\n<p class=\"wp-block-paragraph\">Les travaux se tiennent en pr\u00e9sence de SMAN Manan, Secr\u00e9taire d\u2019Etat aupr\u00e8s du ministre des Affaires Etrang\u00e8res et de la Coop\u00e9ration, chef de la d\u00e9l\u00e9gation du Royaume du Cambodge. Ce qui mat\u00e9rialise la volont\u00e9 commune des autorit\u00e9s des deux pays d\u2019approfondir leurs relations diplomatiques.<\/p>\n\n\n\n<p class=\"wp-block-paragraph\">Selon ce que que rapporte le minist\u00e8re togolais des affaires \u00e9trang\u00e8res, SMAN Manan a eu au cours de son s\u00e9jour, une s\u00e9ance de travail, ce 03 septembre, avec SEDAMINOU A. Kouakou, Secr\u00e9taire G\u00e9n\u00e9ral du Minist\u00e8re des Affaires \u00c9trang\u00e8res, de l\u2019Int\u00e9gration Africaine et des Togolais de l\u2019Ext\u00e9rieur.<\/p>\n\n\n\n<p class=\"wp-block-paragraph\">Les discussions ont permis de dresser un bilan positif des relations entre les deux nations depuis l\u2019\u00e9tablissement officiel de leurs liens diplomatiques le 06 ao\u00fbt 2010.<\/p>\n\n\n\n<figure class=\"wp-block-image size-large\"><img loading=\"lazy\" decoding=\"async\" width=\"1024\" height=\"682\" src=\"https:\/\/lavoixdelanation.tg\/wp-content\/uploads\/2026\/09\/SMAN-Manan-avec-SEDAMINOU-A.-Kouakou-a-Lome-1024x682.jpg\" alt=\"\" class=\"wp-image-16872\" srcset=\"https:\/\/lavoixdelanation.tg\/wp-content\/uploads\/2026\/09\/SMAN-Manan-avec-SEDAMINOU-A.-Kouakou-a-Lome-1024x682.jpg 1024w, https:\/\/lavoixdelanation.tg\/wp-content\/uploads\/2026\/09\/SMAN-Manan-avec-SEDAMINOU-A.-Kouakou-a-Lome-300x200.jpg 300w, https:\/\/lavoixdelanation.tg\/wp-content\/uploads\/2026\/09\/SMAN-Manan-avec-SEDAMINOU-A.-Kouakou-a-Lome-767x511.jpg 767w, https:\/\/lavoixdelanation.tg\/wp-content\/uploads\/2026\/09\/SMAN-Manan-avec-SEDAMINOU-A.-Kouakou-a-Lome-1536x1023.jpg 1536w, https:\/\/lavoixdelanation.tg\/wp-content\/uploads\/2026\/09\/SMAN-Manan-avec-SEDAMINOU-A.-Kouakou-a-Lome.jpg 1600w\" sizes=\"auto, (max-width: 1024px) 100vw, 1024px\" \/><figcaption class=\"wp-element-caption\"><em>SMAN Manan avec SEDAMINOU A. Kouakou \u00e0 Lom\u00e9<\/em><\/figcaption><\/figure>\n\n\n\n<p class=\"wp-block-paragraph\">Les deux responsables ont salu\u00e9 les avanc\u00e9es significatives enregistr\u00e9es au cours de la visite du professeur Robert Dussey au royaume du Cambodge en mars 2025, notamment la signature du m\u00e9morandum d\u2019entente sur les consultations politiques bilat\u00e9rales et l\u2019accord portant sur l\u2019exemption r\u00e9ciproque de visa pour les titulaires de passeports diplomatiques, officiels et de service.<\/p>\n\n\n\n<p class=\"has-text-align-center wp-block-paragraph\"><strong>Diversification de la coop\u00e9ration et convergence de vues<\/strong><\/p>\n\n\n\n<p class=\"wp-block-paragraph\">Conscients du potentiel \u00e9conomique et culturel \u00e0 exploiter, SEDAMINOU et SMAN se sont convenus d\u2019\u00e9largir le cadre juridique de partenariat par la n\u00e9gociation d\u2019accords sp\u00e9cifiques dans des secteurs prioritaires notamment l\u2019Agriculture, le Commerce, l\u2019Industrie textile et le tourisme.<\/p>\n\n\n\n<p class=\"wp-block-paragraph\">L\u2019on apprend \u00e9galement que sur le plan multilat\u00e9ral, la rencontre a mis en \u00e9vidence une parfaite convergence de vues sur les d\u00e9fis mondiaux contemporains.<\/p>\n\n\n\n<p class=\"wp-block-paragraph\">Le Togo et le Cambodge ont r\u00e9affirm\u00e9 leur attachement ind\u00e9fectible au multilat\u00e9ralisme, au respect du droit international et \u00e0 la r\u00e9solution pacifique des diff\u00e9rends, tout en convenant de renforcer le soutien mutuel au sein des instances internationales.<\/p>\n\n\n\n<p class=\"wp-block-paragraph\">Les \u00e9changes ont \u00e9galement permis d\u2019aborder la situation g\u00e9opolitique r\u00e9gionale, incluant la paix et la s\u00e9curit\u00e9 en Afrique de l\u2019Ouest, dans la r\u00e9gion des Grands Lacs ainsi qu\u2019en Asie du Sud-est<\/p>\n\n\n\n<p class=\"wp-block-paragraph\"><strong>DKS<\/strong><\/p>\n","protected":false},"excerpt":{"rendered":"<p>Lom\u00e9 la capitale togolaise accueille les 03 et 04 septembre 2026, les premi\u00e8res consultations bilat\u00e9rales entre la R\u00e9publique Togolaise et le Royaume du Cambodge. Les travaux se tiennent en pr\u00e9sence&hellip; <\/p>\n","protected":false},"author":1,"featured_media":16869,"comment_status":"open","ping_status":"closed","sticky":false,"template":"","format":"standard","meta":{"footnotes":""},"categories":[12],"tags":[1671,1670],"class_list":["post-16868","post","type-post","status-publish","format-standard","has-post-thumbnail","hentry","category-diplomatie","tag-consultations-bilaterales","tag-cooperation-togo-cambodge"],"yoast_head":"<!-- This site is optimized with the Yoast SEO plugin v26.4 - https:\/\/yoast.com\/wordpress\/plugins\/seo\/ -->\n<title>Coop\u00e9ration Togo-Cambodge : Premi\u00e8re session des consultations bilat\u00e9rales \u00e0 Lom\u00e9 - La Voix de la Nation<\/title>\n<meta name=\"robots\" content=\"index, follow, max-snippet:-1, max-image-preview:large, max-video-preview:-1\" \/>\n<link rel=\"canonical\" href=\"https:\/\/lavoixdelanation.tg\/index.php\/2026\/09\/03\/cooperation-togo-cambodge-premiere-session-des-consultations-bilaterales-a-lome\/\" \/>\n<meta property=\"og:locale\" content=\"fr_FR\" \/>\n<meta property=\"og:type\" content=\"article\" \/>\n<meta property=\"og:title\" content=\"Coop\u00e9ration Togo-Cambodge : Premi\u00e8re session des consultations bilat\u00e9rales \u00e0 Lom\u00e9 - La Voix de la Nation\" \/>\n<meta property=\"og:description\" content=\"Lom\u00e9 la capitale togolaise accueille les 03 et 04 septembre 2026, les premi\u00e8res consultations bilat\u00e9rales entre la R\u00e9publique Togolaise et le Royaume du Cambodge. Les travaux se tiennent en pr\u00e9sence&hellip;\" \/>\n<meta property=\"og:url\" content=\"https:\/\/lavoixdelanation.tg\/index.php\/2026\/09\/03\/cooperation-togo-cambodge-premiere-session-des-consultations-bilaterales-a-lome\/\" \/>\n<meta property=\"og:site_name\" content=\"La Voix de la Nation\" \/>\n<meta property=\"article:publisher\" content=\"https:\/\/www.facebook.com\/lavoixdelanation\" \/>\n<meta property=\"article:published_time\" content=\"2026-09-03T12:57:27+00:00\" \/>\n<meta property=\"article:modified_time\" content=\"2026-09-03T12:59:20+00:00\" \/>\n<meta property=\"og:image\" content=\"https:\/\/lavoixdelanation.tg\/wp-content\/uploads\/2026\/09\/Premiere-session-des-consultations-bilaterales-a-Lome-entre-le-Togo-et-le-Cambodge.jpg\" \/>\n\t<meta property=\"og:image:width\" content=\"1600\" \/>\n\t<meta property=\"og:image:height\" content=\"1066\" \/>\n\t<meta property=\"og:image:type\" content=\"image\/jpeg\" \/>\n<meta name=\"author\" content=\"La voix de la nation\" \/>\n<meta name=\"twitter:card\" content=\"summary_large_image\" \/>\n<meta name=\"twitter:label1\" content=\"\u00c9crit par\" \/>\n\t<meta name=\"twitter:data1\" content=\"La voix de la nation\" \/>\n\t<meta name=\"twitter:label2\" content=\"Dur\u00e9e de lecture estim\u00e9e\" \/>\n\t<meta name=\"twitter:data2\" content=\"3 minutes\" \/>\n<script type=\"application\/ld+json\" class=\"yoast-schema-graph\">{\"@context\":\"https:\/\/schema.org\",\"@graph\":[{\"@type\":\"Article\",\"@id\":\"https:\/\/lavoixdelanation.tg\/index.php\/2026\/09\/03\/cooperation-togo-cambodge-premiere-session-des-consultations-bilaterales-a-lome\/#article\",\"isPartOf\":{\"@id\":\"https:\/\/lavoixdelanation.tg\/index.php\/2026\/09\/03\/cooperation-togo-cambodge-premiere-session-des-consultations-bilaterales-a-lome\/\"},\"author\":{\"name\":\"La voix de la nation\",\"@id\":\"https:\/\/lavoixdelanation.tg\/#\/schema\/person\/6c489293aa38053673a9e554acb6e224\"},\"headline\":\"Coop\u00e9ration Togo-Cambodge : Premi\u00e8re session des consultations bilat\u00e9rales \u00e0 Lom\u00e9\",\"datePublished\":\"2026-09-03T12:57:27+00:00\",\"dateModified\":\"2026-09-03T12:59:20+00:00\",\"mainEntityOfPage\":{\"@id\":\"https:\/\/lavoixdelanation.tg\/index.php\/2026\/09\/03\/cooperation-togo-cambodge-premiere-session-des-consultations-bilaterales-a-lome\/\"},\"wordCount\":401,\"commentCount\":0,\"publisher\":{\"@id\":\"https:\/\/lavoixdelanation.tg\/#organization\"},\"image\":{\"@id\":\"https:\/\/lavoixdelanation.tg\/index.php\/2026\/09\/03\/cooperation-togo-cambodge-premiere-session-des-consultations-bilaterales-a-lome\/#primaryimage\"},\"thumbnailUrl\":\"https:\/\/lavoixdelanation.tg\/wp-content\/uploads\/2026\/09\/Premiere-session-des-consultations-bilaterales-a-Lome-entre-le-Togo-et-le-Cambodge.jpg\",\"keywords\":[\"consultations bilat\u00e9rales\",\"Coop\u00e9ration Togo-Cambodge\"],\"articleSection\":[\"Diplomatie\"],\"inLanguage\":\"fr-FR\",\"potentialAction\":[{\"@type\":\"CommentAction\",\"name\":\"Comment\",\"target\":[\"https:\/\/lavoixdelanation.tg\/index.php\/2026\/09\/03\/cooperation-togo-cambodge-premiere-session-des-consultations-bilaterales-a-lome\/#respond\"]}]},{\"@type\":\"WebPage\",\"@id\":\"https:\/\/lavoixdelanation.tg\/index.php\/2026\/09\/03\/cooperation-togo-cambodge-premiere-session-des-consultations-bilaterales-a-lome\/\",\"url\":\"https:\/\/lavoixdelanation.tg\/index.php\/2026\/09\/03\/cooperation-togo-cambodge-premiere-session-des-consultations-bilaterales-a-lome\/\",\"name\":\"Coop\u00e9ration Togo-Cambodge : Premi\u00e8re session des consultations bilat\u00e9rales \u00e0 Lom\u00e9 - La Voix de la Nation\",\"isPartOf\":{\"@id\":\"https:\/\/lavoixdelanation.tg\/#website\"},\"primaryImageOfPage\":{\"@id\":\"https:\/\/lavoixdelanation.tg\/index.php\/2026\/09\/03\/cooperation-togo-cambodge-premiere-session-des-consultations-bilaterales-a-lome\/#primaryimage\"},\"image\":{\"@id\":\"https:\/\/lavoixdelanation.tg\/index.php\/2026\/09\/03\/cooperation-togo-cambodge-premiere-session-des-consultations-bilaterales-a-lome\/#primaryimage\"},\"thumbnailUrl\":\"https:\/\/lavoixdelanation.tg\/wp-content\/uploads\/2026\/09\/Premiere-session-des-consultations-bilaterales-a-Lome-entre-le-Togo-et-le-Cambodge.jpg\",\"datePublished\":\"2026-09-03T12:57:27+00:00\",\"dateModified\":\"2026-09-03T12:59:20+00:00\",\"breadcrumb\":{\"@id\":\"https:\/\/lavoixdelanation.tg\/index.php\/2026\/09\/03\/cooperation-togo-cambodge-premiere-session-des-consultations-bilaterales-a-lome\/#breadcrumb\"},\"inLanguage\":\"fr-FR\",\"potentialAction\":[{\"@type\":\"ReadAction\",\"target\":[\"https:\/\/lavoixdelanation.tg\/index.php\/2026\/09\/03\/cooperation-togo-cambodge-premiere-session-des-consultations-bilaterales-a-lome\/\"]}]},{\"@type\":\"ImageObject\",\"inLanguage\":\"fr-FR\",\"@id\":\"https:\/\/lavoixdelanation.tg\/index.php\/2026\/09\/03\/cooperation-togo-cambodge-premiere-session-des-consultations-bilaterales-a-lome\/#primaryimage\",\"url\":\"https:\/\/lavoixdelanation.tg\/wp-content\/uploads\/2026\/09\/Premiere-session-des-consultations-bilaterales-a-Lome-entre-le-Togo-et-le-Cambodge.jpg\",\"contentUrl\":\"https:\/\/lavoixdelanation.tg\/wp-content\/uploads\/2026\/09\/Premiere-session-des-consultations-bilaterales-a-Lome-entre-le-Togo-et-le-Cambodge.jpg\",\"width\":1600,\"height\":1066},{\"@type\":\"BreadcrumbList\",\"@id\":\"https:\/\/lavoixdelanation.tg\/index.php\/2026\/09\/03\/cooperation-togo-cambodge-premiere-session-des-consultations-bilaterales-a-lome\/#breadcrumb\",\"itemListElement\":[{\"@type\":\"ListItem\",\"position\":1,\"name\":\"Accueil\",\"item\":\"https:\/\/lavoixdelanation.tg\/\"},{\"@type\":\"ListItem\",\"position\":2,\"name\":\"Coop\u00e9ration Togo-Cambodge : Premi\u00e8re session des consultations bilat\u00e9rales \u00e0 Lom\u00e9\"}]},{\"@type\":\"WebSite\",\"@id\":\"https:\/\/lavoixdelanation.tg\/#website\",\"url\":\"https:\/\/lavoixdelanation.tg\/\",\"name\":\"La Voix de la Nation\",\"description\":\"R\u00e9c\u00e9piss\u00e9 n\u00b00108\/HAAC\/01-2024\/pl\/P\",\"publisher\":{\"@id\":\"https:\/\/lavoixdelanation.tg\/#organization\"},\"alternateName\":\"VON\",\"potentialAction\":[{\"@type\":\"SearchAction\",\"target\":{\"@type\":\"EntryPoint\",\"urlTemplate\":\"https:\/\/lavoixdelanation.tg\/?s={search_term_string}\"},\"query-input\":{\"@type\":\"PropertyValueSpecification\",\"valueRequired\":true,\"valueName\":\"search_term_string\"}}],\"inLanguage\":\"fr-FR\"},{\"@type\":\"Organization\",\"@id\":\"https:\/\/lavoixdelanation.tg\/#organization\",\"name\":\"La Voix de la Nation\",\"url\":\"https:\/\/lavoixdelanation.tg\/\",\"logo\":{\"@type\":\"ImageObject\",\"inLanguage\":\"fr-FR\",\"@id\":\"https:\/\/lavoixdelanation.tg\/#\/schema\/logo\/image\/\",\"url\":\"https:\/\/lavoixdelanation.tg\/wp-content\/uploads\/2024\/12\/lavn-1.png\",\"contentUrl\":\"https:\/\/lavoixdelanation.tg\/wp-content\/uploads\/2024\/12\/lavn-1.png\",\"width\":1024,\"height\":464,\"caption\":\"La Voix de la Nation\"},\"image\":{\"@id\":\"https:\/\/lavoixdelanation.tg\/#\/schema\/logo\/image\/\"},\"sameAs\":[\"https:\/\/www.facebook.com\/lavoixdelanation\"]},{\"@type\":\"Person\",\"@id\":\"https:\/\/lavoixdelanation.tg\/#\/schema\/person\/6c489293aa38053673a9e554acb6e224\",\"name\":\"La voix de la nation\",\"image\":{\"@type\":\"ImageObject\",\"inLanguage\":\"fr-FR\",\"@id\":\"https:\/\/lavoixdelanation.tg\/#\/schema\/person\/image\/\",\"url\":\"https:\/\/secure.gravatar.com\/avatar\/8aa135d4bbc794494cecaa8d483f6d6cc1023624868deaff686baed5e727a5a1?s=96&d=mm&r=g\",\"contentUrl\":\"https:\/\/secure.gravatar.com\/avatar\/8aa135d4bbc794494cecaa8d483f6d6cc1023624868deaff686baed5e727a5a1?s=96&d=mm&r=g\",\"caption\":\"La voix de la nation\"},\"sameAs\":[\"https:\/\/lavoixdelanation.tg\"],\"url\":\"https:\/\/lavoixdelanation.tg\/index.php\/author\/lavn\/\"}]}<\/script>\n<!-- \/ Yoast SEO plugin. -->","yoast_head_json":{"title":"Coop\u00e9ration Togo-Cambodge : Premi\u00e8re session des consultations bilat\u00e9rales \u00e0 Lom\u00e9 - La Voix de la Nation","robots":{"index":"index","follow":"follow","max-snippet":"max-snippet:-1","max-image-preview":"max-image-preview:large","max-video-preview":"max-video-preview:-1"},"canonical":"https:\/\/lavoixdelanation.tg\/index.php\/2026\/09\/03\/cooperation-togo-cambodge-premiere-session-des-consultations-bilaterales-a-lome\/","og_locale":"fr_FR","og_type":"article","og_title":"Coop\u00e9ration Togo-Cambodge : Premi\u00e8re session des consultations bilat\u00e9rales \u00e0 Lom\u00e9 - La Voix de la Nation","og_description":"Lom\u00e9 la capitale togolaise accueille les 03 et 04 septembre 2026, les premi\u00e8res consultations bilat\u00e9rales entre la R\u00e9publique Togolaise et le Royaume du Cambodge. Les travaux se tiennent en pr\u00e9sence&hellip;","og_url":"https:\/\/lavoixdelanation.tg\/index.php\/2026\/09\/03\/cooperation-togo-cambodge-premiere-session-des-consultations-bilaterales-a-lome\/","og_site_name":"La Voix de la Nation","article_publisher":"https:\/\/www.facebook.com\/lavoixdelanation","article_published_time":"2026-09-03T12:57:27+00:00","article_modified_time":"2026-09-03T12:59:20+00:00","og_image":[{"width":1600,"height":1066,"url":"https:\/\/lavoixdelanation.tg\/wp-content\/uploads\/2026\/09\/Premiere-session-des-consultations-bilaterales-a-Lome-entre-le-Togo-et-le-Cambodge.jpg","type":"image\/jpeg"}],"author":"La voix de la nation","twitter_card":"summary_large_image","twitter_misc":{"\u00c9crit par":"La voix de la nation","Dur\u00e9e de lecture estim\u00e9e":"3 minutes"},"schema":{"@context":"https:\/\/schema.org","@graph":[{"@type":"Article","@id":"https:\/\/lavoixdelanation.tg\/index.php\/2026\/09\/03\/cooperation-togo-cambodge-premiere-session-des-consultations-bilaterales-a-lome\/#article","isPartOf":{"@id":"https:\/\/lavoixdelanation.tg\/index.php\/2026\/09\/03\/cooperation-togo-cambodge-premiere-session-des-consultations-bilaterales-a-lome\/"},"author":{"name":"La voix de la nation","@id":"https:\/\/lavoixdelanation.tg\/#\/schema\/person\/6c489293aa38053673a9e554acb6e224"},"headline":"Coop\u00e9ration Togo-Cambodge : Premi\u00e8re session des consultations bilat\u00e9rales \u00e0 Lom\u00e9","datePublished":"2026-09-03T12:57:27+00:00","dateModified":"2026-09-03T12:59:20+00:00","mainEntityOfPage":{"@id":"https:\/\/lavoixdelanation.tg\/index.php\/2026\/09\/03\/cooperation-togo-cambodge-premiere-session-des-consultations-bilaterales-a-lome\/"},"wordCount":401,"commentCount":0,"publisher":{"@id":"https:\/\/lavoixdelanation.tg\/#organization"},"image":{"@id":"https:\/\/lavoixdelanation.tg\/index.php\/2026\/09\/03\/cooperation-togo-cambodge-premiere-session-des-consultations-bilaterales-a-lome\/#primaryimage"},"thumbnailUrl":"https:\/\/lavoixdelanation.tg\/wp-content\/uploads\/2026\/09\/Premiere-session-des-consultations-bilaterales-a-Lome-entre-le-Togo-et-le-Cambodge.jpg","keywords":["consultations bilat\u00e9rales","Coop\u00e9ration Togo-Cambodge"],"articleSection":["Diplomatie"],"inLanguage":"fr-FR","potentialAction":[{"@type":"CommentAction","name":"Comment","target":["https:\/\/lavoixdelanation.tg\/index.php\/2026\/09\/03\/cooperation-togo-cambodge-premiere-session-des-consultations-bilaterales-a-lome\/#respond"]}]},{"@type":"WebPage","@id":"https:\/\/lavoixdelanation.tg\/index.php\/2026\/09\/03\/cooperation-togo-cambodge-premiere-session-des-consultations-bilaterales-a-lome\/","url":"https:\/\/lavoixdelanation.tg\/index.php\/2026\/09\/03\/cooperation-togo-cambodge-premiere-session-des-consultations-bilaterales-a-lome\/","name":"Coop\u00e9ration Togo-Cambodge : Premi\u00e8re session des consultations bilat\u00e9rales \u00e0 Lom\u00e9 - La Voix de la Nation","isPartOf":{"@id":"https:\/\/lavoixdelanation.tg\/#website"},"primaryImageOfPage":{"@id":"https:\/\/lavoixdelanation.tg\/index.php\/2026\/09\/03\/cooperation-togo-cambodge-premiere-session-des-consultations-bilaterales-a-lome\/#primaryimage"},"image":{"@id":"https:\/\/lavoixdelanation.tg\/index.php\/2026\/09\/03\/cooperation-togo-cambodge-premiere-session-des-consultations-bilaterales-a-lome\/#primaryimage"},"thumbnailUrl":"https:\/\/lavoixdelanation.tg\/wp-content\/uploads\/2026\/09\/Premiere-session-des-consultations-bilaterales-a-Lome-entre-le-Togo-et-le-Cambodge.jpg","datePublished":"2026-09-03T12:57:27+00:00","dateModified":"2026-09-03T12:59:20+00:00","breadcrumb":{"@id":"https:\/\/lavoixdelanation.tg\/index.php\/2026\/09\/03\/cooperation-togo-cambodge-premiere-session-des-consultations-bilaterales-a-lome\/#breadcrumb"},"inLanguage":"fr-FR","potentialAction":[{"@type":"ReadAction","target":["https:\/\/lavoixdelanation.tg\/index.php\/2026\/09\/03\/cooperation-togo-cambodge-premiere-session-des-consultations-bilaterales-a-lome\/"]}]},{"@type":"ImageObject","inLanguage":"fr-FR","@id":"https:\/\/lavoixdelanation.tg\/index.php\/2026\/09\/03\/cooperation-togo-cambodge-premiere-session-des-consultations-bilaterales-a-lome\/#primaryimage","url":"https:\/\/lavoixdelanation.tg\/wp-content\/uploads\/2026\/09\/Premiere-session-des-consultations-bilaterales-a-Lome-entre-le-Togo-et-le-Cambodge.jpg","contentUrl":"https:\/\/lavoixdelanation.tg\/wp-content\/uploads\/2026\/09\/Premiere-session-des-consultations-bilaterales-a-Lome-entre-le-Togo-et-le-Cambodge.jpg","width":1600,"height":1066},{"@type":"BreadcrumbList","@id":"https:\/\/lavoixdelanation.tg\/index.php\/2026\/09\/03\/cooperation-togo-cambodge-premiere-session-des-consultations-bilaterales-a-lome\/#breadcrumb","itemListElement":[{"@type":"ListItem","position":1,"name":"Accueil","item":"https:\/\/lavoixdelanation.tg\/"},{"@type":"ListItem","position":2,"name":"Coop\u00e9ration Togo-Cambodge : Premi\u00e8re session des consultations bilat\u00e9rales \u00e0 Lom\u00e9"}]},{"@type":"WebSite","@id":"https:\/\/lavoixdelanation.tg\/#website","url":"https:\/\/lavoixdelanation.tg\/","name":"La Voix de la Nation","description":"R\u00e9c\u00e9piss\u00e9 n\u00b00108\/HAAC\/01-2024\/pl\/P","publisher":{"@id":"https:\/\/lavoixdelanation.tg\/#organization"},"alternateName":"VON","potentialAction":[{"@type":"SearchAction","target":{"@type":"EntryPoint","urlTemplate":"https:\/\/lavoixdelanation.tg\/?s={search_term_string}"},"query-input":{"@type":"PropertyValueSpecification","valueRequired":true,"valueName":"search_term_string"}}],"inLanguage":"fr-FR"},{"@type":"Organization","@id":"https:\/\/lavoixdelanation.tg\/#organization","name":"La Voix de la Nation","url":"https:\/\/lavoixdelanation.tg\/","logo":{"@type":"ImageObject","inLanguage":"fr-FR","@id":"https:\/\/lavoixdelanation.tg\/#\/schema\/logo\/image\/","url":"https:\/\/lavoixdelanation.tg\/wp-content\/uploads\/2024\/12\/lavn-1.png","contentUrl":"https:\/\/lavoixdelanation.tg\/wp-content\/uploads\/2024\/12\/lavn-1.png","width":1024,"height":464,"caption":"La Voix de la Nation"},"image":{"@id":"https:\/\/lavoixdelanation.tg\/#\/schema\/logo\/image\/"},"sameAs":["https:\/\/www.facebook.com\/lavoixdelanation"]},{"@type":"Person","@id":"https:\/\/lavoixdelanation.tg\/#\/schema\/person\/6c489293aa38053673a9e554acb6e224","name":"La voix de la nation","image":{"@type":"ImageObject","inLanguage":"fr-FR","@id":"https:\/\/lavoixdelanation.tg\/#\/schema\/person\/image\/","url":"https:\/\/secure.gravatar.com\/avatar\/8aa135d4bbc794494cecaa8d483f6d6cc1023624868deaff686baed5e727a5a1?s=96&d=mm&r=g","contentUrl":"https:\/\/secure.gravatar.com\/avatar\/8aa135d4bbc794494cecaa8d483f6d6cc1023624868deaff686baed5e727a5a1?s=96&d=mm&r=g","caption":"La voix de la nation"},"sameAs":["https:\/\/lavoixdelanation.tg"],"url":"https:\/\/lavoixdelanation.tg\/index.php\/author\/lavn\/"}]}},"_links":{"self":[{"href":"https:\/\/lavoixdelanation.tg\/index.php\/wp-json\/wp\/v2\/posts\/16868","targetHints":{"allow":["GET"]}}],"collection":[{"href":"https:\/\/lavoixdelanation.tg\/index.php\/wp-json\/wp\/v2\/posts"}],"about":[{"href":"https:\/\/lavoixdelanation.tg\/index.php\/wp-json\/wp\/v2\/types\/post"}],"author":[{"embeddable":true,"href":"https:\/\/lavoixdelanation.tg\/index.php\/wp-json\/wp\/v2\/users\/1"}],"replies":[{"embeddable":true,"href":"https:\/\/lavoixdelanation.tg\/index.php\/wp-json\/wp\/v2\/comments?post=16868"}],"version-history":[{"count":2,"href":"https:\/\/lavoixdelanation.tg\/index.php\/wp-json\/wp\/v2\/posts\/16868\/revisions"}],"predecessor-version":[{"id":16873,"href":"https:\/\/lavoixdelanation.tg\/index.php\/wp-json\/wp\/v2\/posts\/16868\/revisions\/16873"}],"wp:featuredmedia":[{"embeddable":true,"href":"https:\/\/lavoixdelanation.tg\/index.php\/wp-json\/wp\/v2\/media\/16869"}],"wp:attachment":[{"href":"https:\/\/lavoixdelanation.tg\/index.php\/wp-json\/wp\/v2\/media?parent=16868"}],"wp:term":[{"taxonomy":"category","embeddable":true,"href":"https:\/\/lavoixdelanation.tg\/index.php\/wp-json\/wp\/v2\/categories?post=16868"},{"taxonomy":"post_tag","embeddable":true,"href":"https:\/\/lavoixdelanation.tg\/index.php\/wp-json\/wp\/v2\/tags?post=16868"}],"curies":[{"name":"wp","href":"https:\/\/api.w.org\/{rel}","templated":true}]}}