{"id":16848,"date":"2026-08-31T01:42:00","date_gmt":"2026-08-30T23:42:00","guid":{"rendered":"https:\/\/lavoixdelanation.tg\/?p=16848"},"modified":"2026-09-03T11:48:27","modified_gmt":"2026-09-03T09:48:27","slug":"togo-le-domaine-public-maritime-releve-de-la-competence-exclusive-de-letat","status":"publish","type":"post","link":"https:\/\/lavoixdelanation.tg\/index.php\/2026\/08\/31\/togo-le-domaine-public-maritime-releve-de-la-competence-exclusive-de-letat\/","title":{"rendered":"Togo\u00a0: Le domaine public maritime rel\u00e8ve de la comp\u00e9tence exclusive de l&rsquo;\u00c9tat"},"content":{"rendered":"\n<p class=\"wp-block-paragraph\"><strong>Au Togo, le domaine public maritime rel\u00e8ve de la comp\u00e9tence exclusive de l&rsquo;\u00c9tat central. C\u2019est ce que rappelle le comit\u00e9 ad hoc de lutte contre l&rsquo;occupation anarchique du domaine public dans le Grand Lom\u00e9 et dans les communes du littoral de la pr\u00e9fecture des Lacs.<\/strong><\/p>\n\n\n\n<p class=\"wp-block-paragraph\">Le comit\u00e9 ad hoc annonce \u00e0 cet effet le d\u00e9marrage \u00e0 partir du 1er septembre 2026, de la phase de d\u00e9molition et d\u2019enl\u00e8vement de toutes les autres installations implant\u00e9es sur le domaine public, pour lib\u00e9rer, s\u00e9curiser et pr\u00e9server les plages.<\/p>\n\n\n\n<p class=\"wp-block-paragraph\">Cette phase sera suivie de l&rsquo;\u00e9vacuation des mat\u00e9riaux et d\u00e9chets, et de la mise en \u0153uvre de mesures destin\u00e9es \u00e0 pr\u00e9venir toute nouvelle occupation anarchique.<\/p>\n\n\n\n<p class=\"wp-block-paragraph\">Le comit\u00e9 avait d\u00e9j\u00e0 tenu le 31 juillet dernier a Lom\u00e9, un point de presse essentiellement consacr\u00e9 \u00e0 l\u2019annonce du d\u00e9marrage de ces op\u00e9rations de lib\u00e9ration, de s\u00e9curisation et de pr\u00e9servation des plages et du domaine public maritime.<\/p>\n\n\n\n<p class=\"wp-block-paragraph\">\u00ab&nbsp;Cette op\u00e9ration d&rsquo;int\u00e9r\u00eat g\u00e9n\u00e9ral vise \u00e0 restaurer la vocation publique des plages, \u00e0 garantir leur libre acc\u00e8s \u00e0 l&rsquo;ensemble des usagers et \u00e0 mettre fin \u00e0 leur appropriation irr\u00e9guli\u00e8re par des particuliers. Elle r\u00e9pond \u00e9galement \u00e0 des imp\u00e9ratifs de s\u00e9curit\u00e9 et de pr\u00e9servation de l&rsquo;environnement sur le littoral&nbsp;\u00bb, a-t-il indiqu\u00e9 dans un communiqu\u00e9 en date de ce 31 ao\u00fbt 2026.<\/p>\n\n\n\n<p class=\"wp-block-paragraph\">Le comit\u00e9 ad hoc appelle les occupants, les populations riveraines, les collectivit\u00e9s territoriales, les organisations professionnelles et les m\u00e9dias \u00e0 accompagner cette op\u00e9ration dans un esprit de civisme, de responsabilit\u00e9 et de pr\u00e9servation du bien public.<\/p>\n\n\n\n<p class=\"wp-block-paragraph\">Il r\u00e9affirme par ailleurs sa d\u00e9termination \u00e0 conduire ce processus de mani\u00e8re coordonn\u00e9e, transparente et respectueuse des exigences de s\u00e9curit\u00e9, de protection de l&rsquo;environnement et de sauvegarde du patrimoine collectif.<\/p>\n\n\n\n<p class=\"wp-block-paragraph\">Pour rappel, les installations devant \u00eatre volontairement d\u00e9mont\u00e9es et retir\u00e9es des espaces concern\u00e9s ont \u00e9t\u00e9 clairement identifi\u00e9es lors de l\u2019op\u00e9ration de marquage du 27 juillet dernier. Les occupants et exploitants ont \u00e9t\u00e9 convi\u00e9s \u00e0 mettre \u00e0 profit le mois d\u2019ao\u00fbt 2026 pour se conformer aux prescriptions visant \u00e0 lutter contre les occupations anarchiques du domaine public et remettre les sites en l\u2019\u00e9tat.<\/p>\n","protected":false},"excerpt":{"rendered":"<p>Au Togo, le domaine public maritime rel\u00e8ve de la comp\u00e9tence exclusive de l&rsquo;\u00c9tat central. C\u2019est ce que rappelle le comit\u00e9 ad hoc de lutte contre l&rsquo;occupation anarchique du domaine public&hellip; <\/p>\n","protected":false},"author":1,"featured_media":16849,"comment_status":"open","ping_status":"closed","sticky":false,"template":"","format":"standard","meta":{"footnotes":""},"categories":[8],"tags":[1665,39],"class_list":["post-16848","post","type-post","status-publish","format-standard","has-post-thumbnail","hentry","category-economie","tag-domaine-public-maritime","tag-togo"],"yoast_head":"<!-- This site is optimized with the Yoast SEO plugin v26.4 - https:\/\/yoast.com\/wordpress\/plugins\/seo\/ -->\n<title>Togo\u00a0: Le domaine public maritime rel\u00e8ve de la comp\u00e9tence exclusive de l&#039;\u00c9tat - La Voix de la Nation<\/title>\n<meta name=\"robots\" content=\"index, follow, max-snippet:-1, max-image-preview:large, max-video-preview:-1\" \/>\n<link rel=\"canonical\" href=\"https:\/\/lavoixdelanation.tg\/index.php\/2026\/08\/31\/togo-le-domaine-public-maritime-releve-de-la-competence-exclusive-de-letat\/\" \/>\n<meta property=\"og:locale\" content=\"fr_FR\" \/>\n<meta property=\"og:type\" content=\"article\" \/>\n<meta property=\"og:title\" content=\"Togo\u00a0: Le domaine public maritime rel\u00e8ve de la comp\u00e9tence exclusive de l&#039;\u00c9tat - La Voix de la Nation\" \/>\n<meta property=\"og:description\" content=\"Au Togo, le domaine public maritime rel\u00e8ve de la comp\u00e9tence exclusive de l&rsquo;\u00c9tat central. C\u2019est ce que rappelle le comit\u00e9 ad hoc de lutte contre l&rsquo;occupation anarchique du domaine public&hellip;\" \/>\n<meta property=\"og:url\" content=\"https:\/\/lavoixdelanation.tg\/index.php\/2026\/08\/31\/togo-le-domaine-public-maritime-releve-de-la-competence-exclusive-de-letat\/\" \/>\n<meta property=\"og:site_name\" content=\"La Voix de la Nation\" \/>\n<meta property=\"article:publisher\" content=\"https:\/\/www.facebook.com\/lavoixdelanation\" \/>\n<meta property=\"article:published_time\" content=\"2026-08-30T23:42:00+00:00\" \/>\n<meta property=\"article:modified_time\" content=\"2026-09-03T09:48:27+00:00\" \/>\n<meta property=\"og:image\" content=\"https:\/\/lavoixdelanation.tg\/wp-content\/uploads\/2026\/09\/Le-domaine-public-maritime-togolais-releve-de-la-competence-exclusive-de-lEtat.jpg\" \/>\n\t<meta property=\"og:image:width\" content=\"1000\" \/>\n\t<meta property=\"og:image:height\" content=\"750\" \/>\n\t<meta property=\"og:image:type\" content=\"image\/jpeg\" \/>\n<meta name=\"author\" content=\"La voix de la nation\" \/>\n<meta name=\"twitter:card\" content=\"summary_large_image\" \/>\n<meta name=\"twitter:label1\" content=\"\u00c9crit par\" \/>\n\t<meta name=\"twitter:data1\" content=\"La voix de la nation\" \/>\n\t<meta name=\"twitter:label2\" content=\"Dur\u00e9e de lecture estim\u00e9e\" \/>\n\t<meta name=\"twitter:data2\" content=\"2 minutes\" \/>\n<script type=\"application\/ld+json\" class=\"yoast-schema-graph\">{\"@context\":\"https:\/\/schema.org\",\"@graph\":[{\"@type\":\"Article\",\"@id\":\"https:\/\/lavoixdelanation.tg\/index.php\/2026\/08\/31\/togo-le-domaine-public-maritime-releve-de-la-competence-exclusive-de-letat\/#article\",\"isPartOf\":{\"@id\":\"https:\/\/lavoixdelanation.tg\/index.php\/2026\/08\/31\/togo-le-domaine-public-maritime-releve-de-la-competence-exclusive-de-letat\/\"},\"author\":{\"name\":\"La voix de la nation\",\"@id\":\"https:\/\/lavoixdelanation.tg\/#\/schema\/person\/6c489293aa38053673a9e554acb6e224\"},\"headline\":\"Togo\u00a0: Le domaine public maritime rel\u00e8ve de la comp\u00e9tence exclusive de l&rsquo;\u00c9tat\",\"datePublished\":\"2026-08-30T23:42:00+00:00\",\"dateModified\":\"2026-09-03T09:48:27+00:00\",\"mainEntityOfPage\":{\"@id\":\"https:\/\/lavoixdelanation.tg\/index.php\/2026\/08\/31\/togo-le-domaine-public-maritime-releve-de-la-competence-exclusive-de-letat\/\"},\"wordCount\":395,\"commentCount\":0,\"publisher\":{\"@id\":\"https:\/\/lavoixdelanation.tg\/#organization\"},\"image\":{\"@id\":\"https:\/\/lavoixdelanation.tg\/index.php\/2026\/08\/31\/togo-le-domaine-public-maritime-releve-de-la-competence-exclusive-de-letat\/#primaryimage\"},\"thumbnailUrl\":\"https:\/\/lavoixdelanation.tg\/wp-content\/uploads\/2026\/09\/Le-domaine-public-maritime-togolais-releve-de-la-competence-exclusive-de-lEtat.jpg\",\"keywords\":[\"Domaine public maritime\",\"Togo\"],\"articleSection\":[\"Economie\"],\"inLanguage\":\"fr-FR\",\"potentialAction\":[{\"@type\":\"CommentAction\",\"name\":\"Comment\",\"target\":[\"https:\/\/lavoixdelanation.tg\/index.php\/2026\/08\/31\/togo-le-domaine-public-maritime-releve-de-la-competence-exclusive-de-letat\/#respond\"]}]},{\"@type\":\"WebPage\",\"@id\":\"https:\/\/lavoixdelanation.tg\/index.php\/2026\/08\/31\/togo-le-domaine-public-maritime-releve-de-la-competence-exclusive-de-letat\/\",\"url\":\"https:\/\/lavoixdelanation.tg\/index.php\/2026\/08\/31\/togo-le-domaine-public-maritime-releve-de-la-competence-exclusive-de-letat\/\",\"name\":\"Togo\u00a0: Le domaine public maritime rel\u00e8ve de la comp\u00e9tence exclusive de l'\u00c9tat - La Voix de la Nation\",\"isPartOf\":{\"@id\":\"https:\/\/lavoixdelanation.tg\/#website\"},\"primaryImageOfPage\":{\"@id\":\"https:\/\/lavoixdelanation.tg\/index.php\/2026\/08\/31\/togo-le-domaine-public-maritime-releve-de-la-competence-exclusive-de-letat\/#primaryimage\"},\"image\":{\"@id\":\"https:\/\/lavoixdelanation.tg\/index.php\/2026\/08\/31\/togo-le-domaine-public-maritime-releve-de-la-competence-exclusive-de-letat\/#primaryimage\"},\"thumbnailUrl\":\"https:\/\/lavoixdelanation.tg\/wp-content\/uploads\/2026\/09\/Le-domaine-public-maritime-togolais-releve-de-la-competence-exclusive-de-lEtat.jpg\",\"datePublished\":\"2026-08-30T23:42:00+00:00\",\"dateModified\":\"2026-09-03T09:48:27+00:00\",\"breadcrumb\":{\"@id\":\"https:\/\/lavoixdelanation.tg\/index.php\/2026\/08\/31\/togo-le-domaine-public-maritime-releve-de-la-competence-exclusive-de-letat\/#breadcrumb\"},\"inLanguage\":\"fr-FR\",\"potentialAction\":[{\"@type\":\"ReadAction\",\"target\":[\"https:\/\/lavoixdelanation.tg\/index.php\/2026\/08\/31\/togo-le-domaine-public-maritime-releve-de-la-competence-exclusive-de-letat\/\"]}]},{\"@type\":\"ImageObject\",\"inLanguage\":\"fr-FR\",\"@id\":\"https:\/\/lavoixdelanation.tg\/index.php\/2026\/08\/31\/togo-le-domaine-public-maritime-releve-de-la-competence-exclusive-de-letat\/#primaryimage\",\"url\":\"https:\/\/lavoixdelanation.tg\/wp-content\/uploads\/2026\/09\/Le-domaine-public-maritime-togolais-releve-de-la-competence-exclusive-de-lEtat.jpg\",\"contentUrl\":\"https:\/\/lavoixdelanation.tg\/wp-content\/uploads\/2026\/09\/Le-domaine-public-maritime-togolais-releve-de-la-competence-exclusive-de-lEtat.jpg\",\"width\":1000,\"height\":750},{\"@type\":\"BreadcrumbList\",\"@id\":\"https:\/\/lavoixdelanation.tg\/index.php\/2026\/08\/31\/togo-le-domaine-public-maritime-releve-de-la-competence-exclusive-de-letat\/#breadcrumb\",\"itemListElement\":[{\"@type\":\"ListItem\",\"position\":1,\"name\":\"Accueil\",\"item\":\"https:\/\/lavoixdelanation.tg\/\"},{\"@type\":\"ListItem\",\"position\":2,\"name\":\"Togo\u00a0: Le domaine public maritime rel\u00e8ve de la comp\u00e9tence exclusive de l&rsquo;\u00c9tat\"}]},{\"@type\":\"WebSite\",\"@id\":\"https:\/\/lavoixdelanation.tg\/#website\",\"url\":\"https:\/\/lavoixdelanation.tg\/\",\"name\":\"La Voix de la Nation\",\"description\":\"R\u00e9c\u00e9piss\u00e9 n\u00b00108\/HAAC\/01-2024\/pl\/P\",\"publisher\":{\"@id\":\"https:\/\/lavoixdelanation.tg\/#organization\"},\"alternateName\":\"VON\",\"potentialAction\":[{\"@type\":\"SearchAction\",\"target\":{\"@type\":\"EntryPoint\",\"urlTemplate\":\"https:\/\/lavoixdelanation.tg\/?s={search_term_string}\"},\"query-input\":{\"@type\":\"PropertyValueSpecification\",\"valueRequired\":true,\"valueName\":\"search_term_string\"}}],\"inLanguage\":\"fr-FR\"},{\"@type\":\"Organization\",\"@id\":\"https:\/\/lavoixdelanation.tg\/#organization\",\"name\":\"La Voix de la Nation\",\"url\":\"https:\/\/lavoixdelanation.tg\/\",\"logo\":{\"@type\":\"ImageObject\",\"inLanguage\":\"fr-FR\",\"@id\":\"https:\/\/lavoixdelanation.tg\/#\/schema\/logo\/image\/\",\"url\":\"https:\/\/lavoixdelanation.tg\/wp-content\/uploads\/2024\/12\/lavn-1.png\",\"contentUrl\":\"https:\/\/lavoixdelanation.tg\/wp-content\/uploads\/2024\/12\/lavn-1.png\",\"width\":1024,\"height\":464,\"caption\":\"La Voix de la Nation\"},\"image\":{\"@id\":\"https:\/\/lavoixdelanation.tg\/#\/schema\/logo\/image\/\"},\"sameAs\":[\"https:\/\/www.facebook.com\/lavoixdelanation\"]},{\"@type\":\"Person\",\"@id\":\"https:\/\/lavoixdelanation.tg\/#\/schema\/person\/6c489293aa38053673a9e554acb6e224\",\"name\":\"La voix de la nation\",\"image\":{\"@type\":\"ImageObject\",\"inLanguage\":\"fr-FR\",\"@id\":\"https:\/\/lavoixdelanation.tg\/#\/schema\/person\/image\/\",\"url\":\"https:\/\/secure.gravatar.com\/avatar\/8aa135d4bbc794494cecaa8d483f6d6cc1023624868deaff686baed5e727a5a1?s=96&d=mm&r=g\",\"contentUrl\":\"https:\/\/secure.gravatar.com\/avatar\/8aa135d4bbc794494cecaa8d483f6d6cc1023624868deaff686baed5e727a5a1?s=96&d=mm&r=g\",\"caption\":\"La voix de la nation\"},\"sameAs\":[\"https:\/\/lavoixdelanation.tg\"],\"url\":\"https:\/\/lavoixdelanation.tg\/index.php\/author\/lavn\/\"}]}<\/script>\n<!-- \/ Yoast SEO plugin. -->","yoast_head_json":{"title":"Togo\u00a0: Le domaine public maritime rel\u00e8ve de la comp\u00e9tence exclusive de l'\u00c9tat - La Voix de la Nation","robots":{"index":"index","follow":"follow","max-snippet":"max-snippet:-1","max-image-preview":"max-image-preview:large","max-video-preview":"max-video-preview:-1"},"canonical":"https:\/\/lavoixdelanation.tg\/index.php\/2026\/08\/31\/togo-le-domaine-public-maritime-releve-de-la-competence-exclusive-de-letat\/","og_locale":"fr_FR","og_type":"article","og_title":"Togo\u00a0: Le domaine public maritime rel\u00e8ve de la comp\u00e9tence exclusive de l'\u00c9tat - La Voix de la Nation","og_description":"Au Togo, le domaine public maritime rel\u00e8ve de la comp\u00e9tence exclusive de l&rsquo;\u00c9tat central. C\u2019est ce que rappelle le comit\u00e9 ad hoc de lutte contre l&rsquo;occupation anarchique du domaine public&hellip;","og_url":"https:\/\/lavoixdelanation.tg\/index.php\/2026\/08\/31\/togo-le-domaine-public-maritime-releve-de-la-competence-exclusive-de-letat\/","og_site_name":"La Voix de la Nation","article_publisher":"https:\/\/www.facebook.com\/lavoixdelanation","article_published_time":"2026-08-30T23:42:00+00:00","article_modified_time":"2026-09-03T09:48:27+00:00","og_image":[{"width":1000,"height":750,"url":"https:\/\/lavoixdelanation.tg\/wp-content\/uploads\/2026\/09\/Le-domaine-public-maritime-togolais-releve-de-la-competence-exclusive-de-lEtat.jpg","type":"image\/jpeg"}],"author":"La voix de la nation","twitter_card":"summary_large_image","twitter_misc":{"\u00c9crit par":"La voix de la nation","Dur\u00e9e de lecture estim\u00e9e":"2 minutes"},"schema":{"@context":"https:\/\/schema.org","@graph":[{"@type":"Article","@id":"https:\/\/lavoixdelanation.tg\/index.php\/2026\/08\/31\/togo-le-domaine-public-maritime-releve-de-la-competence-exclusive-de-letat\/#article","isPartOf":{"@id":"https:\/\/lavoixdelanation.tg\/index.php\/2026\/08\/31\/togo-le-domaine-public-maritime-releve-de-la-competence-exclusive-de-letat\/"},"author":{"name":"La voix de la nation","@id":"https:\/\/lavoixdelanation.tg\/#\/schema\/person\/6c489293aa38053673a9e554acb6e224"},"headline":"Togo\u00a0: Le domaine public maritime rel\u00e8ve de la comp\u00e9tence exclusive de l&rsquo;\u00c9tat","datePublished":"2026-08-30T23:42:00+00:00","dateModified":"2026-09-03T09:48:27+00:00","mainEntityOfPage":{"@id":"https:\/\/lavoixdelanation.tg\/index.php\/2026\/08\/31\/togo-le-domaine-public-maritime-releve-de-la-competence-exclusive-de-letat\/"},"wordCount":395,"commentCount":0,"publisher":{"@id":"https:\/\/lavoixdelanation.tg\/#organization"},"image":{"@id":"https:\/\/lavoixdelanation.tg\/index.php\/2026\/08\/31\/togo-le-domaine-public-maritime-releve-de-la-competence-exclusive-de-letat\/#primaryimage"},"thumbnailUrl":"https:\/\/lavoixdelanation.tg\/wp-content\/uploads\/2026\/09\/Le-domaine-public-maritime-togolais-releve-de-la-competence-exclusive-de-lEtat.jpg","keywords":["Domaine public maritime","Togo"],"articleSection":["Economie"],"inLanguage":"fr-FR","potentialAction":[{"@type":"CommentAction","name":"Comment","target":["https:\/\/lavoixdelanation.tg\/index.php\/2026\/08\/31\/togo-le-domaine-public-maritime-releve-de-la-competence-exclusive-de-letat\/#respond"]}]},{"@type":"WebPage","@id":"https:\/\/lavoixdelanation.tg\/index.php\/2026\/08\/31\/togo-le-domaine-public-maritime-releve-de-la-competence-exclusive-de-letat\/","url":"https:\/\/lavoixdelanation.tg\/index.php\/2026\/08\/31\/togo-le-domaine-public-maritime-releve-de-la-competence-exclusive-de-letat\/","name":"Togo\u00a0: Le domaine public maritime rel\u00e8ve de la comp\u00e9tence exclusive de l'\u00c9tat - La Voix de la Nation","isPartOf":{"@id":"https:\/\/lavoixdelanation.tg\/#website"},"primaryImageOfPage":{"@id":"https:\/\/lavoixdelanation.tg\/index.php\/2026\/08\/31\/togo-le-domaine-public-maritime-releve-de-la-competence-exclusive-de-letat\/#primaryimage"},"image":{"@id":"https:\/\/lavoixdelanation.tg\/index.php\/2026\/08\/31\/togo-le-domaine-public-maritime-releve-de-la-competence-exclusive-de-letat\/#primaryimage"},"thumbnailUrl":"https:\/\/lavoixdelanation.tg\/wp-content\/uploads\/2026\/09\/Le-domaine-public-maritime-togolais-releve-de-la-competence-exclusive-de-lEtat.jpg","datePublished":"2026-08-30T23:42:00+00:00","dateModified":"2026-09-03T09:48:27+00:00","breadcrumb":{"@id":"https:\/\/lavoixdelanation.tg\/index.php\/2026\/08\/31\/togo-le-domaine-public-maritime-releve-de-la-competence-exclusive-de-letat\/#breadcrumb"},"inLanguage":"fr-FR","potentialAction":[{"@type":"ReadAction","target":["https:\/\/lavoixdelanation.tg\/index.php\/2026\/08\/31\/togo-le-domaine-public-maritime-releve-de-la-competence-exclusive-de-letat\/"]}]},{"@type":"ImageObject","inLanguage":"fr-FR","@id":"https:\/\/lavoixdelanation.tg\/index.php\/2026\/08\/31\/togo-le-domaine-public-maritime-releve-de-la-competence-exclusive-de-letat\/#primaryimage","url":"https:\/\/lavoixdelanation.tg\/wp-content\/uploads\/2026\/09\/Le-domaine-public-maritime-togolais-releve-de-la-competence-exclusive-de-lEtat.jpg","contentUrl":"https:\/\/lavoixdelanation.tg\/wp-content\/uploads\/2026\/09\/Le-domaine-public-maritime-togolais-releve-de-la-competence-exclusive-de-lEtat.jpg","width":1000,"height":750},{"@type":"BreadcrumbList","@id":"https:\/\/lavoixdelanation.tg\/index.php\/2026\/08\/31\/togo-le-domaine-public-maritime-releve-de-la-competence-exclusive-de-letat\/#breadcrumb","itemListElement":[{"@type":"ListItem","position":1,"name":"Accueil","item":"https:\/\/lavoixdelanation.tg\/"},{"@type":"ListItem","position":2,"name":"Togo\u00a0: Le domaine public maritime rel\u00e8ve de la comp\u00e9tence exclusive de l&rsquo;\u00c9tat"}]},{"@type":"WebSite","@id":"https:\/\/lavoixdelanation.tg\/#website","url":"https:\/\/lavoixdelanation.tg\/","name":"La Voix de la Nation","description":"R\u00e9c\u00e9piss\u00e9 n\u00b00108\/HAAC\/01-2024\/pl\/P","publisher":{"@id":"https:\/\/lavoixdelanation.tg\/#organization"},"alternateName":"VON","potentialAction":[{"@type":"SearchAction","target":{"@type":"EntryPoint","urlTemplate":"https:\/\/lavoixdelanation.tg\/?s={search_term_string}"},"query-input":{"@type":"PropertyValueSpecification","valueRequired":true,"valueName":"search_term_string"}}],"inLanguage":"fr-FR"},{"@type":"Organization","@id":"https:\/\/lavoixdelanation.tg\/#organization","name":"La Voix de la Nation","url":"https:\/\/lavoixdelanation.tg\/","logo":{"@type":"ImageObject","inLanguage":"fr-FR","@id":"https:\/\/lavoixdelanation.tg\/#\/schema\/logo\/image\/","url":"https:\/\/lavoixdelanation.tg\/wp-content\/uploads\/2024\/12\/lavn-1.png","contentUrl":"https:\/\/lavoixdelanation.tg\/wp-content\/uploads\/2024\/12\/lavn-1.png","width":1024,"height":464,"caption":"La Voix de la Nation"},"image":{"@id":"https:\/\/lavoixdelanation.tg\/#\/schema\/logo\/image\/"},"sameAs":["https:\/\/www.facebook.com\/lavoixdelanation"]},{"@type":"Person","@id":"https:\/\/lavoixdelanation.tg\/#\/schema\/person\/6c489293aa38053673a9e554acb6e224","name":"La voix de la nation","image":{"@type":"ImageObject","inLanguage":"fr-FR","@id":"https:\/\/lavoixdelanation.tg\/#\/schema\/person\/image\/","url":"https:\/\/secure.gravatar.com\/avatar\/8aa135d4bbc794494cecaa8d483f6d6cc1023624868deaff686baed5e727a5a1?s=96&d=mm&r=g","contentUrl":"https:\/\/secure.gravatar.com\/avatar\/8aa135d4bbc794494cecaa8d483f6d6cc1023624868deaff686baed5e727a5a1?s=96&d=mm&r=g","caption":"La voix de la nation"},"sameAs":["https:\/\/lavoixdelanation.tg"],"url":"https:\/\/lavoixdelanation.tg\/index.php\/author\/lavn\/"}]}},"_links":{"self":[{"href":"https:\/\/lavoixdelanation.tg\/index.php\/wp-json\/wp\/v2\/posts\/16848","targetHints":{"allow":["GET"]}}],"collection":[{"href":"https:\/\/lavoixdelanation.tg\/index.php\/wp-json\/wp\/v2\/posts"}],"about":[{"href":"https:\/\/lavoixdelanation.tg\/index.php\/wp-json\/wp\/v2\/types\/post"}],"author":[{"embeddable":true,"href":"https:\/\/lavoixdelanation.tg\/index.php\/wp-json\/wp\/v2\/users\/1"}],"replies":[{"embeddable":true,"href":"https:\/\/lavoixdelanation.tg\/index.php\/wp-json\/wp\/v2\/comments?post=16848"}],"version-history":[{"count":1,"href":"https:\/\/lavoixdelanation.tg\/index.php\/wp-json\/wp\/v2\/posts\/16848\/revisions"}],"predecessor-version":[{"id":16850,"href":"https:\/\/lavoixdelanation.tg\/index.php\/wp-json\/wp\/v2\/posts\/16848\/revisions\/16850"}],"wp:featuredmedia":[{"embeddable":true,"href":"https:\/\/lavoixdelanation.tg\/index.php\/wp-json\/wp\/v2\/media\/16849"}],"wp:attachment":[{"href":"https:\/\/lavoixdelanation.tg\/index.php\/wp-json\/wp\/v2\/media?parent=16848"}],"wp:term":[{"taxonomy":"category","embeddable":true,"href":"https:\/\/lavoixdelanation.tg\/index.php\/wp-json\/wp\/v2\/categories?post=16848"},{"taxonomy":"post_tag","embeddable":true,"href":"https:\/\/lavoixdelanation.tg\/index.php\/wp-json\/wp\/v2\/tags?post=16848"}],"curies":[{"name":"wp","href":"https:\/\/api.w.org\/{rel}","templated":true}]}}