{"id":16837,"date":"2026-09-01T20:02:25","date_gmt":"2026-09-01T18:02:25","guid":{"rendered":"https:\/\/lavoixdelanation.tg\/?p=16837"},"modified":"2026-09-01T20:05:34","modified_gmt":"2026-09-01T18:05:34","slug":"bichkek-entretien-de-haut-niveau-entre-faure-gnassingbe-et-sadyr-japarov-president-du-kirghizstan","status":"publish","type":"post","link":"https:\/\/lavoixdelanation.tg\/index.php\/2026\/09\/01\/bichkek-entretien-de-haut-niveau-entre-faure-gnassingbe-et-sadyr-japarov-president-du-kirghizstan\/","title":{"rendered":"Bichkek\u00a0: Entretien de haut niveau\u00a0entre Faure Gnassingb\u00e9 et Sadyr Japarov, Pr\u00e9sident du Kirghizstan"},"content":{"rendered":"\n<p class=\"wp-block-paragraph\"><strong><em>C\u2019est une rencontre de haut niveau qui t\u00e9moigne d\u2019une diplomatie togolaise fond\u00e9e sur le dialogue avec l\u2019ambition de consolider les partenariats existants tout en ouvrant de nouvelles perspectives de coop\u00e9ration.<\/em><\/strong><\/p>\n\n\n\n<p class=\"wp-block-paragraph\">En s\u00e9jour \u00e0 Bichkek au Kirghizstan dans le cadre du 26\u00e8 sommet sur la Coop\u00e9ration de Shanghai (OCS), le Pr\u00e9sident du Conseil Faure Gnassingb\u00e9 a eu ce 31 ao\u00fbt 2026, un entretien bilat\u00e9ral avec le Pr\u00e9sident du Kirghizstan, Sadyr Japarov.<\/p>\n\n\n\n<p class=\"wp-block-paragraph\">Cette rencontre intervient quatre mois apr\u00e8s la visite officielle du Pr\u00e9sident du Conseil au Kirghizstan, signe d\u2019une diplomatie strat\u00e9gique fond\u00e9e sur la continuit\u00e9, le suivi des engagements et la recherche d\u2019int\u00e9r\u00eats communs pour la prosp\u00e9rit\u00e9 de leurs pays.<\/p>\n\n\n\n<p class=\"wp-block-paragraph\">Les deux dirigeants ont eu une s\u00e9ance de travail \u00e9largie \u00e0 leur d\u00e9l\u00e9gation minist\u00e9rielle sur le renforcement de la coop\u00e9ration bilat\u00e9rale notamment \u00e0 travers la mise en \u0153uvre des accords sign\u00e9s lors de la fructueuse visite de travail du Pr\u00e9sident du Conseil en avril dernier \u00e0 Bichkek.<\/p>\n\n\n\n<p class=\"wp-block-paragraph\">Faure Gnassingb\u00e9 s\u2019est f\u00e9licit\u00e9 de la qualit\u00e9 des \u00e9changes et de l\u2019attention particuli\u00e8re que le Kirghizstan accorde \u00e0 la diplomatie togolaise dans le concert des Nations.<\/p>\n\n\n\n<p class=\"wp-block-paragraph\">Il a exprim\u00e9 sa gratitude au Pr\u00e9sident Sadyr Japarov d\u2019avoir associ\u00e9 le Togo au sommet sur la Coop\u00e9ration de Shanghai (OCS) et aux 6\u00e8 Jeux mondiaux des nomades.<\/p>\n\n\n\n<figure class=\"wp-block-image size-full\"><img loading=\"lazy\" decoding=\"async\" width=\"800\" height=\"533\" src=\"https:\/\/lavoixdelanation.tg\/wp-content\/uploads\/2026\/09\/Seance-de-travail-entre-les-delegations-du-Togo-et-du-Kirghizstan.jpeg\" alt=\"\" class=\"wp-image-16840\" srcset=\"https:\/\/lavoixdelanation.tg\/wp-content\/uploads\/2026\/09\/Seance-de-travail-entre-les-delegations-du-Togo-et-du-Kirghizstan.jpeg 800w, https:\/\/lavoixdelanation.tg\/wp-content\/uploads\/2026\/09\/Seance-de-travail-entre-les-delegations-du-Togo-et-du-Kirghizstan-300x200.jpeg 300w, https:\/\/lavoixdelanation.tg\/wp-content\/uploads\/2026\/09\/Seance-de-travail-entre-les-delegations-du-Togo-et-du-Kirghizstan-767x511.jpeg 767w\" sizes=\"auto, (max-width: 800px) 100vw, 800px\" \/><\/figure>\n\n\n\n<p class=\"wp-block-paragraph\">\u00ab&nbsp;Aujourd\u2019hui, nous sommes en train d\u2019examiner tous ces m\u00e9morandums pour voir comment nous allons les mettre en \u0153uvre dans un meilleur d\u00e9lai. Monsieur le Pr\u00e9sident, je voudrais vous remercier du fond du c\u0153ur pour l\u2019honneur que vous nous faites de nous associer \u00e0 ce double \u00e9v\u00e9nement. D\u2019abord, l\u2019ouverture des Jeux ce soir et demain le sommet sur la Coop\u00e9ration de Shanghai. C\u2019est un succ\u00e8s diplomatique que nous saluons et nous savons que c\u2019est gr\u00e2ce \u00e0 votre leadership que ce succ\u00e8s a \u00e9t\u00e9 atteint&nbsp;\u00bb, a d\u00e9clar\u00e9 le Pr\u00e9sident Faure Essozimna Gnassingb\u00e9.<\/p>\n\n\n\n<p class=\"wp-block-paragraph\">Le Pr\u00e9sident kirghiz Sadyr Japarov s\u2019est \u00e9galement f\u00e9licit\u00e9 de l\u2019excellence des relations de coop\u00e9ration entre son pays et le Togo qui s\u2019est traduite par la signature des accords dans divers domaines.<\/p>\n\n\n\n<p class=\"wp-block-paragraph\">Il a \u00e9mis le v\u0153u que ce partenariat se renforce davantage. Le leader kirghiz a salu\u00e9 le leadership du Pr\u00e9sident Faure Gnassingb\u00e9 et remerci\u00e9 notre pays pour avoir soutenu la candidature de son pays comme membre non permanent du Conseil de s\u00e9curit\u00e9 des Nations unies.<\/p>\n\n\n\n<p class=\"wp-block-paragraph\">\u00ab&nbsp;Votre visite officielle \u00e0 Bichkek en avril a fortement contribu\u00e9 \u00e0 approfondir le dialogue politique entre nos deux pays et \u00e0 d\u00e9finir de nouveaux axes de coop\u00e9ration. Nous consid\u00e9rons le Togo comme un partenaire prometteur en Afrique&nbsp;\u00bb, a indiqu\u00e9 Sadyr Japarov.<\/p>\n\n\n\n<p class=\"wp-block-paragraph\">Au demeurant, \u00e0 travers le renforcement de ses relations avec le Kirghizistan, le Togo entend poursuivre cette dynamique en privil\u00e9giant une coop\u00e9ration concr\u00e8te et mutuellement b\u00e9n\u00e9fique, ax\u00e9e notamment sur le d\u00e9veloppement des comp\u00e9tences, la modernisation des institutions et la cr\u00e9ation de nouvelles opportunit\u00e9s \u00e9conomiques.<\/p>\n\n\n\n<p class=\"wp-block-paragraph\"><strong>David S.<\/strong><strong><\/strong><\/p>\n","protected":false},"excerpt":{"rendered":"<p>C\u2019est une rencontre de haut niveau qui t\u00e9moigne d\u2019une diplomatie togolaise fond\u00e9e sur le dialogue avec l\u2019ambition de consolider les partenariats existants tout en ouvrant de nouvelles perspectives de coop\u00e9ration.&hellip; <\/p>\n","protected":false},"author":1,"featured_media":16838,"comment_status":"open","ping_status":"closed","sticky":false,"template":"","format":"standard","meta":{"footnotes":""},"categories":[12],"tags":[1663,1078,1662,1430],"class_list":["post-16837","post","type-post","status-publish","format-standard","has-post-thumbnail","hentry","category-diplomatie","tag-bichkek","tag-faure-essozimna-gnassingbe","tag-kirghizstan","tag-sadyr-japarov"],"yoast_head":"<!-- This site is optimized with the Yoast SEO plugin v26.4 - https:\/\/yoast.com\/wordpress\/plugins\/seo\/ -->\n<title>Bichkek\u00a0: Entretien de haut niveau\u00a0entre Faure Gnassingb\u00e9 et Sadyr Japarov, Pr\u00e9sident du Kirghizstan - La Voix de la Nation<\/title>\n<meta name=\"robots\" content=\"index, follow, max-snippet:-1, max-image-preview:large, max-video-preview:-1\" \/>\n<link rel=\"canonical\" href=\"https:\/\/lavoixdelanation.tg\/index.php\/2026\/09\/01\/bichkek-entretien-de-haut-niveau-entre-faure-gnassingbe-et-sadyr-japarov-president-du-kirghizstan\/\" \/>\n<meta property=\"og:locale\" content=\"fr_FR\" \/>\n<meta property=\"og:type\" content=\"article\" \/>\n<meta property=\"og:title\" content=\"Bichkek\u00a0: Entretien de haut niveau\u00a0entre Faure Gnassingb\u00e9 et Sadyr Japarov, Pr\u00e9sident du Kirghizstan - La Voix de la Nation\" \/>\n<meta property=\"og:description\" content=\"C\u2019est une rencontre de haut niveau qui t\u00e9moigne d\u2019une diplomatie togolaise fond\u00e9e sur le dialogue avec l\u2019ambition de consolider les partenariats existants tout en ouvrant de nouvelles perspectives de coop\u00e9ration.&hellip;\" \/>\n<meta property=\"og:url\" content=\"https:\/\/lavoixdelanation.tg\/index.php\/2026\/09\/01\/bichkek-entretien-de-haut-niveau-entre-faure-gnassingbe-et-sadyr-japarov-president-du-kirghizstan\/\" \/>\n<meta property=\"og:site_name\" content=\"La Voix de la Nation\" \/>\n<meta property=\"article:publisher\" content=\"https:\/\/www.facebook.com\/lavoixdelanation\" \/>\n<meta property=\"article:published_time\" content=\"2026-09-01T18:02:25+00:00\" \/>\n<meta property=\"article:modified_time\" content=\"2026-09-01T18:05:34+00:00\" \/>\n<meta property=\"og:image\" content=\"https:\/\/lavoixdelanation.tg\/wp-content\/uploads\/2026\/09\/Faure-Essozimna-Gnassingbe-avec-Sadyr-Japarov.jpeg\" \/>\n\t<meta property=\"og:image:width\" content=\"772\" \/>\n\t<meta property=\"og:image:height\" content=\"547\" \/>\n\t<meta property=\"og:image:type\" content=\"image\/jpeg\" \/>\n<meta name=\"author\" content=\"La voix de la nation\" \/>\n<meta name=\"twitter:card\" content=\"summary_large_image\" \/>\n<meta name=\"twitter:label1\" content=\"\u00c9crit par\" \/>\n\t<meta name=\"twitter:data1\" content=\"La voix de la nation\" \/>\n\t<meta name=\"twitter:label2\" content=\"Dur\u00e9e de lecture estim\u00e9e\" \/>\n\t<meta name=\"twitter:data2\" content=\"3 minutes\" \/>\n<script type=\"application\/ld+json\" class=\"yoast-schema-graph\">{\"@context\":\"https:\/\/schema.org\",\"@graph\":[{\"@type\":\"Article\",\"@id\":\"https:\/\/lavoixdelanation.tg\/index.php\/2026\/09\/01\/bichkek-entretien-de-haut-niveau-entre-faure-gnassingbe-et-sadyr-japarov-president-du-kirghizstan\/#article\",\"isPartOf\":{\"@id\":\"https:\/\/lavoixdelanation.tg\/index.php\/2026\/09\/01\/bichkek-entretien-de-haut-niveau-entre-faure-gnassingbe-et-sadyr-japarov-president-du-kirghizstan\/\"},\"author\":{\"name\":\"La voix de la nation\",\"@id\":\"https:\/\/lavoixdelanation.tg\/#\/schema\/person\/6c489293aa38053673a9e554acb6e224\"},\"headline\":\"Bichkek\u00a0: Entretien de haut niveau\u00a0entre Faure Gnassingb\u00e9 et Sadyr Japarov, Pr\u00e9sident du Kirghizstan\",\"datePublished\":\"2026-09-01T18:02:25+00:00\",\"dateModified\":\"2026-09-01T18:05:34+00:00\",\"mainEntityOfPage\":{\"@id\":\"https:\/\/lavoixdelanation.tg\/index.php\/2026\/09\/01\/bichkek-entretien-de-haut-niveau-entre-faure-gnassingbe-et-sadyr-japarov-president-du-kirghizstan\/\"},\"wordCount\":542,\"commentCount\":0,\"publisher\":{\"@id\":\"https:\/\/lavoixdelanation.tg\/#organization\"},\"image\":{\"@id\":\"https:\/\/lavoixdelanation.tg\/index.php\/2026\/09\/01\/bichkek-entretien-de-haut-niveau-entre-faure-gnassingbe-et-sadyr-japarov-president-du-kirghizstan\/#primaryimage\"},\"thumbnailUrl\":\"https:\/\/lavoixdelanation.tg\/wp-content\/uploads\/2026\/09\/Faure-Essozimna-Gnassingbe-avec-Sadyr-Japarov.jpeg\",\"keywords\":[\"Bichkek\",\"Faure Essozimna GNASSINGBE\",\"Kirghizstan\",\"Sadyr Japarov\"],\"articleSection\":[\"Diplomatie\"],\"inLanguage\":\"fr-FR\",\"potentialAction\":[{\"@type\":\"CommentAction\",\"name\":\"Comment\",\"target\":[\"https:\/\/lavoixdelanation.tg\/index.php\/2026\/09\/01\/bichkek-entretien-de-haut-niveau-entre-faure-gnassingbe-et-sadyr-japarov-president-du-kirghizstan\/#respond\"]}]},{\"@type\":\"WebPage\",\"@id\":\"https:\/\/lavoixdelanation.tg\/index.php\/2026\/09\/01\/bichkek-entretien-de-haut-niveau-entre-faure-gnassingbe-et-sadyr-japarov-president-du-kirghizstan\/\",\"url\":\"https:\/\/lavoixdelanation.tg\/index.php\/2026\/09\/01\/bichkek-entretien-de-haut-niveau-entre-faure-gnassingbe-et-sadyr-japarov-president-du-kirghizstan\/\",\"name\":\"Bichkek\u00a0: Entretien de haut niveau\u00a0entre Faure Gnassingb\u00e9 et Sadyr Japarov, Pr\u00e9sident du Kirghizstan - La Voix de la Nation\",\"isPartOf\":{\"@id\":\"https:\/\/lavoixdelanation.tg\/#website\"},\"primaryImageOfPage\":{\"@id\":\"https:\/\/lavoixdelanation.tg\/index.php\/2026\/09\/01\/bichkek-entretien-de-haut-niveau-entre-faure-gnassingbe-et-sadyr-japarov-president-du-kirghizstan\/#primaryimage\"},\"image\":{\"@id\":\"https:\/\/lavoixdelanation.tg\/index.php\/2026\/09\/01\/bichkek-entretien-de-haut-niveau-entre-faure-gnassingbe-et-sadyr-japarov-president-du-kirghizstan\/#primaryimage\"},\"thumbnailUrl\":\"https:\/\/lavoixdelanation.tg\/wp-content\/uploads\/2026\/09\/Faure-Essozimna-Gnassingbe-avec-Sadyr-Japarov.jpeg\",\"datePublished\":\"2026-09-01T18:02:25+00:00\",\"dateModified\":\"2026-09-01T18:05:34+00:00\",\"breadcrumb\":{\"@id\":\"https:\/\/lavoixdelanation.tg\/index.php\/2026\/09\/01\/bichkek-entretien-de-haut-niveau-entre-faure-gnassingbe-et-sadyr-japarov-president-du-kirghizstan\/#breadcrumb\"},\"inLanguage\":\"fr-FR\",\"potentialAction\":[{\"@type\":\"ReadAction\",\"target\":[\"https:\/\/lavoixdelanation.tg\/index.php\/2026\/09\/01\/bichkek-entretien-de-haut-niveau-entre-faure-gnassingbe-et-sadyr-japarov-president-du-kirghizstan\/\"]}]},{\"@type\":\"ImageObject\",\"inLanguage\":\"fr-FR\",\"@id\":\"https:\/\/lavoixdelanation.tg\/index.php\/2026\/09\/01\/bichkek-entretien-de-haut-niveau-entre-faure-gnassingbe-et-sadyr-japarov-president-du-kirghizstan\/#primaryimage\",\"url\":\"https:\/\/lavoixdelanation.tg\/wp-content\/uploads\/2026\/09\/Faure-Essozimna-Gnassingbe-avec-Sadyr-Japarov.jpeg\",\"contentUrl\":\"https:\/\/lavoixdelanation.tg\/wp-content\/uploads\/2026\/09\/Faure-Essozimna-Gnassingbe-avec-Sadyr-Japarov.jpeg\",\"width\":772,\"height\":547,\"caption\":\"Faure Essozimna Gnassingb\u00e9 avec Sadyr Japarov\"},{\"@type\":\"BreadcrumbList\",\"@id\":\"https:\/\/lavoixdelanation.tg\/index.php\/2026\/09\/01\/bichkek-entretien-de-haut-niveau-entre-faure-gnassingbe-et-sadyr-japarov-president-du-kirghizstan\/#breadcrumb\",\"itemListElement\":[{\"@type\":\"ListItem\",\"position\":1,\"name\":\"Accueil\",\"item\":\"https:\/\/lavoixdelanation.tg\/\"},{\"@type\":\"ListItem\",\"position\":2,\"name\":\"Bichkek\u00a0: Entretien de haut niveau\u00a0entre Faure Gnassingb\u00e9 et Sadyr Japarov, Pr\u00e9sident du Kirghizstan\"}]},{\"@type\":\"WebSite\",\"@id\":\"https:\/\/lavoixdelanation.tg\/#website\",\"url\":\"https:\/\/lavoixdelanation.tg\/\",\"name\":\"La Voix de la Nation\",\"description\":\"R\u00e9c\u00e9piss\u00e9 n\u00b00108\/HAAC\/01-2024\/pl\/P\",\"publisher\":{\"@id\":\"https:\/\/lavoixdelanation.tg\/#organization\"},\"alternateName\":\"VON\",\"potentialAction\":[{\"@type\":\"SearchAction\",\"target\":{\"@type\":\"EntryPoint\",\"urlTemplate\":\"https:\/\/lavoixdelanation.tg\/?s={search_term_string}\"},\"query-input\":{\"@type\":\"PropertyValueSpecification\",\"valueRequired\":true,\"valueName\":\"search_term_string\"}}],\"inLanguage\":\"fr-FR\"},{\"@type\":\"Organization\",\"@id\":\"https:\/\/lavoixdelanation.tg\/#organization\",\"name\":\"La Voix de la Nation\",\"url\":\"https:\/\/lavoixdelanation.tg\/\",\"logo\":{\"@type\":\"ImageObject\",\"inLanguage\":\"fr-FR\",\"@id\":\"https:\/\/lavoixdelanation.tg\/#\/schema\/logo\/image\/\",\"url\":\"https:\/\/lavoixdelanation.tg\/wp-content\/uploads\/2024\/12\/lavn-1.png\",\"contentUrl\":\"https:\/\/lavoixdelanation.tg\/wp-content\/uploads\/2024\/12\/lavn-1.png\",\"width\":1024,\"height\":464,\"caption\":\"La Voix de la Nation\"},\"image\":{\"@id\":\"https:\/\/lavoixdelanation.tg\/#\/schema\/logo\/image\/\"},\"sameAs\":[\"https:\/\/www.facebook.com\/lavoixdelanation\"]},{\"@type\":\"Person\",\"@id\":\"https:\/\/lavoixdelanation.tg\/#\/schema\/person\/6c489293aa38053673a9e554acb6e224\",\"name\":\"La voix de la nation\",\"image\":{\"@type\":\"ImageObject\",\"inLanguage\":\"fr-FR\",\"@id\":\"https:\/\/lavoixdelanation.tg\/#\/schema\/person\/image\/\",\"url\":\"https:\/\/secure.gravatar.com\/avatar\/8aa135d4bbc794494cecaa8d483f6d6cc1023624868deaff686baed5e727a5a1?s=96&d=mm&r=g\",\"contentUrl\":\"https:\/\/secure.gravatar.com\/avatar\/8aa135d4bbc794494cecaa8d483f6d6cc1023624868deaff686baed5e727a5a1?s=96&d=mm&r=g\",\"caption\":\"La voix de la nation\"},\"sameAs\":[\"https:\/\/lavoixdelanation.tg\"],\"url\":\"https:\/\/lavoixdelanation.tg\/index.php\/author\/lavn\/\"}]}<\/script>\n<!-- \/ Yoast SEO plugin. -->","yoast_head_json":{"title":"Bichkek\u00a0: Entretien de haut niveau\u00a0entre Faure Gnassingb\u00e9 et Sadyr Japarov, Pr\u00e9sident du Kirghizstan - La Voix de la Nation","robots":{"index":"index","follow":"follow","max-snippet":"max-snippet:-1","max-image-preview":"max-image-preview:large","max-video-preview":"max-video-preview:-1"},"canonical":"https:\/\/lavoixdelanation.tg\/index.php\/2026\/09\/01\/bichkek-entretien-de-haut-niveau-entre-faure-gnassingbe-et-sadyr-japarov-president-du-kirghizstan\/","og_locale":"fr_FR","og_type":"article","og_title":"Bichkek\u00a0: Entretien de haut niveau\u00a0entre Faure Gnassingb\u00e9 et Sadyr Japarov, Pr\u00e9sident du Kirghizstan - La Voix de la Nation","og_description":"C\u2019est une rencontre de haut niveau qui t\u00e9moigne d\u2019une diplomatie togolaise fond\u00e9e sur le dialogue avec l\u2019ambition de consolider les partenariats existants tout en ouvrant de nouvelles perspectives de coop\u00e9ration.&hellip;","og_url":"https:\/\/lavoixdelanation.tg\/index.php\/2026\/09\/01\/bichkek-entretien-de-haut-niveau-entre-faure-gnassingbe-et-sadyr-japarov-president-du-kirghizstan\/","og_site_name":"La Voix de la Nation","article_publisher":"https:\/\/www.facebook.com\/lavoixdelanation","article_published_time":"2026-09-01T18:02:25+00:00","article_modified_time":"2026-09-01T18:05:34+00:00","og_image":[{"width":772,"height":547,"url":"https:\/\/lavoixdelanation.tg\/wp-content\/uploads\/2026\/09\/Faure-Essozimna-Gnassingbe-avec-Sadyr-Japarov.jpeg","type":"image\/jpeg"}],"author":"La voix de la nation","twitter_card":"summary_large_image","twitter_misc":{"\u00c9crit par":"La voix de la nation","Dur\u00e9e de lecture estim\u00e9e":"3 minutes"},"schema":{"@context":"https:\/\/schema.org","@graph":[{"@type":"Article","@id":"https:\/\/lavoixdelanation.tg\/index.php\/2026\/09\/01\/bichkek-entretien-de-haut-niveau-entre-faure-gnassingbe-et-sadyr-japarov-president-du-kirghizstan\/#article","isPartOf":{"@id":"https:\/\/lavoixdelanation.tg\/index.php\/2026\/09\/01\/bichkek-entretien-de-haut-niveau-entre-faure-gnassingbe-et-sadyr-japarov-president-du-kirghizstan\/"},"author":{"name":"La voix de la nation","@id":"https:\/\/lavoixdelanation.tg\/#\/schema\/person\/6c489293aa38053673a9e554acb6e224"},"headline":"Bichkek\u00a0: Entretien de haut niveau\u00a0entre Faure Gnassingb\u00e9 et Sadyr Japarov, Pr\u00e9sident du Kirghizstan","datePublished":"2026-09-01T18:02:25+00:00","dateModified":"2026-09-01T18:05:34+00:00","mainEntityOfPage":{"@id":"https:\/\/lavoixdelanation.tg\/index.php\/2026\/09\/01\/bichkek-entretien-de-haut-niveau-entre-faure-gnassingbe-et-sadyr-japarov-president-du-kirghizstan\/"},"wordCount":542,"commentCount":0,"publisher":{"@id":"https:\/\/lavoixdelanation.tg\/#organization"},"image":{"@id":"https:\/\/lavoixdelanation.tg\/index.php\/2026\/09\/01\/bichkek-entretien-de-haut-niveau-entre-faure-gnassingbe-et-sadyr-japarov-president-du-kirghizstan\/#primaryimage"},"thumbnailUrl":"https:\/\/lavoixdelanation.tg\/wp-content\/uploads\/2026\/09\/Faure-Essozimna-Gnassingbe-avec-Sadyr-Japarov.jpeg","keywords":["Bichkek","Faure Essozimna GNASSINGBE","Kirghizstan","Sadyr Japarov"],"articleSection":["Diplomatie"],"inLanguage":"fr-FR","potentialAction":[{"@type":"CommentAction","name":"Comment","target":["https:\/\/lavoixdelanation.tg\/index.php\/2026\/09\/01\/bichkek-entretien-de-haut-niveau-entre-faure-gnassingbe-et-sadyr-japarov-president-du-kirghizstan\/#respond"]}]},{"@type":"WebPage","@id":"https:\/\/lavoixdelanation.tg\/index.php\/2026\/09\/01\/bichkek-entretien-de-haut-niveau-entre-faure-gnassingbe-et-sadyr-japarov-president-du-kirghizstan\/","url":"https:\/\/lavoixdelanation.tg\/index.php\/2026\/09\/01\/bichkek-entretien-de-haut-niveau-entre-faure-gnassingbe-et-sadyr-japarov-president-du-kirghizstan\/","name":"Bichkek\u00a0: Entretien de haut niveau\u00a0entre Faure Gnassingb\u00e9 et Sadyr Japarov, Pr\u00e9sident du Kirghizstan - La Voix de la Nation","isPartOf":{"@id":"https:\/\/lavoixdelanation.tg\/#website"},"primaryImageOfPage":{"@id":"https:\/\/lavoixdelanation.tg\/index.php\/2026\/09\/01\/bichkek-entretien-de-haut-niveau-entre-faure-gnassingbe-et-sadyr-japarov-president-du-kirghizstan\/#primaryimage"},"image":{"@id":"https:\/\/lavoixdelanation.tg\/index.php\/2026\/09\/01\/bichkek-entretien-de-haut-niveau-entre-faure-gnassingbe-et-sadyr-japarov-president-du-kirghizstan\/#primaryimage"},"thumbnailUrl":"https:\/\/lavoixdelanation.tg\/wp-content\/uploads\/2026\/09\/Faure-Essozimna-Gnassingbe-avec-Sadyr-Japarov.jpeg","datePublished":"2026-09-01T18:02:25+00:00","dateModified":"2026-09-01T18:05:34+00:00","breadcrumb":{"@id":"https:\/\/lavoixdelanation.tg\/index.php\/2026\/09\/01\/bichkek-entretien-de-haut-niveau-entre-faure-gnassingbe-et-sadyr-japarov-president-du-kirghizstan\/#breadcrumb"},"inLanguage":"fr-FR","potentialAction":[{"@type":"ReadAction","target":["https:\/\/lavoixdelanation.tg\/index.php\/2026\/09\/01\/bichkek-entretien-de-haut-niveau-entre-faure-gnassingbe-et-sadyr-japarov-president-du-kirghizstan\/"]}]},{"@type":"ImageObject","inLanguage":"fr-FR","@id":"https:\/\/lavoixdelanation.tg\/index.php\/2026\/09\/01\/bichkek-entretien-de-haut-niveau-entre-faure-gnassingbe-et-sadyr-japarov-president-du-kirghizstan\/#primaryimage","url":"https:\/\/lavoixdelanation.tg\/wp-content\/uploads\/2026\/09\/Faure-Essozimna-Gnassingbe-avec-Sadyr-Japarov.jpeg","contentUrl":"https:\/\/lavoixdelanation.tg\/wp-content\/uploads\/2026\/09\/Faure-Essozimna-Gnassingbe-avec-Sadyr-Japarov.jpeg","width":772,"height":547,"caption":"Faure Essozimna Gnassingb\u00e9 avec Sadyr Japarov"},{"@type":"BreadcrumbList","@id":"https:\/\/lavoixdelanation.tg\/index.php\/2026\/09\/01\/bichkek-entretien-de-haut-niveau-entre-faure-gnassingbe-et-sadyr-japarov-president-du-kirghizstan\/#breadcrumb","itemListElement":[{"@type":"ListItem","position":1,"name":"Accueil","item":"https:\/\/lavoixdelanation.tg\/"},{"@type":"ListItem","position":2,"name":"Bichkek\u00a0: Entretien de haut niveau\u00a0entre Faure Gnassingb\u00e9 et Sadyr Japarov, Pr\u00e9sident du Kirghizstan"}]},{"@type":"WebSite","@id":"https:\/\/lavoixdelanation.tg\/#website","url":"https:\/\/lavoixdelanation.tg\/","name":"La Voix de la Nation","description":"R\u00e9c\u00e9piss\u00e9 n\u00b00108\/HAAC\/01-2024\/pl\/P","publisher":{"@id":"https:\/\/lavoixdelanation.tg\/#organization"},"alternateName":"VON","potentialAction":[{"@type":"SearchAction","target":{"@type":"EntryPoint","urlTemplate":"https:\/\/lavoixdelanation.tg\/?s={search_term_string}"},"query-input":{"@type":"PropertyValueSpecification","valueRequired":true,"valueName":"search_term_string"}}],"inLanguage":"fr-FR"},{"@type":"Organization","@id":"https:\/\/lavoixdelanation.tg\/#organization","name":"La Voix de la Nation","url":"https:\/\/lavoixdelanation.tg\/","logo":{"@type":"ImageObject","inLanguage":"fr-FR","@id":"https:\/\/lavoixdelanation.tg\/#\/schema\/logo\/image\/","url":"https:\/\/lavoixdelanation.tg\/wp-content\/uploads\/2024\/12\/lavn-1.png","contentUrl":"https:\/\/lavoixdelanation.tg\/wp-content\/uploads\/2024\/12\/lavn-1.png","width":1024,"height":464,"caption":"La Voix de la Nation"},"image":{"@id":"https:\/\/lavoixdelanation.tg\/#\/schema\/logo\/image\/"},"sameAs":["https:\/\/www.facebook.com\/lavoixdelanation"]},{"@type":"Person","@id":"https:\/\/lavoixdelanation.tg\/#\/schema\/person\/6c489293aa38053673a9e554acb6e224","name":"La voix de la nation","image":{"@type":"ImageObject","inLanguage":"fr-FR","@id":"https:\/\/lavoixdelanation.tg\/#\/schema\/person\/image\/","url":"https:\/\/secure.gravatar.com\/avatar\/8aa135d4bbc794494cecaa8d483f6d6cc1023624868deaff686baed5e727a5a1?s=96&d=mm&r=g","contentUrl":"https:\/\/secure.gravatar.com\/avatar\/8aa135d4bbc794494cecaa8d483f6d6cc1023624868deaff686baed5e727a5a1?s=96&d=mm&r=g","caption":"La voix de la nation"},"sameAs":["https:\/\/lavoixdelanation.tg"],"url":"https:\/\/lavoixdelanation.tg\/index.php\/author\/lavn\/"}]}},"_links":{"self":[{"href":"https:\/\/lavoixdelanation.tg\/index.php\/wp-json\/wp\/v2\/posts\/16837","targetHints":{"allow":["GET"]}}],"collection":[{"href":"https:\/\/lavoixdelanation.tg\/index.php\/wp-json\/wp\/v2\/posts"}],"about":[{"href":"https:\/\/lavoixdelanation.tg\/index.php\/wp-json\/wp\/v2\/types\/post"}],"author":[{"embeddable":true,"href":"https:\/\/lavoixdelanation.tg\/index.php\/wp-json\/wp\/v2\/users\/1"}],"replies":[{"embeddable":true,"href":"https:\/\/lavoixdelanation.tg\/index.php\/wp-json\/wp\/v2\/comments?post=16837"}],"version-history":[{"count":2,"href":"https:\/\/lavoixdelanation.tg\/index.php\/wp-json\/wp\/v2\/posts\/16837\/revisions"}],"predecessor-version":[{"id":16841,"href":"https:\/\/lavoixdelanation.tg\/index.php\/wp-json\/wp\/v2\/posts\/16837\/revisions\/16841"}],"wp:featuredmedia":[{"embeddable":true,"href":"https:\/\/lavoixdelanation.tg\/index.php\/wp-json\/wp\/v2\/media\/16838"}],"wp:attachment":[{"href":"https:\/\/lavoixdelanation.tg\/index.php\/wp-json\/wp\/v2\/media?parent=16837"}],"wp:term":[{"taxonomy":"category","embeddable":true,"href":"https:\/\/lavoixdelanation.tg\/index.php\/wp-json\/wp\/v2\/categories?post=16837"},{"taxonomy":"post_tag","embeddable":true,"href":"https:\/\/lavoixdelanation.tg\/index.php\/wp-json\/wp\/v2\/tags?post=16837"}],"curies":[{"name":"wp","href":"https:\/\/api.w.org\/{rel}","templated":true}]}}