{"id":16828,"date":"2026-08-31T18:47:02","date_gmt":"2026-08-31T16:47:02","guid":{"rendered":"https:\/\/lavoixdelanation.tg\/?p=16828"},"modified":"2026-09-01T18:55:30","modified_gmt":"2026-09-01T16:55:30","slug":"xenophobie-une-vingtaine-de-togolais-rentres-dafrique-du-sud","status":"publish","type":"post","link":"https:\/\/lavoixdelanation.tg\/index.php\/2026\/08\/31\/xenophobie-une-vingtaine-de-togolais-rentres-dafrique-du-sud\/","title":{"rendered":"X\u00e9nophobie\u00a0: Une vingtaine de togolais rentr\u00e9s d\u2019Afrique du Sud"},"content":{"rendered":"\n<p class=\"wp-block-paragraph\">Dans le cadre d\u2019un programme de rapatriement volontaire, une vingtaine de togolais rentr\u00e9s d\u2019Afrique du Sud ont \u00e9t\u00e9 accueillis ce dimanche 30 ao\u00fbt 2026 \u00e0 l\u2019A\u00e9roport international Gnassingb\u00e9 Eyad\u00e9ma de Lom\u00e9.<\/p>\n\n\n\n<p class=\"wp-block-paragraph\">C\u2019est le Directeur de Cabinet repr\u00e9sentant le ministre d\u00e9l\u00e9gu\u00e9 en charge de la Coop\u00e9ration et des Togolais de l\u2019Ext\u00e9rieur M. GBENOUGA Senam\u00e9 qui a au nom du gouvernement, accueilli ces togolais rentr\u00e9s au pays.<\/p>\n\n\n\n<p class=\"wp-block-paragraph\">Cette op\u00e9ration d\u2019envergure, enti\u00e8rement prise en charge par le Gouvernement sur instruction du Pr\u00e9sident du Conseil Faure Essozimna Gnassingb\u00e9, r\u00e9pond aux difficult\u00e9s d\u2019obtention des titres de s\u00e9jour et \u00e0 la recrudescence d\u2019actes de x\u00e9nophobie que traverse actuellement l\u2019Afrique du Sud.<\/p>\n\n\n\n<p class=\"wp-block-paragraph\">A travers cette op\u00e9ration, le gouvernement exprime encore une fois son engagement en faveur de la protection et de l\u2019assistance aux Togolais vivant \u00e0 l\u2019\u00e9tranger, particuli\u00e8rement en situation difficile.<\/p>\n","protected":false},"excerpt":{"rendered":"<p>Dans le cadre d\u2019un programme de rapatriement volontaire, une vingtaine de togolais rentr\u00e9s d\u2019Afrique du Sud ont \u00e9t\u00e9 accueillis ce dimanche 30 ao\u00fbt 2026 \u00e0 l\u2019A\u00e9roport international Gnassingb\u00e9 Eyad\u00e9ma de&hellip; <\/p>\n","protected":false},"author":1,"featured_media":16829,"comment_status":"open","ping_status":"closed","sticky":false,"template":"","format":"standard","meta":{"footnotes":""},"categories":[12],"tags":[],"class_list":["post-16828","post","type-post","status-publish","format-standard","has-post-thumbnail","hentry","category-diplomatie"],"yoast_head":"<!-- This site is optimized with the Yoast SEO plugin v26.4 - https:\/\/yoast.com\/wordpress\/plugins\/seo\/ -->\n<title>X\u00e9nophobie\u00a0: Une vingtaine de togolais rentr\u00e9s d\u2019Afrique du Sud - La Voix de la Nation<\/title>\n<meta name=\"robots\" content=\"index, follow, max-snippet:-1, max-image-preview:large, max-video-preview:-1\" \/>\n<link rel=\"canonical\" href=\"https:\/\/lavoixdelanation.tg\/index.php\/2026\/08\/31\/xenophobie-une-vingtaine-de-togolais-rentres-dafrique-du-sud\/\" \/>\n<meta property=\"og:locale\" content=\"fr_FR\" \/>\n<meta property=\"og:type\" content=\"article\" \/>\n<meta property=\"og:title\" content=\"X\u00e9nophobie\u00a0: Une vingtaine de togolais rentr\u00e9s d\u2019Afrique du Sud - La Voix de la Nation\" \/>\n<meta property=\"og:description\" content=\"Dans le cadre d\u2019un programme de rapatriement volontaire, une vingtaine de togolais rentr\u00e9s d\u2019Afrique du Sud ont \u00e9t\u00e9 accueillis ce dimanche 30 ao\u00fbt 2026 \u00e0 l\u2019A\u00e9roport international Gnassingb\u00e9 Eyad\u00e9ma de&hellip;\" \/>\n<meta property=\"og:url\" content=\"https:\/\/lavoixdelanation.tg\/index.php\/2026\/08\/31\/xenophobie-une-vingtaine-de-togolais-rentres-dafrique-du-sud\/\" \/>\n<meta property=\"og:site_name\" content=\"La Voix de la Nation\" \/>\n<meta property=\"article:publisher\" content=\"https:\/\/www.facebook.com\/lavoixdelanation\" \/>\n<meta property=\"article:published_time\" content=\"2026-08-31T16:47:02+00:00\" \/>\n<meta property=\"article:modified_time\" content=\"2026-09-01T16:55:30+00:00\" \/>\n<meta property=\"og:image\" content=\"https:\/\/lavoixdelanation.tg\/wp-content\/uploads\/2026\/09\/Une-vingtaine-de-compatriotes-togolais-rentres-dAfrique-du-Sud.jpg\" \/>\n\t<meta property=\"og:image:width\" content=\"883\" \/>\n\t<meta property=\"og:image:height\" content=\"499\" \/>\n\t<meta property=\"og:image:type\" content=\"image\/jpeg\" \/>\n<meta name=\"author\" content=\"La voix de la nation\" \/>\n<meta name=\"twitter:card\" content=\"summary_large_image\" \/>\n<meta name=\"twitter:label1\" content=\"\u00c9crit par\" \/>\n\t<meta name=\"twitter:data1\" content=\"La voix de la nation\" \/>\n\t<meta name=\"twitter:label2\" content=\"Dur\u00e9e de lecture estim\u00e9e\" \/>\n\t<meta name=\"twitter:data2\" content=\"1 minute\" \/>\n<script type=\"application\/ld+json\" class=\"yoast-schema-graph\">{\"@context\":\"https:\/\/schema.org\",\"@graph\":[{\"@type\":\"Article\",\"@id\":\"https:\/\/lavoixdelanation.tg\/index.php\/2026\/08\/31\/xenophobie-une-vingtaine-de-togolais-rentres-dafrique-du-sud\/#article\",\"isPartOf\":{\"@id\":\"https:\/\/lavoixdelanation.tg\/index.php\/2026\/08\/31\/xenophobie-une-vingtaine-de-togolais-rentres-dafrique-du-sud\/\"},\"author\":{\"name\":\"La voix de la nation\",\"@id\":\"https:\/\/lavoixdelanation.tg\/#\/schema\/person\/6c489293aa38053673a9e554acb6e224\"},\"headline\":\"X\u00e9nophobie\u00a0: Une vingtaine de togolais rentr\u00e9s d\u2019Afrique du Sud\",\"datePublished\":\"2026-08-31T16:47:02+00:00\",\"dateModified\":\"2026-09-01T16:55:30+00:00\",\"mainEntityOfPage\":{\"@id\":\"https:\/\/lavoixdelanation.tg\/index.php\/2026\/08\/31\/xenophobie-une-vingtaine-de-togolais-rentres-dafrique-du-sud\/\"},\"wordCount\":171,\"commentCount\":0,\"publisher\":{\"@id\":\"https:\/\/lavoixdelanation.tg\/#organization\"},\"image\":{\"@id\":\"https:\/\/lavoixdelanation.tg\/index.php\/2026\/08\/31\/xenophobie-une-vingtaine-de-togolais-rentres-dafrique-du-sud\/#primaryimage\"},\"thumbnailUrl\":\"https:\/\/lavoixdelanation.tg\/wp-content\/uploads\/2026\/09\/Une-vingtaine-de-compatriotes-togolais-rentres-dAfrique-du-Sud.jpg\",\"articleSection\":[\"Diplomatie\"],\"inLanguage\":\"fr-FR\",\"potentialAction\":[{\"@type\":\"CommentAction\",\"name\":\"Comment\",\"target\":[\"https:\/\/lavoixdelanation.tg\/index.php\/2026\/08\/31\/xenophobie-une-vingtaine-de-togolais-rentres-dafrique-du-sud\/#respond\"]}]},{\"@type\":\"WebPage\",\"@id\":\"https:\/\/lavoixdelanation.tg\/index.php\/2026\/08\/31\/xenophobie-une-vingtaine-de-togolais-rentres-dafrique-du-sud\/\",\"url\":\"https:\/\/lavoixdelanation.tg\/index.php\/2026\/08\/31\/xenophobie-une-vingtaine-de-togolais-rentres-dafrique-du-sud\/\",\"name\":\"X\u00e9nophobie\u00a0: Une vingtaine de togolais rentr\u00e9s d\u2019Afrique du Sud - La Voix de la Nation\",\"isPartOf\":{\"@id\":\"https:\/\/lavoixdelanation.tg\/#website\"},\"primaryImageOfPage\":{\"@id\":\"https:\/\/lavoixdelanation.tg\/index.php\/2026\/08\/31\/xenophobie-une-vingtaine-de-togolais-rentres-dafrique-du-sud\/#primaryimage\"},\"image\":{\"@id\":\"https:\/\/lavoixdelanation.tg\/index.php\/2026\/08\/31\/xenophobie-une-vingtaine-de-togolais-rentres-dafrique-du-sud\/#primaryimage\"},\"thumbnailUrl\":\"https:\/\/lavoixdelanation.tg\/wp-content\/uploads\/2026\/09\/Une-vingtaine-de-compatriotes-togolais-rentres-dAfrique-du-Sud.jpg\",\"datePublished\":\"2026-08-31T16:47:02+00:00\",\"dateModified\":\"2026-09-01T16:55:30+00:00\",\"breadcrumb\":{\"@id\":\"https:\/\/lavoixdelanation.tg\/index.php\/2026\/08\/31\/xenophobie-une-vingtaine-de-togolais-rentres-dafrique-du-sud\/#breadcrumb\"},\"inLanguage\":\"fr-FR\",\"potentialAction\":[{\"@type\":\"ReadAction\",\"target\":[\"https:\/\/lavoixdelanation.tg\/index.php\/2026\/08\/31\/xenophobie-une-vingtaine-de-togolais-rentres-dafrique-du-sud\/\"]}]},{\"@type\":\"ImageObject\",\"inLanguage\":\"fr-FR\",\"@id\":\"https:\/\/lavoixdelanation.tg\/index.php\/2026\/08\/31\/xenophobie-une-vingtaine-de-togolais-rentres-dafrique-du-sud\/#primaryimage\",\"url\":\"https:\/\/lavoixdelanation.tg\/wp-content\/uploads\/2026\/09\/Une-vingtaine-de-compatriotes-togolais-rentres-dAfrique-du-Sud.jpg\",\"contentUrl\":\"https:\/\/lavoixdelanation.tg\/wp-content\/uploads\/2026\/09\/Une-vingtaine-de-compatriotes-togolais-rentres-dAfrique-du-Sud.jpg\",\"width\":883,\"height\":499},{\"@type\":\"BreadcrumbList\",\"@id\":\"https:\/\/lavoixdelanation.tg\/index.php\/2026\/08\/31\/xenophobie-une-vingtaine-de-togolais-rentres-dafrique-du-sud\/#breadcrumb\",\"itemListElement\":[{\"@type\":\"ListItem\",\"position\":1,\"name\":\"Accueil\",\"item\":\"https:\/\/lavoixdelanation.tg\/\"},{\"@type\":\"ListItem\",\"position\":2,\"name\":\"X\u00e9nophobie\u00a0: Une vingtaine de togolais rentr\u00e9s d\u2019Afrique du Sud\"}]},{\"@type\":\"WebSite\",\"@id\":\"https:\/\/lavoixdelanation.tg\/#website\",\"url\":\"https:\/\/lavoixdelanation.tg\/\",\"name\":\"La Voix de la Nation\",\"description\":\"R\u00e9c\u00e9piss\u00e9 n\u00b00108\/HAAC\/01-2024\/pl\/P\",\"publisher\":{\"@id\":\"https:\/\/lavoixdelanation.tg\/#organization\"},\"alternateName\":\"VON\",\"potentialAction\":[{\"@type\":\"SearchAction\",\"target\":{\"@type\":\"EntryPoint\",\"urlTemplate\":\"https:\/\/lavoixdelanation.tg\/?s={search_term_string}\"},\"query-input\":{\"@type\":\"PropertyValueSpecification\",\"valueRequired\":true,\"valueName\":\"search_term_string\"}}],\"inLanguage\":\"fr-FR\"},{\"@type\":\"Organization\",\"@id\":\"https:\/\/lavoixdelanation.tg\/#organization\",\"name\":\"La Voix de la Nation\",\"url\":\"https:\/\/lavoixdelanation.tg\/\",\"logo\":{\"@type\":\"ImageObject\",\"inLanguage\":\"fr-FR\",\"@id\":\"https:\/\/lavoixdelanation.tg\/#\/schema\/logo\/image\/\",\"url\":\"https:\/\/lavoixdelanation.tg\/wp-content\/uploads\/2024\/12\/lavn-1.png\",\"contentUrl\":\"https:\/\/lavoixdelanation.tg\/wp-content\/uploads\/2024\/12\/lavn-1.png\",\"width\":1024,\"height\":464,\"caption\":\"La Voix de la Nation\"},\"image\":{\"@id\":\"https:\/\/lavoixdelanation.tg\/#\/schema\/logo\/image\/\"},\"sameAs\":[\"https:\/\/www.facebook.com\/lavoixdelanation\"]},{\"@type\":\"Person\",\"@id\":\"https:\/\/lavoixdelanation.tg\/#\/schema\/person\/6c489293aa38053673a9e554acb6e224\",\"name\":\"La voix de la nation\",\"image\":{\"@type\":\"ImageObject\",\"inLanguage\":\"fr-FR\",\"@id\":\"https:\/\/lavoixdelanation.tg\/#\/schema\/person\/image\/\",\"url\":\"https:\/\/secure.gravatar.com\/avatar\/8aa135d4bbc794494cecaa8d483f6d6cc1023624868deaff686baed5e727a5a1?s=96&d=mm&r=g\",\"contentUrl\":\"https:\/\/secure.gravatar.com\/avatar\/8aa135d4bbc794494cecaa8d483f6d6cc1023624868deaff686baed5e727a5a1?s=96&d=mm&r=g\",\"caption\":\"La voix de la nation\"},\"sameAs\":[\"https:\/\/lavoixdelanation.tg\"],\"url\":\"https:\/\/lavoixdelanation.tg\/index.php\/author\/lavn\/\"}]}<\/script>\n<!-- \/ Yoast SEO plugin. -->","yoast_head_json":{"title":"X\u00e9nophobie\u00a0: Une vingtaine de togolais rentr\u00e9s d\u2019Afrique du Sud - La Voix de la Nation","robots":{"index":"index","follow":"follow","max-snippet":"max-snippet:-1","max-image-preview":"max-image-preview:large","max-video-preview":"max-video-preview:-1"},"canonical":"https:\/\/lavoixdelanation.tg\/index.php\/2026\/08\/31\/xenophobie-une-vingtaine-de-togolais-rentres-dafrique-du-sud\/","og_locale":"fr_FR","og_type":"article","og_title":"X\u00e9nophobie\u00a0: Une vingtaine de togolais rentr\u00e9s d\u2019Afrique du Sud - La Voix de la Nation","og_description":"Dans le cadre d\u2019un programme de rapatriement volontaire, une vingtaine de togolais rentr\u00e9s d\u2019Afrique du Sud ont \u00e9t\u00e9 accueillis ce dimanche 30 ao\u00fbt 2026 \u00e0 l\u2019A\u00e9roport international Gnassingb\u00e9 Eyad\u00e9ma de&hellip;","og_url":"https:\/\/lavoixdelanation.tg\/index.php\/2026\/08\/31\/xenophobie-une-vingtaine-de-togolais-rentres-dafrique-du-sud\/","og_site_name":"La Voix de la Nation","article_publisher":"https:\/\/www.facebook.com\/lavoixdelanation","article_published_time":"2026-08-31T16:47:02+00:00","article_modified_time":"2026-09-01T16:55:30+00:00","og_image":[{"width":883,"height":499,"url":"https:\/\/lavoixdelanation.tg\/wp-content\/uploads\/2026\/09\/Une-vingtaine-de-compatriotes-togolais-rentres-dAfrique-du-Sud.jpg","type":"image\/jpeg"}],"author":"La voix de la nation","twitter_card":"summary_large_image","twitter_misc":{"\u00c9crit par":"La voix de la nation","Dur\u00e9e de lecture estim\u00e9e":"1 minute"},"schema":{"@context":"https:\/\/schema.org","@graph":[{"@type":"Article","@id":"https:\/\/lavoixdelanation.tg\/index.php\/2026\/08\/31\/xenophobie-une-vingtaine-de-togolais-rentres-dafrique-du-sud\/#article","isPartOf":{"@id":"https:\/\/lavoixdelanation.tg\/index.php\/2026\/08\/31\/xenophobie-une-vingtaine-de-togolais-rentres-dafrique-du-sud\/"},"author":{"name":"La voix de la nation","@id":"https:\/\/lavoixdelanation.tg\/#\/schema\/person\/6c489293aa38053673a9e554acb6e224"},"headline":"X\u00e9nophobie\u00a0: Une vingtaine de togolais rentr\u00e9s d\u2019Afrique du Sud","datePublished":"2026-08-31T16:47:02+00:00","dateModified":"2026-09-01T16:55:30+00:00","mainEntityOfPage":{"@id":"https:\/\/lavoixdelanation.tg\/index.php\/2026\/08\/31\/xenophobie-une-vingtaine-de-togolais-rentres-dafrique-du-sud\/"},"wordCount":171,"commentCount":0,"publisher":{"@id":"https:\/\/lavoixdelanation.tg\/#organization"},"image":{"@id":"https:\/\/lavoixdelanation.tg\/index.php\/2026\/08\/31\/xenophobie-une-vingtaine-de-togolais-rentres-dafrique-du-sud\/#primaryimage"},"thumbnailUrl":"https:\/\/lavoixdelanation.tg\/wp-content\/uploads\/2026\/09\/Une-vingtaine-de-compatriotes-togolais-rentres-dAfrique-du-Sud.jpg","articleSection":["Diplomatie"],"inLanguage":"fr-FR","potentialAction":[{"@type":"CommentAction","name":"Comment","target":["https:\/\/lavoixdelanation.tg\/index.php\/2026\/08\/31\/xenophobie-une-vingtaine-de-togolais-rentres-dafrique-du-sud\/#respond"]}]},{"@type":"WebPage","@id":"https:\/\/lavoixdelanation.tg\/index.php\/2026\/08\/31\/xenophobie-une-vingtaine-de-togolais-rentres-dafrique-du-sud\/","url":"https:\/\/lavoixdelanation.tg\/index.php\/2026\/08\/31\/xenophobie-une-vingtaine-de-togolais-rentres-dafrique-du-sud\/","name":"X\u00e9nophobie\u00a0: Une vingtaine de togolais rentr\u00e9s d\u2019Afrique du Sud - La Voix de la Nation","isPartOf":{"@id":"https:\/\/lavoixdelanation.tg\/#website"},"primaryImageOfPage":{"@id":"https:\/\/lavoixdelanation.tg\/index.php\/2026\/08\/31\/xenophobie-une-vingtaine-de-togolais-rentres-dafrique-du-sud\/#primaryimage"},"image":{"@id":"https:\/\/lavoixdelanation.tg\/index.php\/2026\/08\/31\/xenophobie-une-vingtaine-de-togolais-rentres-dafrique-du-sud\/#primaryimage"},"thumbnailUrl":"https:\/\/lavoixdelanation.tg\/wp-content\/uploads\/2026\/09\/Une-vingtaine-de-compatriotes-togolais-rentres-dAfrique-du-Sud.jpg","datePublished":"2026-08-31T16:47:02+00:00","dateModified":"2026-09-01T16:55:30+00:00","breadcrumb":{"@id":"https:\/\/lavoixdelanation.tg\/index.php\/2026\/08\/31\/xenophobie-une-vingtaine-de-togolais-rentres-dafrique-du-sud\/#breadcrumb"},"inLanguage":"fr-FR","potentialAction":[{"@type":"ReadAction","target":["https:\/\/lavoixdelanation.tg\/index.php\/2026\/08\/31\/xenophobie-une-vingtaine-de-togolais-rentres-dafrique-du-sud\/"]}]},{"@type":"ImageObject","inLanguage":"fr-FR","@id":"https:\/\/lavoixdelanation.tg\/index.php\/2026\/08\/31\/xenophobie-une-vingtaine-de-togolais-rentres-dafrique-du-sud\/#primaryimage","url":"https:\/\/lavoixdelanation.tg\/wp-content\/uploads\/2026\/09\/Une-vingtaine-de-compatriotes-togolais-rentres-dAfrique-du-Sud.jpg","contentUrl":"https:\/\/lavoixdelanation.tg\/wp-content\/uploads\/2026\/09\/Une-vingtaine-de-compatriotes-togolais-rentres-dAfrique-du-Sud.jpg","width":883,"height":499},{"@type":"BreadcrumbList","@id":"https:\/\/lavoixdelanation.tg\/index.php\/2026\/08\/31\/xenophobie-une-vingtaine-de-togolais-rentres-dafrique-du-sud\/#breadcrumb","itemListElement":[{"@type":"ListItem","position":1,"name":"Accueil","item":"https:\/\/lavoixdelanation.tg\/"},{"@type":"ListItem","position":2,"name":"X\u00e9nophobie\u00a0: Une vingtaine de togolais rentr\u00e9s d\u2019Afrique du Sud"}]},{"@type":"WebSite","@id":"https:\/\/lavoixdelanation.tg\/#website","url":"https:\/\/lavoixdelanation.tg\/","name":"La Voix de la Nation","description":"R\u00e9c\u00e9piss\u00e9 n\u00b00108\/HAAC\/01-2024\/pl\/P","publisher":{"@id":"https:\/\/lavoixdelanation.tg\/#organization"},"alternateName":"VON","potentialAction":[{"@type":"SearchAction","target":{"@type":"EntryPoint","urlTemplate":"https:\/\/lavoixdelanation.tg\/?s={search_term_string}"},"query-input":{"@type":"PropertyValueSpecification","valueRequired":true,"valueName":"search_term_string"}}],"inLanguage":"fr-FR"},{"@type":"Organization","@id":"https:\/\/lavoixdelanation.tg\/#organization","name":"La Voix de la Nation","url":"https:\/\/lavoixdelanation.tg\/","logo":{"@type":"ImageObject","inLanguage":"fr-FR","@id":"https:\/\/lavoixdelanation.tg\/#\/schema\/logo\/image\/","url":"https:\/\/lavoixdelanation.tg\/wp-content\/uploads\/2024\/12\/lavn-1.png","contentUrl":"https:\/\/lavoixdelanation.tg\/wp-content\/uploads\/2024\/12\/lavn-1.png","width":1024,"height":464,"caption":"La Voix de la Nation"},"image":{"@id":"https:\/\/lavoixdelanation.tg\/#\/schema\/logo\/image\/"},"sameAs":["https:\/\/www.facebook.com\/lavoixdelanation"]},{"@type":"Person","@id":"https:\/\/lavoixdelanation.tg\/#\/schema\/person\/6c489293aa38053673a9e554acb6e224","name":"La voix de la nation","image":{"@type":"ImageObject","inLanguage":"fr-FR","@id":"https:\/\/lavoixdelanation.tg\/#\/schema\/person\/image\/","url":"https:\/\/secure.gravatar.com\/avatar\/8aa135d4bbc794494cecaa8d483f6d6cc1023624868deaff686baed5e727a5a1?s=96&d=mm&r=g","contentUrl":"https:\/\/secure.gravatar.com\/avatar\/8aa135d4bbc794494cecaa8d483f6d6cc1023624868deaff686baed5e727a5a1?s=96&d=mm&r=g","caption":"La voix de la nation"},"sameAs":["https:\/\/lavoixdelanation.tg"],"url":"https:\/\/lavoixdelanation.tg\/index.php\/author\/lavn\/"}]}},"_links":{"self":[{"href":"https:\/\/lavoixdelanation.tg\/index.php\/wp-json\/wp\/v2\/posts\/16828","targetHints":{"allow":["GET"]}}],"collection":[{"href":"https:\/\/lavoixdelanation.tg\/index.php\/wp-json\/wp\/v2\/posts"}],"about":[{"href":"https:\/\/lavoixdelanation.tg\/index.php\/wp-json\/wp\/v2\/types\/post"}],"author":[{"embeddable":true,"href":"https:\/\/lavoixdelanation.tg\/index.php\/wp-json\/wp\/v2\/users\/1"}],"replies":[{"embeddable":true,"href":"https:\/\/lavoixdelanation.tg\/index.php\/wp-json\/wp\/v2\/comments?post=16828"}],"version-history":[{"count":1,"href":"https:\/\/lavoixdelanation.tg\/index.php\/wp-json\/wp\/v2\/posts\/16828\/revisions"}],"predecessor-version":[{"id":16830,"href":"https:\/\/lavoixdelanation.tg\/index.php\/wp-json\/wp\/v2\/posts\/16828\/revisions\/16830"}],"wp:featuredmedia":[{"embeddable":true,"href":"https:\/\/lavoixdelanation.tg\/index.php\/wp-json\/wp\/v2\/media\/16829"}],"wp:attachment":[{"href":"https:\/\/lavoixdelanation.tg\/index.php\/wp-json\/wp\/v2\/media?parent=16828"}],"wp:term":[{"taxonomy":"category","embeddable":true,"href":"https:\/\/lavoixdelanation.tg\/index.php\/wp-json\/wp\/v2\/categories?post=16828"},{"taxonomy":"post_tag","embeddable":true,"href":"https:\/\/lavoixdelanation.tg\/index.php\/wp-json\/wp\/v2\/tags?post=16828"}],"curies":[{"name":"wp","href":"https:\/\/api.w.org\/{rel}","templated":true}]}}