{"id":16824,"date":"2026-08-30T18:31:42","date_gmt":"2026-08-30T16:31:42","guid":{"rendered":"https:\/\/lavoixdelanation.tg\/?p=16824"},"modified":"2026-09-01T18:36:36","modified_gmt":"2026-09-01T16:36:36","slug":"togo-mgr-edmond-yawo-amekuse-ordonne-3e-eveque-de-kpalime-en-presence-du-president-de-lassemblee-nationale","status":"publish","type":"post","link":"https:\/\/lavoixdelanation.tg\/index.php\/2026\/08\/30\/togo-mgr-edmond-yawo-amekuse-ordonne-3e-eveque-de-kpalime-en-presence-du-president-de-lassemblee-nationale\/","title":{"rendered":"Togo\u00a0: Mgr Edmond Yawo Amekuse ordonn\u00e9 3\u00e8 Ev\u00eaque de Kpalim\u00e9 en pr\u00e9sence du Pr\u00e9sident de l&rsquo;Assembl\u00e9e nationale"},"content":{"rendered":"\n<p class=\"wp-block-paragraph\"><strong>Mgr Edmond Yawo Amekuse est officiellement le 3\u00e8 Ev\u00eaque de Kpalim\u00e9. L&rsquo;ordination \u00e9piscopale s\u2019est d\u00e9roul\u00e9e ce samedi 29 ao\u00fbt 2026 au Dioc\u00e8se de Kpalim\u00e9 au cours d&rsquo;une messe c\u00e9l\u00e9br\u00e9e en la paroisse Immacul\u00e9e Conception de Tsihinu en pr\u00e9sence du Pr\u00e9sident de l\u2019Assembl\u00e9e nationale, Professeur Komi Selom Klassou, repr\u00e9sentant le Pr\u00e9sident du Conseil Faure Essozimna Gnassingb\u00e9.<\/strong><\/p>\n\n\n\n<p class=\"wp-block-paragraph\">L&rsquo;ordination \u00e9piscopale a \u00e9t\u00e9 conf\u00e9r\u00e9e par Mgr Rub\u00e9n Dar\u00edo Ruiz Mainardi, Nonce apostolique au B\u00e9nin et au Togo, Mgr Beno\u00eet Alowonou, Ev\u00eaque \u00e9m\u00e9rite et Administrateur apostolique du dioc\u00e8se de Kpalim\u00e9 et Mgr Prosper Kontiebo, Archev\u00eaque de Ouagadougou.<\/p>\n\n\n\n<p class=\"wp-block-paragraph\">La messe s\u2019est d\u00e9roul\u00e9e conform\u00e9ment au rituel complet de l&rsquo;ordination \u00e9piscopale : rites initiaux, liturgie de la Parole, rites d&rsquo;ordination, liturgie eucharistique et rites de la communion.<\/p>\n\n\n\n<figure class=\"wp-block-image size-large\"><img loading=\"lazy\" decoding=\"async\" width=\"1024\" height=\"738\" src=\"https:\/\/lavoixdelanation.tg\/wp-content\/uploads\/2026\/09\/Mgr-Edmond-Yawo-Amekuse-ordonne-3e-Eveque-de-Kpalime-au-Togo-1024x738.jpeg\" alt=\"\" class=\"wp-image-16826\" srcset=\"https:\/\/lavoixdelanation.tg\/wp-content\/uploads\/2026\/09\/Mgr-Edmond-Yawo-Amekuse-ordonne-3e-Eveque-de-Kpalime-au-Togo-1024x738.jpeg 1024w, https:\/\/lavoixdelanation.tg\/wp-content\/uploads\/2026\/09\/Mgr-Edmond-Yawo-Amekuse-ordonne-3e-Eveque-de-Kpalime-au-Togo-300x216.jpeg 300w, https:\/\/lavoixdelanation.tg\/wp-content\/uploads\/2026\/09\/Mgr-Edmond-Yawo-Amekuse-ordonne-3e-Eveque-de-Kpalime-au-Togo-767x553.jpeg 767w, https:\/\/lavoixdelanation.tg\/wp-content\/uploads\/2026\/09\/Mgr-Edmond-Yawo-Amekuse-ordonne-3e-Eveque-de-Kpalime-au-Togo.jpeg 1280w\" sizes=\"auto, (max-width: 1024px) 100vw, 1024px\" \/><\/figure>\n\n\n\n<p class=\"wp-block-paragraph\">\u00c0 l&rsquo;issue de la c\u00e9l\u00e9bration, Mgr Edmond Yawo Amekuse s&rsquo;est adress\u00e9 au peuple de Dieu, en saluant particuli\u00e8rement la pr\u00e9sence de nombreuses personnalit\u00e9s de l&rsquo;\u00c9tat et soulignant la compl\u00e9mentarit\u00e9 entre l&rsquo;\u00c9glise, famille de Dieu et le pouvoir public.<\/p>\n\n\n\n<p class=\"wp-block-paragraph\">Mgr Edmond Yawo Amekuse avait \u00e9t\u00e9 nomm\u00e9 troisi\u00e8me Ev\u00eaque du dioc\u00e8se par Sa Saintet\u00e9 le Pape L\u00e9on XIV, le 26 juin dernier.<\/p>\n\n\n\n<p class=\"wp-block-paragraph\">N\u00e9 le 16 novembre 1967 \u00e0 Agou-Akoumahou, Mgr Amekuse a \u00e9t\u00e9 ordonn\u00e9 pr\u00eatre le 28 d\u00e9cembre 1996 en la Cath\u00e9drale Saint-Esprit de Kpalim\u00e9, par Mgr Pierre Koffi Seshie, premier Ev\u00eaque du dioc\u00e8se. Son parcours conjugue minist\u00e8re paroissial, sp\u00e9cialisation \u00e0 Rome, une licence en dialogue interreligieux obtenue en 2004, puis un doctorat en liturgie en 2008 \u00e0 l&rsquo;Institut Sant&rsquo;Anselmo.<\/p>\n\n\n\n<p class=\"wp-block-paragraph\">Il assumait des responsabilit\u00e9s universitaires, notamment au sein de l&rsquo;Universit\u00e9 Catholique de l&rsquo;Afrique de l&rsquo;Ouest (UCAO), o\u00f9 il achevait un mandat de Secr\u00e9taire g\u00e9n\u00e9ral \u00e0 Ouagadougou au moment de sa nomination \u00e9piscopale.<\/p>\n\n\n\n<p class=\"wp-block-paragraph\">Avec la devise \u00ab Adiutores gaudii vestri \u00bb&nbsp; \u00ab Collaborateurs de votre joie \u00bb, Mgr Edmond Yawo Amekuse entend inscrire son \u00e9piscopat dans le service, l&rsquo;\u00e9coute, la communion et la synodalit\u00e9, dans la continuit\u00e9 de la devise du premier \u00e9v\u00eaque de Kpalim\u00e9, \u00ab Non ministrari sed ministrare \u00bb.<\/p>\n","protected":false},"excerpt":{"rendered":"<p>Mgr Edmond Yawo Amekuse est officiellement le 3\u00e8 Ev\u00eaque de Kpalim\u00e9. L&rsquo;ordination \u00e9piscopale s\u2019est d\u00e9roul\u00e9e ce samedi 29 ao\u00fbt 2026 au Dioc\u00e8se de Kpalim\u00e9 au cours d&rsquo;une messe c\u00e9l\u00e9br\u00e9e en&hellip; <\/p>\n","protected":false},"author":1,"featured_media":16825,"comment_status":"open","ping_status":"closed","sticky":false,"template":"","format":"standard","meta":{"footnotes":""},"categories":[29],"tags":[1653,1654,39],"class_list":["post-16824","post","type-post","status-publish","format-standard","has-post-thumbnail","hentry","category-societe","tag-edmond-yawo-amekuse","tag-eveque-de-kpalime","tag-togo"],"yoast_head":"<!-- This site is optimized with the Yoast SEO plugin v26.4 - https:\/\/yoast.com\/wordpress\/plugins\/seo\/ -->\n<title>Togo\u00a0: Mgr Edmond Yawo Amekuse ordonn\u00e9 3\u00e8 Ev\u00eaque de Kpalim\u00e9 en pr\u00e9sence du Pr\u00e9sident de l&#039;Assembl\u00e9e nationale - La Voix de la Nation<\/title>\n<meta name=\"robots\" content=\"index, follow, max-snippet:-1, max-image-preview:large, max-video-preview:-1\" \/>\n<link rel=\"canonical\" href=\"https:\/\/lavoixdelanation.tg\/index.php\/2026\/08\/30\/togo-mgr-edmond-yawo-amekuse-ordonne-3e-eveque-de-kpalime-en-presence-du-president-de-lassemblee-nationale\/\" \/>\n<meta property=\"og:locale\" content=\"fr_FR\" \/>\n<meta property=\"og:type\" content=\"article\" \/>\n<meta property=\"og:title\" content=\"Togo\u00a0: Mgr Edmond Yawo Amekuse ordonn\u00e9 3\u00e8 Ev\u00eaque de Kpalim\u00e9 en pr\u00e9sence du Pr\u00e9sident de l&#039;Assembl\u00e9e nationale - La Voix de la Nation\" \/>\n<meta property=\"og:description\" content=\"Mgr Edmond Yawo Amekuse est officiellement le 3\u00e8 Ev\u00eaque de Kpalim\u00e9. L&rsquo;ordination \u00e9piscopale s\u2019est d\u00e9roul\u00e9e ce samedi 29 ao\u00fbt 2026 au Dioc\u00e8se de Kpalim\u00e9 au cours d&rsquo;une messe c\u00e9l\u00e9br\u00e9e en&hellip;\" \/>\n<meta property=\"og:url\" content=\"https:\/\/lavoixdelanation.tg\/index.php\/2026\/08\/30\/togo-mgr-edmond-yawo-amekuse-ordonne-3e-eveque-de-kpalime-en-presence-du-president-de-lassemblee-nationale\/\" \/>\n<meta property=\"og:site_name\" content=\"La Voix de la Nation\" \/>\n<meta property=\"article:publisher\" content=\"https:\/\/www.facebook.com\/lavoixdelanation\" \/>\n<meta property=\"article:published_time\" content=\"2026-08-30T16:31:42+00:00\" \/>\n<meta property=\"article:modified_time\" content=\"2026-09-01T16:36:36+00:00\" \/>\n<meta property=\"og:image\" content=\"https:\/\/lavoixdelanation.tg\/wp-content\/uploads\/2026\/09\/Mgr-Edmond-Yawo-Amekuse-ordonne-3e-Eveque-de-Kpalime.jpeg\" \/>\n\t<meta property=\"og:image:width\" content=\"1280\" \/>\n\t<meta property=\"og:image:height\" content=\"1038\" \/>\n\t<meta property=\"og:image:type\" content=\"image\/jpeg\" \/>\n<meta name=\"author\" content=\"La voix de la nation\" \/>\n<meta name=\"twitter:card\" content=\"summary_large_image\" \/>\n<meta name=\"twitter:label1\" content=\"\u00c9crit par\" \/>\n\t<meta name=\"twitter:data1\" content=\"La voix de la nation\" \/>\n\t<meta name=\"twitter:label2\" content=\"Dur\u00e9e de lecture estim\u00e9e\" \/>\n\t<meta name=\"twitter:data2\" content=\"2 minutes\" \/>\n<script type=\"application\/ld+json\" class=\"yoast-schema-graph\">{\"@context\":\"https:\/\/schema.org\",\"@graph\":[{\"@type\":\"Article\",\"@id\":\"https:\/\/lavoixdelanation.tg\/index.php\/2026\/08\/30\/togo-mgr-edmond-yawo-amekuse-ordonne-3e-eveque-de-kpalime-en-presence-du-president-de-lassemblee-nationale\/#article\",\"isPartOf\":{\"@id\":\"https:\/\/lavoixdelanation.tg\/index.php\/2026\/08\/30\/togo-mgr-edmond-yawo-amekuse-ordonne-3e-eveque-de-kpalime-en-presence-du-president-de-lassemblee-nationale\/\"},\"author\":{\"name\":\"La voix de la nation\",\"@id\":\"https:\/\/lavoixdelanation.tg\/#\/schema\/person\/6c489293aa38053673a9e554acb6e224\"},\"headline\":\"Togo\u00a0: Mgr Edmond Yawo Amekuse ordonn\u00e9 3\u00e8 Ev\u00eaque de Kpalim\u00e9 en pr\u00e9sence du Pr\u00e9sident de l&rsquo;Assembl\u00e9e nationale\",\"datePublished\":\"2026-08-30T16:31:42+00:00\",\"dateModified\":\"2026-09-01T16:36:36+00:00\",\"mainEntityOfPage\":{\"@id\":\"https:\/\/lavoixdelanation.tg\/index.php\/2026\/08\/30\/togo-mgr-edmond-yawo-amekuse-ordonne-3e-eveque-de-kpalime-en-presence-du-president-de-lassemblee-nationale\/\"},\"wordCount\":384,\"commentCount\":0,\"publisher\":{\"@id\":\"https:\/\/lavoixdelanation.tg\/#organization\"},\"image\":{\"@id\":\"https:\/\/lavoixdelanation.tg\/index.php\/2026\/08\/30\/togo-mgr-edmond-yawo-amekuse-ordonne-3e-eveque-de-kpalime-en-presence-du-president-de-lassemblee-nationale\/#primaryimage\"},\"thumbnailUrl\":\"https:\/\/lavoixdelanation.tg\/wp-content\/uploads\/2026\/09\/Mgr-Edmond-Yawo-Amekuse-ordonne-3e-Eveque-de-Kpalime.jpeg\",\"keywords\":[\"Edmond Yawo Amekuse\",\"Ev\u00eaque de Kpalim\u00e9\",\"Togo\"],\"articleSection\":[\"Soci\u00e9t\u00e9\"],\"inLanguage\":\"fr-FR\",\"potentialAction\":[{\"@type\":\"CommentAction\",\"name\":\"Comment\",\"target\":[\"https:\/\/lavoixdelanation.tg\/index.php\/2026\/08\/30\/togo-mgr-edmond-yawo-amekuse-ordonne-3e-eveque-de-kpalime-en-presence-du-president-de-lassemblee-nationale\/#respond\"]}]},{\"@type\":\"WebPage\",\"@id\":\"https:\/\/lavoixdelanation.tg\/index.php\/2026\/08\/30\/togo-mgr-edmond-yawo-amekuse-ordonne-3e-eveque-de-kpalime-en-presence-du-president-de-lassemblee-nationale\/\",\"url\":\"https:\/\/lavoixdelanation.tg\/index.php\/2026\/08\/30\/togo-mgr-edmond-yawo-amekuse-ordonne-3e-eveque-de-kpalime-en-presence-du-president-de-lassemblee-nationale\/\",\"name\":\"Togo\u00a0: Mgr Edmond Yawo Amekuse ordonn\u00e9 3\u00e8 Ev\u00eaque de Kpalim\u00e9 en pr\u00e9sence du Pr\u00e9sident de l'Assembl\u00e9e nationale - La Voix de la Nation\",\"isPartOf\":{\"@id\":\"https:\/\/lavoixdelanation.tg\/#website\"},\"primaryImageOfPage\":{\"@id\":\"https:\/\/lavoixdelanation.tg\/index.php\/2026\/08\/30\/togo-mgr-edmond-yawo-amekuse-ordonne-3e-eveque-de-kpalime-en-presence-du-president-de-lassemblee-nationale\/#primaryimage\"},\"image\":{\"@id\":\"https:\/\/lavoixdelanation.tg\/index.php\/2026\/08\/30\/togo-mgr-edmond-yawo-amekuse-ordonne-3e-eveque-de-kpalime-en-presence-du-president-de-lassemblee-nationale\/#primaryimage\"},\"thumbnailUrl\":\"https:\/\/lavoixdelanation.tg\/wp-content\/uploads\/2026\/09\/Mgr-Edmond-Yawo-Amekuse-ordonne-3e-Eveque-de-Kpalime.jpeg\",\"datePublished\":\"2026-08-30T16:31:42+00:00\",\"dateModified\":\"2026-09-01T16:36:36+00:00\",\"breadcrumb\":{\"@id\":\"https:\/\/lavoixdelanation.tg\/index.php\/2026\/08\/30\/togo-mgr-edmond-yawo-amekuse-ordonne-3e-eveque-de-kpalime-en-presence-du-president-de-lassemblee-nationale\/#breadcrumb\"},\"inLanguage\":\"fr-FR\",\"potentialAction\":[{\"@type\":\"ReadAction\",\"target\":[\"https:\/\/lavoixdelanation.tg\/index.php\/2026\/08\/30\/togo-mgr-edmond-yawo-amekuse-ordonne-3e-eveque-de-kpalime-en-presence-du-president-de-lassemblee-nationale\/\"]}]},{\"@type\":\"ImageObject\",\"inLanguage\":\"fr-FR\",\"@id\":\"https:\/\/lavoixdelanation.tg\/index.php\/2026\/08\/30\/togo-mgr-edmond-yawo-amekuse-ordonne-3e-eveque-de-kpalime-en-presence-du-president-de-lassemblee-nationale\/#primaryimage\",\"url\":\"https:\/\/lavoixdelanation.tg\/wp-content\/uploads\/2026\/09\/Mgr-Edmond-Yawo-Amekuse-ordonne-3e-Eveque-de-Kpalime.jpeg\",\"contentUrl\":\"https:\/\/lavoixdelanation.tg\/wp-content\/uploads\/2026\/09\/Mgr-Edmond-Yawo-Amekuse-ordonne-3e-Eveque-de-Kpalime.jpeg\",\"width\":1280,\"height\":1038,\"caption\":\"Mgr Edmond Yawo Amekuse\"},{\"@type\":\"BreadcrumbList\",\"@id\":\"https:\/\/lavoixdelanation.tg\/index.php\/2026\/08\/30\/togo-mgr-edmond-yawo-amekuse-ordonne-3e-eveque-de-kpalime-en-presence-du-president-de-lassemblee-nationale\/#breadcrumb\",\"itemListElement\":[{\"@type\":\"ListItem\",\"position\":1,\"name\":\"Accueil\",\"item\":\"https:\/\/lavoixdelanation.tg\/\"},{\"@type\":\"ListItem\",\"position\":2,\"name\":\"Togo\u00a0: Mgr Edmond Yawo Amekuse ordonn\u00e9 3\u00e8 Ev\u00eaque de Kpalim\u00e9 en pr\u00e9sence du Pr\u00e9sident de l&rsquo;Assembl\u00e9e nationale\"}]},{\"@type\":\"WebSite\",\"@id\":\"https:\/\/lavoixdelanation.tg\/#website\",\"url\":\"https:\/\/lavoixdelanation.tg\/\",\"name\":\"La Voix de la Nation\",\"description\":\"R\u00e9c\u00e9piss\u00e9 n\u00b00108\/HAAC\/01-2024\/pl\/P\",\"publisher\":{\"@id\":\"https:\/\/lavoixdelanation.tg\/#organization\"},\"alternateName\":\"VON\",\"potentialAction\":[{\"@type\":\"SearchAction\",\"target\":{\"@type\":\"EntryPoint\",\"urlTemplate\":\"https:\/\/lavoixdelanation.tg\/?s={search_term_string}\"},\"query-input\":{\"@type\":\"PropertyValueSpecification\",\"valueRequired\":true,\"valueName\":\"search_term_string\"}}],\"inLanguage\":\"fr-FR\"},{\"@type\":\"Organization\",\"@id\":\"https:\/\/lavoixdelanation.tg\/#organization\",\"name\":\"La Voix de la Nation\",\"url\":\"https:\/\/lavoixdelanation.tg\/\",\"logo\":{\"@type\":\"ImageObject\",\"inLanguage\":\"fr-FR\",\"@id\":\"https:\/\/lavoixdelanation.tg\/#\/schema\/logo\/image\/\",\"url\":\"https:\/\/lavoixdelanation.tg\/wp-content\/uploads\/2024\/12\/lavn-1.png\",\"contentUrl\":\"https:\/\/lavoixdelanation.tg\/wp-content\/uploads\/2024\/12\/lavn-1.png\",\"width\":1024,\"height\":464,\"caption\":\"La Voix de la Nation\"},\"image\":{\"@id\":\"https:\/\/lavoixdelanation.tg\/#\/schema\/logo\/image\/\"},\"sameAs\":[\"https:\/\/www.facebook.com\/lavoixdelanation\"]},{\"@type\":\"Person\",\"@id\":\"https:\/\/lavoixdelanation.tg\/#\/schema\/person\/6c489293aa38053673a9e554acb6e224\",\"name\":\"La voix de la nation\",\"image\":{\"@type\":\"ImageObject\",\"inLanguage\":\"fr-FR\",\"@id\":\"https:\/\/lavoixdelanation.tg\/#\/schema\/person\/image\/\",\"url\":\"https:\/\/secure.gravatar.com\/avatar\/8aa135d4bbc794494cecaa8d483f6d6cc1023624868deaff686baed5e727a5a1?s=96&d=mm&r=g\",\"contentUrl\":\"https:\/\/secure.gravatar.com\/avatar\/8aa135d4bbc794494cecaa8d483f6d6cc1023624868deaff686baed5e727a5a1?s=96&d=mm&r=g\",\"caption\":\"La voix de la nation\"},\"sameAs\":[\"https:\/\/lavoixdelanation.tg\"],\"url\":\"https:\/\/lavoixdelanation.tg\/index.php\/author\/lavn\/\"}]}<\/script>\n<!-- \/ Yoast SEO plugin. -->","yoast_head_json":{"title":"Togo\u00a0: Mgr Edmond Yawo Amekuse ordonn\u00e9 3\u00e8 Ev\u00eaque de Kpalim\u00e9 en pr\u00e9sence du Pr\u00e9sident de l'Assembl\u00e9e nationale - La Voix de la Nation","robots":{"index":"index","follow":"follow","max-snippet":"max-snippet:-1","max-image-preview":"max-image-preview:large","max-video-preview":"max-video-preview:-1"},"canonical":"https:\/\/lavoixdelanation.tg\/index.php\/2026\/08\/30\/togo-mgr-edmond-yawo-amekuse-ordonne-3e-eveque-de-kpalime-en-presence-du-president-de-lassemblee-nationale\/","og_locale":"fr_FR","og_type":"article","og_title":"Togo\u00a0: Mgr Edmond Yawo Amekuse ordonn\u00e9 3\u00e8 Ev\u00eaque de Kpalim\u00e9 en pr\u00e9sence du Pr\u00e9sident de l'Assembl\u00e9e nationale - La Voix de la Nation","og_description":"Mgr Edmond Yawo Amekuse est officiellement le 3\u00e8 Ev\u00eaque de Kpalim\u00e9. L&rsquo;ordination \u00e9piscopale s\u2019est d\u00e9roul\u00e9e ce samedi 29 ao\u00fbt 2026 au Dioc\u00e8se de Kpalim\u00e9 au cours d&rsquo;une messe c\u00e9l\u00e9br\u00e9e en&hellip;","og_url":"https:\/\/lavoixdelanation.tg\/index.php\/2026\/08\/30\/togo-mgr-edmond-yawo-amekuse-ordonne-3e-eveque-de-kpalime-en-presence-du-president-de-lassemblee-nationale\/","og_site_name":"La Voix de la Nation","article_publisher":"https:\/\/www.facebook.com\/lavoixdelanation","article_published_time":"2026-08-30T16:31:42+00:00","article_modified_time":"2026-09-01T16:36:36+00:00","og_image":[{"width":1280,"height":1038,"url":"https:\/\/lavoixdelanation.tg\/wp-content\/uploads\/2026\/09\/Mgr-Edmond-Yawo-Amekuse-ordonne-3e-Eveque-de-Kpalime.jpeg","type":"image\/jpeg"}],"author":"La voix de la nation","twitter_card":"summary_large_image","twitter_misc":{"\u00c9crit par":"La voix de la nation","Dur\u00e9e de lecture estim\u00e9e":"2 minutes"},"schema":{"@context":"https:\/\/schema.org","@graph":[{"@type":"Article","@id":"https:\/\/lavoixdelanation.tg\/index.php\/2026\/08\/30\/togo-mgr-edmond-yawo-amekuse-ordonne-3e-eveque-de-kpalime-en-presence-du-president-de-lassemblee-nationale\/#article","isPartOf":{"@id":"https:\/\/lavoixdelanation.tg\/index.php\/2026\/08\/30\/togo-mgr-edmond-yawo-amekuse-ordonne-3e-eveque-de-kpalime-en-presence-du-president-de-lassemblee-nationale\/"},"author":{"name":"La voix de la nation","@id":"https:\/\/lavoixdelanation.tg\/#\/schema\/person\/6c489293aa38053673a9e554acb6e224"},"headline":"Togo\u00a0: Mgr Edmond Yawo Amekuse ordonn\u00e9 3\u00e8 Ev\u00eaque de Kpalim\u00e9 en pr\u00e9sence du Pr\u00e9sident de l&rsquo;Assembl\u00e9e nationale","datePublished":"2026-08-30T16:31:42+00:00","dateModified":"2026-09-01T16:36:36+00:00","mainEntityOfPage":{"@id":"https:\/\/lavoixdelanation.tg\/index.php\/2026\/08\/30\/togo-mgr-edmond-yawo-amekuse-ordonne-3e-eveque-de-kpalime-en-presence-du-president-de-lassemblee-nationale\/"},"wordCount":384,"commentCount":0,"publisher":{"@id":"https:\/\/lavoixdelanation.tg\/#organization"},"image":{"@id":"https:\/\/lavoixdelanation.tg\/index.php\/2026\/08\/30\/togo-mgr-edmond-yawo-amekuse-ordonne-3e-eveque-de-kpalime-en-presence-du-president-de-lassemblee-nationale\/#primaryimage"},"thumbnailUrl":"https:\/\/lavoixdelanation.tg\/wp-content\/uploads\/2026\/09\/Mgr-Edmond-Yawo-Amekuse-ordonne-3e-Eveque-de-Kpalime.jpeg","keywords":["Edmond Yawo Amekuse","Ev\u00eaque de Kpalim\u00e9","Togo"],"articleSection":["Soci\u00e9t\u00e9"],"inLanguage":"fr-FR","potentialAction":[{"@type":"CommentAction","name":"Comment","target":["https:\/\/lavoixdelanation.tg\/index.php\/2026\/08\/30\/togo-mgr-edmond-yawo-amekuse-ordonne-3e-eveque-de-kpalime-en-presence-du-president-de-lassemblee-nationale\/#respond"]}]},{"@type":"WebPage","@id":"https:\/\/lavoixdelanation.tg\/index.php\/2026\/08\/30\/togo-mgr-edmond-yawo-amekuse-ordonne-3e-eveque-de-kpalime-en-presence-du-president-de-lassemblee-nationale\/","url":"https:\/\/lavoixdelanation.tg\/index.php\/2026\/08\/30\/togo-mgr-edmond-yawo-amekuse-ordonne-3e-eveque-de-kpalime-en-presence-du-president-de-lassemblee-nationale\/","name":"Togo\u00a0: Mgr Edmond Yawo Amekuse ordonn\u00e9 3\u00e8 Ev\u00eaque de Kpalim\u00e9 en pr\u00e9sence du Pr\u00e9sident de l'Assembl\u00e9e nationale - La Voix de la Nation","isPartOf":{"@id":"https:\/\/lavoixdelanation.tg\/#website"},"primaryImageOfPage":{"@id":"https:\/\/lavoixdelanation.tg\/index.php\/2026\/08\/30\/togo-mgr-edmond-yawo-amekuse-ordonne-3e-eveque-de-kpalime-en-presence-du-president-de-lassemblee-nationale\/#primaryimage"},"image":{"@id":"https:\/\/lavoixdelanation.tg\/index.php\/2026\/08\/30\/togo-mgr-edmond-yawo-amekuse-ordonne-3e-eveque-de-kpalime-en-presence-du-president-de-lassemblee-nationale\/#primaryimage"},"thumbnailUrl":"https:\/\/lavoixdelanation.tg\/wp-content\/uploads\/2026\/09\/Mgr-Edmond-Yawo-Amekuse-ordonne-3e-Eveque-de-Kpalime.jpeg","datePublished":"2026-08-30T16:31:42+00:00","dateModified":"2026-09-01T16:36:36+00:00","breadcrumb":{"@id":"https:\/\/lavoixdelanation.tg\/index.php\/2026\/08\/30\/togo-mgr-edmond-yawo-amekuse-ordonne-3e-eveque-de-kpalime-en-presence-du-president-de-lassemblee-nationale\/#breadcrumb"},"inLanguage":"fr-FR","potentialAction":[{"@type":"ReadAction","target":["https:\/\/lavoixdelanation.tg\/index.php\/2026\/08\/30\/togo-mgr-edmond-yawo-amekuse-ordonne-3e-eveque-de-kpalime-en-presence-du-president-de-lassemblee-nationale\/"]}]},{"@type":"ImageObject","inLanguage":"fr-FR","@id":"https:\/\/lavoixdelanation.tg\/index.php\/2026\/08\/30\/togo-mgr-edmond-yawo-amekuse-ordonne-3e-eveque-de-kpalime-en-presence-du-president-de-lassemblee-nationale\/#primaryimage","url":"https:\/\/lavoixdelanation.tg\/wp-content\/uploads\/2026\/09\/Mgr-Edmond-Yawo-Amekuse-ordonne-3e-Eveque-de-Kpalime.jpeg","contentUrl":"https:\/\/lavoixdelanation.tg\/wp-content\/uploads\/2026\/09\/Mgr-Edmond-Yawo-Amekuse-ordonne-3e-Eveque-de-Kpalime.jpeg","width":1280,"height":1038,"caption":"Mgr Edmond Yawo Amekuse"},{"@type":"BreadcrumbList","@id":"https:\/\/lavoixdelanation.tg\/index.php\/2026\/08\/30\/togo-mgr-edmond-yawo-amekuse-ordonne-3e-eveque-de-kpalime-en-presence-du-president-de-lassemblee-nationale\/#breadcrumb","itemListElement":[{"@type":"ListItem","position":1,"name":"Accueil","item":"https:\/\/lavoixdelanation.tg\/"},{"@type":"ListItem","position":2,"name":"Togo\u00a0: Mgr Edmond Yawo Amekuse ordonn\u00e9 3\u00e8 Ev\u00eaque de Kpalim\u00e9 en pr\u00e9sence du Pr\u00e9sident de l&rsquo;Assembl\u00e9e nationale"}]},{"@type":"WebSite","@id":"https:\/\/lavoixdelanation.tg\/#website","url":"https:\/\/lavoixdelanation.tg\/","name":"La Voix de la Nation","description":"R\u00e9c\u00e9piss\u00e9 n\u00b00108\/HAAC\/01-2024\/pl\/P","publisher":{"@id":"https:\/\/lavoixdelanation.tg\/#organization"},"alternateName":"VON","potentialAction":[{"@type":"SearchAction","target":{"@type":"EntryPoint","urlTemplate":"https:\/\/lavoixdelanation.tg\/?s={search_term_string}"},"query-input":{"@type":"PropertyValueSpecification","valueRequired":true,"valueName":"search_term_string"}}],"inLanguage":"fr-FR"},{"@type":"Organization","@id":"https:\/\/lavoixdelanation.tg\/#organization","name":"La Voix de la Nation","url":"https:\/\/lavoixdelanation.tg\/","logo":{"@type":"ImageObject","inLanguage":"fr-FR","@id":"https:\/\/lavoixdelanation.tg\/#\/schema\/logo\/image\/","url":"https:\/\/lavoixdelanation.tg\/wp-content\/uploads\/2024\/12\/lavn-1.png","contentUrl":"https:\/\/lavoixdelanation.tg\/wp-content\/uploads\/2024\/12\/lavn-1.png","width":1024,"height":464,"caption":"La Voix de la Nation"},"image":{"@id":"https:\/\/lavoixdelanation.tg\/#\/schema\/logo\/image\/"},"sameAs":["https:\/\/www.facebook.com\/lavoixdelanation"]},{"@type":"Person","@id":"https:\/\/lavoixdelanation.tg\/#\/schema\/person\/6c489293aa38053673a9e554acb6e224","name":"La voix de la nation","image":{"@type":"ImageObject","inLanguage":"fr-FR","@id":"https:\/\/lavoixdelanation.tg\/#\/schema\/person\/image\/","url":"https:\/\/secure.gravatar.com\/avatar\/8aa135d4bbc794494cecaa8d483f6d6cc1023624868deaff686baed5e727a5a1?s=96&d=mm&r=g","contentUrl":"https:\/\/secure.gravatar.com\/avatar\/8aa135d4bbc794494cecaa8d483f6d6cc1023624868deaff686baed5e727a5a1?s=96&d=mm&r=g","caption":"La voix de la nation"},"sameAs":["https:\/\/lavoixdelanation.tg"],"url":"https:\/\/lavoixdelanation.tg\/index.php\/author\/lavn\/"}]}},"_links":{"self":[{"href":"https:\/\/lavoixdelanation.tg\/index.php\/wp-json\/wp\/v2\/posts\/16824","targetHints":{"allow":["GET"]}}],"collection":[{"href":"https:\/\/lavoixdelanation.tg\/index.php\/wp-json\/wp\/v2\/posts"}],"about":[{"href":"https:\/\/lavoixdelanation.tg\/index.php\/wp-json\/wp\/v2\/types\/post"}],"author":[{"embeddable":true,"href":"https:\/\/lavoixdelanation.tg\/index.php\/wp-json\/wp\/v2\/users\/1"}],"replies":[{"embeddable":true,"href":"https:\/\/lavoixdelanation.tg\/index.php\/wp-json\/wp\/v2\/comments?post=16824"}],"version-history":[{"count":1,"href":"https:\/\/lavoixdelanation.tg\/index.php\/wp-json\/wp\/v2\/posts\/16824\/revisions"}],"predecessor-version":[{"id":16827,"href":"https:\/\/lavoixdelanation.tg\/index.php\/wp-json\/wp\/v2\/posts\/16824\/revisions\/16827"}],"wp:featuredmedia":[{"embeddable":true,"href":"https:\/\/lavoixdelanation.tg\/index.php\/wp-json\/wp\/v2\/media\/16825"}],"wp:attachment":[{"href":"https:\/\/lavoixdelanation.tg\/index.php\/wp-json\/wp\/v2\/media?parent=16824"}],"wp:term":[{"taxonomy":"category","embeddable":true,"href":"https:\/\/lavoixdelanation.tg\/index.php\/wp-json\/wp\/v2\/categories?post=16824"},{"taxonomy":"post_tag","embeddable":true,"href":"https:\/\/lavoixdelanation.tg\/index.php\/wp-json\/wp\/v2\/tags?post=16824"}],"curies":[{"name":"wp","href":"https:\/\/api.w.org\/{rel}","templated":true}]}}