{"id":16821,"date":"2026-08-31T15:41:14","date_gmt":"2026-08-31T13:41:14","guid":{"rendered":"https:\/\/lavoixdelanation.tg\/?p=16821"},"modified":"2026-08-31T15:41:14","modified_gmt":"2026-08-31T13:41:14","slug":"faure-gnassingbe-au-26e-sommet-sur-la-cooperation-de-shanghai","status":"publish","type":"post","link":"https:\/\/lavoixdelanation.tg\/index.php\/2026\/08\/31\/faure-gnassingbe-au-26e-sommet-sur-la-cooperation-de-shanghai\/","title":{"rendered":"Faure Gnassingb\u00e9 au 26\u00e8 Sommet sur la Coop\u00e9ration de Shanghai"},"content":{"rendered":"\n<p class=\"wp-block-paragraph\"><strong>Le Pr\u00e9sident du Conseil, Faure Essozimna GNASSINGB\u00c9 prend part au 26\u00e8 sommet sur la Coop\u00e9ration de Shanghai (OCS) qui s\u2019ouvre ce 31 ao\u00fbt 2026 \u00e0 Bichkek au<\/strong> <strong>Kirghizistan.<\/strong><strong><\/strong><\/p>\n\n\n\n<p class=\"wp-block-paragraph\">\u00ab&nbsp;25 ans de l\u2019OCS : ensemble pour une paix durable, le d\u00e9veloppement et la prosp\u00e9rit\u00e9 \u00bb&nbsp;: c\u2019est lz th\u00e8me au centre de cette rencontre internationale de tr\u00e8s haut niveau des chefs d\u2019Etat et de gouvernement de l\u2019Eurasie.<\/p>\n\n\n\n<p class=\"wp-block-paragraph\">Selon une note de la Pr\u00e9sidence du Conseil, le Togo et l\u2019Egypte sont les seuls pays africains invit\u00e9s \u00e0 ce sommet pour porter la voix de l\u2019Afrique et contribuer aux \u00e9changes sur les grands enjeux de la gouvernance mondiale.<\/p>\n\n\n\n<p class=\"wp-block-paragraph\">En dehors des volets \u00e9conomiques et g\u00e9ostrat\u00e9giques, le sommet examinera les m\u00e9canismes de lutte contre le terrorisme, l\u2019extr\u00e9misme violent et la cybercriminalit\u00e9 dans la r\u00e9gion, les politiques de d\u00e9veloppement des infrastructures et de connectivit\u00e9 ainsi que la cr\u00e9ation d\u2019une architecture financi\u00e8re ind\u00e9pendante.<\/p>\n\n\n\n<p class=\"wp-block-paragraph\">En plus des questions de multilat\u00e9ralisme port\u00e9es par le Sud Global, le Pr\u00e9sident du Conseil \u00e9voquera la situation s\u00e9curitaire et humanitaire de la sous-r\u00e9gion ouest-africaine et du continent ainsi que la contribution du Togo \u00e0 la recherche des solutions durables \u00e0 ces d\u00e9fis.<\/p>\n\n\n\n<p class=\"wp-block-paragraph\">Engag\u00e9 dans une diplomatie fond\u00e9e sur la diversification de ses relations d\u2019amiti\u00e9 et de coop\u00e9ration, le Togo entretient d\u2019excellents partenariats avec les pays de l\u2019Eurasie notamment la Chine, la Russie et l\u2019Inde dans plusieurs domaines \u00e0 fort impact \u00e9conomique, s\u00e9curitaire et social.<\/p>\n\n\n\n<p class=\"wp-block-paragraph\">\u00ab&nbsp;Cette participation du Pr\u00e9sident du Conseil t\u00e9moigne du positionnement strat\u00e9gique du Togo et de la reconnaissance internationale de l\u2019efficacit\u00e9 de sa diplomatie. Elle illustre \u00e9galement la place croissante du Togo dans les grands rendez-vous internationaux et constitue une nouvelle occasion de porter la voix de l\u2019Afrique sur les enjeux de paix, de s\u00e9curit\u00e9, de d\u00e9veloppement et de coop\u00e9ration internationale&nbsp;\u00bb, indique la Pr\u00e9sidence du Conseil.<\/p>\n\n\n\n<p class=\"wp-block-paragraph\">Cr\u00e9\u00e9e en 2001, l\u2019Organisation de la Coop\u00e9ration de Shanghai (OCS) regroupe une dizaine de pays. Elle a pour objectif le d\u00e9veloppement d\u2019une coop\u00e9ration multiforme visant \u00e0 maintenir et \u00e0 renforcer la paix, la s\u00e9curit\u00e9 et la stabilit\u00e9 dans la r\u00e9gion, ainsi que la facilitation de la mise en place d\u2019un Nouvel ordre politique et \u00e9conomique international d\u00e9mocratique, juste et rationnel.<\/p>\n","protected":false},"excerpt":{"rendered":"<p>Le Pr\u00e9sident du Conseil, Faure Essozimna GNASSINGB\u00c9 prend part au 26\u00e8 sommet sur la Coop\u00e9ration de Shanghai (OCS) qui s\u2019ouvre ce 31 ao\u00fbt 2026 \u00e0 Bichkek au Kirghizistan. \u00ab&nbsp;25 ans&hellip; <\/p>\n","protected":false},"author":1,"featured_media":16822,"comment_status":"open","ping_status":"closed","sticky":false,"template":"","format":"standard","meta":{"footnotes":""},"categories":[12],"tags":[92,1078,1429,1652,1651],"class_list":["post-16821","post","type-post","status-publish","format-standard","has-post-thumbnail","hentry","category-diplomatie","tag-cooperation","tag-faure-essozimna-gnassingbe","tag-kirghizistan","tag-shanghai","tag-sommet"],"yoast_head":"<!-- This site is optimized with the Yoast SEO plugin v26.4 - https:\/\/yoast.com\/wordpress\/plugins\/seo\/ -->\n<title>Faure Gnassingb\u00e9 au 26\u00e8 Sommet sur la Coop\u00e9ration de Shanghai - La Voix de la Nation<\/title>\n<meta name=\"robots\" content=\"index, follow, max-snippet:-1, max-image-preview:large, max-video-preview:-1\" \/>\n<link rel=\"canonical\" href=\"https:\/\/lavoixdelanation.tg\/index.php\/2026\/08\/31\/faure-gnassingbe-au-26e-sommet-sur-la-cooperation-de-shanghai\/\" \/>\n<meta property=\"og:locale\" content=\"fr_FR\" \/>\n<meta property=\"og:type\" content=\"article\" \/>\n<meta property=\"og:title\" content=\"Faure Gnassingb\u00e9 au 26\u00e8 Sommet sur la Coop\u00e9ration de Shanghai - La Voix de la Nation\" \/>\n<meta property=\"og:description\" content=\"Le Pr\u00e9sident du Conseil, Faure Essozimna GNASSINGB\u00c9 prend part au 26\u00e8 sommet sur la Coop\u00e9ration de Shanghai (OCS) qui s\u2019ouvre ce 31 ao\u00fbt 2026 \u00e0 Bichkek au Kirghizistan. \u00ab&nbsp;25 ans&hellip;\" \/>\n<meta property=\"og:url\" content=\"https:\/\/lavoixdelanation.tg\/index.php\/2026\/08\/31\/faure-gnassingbe-au-26e-sommet-sur-la-cooperation-de-shanghai\/\" \/>\n<meta property=\"og:site_name\" content=\"La Voix de la Nation\" \/>\n<meta property=\"article:publisher\" content=\"https:\/\/www.facebook.com\/lavoixdelanation\" \/>\n<meta property=\"article:published_time\" content=\"2026-08-31T13:41:14+00:00\" \/>\n<meta property=\"og:image\" content=\"https:\/\/lavoixdelanation.tg\/wp-content\/uploads\/2026\/08\/Faure-Gnassingbe-au-26e-Sommet-sur-la-Cooperation-de-Shanghai.jpeg\" \/>\n\t<meta property=\"og:image:width\" content=\"1280\" \/>\n\t<meta property=\"og:image:height\" content=\"939\" \/>\n\t<meta property=\"og:image:type\" content=\"image\/jpeg\" \/>\n<meta name=\"author\" content=\"La voix de la nation\" \/>\n<meta name=\"twitter:card\" content=\"summary_large_image\" \/>\n<meta name=\"twitter:label1\" content=\"\u00c9crit par\" \/>\n\t<meta name=\"twitter:data1\" content=\"La voix de la nation\" \/>\n\t<meta name=\"twitter:label2\" content=\"Dur\u00e9e de lecture estim\u00e9e\" \/>\n\t<meta name=\"twitter:data2\" content=\"3 minutes\" \/>\n<script type=\"application\/ld+json\" class=\"yoast-schema-graph\">{\"@context\":\"https:\/\/schema.org\",\"@graph\":[{\"@type\":\"Article\",\"@id\":\"https:\/\/lavoixdelanation.tg\/index.php\/2026\/08\/31\/faure-gnassingbe-au-26e-sommet-sur-la-cooperation-de-shanghai\/#article\",\"isPartOf\":{\"@id\":\"https:\/\/lavoixdelanation.tg\/index.php\/2026\/08\/31\/faure-gnassingbe-au-26e-sommet-sur-la-cooperation-de-shanghai\/\"},\"author\":{\"name\":\"La voix de la nation\",\"@id\":\"https:\/\/lavoixdelanation.tg\/#\/schema\/person\/6c489293aa38053673a9e554acb6e224\"},\"headline\":\"Faure Gnassingb\u00e9 au 26\u00e8 Sommet sur la Coop\u00e9ration de Shanghai\",\"datePublished\":\"2026-08-31T13:41:14+00:00\",\"mainEntityOfPage\":{\"@id\":\"https:\/\/lavoixdelanation.tg\/index.php\/2026\/08\/31\/faure-gnassingbe-au-26e-sommet-sur-la-cooperation-de-shanghai\/\"},\"wordCount\":414,\"commentCount\":0,\"publisher\":{\"@id\":\"https:\/\/lavoixdelanation.tg\/#organization\"},\"image\":{\"@id\":\"https:\/\/lavoixdelanation.tg\/index.php\/2026\/08\/31\/faure-gnassingbe-au-26e-sommet-sur-la-cooperation-de-shanghai\/#primaryimage\"},\"thumbnailUrl\":\"https:\/\/lavoixdelanation.tg\/wp-content\/uploads\/2026\/08\/Faure-Gnassingbe-au-26e-Sommet-sur-la-Cooperation-de-Shanghai.jpeg\",\"keywords\":[\"Coop\u00e9ration\",\"Faure Essozimna GNASSINGBE\",\"Kirghizistan\",\"Shanghai\",\"Sommet\"],\"articleSection\":[\"Diplomatie\"],\"inLanguage\":\"fr-FR\",\"potentialAction\":[{\"@type\":\"CommentAction\",\"name\":\"Comment\",\"target\":[\"https:\/\/lavoixdelanation.tg\/index.php\/2026\/08\/31\/faure-gnassingbe-au-26e-sommet-sur-la-cooperation-de-shanghai\/#respond\"]}]},{\"@type\":\"WebPage\",\"@id\":\"https:\/\/lavoixdelanation.tg\/index.php\/2026\/08\/31\/faure-gnassingbe-au-26e-sommet-sur-la-cooperation-de-shanghai\/\",\"url\":\"https:\/\/lavoixdelanation.tg\/index.php\/2026\/08\/31\/faure-gnassingbe-au-26e-sommet-sur-la-cooperation-de-shanghai\/\",\"name\":\"Faure Gnassingb\u00e9 au 26\u00e8 Sommet sur la Coop\u00e9ration de Shanghai - La Voix de la Nation\",\"isPartOf\":{\"@id\":\"https:\/\/lavoixdelanation.tg\/#website\"},\"primaryImageOfPage\":{\"@id\":\"https:\/\/lavoixdelanation.tg\/index.php\/2026\/08\/31\/faure-gnassingbe-au-26e-sommet-sur-la-cooperation-de-shanghai\/#primaryimage\"},\"image\":{\"@id\":\"https:\/\/lavoixdelanation.tg\/index.php\/2026\/08\/31\/faure-gnassingbe-au-26e-sommet-sur-la-cooperation-de-shanghai\/#primaryimage\"},\"thumbnailUrl\":\"https:\/\/lavoixdelanation.tg\/wp-content\/uploads\/2026\/08\/Faure-Gnassingbe-au-26e-Sommet-sur-la-Cooperation-de-Shanghai.jpeg\",\"datePublished\":\"2026-08-31T13:41:14+00:00\",\"breadcrumb\":{\"@id\":\"https:\/\/lavoixdelanation.tg\/index.php\/2026\/08\/31\/faure-gnassingbe-au-26e-sommet-sur-la-cooperation-de-shanghai\/#breadcrumb\"},\"inLanguage\":\"fr-FR\",\"potentialAction\":[{\"@type\":\"ReadAction\",\"target\":[\"https:\/\/lavoixdelanation.tg\/index.php\/2026\/08\/31\/faure-gnassingbe-au-26e-sommet-sur-la-cooperation-de-shanghai\/\"]}]},{\"@type\":\"ImageObject\",\"inLanguage\":\"fr-FR\",\"@id\":\"https:\/\/lavoixdelanation.tg\/index.php\/2026\/08\/31\/faure-gnassingbe-au-26e-sommet-sur-la-cooperation-de-shanghai\/#primaryimage\",\"url\":\"https:\/\/lavoixdelanation.tg\/wp-content\/uploads\/2026\/08\/Faure-Gnassingbe-au-26e-Sommet-sur-la-Cooperation-de-Shanghai.jpeg\",\"contentUrl\":\"https:\/\/lavoixdelanation.tg\/wp-content\/uploads\/2026\/08\/Faure-Gnassingbe-au-26e-Sommet-sur-la-Cooperation-de-Shanghai.jpeg\",\"width\":1280,\"height\":939},{\"@type\":\"BreadcrumbList\",\"@id\":\"https:\/\/lavoixdelanation.tg\/index.php\/2026\/08\/31\/faure-gnassingbe-au-26e-sommet-sur-la-cooperation-de-shanghai\/#breadcrumb\",\"itemListElement\":[{\"@type\":\"ListItem\",\"position\":1,\"name\":\"Accueil\",\"item\":\"https:\/\/lavoixdelanation.tg\/\"},{\"@type\":\"ListItem\",\"position\":2,\"name\":\"Faure Gnassingb\u00e9 au 26\u00e8 Sommet sur la Coop\u00e9ration de Shanghai\"}]},{\"@type\":\"WebSite\",\"@id\":\"https:\/\/lavoixdelanation.tg\/#website\",\"url\":\"https:\/\/lavoixdelanation.tg\/\",\"name\":\"La Voix de la Nation\",\"description\":\"R\u00e9c\u00e9piss\u00e9 n\u00b00108\/HAAC\/01-2024\/pl\/P\",\"publisher\":{\"@id\":\"https:\/\/lavoixdelanation.tg\/#organization\"},\"alternateName\":\"VON\",\"potentialAction\":[{\"@type\":\"SearchAction\",\"target\":{\"@type\":\"EntryPoint\",\"urlTemplate\":\"https:\/\/lavoixdelanation.tg\/?s={search_term_string}\"},\"query-input\":{\"@type\":\"PropertyValueSpecification\",\"valueRequired\":true,\"valueName\":\"search_term_string\"}}],\"inLanguage\":\"fr-FR\"},{\"@type\":\"Organization\",\"@id\":\"https:\/\/lavoixdelanation.tg\/#organization\",\"name\":\"La Voix de la Nation\",\"url\":\"https:\/\/lavoixdelanation.tg\/\",\"logo\":{\"@type\":\"ImageObject\",\"inLanguage\":\"fr-FR\",\"@id\":\"https:\/\/lavoixdelanation.tg\/#\/schema\/logo\/image\/\",\"url\":\"https:\/\/lavoixdelanation.tg\/wp-content\/uploads\/2024\/12\/lavn-1.png\",\"contentUrl\":\"https:\/\/lavoixdelanation.tg\/wp-content\/uploads\/2024\/12\/lavn-1.png\",\"width\":1024,\"height\":464,\"caption\":\"La Voix de la Nation\"},\"image\":{\"@id\":\"https:\/\/lavoixdelanation.tg\/#\/schema\/logo\/image\/\"},\"sameAs\":[\"https:\/\/www.facebook.com\/lavoixdelanation\"]},{\"@type\":\"Person\",\"@id\":\"https:\/\/lavoixdelanation.tg\/#\/schema\/person\/6c489293aa38053673a9e554acb6e224\",\"name\":\"La voix de la nation\",\"image\":{\"@type\":\"ImageObject\",\"inLanguage\":\"fr-FR\",\"@id\":\"https:\/\/lavoixdelanation.tg\/#\/schema\/person\/image\/\",\"url\":\"https:\/\/secure.gravatar.com\/avatar\/8aa135d4bbc794494cecaa8d483f6d6cc1023624868deaff686baed5e727a5a1?s=96&d=mm&r=g\",\"contentUrl\":\"https:\/\/secure.gravatar.com\/avatar\/8aa135d4bbc794494cecaa8d483f6d6cc1023624868deaff686baed5e727a5a1?s=96&d=mm&r=g\",\"caption\":\"La voix de la nation\"},\"sameAs\":[\"https:\/\/lavoixdelanation.tg\"],\"url\":\"https:\/\/lavoixdelanation.tg\/index.php\/author\/lavn\/\"}]}<\/script>\n<!-- \/ Yoast SEO plugin. -->","yoast_head_json":{"title":"Faure Gnassingb\u00e9 au 26\u00e8 Sommet sur la Coop\u00e9ration de Shanghai - La Voix de la Nation","robots":{"index":"index","follow":"follow","max-snippet":"max-snippet:-1","max-image-preview":"max-image-preview:large","max-video-preview":"max-video-preview:-1"},"canonical":"https:\/\/lavoixdelanation.tg\/index.php\/2026\/08\/31\/faure-gnassingbe-au-26e-sommet-sur-la-cooperation-de-shanghai\/","og_locale":"fr_FR","og_type":"article","og_title":"Faure Gnassingb\u00e9 au 26\u00e8 Sommet sur la Coop\u00e9ration de Shanghai - La Voix de la Nation","og_description":"Le Pr\u00e9sident du Conseil, Faure Essozimna GNASSINGB\u00c9 prend part au 26\u00e8 sommet sur la Coop\u00e9ration de Shanghai (OCS) qui s\u2019ouvre ce 31 ao\u00fbt 2026 \u00e0 Bichkek au Kirghizistan. \u00ab&nbsp;25 ans&hellip;","og_url":"https:\/\/lavoixdelanation.tg\/index.php\/2026\/08\/31\/faure-gnassingbe-au-26e-sommet-sur-la-cooperation-de-shanghai\/","og_site_name":"La Voix de la Nation","article_publisher":"https:\/\/www.facebook.com\/lavoixdelanation","article_published_time":"2026-08-31T13:41:14+00:00","og_image":[{"width":1280,"height":939,"url":"https:\/\/lavoixdelanation.tg\/wp-content\/uploads\/2026\/08\/Faure-Gnassingbe-au-26e-Sommet-sur-la-Cooperation-de-Shanghai.jpeg","type":"image\/jpeg"}],"author":"La voix de la nation","twitter_card":"summary_large_image","twitter_misc":{"\u00c9crit par":"La voix de la nation","Dur\u00e9e de lecture estim\u00e9e":"3 minutes"},"schema":{"@context":"https:\/\/schema.org","@graph":[{"@type":"Article","@id":"https:\/\/lavoixdelanation.tg\/index.php\/2026\/08\/31\/faure-gnassingbe-au-26e-sommet-sur-la-cooperation-de-shanghai\/#article","isPartOf":{"@id":"https:\/\/lavoixdelanation.tg\/index.php\/2026\/08\/31\/faure-gnassingbe-au-26e-sommet-sur-la-cooperation-de-shanghai\/"},"author":{"name":"La voix de la nation","@id":"https:\/\/lavoixdelanation.tg\/#\/schema\/person\/6c489293aa38053673a9e554acb6e224"},"headline":"Faure Gnassingb\u00e9 au 26\u00e8 Sommet sur la Coop\u00e9ration de Shanghai","datePublished":"2026-08-31T13:41:14+00:00","mainEntityOfPage":{"@id":"https:\/\/lavoixdelanation.tg\/index.php\/2026\/08\/31\/faure-gnassingbe-au-26e-sommet-sur-la-cooperation-de-shanghai\/"},"wordCount":414,"commentCount":0,"publisher":{"@id":"https:\/\/lavoixdelanation.tg\/#organization"},"image":{"@id":"https:\/\/lavoixdelanation.tg\/index.php\/2026\/08\/31\/faure-gnassingbe-au-26e-sommet-sur-la-cooperation-de-shanghai\/#primaryimage"},"thumbnailUrl":"https:\/\/lavoixdelanation.tg\/wp-content\/uploads\/2026\/08\/Faure-Gnassingbe-au-26e-Sommet-sur-la-Cooperation-de-Shanghai.jpeg","keywords":["Coop\u00e9ration","Faure Essozimna GNASSINGBE","Kirghizistan","Shanghai","Sommet"],"articleSection":["Diplomatie"],"inLanguage":"fr-FR","potentialAction":[{"@type":"CommentAction","name":"Comment","target":["https:\/\/lavoixdelanation.tg\/index.php\/2026\/08\/31\/faure-gnassingbe-au-26e-sommet-sur-la-cooperation-de-shanghai\/#respond"]}]},{"@type":"WebPage","@id":"https:\/\/lavoixdelanation.tg\/index.php\/2026\/08\/31\/faure-gnassingbe-au-26e-sommet-sur-la-cooperation-de-shanghai\/","url":"https:\/\/lavoixdelanation.tg\/index.php\/2026\/08\/31\/faure-gnassingbe-au-26e-sommet-sur-la-cooperation-de-shanghai\/","name":"Faure Gnassingb\u00e9 au 26\u00e8 Sommet sur la Coop\u00e9ration de Shanghai - La Voix de la Nation","isPartOf":{"@id":"https:\/\/lavoixdelanation.tg\/#website"},"primaryImageOfPage":{"@id":"https:\/\/lavoixdelanation.tg\/index.php\/2026\/08\/31\/faure-gnassingbe-au-26e-sommet-sur-la-cooperation-de-shanghai\/#primaryimage"},"image":{"@id":"https:\/\/lavoixdelanation.tg\/index.php\/2026\/08\/31\/faure-gnassingbe-au-26e-sommet-sur-la-cooperation-de-shanghai\/#primaryimage"},"thumbnailUrl":"https:\/\/lavoixdelanation.tg\/wp-content\/uploads\/2026\/08\/Faure-Gnassingbe-au-26e-Sommet-sur-la-Cooperation-de-Shanghai.jpeg","datePublished":"2026-08-31T13:41:14+00:00","breadcrumb":{"@id":"https:\/\/lavoixdelanation.tg\/index.php\/2026\/08\/31\/faure-gnassingbe-au-26e-sommet-sur-la-cooperation-de-shanghai\/#breadcrumb"},"inLanguage":"fr-FR","potentialAction":[{"@type":"ReadAction","target":["https:\/\/lavoixdelanation.tg\/index.php\/2026\/08\/31\/faure-gnassingbe-au-26e-sommet-sur-la-cooperation-de-shanghai\/"]}]},{"@type":"ImageObject","inLanguage":"fr-FR","@id":"https:\/\/lavoixdelanation.tg\/index.php\/2026\/08\/31\/faure-gnassingbe-au-26e-sommet-sur-la-cooperation-de-shanghai\/#primaryimage","url":"https:\/\/lavoixdelanation.tg\/wp-content\/uploads\/2026\/08\/Faure-Gnassingbe-au-26e-Sommet-sur-la-Cooperation-de-Shanghai.jpeg","contentUrl":"https:\/\/lavoixdelanation.tg\/wp-content\/uploads\/2026\/08\/Faure-Gnassingbe-au-26e-Sommet-sur-la-Cooperation-de-Shanghai.jpeg","width":1280,"height":939},{"@type":"BreadcrumbList","@id":"https:\/\/lavoixdelanation.tg\/index.php\/2026\/08\/31\/faure-gnassingbe-au-26e-sommet-sur-la-cooperation-de-shanghai\/#breadcrumb","itemListElement":[{"@type":"ListItem","position":1,"name":"Accueil","item":"https:\/\/lavoixdelanation.tg\/"},{"@type":"ListItem","position":2,"name":"Faure Gnassingb\u00e9 au 26\u00e8 Sommet sur la Coop\u00e9ration de Shanghai"}]},{"@type":"WebSite","@id":"https:\/\/lavoixdelanation.tg\/#website","url":"https:\/\/lavoixdelanation.tg\/","name":"La Voix de la Nation","description":"R\u00e9c\u00e9piss\u00e9 n\u00b00108\/HAAC\/01-2024\/pl\/P","publisher":{"@id":"https:\/\/lavoixdelanation.tg\/#organization"},"alternateName":"VON","potentialAction":[{"@type":"SearchAction","target":{"@type":"EntryPoint","urlTemplate":"https:\/\/lavoixdelanation.tg\/?s={search_term_string}"},"query-input":{"@type":"PropertyValueSpecification","valueRequired":true,"valueName":"search_term_string"}}],"inLanguage":"fr-FR"},{"@type":"Organization","@id":"https:\/\/lavoixdelanation.tg\/#organization","name":"La Voix de la Nation","url":"https:\/\/lavoixdelanation.tg\/","logo":{"@type":"ImageObject","inLanguage":"fr-FR","@id":"https:\/\/lavoixdelanation.tg\/#\/schema\/logo\/image\/","url":"https:\/\/lavoixdelanation.tg\/wp-content\/uploads\/2024\/12\/lavn-1.png","contentUrl":"https:\/\/lavoixdelanation.tg\/wp-content\/uploads\/2024\/12\/lavn-1.png","width":1024,"height":464,"caption":"La Voix de la Nation"},"image":{"@id":"https:\/\/lavoixdelanation.tg\/#\/schema\/logo\/image\/"},"sameAs":["https:\/\/www.facebook.com\/lavoixdelanation"]},{"@type":"Person","@id":"https:\/\/lavoixdelanation.tg\/#\/schema\/person\/6c489293aa38053673a9e554acb6e224","name":"La voix de la nation","image":{"@type":"ImageObject","inLanguage":"fr-FR","@id":"https:\/\/lavoixdelanation.tg\/#\/schema\/person\/image\/","url":"https:\/\/secure.gravatar.com\/avatar\/8aa135d4bbc794494cecaa8d483f6d6cc1023624868deaff686baed5e727a5a1?s=96&d=mm&r=g","contentUrl":"https:\/\/secure.gravatar.com\/avatar\/8aa135d4bbc794494cecaa8d483f6d6cc1023624868deaff686baed5e727a5a1?s=96&d=mm&r=g","caption":"La voix de la nation"},"sameAs":["https:\/\/lavoixdelanation.tg"],"url":"https:\/\/lavoixdelanation.tg\/index.php\/author\/lavn\/"}]}},"_links":{"self":[{"href":"https:\/\/lavoixdelanation.tg\/index.php\/wp-json\/wp\/v2\/posts\/16821","targetHints":{"allow":["GET"]}}],"collection":[{"href":"https:\/\/lavoixdelanation.tg\/index.php\/wp-json\/wp\/v2\/posts"}],"about":[{"href":"https:\/\/lavoixdelanation.tg\/index.php\/wp-json\/wp\/v2\/types\/post"}],"author":[{"embeddable":true,"href":"https:\/\/lavoixdelanation.tg\/index.php\/wp-json\/wp\/v2\/users\/1"}],"replies":[{"embeddable":true,"href":"https:\/\/lavoixdelanation.tg\/index.php\/wp-json\/wp\/v2\/comments?post=16821"}],"version-history":[{"count":1,"href":"https:\/\/lavoixdelanation.tg\/index.php\/wp-json\/wp\/v2\/posts\/16821\/revisions"}],"predecessor-version":[{"id":16823,"href":"https:\/\/lavoixdelanation.tg\/index.php\/wp-json\/wp\/v2\/posts\/16821\/revisions\/16823"}],"wp:featuredmedia":[{"embeddable":true,"href":"https:\/\/lavoixdelanation.tg\/index.php\/wp-json\/wp\/v2\/media\/16822"}],"wp:attachment":[{"href":"https:\/\/lavoixdelanation.tg\/index.php\/wp-json\/wp\/v2\/media?parent=16821"}],"wp:term":[{"taxonomy":"category","embeddable":true,"href":"https:\/\/lavoixdelanation.tg\/index.php\/wp-json\/wp\/v2\/categories?post=16821"},{"taxonomy":"post_tag","embeddable":true,"href":"https:\/\/lavoixdelanation.tg\/index.php\/wp-json\/wp\/v2\/tags?post=16821"}],"curies":[{"name":"wp","href":"https:\/\/api.w.org\/{rel}","templated":true}]}}