{"id":16019,"date":"2026-05-01T06:12:00","date_gmt":"2026-05-01T04:12:00","guid":{"rendered":"https:\/\/lavoixdelanation.tg\/?p=16019"},"modified":"2026-05-01T14:15:00","modified_gmt":"2026-05-01T12:15:00","slug":"a-bichkek-faure-gnassingbe-honore-la-memoire-nationale-du-kirghizistan","status":"publish","type":"post","link":"https:\/\/lavoixdelanation.tg\/index.php\/2026\/05\/01\/a-bichkek-faure-gnassingbe-honore-la-memoire-nationale-du-kirghizistan\/","title":{"rendered":"A Bichkek, Faure Gnassingb\u00e9 honore la m\u00e9moire nationale du Kirghizistan"},"content":{"rendered":"\n<p><strong>En visite officielle au Kirghizistan, le Pr\u00e9sident du Conseil Faure Essozimna Gnassingb\u00e9 s\u2019est rendu au complexe historique national Ata-Beyit, o\u00f9 il a proc\u00e9d\u00e9 au d\u00e9p\u00f4t de gerbes au m\u00e9morial Urkun.<\/strong><\/p>\n\n\n\n<p>Cette c\u00e9r\u00e9monie s\u2019est d\u00e9roul\u00e9e dans un cadre solennel, marqu\u00e9e par le recueillement et le respect envers la m\u00e9moire des victimes et des figures historiques du Kirghizistan. C\u2019\u00e9tait en pr\u00e9sence de plusieurs personnalit\u00e9s kirghizes de haut rang.<\/p>\n\n\n\n<p>Un geste symbolique du Pr\u00e9sident du Conseil qui s\u2019inscrit dans la tradition diplomatique consistant \u00e0 rendre hommage aux figures et aux \u00e9v\u00e9nements marquants de l\u2019histoire nationale kirghize.<\/p>\n\n\n\n<p>Il traduit \u00e9galement l\u2019attachement du Togo aux valeurs de m\u00e9moire, de paix et de solidarit\u00e9 entre les peuples.<\/p>\n\n\n\n<p>Le Pr\u00e9sident du Conseil Faure Essozimna Gnassingb\u00e9 r\u00e9affirme par cet acte, la volont\u00e9 du Togo de consolider les relations d\u2019amiti\u00e9 et de coop\u00e9ration avec le Kirghizistan, dans un esprit de confiance et de partenariat constructif.<\/p>\n\n\n\n<p>Il faut souligner que le complexe comm\u00e9moratif historique national Ata-Beyit, qui signifie \u00ab Lieu o\u00f9 reposent nos p\u00e8res&nbsp;\u00bb, a \u00e9t\u00e9 construit le 8 juillet 2000, afin de pr\u00e9server et de transmettre la m\u00e9moire des \u00e9tapes majeures de la construction de l\u2019\u00c9tat-nation kirghize.<\/p>\n\n\n\n<p>Int\u00e9gr\u00e9 \u00e0 ce complexe, le m\u00e9morial Urkun est d\u00e9di\u00e9 \u00e0 la m\u00e9moire des \u00e9v\u00e9nements tragiques de l\u2019histoire kirghize. Il abrite des documents, photographies et archives historiques retra\u00e7ant notamment l\u2019\u00e9volution politique du Kirghizistan dans les ann\u00e9es 1920 et 1930.<\/p>\n","protected":false},"excerpt":{"rendered":"<p>En visite officielle au Kirghizistan, le Pr\u00e9sident du Conseil Faure Essozimna Gnassingb\u00e9 s\u2019est rendu au complexe historique national Ata-Beyit, o\u00f9 il a proc\u00e9d\u00e9 au d\u00e9p\u00f4t de gerbes au m\u00e9morial Urkun.&hellip; <\/p>\n","protected":false},"author":1,"featured_media":16020,"comment_status":"open","ping_status":"closed","sticky":false,"template":"","format":"standard","meta":{"footnotes":""},"categories":[12],"tags":[45,1429],"class_list":["post-16019","post","type-post","status-publish","format-standard","has-post-thumbnail","hentry","category-diplomatie","tag-faure-gnassingbe","tag-kirghizistan"],"yoast_head":"<!-- This site is optimized with the Yoast SEO plugin v26.4 - https:\/\/yoast.com\/wordpress\/plugins\/seo\/ -->\n<title>A Bichkek, Faure Gnassingb\u00e9 honore la m\u00e9moire nationale du Kirghizistan - La Voix de la Nation<\/title>\n<meta name=\"robots\" content=\"index, follow, max-snippet:-1, max-image-preview:large, max-video-preview:-1\" \/>\n<link rel=\"canonical\" href=\"https:\/\/lavoixdelanation.tg\/index.php\/2026\/05\/01\/a-bichkek-faure-gnassingbe-honore-la-memoire-nationale-du-kirghizistan\/\" \/>\n<meta property=\"og:locale\" content=\"fr_FR\" \/>\n<meta property=\"og:type\" content=\"article\" \/>\n<meta property=\"og:title\" content=\"A Bichkek, Faure Gnassingb\u00e9 honore la m\u00e9moire nationale du Kirghizistan - La Voix de la Nation\" \/>\n<meta property=\"og:description\" content=\"En visite officielle au Kirghizistan, le Pr\u00e9sident du Conseil Faure Essozimna Gnassingb\u00e9 s\u2019est rendu au complexe historique national Ata-Beyit, o\u00f9 il a proc\u00e9d\u00e9 au d\u00e9p\u00f4t de gerbes au m\u00e9morial Urkun.&hellip;\" \/>\n<meta property=\"og:url\" content=\"https:\/\/lavoixdelanation.tg\/index.php\/2026\/05\/01\/a-bichkek-faure-gnassingbe-honore-la-memoire-nationale-du-kirghizistan\/\" \/>\n<meta property=\"og:site_name\" content=\"La Voix de la Nation\" \/>\n<meta property=\"article:publisher\" content=\"https:\/\/www.facebook.com\/lavoixdelanation\" \/>\n<meta property=\"article:published_time\" content=\"2026-05-01T04:12:00+00:00\" \/>\n<meta property=\"article:modified_time\" content=\"2026-05-01T12:15:00+00:00\" \/>\n<meta property=\"og:image\" content=\"https:\/\/lavoixdelanation.tg\/wp-content\/uploads\/2026\/05\/A-Bichkek-Faure-Gnassingbe-honore-la-memoire-nationale-du-Kirghizistan.jpeg\" \/>\n\t<meta property=\"og:image:width\" content=\"800\" \/>\n\t<meta property=\"og:image:height\" content=\"533\" \/>\n\t<meta property=\"og:image:type\" content=\"image\/jpeg\" \/>\n<meta name=\"author\" content=\"La voix de la nation\" \/>\n<meta name=\"twitter:card\" content=\"summary_large_image\" \/>\n<meta name=\"twitter:label1\" content=\"\u00c9crit par\" \/>\n\t<meta name=\"twitter:data1\" content=\"La voix de la nation\" \/>\n\t<meta name=\"twitter:label2\" content=\"Dur\u00e9e de lecture estim\u00e9e\" \/>\n\t<meta name=\"twitter:data2\" content=\"2 minutes\" \/>\n<script type=\"application\/ld+json\" class=\"yoast-schema-graph\">{\"@context\":\"https:\/\/schema.org\",\"@graph\":[{\"@type\":\"Article\",\"@id\":\"https:\/\/lavoixdelanation.tg\/index.php\/2026\/05\/01\/a-bichkek-faure-gnassingbe-honore-la-memoire-nationale-du-kirghizistan\/#article\",\"isPartOf\":{\"@id\":\"https:\/\/lavoixdelanation.tg\/index.php\/2026\/05\/01\/a-bichkek-faure-gnassingbe-honore-la-memoire-nationale-du-kirghizistan\/\"},\"author\":{\"name\":\"La voix de la nation\",\"@id\":\"https:\/\/lavoixdelanation.tg\/#\/schema\/person\/6c489293aa38053673a9e554acb6e224\"},\"headline\":\"A Bichkek, Faure Gnassingb\u00e9 honore la m\u00e9moire nationale du Kirghizistan\",\"datePublished\":\"2026-05-01T04:12:00+00:00\",\"dateModified\":\"2026-05-01T12:15:00+00:00\",\"mainEntityOfPage\":{\"@id\":\"https:\/\/lavoixdelanation.tg\/index.php\/2026\/05\/01\/a-bichkek-faure-gnassingbe-honore-la-memoire-nationale-du-kirghizistan\/\"},\"wordCount\":270,\"commentCount\":0,\"publisher\":{\"@id\":\"https:\/\/lavoixdelanation.tg\/#organization\"},\"image\":{\"@id\":\"https:\/\/lavoixdelanation.tg\/index.php\/2026\/05\/01\/a-bichkek-faure-gnassingbe-honore-la-memoire-nationale-du-kirghizistan\/#primaryimage\"},\"thumbnailUrl\":\"https:\/\/lavoixdelanation.tg\/wp-content\/uploads\/2026\/05\/A-Bichkek-Faure-Gnassingbe-honore-la-memoire-nationale-du-Kirghizistan.jpeg\",\"keywords\":[\"Faure Gnassingb\u00e9\",\"Kirghizistan\"],\"articleSection\":[\"Diplomatie\"],\"inLanguage\":\"fr-FR\",\"potentialAction\":[{\"@type\":\"CommentAction\",\"name\":\"Comment\",\"target\":[\"https:\/\/lavoixdelanation.tg\/index.php\/2026\/05\/01\/a-bichkek-faure-gnassingbe-honore-la-memoire-nationale-du-kirghizistan\/#respond\"]}]},{\"@type\":\"WebPage\",\"@id\":\"https:\/\/lavoixdelanation.tg\/index.php\/2026\/05\/01\/a-bichkek-faure-gnassingbe-honore-la-memoire-nationale-du-kirghizistan\/\",\"url\":\"https:\/\/lavoixdelanation.tg\/index.php\/2026\/05\/01\/a-bichkek-faure-gnassingbe-honore-la-memoire-nationale-du-kirghizistan\/\",\"name\":\"A Bichkek, Faure Gnassingb\u00e9 honore la m\u00e9moire nationale du Kirghizistan - La Voix de la Nation\",\"isPartOf\":{\"@id\":\"https:\/\/lavoixdelanation.tg\/#website\"},\"primaryImageOfPage\":{\"@id\":\"https:\/\/lavoixdelanation.tg\/index.php\/2026\/05\/01\/a-bichkek-faure-gnassingbe-honore-la-memoire-nationale-du-kirghizistan\/#primaryimage\"},\"image\":{\"@id\":\"https:\/\/lavoixdelanation.tg\/index.php\/2026\/05\/01\/a-bichkek-faure-gnassingbe-honore-la-memoire-nationale-du-kirghizistan\/#primaryimage\"},\"thumbnailUrl\":\"https:\/\/lavoixdelanation.tg\/wp-content\/uploads\/2026\/05\/A-Bichkek-Faure-Gnassingbe-honore-la-memoire-nationale-du-Kirghizistan.jpeg\",\"datePublished\":\"2026-05-01T04:12:00+00:00\",\"dateModified\":\"2026-05-01T12:15:00+00:00\",\"breadcrumb\":{\"@id\":\"https:\/\/lavoixdelanation.tg\/index.php\/2026\/05\/01\/a-bichkek-faure-gnassingbe-honore-la-memoire-nationale-du-kirghizistan\/#breadcrumb\"},\"inLanguage\":\"fr-FR\",\"potentialAction\":[{\"@type\":\"ReadAction\",\"target\":[\"https:\/\/lavoixdelanation.tg\/index.php\/2026\/05\/01\/a-bichkek-faure-gnassingbe-honore-la-memoire-nationale-du-kirghizistan\/\"]}]},{\"@type\":\"ImageObject\",\"inLanguage\":\"fr-FR\",\"@id\":\"https:\/\/lavoixdelanation.tg\/index.php\/2026\/05\/01\/a-bichkek-faure-gnassingbe-honore-la-memoire-nationale-du-kirghizistan\/#primaryimage\",\"url\":\"https:\/\/lavoixdelanation.tg\/wp-content\/uploads\/2026\/05\/A-Bichkek-Faure-Gnassingbe-honore-la-memoire-nationale-du-Kirghizistan.jpeg\",\"contentUrl\":\"https:\/\/lavoixdelanation.tg\/wp-content\/uploads\/2026\/05\/A-Bichkek-Faure-Gnassingbe-honore-la-memoire-nationale-du-Kirghizistan.jpeg\",\"width\":800,\"height\":533,\"caption\":\"A Bichkek, Faure Gnassingb\u00e9 honore la m\u00e9moire nationale du Kirghizistan\"},{\"@type\":\"BreadcrumbList\",\"@id\":\"https:\/\/lavoixdelanation.tg\/index.php\/2026\/05\/01\/a-bichkek-faure-gnassingbe-honore-la-memoire-nationale-du-kirghizistan\/#breadcrumb\",\"itemListElement\":[{\"@type\":\"ListItem\",\"position\":1,\"name\":\"Accueil\",\"item\":\"https:\/\/lavoixdelanation.tg\/\"},{\"@type\":\"ListItem\",\"position\":2,\"name\":\"A Bichkek, Faure Gnassingb\u00e9 honore la m\u00e9moire nationale du Kirghizistan\"}]},{\"@type\":\"WebSite\",\"@id\":\"https:\/\/lavoixdelanation.tg\/#website\",\"url\":\"https:\/\/lavoixdelanation.tg\/\",\"name\":\"La Voix de la Nation\",\"description\":\"R\u00e9c\u00e9piss\u00e9 n\u00b00108\/HAAC\/01-2024\/pl\/P\",\"publisher\":{\"@id\":\"https:\/\/lavoixdelanation.tg\/#organization\"},\"alternateName\":\"VON\",\"potentialAction\":[{\"@type\":\"SearchAction\",\"target\":{\"@type\":\"EntryPoint\",\"urlTemplate\":\"https:\/\/lavoixdelanation.tg\/?s={search_term_string}\"},\"query-input\":{\"@type\":\"PropertyValueSpecification\",\"valueRequired\":true,\"valueName\":\"search_term_string\"}}],\"inLanguage\":\"fr-FR\"},{\"@type\":\"Organization\",\"@id\":\"https:\/\/lavoixdelanation.tg\/#organization\",\"name\":\"La Voix de la Nation\",\"url\":\"https:\/\/lavoixdelanation.tg\/\",\"logo\":{\"@type\":\"ImageObject\",\"inLanguage\":\"fr-FR\",\"@id\":\"https:\/\/lavoixdelanation.tg\/#\/schema\/logo\/image\/\",\"url\":\"https:\/\/lavoixdelanation.tg\/wp-content\/uploads\/2024\/12\/lavn-1.png\",\"contentUrl\":\"https:\/\/lavoixdelanation.tg\/wp-content\/uploads\/2024\/12\/lavn-1.png\",\"width\":1024,\"height\":464,\"caption\":\"La Voix de la Nation\"},\"image\":{\"@id\":\"https:\/\/lavoixdelanation.tg\/#\/schema\/logo\/image\/\"},\"sameAs\":[\"https:\/\/www.facebook.com\/lavoixdelanation\"]},{\"@type\":\"Person\",\"@id\":\"https:\/\/lavoixdelanation.tg\/#\/schema\/person\/6c489293aa38053673a9e554acb6e224\",\"name\":\"La voix de la nation\",\"image\":{\"@type\":\"ImageObject\",\"inLanguage\":\"fr-FR\",\"@id\":\"https:\/\/lavoixdelanation.tg\/#\/schema\/person\/image\/\",\"url\":\"https:\/\/secure.gravatar.com\/avatar\/8aa135d4bbc794494cecaa8d483f6d6cc1023624868deaff686baed5e727a5a1?s=96&d=mm&r=g\",\"contentUrl\":\"https:\/\/secure.gravatar.com\/avatar\/8aa135d4bbc794494cecaa8d483f6d6cc1023624868deaff686baed5e727a5a1?s=96&d=mm&r=g\",\"caption\":\"La voix de la nation\"},\"sameAs\":[\"https:\/\/lavoixdelanation.tg\"],\"url\":\"https:\/\/lavoixdelanation.tg\/index.php\/author\/lavn\/\"}]}<\/script>\n<!-- \/ Yoast SEO plugin. -->","yoast_head_json":{"title":"A Bichkek, Faure Gnassingb\u00e9 honore la m\u00e9moire nationale du Kirghizistan - La Voix de la Nation","robots":{"index":"index","follow":"follow","max-snippet":"max-snippet:-1","max-image-preview":"max-image-preview:large","max-video-preview":"max-video-preview:-1"},"canonical":"https:\/\/lavoixdelanation.tg\/index.php\/2026\/05\/01\/a-bichkek-faure-gnassingbe-honore-la-memoire-nationale-du-kirghizistan\/","og_locale":"fr_FR","og_type":"article","og_title":"A Bichkek, Faure Gnassingb\u00e9 honore la m\u00e9moire nationale du Kirghizistan - La Voix de la Nation","og_description":"En visite officielle au Kirghizistan, le Pr\u00e9sident du Conseil Faure Essozimna Gnassingb\u00e9 s\u2019est rendu au complexe historique national Ata-Beyit, o\u00f9 il a proc\u00e9d\u00e9 au d\u00e9p\u00f4t de gerbes au m\u00e9morial Urkun.&hellip;","og_url":"https:\/\/lavoixdelanation.tg\/index.php\/2026\/05\/01\/a-bichkek-faure-gnassingbe-honore-la-memoire-nationale-du-kirghizistan\/","og_site_name":"La Voix de la Nation","article_publisher":"https:\/\/www.facebook.com\/lavoixdelanation","article_published_time":"2026-05-01T04:12:00+00:00","article_modified_time":"2026-05-01T12:15:00+00:00","og_image":[{"width":800,"height":533,"url":"https:\/\/lavoixdelanation.tg\/wp-content\/uploads\/2026\/05\/A-Bichkek-Faure-Gnassingbe-honore-la-memoire-nationale-du-Kirghizistan.jpeg","type":"image\/jpeg"}],"author":"La voix de la nation","twitter_card":"summary_large_image","twitter_misc":{"\u00c9crit par":"La voix de la nation","Dur\u00e9e de lecture estim\u00e9e":"2 minutes"},"schema":{"@context":"https:\/\/schema.org","@graph":[{"@type":"Article","@id":"https:\/\/lavoixdelanation.tg\/index.php\/2026\/05\/01\/a-bichkek-faure-gnassingbe-honore-la-memoire-nationale-du-kirghizistan\/#article","isPartOf":{"@id":"https:\/\/lavoixdelanation.tg\/index.php\/2026\/05\/01\/a-bichkek-faure-gnassingbe-honore-la-memoire-nationale-du-kirghizistan\/"},"author":{"name":"La voix de la nation","@id":"https:\/\/lavoixdelanation.tg\/#\/schema\/person\/6c489293aa38053673a9e554acb6e224"},"headline":"A Bichkek, Faure Gnassingb\u00e9 honore la m\u00e9moire nationale du Kirghizistan","datePublished":"2026-05-01T04:12:00+00:00","dateModified":"2026-05-01T12:15:00+00:00","mainEntityOfPage":{"@id":"https:\/\/lavoixdelanation.tg\/index.php\/2026\/05\/01\/a-bichkek-faure-gnassingbe-honore-la-memoire-nationale-du-kirghizistan\/"},"wordCount":270,"commentCount":0,"publisher":{"@id":"https:\/\/lavoixdelanation.tg\/#organization"},"image":{"@id":"https:\/\/lavoixdelanation.tg\/index.php\/2026\/05\/01\/a-bichkek-faure-gnassingbe-honore-la-memoire-nationale-du-kirghizistan\/#primaryimage"},"thumbnailUrl":"https:\/\/lavoixdelanation.tg\/wp-content\/uploads\/2026\/05\/A-Bichkek-Faure-Gnassingbe-honore-la-memoire-nationale-du-Kirghizistan.jpeg","keywords":["Faure Gnassingb\u00e9","Kirghizistan"],"articleSection":["Diplomatie"],"inLanguage":"fr-FR","potentialAction":[{"@type":"CommentAction","name":"Comment","target":["https:\/\/lavoixdelanation.tg\/index.php\/2026\/05\/01\/a-bichkek-faure-gnassingbe-honore-la-memoire-nationale-du-kirghizistan\/#respond"]}]},{"@type":"WebPage","@id":"https:\/\/lavoixdelanation.tg\/index.php\/2026\/05\/01\/a-bichkek-faure-gnassingbe-honore-la-memoire-nationale-du-kirghizistan\/","url":"https:\/\/lavoixdelanation.tg\/index.php\/2026\/05\/01\/a-bichkek-faure-gnassingbe-honore-la-memoire-nationale-du-kirghizistan\/","name":"A Bichkek, Faure Gnassingb\u00e9 honore la m\u00e9moire nationale du Kirghizistan - La Voix de la Nation","isPartOf":{"@id":"https:\/\/lavoixdelanation.tg\/#website"},"primaryImageOfPage":{"@id":"https:\/\/lavoixdelanation.tg\/index.php\/2026\/05\/01\/a-bichkek-faure-gnassingbe-honore-la-memoire-nationale-du-kirghizistan\/#primaryimage"},"image":{"@id":"https:\/\/lavoixdelanation.tg\/index.php\/2026\/05\/01\/a-bichkek-faure-gnassingbe-honore-la-memoire-nationale-du-kirghizistan\/#primaryimage"},"thumbnailUrl":"https:\/\/lavoixdelanation.tg\/wp-content\/uploads\/2026\/05\/A-Bichkek-Faure-Gnassingbe-honore-la-memoire-nationale-du-Kirghizistan.jpeg","datePublished":"2026-05-01T04:12:00+00:00","dateModified":"2026-05-01T12:15:00+00:00","breadcrumb":{"@id":"https:\/\/lavoixdelanation.tg\/index.php\/2026\/05\/01\/a-bichkek-faure-gnassingbe-honore-la-memoire-nationale-du-kirghizistan\/#breadcrumb"},"inLanguage":"fr-FR","potentialAction":[{"@type":"ReadAction","target":["https:\/\/lavoixdelanation.tg\/index.php\/2026\/05\/01\/a-bichkek-faure-gnassingbe-honore-la-memoire-nationale-du-kirghizistan\/"]}]},{"@type":"ImageObject","inLanguage":"fr-FR","@id":"https:\/\/lavoixdelanation.tg\/index.php\/2026\/05\/01\/a-bichkek-faure-gnassingbe-honore-la-memoire-nationale-du-kirghizistan\/#primaryimage","url":"https:\/\/lavoixdelanation.tg\/wp-content\/uploads\/2026\/05\/A-Bichkek-Faure-Gnassingbe-honore-la-memoire-nationale-du-Kirghizistan.jpeg","contentUrl":"https:\/\/lavoixdelanation.tg\/wp-content\/uploads\/2026\/05\/A-Bichkek-Faure-Gnassingbe-honore-la-memoire-nationale-du-Kirghizistan.jpeg","width":800,"height":533,"caption":"A Bichkek, Faure Gnassingb\u00e9 honore la m\u00e9moire nationale du Kirghizistan"},{"@type":"BreadcrumbList","@id":"https:\/\/lavoixdelanation.tg\/index.php\/2026\/05\/01\/a-bichkek-faure-gnassingbe-honore-la-memoire-nationale-du-kirghizistan\/#breadcrumb","itemListElement":[{"@type":"ListItem","position":1,"name":"Accueil","item":"https:\/\/lavoixdelanation.tg\/"},{"@type":"ListItem","position":2,"name":"A Bichkek, Faure Gnassingb\u00e9 honore la m\u00e9moire nationale du Kirghizistan"}]},{"@type":"WebSite","@id":"https:\/\/lavoixdelanation.tg\/#website","url":"https:\/\/lavoixdelanation.tg\/","name":"La Voix de la Nation","description":"R\u00e9c\u00e9piss\u00e9 n\u00b00108\/HAAC\/01-2024\/pl\/P","publisher":{"@id":"https:\/\/lavoixdelanation.tg\/#organization"},"alternateName":"VON","potentialAction":[{"@type":"SearchAction","target":{"@type":"EntryPoint","urlTemplate":"https:\/\/lavoixdelanation.tg\/?s={search_term_string}"},"query-input":{"@type":"PropertyValueSpecification","valueRequired":true,"valueName":"search_term_string"}}],"inLanguage":"fr-FR"},{"@type":"Organization","@id":"https:\/\/lavoixdelanation.tg\/#organization","name":"La Voix de la Nation","url":"https:\/\/lavoixdelanation.tg\/","logo":{"@type":"ImageObject","inLanguage":"fr-FR","@id":"https:\/\/lavoixdelanation.tg\/#\/schema\/logo\/image\/","url":"https:\/\/lavoixdelanation.tg\/wp-content\/uploads\/2024\/12\/lavn-1.png","contentUrl":"https:\/\/lavoixdelanation.tg\/wp-content\/uploads\/2024\/12\/lavn-1.png","width":1024,"height":464,"caption":"La Voix de la Nation"},"image":{"@id":"https:\/\/lavoixdelanation.tg\/#\/schema\/logo\/image\/"},"sameAs":["https:\/\/www.facebook.com\/lavoixdelanation"]},{"@type":"Person","@id":"https:\/\/lavoixdelanation.tg\/#\/schema\/person\/6c489293aa38053673a9e554acb6e224","name":"La voix de la nation","image":{"@type":"ImageObject","inLanguage":"fr-FR","@id":"https:\/\/lavoixdelanation.tg\/#\/schema\/person\/image\/","url":"https:\/\/secure.gravatar.com\/avatar\/8aa135d4bbc794494cecaa8d483f6d6cc1023624868deaff686baed5e727a5a1?s=96&d=mm&r=g","contentUrl":"https:\/\/secure.gravatar.com\/avatar\/8aa135d4bbc794494cecaa8d483f6d6cc1023624868deaff686baed5e727a5a1?s=96&d=mm&r=g","caption":"La voix de la nation"},"sameAs":["https:\/\/lavoixdelanation.tg"],"url":"https:\/\/lavoixdelanation.tg\/index.php\/author\/lavn\/"}]}},"_links":{"self":[{"href":"https:\/\/lavoixdelanation.tg\/index.php\/wp-json\/wp\/v2\/posts\/16019","targetHints":{"allow":["GET"]}}],"collection":[{"href":"https:\/\/lavoixdelanation.tg\/index.php\/wp-json\/wp\/v2\/posts"}],"about":[{"href":"https:\/\/lavoixdelanation.tg\/index.php\/wp-json\/wp\/v2\/types\/post"}],"author":[{"embeddable":true,"href":"https:\/\/lavoixdelanation.tg\/index.php\/wp-json\/wp\/v2\/users\/1"}],"replies":[{"embeddable":true,"href":"https:\/\/lavoixdelanation.tg\/index.php\/wp-json\/wp\/v2\/comments?post=16019"}],"version-history":[{"count":1,"href":"https:\/\/lavoixdelanation.tg\/index.php\/wp-json\/wp\/v2\/posts\/16019\/revisions"}],"predecessor-version":[{"id":16021,"href":"https:\/\/lavoixdelanation.tg\/index.php\/wp-json\/wp\/v2\/posts\/16019\/revisions\/16021"}],"wp:featuredmedia":[{"embeddable":true,"href":"https:\/\/lavoixdelanation.tg\/index.php\/wp-json\/wp\/v2\/media\/16020"}],"wp:attachment":[{"href":"https:\/\/lavoixdelanation.tg\/index.php\/wp-json\/wp\/v2\/media?parent=16019"}],"wp:term":[{"taxonomy":"category","embeddable":true,"href":"https:\/\/lavoixdelanation.tg\/index.php\/wp-json\/wp\/v2\/categories?post=16019"},{"taxonomy":"post_tag","embeddable":true,"href":"https:\/\/lavoixdelanation.tg\/index.php\/wp-json\/wp\/v2\/tags?post=16019"}],"curies":[{"name":"wp","href":"https:\/\/api.w.org\/{rel}","templated":true}]}}