{"id":16013,"date":"2026-04-30T14:07:43","date_gmt":"2026-04-30T12:07:43","guid":{"rendered":"https:\/\/lavoixdelanation.tg\/?p=16013"},"modified":"2026-05-01T14:09:44","modified_gmt":"2026-05-01T12:09:44","slug":"sadyr-japarov-nous-sommes-interesses-par-le-developpement-de-la-cooperation-avec-le-togo-dans-tous-les-domaines","status":"publish","type":"post","link":"https:\/\/lavoixdelanation.tg\/index.php\/2026\/04\/30\/sadyr-japarov-nous-sommes-interesses-par-le-developpement-de-la-cooperation-avec-le-togo-dans-tous-les-domaines\/","title":{"rendered":"Sadyr Japarov\u00a0: \u00ab\u00a0Nous sommes int\u00e9ress\u00e9s par le d\u00e9veloppement de la coop\u00e9ration avec le Togo dans tous les domaines\u00a0\u00bb"},"content":{"rendered":"\n<p>Le Pr\u00e9sident du Kirghizistan Sadyr Japarov exprime sa volont\u00e9 de nouer de solides liens de partenariat entre son pays et le Togo.<\/p>\n\n\n\n<p>Une ambition r\u00e9affirm\u00e9e ce mercredi 29 avril 2026 au cours d\u2019une rencontre en t\u00eate-\u00e0-t\u00eate avec le Pr\u00e9sident du Conseil Essozimna Gnassingb\u00e9 en visite officielle dans ce pays d\u2019Asie centrale.<\/p>\n\n\n\n<p>\u00ab&nbsp;Nous sommes int\u00e9ress\u00e9s par le d\u00e9veloppement de la coop\u00e9ration avec le Togo dans tous les domaines et le consid\u00e9rons comme un partenaire prometteur en Afrique&nbsp;\u00bb, a en effet indiqu\u00e9 le Pr\u00e9sident kirghize, Sadyr Japarov.<\/p>\n\n\n\n<p>\u00ab&nbsp;Le Togo occupe une position importante en Afrique de l\u2019ouest et est un membre actif des organisations r\u00e9gionales. Nous appr\u00e9cions hautement votre contribution personnelle au d\u00e9veloppement de votre pays ainsi qu\u2019au renforcement de sa coop\u00e9ration politique et \u00e9conomique avec les grandes nations du monde&nbsp;\u00bb, a-t-il ajout\u00e9.<\/p>\n\n\n\n<p>Sadyr Japarov a \u00e9galement soulign\u00e9 l\u2019importance que son pays accorde \u00e0 ses relations avec le continent africain, tout en mettant en avant le r\u00f4le actif du Togo au sein des organisations r\u00e9gionales et internationales.<\/p>\n\n\n\n<p>Il a exprim\u00e9 sa conviction que cette rencontre de haut niveau contribuera \u00e0 renforcer le dialogue politique et \u00e0 \u00e9tablir une base solide pour le d\u00e9veloppement de la coop\u00e9ration bilat\u00e9rale.<\/p>\n\n\n\n<p>En r\u00e9ponse, le Pr\u00e9sident du Conseil a r\u00e9affirm\u00e9 l\u2019engagement du Togo \u00e0 construire un partenariat durable avec le Kirghizistan.<\/p>\n\n\n\n<p>&nbsp;\u00ab Cette visite marque une \u00e9tape nouvelle dans la relation entre le Togo et le Kirghizistan. Nous faisons aujourd\u2019hui un choix clair, celui de construire ensemble un partenariat structurel, utile, produisant des r\u00e9sultats et inscrit dans la dur\u00e9e \u00bb, a fait savoir Faure Essozimna Gnassingb\u00e9.<\/p>\n\n\n\n<p>Dans un contexte international marqu\u00e9 par des incertitudes croissantes, le Pr\u00e9sident Faure Essozimna Gnassingb\u00e9 a partag\u00e9 la vision du Togo, bas\u00e9e sur la politique de diversification des partenariats.<\/p>\n\n\n\n<p>\u00ab Dans un monde plus incertain, il est bien entendu essentiel de diversifier nos partenariats. Mais il est encore plus important de les construire s\u00e9rieusement. C\u2019est l\u2019esprit dans lequel nous avan\u00e7ons \u00bb, a-t-il soulign\u00e9.<\/p>\n\n\n\n<p>Les \u00e9changes entre les deux personnalit\u00e9s ont \u00e9t\u00e9 essentiellement consacr\u00e9s \u00e0 la coop\u00e9ration politique, et aux enjeux \u00e9conomiques notamment les atouts et les opportunit\u00e9s d\u2019investissement<\/p>\n\n\n\n<p>Enfin, les deux parties ont r\u00e9affirm\u00e9 leur adh\u00e9sion commune au dialogue international et au multilat\u00e9ralisme dans un contexte mondial complexe.<\/p>\n\n\n\n<p>Au demeurant, cette visite marque une \u00e9tape importante dans la nouvelle dynamique de la diplomatie togolaise et dans la diversification des relations d\u2019amiti\u00e9 et de coop\u00e9ration. Les \u00e9changes entre les deux dirigeants ouvrent la voie \u00e0 une relation bilat\u00e9rale plus structur\u00e9e, tourn\u00e9e vers des r\u00e9sultats concrets.<\/p>\n\n\n\n<p><strong>David S.<\/strong><\/p>\n","protected":false},"excerpt":{"rendered":"<p>Le Pr\u00e9sident du Kirghizistan Sadyr Japarov exprime sa volont\u00e9 de nouer de solides liens de partenariat entre son pays et le Togo. Une ambition r\u00e9affirm\u00e9e ce mercredi 29 avril 2026&hellip; <\/p>\n","protected":false},"author":1,"featured_media":16014,"comment_status":"open","ping_status":"closed","sticky":false,"template":"","format":"standard","meta":{"footnotes":""},"categories":[12],"tags":[92,1226,1429,1430,39],"class_list":["post-16013","post","type-post","status-publish","format-standard","has-post-thumbnail","hentry","category-diplomatie","tag-cooperation","tag-faure-essozimna-gnassingbe-2","tag-kirghizistan","tag-sadyr-japarov","tag-togo"],"yoast_head":"<!-- This site is optimized with the Yoast SEO plugin v26.4 - https:\/\/yoast.com\/wordpress\/plugins\/seo\/ -->\n<title>Sadyr Japarov\u00a0: \u00ab\u00a0Nous sommes int\u00e9ress\u00e9s par le d\u00e9veloppement de la coop\u00e9ration avec le Togo dans tous les domaines\u00a0\u00bb - La Voix de la Nation<\/title>\n<meta name=\"robots\" content=\"index, follow, max-snippet:-1, max-image-preview:large, max-video-preview:-1\" \/>\n<link rel=\"canonical\" href=\"https:\/\/lavoixdelanation.tg\/index.php\/2026\/04\/30\/sadyr-japarov-nous-sommes-interesses-par-le-developpement-de-la-cooperation-avec-le-togo-dans-tous-les-domaines\/\" \/>\n<meta property=\"og:locale\" content=\"fr_FR\" \/>\n<meta property=\"og:type\" content=\"article\" \/>\n<meta property=\"og:title\" content=\"Sadyr Japarov\u00a0: \u00ab\u00a0Nous sommes int\u00e9ress\u00e9s par le d\u00e9veloppement de la coop\u00e9ration avec le Togo dans tous les domaines\u00a0\u00bb - La Voix de la Nation\" \/>\n<meta property=\"og:description\" content=\"Le Pr\u00e9sident du Kirghizistan Sadyr Japarov exprime sa volont\u00e9 de nouer de solides liens de partenariat entre son pays et le Togo. Une ambition r\u00e9affirm\u00e9e ce mercredi 29 avril 2026&hellip;\" \/>\n<meta property=\"og:url\" content=\"https:\/\/lavoixdelanation.tg\/index.php\/2026\/04\/30\/sadyr-japarov-nous-sommes-interesses-par-le-developpement-de-la-cooperation-avec-le-togo-dans-tous-les-domaines\/\" \/>\n<meta property=\"og:site_name\" content=\"La Voix de la Nation\" \/>\n<meta property=\"article:publisher\" content=\"https:\/\/www.facebook.com\/lavoixdelanation\" \/>\n<meta property=\"article:published_time\" content=\"2026-04-30T12:07:43+00:00\" \/>\n<meta property=\"article:modified_time\" content=\"2026-05-01T12:09:44+00:00\" \/>\n<meta property=\"og:image\" content=\"https:\/\/lavoixdelanation.tg\/wp-content\/uploads\/2026\/05\/Sadyr-Japarov-President-du-Kirghizistan.jpg\" \/>\n\t<meta property=\"og:image:width\" content=\"793\" \/>\n\t<meta property=\"og:image:height\" content=\"550\" \/>\n\t<meta property=\"og:image:type\" content=\"image\/jpeg\" \/>\n<meta name=\"author\" content=\"La voix de la nation\" \/>\n<meta name=\"twitter:card\" content=\"summary_large_image\" \/>\n<meta name=\"twitter:label1\" content=\"\u00c9crit par\" \/>\n\t<meta name=\"twitter:data1\" content=\"La voix de la nation\" \/>\n\t<meta name=\"twitter:label2\" content=\"Dur\u00e9e de lecture estim\u00e9e\" \/>\n\t<meta name=\"twitter:data2\" content=\"3 minutes\" \/>\n<script type=\"application\/ld+json\" class=\"yoast-schema-graph\">{\"@context\":\"https:\/\/schema.org\",\"@graph\":[{\"@type\":\"Article\",\"@id\":\"https:\/\/lavoixdelanation.tg\/index.php\/2026\/04\/30\/sadyr-japarov-nous-sommes-interesses-par-le-developpement-de-la-cooperation-avec-le-togo-dans-tous-les-domaines\/#article\",\"isPartOf\":{\"@id\":\"https:\/\/lavoixdelanation.tg\/index.php\/2026\/04\/30\/sadyr-japarov-nous-sommes-interesses-par-le-developpement-de-la-cooperation-avec-le-togo-dans-tous-les-domaines\/\"},\"author\":{\"name\":\"La voix de la nation\",\"@id\":\"https:\/\/lavoixdelanation.tg\/#\/schema\/person\/6c489293aa38053673a9e554acb6e224\"},\"headline\":\"Sadyr Japarov\u00a0: \u00ab\u00a0Nous sommes int\u00e9ress\u00e9s par le d\u00e9veloppement de la coop\u00e9ration avec le Togo dans tous les domaines\u00a0\u00bb\",\"datePublished\":\"2026-04-30T12:07:43+00:00\",\"dateModified\":\"2026-05-01T12:09:44+00:00\",\"mainEntityOfPage\":{\"@id\":\"https:\/\/lavoixdelanation.tg\/index.php\/2026\/04\/30\/sadyr-japarov-nous-sommes-interesses-par-le-developpement-de-la-cooperation-avec-le-togo-dans-tous-les-domaines\/\"},\"wordCount\":483,\"commentCount\":0,\"publisher\":{\"@id\":\"https:\/\/lavoixdelanation.tg\/#organization\"},\"image\":{\"@id\":\"https:\/\/lavoixdelanation.tg\/index.php\/2026\/04\/30\/sadyr-japarov-nous-sommes-interesses-par-le-developpement-de-la-cooperation-avec-le-togo-dans-tous-les-domaines\/#primaryimage\"},\"thumbnailUrl\":\"https:\/\/lavoixdelanation.tg\/wp-content\/uploads\/2026\/05\/Sadyr-Japarov-President-du-Kirghizistan.jpg\",\"keywords\":[\"Coop\u00e9ration\",\"Faure Essozimna Gnassingb\u00e9\",\"Kirghizistan\",\"Sadyr Japarov\",\"Togo\"],\"articleSection\":[\"Diplomatie\"],\"inLanguage\":\"fr-FR\",\"potentialAction\":[{\"@type\":\"CommentAction\",\"name\":\"Comment\",\"target\":[\"https:\/\/lavoixdelanation.tg\/index.php\/2026\/04\/30\/sadyr-japarov-nous-sommes-interesses-par-le-developpement-de-la-cooperation-avec-le-togo-dans-tous-les-domaines\/#respond\"]}]},{\"@type\":\"WebPage\",\"@id\":\"https:\/\/lavoixdelanation.tg\/index.php\/2026\/04\/30\/sadyr-japarov-nous-sommes-interesses-par-le-developpement-de-la-cooperation-avec-le-togo-dans-tous-les-domaines\/\",\"url\":\"https:\/\/lavoixdelanation.tg\/index.php\/2026\/04\/30\/sadyr-japarov-nous-sommes-interesses-par-le-developpement-de-la-cooperation-avec-le-togo-dans-tous-les-domaines\/\",\"name\":\"Sadyr Japarov\u00a0: \u00ab\u00a0Nous sommes int\u00e9ress\u00e9s par le d\u00e9veloppement de la coop\u00e9ration avec le Togo dans tous les domaines\u00a0\u00bb - La Voix de la Nation\",\"isPartOf\":{\"@id\":\"https:\/\/lavoixdelanation.tg\/#website\"},\"primaryImageOfPage\":{\"@id\":\"https:\/\/lavoixdelanation.tg\/index.php\/2026\/04\/30\/sadyr-japarov-nous-sommes-interesses-par-le-developpement-de-la-cooperation-avec-le-togo-dans-tous-les-domaines\/#primaryimage\"},\"image\":{\"@id\":\"https:\/\/lavoixdelanation.tg\/index.php\/2026\/04\/30\/sadyr-japarov-nous-sommes-interesses-par-le-developpement-de-la-cooperation-avec-le-togo-dans-tous-les-domaines\/#primaryimage\"},\"thumbnailUrl\":\"https:\/\/lavoixdelanation.tg\/wp-content\/uploads\/2026\/05\/Sadyr-Japarov-President-du-Kirghizistan.jpg\",\"datePublished\":\"2026-04-30T12:07:43+00:00\",\"dateModified\":\"2026-05-01T12:09:44+00:00\",\"breadcrumb\":{\"@id\":\"https:\/\/lavoixdelanation.tg\/index.php\/2026\/04\/30\/sadyr-japarov-nous-sommes-interesses-par-le-developpement-de-la-cooperation-avec-le-togo-dans-tous-les-domaines\/#breadcrumb\"},\"inLanguage\":\"fr-FR\",\"potentialAction\":[{\"@type\":\"ReadAction\",\"target\":[\"https:\/\/lavoixdelanation.tg\/index.php\/2026\/04\/30\/sadyr-japarov-nous-sommes-interesses-par-le-developpement-de-la-cooperation-avec-le-togo-dans-tous-les-domaines\/\"]}]},{\"@type\":\"ImageObject\",\"inLanguage\":\"fr-FR\",\"@id\":\"https:\/\/lavoixdelanation.tg\/index.php\/2026\/04\/30\/sadyr-japarov-nous-sommes-interesses-par-le-developpement-de-la-cooperation-avec-le-togo-dans-tous-les-domaines\/#primaryimage\",\"url\":\"https:\/\/lavoixdelanation.tg\/wp-content\/uploads\/2026\/05\/Sadyr-Japarov-President-du-Kirghizistan.jpg\",\"contentUrl\":\"https:\/\/lavoixdelanation.tg\/wp-content\/uploads\/2026\/05\/Sadyr-Japarov-President-du-Kirghizistan.jpg\",\"width\":793,\"height\":550,\"caption\":\"Sadyr Japarov, Pr\u00e9sident du Kirghizistan\"},{\"@type\":\"BreadcrumbList\",\"@id\":\"https:\/\/lavoixdelanation.tg\/index.php\/2026\/04\/30\/sadyr-japarov-nous-sommes-interesses-par-le-developpement-de-la-cooperation-avec-le-togo-dans-tous-les-domaines\/#breadcrumb\",\"itemListElement\":[{\"@type\":\"ListItem\",\"position\":1,\"name\":\"Accueil\",\"item\":\"https:\/\/lavoixdelanation.tg\/\"},{\"@type\":\"ListItem\",\"position\":2,\"name\":\"Sadyr Japarov\u00a0: \u00ab\u00a0Nous sommes int\u00e9ress\u00e9s par le d\u00e9veloppement de la coop\u00e9ration avec le Togo dans tous les domaines\u00a0\u00bb\"}]},{\"@type\":\"WebSite\",\"@id\":\"https:\/\/lavoixdelanation.tg\/#website\",\"url\":\"https:\/\/lavoixdelanation.tg\/\",\"name\":\"La Voix de la Nation\",\"description\":\"R\u00e9c\u00e9piss\u00e9 n\u00b00108\/HAAC\/01-2024\/pl\/P\",\"publisher\":{\"@id\":\"https:\/\/lavoixdelanation.tg\/#organization\"},\"alternateName\":\"VON\",\"potentialAction\":[{\"@type\":\"SearchAction\",\"target\":{\"@type\":\"EntryPoint\",\"urlTemplate\":\"https:\/\/lavoixdelanation.tg\/?s={search_term_string}\"},\"query-input\":{\"@type\":\"PropertyValueSpecification\",\"valueRequired\":true,\"valueName\":\"search_term_string\"}}],\"inLanguage\":\"fr-FR\"},{\"@type\":\"Organization\",\"@id\":\"https:\/\/lavoixdelanation.tg\/#organization\",\"name\":\"La Voix de la Nation\",\"url\":\"https:\/\/lavoixdelanation.tg\/\",\"logo\":{\"@type\":\"ImageObject\",\"inLanguage\":\"fr-FR\",\"@id\":\"https:\/\/lavoixdelanation.tg\/#\/schema\/logo\/image\/\",\"url\":\"https:\/\/lavoixdelanation.tg\/wp-content\/uploads\/2024\/12\/lavn-1.png\",\"contentUrl\":\"https:\/\/lavoixdelanation.tg\/wp-content\/uploads\/2024\/12\/lavn-1.png\",\"width\":1024,\"height\":464,\"caption\":\"La Voix de la Nation\"},\"image\":{\"@id\":\"https:\/\/lavoixdelanation.tg\/#\/schema\/logo\/image\/\"},\"sameAs\":[\"https:\/\/www.facebook.com\/lavoixdelanation\"]},{\"@type\":\"Person\",\"@id\":\"https:\/\/lavoixdelanation.tg\/#\/schema\/person\/6c489293aa38053673a9e554acb6e224\",\"name\":\"La voix de la nation\",\"image\":{\"@type\":\"ImageObject\",\"inLanguage\":\"fr-FR\",\"@id\":\"https:\/\/lavoixdelanation.tg\/#\/schema\/person\/image\/\",\"url\":\"https:\/\/secure.gravatar.com\/avatar\/8aa135d4bbc794494cecaa8d483f6d6cc1023624868deaff686baed5e727a5a1?s=96&d=mm&r=g\",\"contentUrl\":\"https:\/\/secure.gravatar.com\/avatar\/8aa135d4bbc794494cecaa8d483f6d6cc1023624868deaff686baed5e727a5a1?s=96&d=mm&r=g\",\"caption\":\"La voix de la nation\"},\"sameAs\":[\"https:\/\/lavoixdelanation.tg\"],\"url\":\"https:\/\/lavoixdelanation.tg\/index.php\/author\/lavn\/\"}]}<\/script>\n<!-- \/ Yoast SEO plugin. -->","yoast_head_json":{"title":"Sadyr Japarov\u00a0: \u00ab\u00a0Nous sommes int\u00e9ress\u00e9s par le d\u00e9veloppement de la coop\u00e9ration avec le Togo dans tous les domaines\u00a0\u00bb - La Voix de la Nation","robots":{"index":"index","follow":"follow","max-snippet":"max-snippet:-1","max-image-preview":"max-image-preview:large","max-video-preview":"max-video-preview:-1"},"canonical":"https:\/\/lavoixdelanation.tg\/index.php\/2026\/04\/30\/sadyr-japarov-nous-sommes-interesses-par-le-developpement-de-la-cooperation-avec-le-togo-dans-tous-les-domaines\/","og_locale":"fr_FR","og_type":"article","og_title":"Sadyr Japarov\u00a0: \u00ab\u00a0Nous sommes int\u00e9ress\u00e9s par le d\u00e9veloppement de la coop\u00e9ration avec le Togo dans tous les domaines\u00a0\u00bb - La Voix de la Nation","og_description":"Le Pr\u00e9sident du Kirghizistan Sadyr Japarov exprime sa volont\u00e9 de nouer de solides liens de partenariat entre son pays et le Togo. Une ambition r\u00e9affirm\u00e9e ce mercredi 29 avril 2026&hellip;","og_url":"https:\/\/lavoixdelanation.tg\/index.php\/2026\/04\/30\/sadyr-japarov-nous-sommes-interesses-par-le-developpement-de-la-cooperation-avec-le-togo-dans-tous-les-domaines\/","og_site_name":"La Voix de la Nation","article_publisher":"https:\/\/www.facebook.com\/lavoixdelanation","article_published_time":"2026-04-30T12:07:43+00:00","article_modified_time":"2026-05-01T12:09:44+00:00","og_image":[{"width":793,"height":550,"url":"https:\/\/lavoixdelanation.tg\/wp-content\/uploads\/2026\/05\/Sadyr-Japarov-President-du-Kirghizistan.jpg","type":"image\/jpeg"}],"author":"La voix de la nation","twitter_card":"summary_large_image","twitter_misc":{"\u00c9crit par":"La voix de la nation","Dur\u00e9e de lecture estim\u00e9e":"3 minutes"},"schema":{"@context":"https:\/\/schema.org","@graph":[{"@type":"Article","@id":"https:\/\/lavoixdelanation.tg\/index.php\/2026\/04\/30\/sadyr-japarov-nous-sommes-interesses-par-le-developpement-de-la-cooperation-avec-le-togo-dans-tous-les-domaines\/#article","isPartOf":{"@id":"https:\/\/lavoixdelanation.tg\/index.php\/2026\/04\/30\/sadyr-japarov-nous-sommes-interesses-par-le-developpement-de-la-cooperation-avec-le-togo-dans-tous-les-domaines\/"},"author":{"name":"La voix de la nation","@id":"https:\/\/lavoixdelanation.tg\/#\/schema\/person\/6c489293aa38053673a9e554acb6e224"},"headline":"Sadyr Japarov\u00a0: \u00ab\u00a0Nous sommes int\u00e9ress\u00e9s par le d\u00e9veloppement de la coop\u00e9ration avec le Togo dans tous les domaines\u00a0\u00bb","datePublished":"2026-04-30T12:07:43+00:00","dateModified":"2026-05-01T12:09:44+00:00","mainEntityOfPage":{"@id":"https:\/\/lavoixdelanation.tg\/index.php\/2026\/04\/30\/sadyr-japarov-nous-sommes-interesses-par-le-developpement-de-la-cooperation-avec-le-togo-dans-tous-les-domaines\/"},"wordCount":483,"commentCount":0,"publisher":{"@id":"https:\/\/lavoixdelanation.tg\/#organization"},"image":{"@id":"https:\/\/lavoixdelanation.tg\/index.php\/2026\/04\/30\/sadyr-japarov-nous-sommes-interesses-par-le-developpement-de-la-cooperation-avec-le-togo-dans-tous-les-domaines\/#primaryimage"},"thumbnailUrl":"https:\/\/lavoixdelanation.tg\/wp-content\/uploads\/2026\/05\/Sadyr-Japarov-President-du-Kirghizistan.jpg","keywords":["Coop\u00e9ration","Faure Essozimna Gnassingb\u00e9","Kirghizistan","Sadyr Japarov","Togo"],"articleSection":["Diplomatie"],"inLanguage":"fr-FR","potentialAction":[{"@type":"CommentAction","name":"Comment","target":["https:\/\/lavoixdelanation.tg\/index.php\/2026\/04\/30\/sadyr-japarov-nous-sommes-interesses-par-le-developpement-de-la-cooperation-avec-le-togo-dans-tous-les-domaines\/#respond"]}]},{"@type":"WebPage","@id":"https:\/\/lavoixdelanation.tg\/index.php\/2026\/04\/30\/sadyr-japarov-nous-sommes-interesses-par-le-developpement-de-la-cooperation-avec-le-togo-dans-tous-les-domaines\/","url":"https:\/\/lavoixdelanation.tg\/index.php\/2026\/04\/30\/sadyr-japarov-nous-sommes-interesses-par-le-developpement-de-la-cooperation-avec-le-togo-dans-tous-les-domaines\/","name":"Sadyr Japarov\u00a0: \u00ab\u00a0Nous sommes int\u00e9ress\u00e9s par le d\u00e9veloppement de la coop\u00e9ration avec le Togo dans tous les domaines\u00a0\u00bb - La Voix de la Nation","isPartOf":{"@id":"https:\/\/lavoixdelanation.tg\/#website"},"primaryImageOfPage":{"@id":"https:\/\/lavoixdelanation.tg\/index.php\/2026\/04\/30\/sadyr-japarov-nous-sommes-interesses-par-le-developpement-de-la-cooperation-avec-le-togo-dans-tous-les-domaines\/#primaryimage"},"image":{"@id":"https:\/\/lavoixdelanation.tg\/index.php\/2026\/04\/30\/sadyr-japarov-nous-sommes-interesses-par-le-developpement-de-la-cooperation-avec-le-togo-dans-tous-les-domaines\/#primaryimage"},"thumbnailUrl":"https:\/\/lavoixdelanation.tg\/wp-content\/uploads\/2026\/05\/Sadyr-Japarov-President-du-Kirghizistan.jpg","datePublished":"2026-04-30T12:07:43+00:00","dateModified":"2026-05-01T12:09:44+00:00","breadcrumb":{"@id":"https:\/\/lavoixdelanation.tg\/index.php\/2026\/04\/30\/sadyr-japarov-nous-sommes-interesses-par-le-developpement-de-la-cooperation-avec-le-togo-dans-tous-les-domaines\/#breadcrumb"},"inLanguage":"fr-FR","potentialAction":[{"@type":"ReadAction","target":["https:\/\/lavoixdelanation.tg\/index.php\/2026\/04\/30\/sadyr-japarov-nous-sommes-interesses-par-le-developpement-de-la-cooperation-avec-le-togo-dans-tous-les-domaines\/"]}]},{"@type":"ImageObject","inLanguage":"fr-FR","@id":"https:\/\/lavoixdelanation.tg\/index.php\/2026\/04\/30\/sadyr-japarov-nous-sommes-interesses-par-le-developpement-de-la-cooperation-avec-le-togo-dans-tous-les-domaines\/#primaryimage","url":"https:\/\/lavoixdelanation.tg\/wp-content\/uploads\/2026\/05\/Sadyr-Japarov-President-du-Kirghizistan.jpg","contentUrl":"https:\/\/lavoixdelanation.tg\/wp-content\/uploads\/2026\/05\/Sadyr-Japarov-President-du-Kirghizistan.jpg","width":793,"height":550,"caption":"Sadyr Japarov, Pr\u00e9sident du Kirghizistan"},{"@type":"BreadcrumbList","@id":"https:\/\/lavoixdelanation.tg\/index.php\/2026\/04\/30\/sadyr-japarov-nous-sommes-interesses-par-le-developpement-de-la-cooperation-avec-le-togo-dans-tous-les-domaines\/#breadcrumb","itemListElement":[{"@type":"ListItem","position":1,"name":"Accueil","item":"https:\/\/lavoixdelanation.tg\/"},{"@type":"ListItem","position":2,"name":"Sadyr Japarov\u00a0: \u00ab\u00a0Nous sommes int\u00e9ress\u00e9s par le d\u00e9veloppement de la coop\u00e9ration avec le Togo dans tous les domaines\u00a0\u00bb"}]},{"@type":"WebSite","@id":"https:\/\/lavoixdelanation.tg\/#website","url":"https:\/\/lavoixdelanation.tg\/","name":"La Voix de la Nation","description":"R\u00e9c\u00e9piss\u00e9 n\u00b00108\/HAAC\/01-2024\/pl\/P","publisher":{"@id":"https:\/\/lavoixdelanation.tg\/#organization"},"alternateName":"VON","potentialAction":[{"@type":"SearchAction","target":{"@type":"EntryPoint","urlTemplate":"https:\/\/lavoixdelanation.tg\/?s={search_term_string}"},"query-input":{"@type":"PropertyValueSpecification","valueRequired":true,"valueName":"search_term_string"}}],"inLanguage":"fr-FR"},{"@type":"Organization","@id":"https:\/\/lavoixdelanation.tg\/#organization","name":"La Voix de la Nation","url":"https:\/\/lavoixdelanation.tg\/","logo":{"@type":"ImageObject","inLanguage":"fr-FR","@id":"https:\/\/lavoixdelanation.tg\/#\/schema\/logo\/image\/","url":"https:\/\/lavoixdelanation.tg\/wp-content\/uploads\/2024\/12\/lavn-1.png","contentUrl":"https:\/\/lavoixdelanation.tg\/wp-content\/uploads\/2024\/12\/lavn-1.png","width":1024,"height":464,"caption":"La Voix de la Nation"},"image":{"@id":"https:\/\/lavoixdelanation.tg\/#\/schema\/logo\/image\/"},"sameAs":["https:\/\/www.facebook.com\/lavoixdelanation"]},{"@type":"Person","@id":"https:\/\/lavoixdelanation.tg\/#\/schema\/person\/6c489293aa38053673a9e554acb6e224","name":"La voix de la nation","image":{"@type":"ImageObject","inLanguage":"fr-FR","@id":"https:\/\/lavoixdelanation.tg\/#\/schema\/person\/image\/","url":"https:\/\/secure.gravatar.com\/avatar\/8aa135d4bbc794494cecaa8d483f6d6cc1023624868deaff686baed5e727a5a1?s=96&d=mm&r=g","contentUrl":"https:\/\/secure.gravatar.com\/avatar\/8aa135d4bbc794494cecaa8d483f6d6cc1023624868deaff686baed5e727a5a1?s=96&d=mm&r=g","caption":"La voix de la nation"},"sameAs":["https:\/\/lavoixdelanation.tg"],"url":"https:\/\/lavoixdelanation.tg\/index.php\/author\/lavn\/"}]}},"_links":{"self":[{"href":"https:\/\/lavoixdelanation.tg\/index.php\/wp-json\/wp\/v2\/posts\/16013","targetHints":{"allow":["GET"]}}],"collection":[{"href":"https:\/\/lavoixdelanation.tg\/index.php\/wp-json\/wp\/v2\/posts"}],"about":[{"href":"https:\/\/lavoixdelanation.tg\/index.php\/wp-json\/wp\/v2\/types\/post"}],"author":[{"embeddable":true,"href":"https:\/\/lavoixdelanation.tg\/index.php\/wp-json\/wp\/v2\/users\/1"}],"replies":[{"embeddable":true,"href":"https:\/\/lavoixdelanation.tg\/index.php\/wp-json\/wp\/v2\/comments?post=16013"}],"version-history":[{"count":1,"href":"https:\/\/lavoixdelanation.tg\/index.php\/wp-json\/wp\/v2\/posts\/16013\/revisions"}],"predecessor-version":[{"id":16015,"href":"https:\/\/lavoixdelanation.tg\/index.php\/wp-json\/wp\/v2\/posts\/16013\/revisions\/16015"}],"wp:featuredmedia":[{"embeddable":true,"href":"https:\/\/lavoixdelanation.tg\/index.php\/wp-json\/wp\/v2\/media\/16014"}],"wp:attachment":[{"href":"https:\/\/lavoixdelanation.tg\/index.php\/wp-json\/wp\/v2\/media?parent=16013"}],"wp:term":[{"taxonomy":"category","embeddable":true,"href":"https:\/\/lavoixdelanation.tg\/index.php\/wp-json\/wp\/v2\/categories?post=16013"},{"taxonomy":"post_tag","embeddable":true,"href":"https:\/\/lavoixdelanation.tg\/index.php\/wp-json\/wp\/v2\/tags?post=16013"}],"curies":[{"name":"wp","href":"https:\/\/api.w.org\/{rel}","templated":true}]}}