{"id":16006,"date":"2026-04-30T14:01:40","date_gmt":"2026-04-30T12:01:40","guid":{"rendered":"https:\/\/lavoixdelanation.tg\/?p=16006"},"modified":"2026-05-01T14:05:04","modified_gmt":"2026-05-01T12:05:04","slug":"cooperation-des-accords-et-memorandums-dentente-signes-entre-le-togo-et-le-kirghizistan","status":"publish","type":"post","link":"https:\/\/lavoixdelanation.tg\/index.php\/2026\/04\/30\/cooperation-des-accords-et-memorandums-dentente-signes-entre-le-togo-et-le-kirghizistan\/","title":{"rendered":"Coop\u00e9ration\u00a0: Des accords et m\u00e9morandums d\u2019entente sign\u00e9s entre le Togo et le Kirghizistan"},"content":{"rendered":"\n<p><strong>La visite officielle du Pr\u00e9sident du Conseil Faure Essozimna Gnassingb\u00e9 au Kirghizistan annonce d\u00e9j\u00e0 des perspectives concr\u00e8tes de coop\u00e9ration dans plusieurs secteurs strat\u00e9giques entre les deux pays.<\/strong><\/p>\n\n\n\n<p>Plusieurs accords et m\u00e9morandums d\u2019entente ont \u00e9t\u00e9 en effet sign\u00e9s entre les deux pays au cours d\u2019une c\u00e9r\u00e9monie solennellement pr\u00e9sid\u00e9e ce 29 avril 2026 \u00e0 Bichkek par les Pr\u00e9sidents Faure Essozimna Gnassingb\u00e9 et Sadyr Japarov.<\/p>\n\n\n\n<p>Ces accords et m\u00e9morandums sign\u00e9s concernent 08 domaines \u00e0 savoir la diplomatie, l\u2019\u00e9conomie num\u00e9rique, la culture, les investissements, l\u2019\u00e9ducation, la sant\u00e9, l\u2019\u00e9conomie et l\u2019agriculture.<\/p>\n\n\n\n<figure class=\"wp-block-image size-large\"><img loading=\"lazy\" decoding=\"async\" width=\"1024\" height=\"683\" src=\"https:\/\/lavoixdelanation.tg\/wp-content\/uploads\/2026\/05\/Les-President-Faure-Gnassingbe-et-Sadyr-Japarov-1024x683.jpg\" alt=\"\" class=\"wp-image-16008\" srcset=\"https:\/\/lavoixdelanation.tg\/wp-content\/uploads\/2026\/05\/Les-President-Faure-Gnassingbe-et-Sadyr-Japarov-1024x683.jpg 1024w, https:\/\/lavoixdelanation.tg\/wp-content\/uploads\/2026\/05\/Les-President-Faure-Gnassingbe-et-Sadyr-Japarov-300x200.jpg 300w, https:\/\/lavoixdelanation.tg\/wp-content\/uploads\/2026\/05\/Les-President-Faure-Gnassingbe-et-Sadyr-Japarov-768x512.jpg 768w, https:\/\/lavoixdelanation.tg\/wp-content\/uploads\/2026\/05\/Les-President-Faure-Gnassingbe-et-Sadyr-Japarov.jpg 1280w\" sizes=\"auto, (max-width: 1024px) 100vw, 1024px\" \/><\/figure>\n\n\n\n<p>Ces instruments juridiques t\u00e9moignent de la volont\u00e9 commune des deux nations d\u2019inscrire leur partenariat dans une dynamique durable, structur\u00e9e et mutuellement b\u00e9n\u00e9fique.<\/p>\n\n\n\n<p>Le Pr\u00e9sident du Conseil Faure Essozimna Gnassingb\u00e9 et le Pr\u00e9sident de la R\u00e9publique kirghize Sadyr Japarov se sont f\u00e9licit\u00e9s de la signature de ces accords de coop\u00e9ration.<\/p>\n\n\n\n<p>Ils ont par ailleurs r\u00e9it\u00e9r\u00e9 leur volont\u00e9 commune de concr\u00e9tiser les engagements pris dans l\u2019int\u00e9r\u00eat sup\u00e9rieur des peuples togolais et kirghize.<\/p>\n\n\n\n<p>Les informations font \u00e9tat de ce que chaque accord sign\u00e9 s\u2019appuie sur des m\u00e9canismes concrets de mise en \u0153uvre, des groupes de travail clairement mandat\u00e9s et des \u00e9ch\u00e9ances pr\u00e9cises.<\/p>\n\n\n\n<p><strong>David S.<\/strong><\/p>\n","protected":false},"excerpt":{"rendered":"<p>La visite officielle du Pr\u00e9sident du Conseil Faure Essozimna Gnassingb\u00e9 au Kirghizistan annonce d\u00e9j\u00e0 des perspectives concr\u00e8tes de coop\u00e9ration dans plusieurs secteurs strat\u00e9giques entre les deux pays. Plusieurs accords et&hellip; <\/p>\n","protected":false},"author":1,"featured_media":16007,"comment_status":"open","ping_status":"closed","sticky":false,"template":"","format":"standard","meta":{"footnotes":""},"categories":[12],"tags":[1435,45,1429,1436,39],"class_list":["post-16006","post","type-post","status-publish","format-standard","has-post-thumbnail","hentry","category-diplomatie","tag-accords-et-memorandums","tag-faure-gnassingbe","tag-kirghizistan","tag-sadyr-japarov-2","tag-togo"],"yoast_head":"<!-- This site is optimized with the Yoast SEO plugin v26.4 - https:\/\/yoast.com\/wordpress\/plugins\/seo\/ -->\n<title>Coop\u00e9ration\u00a0: Des accords et m\u00e9morandums d\u2019entente sign\u00e9s entre le Togo et le Kirghizistan - La Voix de la Nation<\/title>\n<meta name=\"robots\" content=\"index, follow, max-snippet:-1, max-image-preview:large, max-video-preview:-1\" \/>\n<link rel=\"canonical\" href=\"https:\/\/lavoixdelanation.tg\/index.php\/2026\/04\/30\/cooperation-des-accords-et-memorandums-dentente-signes-entre-le-togo-et-le-kirghizistan\/\" \/>\n<meta property=\"og:locale\" content=\"fr_FR\" \/>\n<meta property=\"og:type\" content=\"article\" \/>\n<meta property=\"og:title\" content=\"Coop\u00e9ration\u00a0: Des accords et m\u00e9morandums d\u2019entente sign\u00e9s entre le Togo et le Kirghizistan - La Voix de la Nation\" \/>\n<meta property=\"og:description\" content=\"La visite officielle du Pr\u00e9sident du Conseil Faure Essozimna Gnassingb\u00e9 au Kirghizistan annonce d\u00e9j\u00e0 des perspectives concr\u00e8tes de coop\u00e9ration dans plusieurs secteurs strat\u00e9giques entre les deux pays. Plusieurs accords et&hellip;\" \/>\n<meta property=\"og:url\" content=\"https:\/\/lavoixdelanation.tg\/index.php\/2026\/04\/30\/cooperation-des-accords-et-memorandums-dentente-signes-entre-le-togo-et-le-kirghizistan\/\" \/>\n<meta property=\"og:site_name\" content=\"La Voix de la Nation\" \/>\n<meta property=\"article:publisher\" content=\"https:\/\/www.facebook.com\/lavoixdelanation\" \/>\n<meta property=\"article:published_time\" content=\"2026-04-30T12:01:40+00:00\" \/>\n<meta property=\"article:modified_time\" content=\"2026-05-01T12:05:04+00:00\" \/>\n<meta property=\"og:image\" content=\"https:\/\/lavoixdelanation.tg\/wp-content\/uploads\/2026\/05\/Des-accords-et-memorandums-dentente-signes-entre-le-Togo-et-le-Kirghizistan.jpg\" \/>\n\t<meta property=\"og:image:width\" content=\"1280\" \/>\n\t<meta property=\"og:image:height\" content=\"1024\" \/>\n\t<meta property=\"og:image:type\" content=\"image\/jpeg\" \/>\n<meta name=\"author\" content=\"La voix de la nation\" \/>\n<meta name=\"twitter:card\" content=\"summary_large_image\" \/>\n<meta name=\"twitter:label1\" content=\"\u00c9crit par\" \/>\n\t<meta name=\"twitter:data1\" content=\"La voix de la nation\" \/>\n\t<meta name=\"twitter:label2\" content=\"Dur\u00e9e de lecture estim\u00e9e\" \/>\n\t<meta name=\"twitter:data2\" content=\"2 minutes\" \/>\n<script type=\"application\/ld+json\" class=\"yoast-schema-graph\">{\"@context\":\"https:\/\/schema.org\",\"@graph\":[{\"@type\":\"Article\",\"@id\":\"https:\/\/lavoixdelanation.tg\/index.php\/2026\/04\/30\/cooperation-des-accords-et-memorandums-dentente-signes-entre-le-togo-et-le-kirghizistan\/#article\",\"isPartOf\":{\"@id\":\"https:\/\/lavoixdelanation.tg\/index.php\/2026\/04\/30\/cooperation-des-accords-et-memorandums-dentente-signes-entre-le-togo-et-le-kirghizistan\/\"},\"author\":{\"name\":\"La voix de la nation\",\"@id\":\"https:\/\/lavoixdelanation.tg\/#\/schema\/person\/6c489293aa38053673a9e554acb6e224\"},\"headline\":\"Coop\u00e9ration\u00a0: Des accords et m\u00e9morandums d\u2019entente sign\u00e9s entre le Togo et le Kirghizistan\",\"datePublished\":\"2026-04-30T12:01:40+00:00\",\"dateModified\":\"2026-05-01T12:05:04+00:00\",\"mainEntityOfPage\":{\"@id\":\"https:\/\/lavoixdelanation.tg\/index.php\/2026\/04\/30\/cooperation-des-accords-et-memorandums-dentente-signes-entre-le-togo-et-le-kirghizistan\/\"},\"wordCount\":243,\"commentCount\":0,\"publisher\":{\"@id\":\"https:\/\/lavoixdelanation.tg\/#organization\"},\"image\":{\"@id\":\"https:\/\/lavoixdelanation.tg\/index.php\/2026\/04\/30\/cooperation-des-accords-et-memorandums-dentente-signes-entre-le-togo-et-le-kirghizistan\/#primaryimage\"},\"thumbnailUrl\":\"https:\/\/lavoixdelanation.tg\/wp-content\/uploads\/2026\/05\/Des-accords-et-memorandums-dentente-signes-entre-le-Togo-et-le-Kirghizistan.jpg\",\"keywords\":[\"accords et m\u00e9morandums\",\"Faure Gnassingb\u00e9\",\"Kirghizistan\",\"Sadyr Japarov.\",\"Togo\"],\"articleSection\":[\"Diplomatie\"],\"inLanguage\":\"fr-FR\",\"potentialAction\":[{\"@type\":\"CommentAction\",\"name\":\"Comment\",\"target\":[\"https:\/\/lavoixdelanation.tg\/index.php\/2026\/04\/30\/cooperation-des-accords-et-memorandums-dentente-signes-entre-le-togo-et-le-kirghizistan\/#respond\"]}]},{\"@type\":\"WebPage\",\"@id\":\"https:\/\/lavoixdelanation.tg\/index.php\/2026\/04\/30\/cooperation-des-accords-et-memorandums-dentente-signes-entre-le-togo-et-le-kirghizistan\/\",\"url\":\"https:\/\/lavoixdelanation.tg\/index.php\/2026\/04\/30\/cooperation-des-accords-et-memorandums-dentente-signes-entre-le-togo-et-le-kirghizistan\/\",\"name\":\"Coop\u00e9ration\u00a0: Des accords et m\u00e9morandums d\u2019entente sign\u00e9s entre le Togo et le Kirghizistan - La Voix de la Nation\",\"isPartOf\":{\"@id\":\"https:\/\/lavoixdelanation.tg\/#website\"},\"primaryImageOfPage\":{\"@id\":\"https:\/\/lavoixdelanation.tg\/index.php\/2026\/04\/30\/cooperation-des-accords-et-memorandums-dentente-signes-entre-le-togo-et-le-kirghizistan\/#primaryimage\"},\"image\":{\"@id\":\"https:\/\/lavoixdelanation.tg\/index.php\/2026\/04\/30\/cooperation-des-accords-et-memorandums-dentente-signes-entre-le-togo-et-le-kirghizistan\/#primaryimage\"},\"thumbnailUrl\":\"https:\/\/lavoixdelanation.tg\/wp-content\/uploads\/2026\/05\/Des-accords-et-memorandums-dentente-signes-entre-le-Togo-et-le-Kirghizistan.jpg\",\"datePublished\":\"2026-04-30T12:01:40+00:00\",\"dateModified\":\"2026-05-01T12:05:04+00:00\",\"breadcrumb\":{\"@id\":\"https:\/\/lavoixdelanation.tg\/index.php\/2026\/04\/30\/cooperation-des-accords-et-memorandums-dentente-signes-entre-le-togo-et-le-kirghizistan\/#breadcrumb\"},\"inLanguage\":\"fr-FR\",\"potentialAction\":[{\"@type\":\"ReadAction\",\"target\":[\"https:\/\/lavoixdelanation.tg\/index.php\/2026\/04\/30\/cooperation-des-accords-et-memorandums-dentente-signes-entre-le-togo-et-le-kirghizistan\/\"]}]},{\"@type\":\"ImageObject\",\"inLanguage\":\"fr-FR\",\"@id\":\"https:\/\/lavoixdelanation.tg\/index.php\/2026\/04\/30\/cooperation-des-accords-et-memorandums-dentente-signes-entre-le-togo-et-le-kirghizistan\/#primaryimage\",\"url\":\"https:\/\/lavoixdelanation.tg\/wp-content\/uploads\/2026\/05\/Des-accords-et-memorandums-dentente-signes-entre-le-Togo-et-le-Kirghizistan.jpg\",\"contentUrl\":\"https:\/\/lavoixdelanation.tg\/wp-content\/uploads\/2026\/05\/Des-accords-et-memorandums-dentente-signes-entre-le-Togo-et-le-Kirghizistan.jpg\",\"width\":1280,\"height\":1024},{\"@type\":\"BreadcrumbList\",\"@id\":\"https:\/\/lavoixdelanation.tg\/index.php\/2026\/04\/30\/cooperation-des-accords-et-memorandums-dentente-signes-entre-le-togo-et-le-kirghizistan\/#breadcrumb\",\"itemListElement\":[{\"@type\":\"ListItem\",\"position\":1,\"name\":\"Accueil\",\"item\":\"https:\/\/lavoixdelanation.tg\/\"},{\"@type\":\"ListItem\",\"position\":2,\"name\":\"Coop\u00e9ration\u00a0: Des accords et m\u00e9morandums d\u2019entente sign\u00e9s entre le Togo et le Kirghizistan\"}]},{\"@type\":\"WebSite\",\"@id\":\"https:\/\/lavoixdelanation.tg\/#website\",\"url\":\"https:\/\/lavoixdelanation.tg\/\",\"name\":\"La Voix de la Nation\",\"description\":\"R\u00e9c\u00e9piss\u00e9 n\u00b00108\/HAAC\/01-2024\/pl\/P\",\"publisher\":{\"@id\":\"https:\/\/lavoixdelanation.tg\/#organization\"},\"alternateName\":\"VON\",\"potentialAction\":[{\"@type\":\"SearchAction\",\"target\":{\"@type\":\"EntryPoint\",\"urlTemplate\":\"https:\/\/lavoixdelanation.tg\/?s={search_term_string}\"},\"query-input\":{\"@type\":\"PropertyValueSpecification\",\"valueRequired\":true,\"valueName\":\"search_term_string\"}}],\"inLanguage\":\"fr-FR\"},{\"@type\":\"Organization\",\"@id\":\"https:\/\/lavoixdelanation.tg\/#organization\",\"name\":\"La Voix de la Nation\",\"url\":\"https:\/\/lavoixdelanation.tg\/\",\"logo\":{\"@type\":\"ImageObject\",\"inLanguage\":\"fr-FR\",\"@id\":\"https:\/\/lavoixdelanation.tg\/#\/schema\/logo\/image\/\",\"url\":\"https:\/\/lavoixdelanation.tg\/wp-content\/uploads\/2024\/12\/lavn-1.png\",\"contentUrl\":\"https:\/\/lavoixdelanation.tg\/wp-content\/uploads\/2024\/12\/lavn-1.png\",\"width\":1024,\"height\":464,\"caption\":\"La Voix de la Nation\"},\"image\":{\"@id\":\"https:\/\/lavoixdelanation.tg\/#\/schema\/logo\/image\/\"},\"sameAs\":[\"https:\/\/www.facebook.com\/lavoixdelanation\"]},{\"@type\":\"Person\",\"@id\":\"https:\/\/lavoixdelanation.tg\/#\/schema\/person\/6c489293aa38053673a9e554acb6e224\",\"name\":\"La voix de la nation\",\"image\":{\"@type\":\"ImageObject\",\"inLanguage\":\"fr-FR\",\"@id\":\"https:\/\/lavoixdelanation.tg\/#\/schema\/person\/image\/\",\"url\":\"https:\/\/secure.gravatar.com\/avatar\/8aa135d4bbc794494cecaa8d483f6d6cc1023624868deaff686baed5e727a5a1?s=96&d=mm&r=g\",\"contentUrl\":\"https:\/\/secure.gravatar.com\/avatar\/8aa135d4bbc794494cecaa8d483f6d6cc1023624868deaff686baed5e727a5a1?s=96&d=mm&r=g\",\"caption\":\"La voix de la nation\"},\"sameAs\":[\"https:\/\/lavoixdelanation.tg\"],\"url\":\"https:\/\/lavoixdelanation.tg\/index.php\/author\/lavn\/\"}]}<\/script>\n<!-- \/ Yoast SEO plugin. -->","yoast_head_json":{"title":"Coop\u00e9ration\u00a0: Des accords et m\u00e9morandums d\u2019entente sign\u00e9s entre le Togo et le Kirghizistan - La Voix de la Nation","robots":{"index":"index","follow":"follow","max-snippet":"max-snippet:-1","max-image-preview":"max-image-preview:large","max-video-preview":"max-video-preview:-1"},"canonical":"https:\/\/lavoixdelanation.tg\/index.php\/2026\/04\/30\/cooperation-des-accords-et-memorandums-dentente-signes-entre-le-togo-et-le-kirghizistan\/","og_locale":"fr_FR","og_type":"article","og_title":"Coop\u00e9ration\u00a0: Des accords et m\u00e9morandums d\u2019entente sign\u00e9s entre le Togo et le Kirghizistan - La Voix de la Nation","og_description":"La visite officielle du Pr\u00e9sident du Conseil Faure Essozimna Gnassingb\u00e9 au Kirghizistan annonce d\u00e9j\u00e0 des perspectives concr\u00e8tes de coop\u00e9ration dans plusieurs secteurs strat\u00e9giques entre les deux pays. Plusieurs accords et&hellip;","og_url":"https:\/\/lavoixdelanation.tg\/index.php\/2026\/04\/30\/cooperation-des-accords-et-memorandums-dentente-signes-entre-le-togo-et-le-kirghizistan\/","og_site_name":"La Voix de la Nation","article_publisher":"https:\/\/www.facebook.com\/lavoixdelanation","article_published_time":"2026-04-30T12:01:40+00:00","article_modified_time":"2026-05-01T12:05:04+00:00","og_image":[{"width":1280,"height":1024,"url":"https:\/\/lavoixdelanation.tg\/wp-content\/uploads\/2026\/05\/Des-accords-et-memorandums-dentente-signes-entre-le-Togo-et-le-Kirghizistan.jpg","type":"image\/jpeg"}],"author":"La voix de la nation","twitter_card":"summary_large_image","twitter_misc":{"\u00c9crit par":"La voix de la nation","Dur\u00e9e de lecture estim\u00e9e":"2 minutes"},"schema":{"@context":"https:\/\/schema.org","@graph":[{"@type":"Article","@id":"https:\/\/lavoixdelanation.tg\/index.php\/2026\/04\/30\/cooperation-des-accords-et-memorandums-dentente-signes-entre-le-togo-et-le-kirghizistan\/#article","isPartOf":{"@id":"https:\/\/lavoixdelanation.tg\/index.php\/2026\/04\/30\/cooperation-des-accords-et-memorandums-dentente-signes-entre-le-togo-et-le-kirghizistan\/"},"author":{"name":"La voix de la nation","@id":"https:\/\/lavoixdelanation.tg\/#\/schema\/person\/6c489293aa38053673a9e554acb6e224"},"headline":"Coop\u00e9ration\u00a0: Des accords et m\u00e9morandums d\u2019entente sign\u00e9s entre le Togo et le Kirghizistan","datePublished":"2026-04-30T12:01:40+00:00","dateModified":"2026-05-01T12:05:04+00:00","mainEntityOfPage":{"@id":"https:\/\/lavoixdelanation.tg\/index.php\/2026\/04\/30\/cooperation-des-accords-et-memorandums-dentente-signes-entre-le-togo-et-le-kirghizistan\/"},"wordCount":243,"commentCount":0,"publisher":{"@id":"https:\/\/lavoixdelanation.tg\/#organization"},"image":{"@id":"https:\/\/lavoixdelanation.tg\/index.php\/2026\/04\/30\/cooperation-des-accords-et-memorandums-dentente-signes-entre-le-togo-et-le-kirghizistan\/#primaryimage"},"thumbnailUrl":"https:\/\/lavoixdelanation.tg\/wp-content\/uploads\/2026\/05\/Des-accords-et-memorandums-dentente-signes-entre-le-Togo-et-le-Kirghizistan.jpg","keywords":["accords et m\u00e9morandums","Faure Gnassingb\u00e9","Kirghizistan","Sadyr Japarov.","Togo"],"articleSection":["Diplomatie"],"inLanguage":"fr-FR","potentialAction":[{"@type":"CommentAction","name":"Comment","target":["https:\/\/lavoixdelanation.tg\/index.php\/2026\/04\/30\/cooperation-des-accords-et-memorandums-dentente-signes-entre-le-togo-et-le-kirghizistan\/#respond"]}]},{"@type":"WebPage","@id":"https:\/\/lavoixdelanation.tg\/index.php\/2026\/04\/30\/cooperation-des-accords-et-memorandums-dentente-signes-entre-le-togo-et-le-kirghizistan\/","url":"https:\/\/lavoixdelanation.tg\/index.php\/2026\/04\/30\/cooperation-des-accords-et-memorandums-dentente-signes-entre-le-togo-et-le-kirghizistan\/","name":"Coop\u00e9ration\u00a0: Des accords et m\u00e9morandums d\u2019entente sign\u00e9s entre le Togo et le Kirghizistan - La Voix de la Nation","isPartOf":{"@id":"https:\/\/lavoixdelanation.tg\/#website"},"primaryImageOfPage":{"@id":"https:\/\/lavoixdelanation.tg\/index.php\/2026\/04\/30\/cooperation-des-accords-et-memorandums-dentente-signes-entre-le-togo-et-le-kirghizistan\/#primaryimage"},"image":{"@id":"https:\/\/lavoixdelanation.tg\/index.php\/2026\/04\/30\/cooperation-des-accords-et-memorandums-dentente-signes-entre-le-togo-et-le-kirghizistan\/#primaryimage"},"thumbnailUrl":"https:\/\/lavoixdelanation.tg\/wp-content\/uploads\/2026\/05\/Des-accords-et-memorandums-dentente-signes-entre-le-Togo-et-le-Kirghizistan.jpg","datePublished":"2026-04-30T12:01:40+00:00","dateModified":"2026-05-01T12:05:04+00:00","breadcrumb":{"@id":"https:\/\/lavoixdelanation.tg\/index.php\/2026\/04\/30\/cooperation-des-accords-et-memorandums-dentente-signes-entre-le-togo-et-le-kirghizistan\/#breadcrumb"},"inLanguage":"fr-FR","potentialAction":[{"@type":"ReadAction","target":["https:\/\/lavoixdelanation.tg\/index.php\/2026\/04\/30\/cooperation-des-accords-et-memorandums-dentente-signes-entre-le-togo-et-le-kirghizistan\/"]}]},{"@type":"ImageObject","inLanguage":"fr-FR","@id":"https:\/\/lavoixdelanation.tg\/index.php\/2026\/04\/30\/cooperation-des-accords-et-memorandums-dentente-signes-entre-le-togo-et-le-kirghizistan\/#primaryimage","url":"https:\/\/lavoixdelanation.tg\/wp-content\/uploads\/2026\/05\/Des-accords-et-memorandums-dentente-signes-entre-le-Togo-et-le-Kirghizistan.jpg","contentUrl":"https:\/\/lavoixdelanation.tg\/wp-content\/uploads\/2026\/05\/Des-accords-et-memorandums-dentente-signes-entre-le-Togo-et-le-Kirghizistan.jpg","width":1280,"height":1024},{"@type":"BreadcrumbList","@id":"https:\/\/lavoixdelanation.tg\/index.php\/2026\/04\/30\/cooperation-des-accords-et-memorandums-dentente-signes-entre-le-togo-et-le-kirghizistan\/#breadcrumb","itemListElement":[{"@type":"ListItem","position":1,"name":"Accueil","item":"https:\/\/lavoixdelanation.tg\/"},{"@type":"ListItem","position":2,"name":"Coop\u00e9ration\u00a0: Des accords et m\u00e9morandums d\u2019entente sign\u00e9s entre le Togo et le Kirghizistan"}]},{"@type":"WebSite","@id":"https:\/\/lavoixdelanation.tg\/#website","url":"https:\/\/lavoixdelanation.tg\/","name":"La Voix de la Nation","description":"R\u00e9c\u00e9piss\u00e9 n\u00b00108\/HAAC\/01-2024\/pl\/P","publisher":{"@id":"https:\/\/lavoixdelanation.tg\/#organization"},"alternateName":"VON","potentialAction":[{"@type":"SearchAction","target":{"@type":"EntryPoint","urlTemplate":"https:\/\/lavoixdelanation.tg\/?s={search_term_string}"},"query-input":{"@type":"PropertyValueSpecification","valueRequired":true,"valueName":"search_term_string"}}],"inLanguage":"fr-FR"},{"@type":"Organization","@id":"https:\/\/lavoixdelanation.tg\/#organization","name":"La Voix de la Nation","url":"https:\/\/lavoixdelanation.tg\/","logo":{"@type":"ImageObject","inLanguage":"fr-FR","@id":"https:\/\/lavoixdelanation.tg\/#\/schema\/logo\/image\/","url":"https:\/\/lavoixdelanation.tg\/wp-content\/uploads\/2024\/12\/lavn-1.png","contentUrl":"https:\/\/lavoixdelanation.tg\/wp-content\/uploads\/2024\/12\/lavn-1.png","width":1024,"height":464,"caption":"La Voix de la Nation"},"image":{"@id":"https:\/\/lavoixdelanation.tg\/#\/schema\/logo\/image\/"},"sameAs":["https:\/\/www.facebook.com\/lavoixdelanation"]},{"@type":"Person","@id":"https:\/\/lavoixdelanation.tg\/#\/schema\/person\/6c489293aa38053673a9e554acb6e224","name":"La voix de la nation","image":{"@type":"ImageObject","inLanguage":"fr-FR","@id":"https:\/\/lavoixdelanation.tg\/#\/schema\/person\/image\/","url":"https:\/\/secure.gravatar.com\/avatar\/8aa135d4bbc794494cecaa8d483f6d6cc1023624868deaff686baed5e727a5a1?s=96&d=mm&r=g","contentUrl":"https:\/\/secure.gravatar.com\/avatar\/8aa135d4bbc794494cecaa8d483f6d6cc1023624868deaff686baed5e727a5a1?s=96&d=mm&r=g","caption":"La voix de la nation"},"sameAs":["https:\/\/lavoixdelanation.tg"],"url":"https:\/\/lavoixdelanation.tg\/index.php\/author\/lavn\/"}]}},"_links":{"self":[{"href":"https:\/\/lavoixdelanation.tg\/index.php\/wp-json\/wp\/v2\/posts\/16006","targetHints":{"allow":["GET"]}}],"collection":[{"href":"https:\/\/lavoixdelanation.tg\/index.php\/wp-json\/wp\/v2\/posts"}],"about":[{"href":"https:\/\/lavoixdelanation.tg\/index.php\/wp-json\/wp\/v2\/types\/post"}],"author":[{"embeddable":true,"href":"https:\/\/lavoixdelanation.tg\/index.php\/wp-json\/wp\/v2\/users\/1"}],"replies":[{"embeddable":true,"href":"https:\/\/lavoixdelanation.tg\/index.php\/wp-json\/wp\/v2\/comments?post=16006"}],"version-history":[{"count":1,"href":"https:\/\/lavoixdelanation.tg\/index.php\/wp-json\/wp\/v2\/posts\/16006\/revisions"}],"predecessor-version":[{"id":16009,"href":"https:\/\/lavoixdelanation.tg\/index.php\/wp-json\/wp\/v2\/posts\/16006\/revisions\/16009"}],"wp:featuredmedia":[{"embeddable":true,"href":"https:\/\/lavoixdelanation.tg\/index.php\/wp-json\/wp\/v2\/media\/16007"}],"wp:attachment":[{"href":"https:\/\/lavoixdelanation.tg\/index.php\/wp-json\/wp\/v2\/media?parent=16006"}],"wp:term":[{"taxonomy":"category","embeddable":true,"href":"https:\/\/lavoixdelanation.tg\/index.php\/wp-json\/wp\/v2\/categories?post=16006"},{"taxonomy":"post_tag","embeddable":true,"href":"https:\/\/lavoixdelanation.tg\/index.php\/wp-json\/wp\/v2\/tags?post=16006"}],"curies":[{"name":"wp","href":"https:\/\/api.w.org\/{rel}","templated":true}]}}