{"id":16002,"date":"2026-05-01T14:01:31","date_gmt":"2026-05-01T12:01:31","guid":{"rendered":"https:\/\/lavoixdelanation.tg\/?p=16002"},"modified":"2026-05-01T14:01:31","modified_gmt":"2026-05-01T12:01:31","slug":"togo-prestation-de-serment-de-721-jeunes-gendarmes-au-tribunal-de-lome","status":"publish","type":"post","link":"https:\/\/lavoixdelanation.tg\/index.php\/2026\/05\/01\/togo-prestation-de-serment-de-721-jeunes-gendarmes-au-tribunal-de-lome\/","title":{"rendered":"Togo\u00a0: Prestation de serment de 721 jeunes gendarmes au Tribunal de Lom\u00e9"},"content":{"rendered":"\n<p><strong>Ils sont au total 721 jeunes gendarmes de la promotion 2024 \u00e0 pr\u00eater serment 30 avril 2026 au Tribunal de grande instance de Lom\u00e9, dans une atmosph\u00e8re empreinte de solennit\u00e9, de discipline et de rigueur.<\/strong><\/p>\n\n\n\n<p>Ces gendarmes se sont engag\u00e9s \u00e0 ob\u00e9ir \u00e0 leurs sup\u00e9rieurs hi\u00e9rarchiques et \u00e0 ne faire usage de la force que dans le strict cadre du maintien de l\u2019ordre et de l\u2019ex\u00e9cution des lois.<\/p>\n\n\n\n<p>A travers cet acte solennel, ils consacrent officiellement leur int\u00e9gration dans les rangs de la Gendarmerie nationale du Togo et affirment leur volont\u00e9 de servir la Nation avec loyaut\u00e9, int\u00e9grit\u00e9 et professionnalisme.<\/p>\n\n\n\n<p>Ce serment rappelle les missions fondamentales de l\u2019institution : prot\u00e9ger les citoyens, garantir la s\u00e9curit\u00e9 publique et veiller \u00e0 la d\u00e9fense des institutions de la R\u00e9publique.<\/p>\n\n\n\n<p>Les autorit\u00e9s pr\u00e9sentes ont salu\u00e9 l\u2019engagement et la d\u00e9termination de ces jeunes recrues, les exhortant \u00e0 incarner, au quotidien, les valeurs de probit\u00e9, de discipline et de sens du devoir.<\/p>\n\n\n\n<figure class=\"wp-block-image size-large\"><img loading=\"lazy\" decoding=\"async\" width=\"1024\" height=\"683\" src=\"https:\/\/lavoixdelanation.tg\/wp-content\/uploads\/2026\/05\/Ceremonie-de-prestation-de-serment-des-Gendarmes-a-Lome-1024x683.jpg\" alt=\"\" class=\"wp-image-16004\" srcset=\"https:\/\/lavoixdelanation.tg\/wp-content\/uploads\/2026\/05\/Ceremonie-de-prestation-de-serment-des-Gendarmes-a-Lome-1024x683.jpg 1024w, https:\/\/lavoixdelanation.tg\/wp-content\/uploads\/2026\/05\/Ceremonie-de-prestation-de-serment-des-Gendarmes-a-Lome-300x200.jpg 300w, https:\/\/lavoixdelanation.tg\/wp-content\/uploads\/2026\/05\/Ceremonie-de-prestation-de-serment-des-Gendarmes-a-Lome-768x512.jpg 768w, https:\/\/lavoixdelanation.tg\/wp-content\/uploads\/2026\/05\/Ceremonie-de-prestation-de-serment-des-Gendarmes-a-Lome.jpg 1080w\" sizes=\"auto, (max-width: 1024px) 100vw, 1024px\" \/><\/figure>\n\n\n\n<p>La c\u00e9r\u00e9monie a \u00e9t\u00e9 pr\u00e9sid\u00e9e par le juge BABAYARA Affo, en pr\u00e9sence du colonel BANA-EWAI Tagba, commandant le groupement de gendarmerie de Lom\u00e9 et repr\u00e9sentant le directeur g\u00e9n\u00e9ral de la Gendarmerie nationale, aux c\u00f4t\u00e9s de plusieurs officiers sup\u00e9rieurs.<\/p>\n\n\n\n<p>Avec cette \u00e9tape de Lom\u00e9, la promotion 2024 boucle son cycle de prestation de serment sur l\u2019ensemble du territoire national apr\u00e8s les \u00e9tapes organis\u00e9es dans les r\u00e9gions des Savanes, de la Kara, de la Centrale, des Plateaux (Est et Ouest) et Maritime.<\/p>\n\n\n\n<p>D\u00e9sormais investis de leurs fonctions, ces nouveaux gendarmes sont appel\u00e9s \u00e0 assumer pleinement leurs responsabilit\u00e9s au service de la R\u00e9publique.<\/p>\n\n\n\n<p><strong>La R\u00e9daction<\/strong><\/p>\n","protected":false},"excerpt":{"rendered":"<p>Ils sont au total 721 jeunes gendarmes de la promotion 2024 \u00e0 pr\u00eater serment 30 avril 2026 au Tribunal de grande instance de Lom\u00e9, dans une atmosph\u00e8re empreinte de solennit\u00e9,&hellip; <\/p>\n","protected":false},"author":1,"featured_media":16003,"comment_status":"open","ping_status":"closed","sticky":false,"template":"","format":"standard","meta":{"footnotes":""},"categories":[29],"tags":[1432,1434,39,1433],"class_list":["post-16002","post","type-post","status-publish","format-standard","has-post-thumbnail","hentry","category-societe","tag-gendarmes","tag-serment","tag-togo","tag-tribunal-de-lome"],"yoast_head":"<!-- This site is optimized with the Yoast SEO plugin v26.4 - https:\/\/yoast.com\/wordpress\/plugins\/seo\/ -->\n<title>Togo\u00a0: Prestation de serment de 721 jeunes gendarmes au Tribunal de Lom\u00e9 - La Voix de la Nation<\/title>\n<meta name=\"robots\" content=\"index, follow, max-snippet:-1, max-image-preview:large, max-video-preview:-1\" \/>\n<link rel=\"canonical\" href=\"https:\/\/lavoixdelanation.tg\/index.php\/2026\/05\/01\/togo-prestation-de-serment-de-721-jeunes-gendarmes-au-tribunal-de-lome\/\" \/>\n<meta property=\"og:locale\" content=\"fr_FR\" \/>\n<meta property=\"og:type\" content=\"article\" \/>\n<meta property=\"og:title\" content=\"Togo\u00a0: Prestation de serment de 721 jeunes gendarmes au Tribunal de Lom\u00e9 - La Voix de la Nation\" \/>\n<meta property=\"og:description\" content=\"Ils sont au total 721 jeunes gendarmes de la promotion 2024 \u00e0 pr\u00eater serment 30 avril 2026 au Tribunal de grande instance de Lom\u00e9, dans une atmosph\u00e8re empreinte de solennit\u00e9,&hellip;\" \/>\n<meta property=\"og:url\" content=\"https:\/\/lavoixdelanation.tg\/index.php\/2026\/05\/01\/togo-prestation-de-serment-de-721-jeunes-gendarmes-au-tribunal-de-lome\/\" \/>\n<meta property=\"og:site_name\" content=\"La Voix de la Nation\" \/>\n<meta property=\"article:publisher\" content=\"https:\/\/www.facebook.com\/lavoixdelanation\" \/>\n<meta property=\"article:published_time\" content=\"2026-05-01T12:01:31+00:00\" \/>\n<meta property=\"og:image\" content=\"https:\/\/lavoixdelanation.tg\/wp-content\/uploads\/2026\/05\/Prestation-de-serment-des-Gendarmes-a-Lome.jpg\" \/>\n\t<meta property=\"og:image:width\" content=\"1080\" \/>\n\t<meta property=\"og:image:height\" content=\"720\" \/>\n\t<meta property=\"og:image:type\" content=\"image\/jpeg\" \/>\n<meta name=\"author\" content=\"La voix de la nation\" \/>\n<meta name=\"twitter:card\" content=\"summary_large_image\" \/>\n<meta name=\"twitter:label1\" content=\"\u00c9crit par\" \/>\n\t<meta name=\"twitter:data1\" content=\"La voix de la nation\" \/>\n\t<meta name=\"twitter:label2\" content=\"Dur\u00e9e de lecture estim\u00e9e\" \/>\n\t<meta name=\"twitter:data2\" content=\"2 minutes\" \/>\n<script type=\"application\/ld+json\" class=\"yoast-schema-graph\">{\"@context\":\"https:\/\/schema.org\",\"@graph\":[{\"@type\":\"Article\",\"@id\":\"https:\/\/lavoixdelanation.tg\/index.php\/2026\/05\/01\/togo-prestation-de-serment-de-721-jeunes-gendarmes-au-tribunal-de-lome\/#article\",\"isPartOf\":{\"@id\":\"https:\/\/lavoixdelanation.tg\/index.php\/2026\/05\/01\/togo-prestation-de-serment-de-721-jeunes-gendarmes-au-tribunal-de-lome\/\"},\"author\":{\"name\":\"La voix de la nation\",\"@id\":\"https:\/\/lavoixdelanation.tg\/#\/schema\/person\/6c489293aa38053673a9e554acb6e224\"},\"headline\":\"Togo\u00a0: Prestation de serment de 721 jeunes gendarmes au Tribunal de Lom\u00e9\",\"datePublished\":\"2026-05-01T12:01:31+00:00\",\"mainEntityOfPage\":{\"@id\":\"https:\/\/lavoixdelanation.tg\/index.php\/2026\/05\/01\/togo-prestation-de-serment-de-721-jeunes-gendarmes-au-tribunal-de-lome\/\"},\"wordCount\":296,\"commentCount\":0,\"publisher\":{\"@id\":\"https:\/\/lavoixdelanation.tg\/#organization\"},\"image\":{\"@id\":\"https:\/\/lavoixdelanation.tg\/index.php\/2026\/05\/01\/togo-prestation-de-serment-de-721-jeunes-gendarmes-au-tribunal-de-lome\/#primaryimage\"},\"thumbnailUrl\":\"https:\/\/lavoixdelanation.tg\/wp-content\/uploads\/2026\/05\/Prestation-de-serment-des-Gendarmes-a-Lome.jpg\",\"keywords\":[\"gendarmes\",\"serment\",\"Togo\",\"Tribunal de Lom\u00e9\"],\"articleSection\":[\"Soci\u00e9t\u00e9\"],\"inLanguage\":\"fr-FR\",\"potentialAction\":[{\"@type\":\"CommentAction\",\"name\":\"Comment\",\"target\":[\"https:\/\/lavoixdelanation.tg\/index.php\/2026\/05\/01\/togo-prestation-de-serment-de-721-jeunes-gendarmes-au-tribunal-de-lome\/#respond\"]}]},{\"@type\":\"WebPage\",\"@id\":\"https:\/\/lavoixdelanation.tg\/index.php\/2026\/05\/01\/togo-prestation-de-serment-de-721-jeunes-gendarmes-au-tribunal-de-lome\/\",\"url\":\"https:\/\/lavoixdelanation.tg\/index.php\/2026\/05\/01\/togo-prestation-de-serment-de-721-jeunes-gendarmes-au-tribunal-de-lome\/\",\"name\":\"Togo\u00a0: Prestation de serment de 721 jeunes gendarmes au Tribunal de Lom\u00e9 - La Voix de la Nation\",\"isPartOf\":{\"@id\":\"https:\/\/lavoixdelanation.tg\/#website\"},\"primaryImageOfPage\":{\"@id\":\"https:\/\/lavoixdelanation.tg\/index.php\/2026\/05\/01\/togo-prestation-de-serment-de-721-jeunes-gendarmes-au-tribunal-de-lome\/#primaryimage\"},\"image\":{\"@id\":\"https:\/\/lavoixdelanation.tg\/index.php\/2026\/05\/01\/togo-prestation-de-serment-de-721-jeunes-gendarmes-au-tribunal-de-lome\/#primaryimage\"},\"thumbnailUrl\":\"https:\/\/lavoixdelanation.tg\/wp-content\/uploads\/2026\/05\/Prestation-de-serment-des-Gendarmes-a-Lome.jpg\",\"datePublished\":\"2026-05-01T12:01:31+00:00\",\"breadcrumb\":{\"@id\":\"https:\/\/lavoixdelanation.tg\/index.php\/2026\/05\/01\/togo-prestation-de-serment-de-721-jeunes-gendarmes-au-tribunal-de-lome\/#breadcrumb\"},\"inLanguage\":\"fr-FR\",\"potentialAction\":[{\"@type\":\"ReadAction\",\"target\":[\"https:\/\/lavoixdelanation.tg\/index.php\/2026\/05\/01\/togo-prestation-de-serment-de-721-jeunes-gendarmes-au-tribunal-de-lome\/\"]}]},{\"@type\":\"ImageObject\",\"inLanguage\":\"fr-FR\",\"@id\":\"https:\/\/lavoixdelanation.tg\/index.php\/2026\/05\/01\/togo-prestation-de-serment-de-721-jeunes-gendarmes-au-tribunal-de-lome\/#primaryimage\",\"url\":\"https:\/\/lavoixdelanation.tg\/wp-content\/uploads\/2026\/05\/Prestation-de-serment-des-Gendarmes-a-Lome.jpg\",\"contentUrl\":\"https:\/\/lavoixdelanation.tg\/wp-content\/uploads\/2026\/05\/Prestation-de-serment-des-Gendarmes-a-Lome.jpg\",\"width\":1080,\"height\":720},{\"@type\":\"BreadcrumbList\",\"@id\":\"https:\/\/lavoixdelanation.tg\/index.php\/2026\/05\/01\/togo-prestation-de-serment-de-721-jeunes-gendarmes-au-tribunal-de-lome\/#breadcrumb\",\"itemListElement\":[{\"@type\":\"ListItem\",\"position\":1,\"name\":\"Accueil\",\"item\":\"https:\/\/lavoixdelanation.tg\/\"},{\"@type\":\"ListItem\",\"position\":2,\"name\":\"Togo\u00a0: Prestation de serment de 721 jeunes gendarmes au Tribunal de Lom\u00e9\"}]},{\"@type\":\"WebSite\",\"@id\":\"https:\/\/lavoixdelanation.tg\/#website\",\"url\":\"https:\/\/lavoixdelanation.tg\/\",\"name\":\"La Voix de la Nation\",\"description\":\"R\u00e9c\u00e9piss\u00e9 n\u00b00108\/HAAC\/01-2024\/pl\/P\",\"publisher\":{\"@id\":\"https:\/\/lavoixdelanation.tg\/#organization\"},\"alternateName\":\"VON\",\"potentialAction\":[{\"@type\":\"SearchAction\",\"target\":{\"@type\":\"EntryPoint\",\"urlTemplate\":\"https:\/\/lavoixdelanation.tg\/?s={search_term_string}\"},\"query-input\":{\"@type\":\"PropertyValueSpecification\",\"valueRequired\":true,\"valueName\":\"search_term_string\"}}],\"inLanguage\":\"fr-FR\"},{\"@type\":\"Organization\",\"@id\":\"https:\/\/lavoixdelanation.tg\/#organization\",\"name\":\"La Voix de la Nation\",\"url\":\"https:\/\/lavoixdelanation.tg\/\",\"logo\":{\"@type\":\"ImageObject\",\"inLanguage\":\"fr-FR\",\"@id\":\"https:\/\/lavoixdelanation.tg\/#\/schema\/logo\/image\/\",\"url\":\"https:\/\/lavoixdelanation.tg\/wp-content\/uploads\/2024\/12\/lavn-1.png\",\"contentUrl\":\"https:\/\/lavoixdelanation.tg\/wp-content\/uploads\/2024\/12\/lavn-1.png\",\"width\":1024,\"height\":464,\"caption\":\"La Voix de la Nation\"},\"image\":{\"@id\":\"https:\/\/lavoixdelanation.tg\/#\/schema\/logo\/image\/\"},\"sameAs\":[\"https:\/\/www.facebook.com\/lavoixdelanation\"]},{\"@type\":\"Person\",\"@id\":\"https:\/\/lavoixdelanation.tg\/#\/schema\/person\/6c489293aa38053673a9e554acb6e224\",\"name\":\"La voix de la nation\",\"image\":{\"@type\":\"ImageObject\",\"inLanguage\":\"fr-FR\",\"@id\":\"https:\/\/lavoixdelanation.tg\/#\/schema\/person\/image\/\",\"url\":\"https:\/\/secure.gravatar.com\/avatar\/8aa135d4bbc794494cecaa8d483f6d6cc1023624868deaff686baed5e727a5a1?s=96&d=mm&r=g\",\"contentUrl\":\"https:\/\/secure.gravatar.com\/avatar\/8aa135d4bbc794494cecaa8d483f6d6cc1023624868deaff686baed5e727a5a1?s=96&d=mm&r=g\",\"caption\":\"La voix de la nation\"},\"sameAs\":[\"https:\/\/lavoixdelanation.tg\"],\"url\":\"https:\/\/lavoixdelanation.tg\/index.php\/author\/lavn\/\"}]}<\/script>\n<!-- \/ Yoast SEO plugin. -->","yoast_head_json":{"title":"Togo\u00a0: Prestation de serment de 721 jeunes gendarmes au Tribunal de Lom\u00e9 - La Voix de la Nation","robots":{"index":"index","follow":"follow","max-snippet":"max-snippet:-1","max-image-preview":"max-image-preview:large","max-video-preview":"max-video-preview:-1"},"canonical":"https:\/\/lavoixdelanation.tg\/index.php\/2026\/05\/01\/togo-prestation-de-serment-de-721-jeunes-gendarmes-au-tribunal-de-lome\/","og_locale":"fr_FR","og_type":"article","og_title":"Togo\u00a0: Prestation de serment de 721 jeunes gendarmes au Tribunal de Lom\u00e9 - La Voix de la Nation","og_description":"Ils sont au total 721 jeunes gendarmes de la promotion 2024 \u00e0 pr\u00eater serment 30 avril 2026 au Tribunal de grande instance de Lom\u00e9, dans une atmosph\u00e8re empreinte de solennit\u00e9,&hellip;","og_url":"https:\/\/lavoixdelanation.tg\/index.php\/2026\/05\/01\/togo-prestation-de-serment-de-721-jeunes-gendarmes-au-tribunal-de-lome\/","og_site_name":"La Voix de la Nation","article_publisher":"https:\/\/www.facebook.com\/lavoixdelanation","article_published_time":"2026-05-01T12:01:31+00:00","og_image":[{"width":1080,"height":720,"url":"https:\/\/lavoixdelanation.tg\/wp-content\/uploads\/2026\/05\/Prestation-de-serment-des-Gendarmes-a-Lome.jpg","type":"image\/jpeg"}],"author":"La voix de la nation","twitter_card":"summary_large_image","twitter_misc":{"\u00c9crit par":"La voix de la nation","Dur\u00e9e de lecture estim\u00e9e":"2 minutes"},"schema":{"@context":"https:\/\/schema.org","@graph":[{"@type":"Article","@id":"https:\/\/lavoixdelanation.tg\/index.php\/2026\/05\/01\/togo-prestation-de-serment-de-721-jeunes-gendarmes-au-tribunal-de-lome\/#article","isPartOf":{"@id":"https:\/\/lavoixdelanation.tg\/index.php\/2026\/05\/01\/togo-prestation-de-serment-de-721-jeunes-gendarmes-au-tribunal-de-lome\/"},"author":{"name":"La voix de la nation","@id":"https:\/\/lavoixdelanation.tg\/#\/schema\/person\/6c489293aa38053673a9e554acb6e224"},"headline":"Togo\u00a0: Prestation de serment de 721 jeunes gendarmes au Tribunal de Lom\u00e9","datePublished":"2026-05-01T12:01:31+00:00","mainEntityOfPage":{"@id":"https:\/\/lavoixdelanation.tg\/index.php\/2026\/05\/01\/togo-prestation-de-serment-de-721-jeunes-gendarmes-au-tribunal-de-lome\/"},"wordCount":296,"commentCount":0,"publisher":{"@id":"https:\/\/lavoixdelanation.tg\/#organization"},"image":{"@id":"https:\/\/lavoixdelanation.tg\/index.php\/2026\/05\/01\/togo-prestation-de-serment-de-721-jeunes-gendarmes-au-tribunal-de-lome\/#primaryimage"},"thumbnailUrl":"https:\/\/lavoixdelanation.tg\/wp-content\/uploads\/2026\/05\/Prestation-de-serment-des-Gendarmes-a-Lome.jpg","keywords":["gendarmes","serment","Togo","Tribunal de Lom\u00e9"],"articleSection":["Soci\u00e9t\u00e9"],"inLanguage":"fr-FR","potentialAction":[{"@type":"CommentAction","name":"Comment","target":["https:\/\/lavoixdelanation.tg\/index.php\/2026\/05\/01\/togo-prestation-de-serment-de-721-jeunes-gendarmes-au-tribunal-de-lome\/#respond"]}]},{"@type":"WebPage","@id":"https:\/\/lavoixdelanation.tg\/index.php\/2026\/05\/01\/togo-prestation-de-serment-de-721-jeunes-gendarmes-au-tribunal-de-lome\/","url":"https:\/\/lavoixdelanation.tg\/index.php\/2026\/05\/01\/togo-prestation-de-serment-de-721-jeunes-gendarmes-au-tribunal-de-lome\/","name":"Togo\u00a0: Prestation de serment de 721 jeunes gendarmes au Tribunal de Lom\u00e9 - La Voix de la Nation","isPartOf":{"@id":"https:\/\/lavoixdelanation.tg\/#website"},"primaryImageOfPage":{"@id":"https:\/\/lavoixdelanation.tg\/index.php\/2026\/05\/01\/togo-prestation-de-serment-de-721-jeunes-gendarmes-au-tribunal-de-lome\/#primaryimage"},"image":{"@id":"https:\/\/lavoixdelanation.tg\/index.php\/2026\/05\/01\/togo-prestation-de-serment-de-721-jeunes-gendarmes-au-tribunal-de-lome\/#primaryimage"},"thumbnailUrl":"https:\/\/lavoixdelanation.tg\/wp-content\/uploads\/2026\/05\/Prestation-de-serment-des-Gendarmes-a-Lome.jpg","datePublished":"2026-05-01T12:01:31+00:00","breadcrumb":{"@id":"https:\/\/lavoixdelanation.tg\/index.php\/2026\/05\/01\/togo-prestation-de-serment-de-721-jeunes-gendarmes-au-tribunal-de-lome\/#breadcrumb"},"inLanguage":"fr-FR","potentialAction":[{"@type":"ReadAction","target":["https:\/\/lavoixdelanation.tg\/index.php\/2026\/05\/01\/togo-prestation-de-serment-de-721-jeunes-gendarmes-au-tribunal-de-lome\/"]}]},{"@type":"ImageObject","inLanguage":"fr-FR","@id":"https:\/\/lavoixdelanation.tg\/index.php\/2026\/05\/01\/togo-prestation-de-serment-de-721-jeunes-gendarmes-au-tribunal-de-lome\/#primaryimage","url":"https:\/\/lavoixdelanation.tg\/wp-content\/uploads\/2026\/05\/Prestation-de-serment-des-Gendarmes-a-Lome.jpg","contentUrl":"https:\/\/lavoixdelanation.tg\/wp-content\/uploads\/2026\/05\/Prestation-de-serment-des-Gendarmes-a-Lome.jpg","width":1080,"height":720},{"@type":"BreadcrumbList","@id":"https:\/\/lavoixdelanation.tg\/index.php\/2026\/05\/01\/togo-prestation-de-serment-de-721-jeunes-gendarmes-au-tribunal-de-lome\/#breadcrumb","itemListElement":[{"@type":"ListItem","position":1,"name":"Accueil","item":"https:\/\/lavoixdelanation.tg\/"},{"@type":"ListItem","position":2,"name":"Togo\u00a0: Prestation de serment de 721 jeunes gendarmes au Tribunal de Lom\u00e9"}]},{"@type":"WebSite","@id":"https:\/\/lavoixdelanation.tg\/#website","url":"https:\/\/lavoixdelanation.tg\/","name":"La Voix de la Nation","description":"R\u00e9c\u00e9piss\u00e9 n\u00b00108\/HAAC\/01-2024\/pl\/P","publisher":{"@id":"https:\/\/lavoixdelanation.tg\/#organization"},"alternateName":"VON","potentialAction":[{"@type":"SearchAction","target":{"@type":"EntryPoint","urlTemplate":"https:\/\/lavoixdelanation.tg\/?s={search_term_string}"},"query-input":{"@type":"PropertyValueSpecification","valueRequired":true,"valueName":"search_term_string"}}],"inLanguage":"fr-FR"},{"@type":"Organization","@id":"https:\/\/lavoixdelanation.tg\/#organization","name":"La Voix de la Nation","url":"https:\/\/lavoixdelanation.tg\/","logo":{"@type":"ImageObject","inLanguage":"fr-FR","@id":"https:\/\/lavoixdelanation.tg\/#\/schema\/logo\/image\/","url":"https:\/\/lavoixdelanation.tg\/wp-content\/uploads\/2024\/12\/lavn-1.png","contentUrl":"https:\/\/lavoixdelanation.tg\/wp-content\/uploads\/2024\/12\/lavn-1.png","width":1024,"height":464,"caption":"La Voix de la Nation"},"image":{"@id":"https:\/\/lavoixdelanation.tg\/#\/schema\/logo\/image\/"},"sameAs":["https:\/\/www.facebook.com\/lavoixdelanation"]},{"@type":"Person","@id":"https:\/\/lavoixdelanation.tg\/#\/schema\/person\/6c489293aa38053673a9e554acb6e224","name":"La voix de la nation","image":{"@type":"ImageObject","inLanguage":"fr-FR","@id":"https:\/\/lavoixdelanation.tg\/#\/schema\/person\/image\/","url":"https:\/\/secure.gravatar.com\/avatar\/8aa135d4bbc794494cecaa8d483f6d6cc1023624868deaff686baed5e727a5a1?s=96&d=mm&r=g","contentUrl":"https:\/\/secure.gravatar.com\/avatar\/8aa135d4bbc794494cecaa8d483f6d6cc1023624868deaff686baed5e727a5a1?s=96&d=mm&r=g","caption":"La voix de la nation"},"sameAs":["https:\/\/lavoixdelanation.tg"],"url":"https:\/\/lavoixdelanation.tg\/index.php\/author\/lavn\/"}]}},"_links":{"self":[{"href":"https:\/\/lavoixdelanation.tg\/index.php\/wp-json\/wp\/v2\/posts\/16002","targetHints":{"allow":["GET"]}}],"collection":[{"href":"https:\/\/lavoixdelanation.tg\/index.php\/wp-json\/wp\/v2\/posts"}],"about":[{"href":"https:\/\/lavoixdelanation.tg\/index.php\/wp-json\/wp\/v2\/types\/post"}],"author":[{"embeddable":true,"href":"https:\/\/lavoixdelanation.tg\/index.php\/wp-json\/wp\/v2\/users\/1"}],"replies":[{"embeddable":true,"href":"https:\/\/lavoixdelanation.tg\/index.php\/wp-json\/wp\/v2\/comments?post=16002"}],"version-history":[{"count":1,"href":"https:\/\/lavoixdelanation.tg\/index.php\/wp-json\/wp\/v2\/posts\/16002\/revisions"}],"predecessor-version":[{"id":16005,"href":"https:\/\/lavoixdelanation.tg\/index.php\/wp-json\/wp\/v2\/posts\/16002\/revisions\/16005"}],"wp:featuredmedia":[{"embeddable":true,"href":"https:\/\/lavoixdelanation.tg\/index.php\/wp-json\/wp\/v2\/media\/16003"}],"wp:attachment":[{"href":"https:\/\/lavoixdelanation.tg\/index.php\/wp-json\/wp\/v2\/media?parent=16002"}],"wp:term":[{"taxonomy":"category","embeddable":true,"href":"https:\/\/lavoixdelanation.tg\/index.php\/wp-json\/wp\/v2\/categories?post=16002"},{"taxonomy":"post_tag","embeddable":true,"href":"https:\/\/lavoixdelanation.tg\/index.php\/wp-json\/wp\/v2\/tags?post=16002"}],"curies":[{"name":"wp","href":"https:\/\/api.w.org\/{rel}","templated":true}]}}