{"id":15990,"date":"2026-04-29T17:38:00","date_gmt":"2026-04-29T15:38:00","guid":{"rendered":"https:\/\/lavoixdelanation.tg\/?p=15990"},"modified":"2026-04-30T00:58:47","modified_gmt":"2026-04-29T22:58:47","slug":"togo-des-responsables-dentreprises-et-dorganisations-formes-en-leadership-par-le-cfel","status":"publish","type":"post","link":"https:\/\/lavoixdelanation.tg\/index.php\/2026\/04\/29\/togo-des-responsables-dentreprises-et-dorganisations-formes-en-leadership-par-le-cfel\/","title":{"rendered":"Togo\u00a0: Des responsables d\u2019entreprises et d\u2019organisations form\u00e9s en leadership par le CFEL"},"content":{"rendered":"\n<p><strong>\u00ab&nbsp;Leadership dans la gouvernance des organisations publiques, priv\u00e9es, sociales et des collectivit\u00e9s territoriales en Afrique&nbsp;\u00bb&nbsp;: c\u2019est le th\u00e8me au centre d\u2019une session de formation organis\u00e9e ce samedi 25 avril 2026 \u00e0 Lom\u00e9 par le Centre de Formation Etincelle Light (CFEL), en partenariat avec l\u2019H\u00f4tel 2 F\u00e9vrier.<\/strong><\/p>\n\n\n\n<p>Ils sont en effet des dirigeants d\u2019entreprises publiques et priv\u00e9es, de collectivit\u00e9s territoriales et d\u2019organisations sociales \u00e0 prendre part \u00e0 cette formation qui vise notamment \u00e0 renforcer leur capacit\u00e9s en leadership pour accro\u00eetre leur influence dans la gouvernance de leurs organisations.<\/p>\n\n\n\n<p>Le Directeur du Centre de Formation Etincelle Light, Ako\u00e9t\u00e9 Adj\u00e9wonu a expliqu\u00e9 qu\u2019au regard de l\u2019\u00e9volution des secteurs d\u2019activit\u00e9s dans un contexte de forte concurrence, d\u2019exigence accrue des clients et de transformation rapide des pratiques, le leadership devient un levier strat\u00e9gique incontournable.<\/p>\n\n\n\n<figure class=\"wp-block-image size-full is-resized\"><img loading=\"lazy\" decoding=\"async\" width=\"700\" height=\"459\" src=\"https:\/\/lavoixdelanation.tg\/wp-content\/uploads\/2026\/04\/Des-responsables-dorganisations-formes-en-leadership-par-le-CFEL-a-Lome.jpeg\" alt=\"\" class=\"wp-image-15992\" style=\"aspect-ratio:1.5251063829787235;width:809px;height:auto\" srcset=\"https:\/\/lavoixdelanation.tg\/wp-content\/uploads\/2026\/04\/Des-responsables-dorganisations-formes-en-leadership-par-le-CFEL-a-Lome.jpeg 700w, https:\/\/lavoixdelanation.tg\/wp-content\/uploads\/2026\/04\/Des-responsables-dorganisations-formes-en-leadership-par-le-CFEL-a-Lome-300x197.jpeg 300w\" sizes=\"auto, (max-width: 700px) 100vw, 700px\" \/><\/figure>\n\n\n\n<p>\u00ab&nbsp;Il permet non seulement d\u2019am\u00e9liorer les performances, mais aussi de cr\u00e9er un environnement de travail motivant, propice \u00e0 l\u2019engagement et \u00e0 la fid\u00e9lisation des collaborateurs&nbsp;\u00bb, a-t-il pr\u00e9cis\u00e9.<\/p>\n\n\n\n<p>L\u2019animation de cette formation a \u00e9t\u00e9 conduite dans une approche participative par trois (3) personnes-ressources, experts consultants de haut niveau ayant des exp\u00e9riences av\u00e9r\u00e9es en leadership et management des entreprises.<\/p>\n\n\n\n<p>Il s\u2019agit notamment d\u2019Comlan Edmond AMOUSSOU (Expert en Organisation et Management des Ressources Humaines. Il est expert en gouvernance des entreprises priv\u00e9es), Komlan Mensah AWUNO (Administrateur civil de classe exceptionnelle, ex-Directeur g\u00e9n\u00e9ral de la Fonction publique au Togo, consultant international. Expert en gouvernance des organisations publiques) et de Gilles Lazare AKOMAGNI (Expert consultant international en gouvernance des entreprises).<\/p>\n\n\n\n<p>Les \u00e9changes ont essentiellement port\u00e9 sur le \u00a0concept de gouvernance et la structuration-type des diff\u00e9rentes formes d\u2019organisation, le concept de leadership, sa typologie ainsi que ses niveaux dans les organisations.<\/p>\n\n\n\n<p>La session a \u00e9galement servi de cadre de partage des approches de leadership pour am\u00e9liorer les r\u00e9sultats des organisations, et des \u00e9tudes de cas de leadership africain incontestable<\/p>\n\n\n\n<p>Au demeurant, \u00e0 travers cette formation de haut niveau, le CFEF r\u00e9affirme encore une fois son leadership en mati\u00e8re d\u2019accompagnement des organisations publiques et priv\u00e9es, de m\u00eame que les entreprises sociales pour le d\u00e9veloppement durable de leurs activit\u00e9s.<\/p>\n\n\n\n<p><strong>David S.<\/strong><\/p>\n","protected":false},"excerpt":{"rendered":"<p>\u00ab&nbsp;Leadership dans la gouvernance des organisations publiques, priv\u00e9es, sociales et des collectivit\u00e9s territoriales en Afrique&nbsp;\u00bb&nbsp;: c\u2019est le th\u00e8me au centre d\u2019une session de formation organis\u00e9e ce samedi 25 avril 2026&hellip; <\/p>\n","protected":false},"author":1,"featured_media":15991,"comment_status":"open","ping_status":"closed","sticky":false,"template":"","format":"standard","meta":{"footnotes":""},"categories":[10],"tags":[793,1058,1059,795,39],"class_list":["post-15990","post","type-post","status-publish","format-standard","has-post-thumbnail","hentry","category-education","tag-centre-de-formation","tag-cfel","tag-etincelle-light-2","tag-leadership","tag-togo"],"yoast_head":"<!-- This site is optimized with the Yoast SEO plugin v26.4 - https:\/\/yoast.com\/wordpress\/plugins\/seo\/ -->\n<title>Togo\u00a0: Des responsables d\u2019entreprises et d\u2019organisations form\u00e9s en leadership par le CFEL - La Voix de la Nation<\/title>\n<meta name=\"robots\" content=\"index, follow, max-snippet:-1, max-image-preview:large, max-video-preview:-1\" \/>\n<link rel=\"canonical\" href=\"https:\/\/lavoixdelanation.tg\/index.php\/2026\/04\/29\/togo-des-responsables-dentreprises-et-dorganisations-formes-en-leadership-par-le-cfel\/\" \/>\n<meta property=\"og:locale\" content=\"fr_FR\" \/>\n<meta property=\"og:type\" content=\"article\" \/>\n<meta property=\"og:title\" content=\"Togo\u00a0: Des responsables d\u2019entreprises et d\u2019organisations form\u00e9s en leadership par le CFEL - La Voix de la Nation\" \/>\n<meta property=\"og:description\" content=\"\u00ab&nbsp;Leadership dans la gouvernance des organisations publiques, priv\u00e9es, sociales et des collectivit\u00e9s territoriales en Afrique&nbsp;\u00bb&nbsp;: c\u2019est le th\u00e8me au centre d\u2019une session de formation organis\u00e9e ce samedi 25 avril 2026&hellip;\" \/>\n<meta property=\"og:url\" content=\"https:\/\/lavoixdelanation.tg\/index.php\/2026\/04\/29\/togo-des-responsables-dentreprises-et-dorganisations-formes-en-leadership-par-le-cfel\/\" \/>\n<meta property=\"og:site_name\" content=\"La Voix de la Nation\" \/>\n<meta property=\"article:publisher\" content=\"https:\/\/www.facebook.com\/lavoixdelanation\" \/>\n<meta property=\"article:published_time\" content=\"2026-04-29T15:38:00+00:00\" \/>\n<meta property=\"article:modified_time\" content=\"2026-04-29T22:58:47+00:00\" \/>\n<meta property=\"og:image\" content=\"https:\/\/lavoixdelanation.tg\/wp-content\/uploads\/2026\/04\/Des-responsables-dorganisations-formes-en-leadership-par-le-CFEL.jpeg\" \/>\n\t<meta property=\"og:image:width\" content=\"800\" \/>\n\t<meta property=\"og:image:height\" content=\"519\" \/>\n\t<meta property=\"og:image:type\" content=\"image\/jpeg\" \/>\n<meta name=\"author\" content=\"La voix de la nation\" \/>\n<meta name=\"twitter:card\" content=\"summary_large_image\" \/>\n<meta name=\"twitter:label1\" content=\"\u00c9crit par\" \/>\n\t<meta name=\"twitter:data1\" content=\"La voix de la nation\" \/>\n\t<meta name=\"twitter:label2\" content=\"Dur\u00e9e de lecture estim\u00e9e\" \/>\n\t<meta name=\"twitter:data2\" content=\"3 minutes\" \/>\n<script type=\"application\/ld+json\" class=\"yoast-schema-graph\">{\"@context\":\"https:\/\/schema.org\",\"@graph\":[{\"@type\":\"Article\",\"@id\":\"https:\/\/lavoixdelanation.tg\/index.php\/2026\/04\/29\/togo-des-responsables-dentreprises-et-dorganisations-formes-en-leadership-par-le-cfel\/#article\",\"isPartOf\":{\"@id\":\"https:\/\/lavoixdelanation.tg\/index.php\/2026\/04\/29\/togo-des-responsables-dentreprises-et-dorganisations-formes-en-leadership-par-le-cfel\/\"},\"author\":{\"name\":\"La voix de la nation\",\"@id\":\"https:\/\/lavoixdelanation.tg\/#\/schema\/person\/6c489293aa38053673a9e554acb6e224\"},\"headline\":\"Togo\u00a0: Des responsables d\u2019entreprises et d\u2019organisations form\u00e9s en leadership par le CFEL\",\"datePublished\":\"2026-04-29T15:38:00+00:00\",\"dateModified\":\"2026-04-29T22:58:47+00:00\",\"mainEntityOfPage\":{\"@id\":\"https:\/\/lavoixdelanation.tg\/index.php\/2026\/04\/29\/togo-des-responsables-dentreprises-et-dorganisations-formes-en-leadership-par-le-cfel\/\"},\"wordCount\":400,\"commentCount\":0,\"publisher\":{\"@id\":\"https:\/\/lavoixdelanation.tg\/#organization\"},\"image\":{\"@id\":\"https:\/\/lavoixdelanation.tg\/index.php\/2026\/04\/29\/togo-des-responsables-dentreprises-et-dorganisations-formes-en-leadership-par-le-cfel\/#primaryimage\"},\"thumbnailUrl\":\"https:\/\/lavoixdelanation.tg\/wp-content\/uploads\/2026\/04\/Des-responsables-dorganisations-formes-en-leadership-par-le-CFEL.jpeg\",\"keywords\":[\"Centre de Formation\",\"CFEL\",\"Etincelle Light\",\"Leadership\",\"Togo\"],\"articleSection\":[\"Education\"],\"inLanguage\":\"fr-FR\",\"potentialAction\":[{\"@type\":\"CommentAction\",\"name\":\"Comment\",\"target\":[\"https:\/\/lavoixdelanation.tg\/index.php\/2026\/04\/29\/togo-des-responsables-dentreprises-et-dorganisations-formes-en-leadership-par-le-cfel\/#respond\"]}]},{\"@type\":\"WebPage\",\"@id\":\"https:\/\/lavoixdelanation.tg\/index.php\/2026\/04\/29\/togo-des-responsables-dentreprises-et-dorganisations-formes-en-leadership-par-le-cfel\/\",\"url\":\"https:\/\/lavoixdelanation.tg\/index.php\/2026\/04\/29\/togo-des-responsables-dentreprises-et-dorganisations-formes-en-leadership-par-le-cfel\/\",\"name\":\"Togo\u00a0: Des responsables d\u2019entreprises et d\u2019organisations form\u00e9s en leadership par le CFEL - La Voix de la Nation\",\"isPartOf\":{\"@id\":\"https:\/\/lavoixdelanation.tg\/#website\"},\"primaryImageOfPage\":{\"@id\":\"https:\/\/lavoixdelanation.tg\/index.php\/2026\/04\/29\/togo-des-responsables-dentreprises-et-dorganisations-formes-en-leadership-par-le-cfel\/#primaryimage\"},\"image\":{\"@id\":\"https:\/\/lavoixdelanation.tg\/index.php\/2026\/04\/29\/togo-des-responsables-dentreprises-et-dorganisations-formes-en-leadership-par-le-cfel\/#primaryimage\"},\"thumbnailUrl\":\"https:\/\/lavoixdelanation.tg\/wp-content\/uploads\/2026\/04\/Des-responsables-dorganisations-formes-en-leadership-par-le-CFEL.jpeg\",\"datePublished\":\"2026-04-29T15:38:00+00:00\",\"dateModified\":\"2026-04-29T22:58:47+00:00\",\"breadcrumb\":{\"@id\":\"https:\/\/lavoixdelanation.tg\/index.php\/2026\/04\/29\/togo-des-responsables-dentreprises-et-dorganisations-formes-en-leadership-par-le-cfel\/#breadcrumb\"},\"inLanguage\":\"fr-FR\",\"potentialAction\":[{\"@type\":\"ReadAction\",\"target\":[\"https:\/\/lavoixdelanation.tg\/index.php\/2026\/04\/29\/togo-des-responsables-dentreprises-et-dorganisations-formes-en-leadership-par-le-cfel\/\"]}]},{\"@type\":\"ImageObject\",\"inLanguage\":\"fr-FR\",\"@id\":\"https:\/\/lavoixdelanation.tg\/index.php\/2026\/04\/29\/togo-des-responsables-dentreprises-et-dorganisations-formes-en-leadership-par-le-cfel\/#primaryimage\",\"url\":\"https:\/\/lavoixdelanation.tg\/wp-content\/uploads\/2026\/04\/Des-responsables-dorganisations-formes-en-leadership-par-le-CFEL.jpeg\",\"contentUrl\":\"https:\/\/lavoixdelanation.tg\/wp-content\/uploads\/2026\/04\/Des-responsables-dorganisations-formes-en-leadership-par-le-CFEL.jpeg\",\"width\":800,\"height\":519},{\"@type\":\"BreadcrumbList\",\"@id\":\"https:\/\/lavoixdelanation.tg\/index.php\/2026\/04\/29\/togo-des-responsables-dentreprises-et-dorganisations-formes-en-leadership-par-le-cfel\/#breadcrumb\",\"itemListElement\":[{\"@type\":\"ListItem\",\"position\":1,\"name\":\"Accueil\",\"item\":\"https:\/\/lavoixdelanation.tg\/\"},{\"@type\":\"ListItem\",\"position\":2,\"name\":\"Togo\u00a0: Des responsables d\u2019entreprises et d\u2019organisations form\u00e9s en leadership par le CFEL\"}]},{\"@type\":\"WebSite\",\"@id\":\"https:\/\/lavoixdelanation.tg\/#website\",\"url\":\"https:\/\/lavoixdelanation.tg\/\",\"name\":\"La Voix de la Nation\",\"description\":\"R\u00e9c\u00e9piss\u00e9 n\u00b00108\/HAAC\/01-2024\/pl\/P\",\"publisher\":{\"@id\":\"https:\/\/lavoixdelanation.tg\/#organization\"},\"alternateName\":\"VON\",\"potentialAction\":[{\"@type\":\"SearchAction\",\"target\":{\"@type\":\"EntryPoint\",\"urlTemplate\":\"https:\/\/lavoixdelanation.tg\/?s={search_term_string}\"},\"query-input\":{\"@type\":\"PropertyValueSpecification\",\"valueRequired\":true,\"valueName\":\"search_term_string\"}}],\"inLanguage\":\"fr-FR\"},{\"@type\":\"Organization\",\"@id\":\"https:\/\/lavoixdelanation.tg\/#organization\",\"name\":\"La Voix de la Nation\",\"url\":\"https:\/\/lavoixdelanation.tg\/\",\"logo\":{\"@type\":\"ImageObject\",\"inLanguage\":\"fr-FR\",\"@id\":\"https:\/\/lavoixdelanation.tg\/#\/schema\/logo\/image\/\",\"url\":\"https:\/\/lavoixdelanation.tg\/wp-content\/uploads\/2024\/12\/lavn-1.png\",\"contentUrl\":\"https:\/\/lavoixdelanation.tg\/wp-content\/uploads\/2024\/12\/lavn-1.png\",\"width\":1024,\"height\":464,\"caption\":\"La Voix de la Nation\"},\"image\":{\"@id\":\"https:\/\/lavoixdelanation.tg\/#\/schema\/logo\/image\/\"},\"sameAs\":[\"https:\/\/www.facebook.com\/lavoixdelanation\"]},{\"@type\":\"Person\",\"@id\":\"https:\/\/lavoixdelanation.tg\/#\/schema\/person\/6c489293aa38053673a9e554acb6e224\",\"name\":\"La voix de la nation\",\"image\":{\"@type\":\"ImageObject\",\"inLanguage\":\"fr-FR\",\"@id\":\"https:\/\/lavoixdelanation.tg\/#\/schema\/person\/image\/\",\"url\":\"https:\/\/secure.gravatar.com\/avatar\/8aa135d4bbc794494cecaa8d483f6d6cc1023624868deaff686baed5e727a5a1?s=96&d=mm&r=g\",\"contentUrl\":\"https:\/\/secure.gravatar.com\/avatar\/8aa135d4bbc794494cecaa8d483f6d6cc1023624868deaff686baed5e727a5a1?s=96&d=mm&r=g\",\"caption\":\"La voix de la nation\"},\"sameAs\":[\"https:\/\/lavoixdelanation.tg\"],\"url\":\"https:\/\/lavoixdelanation.tg\/index.php\/author\/lavn\/\"}]}<\/script>\n<!-- \/ Yoast SEO plugin. -->","yoast_head_json":{"title":"Togo\u00a0: Des responsables d\u2019entreprises et d\u2019organisations form\u00e9s en leadership par le CFEL - La Voix de la Nation","robots":{"index":"index","follow":"follow","max-snippet":"max-snippet:-1","max-image-preview":"max-image-preview:large","max-video-preview":"max-video-preview:-1"},"canonical":"https:\/\/lavoixdelanation.tg\/index.php\/2026\/04\/29\/togo-des-responsables-dentreprises-et-dorganisations-formes-en-leadership-par-le-cfel\/","og_locale":"fr_FR","og_type":"article","og_title":"Togo\u00a0: Des responsables d\u2019entreprises et d\u2019organisations form\u00e9s en leadership par le CFEL - La Voix de la Nation","og_description":"\u00ab&nbsp;Leadership dans la gouvernance des organisations publiques, priv\u00e9es, sociales et des collectivit\u00e9s territoriales en Afrique&nbsp;\u00bb&nbsp;: c\u2019est le th\u00e8me au centre d\u2019une session de formation organis\u00e9e ce samedi 25 avril 2026&hellip;","og_url":"https:\/\/lavoixdelanation.tg\/index.php\/2026\/04\/29\/togo-des-responsables-dentreprises-et-dorganisations-formes-en-leadership-par-le-cfel\/","og_site_name":"La Voix de la Nation","article_publisher":"https:\/\/www.facebook.com\/lavoixdelanation","article_published_time":"2026-04-29T15:38:00+00:00","article_modified_time":"2026-04-29T22:58:47+00:00","og_image":[{"width":800,"height":519,"url":"https:\/\/lavoixdelanation.tg\/wp-content\/uploads\/2026\/04\/Des-responsables-dorganisations-formes-en-leadership-par-le-CFEL.jpeg","type":"image\/jpeg"}],"author":"La voix de la nation","twitter_card":"summary_large_image","twitter_misc":{"\u00c9crit par":"La voix de la nation","Dur\u00e9e de lecture estim\u00e9e":"3 minutes"},"schema":{"@context":"https:\/\/schema.org","@graph":[{"@type":"Article","@id":"https:\/\/lavoixdelanation.tg\/index.php\/2026\/04\/29\/togo-des-responsables-dentreprises-et-dorganisations-formes-en-leadership-par-le-cfel\/#article","isPartOf":{"@id":"https:\/\/lavoixdelanation.tg\/index.php\/2026\/04\/29\/togo-des-responsables-dentreprises-et-dorganisations-formes-en-leadership-par-le-cfel\/"},"author":{"name":"La voix de la nation","@id":"https:\/\/lavoixdelanation.tg\/#\/schema\/person\/6c489293aa38053673a9e554acb6e224"},"headline":"Togo\u00a0: Des responsables d\u2019entreprises et d\u2019organisations form\u00e9s en leadership par le CFEL","datePublished":"2026-04-29T15:38:00+00:00","dateModified":"2026-04-29T22:58:47+00:00","mainEntityOfPage":{"@id":"https:\/\/lavoixdelanation.tg\/index.php\/2026\/04\/29\/togo-des-responsables-dentreprises-et-dorganisations-formes-en-leadership-par-le-cfel\/"},"wordCount":400,"commentCount":0,"publisher":{"@id":"https:\/\/lavoixdelanation.tg\/#organization"},"image":{"@id":"https:\/\/lavoixdelanation.tg\/index.php\/2026\/04\/29\/togo-des-responsables-dentreprises-et-dorganisations-formes-en-leadership-par-le-cfel\/#primaryimage"},"thumbnailUrl":"https:\/\/lavoixdelanation.tg\/wp-content\/uploads\/2026\/04\/Des-responsables-dorganisations-formes-en-leadership-par-le-CFEL.jpeg","keywords":["Centre de Formation","CFEL","Etincelle Light","Leadership","Togo"],"articleSection":["Education"],"inLanguage":"fr-FR","potentialAction":[{"@type":"CommentAction","name":"Comment","target":["https:\/\/lavoixdelanation.tg\/index.php\/2026\/04\/29\/togo-des-responsables-dentreprises-et-dorganisations-formes-en-leadership-par-le-cfel\/#respond"]}]},{"@type":"WebPage","@id":"https:\/\/lavoixdelanation.tg\/index.php\/2026\/04\/29\/togo-des-responsables-dentreprises-et-dorganisations-formes-en-leadership-par-le-cfel\/","url":"https:\/\/lavoixdelanation.tg\/index.php\/2026\/04\/29\/togo-des-responsables-dentreprises-et-dorganisations-formes-en-leadership-par-le-cfel\/","name":"Togo\u00a0: Des responsables d\u2019entreprises et d\u2019organisations form\u00e9s en leadership par le CFEL - La Voix de la Nation","isPartOf":{"@id":"https:\/\/lavoixdelanation.tg\/#website"},"primaryImageOfPage":{"@id":"https:\/\/lavoixdelanation.tg\/index.php\/2026\/04\/29\/togo-des-responsables-dentreprises-et-dorganisations-formes-en-leadership-par-le-cfel\/#primaryimage"},"image":{"@id":"https:\/\/lavoixdelanation.tg\/index.php\/2026\/04\/29\/togo-des-responsables-dentreprises-et-dorganisations-formes-en-leadership-par-le-cfel\/#primaryimage"},"thumbnailUrl":"https:\/\/lavoixdelanation.tg\/wp-content\/uploads\/2026\/04\/Des-responsables-dorganisations-formes-en-leadership-par-le-CFEL.jpeg","datePublished":"2026-04-29T15:38:00+00:00","dateModified":"2026-04-29T22:58:47+00:00","breadcrumb":{"@id":"https:\/\/lavoixdelanation.tg\/index.php\/2026\/04\/29\/togo-des-responsables-dentreprises-et-dorganisations-formes-en-leadership-par-le-cfel\/#breadcrumb"},"inLanguage":"fr-FR","potentialAction":[{"@type":"ReadAction","target":["https:\/\/lavoixdelanation.tg\/index.php\/2026\/04\/29\/togo-des-responsables-dentreprises-et-dorganisations-formes-en-leadership-par-le-cfel\/"]}]},{"@type":"ImageObject","inLanguage":"fr-FR","@id":"https:\/\/lavoixdelanation.tg\/index.php\/2026\/04\/29\/togo-des-responsables-dentreprises-et-dorganisations-formes-en-leadership-par-le-cfel\/#primaryimage","url":"https:\/\/lavoixdelanation.tg\/wp-content\/uploads\/2026\/04\/Des-responsables-dorganisations-formes-en-leadership-par-le-CFEL.jpeg","contentUrl":"https:\/\/lavoixdelanation.tg\/wp-content\/uploads\/2026\/04\/Des-responsables-dorganisations-formes-en-leadership-par-le-CFEL.jpeg","width":800,"height":519},{"@type":"BreadcrumbList","@id":"https:\/\/lavoixdelanation.tg\/index.php\/2026\/04\/29\/togo-des-responsables-dentreprises-et-dorganisations-formes-en-leadership-par-le-cfel\/#breadcrumb","itemListElement":[{"@type":"ListItem","position":1,"name":"Accueil","item":"https:\/\/lavoixdelanation.tg\/"},{"@type":"ListItem","position":2,"name":"Togo\u00a0: Des responsables d\u2019entreprises et d\u2019organisations form\u00e9s en leadership par le CFEL"}]},{"@type":"WebSite","@id":"https:\/\/lavoixdelanation.tg\/#website","url":"https:\/\/lavoixdelanation.tg\/","name":"La Voix de la Nation","description":"R\u00e9c\u00e9piss\u00e9 n\u00b00108\/HAAC\/01-2024\/pl\/P","publisher":{"@id":"https:\/\/lavoixdelanation.tg\/#organization"},"alternateName":"VON","potentialAction":[{"@type":"SearchAction","target":{"@type":"EntryPoint","urlTemplate":"https:\/\/lavoixdelanation.tg\/?s={search_term_string}"},"query-input":{"@type":"PropertyValueSpecification","valueRequired":true,"valueName":"search_term_string"}}],"inLanguage":"fr-FR"},{"@type":"Organization","@id":"https:\/\/lavoixdelanation.tg\/#organization","name":"La Voix de la Nation","url":"https:\/\/lavoixdelanation.tg\/","logo":{"@type":"ImageObject","inLanguage":"fr-FR","@id":"https:\/\/lavoixdelanation.tg\/#\/schema\/logo\/image\/","url":"https:\/\/lavoixdelanation.tg\/wp-content\/uploads\/2024\/12\/lavn-1.png","contentUrl":"https:\/\/lavoixdelanation.tg\/wp-content\/uploads\/2024\/12\/lavn-1.png","width":1024,"height":464,"caption":"La Voix de la Nation"},"image":{"@id":"https:\/\/lavoixdelanation.tg\/#\/schema\/logo\/image\/"},"sameAs":["https:\/\/www.facebook.com\/lavoixdelanation"]},{"@type":"Person","@id":"https:\/\/lavoixdelanation.tg\/#\/schema\/person\/6c489293aa38053673a9e554acb6e224","name":"La voix de la nation","image":{"@type":"ImageObject","inLanguage":"fr-FR","@id":"https:\/\/lavoixdelanation.tg\/#\/schema\/person\/image\/","url":"https:\/\/secure.gravatar.com\/avatar\/8aa135d4bbc794494cecaa8d483f6d6cc1023624868deaff686baed5e727a5a1?s=96&d=mm&r=g","contentUrl":"https:\/\/secure.gravatar.com\/avatar\/8aa135d4bbc794494cecaa8d483f6d6cc1023624868deaff686baed5e727a5a1?s=96&d=mm&r=g","caption":"La voix de la nation"},"sameAs":["https:\/\/lavoixdelanation.tg"],"url":"https:\/\/lavoixdelanation.tg\/index.php\/author\/lavn\/"}]}},"_links":{"self":[{"href":"https:\/\/lavoixdelanation.tg\/index.php\/wp-json\/wp\/v2\/posts\/15990","targetHints":{"allow":["GET"]}}],"collection":[{"href":"https:\/\/lavoixdelanation.tg\/index.php\/wp-json\/wp\/v2\/posts"}],"about":[{"href":"https:\/\/lavoixdelanation.tg\/index.php\/wp-json\/wp\/v2\/types\/post"}],"author":[{"embeddable":true,"href":"https:\/\/lavoixdelanation.tg\/index.php\/wp-json\/wp\/v2\/users\/1"}],"replies":[{"embeddable":true,"href":"https:\/\/lavoixdelanation.tg\/index.php\/wp-json\/wp\/v2\/comments?post=15990"}],"version-history":[{"count":2,"href":"https:\/\/lavoixdelanation.tg\/index.php\/wp-json\/wp\/v2\/posts\/15990\/revisions"}],"predecessor-version":[{"id":15995,"href":"https:\/\/lavoixdelanation.tg\/index.php\/wp-json\/wp\/v2\/posts\/15990\/revisions\/15995"}],"wp:featuredmedia":[{"embeddable":true,"href":"https:\/\/lavoixdelanation.tg\/index.php\/wp-json\/wp\/v2\/media\/15991"}],"wp:attachment":[{"href":"https:\/\/lavoixdelanation.tg\/index.php\/wp-json\/wp\/v2\/media?parent=15990"}],"wp:term":[{"taxonomy":"category","embeddable":true,"href":"https:\/\/lavoixdelanation.tg\/index.php\/wp-json\/wp\/v2\/categories?post=15990"},{"taxonomy":"post_tag","embeddable":true,"href":"https:\/\/lavoixdelanation.tg\/index.php\/wp-json\/wp\/v2\/tags?post=15990"}],"curies":[{"name":"wp","href":"https:\/\/api.w.org\/{rel}","templated":true}]}}