{"id":15987,"date":"2026-04-29T10:15:00","date_gmt":"2026-04-29T08:15:00","guid":{"rendered":"https:\/\/lavoixdelanation.tg\/?p=15987"},"modified":"2026-04-29T17:24:17","modified_gmt":"2026-04-29T15:24:17","slug":"togo-faure-gnassingbe-annonce-des-consultations-pour-la-nouvelle-feuille-de-route-gouvernementale-2026-2031","status":"publish","type":"post","link":"https:\/\/lavoixdelanation.tg\/index.php\/2026\/04\/29\/togo-faure-gnassingbe-annonce-des-consultations-pour-la-nouvelle-feuille-de-route-gouvernementale-2026-2031\/","title":{"rendered":"Togo\u00a0: Faure Gnassingb\u00e9 annonce des consultations pour la nouvelle feuille de route gouvernementale 2026-2031"},"content":{"rendered":"\n<p><strong>Le Togo entame l\u2019\u00e9laboration de sa nouvelle feuille de route gouvernementale pour le compte de p\u00e9riode 2026-2031. Des consultations sont \u00e0 cet effet annonc\u00e9es dans les prochaines semaines dans une approche inclusive pour une r\u00e9ussite de la strat\u00e9gie.<\/strong><\/p>\n\n\n\n<p>L\u2019annonce a \u00e9t\u00e9 faite par le Pr\u00e9sident du Conseil Faure Gnassingb\u00e9 ce 27 avril 2026 lors de son adresse \u00e0 la Nation, \u00e0 l\u2019occasion du 66\u00e8 anniversaire de l\u2019ind\u00e9pendance du Togo.<\/p>\n\n\n\n<p>\u00ab&nbsp;Dans les prochaines semaines, une phase d\u2019\u00e9changes sera engag\u00e9e, avec les institutions, avec le secteur priv\u00e9, avec la soci\u00e9t\u00e9 civile, avec nos partenaires, pour enrichir la r\u00e9flexion du gouvernement autour de l\u2019\u00e9laboration de cette feuille de route. Pour la partager. Pour la parfaire. Pour la faire vivre. Car cette strat\u00e9gie ne peut r\u00e9ussir que si elle vous appartient \u00e0 tous&nbsp;\u00bb, a en effet d\u00e9clar\u00e9 Faure Gnassingb\u00e9.<\/p>\n\n\n\n<p>\u00ab&nbsp;(\u2026) l\u2019avenir du Togo se construira avec tous les Togolais. Une strat\u00e9gie, aussi bonne soit-elle, ne r\u00e9ussit pas seule. Elle ne r\u00e9ussit que si elle est port\u00e9e, partag\u00e9e, appropri\u00e9e. La V<sup>e<\/sup>&nbsp;R\u00e9publique nous engage \u00e0 changer notre mani\u00e8re de faire. Je souhaite une action publique plus ouverte, plus concert\u00e9e, plus responsable&nbsp;\u00bb, a-t-il fait savoir.<\/p>\n\n\n\n<p>Pour rappel, le processus de formulation des programmes de la Feuille de route gouvernementale 2026-2031 a \u00e9t\u00e9 lanc\u00e9 les 7 et 8 avril 2026 \u00e0 Lom\u00e9, sur la base des enseignements tir\u00e9s du bilan de la Feuille de route 2020-2025, de l&rsquo;analyse de la conjoncture internationale et des orientations d\u00e9finies par le Pr\u00e9sident du Conseil.<\/p>\n\n\n\n<p>Cette Feuille de route est articul\u00e9e autour des trois (3) axes strat\u00e9giques pr\u00e9c\u00e9demment \u00e9nonc\u00e9s : Prot\u00e9ger (pr\u00e9server la s\u00e9curit\u00e9, la paix et renforcer la r\u00e9silience nationale face aux crises), Rassembler (affermir le leadership r\u00e9publicain et la coh\u00e9sion nationale \u00e0 travers l&rsquo;inclusion) et Transformer \u00ab&nbsp;rendre l&rsquo;\u00e9conomie togolaise plus comp\u00e9titive, plus inclusive, et mieux pr\u00e9par\u00e9e aux d\u00e9fis du XXI\u00e8me si\u00e8cle).<\/p>\n\n\n\n<p><strong>David S.<\/strong><\/p>\n","protected":false},"excerpt":{"rendered":"<p>Le Togo entame l\u2019\u00e9laboration de sa nouvelle feuille de route gouvernementale pour le compte de p\u00e9riode 2026-2031. Des consultations sont \u00e0 cet effet annonc\u00e9es dans les prochaines semaines dans une&hellip; <\/p>\n","protected":false},"author":1,"featured_media":15988,"comment_status":"open","ping_status":"closed","sticky":false,"template":"","format":"standard","meta":{"footnotes":""},"categories":[21],"tags":[45,1431,39],"class_list":["post-15987","post","type-post","status-publish","format-standard","has-post-thumbnail","hentry","category-politique","tag-faure-gnassingbe","tag-feuille-de-route","tag-togo"],"yoast_head":"<!-- This site is optimized with the Yoast SEO plugin v26.4 - https:\/\/yoast.com\/wordpress\/plugins\/seo\/ -->\n<title>Togo\u00a0: Faure Gnassingb\u00e9 annonce des consultations pour la nouvelle feuille de route gouvernementale 2026-2031 - La Voix de la Nation<\/title>\n<meta name=\"robots\" content=\"index, follow, max-snippet:-1, max-image-preview:large, max-video-preview:-1\" \/>\n<link rel=\"canonical\" href=\"https:\/\/lavoixdelanation.tg\/index.php\/2026\/04\/29\/togo-faure-gnassingbe-annonce-des-consultations-pour-la-nouvelle-feuille-de-route-gouvernementale-2026-2031\/\" \/>\n<meta property=\"og:locale\" content=\"fr_FR\" \/>\n<meta property=\"og:type\" content=\"article\" \/>\n<meta property=\"og:title\" content=\"Togo\u00a0: Faure Gnassingb\u00e9 annonce des consultations pour la nouvelle feuille de route gouvernementale 2026-2031 - La Voix de la Nation\" \/>\n<meta property=\"og:description\" content=\"Le Togo entame l\u2019\u00e9laboration de sa nouvelle feuille de route gouvernementale pour le compte de p\u00e9riode 2026-2031. Des consultations sont \u00e0 cet effet annonc\u00e9es dans les prochaines semaines dans une&hellip;\" \/>\n<meta property=\"og:url\" content=\"https:\/\/lavoixdelanation.tg\/index.php\/2026\/04\/29\/togo-faure-gnassingbe-annonce-des-consultations-pour-la-nouvelle-feuille-de-route-gouvernementale-2026-2031\/\" \/>\n<meta property=\"og:site_name\" content=\"La Voix de la Nation\" \/>\n<meta property=\"article:publisher\" content=\"https:\/\/www.facebook.com\/lavoixdelanation\" \/>\n<meta property=\"article:published_time\" content=\"2026-04-29T08:15:00+00:00\" \/>\n<meta property=\"article:modified_time\" content=\"2026-04-29T15:24:17+00:00\" \/>\n<meta property=\"og:image\" content=\"https:\/\/lavoixdelanation.tg\/wp-content\/uploads\/2026\/04\/Faure-Gnassingbe-President-du-Conseil.jpeg\" \/>\n\t<meta property=\"og:image:width\" content=\"800\" \/>\n\t<meta property=\"og:image:height\" content=\"554\" \/>\n\t<meta property=\"og:image:type\" content=\"image\/jpeg\" \/>\n<meta name=\"author\" content=\"La voix de la nation\" \/>\n<meta name=\"twitter:card\" content=\"summary_large_image\" \/>\n<meta name=\"twitter:label1\" content=\"\u00c9crit par\" \/>\n\t<meta name=\"twitter:data1\" content=\"La voix de la nation\" \/>\n\t<meta name=\"twitter:label2\" content=\"Dur\u00e9e de lecture estim\u00e9e\" \/>\n\t<meta name=\"twitter:data2\" content=\"2 minutes\" \/>\n<script type=\"application\/ld+json\" class=\"yoast-schema-graph\">{\"@context\":\"https:\/\/schema.org\",\"@graph\":[{\"@type\":\"Article\",\"@id\":\"https:\/\/lavoixdelanation.tg\/index.php\/2026\/04\/29\/togo-faure-gnassingbe-annonce-des-consultations-pour-la-nouvelle-feuille-de-route-gouvernementale-2026-2031\/#article\",\"isPartOf\":{\"@id\":\"https:\/\/lavoixdelanation.tg\/index.php\/2026\/04\/29\/togo-faure-gnassingbe-annonce-des-consultations-pour-la-nouvelle-feuille-de-route-gouvernementale-2026-2031\/\"},\"author\":{\"name\":\"La voix de la nation\",\"@id\":\"https:\/\/lavoixdelanation.tg\/#\/schema\/person\/6c489293aa38053673a9e554acb6e224\"},\"headline\":\"Togo\u00a0: Faure Gnassingb\u00e9 annonce des consultations pour la nouvelle feuille de route gouvernementale 2026-2031\",\"datePublished\":\"2026-04-29T08:15:00+00:00\",\"dateModified\":\"2026-04-29T15:24:17+00:00\",\"mainEntityOfPage\":{\"@id\":\"https:\/\/lavoixdelanation.tg\/index.php\/2026\/04\/29\/togo-faure-gnassingbe-annonce-des-consultations-pour-la-nouvelle-feuille-de-route-gouvernementale-2026-2031\/\"},\"wordCount\":359,\"commentCount\":0,\"publisher\":{\"@id\":\"https:\/\/lavoixdelanation.tg\/#organization\"},\"image\":{\"@id\":\"https:\/\/lavoixdelanation.tg\/index.php\/2026\/04\/29\/togo-faure-gnassingbe-annonce-des-consultations-pour-la-nouvelle-feuille-de-route-gouvernementale-2026-2031\/#primaryimage\"},\"thumbnailUrl\":\"https:\/\/lavoixdelanation.tg\/wp-content\/uploads\/2026\/04\/Faure-Gnassingbe-President-du-Conseil.jpeg\",\"keywords\":[\"Faure Gnassingb\u00e9\",\"feuille de route\",\"Togo\"],\"articleSection\":[\"Politique\"],\"inLanguage\":\"fr-FR\",\"potentialAction\":[{\"@type\":\"CommentAction\",\"name\":\"Comment\",\"target\":[\"https:\/\/lavoixdelanation.tg\/index.php\/2026\/04\/29\/togo-faure-gnassingbe-annonce-des-consultations-pour-la-nouvelle-feuille-de-route-gouvernementale-2026-2031\/#respond\"]}]},{\"@type\":\"WebPage\",\"@id\":\"https:\/\/lavoixdelanation.tg\/index.php\/2026\/04\/29\/togo-faure-gnassingbe-annonce-des-consultations-pour-la-nouvelle-feuille-de-route-gouvernementale-2026-2031\/\",\"url\":\"https:\/\/lavoixdelanation.tg\/index.php\/2026\/04\/29\/togo-faure-gnassingbe-annonce-des-consultations-pour-la-nouvelle-feuille-de-route-gouvernementale-2026-2031\/\",\"name\":\"Togo\u00a0: Faure Gnassingb\u00e9 annonce des consultations pour la nouvelle feuille de route gouvernementale 2026-2031 - La Voix de la Nation\",\"isPartOf\":{\"@id\":\"https:\/\/lavoixdelanation.tg\/#website\"},\"primaryImageOfPage\":{\"@id\":\"https:\/\/lavoixdelanation.tg\/index.php\/2026\/04\/29\/togo-faure-gnassingbe-annonce-des-consultations-pour-la-nouvelle-feuille-de-route-gouvernementale-2026-2031\/#primaryimage\"},\"image\":{\"@id\":\"https:\/\/lavoixdelanation.tg\/index.php\/2026\/04\/29\/togo-faure-gnassingbe-annonce-des-consultations-pour-la-nouvelle-feuille-de-route-gouvernementale-2026-2031\/#primaryimage\"},\"thumbnailUrl\":\"https:\/\/lavoixdelanation.tg\/wp-content\/uploads\/2026\/04\/Faure-Gnassingbe-President-du-Conseil.jpeg\",\"datePublished\":\"2026-04-29T08:15:00+00:00\",\"dateModified\":\"2026-04-29T15:24:17+00:00\",\"breadcrumb\":{\"@id\":\"https:\/\/lavoixdelanation.tg\/index.php\/2026\/04\/29\/togo-faure-gnassingbe-annonce-des-consultations-pour-la-nouvelle-feuille-de-route-gouvernementale-2026-2031\/#breadcrumb\"},\"inLanguage\":\"fr-FR\",\"potentialAction\":[{\"@type\":\"ReadAction\",\"target\":[\"https:\/\/lavoixdelanation.tg\/index.php\/2026\/04\/29\/togo-faure-gnassingbe-annonce-des-consultations-pour-la-nouvelle-feuille-de-route-gouvernementale-2026-2031\/\"]}]},{\"@type\":\"ImageObject\",\"inLanguage\":\"fr-FR\",\"@id\":\"https:\/\/lavoixdelanation.tg\/index.php\/2026\/04\/29\/togo-faure-gnassingbe-annonce-des-consultations-pour-la-nouvelle-feuille-de-route-gouvernementale-2026-2031\/#primaryimage\",\"url\":\"https:\/\/lavoixdelanation.tg\/wp-content\/uploads\/2026\/04\/Faure-Gnassingbe-President-du-Conseil.jpeg\",\"contentUrl\":\"https:\/\/lavoixdelanation.tg\/wp-content\/uploads\/2026\/04\/Faure-Gnassingbe-President-du-Conseil.jpeg\",\"width\":800,\"height\":554,\"caption\":\"Faure Gnassingb\u00e9, Pr\u00e9sident du Conseil\"},{\"@type\":\"BreadcrumbList\",\"@id\":\"https:\/\/lavoixdelanation.tg\/index.php\/2026\/04\/29\/togo-faure-gnassingbe-annonce-des-consultations-pour-la-nouvelle-feuille-de-route-gouvernementale-2026-2031\/#breadcrumb\",\"itemListElement\":[{\"@type\":\"ListItem\",\"position\":1,\"name\":\"Accueil\",\"item\":\"https:\/\/lavoixdelanation.tg\/\"},{\"@type\":\"ListItem\",\"position\":2,\"name\":\"Togo\u00a0: Faure Gnassingb\u00e9 annonce des consultations pour la nouvelle feuille de route gouvernementale 2026-2031\"}]},{\"@type\":\"WebSite\",\"@id\":\"https:\/\/lavoixdelanation.tg\/#website\",\"url\":\"https:\/\/lavoixdelanation.tg\/\",\"name\":\"La Voix de la Nation\",\"description\":\"R\u00e9c\u00e9piss\u00e9 n\u00b00108\/HAAC\/01-2024\/pl\/P\",\"publisher\":{\"@id\":\"https:\/\/lavoixdelanation.tg\/#organization\"},\"alternateName\":\"VON\",\"potentialAction\":[{\"@type\":\"SearchAction\",\"target\":{\"@type\":\"EntryPoint\",\"urlTemplate\":\"https:\/\/lavoixdelanation.tg\/?s={search_term_string}\"},\"query-input\":{\"@type\":\"PropertyValueSpecification\",\"valueRequired\":true,\"valueName\":\"search_term_string\"}}],\"inLanguage\":\"fr-FR\"},{\"@type\":\"Organization\",\"@id\":\"https:\/\/lavoixdelanation.tg\/#organization\",\"name\":\"La Voix de la Nation\",\"url\":\"https:\/\/lavoixdelanation.tg\/\",\"logo\":{\"@type\":\"ImageObject\",\"inLanguage\":\"fr-FR\",\"@id\":\"https:\/\/lavoixdelanation.tg\/#\/schema\/logo\/image\/\",\"url\":\"https:\/\/lavoixdelanation.tg\/wp-content\/uploads\/2024\/12\/lavn-1.png\",\"contentUrl\":\"https:\/\/lavoixdelanation.tg\/wp-content\/uploads\/2024\/12\/lavn-1.png\",\"width\":1024,\"height\":464,\"caption\":\"La Voix de la Nation\"},\"image\":{\"@id\":\"https:\/\/lavoixdelanation.tg\/#\/schema\/logo\/image\/\"},\"sameAs\":[\"https:\/\/www.facebook.com\/lavoixdelanation\"]},{\"@type\":\"Person\",\"@id\":\"https:\/\/lavoixdelanation.tg\/#\/schema\/person\/6c489293aa38053673a9e554acb6e224\",\"name\":\"La voix de la nation\",\"image\":{\"@type\":\"ImageObject\",\"inLanguage\":\"fr-FR\",\"@id\":\"https:\/\/lavoixdelanation.tg\/#\/schema\/person\/image\/\",\"url\":\"https:\/\/secure.gravatar.com\/avatar\/8aa135d4bbc794494cecaa8d483f6d6cc1023624868deaff686baed5e727a5a1?s=96&d=mm&r=g\",\"contentUrl\":\"https:\/\/secure.gravatar.com\/avatar\/8aa135d4bbc794494cecaa8d483f6d6cc1023624868deaff686baed5e727a5a1?s=96&d=mm&r=g\",\"caption\":\"La voix de la nation\"},\"sameAs\":[\"https:\/\/lavoixdelanation.tg\"],\"url\":\"https:\/\/lavoixdelanation.tg\/index.php\/author\/lavn\/\"}]}<\/script>\n<!-- \/ Yoast SEO plugin. -->","yoast_head_json":{"title":"Togo\u00a0: Faure Gnassingb\u00e9 annonce des consultations pour la nouvelle feuille de route gouvernementale 2026-2031 - La Voix de la Nation","robots":{"index":"index","follow":"follow","max-snippet":"max-snippet:-1","max-image-preview":"max-image-preview:large","max-video-preview":"max-video-preview:-1"},"canonical":"https:\/\/lavoixdelanation.tg\/index.php\/2026\/04\/29\/togo-faure-gnassingbe-annonce-des-consultations-pour-la-nouvelle-feuille-de-route-gouvernementale-2026-2031\/","og_locale":"fr_FR","og_type":"article","og_title":"Togo\u00a0: Faure Gnassingb\u00e9 annonce des consultations pour la nouvelle feuille de route gouvernementale 2026-2031 - La Voix de la Nation","og_description":"Le Togo entame l\u2019\u00e9laboration de sa nouvelle feuille de route gouvernementale pour le compte de p\u00e9riode 2026-2031. Des consultations sont \u00e0 cet effet annonc\u00e9es dans les prochaines semaines dans une&hellip;","og_url":"https:\/\/lavoixdelanation.tg\/index.php\/2026\/04\/29\/togo-faure-gnassingbe-annonce-des-consultations-pour-la-nouvelle-feuille-de-route-gouvernementale-2026-2031\/","og_site_name":"La Voix de la Nation","article_publisher":"https:\/\/www.facebook.com\/lavoixdelanation","article_published_time":"2026-04-29T08:15:00+00:00","article_modified_time":"2026-04-29T15:24:17+00:00","og_image":[{"width":800,"height":554,"url":"https:\/\/lavoixdelanation.tg\/wp-content\/uploads\/2026\/04\/Faure-Gnassingbe-President-du-Conseil.jpeg","type":"image\/jpeg"}],"author":"La voix de la nation","twitter_card":"summary_large_image","twitter_misc":{"\u00c9crit par":"La voix de la nation","Dur\u00e9e de lecture estim\u00e9e":"2 minutes"},"schema":{"@context":"https:\/\/schema.org","@graph":[{"@type":"Article","@id":"https:\/\/lavoixdelanation.tg\/index.php\/2026\/04\/29\/togo-faure-gnassingbe-annonce-des-consultations-pour-la-nouvelle-feuille-de-route-gouvernementale-2026-2031\/#article","isPartOf":{"@id":"https:\/\/lavoixdelanation.tg\/index.php\/2026\/04\/29\/togo-faure-gnassingbe-annonce-des-consultations-pour-la-nouvelle-feuille-de-route-gouvernementale-2026-2031\/"},"author":{"name":"La voix de la nation","@id":"https:\/\/lavoixdelanation.tg\/#\/schema\/person\/6c489293aa38053673a9e554acb6e224"},"headline":"Togo\u00a0: Faure Gnassingb\u00e9 annonce des consultations pour la nouvelle feuille de route gouvernementale 2026-2031","datePublished":"2026-04-29T08:15:00+00:00","dateModified":"2026-04-29T15:24:17+00:00","mainEntityOfPage":{"@id":"https:\/\/lavoixdelanation.tg\/index.php\/2026\/04\/29\/togo-faure-gnassingbe-annonce-des-consultations-pour-la-nouvelle-feuille-de-route-gouvernementale-2026-2031\/"},"wordCount":359,"commentCount":0,"publisher":{"@id":"https:\/\/lavoixdelanation.tg\/#organization"},"image":{"@id":"https:\/\/lavoixdelanation.tg\/index.php\/2026\/04\/29\/togo-faure-gnassingbe-annonce-des-consultations-pour-la-nouvelle-feuille-de-route-gouvernementale-2026-2031\/#primaryimage"},"thumbnailUrl":"https:\/\/lavoixdelanation.tg\/wp-content\/uploads\/2026\/04\/Faure-Gnassingbe-President-du-Conseil.jpeg","keywords":["Faure Gnassingb\u00e9","feuille de route","Togo"],"articleSection":["Politique"],"inLanguage":"fr-FR","potentialAction":[{"@type":"CommentAction","name":"Comment","target":["https:\/\/lavoixdelanation.tg\/index.php\/2026\/04\/29\/togo-faure-gnassingbe-annonce-des-consultations-pour-la-nouvelle-feuille-de-route-gouvernementale-2026-2031\/#respond"]}]},{"@type":"WebPage","@id":"https:\/\/lavoixdelanation.tg\/index.php\/2026\/04\/29\/togo-faure-gnassingbe-annonce-des-consultations-pour-la-nouvelle-feuille-de-route-gouvernementale-2026-2031\/","url":"https:\/\/lavoixdelanation.tg\/index.php\/2026\/04\/29\/togo-faure-gnassingbe-annonce-des-consultations-pour-la-nouvelle-feuille-de-route-gouvernementale-2026-2031\/","name":"Togo\u00a0: Faure Gnassingb\u00e9 annonce des consultations pour la nouvelle feuille de route gouvernementale 2026-2031 - La Voix de la Nation","isPartOf":{"@id":"https:\/\/lavoixdelanation.tg\/#website"},"primaryImageOfPage":{"@id":"https:\/\/lavoixdelanation.tg\/index.php\/2026\/04\/29\/togo-faure-gnassingbe-annonce-des-consultations-pour-la-nouvelle-feuille-de-route-gouvernementale-2026-2031\/#primaryimage"},"image":{"@id":"https:\/\/lavoixdelanation.tg\/index.php\/2026\/04\/29\/togo-faure-gnassingbe-annonce-des-consultations-pour-la-nouvelle-feuille-de-route-gouvernementale-2026-2031\/#primaryimage"},"thumbnailUrl":"https:\/\/lavoixdelanation.tg\/wp-content\/uploads\/2026\/04\/Faure-Gnassingbe-President-du-Conseil.jpeg","datePublished":"2026-04-29T08:15:00+00:00","dateModified":"2026-04-29T15:24:17+00:00","breadcrumb":{"@id":"https:\/\/lavoixdelanation.tg\/index.php\/2026\/04\/29\/togo-faure-gnassingbe-annonce-des-consultations-pour-la-nouvelle-feuille-de-route-gouvernementale-2026-2031\/#breadcrumb"},"inLanguage":"fr-FR","potentialAction":[{"@type":"ReadAction","target":["https:\/\/lavoixdelanation.tg\/index.php\/2026\/04\/29\/togo-faure-gnassingbe-annonce-des-consultations-pour-la-nouvelle-feuille-de-route-gouvernementale-2026-2031\/"]}]},{"@type":"ImageObject","inLanguage":"fr-FR","@id":"https:\/\/lavoixdelanation.tg\/index.php\/2026\/04\/29\/togo-faure-gnassingbe-annonce-des-consultations-pour-la-nouvelle-feuille-de-route-gouvernementale-2026-2031\/#primaryimage","url":"https:\/\/lavoixdelanation.tg\/wp-content\/uploads\/2026\/04\/Faure-Gnassingbe-President-du-Conseil.jpeg","contentUrl":"https:\/\/lavoixdelanation.tg\/wp-content\/uploads\/2026\/04\/Faure-Gnassingbe-President-du-Conseil.jpeg","width":800,"height":554,"caption":"Faure Gnassingb\u00e9, Pr\u00e9sident du Conseil"},{"@type":"BreadcrumbList","@id":"https:\/\/lavoixdelanation.tg\/index.php\/2026\/04\/29\/togo-faure-gnassingbe-annonce-des-consultations-pour-la-nouvelle-feuille-de-route-gouvernementale-2026-2031\/#breadcrumb","itemListElement":[{"@type":"ListItem","position":1,"name":"Accueil","item":"https:\/\/lavoixdelanation.tg\/"},{"@type":"ListItem","position":2,"name":"Togo\u00a0: Faure Gnassingb\u00e9 annonce des consultations pour la nouvelle feuille de route gouvernementale 2026-2031"}]},{"@type":"WebSite","@id":"https:\/\/lavoixdelanation.tg\/#website","url":"https:\/\/lavoixdelanation.tg\/","name":"La Voix de la Nation","description":"R\u00e9c\u00e9piss\u00e9 n\u00b00108\/HAAC\/01-2024\/pl\/P","publisher":{"@id":"https:\/\/lavoixdelanation.tg\/#organization"},"alternateName":"VON","potentialAction":[{"@type":"SearchAction","target":{"@type":"EntryPoint","urlTemplate":"https:\/\/lavoixdelanation.tg\/?s={search_term_string}"},"query-input":{"@type":"PropertyValueSpecification","valueRequired":true,"valueName":"search_term_string"}}],"inLanguage":"fr-FR"},{"@type":"Organization","@id":"https:\/\/lavoixdelanation.tg\/#organization","name":"La Voix de la Nation","url":"https:\/\/lavoixdelanation.tg\/","logo":{"@type":"ImageObject","inLanguage":"fr-FR","@id":"https:\/\/lavoixdelanation.tg\/#\/schema\/logo\/image\/","url":"https:\/\/lavoixdelanation.tg\/wp-content\/uploads\/2024\/12\/lavn-1.png","contentUrl":"https:\/\/lavoixdelanation.tg\/wp-content\/uploads\/2024\/12\/lavn-1.png","width":1024,"height":464,"caption":"La Voix de la Nation"},"image":{"@id":"https:\/\/lavoixdelanation.tg\/#\/schema\/logo\/image\/"},"sameAs":["https:\/\/www.facebook.com\/lavoixdelanation"]},{"@type":"Person","@id":"https:\/\/lavoixdelanation.tg\/#\/schema\/person\/6c489293aa38053673a9e554acb6e224","name":"La voix de la nation","image":{"@type":"ImageObject","inLanguage":"fr-FR","@id":"https:\/\/lavoixdelanation.tg\/#\/schema\/person\/image\/","url":"https:\/\/secure.gravatar.com\/avatar\/8aa135d4bbc794494cecaa8d483f6d6cc1023624868deaff686baed5e727a5a1?s=96&d=mm&r=g","contentUrl":"https:\/\/secure.gravatar.com\/avatar\/8aa135d4bbc794494cecaa8d483f6d6cc1023624868deaff686baed5e727a5a1?s=96&d=mm&r=g","caption":"La voix de la nation"},"sameAs":["https:\/\/lavoixdelanation.tg"],"url":"https:\/\/lavoixdelanation.tg\/index.php\/author\/lavn\/"}]}},"_links":{"self":[{"href":"https:\/\/lavoixdelanation.tg\/index.php\/wp-json\/wp\/v2\/posts\/15987","targetHints":{"allow":["GET"]}}],"collection":[{"href":"https:\/\/lavoixdelanation.tg\/index.php\/wp-json\/wp\/v2\/posts"}],"about":[{"href":"https:\/\/lavoixdelanation.tg\/index.php\/wp-json\/wp\/v2\/types\/post"}],"author":[{"embeddable":true,"href":"https:\/\/lavoixdelanation.tg\/index.php\/wp-json\/wp\/v2\/users\/1"}],"replies":[{"embeddable":true,"href":"https:\/\/lavoixdelanation.tg\/index.php\/wp-json\/wp\/v2\/comments?post=15987"}],"version-history":[{"count":1,"href":"https:\/\/lavoixdelanation.tg\/index.php\/wp-json\/wp\/v2\/posts\/15987\/revisions"}],"predecessor-version":[{"id":15989,"href":"https:\/\/lavoixdelanation.tg\/index.php\/wp-json\/wp\/v2\/posts\/15987\/revisions\/15989"}],"wp:featuredmedia":[{"embeddable":true,"href":"https:\/\/lavoixdelanation.tg\/index.php\/wp-json\/wp\/v2\/media\/15988"}],"wp:attachment":[{"href":"https:\/\/lavoixdelanation.tg\/index.php\/wp-json\/wp\/v2\/media?parent=15987"}],"wp:term":[{"taxonomy":"category","embeddable":true,"href":"https:\/\/lavoixdelanation.tg\/index.php\/wp-json\/wp\/v2\/categories?post=15987"},{"taxonomy":"post_tag","embeddable":true,"href":"https:\/\/lavoixdelanation.tg\/index.php\/wp-json\/wp\/v2\/tags?post=15987"}],"curies":[{"name":"wp","href":"https:\/\/api.w.org\/{rel}","templated":true}]}}