{"id":15984,"date":"2026-04-29T09:24:00","date_gmt":"2026-04-29T07:24:00","guid":{"rendered":"https:\/\/lavoixdelanation.tg\/?p=15984"},"modified":"2026-04-29T17:14:55","modified_gmt":"2026-04-29T15:14:55","slug":"togo-ces-trois-exigences-qui-simposent-a-laction-du-gouvernement","status":"publish","type":"post","link":"https:\/\/lavoixdelanation.tg\/index.php\/2026\/04\/29\/togo-ces-trois-exigences-qui-simposent-a-laction-du-gouvernement\/","title":{"rendered":"Togo\u00a0: Ces trois exigences qui s\u2019imposent \u00e0 l\u2019action du Gouvernement"},"content":{"rendered":"\n<p><strong>Dans son adresse \u00e0 la Nation ce 27 avril 2026 \u00e0 l\u2019occasion du 66\u00e8 anniversaire de l\u2019ind\u00e9pendance du Togo, le Pr\u00e9sident du Conseil Faure Gnassingb\u00e9 est revenu sur l\u2019enjeu de la feuille de route togolaise pour les 6 prochaines ann\u00e9es.<\/strong><\/p>\n\n\n\n<p>Il a expliqu\u00e9 que cette nouvelle \u00e9tape repose sur trois exigences qui s\u2019imposent \u00e0 l\u2019action du Gouvernement \u00e0 savoir&nbsp;: Prot\u00e9ger, Rassembler, Transformer. Des exigences qu\u2019il avait d\u00e9j\u00e0 pr\u00e9sent\u00e9es dans mon discours de fin d\u2019ann\u00e9e&nbsp;2025.<\/p>\n\n\n\n<p>\u00ab&nbsp;Ce ne sont pas des slogans. Ce ne sont pas juste des mots. Ce sont v\u00e9ritablement les principes qui guideront l\u2019action du Gouvernement dans les ann\u00e9es \u00e0 venir&nbsp;\u00bb, a en effet indiqu\u00e9 le Pr\u00e9sident du Conseil.<\/p>\n\n\n\n<p class=\"has-text-align-center\"><strong>Prot\u00e9ger<\/strong><\/p>\n\n\n\n<p>Il a expliqu\u00e9 que dans cette nouvelle feuille de route gouvernementale, \u00ab&nbsp;Prot\u00e9ger&nbsp;\u00bb c\u2019est d\u2019abord s\u00e9curiser les fondations de la R\u00e9publique. Prot\u00e9ger le territoire, garantir la paix et la s\u00e9curit\u00e9. C\u2019est assurer la pr\u00e9sence de l\u2019\u00c9tat partout, y compris dans les zones les plus expos\u00e9es notamment au Nord de notre pays.<\/p>\n\n\n\n<p>Il est \u00e9galement question de garantir aussi les conditions d\u2019une vie digne. C\u2019est faire en sorte que toutes les localit\u00e9s aient acc\u00e8s \u00e0 l\u2019eau, \u00e0 l\u2019\u00e9lectricit\u00e9, aux soins de sant\u00e9 ad\u00e9quat et \u00e0 une \u00e9ducation de qualit\u00e9.<\/p>\n\n\n\n<p>C\u2019est aussi la capacit\u00e9 de pr\u00e9parer l\u2019avenir, en \u00e9tant capable de faire face aux chocs notamment climatiques, et r\u00e9duire nos d\u00e9pendances en mati\u00e8re de de nourriture, d\u2019eau, d\u2019\u00e9nergie dont le pays a besoin.<\/p>\n\n\n\n<p class=\"has-text-align-center\"><strong>Rassembler<\/strong><\/p>\n\n\n\n<p>Il est ici question d\u2019assurer la coh\u00e9sion nationale. \u00ab&nbsp;C\u2019est rassembler notre territoire et r\u00e9duire les in\u00e9galit\u00e9s entre r\u00e9gions. C\u2019est faire en sorte que le d\u00e9veloppement soit mieux r\u00e9parti. C\u2019est donner aux collectivit\u00e9s les moyens d\u2019agir&nbsp;\u00bb, a expliqu\u00e9 le Pr\u00e9sident du Conseil.<\/p>\n\n\n\n<p>\u00ab&nbsp;Rassembler notre population, c\u2019est ensuite lutter contre la pauvret\u00e9 et contre les in\u00e9galit\u00e9s. C\u2019est permettre \u00e0 chacun de trouver sa place dans la soci\u00e9t\u00e9. Rassembler notre pays, c\u2019est aussi renforcer le lien entre l\u2019\u00c9tat et les citoyens, par le dialogue et la transparence. C\u2019est construire la confiance&nbsp;dans des institutions efficaces et dans une justice fiable&nbsp;\u00bb, a-t-il pr\u00e9cis\u00e9.<\/p>\n\n\n\n<p class=\"has-text-align-center\"><strong>Transformer<\/strong><\/p>\n\n\n\n<p>Il s\u2019agit de changer durablement l\u2019\u00e9conomie du pays. \u00ab&nbsp;C\u2019est transformer notre territoire et moderniser notre agriculture. Produire mieux, transformer localement et cr\u00e9er plus de valeur ici pour nos concitoyens&nbsp;\u00bb, a fait savoir Faure Gnassingb\u00e9.<\/p>\n\n\n\n<p>Il a soulign\u00e9 que \u00ab&nbsp;Transformer&nbsp;\u00bb, c\u2019est aussi investir dans les bonnes comp\u00e9tences pour la population. C\u2019est former les jeunes aux m\u00e9tiers dont l\u2019\u00e9conomie du pays a besoin et faire grandir les talents. C\u2019est en outre, faire en sorte que chaque formation m\u00e8ne \u00e0 un emploi d\u00e9cent et durable dans l\u2019agriculture, dans l\u2019industrie et dans les services.<\/p>\n\n\n\n<p>\u00ab&nbsp;Transformer notre pays enfin, c\u2019est aussi renforcer nos infrastructures logistiques et notre capacit\u00e9 industrielle. Des routes qui relient nos&nbsp;march\u00e9s entre eux, et qui permettent d\u2019acheminer nos productions vers les march\u00e9s de nos voisins. Un port performant qui facilite les \u00e9changes dans l\u2019ensemble de la sous-r\u00e9gion. Des zones industrielles o\u00f9 nos entreprises peuvent investir, produire, se d\u00e9velopper. C\u2019est faire en sorte que davantage de richesses soient produites ici, au Togo&nbsp;\u00bb, a d\u00e9taill\u00e9 le Pr\u00e9sident du Conseil.<\/p>\n\n\n\n<p>Il a fait savoir pour finir que ces trois exigences forment un&nbsp;tout au service non seulement de la population, mais aussi du territoire, et du pays dans son ensemble.<\/p>\n\n\n\n<p><strong>David S.<\/strong><\/p>\n","protected":false},"excerpt":{"rendered":"<p>Dans son adresse \u00e0 la Nation ce 27 avril 2026 \u00e0 l\u2019occasion du 66\u00e8 anniversaire de l\u2019ind\u00e9pendance du Togo, le Pr\u00e9sident du Conseil Faure Gnassingb\u00e9 est revenu sur l\u2019enjeu de&hellip; <\/p>\n","protected":false},"author":1,"featured_media":15985,"comment_status":"open","ping_status":"closed","sticky":false,"template":"","format":"standard","meta":{"footnotes":""},"categories":[21],"tags":[45,1387,236,39],"class_list":["post-15984","post","type-post","status-publish","format-standard","has-post-thumbnail","hentry","category-politique","tag-faure-gnassingbe","tag-feuille-de-route-gouvernementale","tag-gouvernement","tag-togo"],"yoast_head":"<!-- This site is optimized with the Yoast SEO plugin v26.4 - https:\/\/yoast.com\/wordpress\/plugins\/seo\/ -->\n<title>Togo\u00a0: Ces trois exigences qui s\u2019imposent \u00e0 l\u2019action du Gouvernement - La Voix de la Nation<\/title>\n<meta name=\"robots\" content=\"index, follow, max-snippet:-1, max-image-preview:large, max-video-preview:-1\" \/>\n<link rel=\"canonical\" href=\"https:\/\/lavoixdelanation.tg\/index.php\/2026\/04\/29\/togo-ces-trois-exigences-qui-simposent-a-laction-du-gouvernement\/\" \/>\n<meta property=\"og:locale\" content=\"fr_FR\" \/>\n<meta property=\"og:type\" content=\"article\" \/>\n<meta property=\"og:title\" content=\"Togo\u00a0: Ces trois exigences qui s\u2019imposent \u00e0 l\u2019action du Gouvernement - La Voix de la Nation\" \/>\n<meta property=\"og:description\" content=\"Dans son adresse \u00e0 la Nation ce 27 avril 2026 \u00e0 l\u2019occasion du 66\u00e8 anniversaire de l\u2019ind\u00e9pendance du Togo, le Pr\u00e9sident du Conseil Faure Gnassingb\u00e9 est revenu sur l\u2019enjeu de&hellip;\" \/>\n<meta property=\"og:url\" content=\"https:\/\/lavoixdelanation.tg\/index.php\/2026\/04\/29\/togo-ces-trois-exigences-qui-simposent-a-laction-du-gouvernement\/\" \/>\n<meta property=\"og:site_name\" content=\"La Voix de la Nation\" \/>\n<meta property=\"article:publisher\" content=\"https:\/\/www.facebook.com\/lavoixdelanation\" \/>\n<meta property=\"article:published_time\" content=\"2026-04-29T07:24:00+00:00\" \/>\n<meta property=\"article:modified_time\" content=\"2026-04-29T15:14:55+00:00\" \/>\n<meta property=\"og:image\" content=\"https:\/\/lavoixdelanation.tg\/wp-content\/uploads\/2026\/04\/Des-membres-du-gouvernement-image-dillustration.jpeg\" \/>\n\t<meta property=\"og:image:width\" content=\"1280\" \/>\n\t<meta property=\"og:image:height\" content=\"930\" \/>\n\t<meta property=\"og:image:type\" content=\"image\/jpeg\" \/>\n<meta name=\"author\" content=\"La voix de la nation\" \/>\n<meta name=\"twitter:card\" content=\"summary_large_image\" \/>\n<meta name=\"twitter:label1\" content=\"\u00c9crit par\" \/>\n\t<meta name=\"twitter:data1\" content=\"La voix de la nation\" \/>\n\t<meta name=\"twitter:label2\" content=\"Dur\u00e9e de lecture estim\u00e9e\" \/>\n\t<meta name=\"twitter:data2\" content=\"3 minutes\" \/>\n<script type=\"application\/ld+json\" class=\"yoast-schema-graph\">{\"@context\":\"https:\/\/schema.org\",\"@graph\":[{\"@type\":\"Article\",\"@id\":\"https:\/\/lavoixdelanation.tg\/index.php\/2026\/04\/29\/togo-ces-trois-exigences-qui-simposent-a-laction-du-gouvernement\/#article\",\"isPartOf\":{\"@id\":\"https:\/\/lavoixdelanation.tg\/index.php\/2026\/04\/29\/togo-ces-trois-exigences-qui-simposent-a-laction-du-gouvernement\/\"},\"author\":{\"name\":\"La voix de la nation\",\"@id\":\"https:\/\/lavoixdelanation.tg\/#\/schema\/person\/6c489293aa38053673a9e554acb6e224\"},\"headline\":\"Togo\u00a0: Ces trois exigences qui s\u2019imposent \u00e0 l\u2019action du Gouvernement\",\"datePublished\":\"2026-04-29T07:24:00+00:00\",\"dateModified\":\"2026-04-29T15:14:55+00:00\",\"mainEntityOfPage\":{\"@id\":\"https:\/\/lavoixdelanation.tg\/index.php\/2026\/04\/29\/togo-ces-trois-exigences-qui-simposent-a-laction-du-gouvernement\/\"},\"wordCount\":639,\"commentCount\":0,\"publisher\":{\"@id\":\"https:\/\/lavoixdelanation.tg\/#organization\"},\"image\":{\"@id\":\"https:\/\/lavoixdelanation.tg\/index.php\/2026\/04\/29\/togo-ces-trois-exigences-qui-simposent-a-laction-du-gouvernement\/#primaryimage\"},\"thumbnailUrl\":\"https:\/\/lavoixdelanation.tg\/wp-content\/uploads\/2026\/04\/Des-membres-du-gouvernement-image-dillustration.jpeg\",\"keywords\":[\"Faure Gnassingb\u00e9\",\"Feuille de route gouvernementale\",\"Gouvernement\",\"Togo\"],\"articleSection\":[\"Politique\"],\"inLanguage\":\"fr-FR\",\"potentialAction\":[{\"@type\":\"CommentAction\",\"name\":\"Comment\",\"target\":[\"https:\/\/lavoixdelanation.tg\/index.php\/2026\/04\/29\/togo-ces-trois-exigences-qui-simposent-a-laction-du-gouvernement\/#respond\"]}]},{\"@type\":\"WebPage\",\"@id\":\"https:\/\/lavoixdelanation.tg\/index.php\/2026\/04\/29\/togo-ces-trois-exigences-qui-simposent-a-laction-du-gouvernement\/\",\"url\":\"https:\/\/lavoixdelanation.tg\/index.php\/2026\/04\/29\/togo-ces-trois-exigences-qui-simposent-a-laction-du-gouvernement\/\",\"name\":\"Togo\u00a0: Ces trois exigences qui s\u2019imposent \u00e0 l\u2019action du Gouvernement - La Voix de la Nation\",\"isPartOf\":{\"@id\":\"https:\/\/lavoixdelanation.tg\/#website\"},\"primaryImageOfPage\":{\"@id\":\"https:\/\/lavoixdelanation.tg\/index.php\/2026\/04\/29\/togo-ces-trois-exigences-qui-simposent-a-laction-du-gouvernement\/#primaryimage\"},\"image\":{\"@id\":\"https:\/\/lavoixdelanation.tg\/index.php\/2026\/04\/29\/togo-ces-trois-exigences-qui-simposent-a-laction-du-gouvernement\/#primaryimage\"},\"thumbnailUrl\":\"https:\/\/lavoixdelanation.tg\/wp-content\/uploads\/2026\/04\/Des-membres-du-gouvernement-image-dillustration.jpeg\",\"datePublished\":\"2026-04-29T07:24:00+00:00\",\"dateModified\":\"2026-04-29T15:14:55+00:00\",\"breadcrumb\":{\"@id\":\"https:\/\/lavoixdelanation.tg\/index.php\/2026\/04\/29\/togo-ces-trois-exigences-qui-simposent-a-laction-du-gouvernement\/#breadcrumb\"},\"inLanguage\":\"fr-FR\",\"potentialAction\":[{\"@type\":\"ReadAction\",\"target\":[\"https:\/\/lavoixdelanation.tg\/index.php\/2026\/04\/29\/togo-ces-trois-exigences-qui-simposent-a-laction-du-gouvernement\/\"]}]},{\"@type\":\"ImageObject\",\"inLanguage\":\"fr-FR\",\"@id\":\"https:\/\/lavoixdelanation.tg\/index.php\/2026\/04\/29\/togo-ces-trois-exigences-qui-simposent-a-laction-du-gouvernement\/#primaryimage\",\"url\":\"https:\/\/lavoixdelanation.tg\/wp-content\/uploads\/2026\/04\/Des-membres-du-gouvernement-image-dillustration.jpeg\",\"contentUrl\":\"https:\/\/lavoixdelanation.tg\/wp-content\/uploads\/2026\/04\/Des-membres-du-gouvernement-image-dillustration.jpeg\",\"width\":1280,\"height\":930,\"caption\":\"Des membres du gouvernement (image d'illustration)\"},{\"@type\":\"BreadcrumbList\",\"@id\":\"https:\/\/lavoixdelanation.tg\/index.php\/2026\/04\/29\/togo-ces-trois-exigences-qui-simposent-a-laction-du-gouvernement\/#breadcrumb\",\"itemListElement\":[{\"@type\":\"ListItem\",\"position\":1,\"name\":\"Accueil\",\"item\":\"https:\/\/lavoixdelanation.tg\/\"},{\"@type\":\"ListItem\",\"position\":2,\"name\":\"Togo\u00a0: Ces trois exigences qui s\u2019imposent \u00e0 l\u2019action du Gouvernement\"}]},{\"@type\":\"WebSite\",\"@id\":\"https:\/\/lavoixdelanation.tg\/#website\",\"url\":\"https:\/\/lavoixdelanation.tg\/\",\"name\":\"La Voix de la Nation\",\"description\":\"R\u00e9c\u00e9piss\u00e9 n\u00b00108\/HAAC\/01-2024\/pl\/P\",\"publisher\":{\"@id\":\"https:\/\/lavoixdelanation.tg\/#organization\"},\"alternateName\":\"VON\",\"potentialAction\":[{\"@type\":\"SearchAction\",\"target\":{\"@type\":\"EntryPoint\",\"urlTemplate\":\"https:\/\/lavoixdelanation.tg\/?s={search_term_string}\"},\"query-input\":{\"@type\":\"PropertyValueSpecification\",\"valueRequired\":true,\"valueName\":\"search_term_string\"}}],\"inLanguage\":\"fr-FR\"},{\"@type\":\"Organization\",\"@id\":\"https:\/\/lavoixdelanation.tg\/#organization\",\"name\":\"La Voix de la Nation\",\"url\":\"https:\/\/lavoixdelanation.tg\/\",\"logo\":{\"@type\":\"ImageObject\",\"inLanguage\":\"fr-FR\",\"@id\":\"https:\/\/lavoixdelanation.tg\/#\/schema\/logo\/image\/\",\"url\":\"https:\/\/lavoixdelanation.tg\/wp-content\/uploads\/2024\/12\/lavn-1.png\",\"contentUrl\":\"https:\/\/lavoixdelanation.tg\/wp-content\/uploads\/2024\/12\/lavn-1.png\",\"width\":1024,\"height\":464,\"caption\":\"La Voix de la Nation\"},\"image\":{\"@id\":\"https:\/\/lavoixdelanation.tg\/#\/schema\/logo\/image\/\"},\"sameAs\":[\"https:\/\/www.facebook.com\/lavoixdelanation\"]},{\"@type\":\"Person\",\"@id\":\"https:\/\/lavoixdelanation.tg\/#\/schema\/person\/6c489293aa38053673a9e554acb6e224\",\"name\":\"La voix de la nation\",\"image\":{\"@type\":\"ImageObject\",\"inLanguage\":\"fr-FR\",\"@id\":\"https:\/\/lavoixdelanation.tg\/#\/schema\/person\/image\/\",\"url\":\"https:\/\/secure.gravatar.com\/avatar\/8aa135d4bbc794494cecaa8d483f6d6cc1023624868deaff686baed5e727a5a1?s=96&d=mm&r=g\",\"contentUrl\":\"https:\/\/secure.gravatar.com\/avatar\/8aa135d4bbc794494cecaa8d483f6d6cc1023624868deaff686baed5e727a5a1?s=96&d=mm&r=g\",\"caption\":\"La voix de la nation\"},\"sameAs\":[\"https:\/\/lavoixdelanation.tg\"],\"url\":\"https:\/\/lavoixdelanation.tg\/index.php\/author\/lavn\/\"}]}<\/script>\n<!-- \/ Yoast SEO plugin. -->","yoast_head_json":{"title":"Togo\u00a0: Ces trois exigences qui s\u2019imposent \u00e0 l\u2019action du Gouvernement - La Voix de la Nation","robots":{"index":"index","follow":"follow","max-snippet":"max-snippet:-1","max-image-preview":"max-image-preview:large","max-video-preview":"max-video-preview:-1"},"canonical":"https:\/\/lavoixdelanation.tg\/index.php\/2026\/04\/29\/togo-ces-trois-exigences-qui-simposent-a-laction-du-gouvernement\/","og_locale":"fr_FR","og_type":"article","og_title":"Togo\u00a0: Ces trois exigences qui s\u2019imposent \u00e0 l\u2019action du Gouvernement - La Voix de la Nation","og_description":"Dans son adresse \u00e0 la Nation ce 27 avril 2026 \u00e0 l\u2019occasion du 66\u00e8 anniversaire de l\u2019ind\u00e9pendance du Togo, le Pr\u00e9sident du Conseil Faure Gnassingb\u00e9 est revenu sur l\u2019enjeu de&hellip;","og_url":"https:\/\/lavoixdelanation.tg\/index.php\/2026\/04\/29\/togo-ces-trois-exigences-qui-simposent-a-laction-du-gouvernement\/","og_site_name":"La Voix de la Nation","article_publisher":"https:\/\/www.facebook.com\/lavoixdelanation","article_published_time":"2026-04-29T07:24:00+00:00","article_modified_time":"2026-04-29T15:14:55+00:00","og_image":[{"width":1280,"height":930,"url":"https:\/\/lavoixdelanation.tg\/wp-content\/uploads\/2026\/04\/Des-membres-du-gouvernement-image-dillustration.jpeg","type":"image\/jpeg"}],"author":"La voix de la nation","twitter_card":"summary_large_image","twitter_misc":{"\u00c9crit par":"La voix de la nation","Dur\u00e9e de lecture estim\u00e9e":"3 minutes"},"schema":{"@context":"https:\/\/schema.org","@graph":[{"@type":"Article","@id":"https:\/\/lavoixdelanation.tg\/index.php\/2026\/04\/29\/togo-ces-trois-exigences-qui-simposent-a-laction-du-gouvernement\/#article","isPartOf":{"@id":"https:\/\/lavoixdelanation.tg\/index.php\/2026\/04\/29\/togo-ces-trois-exigences-qui-simposent-a-laction-du-gouvernement\/"},"author":{"name":"La voix de la nation","@id":"https:\/\/lavoixdelanation.tg\/#\/schema\/person\/6c489293aa38053673a9e554acb6e224"},"headline":"Togo\u00a0: Ces trois exigences qui s\u2019imposent \u00e0 l\u2019action du Gouvernement","datePublished":"2026-04-29T07:24:00+00:00","dateModified":"2026-04-29T15:14:55+00:00","mainEntityOfPage":{"@id":"https:\/\/lavoixdelanation.tg\/index.php\/2026\/04\/29\/togo-ces-trois-exigences-qui-simposent-a-laction-du-gouvernement\/"},"wordCount":639,"commentCount":0,"publisher":{"@id":"https:\/\/lavoixdelanation.tg\/#organization"},"image":{"@id":"https:\/\/lavoixdelanation.tg\/index.php\/2026\/04\/29\/togo-ces-trois-exigences-qui-simposent-a-laction-du-gouvernement\/#primaryimage"},"thumbnailUrl":"https:\/\/lavoixdelanation.tg\/wp-content\/uploads\/2026\/04\/Des-membres-du-gouvernement-image-dillustration.jpeg","keywords":["Faure Gnassingb\u00e9","Feuille de route gouvernementale","Gouvernement","Togo"],"articleSection":["Politique"],"inLanguage":"fr-FR","potentialAction":[{"@type":"CommentAction","name":"Comment","target":["https:\/\/lavoixdelanation.tg\/index.php\/2026\/04\/29\/togo-ces-trois-exigences-qui-simposent-a-laction-du-gouvernement\/#respond"]}]},{"@type":"WebPage","@id":"https:\/\/lavoixdelanation.tg\/index.php\/2026\/04\/29\/togo-ces-trois-exigences-qui-simposent-a-laction-du-gouvernement\/","url":"https:\/\/lavoixdelanation.tg\/index.php\/2026\/04\/29\/togo-ces-trois-exigences-qui-simposent-a-laction-du-gouvernement\/","name":"Togo\u00a0: Ces trois exigences qui s\u2019imposent \u00e0 l\u2019action du Gouvernement - La Voix de la Nation","isPartOf":{"@id":"https:\/\/lavoixdelanation.tg\/#website"},"primaryImageOfPage":{"@id":"https:\/\/lavoixdelanation.tg\/index.php\/2026\/04\/29\/togo-ces-trois-exigences-qui-simposent-a-laction-du-gouvernement\/#primaryimage"},"image":{"@id":"https:\/\/lavoixdelanation.tg\/index.php\/2026\/04\/29\/togo-ces-trois-exigences-qui-simposent-a-laction-du-gouvernement\/#primaryimage"},"thumbnailUrl":"https:\/\/lavoixdelanation.tg\/wp-content\/uploads\/2026\/04\/Des-membres-du-gouvernement-image-dillustration.jpeg","datePublished":"2026-04-29T07:24:00+00:00","dateModified":"2026-04-29T15:14:55+00:00","breadcrumb":{"@id":"https:\/\/lavoixdelanation.tg\/index.php\/2026\/04\/29\/togo-ces-trois-exigences-qui-simposent-a-laction-du-gouvernement\/#breadcrumb"},"inLanguage":"fr-FR","potentialAction":[{"@type":"ReadAction","target":["https:\/\/lavoixdelanation.tg\/index.php\/2026\/04\/29\/togo-ces-trois-exigences-qui-simposent-a-laction-du-gouvernement\/"]}]},{"@type":"ImageObject","inLanguage":"fr-FR","@id":"https:\/\/lavoixdelanation.tg\/index.php\/2026\/04\/29\/togo-ces-trois-exigences-qui-simposent-a-laction-du-gouvernement\/#primaryimage","url":"https:\/\/lavoixdelanation.tg\/wp-content\/uploads\/2026\/04\/Des-membres-du-gouvernement-image-dillustration.jpeg","contentUrl":"https:\/\/lavoixdelanation.tg\/wp-content\/uploads\/2026\/04\/Des-membres-du-gouvernement-image-dillustration.jpeg","width":1280,"height":930,"caption":"Des membres du gouvernement (image d'illustration)"},{"@type":"BreadcrumbList","@id":"https:\/\/lavoixdelanation.tg\/index.php\/2026\/04\/29\/togo-ces-trois-exigences-qui-simposent-a-laction-du-gouvernement\/#breadcrumb","itemListElement":[{"@type":"ListItem","position":1,"name":"Accueil","item":"https:\/\/lavoixdelanation.tg\/"},{"@type":"ListItem","position":2,"name":"Togo\u00a0: Ces trois exigences qui s\u2019imposent \u00e0 l\u2019action du Gouvernement"}]},{"@type":"WebSite","@id":"https:\/\/lavoixdelanation.tg\/#website","url":"https:\/\/lavoixdelanation.tg\/","name":"La Voix de la Nation","description":"R\u00e9c\u00e9piss\u00e9 n\u00b00108\/HAAC\/01-2024\/pl\/P","publisher":{"@id":"https:\/\/lavoixdelanation.tg\/#organization"},"alternateName":"VON","potentialAction":[{"@type":"SearchAction","target":{"@type":"EntryPoint","urlTemplate":"https:\/\/lavoixdelanation.tg\/?s={search_term_string}"},"query-input":{"@type":"PropertyValueSpecification","valueRequired":true,"valueName":"search_term_string"}}],"inLanguage":"fr-FR"},{"@type":"Organization","@id":"https:\/\/lavoixdelanation.tg\/#organization","name":"La Voix de la Nation","url":"https:\/\/lavoixdelanation.tg\/","logo":{"@type":"ImageObject","inLanguage":"fr-FR","@id":"https:\/\/lavoixdelanation.tg\/#\/schema\/logo\/image\/","url":"https:\/\/lavoixdelanation.tg\/wp-content\/uploads\/2024\/12\/lavn-1.png","contentUrl":"https:\/\/lavoixdelanation.tg\/wp-content\/uploads\/2024\/12\/lavn-1.png","width":1024,"height":464,"caption":"La Voix de la Nation"},"image":{"@id":"https:\/\/lavoixdelanation.tg\/#\/schema\/logo\/image\/"},"sameAs":["https:\/\/www.facebook.com\/lavoixdelanation"]},{"@type":"Person","@id":"https:\/\/lavoixdelanation.tg\/#\/schema\/person\/6c489293aa38053673a9e554acb6e224","name":"La voix de la nation","image":{"@type":"ImageObject","inLanguage":"fr-FR","@id":"https:\/\/lavoixdelanation.tg\/#\/schema\/person\/image\/","url":"https:\/\/secure.gravatar.com\/avatar\/8aa135d4bbc794494cecaa8d483f6d6cc1023624868deaff686baed5e727a5a1?s=96&d=mm&r=g","contentUrl":"https:\/\/secure.gravatar.com\/avatar\/8aa135d4bbc794494cecaa8d483f6d6cc1023624868deaff686baed5e727a5a1?s=96&d=mm&r=g","caption":"La voix de la nation"},"sameAs":["https:\/\/lavoixdelanation.tg"],"url":"https:\/\/lavoixdelanation.tg\/index.php\/author\/lavn\/"}]}},"_links":{"self":[{"href":"https:\/\/lavoixdelanation.tg\/index.php\/wp-json\/wp\/v2\/posts\/15984","targetHints":{"allow":["GET"]}}],"collection":[{"href":"https:\/\/lavoixdelanation.tg\/index.php\/wp-json\/wp\/v2\/posts"}],"about":[{"href":"https:\/\/lavoixdelanation.tg\/index.php\/wp-json\/wp\/v2\/types\/post"}],"author":[{"embeddable":true,"href":"https:\/\/lavoixdelanation.tg\/index.php\/wp-json\/wp\/v2\/users\/1"}],"replies":[{"embeddable":true,"href":"https:\/\/lavoixdelanation.tg\/index.php\/wp-json\/wp\/v2\/comments?post=15984"}],"version-history":[{"count":1,"href":"https:\/\/lavoixdelanation.tg\/index.php\/wp-json\/wp\/v2\/posts\/15984\/revisions"}],"predecessor-version":[{"id":15986,"href":"https:\/\/lavoixdelanation.tg\/index.php\/wp-json\/wp\/v2\/posts\/15984\/revisions\/15986"}],"wp:featuredmedia":[{"embeddable":true,"href":"https:\/\/lavoixdelanation.tg\/index.php\/wp-json\/wp\/v2\/media\/15985"}],"wp:attachment":[{"href":"https:\/\/lavoixdelanation.tg\/index.php\/wp-json\/wp\/v2\/media?parent=15984"}],"wp:term":[{"taxonomy":"category","embeddable":true,"href":"https:\/\/lavoixdelanation.tg\/index.php\/wp-json\/wp\/v2\/categories?post=15984"},{"taxonomy":"post_tag","embeddable":true,"href":"https:\/\/lavoixdelanation.tg\/index.php\/wp-json\/wp\/v2\/tags?post=15984"}],"curies":[{"name":"wp","href":"https:\/\/api.w.org\/{rel}","templated":true}]}}