{"id":15981,"date":"2026-04-29T16:08:24","date_gmt":"2026-04-29T14:08:24","guid":{"rendered":"https:\/\/lavoixdelanation.tg\/?p=15981"},"modified":"2026-04-29T17:24:40","modified_gmt":"2026-04-29T15:24:40","slug":"cooperation-faure-gnassingbe-en-visite-officielle-au-kirghizistan","status":"publish","type":"post","link":"https:\/\/lavoixdelanation.tg\/index.php\/2026\/04\/29\/cooperation-faure-gnassingbe-en-visite-officielle-au-kirghizistan\/","title":{"rendered":"Coop\u00e9ration\u00a0: Faure Gnassingb\u00e9 en visite officielle au Kirghizistan"},"content":{"rendered":"\n<p><strong>Le Pr\u00e9sident du Conseil Faure Essozimna Gnassingb\u00e9 effectue une visite d&rsquo;amiti\u00e9 et de travail \u00e0 Bichkek ce 28 avril 2026, \u00e0 l&rsquo;invitation du Pr\u00e9sident du Kirghizistan, Sadyr Japarov.<\/strong><\/p>\n\n\n\n<p>Selon une note de la Pr\u00e9sidence du Conseil, cette visite officielle r\u00e9pond \u00e0 la volont\u00e9 commune des deux hauts dirigeants de renforcer les liens de coop\u00e9ration bilat\u00e9rale, d&rsquo;approfondir le dialogue politique et de dynamiser les \u00e9changes \u00e9conomiques.<\/p>\n\n\n\n<p>Le document pr\u00e9cise que les deux Pr\u00e9sidents auront des entretiens en t\u00eate-\u00e0-t\u00eate, \u00e9largis aux membres de leurs d\u00e9l\u00e9gations respectives, afin de d\u00e9finir un partenariat strat\u00e9gique mutuellement b\u00e9n\u00e9fique portant notamment sur des opportunit\u00e9s d&rsquo;investissement dans les domaines \u00e0 fort impact \u00e9conomique et social. Plusieurs accords de coop\u00e9ration seront conclus.<\/p>\n\n\n\n<p>Par ailleurs, le Pr\u00e9sident du Conseil fera des visites de terrain sur des sites \u00e9conomiques, culturels et historiques pour des partages d&rsquo;exp\u00e9riences. La vision diplomatique du Togo est fond\u00e9e sur une politique d&rsquo;ouverture et de diversification de partenariats avec tous les pays dans un esprit de respect mutuel.<\/p>\n\n\n\n<p>Il faut souligner que le Togo et le Kirghizistan sont li\u00e9s par des accords diplomatiques \u00e9tablis en 2015, marquant le d\u00e9but d&rsquo;une relation d&rsquo;amiti\u00e9 et de coop\u00e9ration renforc\u00e9e au fil du temps par des consultations r\u00e9guli\u00e8res au plus haut niveau.<\/p>\n\n\n\n<p><strong>La R\u00e9daction<\/strong><\/p>\n","protected":false},"excerpt":{"rendered":"<p>Le Pr\u00e9sident du Conseil Faure Essozimna Gnassingb\u00e9 effectue une visite d&rsquo;amiti\u00e9 et de travail \u00e0 Bichkek ce 28 avril 2026, \u00e0 l&rsquo;invitation du Pr\u00e9sident du Kirghizistan, Sadyr Japarov. Selon une&hellip; <\/p>\n","protected":false},"author":1,"featured_media":15982,"comment_status":"open","ping_status":"closed","sticky":false,"template":"","format":"standard","meta":{"footnotes":""},"categories":[12],"tags":[1078,1429,1430],"class_list":["post-15981","post","type-post","status-publish","format-standard","has-post-thumbnail","hentry","category-diplomatie","tag-faure-essozimna-gnassingbe","tag-kirghizistan","tag-sadyr-japarov"],"yoast_head":"<!-- This site is optimized with the Yoast SEO plugin v26.4 - https:\/\/yoast.com\/wordpress\/plugins\/seo\/ -->\n<title>Coop\u00e9ration\u00a0: Faure Gnassingb\u00e9 en visite officielle au Kirghizistan - La Voix de la Nation<\/title>\n<meta name=\"robots\" content=\"index, follow, max-snippet:-1, max-image-preview:large, max-video-preview:-1\" \/>\n<link rel=\"canonical\" href=\"https:\/\/lavoixdelanation.tg\/index.php\/2026\/04\/29\/cooperation-faure-gnassingbe-en-visite-officielle-au-kirghizistan\/\" \/>\n<meta property=\"og:locale\" content=\"fr_FR\" \/>\n<meta property=\"og:type\" content=\"article\" \/>\n<meta property=\"og:title\" content=\"Coop\u00e9ration\u00a0: Faure Gnassingb\u00e9 en visite officielle au Kirghizistan - La Voix de la Nation\" \/>\n<meta property=\"og:description\" content=\"Le Pr\u00e9sident du Conseil Faure Essozimna Gnassingb\u00e9 effectue une visite d&rsquo;amiti\u00e9 et de travail \u00e0 Bichkek ce 28 avril 2026, \u00e0 l&rsquo;invitation du Pr\u00e9sident du Kirghizistan, Sadyr Japarov. Selon une&hellip;\" \/>\n<meta property=\"og:url\" content=\"https:\/\/lavoixdelanation.tg\/index.php\/2026\/04\/29\/cooperation-faure-gnassingbe-en-visite-officielle-au-kirghizistan\/\" \/>\n<meta property=\"og:site_name\" content=\"La Voix de la Nation\" \/>\n<meta property=\"article:publisher\" content=\"https:\/\/www.facebook.com\/lavoixdelanation\" \/>\n<meta property=\"article:published_time\" content=\"2026-04-29T14:08:24+00:00\" \/>\n<meta property=\"article:modified_time\" content=\"2026-04-29T15:24:40+00:00\" \/>\n<meta property=\"og:image\" content=\"https:\/\/lavoixdelanation.tg\/wp-content\/uploads\/2026\/04\/Accueil-de-Faure-Gnassingbe-a-Bichkek-au-Kirghizistan.jpeg\" \/>\n\t<meta property=\"og:image:width\" content=\"1080\" \/>\n\t<meta property=\"og:image:height\" content=\"864\" \/>\n\t<meta property=\"og:image:type\" content=\"image\/jpeg\" \/>\n<meta name=\"author\" content=\"La voix de la nation\" \/>\n<meta name=\"twitter:card\" content=\"summary_large_image\" \/>\n<meta name=\"twitter:label1\" content=\"\u00c9crit par\" \/>\n\t<meta name=\"twitter:data1\" content=\"La voix de la nation\" \/>\n\t<meta name=\"twitter:label2\" content=\"Dur\u00e9e de lecture estim\u00e9e\" \/>\n\t<meta name=\"twitter:data2\" content=\"2 minutes\" \/>\n<script type=\"application\/ld+json\" class=\"yoast-schema-graph\">{\"@context\":\"https:\/\/schema.org\",\"@graph\":[{\"@type\":\"Article\",\"@id\":\"https:\/\/lavoixdelanation.tg\/index.php\/2026\/04\/29\/cooperation-faure-gnassingbe-en-visite-officielle-au-kirghizistan\/#article\",\"isPartOf\":{\"@id\":\"https:\/\/lavoixdelanation.tg\/index.php\/2026\/04\/29\/cooperation-faure-gnassingbe-en-visite-officielle-au-kirghizistan\/\"},\"author\":{\"name\":\"La voix de la nation\",\"@id\":\"https:\/\/lavoixdelanation.tg\/#\/schema\/person\/6c489293aa38053673a9e554acb6e224\"},\"headline\":\"Coop\u00e9ration\u00a0: Faure Gnassingb\u00e9 en visite officielle au Kirghizistan\",\"datePublished\":\"2026-04-29T14:08:24+00:00\",\"dateModified\":\"2026-04-29T15:24:40+00:00\",\"mainEntityOfPage\":{\"@id\":\"https:\/\/lavoixdelanation.tg\/index.php\/2026\/04\/29\/cooperation-faure-gnassingbe-en-visite-officielle-au-kirghizistan\/\"},\"wordCount\":242,\"commentCount\":0,\"publisher\":{\"@id\":\"https:\/\/lavoixdelanation.tg\/#organization\"},\"image\":{\"@id\":\"https:\/\/lavoixdelanation.tg\/index.php\/2026\/04\/29\/cooperation-faure-gnassingbe-en-visite-officielle-au-kirghizistan\/#primaryimage\"},\"thumbnailUrl\":\"https:\/\/lavoixdelanation.tg\/wp-content\/uploads\/2026\/04\/Accueil-de-Faure-Gnassingbe-a-Bichkek-au-Kirghizistan.jpeg\",\"keywords\":[\"Faure Essozimna GNASSINGBE\",\"Kirghizistan\",\"Sadyr Japarov\"],\"articleSection\":[\"Diplomatie\"],\"inLanguage\":\"fr-FR\",\"potentialAction\":[{\"@type\":\"CommentAction\",\"name\":\"Comment\",\"target\":[\"https:\/\/lavoixdelanation.tg\/index.php\/2026\/04\/29\/cooperation-faure-gnassingbe-en-visite-officielle-au-kirghizistan\/#respond\"]}]},{\"@type\":\"WebPage\",\"@id\":\"https:\/\/lavoixdelanation.tg\/index.php\/2026\/04\/29\/cooperation-faure-gnassingbe-en-visite-officielle-au-kirghizistan\/\",\"url\":\"https:\/\/lavoixdelanation.tg\/index.php\/2026\/04\/29\/cooperation-faure-gnassingbe-en-visite-officielle-au-kirghizistan\/\",\"name\":\"Coop\u00e9ration\u00a0: Faure Gnassingb\u00e9 en visite officielle au Kirghizistan - La Voix de la Nation\",\"isPartOf\":{\"@id\":\"https:\/\/lavoixdelanation.tg\/#website\"},\"primaryImageOfPage\":{\"@id\":\"https:\/\/lavoixdelanation.tg\/index.php\/2026\/04\/29\/cooperation-faure-gnassingbe-en-visite-officielle-au-kirghizistan\/#primaryimage\"},\"image\":{\"@id\":\"https:\/\/lavoixdelanation.tg\/index.php\/2026\/04\/29\/cooperation-faure-gnassingbe-en-visite-officielle-au-kirghizistan\/#primaryimage\"},\"thumbnailUrl\":\"https:\/\/lavoixdelanation.tg\/wp-content\/uploads\/2026\/04\/Accueil-de-Faure-Gnassingbe-a-Bichkek-au-Kirghizistan.jpeg\",\"datePublished\":\"2026-04-29T14:08:24+00:00\",\"dateModified\":\"2026-04-29T15:24:40+00:00\",\"breadcrumb\":{\"@id\":\"https:\/\/lavoixdelanation.tg\/index.php\/2026\/04\/29\/cooperation-faure-gnassingbe-en-visite-officielle-au-kirghizistan\/#breadcrumb\"},\"inLanguage\":\"fr-FR\",\"potentialAction\":[{\"@type\":\"ReadAction\",\"target\":[\"https:\/\/lavoixdelanation.tg\/index.php\/2026\/04\/29\/cooperation-faure-gnassingbe-en-visite-officielle-au-kirghizistan\/\"]}]},{\"@type\":\"ImageObject\",\"inLanguage\":\"fr-FR\",\"@id\":\"https:\/\/lavoixdelanation.tg\/index.php\/2026\/04\/29\/cooperation-faure-gnassingbe-en-visite-officielle-au-kirghizistan\/#primaryimage\",\"url\":\"https:\/\/lavoixdelanation.tg\/wp-content\/uploads\/2026\/04\/Accueil-de-Faure-Gnassingbe-a-Bichkek-au-Kirghizistan.jpeg\",\"contentUrl\":\"https:\/\/lavoixdelanation.tg\/wp-content\/uploads\/2026\/04\/Accueil-de-Faure-Gnassingbe-a-Bichkek-au-Kirghizistan.jpeg\",\"width\":1080,\"height\":864,\"caption\":\"Accueil de Faure Gnassingb\u00e9 \u00e0 Bichkek au Kirghizistan\"},{\"@type\":\"BreadcrumbList\",\"@id\":\"https:\/\/lavoixdelanation.tg\/index.php\/2026\/04\/29\/cooperation-faure-gnassingbe-en-visite-officielle-au-kirghizistan\/#breadcrumb\",\"itemListElement\":[{\"@type\":\"ListItem\",\"position\":1,\"name\":\"Accueil\",\"item\":\"https:\/\/lavoixdelanation.tg\/\"},{\"@type\":\"ListItem\",\"position\":2,\"name\":\"Coop\u00e9ration\u00a0: Faure Gnassingb\u00e9 en visite officielle au Kirghizistan\"}]},{\"@type\":\"WebSite\",\"@id\":\"https:\/\/lavoixdelanation.tg\/#website\",\"url\":\"https:\/\/lavoixdelanation.tg\/\",\"name\":\"La Voix de la Nation\",\"description\":\"R\u00e9c\u00e9piss\u00e9 n\u00b00108\/HAAC\/01-2024\/pl\/P\",\"publisher\":{\"@id\":\"https:\/\/lavoixdelanation.tg\/#organization\"},\"alternateName\":\"VON\",\"potentialAction\":[{\"@type\":\"SearchAction\",\"target\":{\"@type\":\"EntryPoint\",\"urlTemplate\":\"https:\/\/lavoixdelanation.tg\/?s={search_term_string}\"},\"query-input\":{\"@type\":\"PropertyValueSpecification\",\"valueRequired\":true,\"valueName\":\"search_term_string\"}}],\"inLanguage\":\"fr-FR\"},{\"@type\":\"Organization\",\"@id\":\"https:\/\/lavoixdelanation.tg\/#organization\",\"name\":\"La Voix de la Nation\",\"url\":\"https:\/\/lavoixdelanation.tg\/\",\"logo\":{\"@type\":\"ImageObject\",\"inLanguage\":\"fr-FR\",\"@id\":\"https:\/\/lavoixdelanation.tg\/#\/schema\/logo\/image\/\",\"url\":\"https:\/\/lavoixdelanation.tg\/wp-content\/uploads\/2024\/12\/lavn-1.png\",\"contentUrl\":\"https:\/\/lavoixdelanation.tg\/wp-content\/uploads\/2024\/12\/lavn-1.png\",\"width\":1024,\"height\":464,\"caption\":\"La Voix de la Nation\"},\"image\":{\"@id\":\"https:\/\/lavoixdelanation.tg\/#\/schema\/logo\/image\/\"},\"sameAs\":[\"https:\/\/www.facebook.com\/lavoixdelanation\"]},{\"@type\":\"Person\",\"@id\":\"https:\/\/lavoixdelanation.tg\/#\/schema\/person\/6c489293aa38053673a9e554acb6e224\",\"name\":\"La voix de la nation\",\"image\":{\"@type\":\"ImageObject\",\"inLanguage\":\"fr-FR\",\"@id\":\"https:\/\/lavoixdelanation.tg\/#\/schema\/person\/image\/\",\"url\":\"https:\/\/secure.gravatar.com\/avatar\/8aa135d4bbc794494cecaa8d483f6d6cc1023624868deaff686baed5e727a5a1?s=96&d=mm&r=g\",\"contentUrl\":\"https:\/\/secure.gravatar.com\/avatar\/8aa135d4bbc794494cecaa8d483f6d6cc1023624868deaff686baed5e727a5a1?s=96&d=mm&r=g\",\"caption\":\"La voix de la nation\"},\"sameAs\":[\"https:\/\/lavoixdelanation.tg\"],\"url\":\"https:\/\/lavoixdelanation.tg\/index.php\/author\/lavn\/\"}]}<\/script>\n<!-- \/ Yoast SEO plugin. -->","yoast_head_json":{"title":"Coop\u00e9ration\u00a0: Faure Gnassingb\u00e9 en visite officielle au Kirghizistan - La Voix de la Nation","robots":{"index":"index","follow":"follow","max-snippet":"max-snippet:-1","max-image-preview":"max-image-preview:large","max-video-preview":"max-video-preview:-1"},"canonical":"https:\/\/lavoixdelanation.tg\/index.php\/2026\/04\/29\/cooperation-faure-gnassingbe-en-visite-officielle-au-kirghizistan\/","og_locale":"fr_FR","og_type":"article","og_title":"Coop\u00e9ration\u00a0: Faure Gnassingb\u00e9 en visite officielle au Kirghizistan - La Voix de la Nation","og_description":"Le Pr\u00e9sident du Conseil Faure Essozimna Gnassingb\u00e9 effectue une visite d&rsquo;amiti\u00e9 et de travail \u00e0 Bichkek ce 28 avril 2026, \u00e0 l&rsquo;invitation du Pr\u00e9sident du Kirghizistan, Sadyr Japarov. Selon une&hellip;","og_url":"https:\/\/lavoixdelanation.tg\/index.php\/2026\/04\/29\/cooperation-faure-gnassingbe-en-visite-officielle-au-kirghizistan\/","og_site_name":"La Voix de la Nation","article_publisher":"https:\/\/www.facebook.com\/lavoixdelanation","article_published_time":"2026-04-29T14:08:24+00:00","article_modified_time":"2026-04-29T15:24:40+00:00","og_image":[{"width":1080,"height":864,"url":"https:\/\/lavoixdelanation.tg\/wp-content\/uploads\/2026\/04\/Accueil-de-Faure-Gnassingbe-a-Bichkek-au-Kirghizistan.jpeg","type":"image\/jpeg"}],"author":"La voix de la nation","twitter_card":"summary_large_image","twitter_misc":{"\u00c9crit par":"La voix de la nation","Dur\u00e9e de lecture estim\u00e9e":"2 minutes"},"schema":{"@context":"https:\/\/schema.org","@graph":[{"@type":"Article","@id":"https:\/\/lavoixdelanation.tg\/index.php\/2026\/04\/29\/cooperation-faure-gnassingbe-en-visite-officielle-au-kirghizistan\/#article","isPartOf":{"@id":"https:\/\/lavoixdelanation.tg\/index.php\/2026\/04\/29\/cooperation-faure-gnassingbe-en-visite-officielle-au-kirghizistan\/"},"author":{"name":"La voix de la nation","@id":"https:\/\/lavoixdelanation.tg\/#\/schema\/person\/6c489293aa38053673a9e554acb6e224"},"headline":"Coop\u00e9ration\u00a0: Faure Gnassingb\u00e9 en visite officielle au Kirghizistan","datePublished":"2026-04-29T14:08:24+00:00","dateModified":"2026-04-29T15:24:40+00:00","mainEntityOfPage":{"@id":"https:\/\/lavoixdelanation.tg\/index.php\/2026\/04\/29\/cooperation-faure-gnassingbe-en-visite-officielle-au-kirghizistan\/"},"wordCount":242,"commentCount":0,"publisher":{"@id":"https:\/\/lavoixdelanation.tg\/#organization"},"image":{"@id":"https:\/\/lavoixdelanation.tg\/index.php\/2026\/04\/29\/cooperation-faure-gnassingbe-en-visite-officielle-au-kirghizistan\/#primaryimage"},"thumbnailUrl":"https:\/\/lavoixdelanation.tg\/wp-content\/uploads\/2026\/04\/Accueil-de-Faure-Gnassingbe-a-Bichkek-au-Kirghizistan.jpeg","keywords":["Faure Essozimna GNASSINGBE","Kirghizistan","Sadyr Japarov"],"articleSection":["Diplomatie"],"inLanguage":"fr-FR","potentialAction":[{"@type":"CommentAction","name":"Comment","target":["https:\/\/lavoixdelanation.tg\/index.php\/2026\/04\/29\/cooperation-faure-gnassingbe-en-visite-officielle-au-kirghizistan\/#respond"]}]},{"@type":"WebPage","@id":"https:\/\/lavoixdelanation.tg\/index.php\/2026\/04\/29\/cooperation-faure-gnassingbe-en-visite-officielle-au-kirghizistan\/","url":"https:\/\/lavoixdelanation.tg\/index.php\/2026\/04\/29\/cooperation-faure-gnassingbe-en-visite-officielle-au-kirghizistan\/","name":"Coop\u00e9ration\u00a0: Faure Gnassingb\u00e9 en visite officielle au Kirghizistan - La Voix de la Nation","isPartOf":{"@id":"https:\/\/lavoixdelanation.tg\/#website"},"primaryImageOfPage":{"@id":"https:\/\/lavoixdelanation.tg\/index.php\/2026\/04\/29\/cooperation-faure-gnassingbe-en-visite-officielle-au-kirghizistan\/#primaryimage"},"image":{"@id":"https:\/\/lavoixdelanation.tg\/index.php\/2026\/04\/29\/cooperation-faure-gnassingbe-en-visite-officielle-au-kirghizistan\/#primaryimage"},"thumbnailUrl":"https:\/\/lavoixdelanation.tg\/wp-content\/uploads\/2026\/04\/Accueil-de-Faure-Gnassingbe-a-Bichkek-au-Kirghizistan.jpeg","datePublished":"2026-04-29T14:08:24+00:00","dateModified":"2026-04-29T15:24:40+00:00","breadcrumb":{"@id":"https:\/\/lavoixdelanation.tg\/index.php\/2026\/04\/29\/cooperation-faure-gnassingbe-en-visite-officielle-au-kirghizistan\/#breadcrumb"},"inLanguage":"fr-FR","potentialAction":[{"@type":"ReadAction","target":["https:\/\/lavoixdelanation.tg\/index.php\/2026\/04\/29\/cooperation-faure-gnassingbe-en-visite-officielle-au-kirghizistan\/"]}]},{"@type":"ImageObject","inLanguage":"fr-FR","@id":"https:\/\/lavoixdelanation.tg\/index.php\/2026\/04\/29\/cooperation-faure-gnassingbe-en-visite-officielle-au-kirghizistan\/#primaryimage","url":"https:\/\/lavoixdelanation.tg\/wp-content\/uploads\/2026\/04\/Accueil-de-Faure-Gnassingbe-a-Bichkek-au-Kirghizistan.jpeg","contentUrl":"https:\/\/lavoixdelanation.tg\/wp-content\/uploads\/2026\/04\/Accueil-de-Faure-Gnassingbe-a-Bichkek-au-Kirghizistan.jpeg","width":1080,"height":864,"caption":"Accueil de Faure Gnassingb\u00e9 \u00e0 Bichkek au Kirghizistan"},{"@type":"BreadcrumbList","@id":"https:\/\/lavoixdelanation.tg\/index.php\/2026\/04\/29\/cooperation-faure-gnassingbe-en-visite-officielle-au-kirghizistan\/#breadcrumb","itemListElement":[{"@type":"ListItem","position":1,"name":"Accueil","item":"https:\/\/lavoixdelanation.tg\/"},{"@type":"ListItem","position":2,"name":"Coop\u00e9ration\u00a0: Faure Gnassingb\u00e9 en visite officielle au Kirghizistan"}]},{"@type":"WebSite","@id":"https:\/\/lavoixdelanation.tg\/#website","url":"https:\/\/lavoixdelanation.tg\/","name":"La Voix de la Nation","description":"R\u00e9c\u00e9piss\u00e9 n\u00b00108\/HAAC\/01-2024\/pl\/P","publisher":{"@id":"https:\/\/lavoixdelanation.tg\/#organization"},"alternateName":"VON","potentialAction":[{"@type":"SearchAction","target":{"@type":"EntryPoint","urlTemplate":"https:\/\/lavoixdelanation.tg\/?s={search_term_string}"},"query-input":{"@type":"PropertyValueSpecification","valueRequired":true,"valueName":"search_term_string"}}],"inLanguage":"fr-FR"},{"@type":"Organization","@id":"https:\/\/lavoixdelanation.tg\/#organization","name":"La Voix de la Nation","url":"https:\/\/lavoixdelanation.tg\/","logo":{"@type":"ImageObject","inLanguage":"fr-FR","@id":"https:\/\/lavoixdelanation.tg\/#\/schema\/logo\/image\/","url":"https:\/\/lavoixdelanation.tg\/wp-content\/uploads\/2024\/12\/lavn-1.png","contentUrl":"https:\/\/lavoixdelanation.tg\/wp-content\/uploads\/2024\/12\/lavn-1.png","width":1024,"height":464,"caption":"La Voix de la Nation"},"image":{"@id":"https:\/\/lavoixdelanation.tg\/#\/schema\/logo\/image\/"},"sameAs":["https:\/\/www.facebook.com\/lavoixdelanation"]},{"@type":"Person","@id":"https:\/\/lavoixdelanation.tg\/#\/schema\/person\/6c489293aa38053673a9e554acb6e224","name":"La voix de la nation","image":{"@type":"ImageObject","inLanguage":"fr-FR","@id":"https:\/\/lavoixdelanation.tg\/#\/schema\/person\/image\/","url":"https:\/\/secure.gravatar.com\/avatar\/8aa135d4bbc794494cecaa8d483f6d6cc1023624868deaff686baed5e727a5a1?s=96&d=mm&r=g","contentUrl":"https:\/\/secure.gravatar.com\/avatar\/8aa135d4bbc794494cecaa8d483f6d6cc1023624868deaff686baed5e727a5a1?s=96&d=mm&r=g","caption":"La voix de la nation"},"sameAs":["https:\/\/lavoixdelanation.tg"],"url":"https:\/\/lavoixdelanation.tg\/index.php\/author\/lavn\/"}]}},"_links":{"self":[{"href":"https:\/\/lavoixdelanation.tg\/index.php\/wp-json\/wp\/v2\/posts\/15981","targetHints":{"allow":["GET"]}}],"collection":[{"href":"https:\/\/lavoixdelanation.tg\/index.php\/wp-json\/wp\/v2\/posts"}],"about":[{"href":"https:\/\/lavoixdelanation.tg\/index.php\/wp-json\/wp\/v2\/types\/post"}],"author":[{"embeddable":true,"href":"https:\/\/lavoixdelanation.tg\/index.php\/wp-json\/wp\/v2\/users\/1"}],"replies":[{"embeddable":true,"href":"https:\/\/lavoixdelanation.tg\/index.php\/wp-json\/wp\/v2\/comments?post=15981"}],"version-history":[{"count":1,"href":"https:\/\/lavoixdelanation.tg\/index.php\/wp-json\/wp\/v2\/posts\/15981\/revisions"}],"predecessor-version":[{"id":15983,"href":"https:\/\/lavoixdelanation.tg\/index.php\/wp-json\/wp\/v2\/posts\/15981\/revisions\/15983"}],"wp:featuredmedia":[{"embeddable":true,"href":"https:\/\/lavoixdelanation.tg\/index.php\/wp-json\/wp\/v2\/media\/15982"}],"wp:attachment":[{"href":"https:\/\/lavoixdelanation.tg\/index.php\/wp-json\/wp\/v2\/media?parent=15981"}],"wp:term":[{"taxonomy":"category","embeddable":true,"href":"https:\/\/lavoixdelanation.tg\/index.php\/wp-json\/wp\/v2\/categories?post=15981"},{"taxonomy":"post_tag","embeddable":true,"href":"https:\/\/lavoixdelanation.tg\/index.php\/wp-json\/wp\/v2\/tags?post=15981"}],"curies":[{"name":"wp","href":"https:\/\/api.w.org\/{rel}","templated":true}]}}