{"id":15965,"date":"2026-04-27T21:39:13","date_gmt":"2026-04-27T19:39:13","guid":{"rendered":"https:\/\/lavoixdelanation.tg\/?p=15965"},"modified":"2026-04-27T21:52:03","modified_gmt":"2026-04-27T19:52:03","slug":"celebration-du-27-avril-2026-grand-defile-a-lome-en-presence-de-faure-gnassingbe","status":"publish","type":"post","link":"https:\/\/lavoixdelanation.tg\/index.php\/2026\/04\/27\/celebration-du-27-avril-2026-grand-defile-a-lome-en-presence-de-faure-gnassingbe\/","title":{"rendered":"C\u00e9l\u00e9bration du 27 avril 2026\u00a0: Grand d\u00e9fil\u00e9 \u00e0 Lom\u00e9 en pr\u00e9sence de Faure Gnassingb\u00e9"},"content":{"rendered":"\n<p><strong>Le Togo c\u00e9l\u00e8bre ce 27 avril 2026, le 66\u00e8 anniversaire de son ind\u00e9pendance. L\u2019apoth\u00e9ose de cette comm\u00e9moration a \u00e9t\u00e9 marqu\u00e9e \u00e0 Lom\u00e9 par un grand d\u00e9fil\u00e9 militaire, paramilitaire et civil \u00e0 la place des f\u00eates de Lom\u00e9 2, en pr\u00e9sence du Pr\u00e9sident du Conseil Faure Gnassingb\u00e9, chef supr\u00eame des arm\u00e9es, et de nombreuses personnalit\u00e9s.<\/strong><\/p>\n\n\n\n<p>Tout a commenc\u00e9 par le traditionnel retentissement des 21 coups de salves d\u2019honneur, une coutume internationale symbolisant des intentions pacifiques et un hommage national.<\/p>\n\n\n\n<p>Le public a ensuite assist\u00e9 \u00e0 une d\u00e9monstration spectaculaire de sauts en parachute r\u00e9alis\u00e9e par des chuteurs d\u2019\u00e9lite du Centre d\u2019entra\u00eenement des troupes a\u00e9roport\u00e9es (CETAP).<\/p>\n\n\n\n<figure class=\"wp-block-image size-full\"><img loading=\"lazy\" decoding=\"async\" width=\"700\" height=\"466\" src=\"https:\/\/lavoixdelanation.tg\/wp-content\/uploads\/2026\/04\/Faure-Gnassingbe-au-Grand-defile-a-Lome-au-Togo-1.jpg\" alt=\"\" class=\"wp-image-15972\" srcset=\"https:\/\/lavoixdelanation.tg\/wp-content\/uploads\/2026\/04\/Faure-Gnassingbe-au-Grand-defile-a-Lome-au-Togo-1.jpg 700w, https:\/\/lavoixdelanation.tg\/wp-content\/uploads\/2026\/04\/Faure-Gnassingbe-au-Grand-defile-a-Lome-au-Togo-1-300x200.jpg 300w\" sizes=\"auto, (max-width: 700px) 100vw, 700px\" \/><figcaption class=\"wp-element-caption\"><em>Faure Gnassingb\u00e9 \u00e0 son arriv\u00e9e au d\u00e9fil\u00e9 \u00e0 Lom\u00e9<\/em><\/figcaption><\/figure>\n\n\n\n<p>S\u2019en est suivi le d\u00e9fil\u00e9 militaire avec le passage remarquable des diff\u00e9rentes composantes des Forces de d\u00e9fense et de s\u00e9curit\u00e9 (arm\u00e9e de l\u2019air, arm\u00e9e de terre, Gendarmerie, Police, marine entre autres, de m\u00eame que les diff\u00e9rentes \u00e9coles de formation.<\/p>\n\n\n\n<p>Pour sa part, le d\u00e9fil\u00e9 civil a \u00e9galement servi de cadre d\u2019expression de la fiert\u00e9 et de l\u2019unit\u00e9 nationale autour de cette c\u00e9l\u00e9bration plac\u00e9e cette ann\u00e9e sous le th\u00e8me \u00ab Hospitalit\u00e9 et m\u00e9diation au service d\u2019une diplomatie active pour la paix, la s\u00e9curit\u00e9 et le progr\u00e8s socio-\u00e9conomique des nations \u00bb.<\/p>\n\n\n\n<p>Le Grand Lom\u00e9 et les cinq r\u00e9gions du pays ont d\u00e9fil\u00e9, illustrant la modernisation institutionnelle, la d\u00e9centralisation et la r\u00e9silience face aux d\u00e9fis s\u00e9curitaires.<\/p>\n\n\n\n<p>Par ce d\u00e9fil\u00e9 qui s\u2019est \u00e9galement d\u00e9roul\u00e9 simultan\u00e9ment dans les autres localit\u00e9s du pays, les Forces Arm\u00e9es Togolaises et toutes les forces vives de la nation ont r\u00e9affirm\u00e9 avec solennit\u00e9 et engagement, leur disponibilit\u00e9 constante et leur d\u00e9termination sans faille \u00e0 accompagner la politique de paix, de coh\u00e9sion sociale et de d\u00e9veloppement harmonieux du Pr\u00e9sident du Conseil Faure Gnassingb\u00e9.<\/p>\n\n\n\n<p><strong>DKS<\/strong><\/p>\n","protected":false},"excerpt":{"rendered":"<p>Le Togo c\u00e9l\u00e8bre ce 27 avril 2026, le 66\u00e8 anniversaire de son ind\u00e9pendance. L\u2019apoth\u00e9ose de cette comm\u00e9moration a \u00e9t\u00e9 marqu\u00e9e \u00e0 Lom\u00e9 par un grand d\u00e9fil\u00e9 militaire, paramilitaire et civil&hellip; <\/p>\n","protected":false},"author":1,"featured_media":15973,"comment_status":"open","ping_status":"closed","sticky":false,"template":"","format":"standard","meta":{"footnotes":""},"categories":[21],"tags":[1426,45,1427,39],"class_list":["post-15965","post","type-post","status-publish","format-standard","has-post-thumbnail","hentry","category-politique","tag-27-avril-2026","tag-faure-gnassingbe","tag-grand-defile","tag-togo"],"yoast_head":"<!-- This site is optimized with the Yoast SEO plugin v26.4 - https:\/\/yoast.com\/wordpress\/plugins\/seo\/ -->\n<title>C\u00e9l\u00e9bration du 27 avril 2026\u00a0: Grand d\u00e9fil\u00e9 \u00e0 Lom\u00e9 en pr\u00e9sence de Faure Gnassingb\u00e9 - La Voix de la Nation<\/title>\n<meta name=\"robots\" content=\"index, follow, max-snippet:-1, max-image-preview:large, max-video-preview:-1\" \/>\n<link rel=\"canonical\" href=\"https:\/\/lavoixdelanation.tg\/index.php\/2026\/04\/27\/celebration-du-27-avril-2026-grand-defile-a-lome-en-presence-de-faure-gnassingbe\/\" \/>\n<meta property=\"og:locale\" content=\"fr_FR\" \/>\n<meta property=\"og:type\" content=\"article\" \/>\n<meta property=\"og:title\" content=\"C\u00e9l\u00e9bration du 27 avril 2026\u00a0: Grand d\u00e9fil\u00e9 \u00e0 Lom\u00e9 en pr\u00e9sence de Faure Gnassingb\u00e9 - La Voix de la Nation\" \/>\n<meta property=\"og:description\" content=\"Le Togo c\u00e9l\u00e8bre ce 27 avril 2026, le 66\u00e8 anniversaire de son ind\u00e9pendance. L\u2019apoth\u00e9ose de cette comm\u00e9moration a \u00e9t\u00e9 marqu\u00e9e \u00e0 Lom\u00e9 par un grand d\u00e9fil\u00e9 militaire, paramilitaire et civil&hellip;\" \/>\n<meta property=\"og:url\" content=\"https:\/\/lavoixdelanation.tg\/index.php\/2026\/04\/27\/celebration-du-27-avril-2026-grand-defile-a-lome-en-presence-de-faure-gnassingbe\/\" \/>\n<meta property=\"og:site_name\" content=\"La Voix de la Nation\" \/>\n<meta property=\"article:publisher\" content=\"https:\/\/www.facebook.com\/lavoixdelanation\" \/>\n<meta property=\"article:published_time\" content=\"2026-04-27T19:39:13+00:00\" \/>\n<meta property=\"article:modified_time\" content=\"2026-04-27T19:52:03+00:00\" \/>\n<meta property=\"og:image\" content=\"https:\/\/lavoixdelanation.tg\/wp-content\/uploads\/2026\/04\/Defile-militaire-a-Lome.jpg\" \/>\n\t<meta property=\"og:image:width\" content=\"800\" \/>\n\t<meta property=\"og:image:height\" content=\"477\" \/>\n\t<meta property=\"og:image:type\" content=\"image\/jpeg\" \/>\n<meta name=\"author\" content=\"La voix de la nation\" \/>\n<meta name=\"twitter:card\" content=\"summary_large_image\" \/>\n<meta name=\"twitter:label1\" content=\"\u00c9crit par\" \/>\n\t<meta name=\"twitter:data1\" content=\"La voix de la nation\" \/>\n\t<meta name=\"twitter:label2\" content=\"Dur\u00e9e de lecture estim\u00e9e\" \/>\n\t<meta name=\"twitter:data2\" content=\"2 minutes\" \/>\n<script type=\"application\/ld+json\" class=\"yoast-schema-graph\">{\"@context\":\"https:\/\/schema.org\",\"@graph\":[{\"@type\":\"Article\",\"@id\":\"https:\/\/lavoixdelanation.tg\/index.php\/2026\/04\/27\/celebration-du-27-avril-2026-grand-defile-a-lome-en-presence-de-faure-gnassingbe\/#article\",\"isPartOf\":{\"@id\":\"https:\/\/lavoixdelanation.tg\/index.php\/2026\/04\/27\/celebration-du-27-avril-2026-grand-defile-a-lome-en-presence-de-faure-gnassingbe\/\"},\"author\":{\"name\":\"La voix de la nation\",\"@id\":\"https:\/\/lavoixdelanation.tg\/#\/schema\/person\/6c489293aa38053673a9e554acb6e224\"},\"headline\":\"C\u00e9l\u00e9bration du 27 avril 2026\u00a0: Grand d\u00e9fil\u00e9 \u00e0 Lom\u00e9 en pr\u00e9sence de Faure Gnassingb\u00e9\",\"datePublished\":\"2026-04-27T19:39:13+00:00\",\"dateModified\":\"2026-04-27T19:52:03+00:00\",\"mainEntityOfPage\":{\"@id\":\"https:\/\/lavoixdelanation.tg\/index.php\/2026\/04\/27\/celebration-du-27-avril-2026-grand-defile-a-lome-en-presence-de-faure-gnassingbe\/\"},\"wordCount\":352,\"commentCount\":0,\"publisher\":{\"@id\":\"https:\/\/lavoixdelanation.tg\/#organization\"},\"image\":{\"@id\":\"https:\/\/lavoixdelanation.tg\/index.php\/2026\/04\/27\/celebration-du-27-avril-2026-grand-defile-a-lome-en-presence-de-faure-gnassingbe\/#primaryimage\"},\"thumbnailUrl\":\"https:\/\/lavoixdelanation.tg\/wp-content\/uploads\/2026\/04\/Defile-militaire-a-Lome.jpg\",\"keywords\":[\"27 avril 2026\",\"Faure Gnassingb\u00e9\",\"Grand d\u00e9fil\u00e9\",\"Togo\"],\"articleSection\":[\"Politique\"],\"inLanguage\":\"fr-FR\",\"potentialAction\":[{\"@type\":\"CommentAction\",\"name\":\"Comment\",\"target\":[\"https:\/\/lavoixdelanation.tg\/index.php\/2026\/04\/27\/celebration-du-27-avril-2026-grand-defile-a-lome-en-presence-de-faure-gnassingbe\/#respond\"]}]},{\"@type\":\"WebPage\",\"@id\":\"https:\/\/lavoixdelanation.tg\/index.php\/2026\/04\/27\/celebration-du-27-avril-2026-grand-defile-a-lome-en-presence-de-faure-gnassingbe\/\",\"url\":\"https:\/\/lavoixdelanation.tg\/index.php\/2026\/04\/27\/celebration-du-27-avril-2026-grand-defile-a-lome-en-presence-de-faure-gnassingbe\/\",\"name\":\"C\u00e9l\u00e9bration du 27 avril 2026\u00a0: Grand d\u00e9fil\u00e9 \u00e0 Lom\u00e9 en pr\u00e9sence de Faure Gnassingb\u00e9 - La Voix de la Nation\",\"isPartOf\":{\"@id\":\"https:\/\/lavoixdelanation.tg\/#website\"},\"primaryImageOfPage\":{\"@id\":\"https:\/\/lavoixdelanation.tg\/index.php\/2026\/04\/27\/celebration-du-27-avril-2026-grand-defile-a-lome-en-presence-de-faure-gnassingbe\/#primaryimage\"},\"image\":{\"@id\":\"https:\/\/lavoixdelanation.tg\/index.php\/2026\/04\/27\/celebration-du-27-avril-2026-grand-defile-a-lome-en-presence-de-faure-gnassingbe\/#primaryimage\"},\"thumbnailUrl\":\"https:\/\/lavoixdelanation.tg\/wp-content\/uploads\/2026\/04\/Defile-militaire-a-Lome.jpg\",\"datePublished\":\"2026-04-27T19:39:13+00:00\",\"dateModified\":\"2026-04-27T19:52:03+00:00\",\"breadcrumb\":{\"@id\":\"https:\/\/lavoixdelanation.tg\/index.php\/2026\/04\/27\/celebration-du-27-avril-2026-grand-defile-a-lome-en-presence-de-faure-gnassingbe\/#breadcrumb\"},\"inLanguage\":\"fr-FR\",\"potentialAction\":[{\"@type\":\"ReadAction\",\"target\":[\"https:\/\/lavoixdelanation.tg\/index.php\/2026\/04\/27\/celebration-du-27-avril-2026-grand-defile-a-lome-en-presence-de-faure-gnassingbe\/\"]}]},{\"@type\":\"ImageObject\",\"inLanguage\":\"fr-FR\",\"@id\":\"https:\/\/lavoixdelanation.tg\/index.php\/2026\/04\/27\/celebration-du-27-avril-2026-grand-defile-a-lome-en-presence-de-faure-gnassingbe\/#primaryimage\",\"url\":\"https:\/\/lavoixdelanation.tg\/wp-content\/uploads\/2026\/04\/Defile-militaire-a-Lome.jpg\",\"contentUrl\":\"https:\/\/lavoixdelanation.tg\/wp-content\/uploads\/2026\/04\/Defile-militaire-a-Lome.jpg\",\"width\":800,\"height\":477},{\"@type\":\"BreadcrumbList\",\"@id\":\"https:\/\/lavoixdelanation.tg\/index.php\/2026\/04\/27\/celebration-du-27-avril-2026-grand-defile-a-lome-en-presence-de-faure-gnassingbe\/#breadcrumb\",\"itemListElement\":[{\"@type\":\"ListItem\",\"position\":1,\"name\":\"Accueil\",\"item\":\"https:\/\/lavoixdelanation.tg\/\"},{\"@type\":\"ListItem\",\"position\":2,\"name\":\"C\u00e9l\u00e9bration du 27 avril 2026\u00a0: Grand d\u00e9fil\u00e9 \u00e0 Lom\u00e9 en pr\u00e9sence de Faure Gnassingb\u00e9\"}]},{\"@type\":\"WebSite\",\"@id\":\"https:\/\/lavoixdelanation.tg\/#website\",\"url\":\"https:\/\/lavoixdelanation.tg\/\",\"name\":\"La Voix de la Nation\",\"description\":\"R\u00e9c\u00e9piss\u00e9 n\u00b00108\/HAAC\/01-2024\/pl\/P\",\"publisher\":{\"@id\":\"https:\/\/lavoixdelanation.tg\/#organization\"},\"alternateName\":\"VON\",\"potentialAction\":[{\"@type\":\"SearchAction\",\"target\":{\"@type\":\"EntryPoint\",\"urlTemplate\":\"https:\/\/lavoixdelanation.tg\/?s={search_term_string}\"},\"query-input\":{\"@type\":\"PropertyValueSpecification\",\"valueRequired\":true,\"valueName\":\"search_term_string\"}}],\"inLanguage\":\"fr-FR\"},{\"@type\":\"Organization\",\"@id\":\"https:\/\/lavoixdelanation.tg\/#organization\",\"name\":\"La Voix de la Nation\",\"url\":\"https:\/\/lavoixdelanation.tg\/\",\"logo\":{\"@type\":\"ImageObject\",\"inLanguage\":\"fr-FR\",\"@id\":\"https:\/\/lavoixdelanation.tg\/#\/schema\/logo\/image\/\",\"url\":\"https:\/\/lavoixdelanation.tg\/wp-content\/uploads\/2024\/12\/lavn-1.png\",\"contentUrl\":\"https:\/\/lavoixdelanation.tg\/wp-content\/uploads\/2024\/12\/lavn-1.png\",\"width\":1024,\"height\":464,\"caption\":\"La Voix de la Nation\"},\"image\":{\"@id\":\"https:\/\/lavoixdelanation.tg\/#\/schema\/logo\/image\/\"},\"sameAs\":[\"https:\/\/www.facebook.com\/lavoixdelanation\"]},{\"@type\":\"Person\",\"@id\":\"https:\/\/lavoixdelanation.tg\/#\/schema\/person\/6c489293aa38053673a9e554acb6e224\",\"name\":\"La voix de la nation\",\"image\":{\"@type\":\"ImageObject\",\"inLanguage\":\"fr-FR\",\"@id\":\"https:\/\/lavoixdelanation.tg\/#\/schema\/person\/image\/\",\"url\":\"https:\/\/secure.gravatar.com\/avatar\/8aa135d4bbc794494cecaa8d483f6d6cc1023624868deaff686baed5e727a5a1?s=96&d=mm&r=g\",\"contentUrl\":\"https:\/\/secure.gravatar.com\/avatar\/8aa135d4bbc794494cecaa8d483f6d6cc1023624868deaff686baed5e727a5a1?s=96&d=mm&r=g\",\"caption\":\"La voix de la nation\"},\"sameAs\":[\"https:\/\/lavoixdelanation.tg\"],\"url\":\"https:\/\/lavoixdelanation.tg\/index.php\/author\/lavn\/\"}]}<\/script>\n<!-- \/ Yoast SEO plugin. -->","yoast_head_json":{"title":"C\u00e9l\u00e9bration du 27 avril 2026\u00a0: Grand d\u00e9fil\u00e9 \u00e0 Lom\u00e9 en pr\u00e9sence de Faure Gnassingb\u00e9 - La Voix de la Nation","robots":{"index":"index","follow":"follow","max-snippet":"max-snippet:-1","max-image-preview":"max-image-preview:large","max-video-preview":"max-video-preview:-1"},"canonical":"https:\/\/lavoixdelanation.tg\/index.php\/2026\/04\/27\/celebration-du-27-avril-2026-grand-defile-a-lome-en-presence-de-faure-gnassingbe\/","og_locale":"fr_FR","og_type":"article","og_title":"C\u00e9l\u00e9bration du 27 avril 2026\u00a0: Grand d\u00e9fil\u00e9 \u00e0 Lom\u00e9 en pr\u00e9sence de Faure Gnassingb\u00e9 - La Voix de la Nation","og_description":"Le Togo c\u00e9l\u00e8bre ce 27 avril 2026, le 66\u00e8 anniversaire de son ind\u00e9pendance. L\u2019apoth\u00e9ose de cette comm\u00e9moration a \u00e9t\u00e9 marqu\u00e9e \u00e0 Lom\u00e9 par un grand d\u00e9fil\u00e9 militaire, paramilitaire et civil&hellip;","og_url":"https:\/\/lavoixdelanation.tg\/index.php\/2026\/04\/27\/celebration-du-27-avril-2026-grand-defile-a-lome-en-presence-de-faure-gnassingbe\/","og_site_name":"La Voix de la Nation","article_publisher":"https:\/\/www.facebook.com\/lavoixdelanation","article_published_time":"2026-04-27T19:39:13+00:00","article_modified_time":"2026-04-27T19:52:03+00:00","og_image":[{"width":800,"height":477,"url":"https:\/\/lavoixdelanation.tg\/wp-content\/uploads\/2026\/04\/Defile-militaire-a-Lome.jpg","type":"image\/jpeg"}],"author":"La voix de la nation","twitter_card":"summary_large_image","twitter_misc":{"\u00c9crit par":"La voix de la nation","Dur\u00e9e de lecture estim\u00e9e":"2 minutes"},"schema":{"@context":"https:\/\/schema.org","@graph":[{"@type":"Article","@id":"https:\/\/lavoixdelanation.tg\/index.php\/2026\/04\/27\/celebration-du-27-avril-2026-grand-defile-a-lome-en-presence-de-faure-gnassingbe\/#article","isPartOf":{"@id":"https:\/\/lavoixdelanation.tg\/index.php\/2026\/04\/27\/celebration-du-27-avril-2026-grand-defile-a-lome-en-presence-de-faure-gnassingbe\/"},"author":{"name":"La voix de la nation","@id":"https:\/\/lavoixdelanation.tg\/#\/schema\/person\/6c489293aa38053673a9e554acb6e224"},"headline":"C\u00e9l\u00e9bration du 27 avril 2026\u00a0: Grand d\u00e9fil\u00e9 \u00e0 Lom\u00e9 en pr\u00e9sence de Faure Gnassingb\u00e9","datePublished":"2026-04-27T19:39:13+00:00","dateModified":"2026-04-27T19:52:03+00:00","mainEntityOfPage":{"@id":"https:\/\/lavoixdelanation.tg\/index.php\/2026\/04\/27\/celebration-du-27-avril-2026-grand-defile-a-lome-en-presence-de-faure-gnassingbe\/"},"wordCount":352,"commentCount":0,"publisher":{"@id":"https:\/\/lavoixdelanation.tg\/#organization"},"image":{"@id":"https:\/\/lavoixdelanation.tg\/index.php\/2026\/04\/27\/celebration-du-27-avril-2026-grand-defile-a-lome-en-presence-de-faure-gnassingbe\/#primaryimage"},"thumbnailUrl":"https:\/\/lavoixdelanation.tg\/wp-content\/uploads\/2026\/04\/Defile-militaire-a-Lome.jpg","keywords":["27 avril 2026","Faure Gnassingb\u00e9","Grand d\u00e9fil\u00e9","Togo"],"articleSection":["Politique"],"inLanguage":"fr-FR","potentialAction":[{"@type":"CommentAction","name":"Comment","target":["https:\/\/lavoixdelanation.tg\/index.php\/2026\/04\/27\/celebration-du-27-avril-2026-grand-defile-a-lome-en-presence-de-faure-gnassingbe\/#respond"]}]},{"@type":"WebPage","@id":"https:\/\/lavoixdelanation.tg\/index.php\/2026\/04\/27\/celebration-du-27-avril-2026-grand-defile-a-lome-en-presence-de-faure-gnassingbe\/","url":"https:\/\/lavoixdelanation.tg\/index.php\/2026\/04\/27\/celebration-du-27-avril-2026-grand-defile-a-lome-en-presence-de-faure-gnassingbe\/","name":"C\u00e9l\u00e9bration du 27 avril 2026\u00a0: Grand d\u00e9fil\u00e9 \u00e0 Lom\u00e9 en pr\u00e9sence de Faure Gnassingb\u00e9 - La Voix de la Nation","isPartOf":{"@id":"https:\/\/lavoixdelanation.tg\/#website"},"primaryImageOfPage":{"@id":"https:\/\/lavoixdelanation.tg\/index.php\/2026\/04\/27\/celebration-du-27-avril-2026-grand-defile-a-lome-en-presence-de-faure-gnassingbe\/#primaryimage"},"image":{"@id":"https:\/\/lavoixdelanation.tg\/index.php\/2026\/04\/27\/celebration-du-27-avril-2026-grand-defile-a-lome-en-presence-de-faure-gnassingbe\/#primaryimage"},"thumbnailUrl":"https:\/\/lavoixdelanation.tg\/wp-content\/uploads\/2026\/04\/Defile-militaire-a-Lome.jpg","datePublished":"2026-04-27T19:39:13+00:00","dateModified":"2026-04-27T19:52:03+00:00","breadcrumb":{"@id":"https:\/\/lavoixdelanation.tg\/index.php\/2026\/04\/27\/celebration-du-27-avril-2026-grand-defile-a-lome-en-presence-de-faure-gnassingbe\/#breadcrumb"},"inLanguage":"fr-FR","potentialAction":[{"@type":"ReadAction","target":["https:\/\/lavoixdelanation.tg\/index.php\/2026\/04\/27\/celebration-du-27-avril-2026-grand-defile-a-lome-en-presence-de-faure-gnassingbe\/"]}]},{"@type":"ImageObject","inLanguage":"fr-FR","@id":"https:\/\/lavoixdelanation.tg\/index.php\/2026\/04\/27\/celebration-du-27-avril-2026-grand-defile-a-lome-en-presence-de-faure-gnassingbe\/#primaryimage","url":"https:\/\/lavoixdelanation.tg\/wp-content\/uploads\/2026\/04\/Defile-militaire-a-Lome.jpg","contentUrl":"https:\/\/lavoixdelanation.tg\/wp-content\/uploads\/2026\/04\/Defile-militaire-a-Lome.jpg","width":800,"height":477},{"@type":"BreadcrumbList","@id":"https:\/\/lavoixdelanation.tg\/index.php\/2026\/04\/27\/celebration-du-27-avril-2026-grand-defile-a-lome-en-presence-de-faure-gnassingbe\/#breadcrumb","itemListElement":[{"@type":"ListItem","position":1,"name":"Accueil","item":"https:\/\/lavoixdelanation.tg\/"},{"@type":"ListItem","position":2,"name":"C\u00e9l\u00e9bration du 27 avril 2026\u00a0: Grand d\u00e9fil\u00e9 \u00e0 Lom\u00e9 en pr\u00e9sence de Faure Gnassingb\u00e9"}]},{"@type":"WebSite","@id":"https:\/\/lavoixdelanation.tg\/#website","url":"https:\/\/lavoixdelanation.tg\/","name":"La Voix de la Nation","description":"R\u00e9c\u00e9piss\u00e9 n\u00b00108\/HAAC\/01-2024\/pl\/P","publisher":{"@id":"https:\/\/lavoixdelanation.tg\/#organization"},"alternateName":"VON","potentialAction":[{"@type":"SearchAction","target":{"@type":"EntryPoint","urlTemplate":"https:\/\/lavoixdelanation.tg\/?s={search_term_string}"},"query-input":{"@type":"PropertyValueSpecification","valueRequired":true,"valueName":"search_term_string"}}],"inLanguage":"fr-FR"},{"@type":"Organization","@id":"https:\/\/lavoixdelanation.tg\/#organization","name":"La Voix de la Nation","url":"https:\/\/lavoixdelanation.tg\/","logo":{"@type":"ImageObject","inLanguage":"fr-FR","@id":"https:\/\/lavoixdelanation.tg\/#\/schema\/logo\/image\/","url":"https:\/\/lavoixdelanation.tg\/wp-content\/uploads\/2024\/12\/lavn-1.png","contentUrl":"https:\/\/lavoixdelanation.tg\/wp-content\/uploads\/2024\/12\/lavn-1.png","width":1024,"height":464,"caption":"La Voix de la Nation"},"image":{"@id":"https:\/\/lavoixdelanation.tg\/#\/schema\/logo\/image\/"},"sameAs":["https:\/\/www.facebook.com\/lavoixdelanation"]},{"@type":"Person","@id":"https:\/\/lavoixdelanation.tg\/#\/schema\/person\/6c489293aa38053673a9e554acb6e224","name":"La voix de la nation","image":{"@type":"ImageObject","inLanguage":"fr-FR","@id":"https:\/\/lavoixdelanation.tg\/#\/schema\/person\/image\/","url":"https:\/\/secure.gravatar.com\/avatar\/8aa135d4bbc794494cecaa8d483f6d6cc1023624868deaff686baed5e727a5a1?s=96&d=mm&r=g","contentUrl":"https:\/\/secure.gravatar.com\/avatar\/8aa135d4bbc794494cecaa8d483f6d6cc1023624868deaff686baed5e727a5a1?s=96&d=mm&r=g","caption":"La voix de la nation"},"sameAs":["https:\/\/lavoixdelanation.tg"],"url":"https:\/\/lavoixdelanation.tg\/index.php\/author\/lavn\/"}]}},"_links":{"self":[{"href":"https:\/\/lavoixdelanation.tg\/index.php\/wp-json\/wp\/v2\/posts\/15965","targetHints":{"allow":["GET"]}}],"collection":[{"href":"https:\/\/lavoixdelanation.tg\/index.php\/wp-json\/wp\/v2\/posts"}],"about":[{"href":"https:\/\/lavoixdelanation.tg\/index.php\/wp-json\/wp\/v2\/types\/post"}],"author":[{"embeddable":true,"href":"https:\/\/lavoixdelanation.tg\/index.php\/wp-json\/wp\/v2\/users\/1"}],"replies":[{"embeddable":true,"href":"https:\/\/lavoixdelanation.tg\/index.php\/wp-json\/wp\/v2\/comments?post=15965"}],"version-history":[{"count":3,"href":"https:\/\/lavoixdelanation.tg\/index.php\/wp-json\/wp\/v2\/posts\/15965\/revisions"}],"predecessor-version":[{"id":15976,"href":"https:\/\/lavoixdelanation.tg\/index.php\/wp-json\/wp\/v2\/posts\/15965\/revisions\/15976"}],"wp:featuredmedia":[{"embeddable":true,"href":"https:\/\/lavoixdelanation.tg\/index.php\/wp-json\/wp\/v2\/media\/15973"}],"wp:attachment":[{"href":"https:\/\/lavoixdelanation.tg\/index.php\/wp-json\/wp\/v2\/media?parent=15965"}],"wp:term":[{"taxonomy":"category","embeddable":true,"href":"https:\/\/lavoixdelanation.tg\/index.php\/wp-json\/wp\/v2\/categories?post=15965"},{"taxonomy":"post_tag","embeddable":true,"href":"https:\/\/lavoixdelanation.tg\/index.php\/wp-json\/wp\/v2\/tags?post=15965"}],"curies":[{"name":"wp","href":"https:\/\/api.w.org\/{rel}","templated":true}]}}