{"id":15961,"date":"2026-04-27T13:45:00","date_gmt":"2026-04-27T11:45:00","guid":{"rendered":"https:\/\/lavoixdelanation.tg\/?p=15961"},"modified":"2026-04-27T14:20:21","modified_gmt":"2026-04-27T12:20:21","slug":"faure-gnassingbe-ranime-la-flamme-de-lindependance-a-lome","status":"publish","type":"post","link":"https:\/\/lavoixdelanation.tg\/index.php\/2026\/04\/27\/faure-gnassingbe-ranime-la-flamme-de-lindependance-a-lome\/","title":{"rendered":"Faure Gnassingb\u00e9 ranime la flamme de l\u2019ind\u00e9pendance \u00e0 Lom\u00e9"},"content":{"rendered":"\n<p><strong>Le Pr\u00e9sident du Conseil Faure Essozimna Gnassingb\u00e9 a proc\u00e9d\u00e9 ce 26 avril 2026 \u00e0 la ranimation de la flamme de l\u2019ind\u00e9pendance \u00e0 Lom\u00e9, \u00e0 la veille des c\u00e9l\u00e9brations marquant le 66\u1d49 anniversaire de l\u2019accession du Togo \u00e0 la souverainet\u00e9 internationale.<\/strong><\/p>\n\n\n\n<p>D\u2019une forte port\u00e9e symbolique, cette c\u00e9r\u00e9monie a rassembl\u00e9 les pr\u00e9sidents des institutions de la R\u00e9publique, les autorit\u00e9s politiques, administratives, militaires et traditionnelles, ainsi que les repr\u00e9sentants du corps diplomatique.<\/p>\n\n\n\n<p>Tous ont assist\u00e9 \u00e0 ce geste solennel par lequel le peuple togolais r\u00e9affirme son attachement aux id\u00e9aux de libert\u00e9, de souverainet\u00e9 et d\u2019unit\u00e9.<\/p>\n\n\n\n<p>Au-del\u00e0 de sa dimension protocolaire, cette c\u00e9r\u00e9monie honore la m\u00e9moire des figures h\u00e9ro\u00efques qui, au prix de lourds sacrifices, ont permis la naissance de la nation togolaise. Elle s\u2019inscrit \u00e9galement dans la vision d\u2019un Togo r\u00e9solument tourn\u00e9 vers l\u2019avenir et profond\u00e9ment ancr\u00e9 dans son histoire.<\/p>\n\n\n\n<p>A la fin de la c\u00e9r\u00e9monie, le Pr\u00e9sident du Conseil est all\u00e9 \u00e0 la rencontre des populations \u00e9galement pr\u00e9sentes. Dans une atmosph\u00e8re empreinte de convivialit\u00e9, il les a f\u00e9licit\u00e9es pour leur importante mobilisation et l\u2019enthousiasme dont elles ont fait preuve en ce lieu charg\u00e9 de symboles.<\/p>\n","protected":false},"excerpt":{"rendered":"<p>Le Pr\u00e9sident du Conseil Faure Essozimna Gnassingb\u00e9 a proc\u00e9d\u00e9 ce 26 avril 2026 \u00e0 la ranimation de la flamme de l\u2019ind\u00e9pendance \u00e0 Lom\u00e9, \u00e0 la veille des c\u00e9l\u00e9brations marquant le&hellip; <\/p>\n","protected":false},"author":1,"featured_media":15963,"comment_status":"open","ping_status":"closed","sticky":false,"template":"","format":"standard","meta":{"footnotes":""},"categories":[21],"tags":[1226,1424,600,1423,1425,39],"class_list":["post-15961","post","type-post","status-publish","format-standard","has-post-thumbnail","hentry","category-politique","tag-faure-essozimna-gnassingbe-2","tag-flamme-de-lindependance","tag-independance","tag-ranimation","tag-souverainete-internationale","tag-togo"],"yoast_head":"<!-- This site is optimized with the Yoast SEO plugin v26.4 - https:\/\/yoast.com\/wordpress\/plugins\/seo\/ -->\n<title>Faure Gnassingb\u00e9 ranime la flamme de l\u2019ind\u00e9pendance \u00e0 Lom\u00e9 - La Voix de la Nation<\/title>\n<meta name=\"robots\" content=\"index, follow, max-snippet:-1, max-image-preview:large, max-video-preview:-1\" \/>\n<link rel=\"canonical\" href=\"https:\/\/lavoixdelanation.tg\/index.php\/2026\/04\/27\/faure-gnassingbe-ranime-la-flamme-de-lindependance-a-lome\/\" \/>\n<meta property=\"og:locale\" content=\"fr_FR\" \/>\n<meta property=\"og:type\" content=\"article\" \/>\n<meta property=\"og:title\" content=\"Faure Gnassingb\u00e9 ranime la flamme de l\u2019ind\u00e9pendance \u00e0 Lom\u00e9 - La Voix de la Nation\" \/>\n<meta property=\"og:description\" content=\"Le Pr\u00e9sident du Conseil Faure Essozimna Gnassingb\u00e9 a proc\u00e9d\u00e9 ce 26 avril 2026 \u00e0 la ranimation de la flamme de l\u2019ind\u00e9pendance \u00e0 Lom\u00e9, \u00e0 la veille des c\u00e9l\u00e9brations marquant le&hellip;\" \/>\n<meta property=\"og:url\" content=\"https:\/\/lavoixdelanation.tg\/index.php\/2026\/04\/27\/faure-gnassingbe-ranime-la-flamme-de-lindependance-a-lome\/\" \/>\n<meta property=\"og:site_name\" content=\"La Voix de la Nation\" \/>\n<meta property=\"article:publisher\" content=\"https:\/\/www.facebook.com\/lavoixdelanation\" \/>\n<meta property=\"article:published_time\" content=\"2026-04-27T11:45:00+00:00\" \/>\n<meta property=\"article:modified_time\" content=\"2026-04-27T12:20:21+00:00\" \/>\n<meta property=\"og:image\" content=\"https:\/\/lavoixdelanation.tg\/wp-content\/uploads\/2026\/04\/Faure-Gnassingbe-ranime-la-flamme-de-lindependance-a-Lome.jpeg\" \/>\n\t<meta property=\"og:image:width\" content=\"800\" \/>\n\t<meta property=\"og:image:height\" content=\"675\" \/>\n\t<meta property=\"og:image:type\" content=\"image\/jpeg\" \/>\n<meta name=\"author\" content=\"La voix de la nation\" \/>\n<meta name=\"twitter:card\" content=\"summary_large_image\" \/>\n<meta name=\"twitter:label1\" content=\"\u00c9crit par\" \/>\n\t<meta name=\"twitter:data1\" content=\"La voix de la nation\" \/>\n\t<meta name=\"twitter:label2\" content=\"Dur\u00e9e de lecture estim\u00e9e\" \/>\n\t<meta name=\"twitter:data2\" content=\"2 minutes\" \/>\n<script type=\"application\/ld+json\" class=\"yoast-schema-graph\">{\"@context\":\"https:\/\/schema.org\",\"@graph\":[{\"@type\":\"Article\",\"@id\":\"https:\/\/lavoixdelanation.tg\/index.php\/2026\/04\/27\/faure-gnassingbe-ranime-la-flamme-de-lindependance-a-lome\/#article\",\"isPartOf\":{\"@id\":\"https:\/\/lavoixdelanation.tg\/index.php\/2026\/04\/27\/faure-gnassingbe-ranime-la-flamme-de-lindependance-a-lome\/\"},\"author\":{\"name\":\"La voix de la nation\",\"@id\":\"https:\/\/lavoixdelanation.tg\/#\/schema\/person\/6c489293aa38053673a9e554acb6e224\"},\"headline\":\"Faure Gnassingb\u00e9 ranime la flamme de l\u2019ind\u00e9pendance \u00e0 Lom\u00e9\",\"datePublished\":\"2026-04-27T11:45:00+00:00\",\"dateModified\":\"2026-04-27T12:20:21+00:00\",\"mainEntityOfPage\":{\"@id\":\"https:\/\/lavoixdelanation.tg\/index.php\/2026\/04\/27\/faure-gnassingbe-ranime-la-flamme-de-lindependance-a-lome\/\"},\"wordCount\":220,\"commentCount\":0,\"publisher\":{\"@id\":\"https:\/\/lavoixdelanation.tg\/#organization\"},\"image\":{\"@id\":\"https:\/\/lavoixdelanation.tg\/index.php\/2026\/04\/27\/faure-gnassingbe-ranime-la-flamme-de-lindependance-a-lome\/#primaryimage\"},\"thumbnailUrl\":\"https:\/\/lavoixdelanation.tg\/wp-content\/uploads\/2026\/04\/Faure-Gnassingbe-ranime-la-flamme-de-lindependance-a-Lome.jpeg\",\"keywords\":[\"Faure Essozimna Gnassingb\u00e9\",\"flamme de l\u2019ind\u00e9pendance\",\"Ind\u00e9pendance\",\"ranimation\",\"souverainet\u00e9 internationale\",\"Togo\"],\"articleSection\":[\"Politique\"],\"inLanguage\":\"fr-FR\",\"potentialAction\":[{\"@type\":\"CommentAction\",\"name\":\"Comment\",\"target\":[\"https:\/\/lavoixdelanation.tg\/index.php\/2026\/04\/27\/faure-gnassingbe-ranime-la-flamme-de-lindependance-a-lome\/#respond\"]}]},{\"@type\":\"WebPage\",\"@id\":\"https:\/\/lavoixdelanation.tg\/index.php\/2026\/04\/27\/faure-gnassingbe-ranime-la-flamme-de-lindependance-a-lome\/\",\"url\":\"https:\/\/lavoixdelanation.tg\/index.php\/2026\/04\/27\/faure-gnassingbe-ranime-la-flamme-de-lindependance-a-lome\/\",\"name\":\"Faure Gnassingb\u00e9 ranime la flamme de l\u2019ind\u00e9pendance \u00e0 Lom\u00e9 - La Voix de la Nation\",\"isPartOf\":{\"@id\":\"https:\/\/lavoixdelanation.tg\/#website\"},\"primaryImageOfPage\":{\"@id\":\"https:\/\/lavoixdelanation.tg\/index.php\/2026\/04\/27\/faure-gnassingbe-ranime-la-flamme-de-lindependance-a-lome\/#primaryimage\"},\"image\":{\"@id\":\"https:\/\/lavoixdelanation.tg\/index.php\/2026\/04\/27\/faure-gnassingbe-ranime-la-flamme-de-lindependance-a-lome\/#primaryimage\"},\"thumbnailUrl\":\"https:\/\/lavoixdelanation.tg\/wp-content\/uploads\/2026\/04\/Faure-Gnassingbe-ranime-la-flamme-de-lindependance-a-Lome.jpeg\",\"datePublished\":\"2026-04-27T11:45:00+00:00\",\"dateModified\":\"2026-04-27T12:20:21+00:00\",\"breadcrumb\":{\"@id\":\"https:\/\/lavoixdelanation.tg\/index.php\/2026\/04\/27\/faure-gnassingbe-ranime-la-flamme-de-lindependance-a-lome\/#breadcrumb\"},\"inLanguage\":\"fr-FR\",\"potentialAction\":[{\"@type\":\"ReadAction\",\"target\":[\"https:\/\/lavoixdelanation.tg\/index.php\/2026\/04\/27\/faure-gnassingbe-ranime-la-flamme-de-lindependance-a-lome\/\"]}]},{\"@type\":\"ImageObject\",\"inLanguage\":\"fr-FR\",\"@id\":\"https:\/\/lavoixdelanation.tg\/index.php\/2026\/04\/27\/faure-gnassingbe-ranime-la-flamme-de-lindependance-a-lome\/#primaryimage\",\"url\":\"https:\/\/lavoixdelanation.tg\/wp-content\/uploads\/2026\/04\/Faure-Gnassingbe-ranime-la-flamme-de-lindependance-a-Lome.jpeg\",\"contentUrl\":\"https:\/\/lavoixdelanation.tg\/wp-content\/uploads\/2026\/04\/Faure-Gnassingbe-ranime-la-flamme-de-lindependance-a-Lome.jpeg\",\"width\":800,\"height\":675},{\"@type\":\"BreadcrumbList\",\"@id\":\"https:\/\/lavoixdelanation.tg\/index.php\/2026\/04\/27\/faure-gnassingbe-ranime-la-flamme-de-lindependance-a-lome\/#breadcrumb\",\"itemListElement\":[{\"@type\":\"ListItem\",\"position\":1,\"name\":\"Accueil\",\"item\":\"https:\/\/lavoixdelanation.tg\/\"},{\"@type\":\"ListItem\",\"position\":2,\"name\":\"Faure Gnassingb\u00e9 ranime la flamme de l\u2019ind\u00e9pendance \u00e0 Lom\u00e9\"}]},{\"@type\":\"WebSite\",\"@id\":\"https:\/\/lavoixdelanation.tg\/#website\",\"url\":\"https:\/\/lavoixdelanation.tg\/\",\"name\":\"La Voix de la Nation\",\"description\":\"R\u00e9c\u00e9piss\u00e9 n\u00b00108\/HAAC\/01-2024\/pl\/P\",\"publisher\":{\"@id\":\"https:\/\/lavoixdelanation.tg\/#organization\"},\"alternateName\":\"VON\",\"potentialAction\":[{\"@type\":\"SearchAction\",\"target\":{\"@type\":\"EntryPoint\",\"urlTemplate\":\"https:\/\/lavoixdelanation.tg\/?s={search_term_string}\"},\"query-input\":{\"@type\":\"PropertyValueSpecification\",\"valueRequired\":true,\"valueName\":\"search_term_string\"}}],\"inLanguage\":\"fr-FR\"},{\"@type\":\"Organization\",\"@id\":\"https:\/\/lavoixdelanation.tg\/#organization\",\"name\":\"La Voix de la Nation\",\"url\":\"https:\/\/lavoixdelanation.tg\/\",\"logo\":{\"@type\":\"ImageObject\",\"inLanguage\":\"fr-FR\",\"@id\":\"https:\/\/lavoixdelanation.tg\/#\/schema\/logo\/image\/\",\"url\":\"https:\/\/lavoixdelanation.tg\/wp-content\/uploads\/2024\/12\/lavn-1.png\",\"contentUrl\":\"https:\/\/lavoixdelanation.tg\/wp-content\/uploads\/2024\/12\/lavn-1.png\",\"width\":1024,\"height\":464,\"caption\":\"La Voix de la Nation\"},\"image\":{\"@id\":\"https:\/\/lavoixdelanation.tg\/#\/schema\/logo\/image\/\"},\"sameAs\":[\"https:\/\/www.facebook.com\/lavoixdelanation\"]},{\"@type\":\"Person\",\"@id\":\"https:\/\/lavoixdelanation.tg\/#\/schema\/person\/6c489293aa38053673a9e554acb6e224\",\"name\":\"La voix de la nation\",\"image\":{\"@type\":\"ImageObject\",\"inLanguage\":\"fr-FR\",\"@id\":\"https:\/\/lavoixdelanation.tg\/#\/schema\/person\/image\/\",\"url\":\"https:\/\/secure.gravatar.com\/avatar\/8aa135d4bbc794494cecaa8d483f6d6cc1023624868deaff686baed5e727a5a1?s=96&d=mm&r=g\",\"contentUrl\":\"https:\/\/secure.gravatar.com\/avatar\/8aa135d4bbc794494cecaa8d483f6d6cc1023624868deaff686baed5e727a5a1?s=96&d=mm&r=g\",\"caption\":\"La voix de la nation\"},\"sameAs\":[\"https:\/\/lavoixdelanation.tg\"],\"url\":\"https:\/\/lavoixdelanation.tg\/index.php\/author\/lavn\/\"}]}<\/script>\n<!-- \/ Yoast SEO plugin. -->","yoast_head_json":{"title":"Faure Gnassingb\u00e9 ranime la flamme de l\u2019ind\u00e9pendance \u00e0 Lom\u00e9 - La Voix de la Nation","robots":{"index":"index","follow":"follow","max-snippet":"max-snippet:-1","max-image-preview":"max-image-preview:large","max-video-preview":"max-video-preview:-1"},"canonical":"https:\/\/lavoixdelanation.tg\/index.php\/2026\/04\/27\/faure-gnassingbe-ranime-la-flamme-de-lindependance-a-lome\/","og_locale":"fr_FR","og_type":"article","og_title":"Faure Gnassingb\u00e9 ranime la flamme de l\u2019ind\u00e9pendance \u00e0 Lom\u00e9 - La Voix de la Nation","og_description":"Le Pr\u00e9sident du Conseil Faure Essozimna Gnassingb\u00e9 a proc\u00e9d\u00e9 ce 26 avril 2026 \u00e0 la ranimation de la flamme de l\u2019ind\u00e9pendance \u00e0 Lom\u00e9, \u00e0 la veille des c\u00e9l\u00e9brations marquant le&hellip;","og_url":"https:\/\/lavoixdelanation.tg\/index.php\/2026\/04\/27\/faure-gnassingbe-ranime-la-flamme-de-lindependance-a-lome\/","og_site_name":"La Voix de la Nation","article_publisher":"https:\/\/www.facebook.com\/lavoixdelanation","article_published_time":"2026-04-27T11:45:00+00:00","article_modified_time":"2026-04-27T12:20:21+00:00","og_image":[{"width":800,"height":675,"url":"https:\/\/lavoixdelanation.tg\/wp-content\/uploads\/2026\/04\/Faure-Gnassingbe-ranime-la-flamme-de-lindependance-a-Lome.jpeg","type":"image\/jpeg"}],"author":"La voix de la nation","twitter_card":"summary_large_image","twitter_misc":{"\u00c9crit par":"La voix de la nation","Dur\u00e9e de lecture estim\u00e9e":"2 minutes"},"schema":{"@context":"https:\/\/schema.org","@graph":[{"@type":"Article","@id":"https:\/\/lavoixdelanation.tg\/index.php\/2026\/04\/27\/faure-gnassingbe-ranime-la-flamme-de-lindependance-a-lome\/#article","isPartOf":{"@id":"https:\/\/lavoixdelanation.tg\/index.php\/2026\/04\/27\/faure-gnassingbe-ranime-la-flamme-de-lindependance-a-lome\/"},"author":{"name":"La voix de la nation","@id":"https:\/\/lavoixdelanation.tg\/#\/schema\/person\/6c489293aa38053673a9e554acb6e224"},"headline":"Faure Gnassingb\u00e9 ranime la flamme de l\u2019ind\u00e9pendance \u00e0 Lom\u00e9","datePublished":"2026-04-27T11:45:00+00:00","dateModified":"2026-04-27T12:20:21+00:00","mainEntityOfPage":{"@id":"https:\/\/lavoixdelanation.tg\/index.php\/2026\/04\/27\/faure-gnassingbe-ranime-la-flamme-de-lindependance-a-lome\/"},"wordCount":220,"commentCount":0,"publisher":{"@id":"https:\/\/lavoixdelanation.tg\/#organization"},"image":{"@id":"https:\/\/lavoixdelanation.tg\/index.php\/2026\/04\/27\/faure-gnassingbe-ranime-la-flamme-de-lindependance-a-lome\/#primaryimage"},"thumbnailUrl":"https:\/\/lavoixdelanation.tg\/wp-content\/uploads\/2026\/04\/Faure-Gnassingbe-ranime-la-flamme-de-lindependance-a-Lome.jpeg","keywords":["Faure Essozimna Gnassingb\u00e9","flamme de l\u2019ind\u00e9pendance","Ind\u00e9pendance","ranimation","souverainet\u00e9 internationale","Togo"],"articleSection":["Politique"],"inLanguage":"fr-FR","potentialAction":[{"@type":"CommentAction","name":"Comment","target":["https:\/\/lavoixdelanation.tg\/index.php\/2026\/04\/27\/faure-gnassingbe-ranime-la-flamme-de-lindependance-a-lome\/#respond"]}]},{"@type":"WebPage","@id":"https:\/\/lavoixdelanation.tg\/index.php\/2026\/04\/27\/faure-gnassingbe-ranime-la-flamme-de-lindependance-a-lome\/","url":"https:\/\/lavoixdelanation.tg\/index.php\/2026\/04\/27\/faure-gnassingbe-ranime-la-flamme-de-lindependance-a-lome\/","name":"Faure Gnassingb\u00e9 ranime la flamme de l\u2019ind\u00e9pendance \u00e0 Lom\u00e9 - La Voix de la Nation","isPartOf":{"@id":"https:\/\/lavoixdelanation.tg\/#website"},"primaryImageOfPage":{"@id":"https:\/\/lavoixdelanation.tg\/index.php\/2026\/04\/27\/faure-gnassingbe-ranime-la-flamme-de-lindependance-a-lome\/#primaryimage"},"image":{"@id":"https:\/\/lavoixdelanation.tg\/index.php\/2026\/04\/27\/faure-gnassingbe-ranime-la-flamme-de-lindependance-a-lome\/#primaryimage"},"thumbnailUrl":"https:\/\/lavoixdelanation.tg\/wp-content\/uploads\/2026\/04\/Faure-Gnassingbe-ranime-la-flamme-de-lindependance-a-Lome.jpeg","datePublished":"2026-04-27T11:45:00+00:00","dateModified":"2026-04-27T12:20:21+00:00","breadcrumb":{"@id":"https:\/\/lavoixdelanation.tg\/index.php\/2026\/04\/27\/faure-gnassingbe-ranime-la-flamme-de-lindependance-a-lome\/#breadcrumb"},"inLanguage":"fr-FR","potentialAction":[{"@type":"ReadAction","target":["https:\/\/lavoixdelanation.tg\/index.php\/2026\/04\/27\/faure-gnassingbe-ranime-la-flamme-de-lindependance-a-lome\/"]}]},{"@type":"ImageObject","inLanguage":"fr-FR","@id":"https:\/\/lavoixdelanation.tg\/index.php\/2026\/04\/27\/faure-gnassingbe-ranime-la-flamme-de-lindependance-a-lome\/#primaryimage","url":"https:\/\/lavoixdelanation.tg\/wp-content\/uploads\/2026\/04\/Faure-Gnassingbe-ranime-la-flamme-de-lindependance-a-Lome.jpeg","contentUrl":"https:\/\/lavoixdelanation.tg\/wp-content\/uploads\/2026\/04\/Faure-Gnassingbe-ranime-la-flamme-de-lindependance-a-Lome.jpeg","width":800,"height":675},{"@type":"BreadcrumbList","@id":"https:\/\/lavoixdelanation.tg\/index.php\/2026\/04\/27\/faure-gnassingbe-ranime-la-flamme-de-lindependance-a-lome\/#breadcrumb","itemListElement":[{"@type":"ListItem","position":1,"name":"Accueil","item":"https:\/\/lavoixdelanation.tg\/"},{"@type":"ListItem","position":2,"name":"Faure Gnassingb\u00e9 ranime la flamme de l\u2019ind\u00e9pendance \u00e0 Lom\u00e9"}]},{"@type":"WebSite","@id":"https:\/\/lavoixdelanation.tg\/#website","url":"https:\/\/lavoixdelanation.tg\/","name":"La Voix de la Nation","description":"R\u00e9c\u00e9piss\u00e9 n\u00b00108\/HAAC\/01-2024\/pl\/P","publisher":{"@id":"https:\/\/lavoixdelanation.tg\/#organization"},"alternateName":"VON","potentialAction":[{"@type":"SearchAction","target":{"@type":"EntryPoint","urlTemplate":"https:\/\/lavoixdelanation.tg\/?s={search_term_string}"},"query-input":{"@type":"PropertyValueSpecification","valueRequired":true,"valueName":"search_term_string"}}],"inLanguage":"fr-FR"},{"@type":"Organization","@id":"https:\/\/lavoixdelanation.tg\/#organization","name":"La Voix de la Nation","url":"https:\/\/lavoixdelanation.tg\/","logo":{"@type":"ImageObject","inLanguage":"fr-FR","@id":"https:\/\/lavoixdelanation.tg\/#\/schema\/logo\/image\/","url":"https:\/\/lavoixdelanation.tg\/wp-content\/uploads\/2024\/12\/lavn-1.png","contentUrl":"https:\/\/lavoixdelanation.tg\/wp-content\/uploads\/2024\/12\/lavn-1.png","width":1024,"height":464,"caption":"La Voix de la Nation"},"image":{"@id":"https:\/\/lavoixdelanation.tg\/#\/schema\/logo\/image\/"},"sameAs":["https:\/\/www.facebook.com\/lavoixdelanation"]},{"@type":"Person","@id":"https:\/\/lavoixdelanation.tg\/#\/schema\/person\/6c489293aa38053673a9e554acb6e224","name":"La voix de la nation","image":{"@type":"ImageObject","inLanguage":"fr-FR","@id":"https:\/\/lavoixdelanation.tg\/#\/schema\/person\/image\/","url":"https:\/\/secure.gravatar.com\/avatar\/8aa135d4bbc794494cecaa8d483f6d6cc1023624868deaff686baed5e727a5a1?s=96&d=mm&r=g","contentUrl":"https:\/\/secure.gravatar.com\/avatar\/8aa135d4bbc794494cecaa8d483f6d6cc1023624868deaff686baed5e727a5a1?s=96&d=mm&r=g","caption":"La voix de la nation"},"sameAs":["https:\/\/lavoixdelanation.tg"],"url":"https:\/\/lavoixdelanation.tg\/index.php\/author\/lavn\/"}]}},"_links":{"self":[{"href":"https:\/\/lavoixdelanation.tg\/index.php\/wp-json\/wp\/v2\/posts\/15961","targetHints":{"allow":["GET"]}}],"collection":[{"href":"https:\/\/lavoixdelanation.tg\/index.php\/wp-json\/wp\/v2\/posts"}],"about":[{"href":"https:\/\/lavoixdelanation.tg\/index.php\/wp-json\/wp\/v2\/types\/post"}],"author":[{"embeddable":true,"href":"https:\/\/lavoixdelanation.tg\/index.php\/wp-json\/wp\/v2\/users\/1"}],"replies":[{"embeddable":true,"href":"https:\/\/lavoixdelanation.tg\/index.php\/wp-json\/wp\/v2\/comments?post=15961"}],"version-history":[{"count":1,"href":"https:\/\/lavoixdelanation.tg\/index.php\/wp-json\/wp\/v2\/posts\/15961\/revisions"}],"predecessor-version":[{"id":15964,"href":"https:\/\/lavoixdelanation.tg\/index.php\/wp-json\/wp\/v2\/posts\/15961\/revisions\/15964"}],"wp:featuredmedia":[{"embeddable":true,"href":"https:\/\/lavoixdelanation.tg\/index.php\/wp-json\/wp\/v2\/media\/15963"}],"wp:attachment":[{"href":"https:\/\/lavoixdelanation.tg\/index.php\/wp-json\/wp\/v2\/media?parent=15961"}],"wp:term":[{"taxonomy":"category","embeddable":true,"href":"https:\/\/lavoixdelanation.tg\/index.php\/wp-json\/wp\/v2\/categories?post=15961"},{"taxonomy":"post_tag","embeddable":true,"href":"https:\/\/lavoixdelanation.tg\/index.php\/wp-json\/wp\/v2\/tags?post=15961"}],"curies":[{"name":"wp","href":"https:\/\/api.w.org\/{rel}","templated":true}]}}