{"id":15958,"date":"2026-04-26T23:56:00","date_gmt":"2026-04-26T21:56:00","guid":{"rendered":"https:\/\/lavoixdelanation.tg\/?p=15958"},"modified":"2026-04-27T14:00:05","modified_gmt":"2026-04-27T12:00:05","slug":"komi-selom-klassou-au-culte-daction-de-grace-pour-le-66e-anniversaire-de-lindependance-du-togo","status":"publish","type":"post","link":"https:\/\/lavoixdelanation.tg\/index.php\/2026\/04\/26\/komi-selom-klassou-au-culte-daction-de-grace-pour-le-66e-anniversaire-de-lindependance-du-togo\/","title":{"rendered":"Komi Selom Klassou au culte d\u2019action de gr\u00e2ce pour le 66\u00e8 anniversaire de l\u2019ind\u00e9pendance du Togo"},"content":{"rendered":"\n<p><strong>Au nom du Pr\u00e9sident du Conseil Faure Essozimna Gnassingb\u00e9, le Pr\u00e9sident de l\u2019Assembl\u00e9e nationale Pr Komi Selom Klassou a pris part ce dimanche 26 avril 2026 au culte d\u2019action de gr\u00e2ce organis\u00e9 dans le cadre de la c\u00e9l\u00e9bration du 66\u00e8 anniversaire de l\u2019ind\u00e9pendance du Togo.<\/strong><\/p>\n\n\n\n<p>Le culte s\u2019est d\u00e9roul\u00e9 \u00e0 l\u2019\u00c9glise \u00e9vang\u00e9lique presbyt\u00e9rienne du Togo (EEPT), situ\u00e9e dans la commune d\u2019Ago\u00e8-Nyiv\u00e9 1 \u00e0 Lom\u00e9, en pr\u00e9sence de plusieurs autres personnalit\u00e9s politiques, administratives, militaires et communales.<\/p>\n\n\n\n<p>\u00ab Reviens au bon berger et participe \u00e0 la vie communautaire \u00bb&nbsp;: c\u2019est le th\u00e8me de cette c\u00e9l\u00e9bration qui a \u00e9t\u00e9 un moment de recueillement, de reconnaissance et de pri\u00e8re pour la nation togolaise.<\/p>\n\n\n\n<p>Fid\u00e8les, responsables religieux et personnalit\u00e9s publiques se sont r\u00e9unis pour rendre gr\u00e2ce \u00e0 Dieu pour les acquis du pays depuis son accession \u00e0 la souverainet\u00e9 internationale.<\/p>\n\n\n\n<p>L\u2019office religieux a \u00e9t\u00e9 dirig\u00e9 par le R\u00e9v\u00e9rend pasteur J\u00e9sus Amavi Dogb\u00e9, qui a \u00e9lev\u00e9 des pri\u00e8res en faveur du Togo, de ses dirigeants et de l\u2019ensemble des citoyens. Dans sa pr\u00e9dication, il a exprim\u00e9 sa gratitude pour la protection divine accord\u00e9e au pays depuis 66 ans.<\/p>\n\n\n\n<p>Le responsable religieux a \u00e9galement implor\u00e9 la paix, la s\u00e9curit\u00e9 et le progr\u00e8s pour le pays, tout en priant pour les autorit\u00e9s nationales.<\/p>\n\n\n\n<p>Par ailleurs, le R\u00e9v\u00e9rend pasteur J\u00e9sus Amavi Dogb\u00e9 a exprim\u00e9 une pens\u00e9e pour les populations vuln\u00e9rables, les personnes \u00e9prouv\u00e9es et les veuves et les orphelins. Il a implor\u00e9 la gr\u00e2ce divine pour une soci\u00e9t\u00e9 marqu\u00e9e par la solidarit\u00e9, la s\u00e9r\u00e9nit\u00e9 et le vivre-ensemble.<\/p>\n","protected":false},"excerpt":{"rendered":"<p>Au nom du Pr\u00e9sident du Conseil Faure Essozimna Gnassingb\u00e9, le Pr\u00e9sident de l\u2019Assembl\u00e9e nationale Pr Komi Selom Klassou a pris part ce dimanche 26 avril 2026 au culte d\u2019action de&hellip; <\/p>\n","protected":false},"author":1,"featured_media":15959,"comment_status":"open","ping_status":"closed","sticky":false,"template":"","format":"standard","meta":{"footnotes":""},"categories":[21,29],"tags":[1422,612,1107],"class_list":["post-15958","post","type-post","status-publish","format-standard","has-post-thumbnail","hentry","category-politique","category-societe","tag-culte-daction-de-grace","tag-independance-du-togo","tag-komi-selom-klassou-2"],"yoast_head":"<!-- This site is optimized with the Yoast SEO plugin v26.4 - https:\/\/yoast.com\/wordpress\/plugins\/seo\/ -->\n<title>Komi Selom Klassou au culte d\u2019action de gr\u00e2ce pour le 66\u00e8 anniversaire de l\u2019ind\u00e9pendance du Togo - La Voix de la Nation<\/title>\n<meta name=\"robots\" content=\"index, follow, max-snippet:-1, max-image-preview:large, max-video-preview:-1\" \/>\n<link rel=\"canonical\" href=\"https:\/\/lavoixdelanation.tg\/index.php\/2026\/04\/26\/komi-selom-klassou-au-culte-daction-de-grace-pour-le-66e-anniversaire-de-lindependance-du-togo\/\" \/>\n<meta property=\"og:locale\" content=\"fr_FR\" \/>\n<meta property=\"og:type\" content=\"article\" \/>\n<meta property=\"og:title\" content=\"Komi Selom Klassou au culte d\u2019action de gr\u00e2ce pour le 66\u00e8 anniversaire de l\u2019ind\u00e9pendance du Togo - La Voix de la Nation\" \/>\n<meta property=\"og:description\" content=\"Au nom du Pr\u00e9sident du Conseil Faure Essozimna Gnassingb\u00e9, le Pr\u00e9sident de l\u2019Assembl\u00e9e nationale Pr Komi Selom Klassou a pris part ce dimanche 26 avril 2026 au culte d\u2019action de&hellip;\" \/>\n<meta property=\"og:url\" content=\"https:\/\/lavoixdelanation.tg\/index.php\/2026\/04\/26\/komi-selom-klassou-au-culte-daction-de-grace-pour-le-66e-anniversaire-de-lindependance-du-togo\/\" \/>\n<meta property=\"og:site_name\" content=\"La Voix de la Nation\" \/>\n<meta property=\"article:publisher\" content=\"https:\/\/www.facebook.com\/lavoixdelanation\" \/>\n<meta property=\"article:published_time\" content=\"2026-04-26T21:56:00+00:00\" \/>\n<meta property=\"article:modified_time\" content=\"2026-04-27T12:00:05+00:00\" \/>\n<meta property=\"og:image\" content=\"https:\/\/lavoixdelanation.tg\/wp-content\/uploads\/2026\/04\/Komi-Selom-Klassou-au-culte-daction-de-grace-pour-le-66e-anniversaire-de-lindependance-du-Togo.jpeg\" \/>\n\t<meta property=\"og:image:width\" content=\"700\" \/>\n\t<meta property=\"og:image:height\" content=\"483\" \/>\n\t<meta property=\"og:image:type\" content=\"image\/jpeg\" \/>\n<meta name=\"author\" content=\"La voix de la nation\" \/>\n<meta name=\"twitter:card\" content=\"summary_large_image\" \/>\n<meta name=\"twitter:label1\" content=\"\u00c9crit par\" \/>\n\t<meta name=\"twitter:data1\" content=\"La voix de la nation\" \/>\n\t<meta name=\"twitter:label2\" content=\"Dur\u00e9e de lecture estim\u00e9e\" \/>\n\t<meta name=\"twitter:data2\" content=\"2 minutes\" \/>\n<script type=\"application\/ld+json\" class=\"yoast-schema-graph\">{\"@context\":\"https:\/\/schema.org\",\"@graph\":[{\"@type\":\"Article\",\"@id\":\"https:\/\/lavoixdelanation.tg\/index.php\/2026\/04\/26\/komi-selom-klassou-au-culte-daction-de-grace-pour-le-66e-anniversaire-de-lindependance-du-togo\/#article\",\"isPartOf\":{\"@id\":\"https:\/\/lavoixdelanation.tg\/index.php\/2026\/04\/26\/komi-selom-klassou-au-culte-daction-de-grace-pour-le-66e-anniversaire-de-lindependance-du-togo\/\"},\"author\":{\"name\":\"La voix de la nation\",\"@id\":\"https:\/\/lavoixdelanation.tg\/#\/schema\/person\/6c489293aa38053673a9e554acb6e224\"},\"headline\":\"Komi Selom Klassou au culte d\u2019action de gr\u00e2ce pour le 66\u00e8 anniversaire de l\u2019ind\u00e9pendance du Togo\",\"datePublished\":\"2026-04-26T21:56:00+00:00\",\"dateModified\":\"2026-04-27T12:00:05+00:00\",\"mainEntityOfPage\":{\"@id\":\"https:\/\/lavoixdelanation.tg\/index.php\/2026\/04\/26\/komi-selom-klassou-au-culte-daction-de-grace-pour-le-66e-anniversaire-de-lindependance-du-togo\/\"},\"wordCount\":307,\"commentCount\":0,\"publisher\":{\"@id\":\"https:\/\/lavoixdelanation.tg\/#organization\"},\"image\":{\"@id\":\"https:\/\/lavoixdelanation.tg\/index.php\/2026\/04\/26\/komi-selom-klassou-au-culte-daction-de-grace-pour-le-66e-anniversaire-de-lindependance-du-togo\/#primaryimage\"},\"thumbnailUrl\":\"https:\/\/lavoixdelanation.tg\/wp-content\/uploads\/2026\/04\/Komi-Selom-Klassou-au-culte-daction-de-grace-pour-le-66e-anniversaire-de-lindependance-du-Togo.jpeg\",\"keywords\":[\"culte d\u2019action de gr\u00e2ce\",\"Ind\u00e9pendance du Togo\",\"Komi Selom Klassou\"],\"articleSection\":[\"Politique\",\"Soci\u00e9t\u00e9\"],\"inLanguage\":\"fr-FR\",\"potentialAction\":[{\"@type\":\"CommentAction\",\"name\":\"Comment\",\"target\":[\"https:\/\/lavoixdelanation.tg\/index.php\/2026\/04\/26\/komi-selom-klassou-au-culte-daction-de-grace-pour-le-66e-anniversaire-de-lindependance-du-togo\/#respond\"]}]},{\"@type\":\"WebPage\",\"@id\":\"https:\/\/lavoixdelanation.tg\/index.php\/2026\/04\/26\/komi-selom-klassou-au-culte-daction-de-grace-pour-le-66e-anniversaire-de-lindependance-du-togo\/\",\"url\":\"https:\/\/lavoixdelanation.tg\/index.php\/2026\/04\/26\/komi-selom-klassou-au-culte-daction-de-grace-pour-le-66e-anniversaire-de-lindependance-du-togo\/\",\"name\":\"Komi Selom Klassou au culte d\u2019action de gr\u00e2ce pour le 66\u00e8 anniversaire de l\u2019ind\u00e9pendance du Togo - La Voix de la Nation\",\"isPartOf\":{\"@id\":\"https:\/\/lavoixdelanation.tg\/#website\"},\"primaryImageOfPage\":{\"@id\":\"https:\/\/lavoixdelanation.tg\/index.php\/2026\/04\/26\/komi-selom-klassou-au-culte-daction-de-grace-pour-le-66e-anniversaire-de-lindependance-du-togo\/#primaryimage\"},\"image\":{\"@id\":\"https:\/\/lavoixdelanation.tg\/index.php\/2026\/04\/26\/komi-selom-klassou-au-culte-daction-de-grace-pour-le-66e-anniversaire-de-lindependance-du-togo\/#primaryimage\"},\"thumbnailUrl\":\"https:\/\/lavoixdelanation.tg\/wp-content\/uploads\/2026\/04\/Komi-Selom-Klassou-au-culte-daction-de-grace-pour-le-66e-anniversaire-de-lindependance-du-Togo.jpeg\",\"datePublished\":\"2026-04-26T21:56:00+00:00\",\"dateModified\":\"2026-04-27T12:00:05+00:00\",\"breadcrumb\":{\"@id\":\"https:\/\/lavoixdelanation.tg\/index.php\/2026\/04\/26\/komi-selom-klassou-au-culte-daction-de-grace-pour-le-66e-anniversaire-de-lindependance-du-togo\/#breadcrumb\"},\"inLanguage\":\"fr-FR\",\"potentialAction\":[{\"@type\":\"ReadAction\",\"target\":[\"https:\/\/lavoixdelanation.tg\/index.php\/2026\/04\/26\/komi-selom-klassou-au-culte-daction-de-grace-pour-le-66e-anniversaire-de-lindependance-du-togo\/\"]}]},{\"@type\":\"ImageObject\",\"inLanguage\":\"fr-FR\",\"@id\":\"https:\/\/lavoixdelanation.tg\/index.php\/2026\/04\/26\/komi-selom-klassou-au-culte-daction-de-grace-pour-le-66e-anniversaire-de-lindependance-du-togo\/#primaryimage\",\"url\":\"https:\/\/lavoixdelanation.tg\/wp-content\/uploads\/2026\/04\/Komi-Selom-Klassou-au-culte-daction-de-grace-pour-le-66e-anniversaire-de-lindependance-du-Togo.jpeg\",\"contentUrl\":\"https:\/\/lavoixdelanation.tg\/wp-content\/uploads\/2026\/04\/Komi-Selom-Klassou-au-culte-daction-de-grace-pour-le-66e-anniversaire-de-lindependance-du-Togo.jpeg\",\"width\":700,\"height\":483},{\"@type\":\"BreadcrumbList\",\"@id\":\"https:\/\/lavoixdelanation.tg\/index.php\/2026\/04\/26\/komi-selom-klassou-au-culte-daction-de-grace-pour-le-66e-anniversaire-de-lindependance-du-togo\/#breadcrumb\",\"itemListElement\":[{\"@type\":\"ListItem\",\"position\":1,\"name\":\"Accueil\",\"item\":\"https:\/\/lavoixdelanation.tg\/\"},{\"@type\":\"ListItem\",\"position\":2,\"name\":\"Komi Selom Klassou au culte d\u2019action de gr\u00e2ce pour le 66\u00e8 anniversaire de l\u2019ind\u00e9pendance du Togo\"}]},{\"@type\":\"WebSite\",\"@id\":\"https:\/\/lavoixdelanation.tg\/#website\",\"url\":\"https:\/\/lavoixdelanation.tg\/\",\"name\":\"La Voix de la Nation\",\"description\":\"R\u00e9c\u00e9piss\u00e9 n\u00b00108\/HAAC\/01-2024\/pl\/P\",\"publisher\":{\"@id\":\"https:\/\/lavoixdelanation.tg\/#organization\"},\"alternateName\":\"VON\",\"potentialAction\":[{\"@type\":\"SearchAction\",\"target\":{\"@type\":\"EntryPoint\",\"urlTemplate\":\"https:\/\/lavoixdelanation.tg\/?s={search_term_string}\"},\"query-input\":{\"@type\":\"PropertyValueSpecification\",\"valueRequired\":true,\"valueName\":\"search_term_string\"}}],\"inLanguage\":\"fr-FR\"},{\"@type\":\"Organization\",\"@id\":\"https:\/\/lavoixdelanation.tg\/#organization\",\"name\":\"La Voix de la Nation\",\"url\":\"https:\/\/lavoixdelanation.tg\/\",\"logo\":{\"@type\":\"ImageObject\",\"inLanguage\":\"fr-FR\",\"@id\":\"https:\/\/lavoixdelanation.tg\/#\/schema\/logo\/image\/\",\"url\":\"https:\/\/lavoixdelanation.tg\/wp-content\/uploads\/2024\/12\/lavn-1.png\",\"contentUrl\":\"https:\/\/lavoixdelanation.tg\/wp-content\/uploads\/2024\/12\/lavn-1.png\",\"width\":1024,\"height\":464,\"caption\":\"La Voix de la Nation\"},\"image\":{\"@id\":\"https:\/\/lavoixdelanation.tg\/#\/schema\/logo\/image\/\"},\"sameAs\":[\"https:\/\/www.facebook.com\/lavoixdelanation\"]},{\"@type\":\"Person\",\"@id\":\"https:\/\/lavoixdelanation.tg\/#\/schema\/person\/6c489293aa38053673a9e554acb6e224\",\"name\":\"La voix de la nation\",\"image\":{\"@type\":\"ImageObject\",\"inLanguage\":\"fr-FR\",\"@id\":\"https:\/\/lavoixdelanation.tg\/#\/schema\/person\/image\/\",\"url\":\"https:\/\/secure.gravatar.com\/avatar\/8aa135d4bbc794494cecaa8d483f6d6cc1023624868deaff686baed5e727a5a1?s=96&d=mm&r=g\",\"contentUrl\":\"https:\/\/secure.gravatar.com\/avatar\/8aa135d4bbc794494cecaa8d483f6d6cc1023624868deaff686baed5e727a5a1?s=96&d=mm&r=g\",\"caption\":\"La voix de la nation\"},\"sameAs\":[\"https:\/\/lavoixdelanation.tg\"],\"url\":\"https:\/\/lavoixdelanation.tg\/index.php\/author\/lavn\/\"}]}<\/script>\n<!-- \/ Yoast SEO plugin. -->","yoast_head_json":{"title":"Komi Selom Klassou au culte d\u2019action de gr\u00e2ce pour le 66\u00e8 anniversaire de l\u2019ind\u00e9pendance du Togo - La Voix de la Nation","robots":{"index":"index","follow":"follow","max-snippet":"max-snippet:-1","max-image-preview":"max-image-preview:large","max-video-preview":"max-video-preview:-1"},"canonical":"https:\/\/lavoixdelanation.tg\/index.php\/2026\/04\/26\/komi-selom-klassou-au-culte-daction-de-grace-pour-le-66e-anniversaire-de-lindependance-du-togo\/","og_locale":"fr_FR","og_type":"article","og_title":"Komi Selom Klassou au culte d\u2019action de gr\u00e2ce pour le 66\u00e8 anniversaire de l\u2019ind\u00e9pendance du Togo - La Voix de la Nation","og_description":"Au nom du Pr\u00e9sident du Conseil Faure Essozimna Gnassingb\u00e9, le Pr\u00e9sident de l\u2019Assembl\u00e9e nationale Pr Komi Selom Klassou a pris part ce dimanche 26 avril 2026 au culte d\u2019action de&hellip;","og_url":"https:\/\/lavoixdelanation.tg\/index.php\/2026\/04\/26\/komi-selom-klassou-au-culte-daction-de-grace-pour-le-66e-anniversaire-de-lindependance-du-togo\/","og_site_name":"La Voix de la Nation","article_publisher":"https:\/\/www.facebook.com\/lavoixdelanation","article_published_time":"2026-04-26T21:56:00+00:00","article_modified_time":"2026-04-27T12:00:05+00:00","og_image":[{"width":700,"height":483,"url":"https:\/\/lavoixdelanation.tg\/wp-content\/uploads\/2026\/04\/Komi-Selom-Klassou-au-culte-daction-de-grace-pour-le-66e-anniversaire-de-lindependance-du-Togo.jpeg","type":"image\/jpeg"}],"author":"La voix de la nation","twitter_card":"summary_large_image","twitter_misc":{"\u00c9crit par":"La voix de la nation","Dur\u00e9e de lecture estim\u00e9e":"2 minutes"},"schema":{"@context":"https:\/\/schema.org","@graph":[{"@type":"Article","@id":"https:\/\/lavoixdelanation.tg\/index.php\/2026\/04\/26\/komi-selom-klassou-au-culte-daction-de-grace-pour-le-66e-anniversaire-de-lindependance-du-togo\/#article","isPartOf":{"@id":"https:\/\/lavoixdelanation.tg\/index.php\/2026\/04\/26\/komi-selom-klassou-au-culte-daction-de-grace-pour-le-66e-anniversaire-de-lindependance-du-togo\/"},"author":{"name":"La voix de la nation","@id":"https:\/\/lavoixdelanation.tg\/#\/schema\/person\/6c489293aa38053673a9e554acb6e224"},"headline":"Komi Selom Klassou au culte d\u2019action de gr\u00e2ce pour le 66\u00e8 anniversaire de l\u2019ind\u00e9pendance du Togo","datePublished":"2026-04-26T21:56:00+00:00","dateModified":"2026-04-27T12:00:05+00:00","mainEntityOfPage":{"@id":"https:\/\/lavoixdelanation.tg\/index.php\/2026\/04\/26\/komi-selom-klassou-au-culte-daction-de-grace-pour-le-66e-anniversaire-de-lindependance-du-togo\/"},"wordCount":307,"commentCount":0,"publisher":{"@id":"https:\/\/lavoixdelanation.tg\/#organization"},"image":{"@id":"https:\/\/lavoixdelanation.tg\/index.php\/2026\/04\/26\/komi-selom-klassou-au-culte-daction-de-grace-pour-le-66e-anniversaire-de-lindependance-du-togo\/#primaryimage"},"thumbnailUrl":"https:\/\/lavoixdelanation.tg\/wp-content\/uploads\/2026\/04\/Komi-Selom-Klassou-au-culte-daction-de-grace-pour-le-66e-anniversaire-de-lindependance-du-Togo.jpeg","keywords":["culte d\u2019action de gr\u00e2ce","Ind\u00e9pendance du Togo","Komi Selom Klassou"],"articleSection":["Politique","Soci\u00e9t\u00e9"],"inLanguage":"fr-FR","potentialAction":[{"@type":"CommentAction","name":"Comment","target":["https:\/\/lavoixdelanation.tg\/index.php\/2026\/04\/26\/komi-selom-klassou-au-culte-daction-de-grace-pour-le-66e-anniversaire-de-lindependance-du-togo\/#respond"]}]},{"@type":"WebPage","@id":"https:\/\/lavoixdelanation.tg\/index.php\/2026\/04\/26\/komi-selom-klassou-au-culte-daction-de-grace-pour-le-66e-anniversaire-de-lindependance-du-togo\/","url":"https:\/\/lavoixdelanation.tg\/index.php\/2026\/04\/26\/komi-selom-klassou-au-culte-daction-de-grace-pour-le-66e-anniversaire-de-lindependance-du-togo\/","name":"Komi Selom Klassou au culte d\u2019action de gr\u00e2ce pour le 66\u00e8 anniversaire de l\u2019ind\u00e9pendance du Togo - La Voix de la Nation","isPartOf":{"@id":"https:\/\/lavoixdelanation.tg\/#website"},"primaryImageOfPage":{"@id":"https:\/\/lavoixdelanation.tg\/index.php\/2026\/04\/26\/komi-selom-klassou-au-culte-daction-de-grace-pour-le-66e-anniversaire-de-lindependance-du-togo\/#primaryimage"},"image":{"@id":"https:\/\/lavoixdelanation.tg\/index.php\/2026\/04\/26\/komi-selom-klassou-au-culte-daction-de-grace-pour-le-66e-anniversaire-de-lindependance-du-togo\/#primaryimage"},"thumbnailUrl":"https:\/\/lavoixdelanation.tg\/wp-content\/uploads\/2026\/04\/Komi-Selom-Klassou-au-culte-daction-de-grace-pour-le-66e-anniversaire-de-lindependance-du-Togo.jpeg","datePublished":"2026-04-26T21:56:00+00:00","dateModified":"2026-04-27T12:00:05+00:00","breadcrumb":{"@id":"https:\/\/lavoixdelanation.tg\/index.php\/2026\/04\/26\/komi-selom-klassou-au-culte-daction-de-grace-pour-le-66e-anniversaire-de-lindependance-du-togo\/#breadcrumb"},"inLanguage":"fr-FR","potentialAction":[{"@type":"ReadAction","target":["https:\/\/lavoixdelanation.tg\/index.php\/2026\/04\/26\/komi-selom-klassou-au-culte-daction-de-grace-pour-le-66e-anniversaire-de-lindependance-du-togo\/"]}]},{"@type":"ImageObject","inLanguage":"fr-FR","@id":"https:\/\/lavoixdelanation.tg\/index.php\/2026\/04\/26\/komi-selom-klassou-au-culte-daction-de-grace-pour-le-66e-anniversaire-de-lindependance-du-togo\/#primaryimage","url":"https:\/\/lavoixdelanation.tg\/wp-content\/uploads\/2026\/04\/Komi-Selom-Klassou-au-culte-daction-de-grace-pour-le-66e-anniversaire-de-lindependance-du-Togo.jpeg","contentUrl":"https:\/\/lavoixdelanation.tg\/wp-content\/uploads\/2026\/04\/Komi-Selom-Klassou-au-culte-daction-de-grace-pour-le-66e-anniversaire-de-lindependance-du-Togo.jpeg","width":700,"height":483},{"@type":"BreadcrumbList","@id":"https:\/\/lavoixdelanation.tg\/index.php\/2026\/04\/26\/komi-selom-klassou-au-culte-daction-de-grace-pour-le-66e-anniversaire-de-lindependance-du-togo\/#breadcrumb","itemListElement":[{"@type":"ListItem","position":1,"name":"Accueil","item":"https:\/\/lavoixdelanation.tg\/"},{"@type":"ListItem","position":2,"name":"Komi Selom Klassou au culte d\u2019action de gr\u00e2ce pour le 66\u00e8 anniversaire de l\u2019ind\u00e9pendance du Togo"}]},{"@type":"WebSite","@id":"https:\/\/lavoixdelanation.tg\/#website","url":"https:\/\/lavoixdelanation.tg\/","name":"La Voix de la Nation","description":"R\u00e9c\u00e9piss\u00e9 n\u00b00108\/HAAC\/01-2024\/pl\/P","publisher":{"@id":"https:\/\/lavoixdelanation.tg\/#organization"},"alternateName":"VON","potentialAction":[{"@type":"SearchAction","target":{"@type":"EntryPoint","urlTemplate":"https:\/\/lavoixdelanation.tg\/?s={search_term_string}"},"query-input":{"@type":"PropertyValueSpecification","valueRequired":true,"valueName":"search_term_string"}}],"inLanguage":"fr-FR"},{"@type":"Organization","@id":"https:\/\/lavoixdelanation.tg\/#organization","name":"La Voix de la Nation","url":"https:\/\/lavoixdelanation.tg\/","logo":{"@type":"ImageObject","inLanguage":"fr-FR","@id":"https:\/\/lavoixdelanation.tg\/#\/schema\/logo\/image\/","url":"https:\/\/lavoixdelanation.tg\/wp-content\/uploads\/2024\/12\/lavn-1.png","contentUrl":"https:\/\/lavoixdelanation.tg\/wp-content\/uploads\/2024\/12\/lavn-1.png","width":1024,"height":464,"caption":"La Voix de la Nation"},"image":{"@id":"https:\/\/lavoixdelanation.tg\/#\/schema\/logo\/image\/"},"sameAs":["https:\/\/www.facebook.com\/lavoixdelanation"]},{"@type":"Person","@id":"https:\/\/lavoixdelanation.tg\/#\/schema\/person\/6c489293aa38053673a9e554acb6e224","name":"La voix de la nation","image":{"@type":"ImageObject","inLanguage":"fr-FR","@id":"https:\/\/lavoixdelanation.tg\/#\/schema\/person\/image\/","url":"https:\/\/secure.gravatar.com\/avatar\/8aa135d4bbc794494cecaa8d483f6d6cc1023624868deaff686baed5e727a5a1?s=96&d=mm&r=g","contentUrl":"https:\/\/secure.gravatar.com\/avatar\/8aa135d4bbc794494cecaa8d483f6d6cc1023624868deaff686baed5e727a5a1?s=96&d=mm&r=g","caption":"La voix de la nation"},"sameAs":["https:\/\/lavoixdelanation.tg"],"url":"https:\/\/lavoixdelanation.tg\/index.php\/author\/lavn\/"}]}},"_links":{"self":[{"href":"https:\/\/lavoixdelanation.tg\/index.php\/wp-json\/wp\/v2\/posts\/15958","targetHints":{"allow":["GET"]}}],"collection":[{"href":"https:\/\/lavoixdelanation.tg\/index.php\/wp-json\/wp\/v2\/posts"}],"about":[{"href":"https:\/\/lavoixdelanation.tg\/index.php\/wp-json\/wp\/v2\/types\/post"}],"author":[{"embeddable":true,"href":"https:\/\/lavoixdelanation.tg\/index.php\/wp-json\/wp\/v2\/users\/1"}],"replies":[{"embeddable":true,"href":"https:\/\/lavoixdelanation.tg\/index.php\/wp-json\/wp\/v2\/comments?post=15958"}],"version-history":[{"count":1,"href":"https:\/\/lavoixdelanation.tg\/index.php\/wp-json\/wp\/v2\/posts\/15958\/revisions"}],"predecessor-version":[{"id":15960,"href":"https:\/\/lavoixdelanation.tg\/index.php\/wp-json\/wp\/v2\/posts\/15958\/revisions\/15960"}],"wp:featuredmedia":[{"embeddable":true,"href":"https:\/\/lavoixdelanation.tg\/index.php\/wp-json\/wp\/v2\/media\/15959"}],"wp:attachment":[{"href":"https:\/\/lavoixdelanation.tg\/index.php\/wp-json\/wp\/v2\/media?parent=15958"}],"wp:term":[{"taxonomy":"category","embeddable":true,"href":"https:\/\/lavoixdelanation.tg\/index.php\/wp-json\/wp\/v2\/categories?post=15958"},{"taxonomy":"post_tag","embeddable":true,"href":"https:\/\/lavoixdelanation.tg\/index.php\/wp-json\/wp\/v2\/tags?post=15958"}],"curies":[{"name":"wp","href":"https:\/\/api.w.org\/{rel}","templated":true}]}}