{"id":15955,"date":"2026-04-27T13:49:40","date_gmt":"2026-04-27T11:49:40","guid":{"rendered":"https:\/\/lavoixdelanation.tg\/?p=15955"},"modified":"2026-04-27T13:49:41","modified_gmt":"2026-04-27T11:49:41","slug":"togo-jean-lucien-savi-de-tove-eleve-a-la-dignite-de-grand-croix-de-lordre-du-mono","status":"publish","type":"post","link":"https:\/\/lavoixdelanation.tg\/index.php\/2026\/04\/27\/togo-jean-lucien-savi-de-tove-eleve-a-la-dignite-de-grand-croix-de-lordre-du-mono\/","title":{"rendered":"Togo\u00a0: Jean-Lucien Savi de Tov\u00e9 \u00e9lev\u00e9 \u00e0 la Dignit\u00e9 de Grand-Croix de l\u2019Ordre du Mono"},"content":{"rendered":"\n<p><strong>Le Pr\u00e9sident de la R\u00e9publique Jean-Lucien Kwassi Lanyo Savi de Tov\u00e9 a \u00e9t\u00e9 solennellement \u00e9lev\u00e9 \u00e0 la Dignit\u00e9 de Grand-Croix de l\u2019Ordre du Mono ce 26 avril 2026 au Palais de la Marina \u00e0 Lom\u00e9, par le Pr\u00e9sident du Conseil Faure Essozimna Gnassingb\u00e9, Grand Ma\u00eetre des Ordres Nationaux.<\/strong><\/p>\n\n\n\n<p>Cette c\u00e9r\u00e9monie solennelle et symbolique intervient dans le cadre de la comm\u00e9moration du 66\u00e8 anniversaire de l\u2019ind\u00e9pendance du Togo.<\/p>\n\n\n\n<p>Au Togo, la Dignit\u00e9 de Grand-Croix de l\u2019Ordre du Mono, r\u00e9serv\u00e9e aux plus hautes personnalit\u00e9s de notre pays, constitue l\u2019expression supr\u00eame de la reconnaissance nationale.<\/p>\n\n\n\n<p>Si cette plus haute distinction rev\u00eat un caract\u00e8re symbolique et honorifique, elle est porteuse d\u2019un message politique fort de valorisation des actions men\u00e9es dans l\u2019int\u00e9r\u00eat sup\u00e9rieur de la Nation togolaise en faveur de l\u2019illustre r\u00e9cipiendaire.<\/p>\n\n\n\n<p>Avec cette \u00e9l\u00e9vation, le Pr\u00e9sident de la R\u00e9publique est d\u00e9sormais habilit\u00e9 \u00e0 exercer le pouvoir de d\u00e9coration, en distinguant les personnalit\u00e9s togolaises et \u00e9trang\u00e8res qui, par leurs m\u00e9rites \u00e9minents ou leur engagement au service de la Nation, contribuent au rayonnement et \u00e0 la grandeur du Togo.<\/p>\n\n\n\n<p>\u00c9lu Pr\u00e9sident de la R\u00e9publique le 3 mai 2025, Jean-Lucien Kwassi Lanyo Savi de Tov\u00e9 est un acteur majeur de la vie politique du Togo, reconnu pour son engagement constant en faveur du dialogue, de l\u2019unit\u00e9 nationale et de la construction de l\u2019\u00c9tat.<\/p>\n","protected":false},"excerpt":{"rendered":"<p>Le Pr\u00e9sident de la R\u00e9publique Jean-Lucien Kwassi Lanyo Savi de Tov\u00e9 a \u00e9t\u00e9 solennellement \u00e9lev\u00e9 \u00e0 la Dignit\u00e9 de Grand-Croix de l\u2019Ordre du Mono ce 26 avril 2026 au Palais&hellip; <\/p>\n","protected":false},"author":1,"featured_media":15956,"comment_status":"open","ping_status":"closed","sticky":false,"template":"","format":"standard","meta":{"footnotes":""},"categories":[21],"tags":[1421,651,39],"class_list":["post-15955","post","type-post","status-publish","format-standard","has-post-thumbnail","hentry","category-politique","tag-grand-croix-de-lordre-du-mono","tag-jean-lucien-savi-de-tove","tag-togo"],"yoast_head":"<!-- This site is optimized with the Yoast SEO plugin v26.4 - https:\/\/yoast.com\/wordpress\/plugins\/seo\/ -->\n<title>Togo\u00a0: Jean-Lucien Savi de Tov\u00e9 \u00e9lev\u00e9 \u00e0 la Dignit\u00e9 de Grand-Croix de l\u2019Ordre du Mono - La Voix de la Nation<\/title>\n<meta name=\"robots\" content=\"index, follow, max-snippet:-1, max-image-preview:large, max-video-preview:-1\" \/>\n<link rel=\"canonical\" href=\"https:\/\/lavoixdelanation.tg\/index.php\/2026\/04\/27\/togo-jean-lucien-savi-de-tove-eleve-a-la-dignite-de-grand-croix-de-lordre-du-mono\/\" \/>\n<meta property=\"og:locale\" content=\"fr_FR\" \/>\n<meta property=\"og:type\" content=\"article\" \/>\n<meta property=\"og:title\" content=\"Togo\u00a0: Jean-Lucien Savi de Tov\u00e9 \u00e9lev\u00e9 \u00e0 la Dignit\u00e9 de Grand-Croix de l\u2019Ordre du Mono - La Voix de la Nation\" \/>\n<meta property=\"og:description\" content=\"Le Pr\u00e9sident de la R\u00e9publique Jean-Lucien Kwassi Lanyo Savi de Tov\u00e9 a \u00e9t\u00e9 solennellement \u00e9lev\u00e9 \u00e0 la Dignit\u00e9 de Grand-Croix de l\u2019Ordre du Mono ce 26 avril 2026 au Palais&hellip;\" \/>\n<meta property=\"og:url\" content=\"https:\/\/lavoixdelanation.tg\/index.php\/2026\/04\/27\/togo-jean-lucien-savi-de-tove-eleve-a-la-dignite-de-grand-croix-de-lordre-du-mono\/\" \/>\n<meta property=\"og:site_name\" content=\"La Voix de la Nation\" \/>\n<meta property=\"article:publisher\" content=\"https:\/\/www.facebook.com\/lavoixdelanation\" \/>\n<meta property=\"article:published_time\" content=\"2026-04-27T11:49:40+00:00\" \/>\n<meta property=\"article:modified_time\" content=\"2026-04-27T11:49:41+00:00\" \/>\n<meta property=\"og:image\" content=\"https:\/\/lavoixdelanation.tg\/wp-content\/uploads\/2026\/04\/Jean-Lucien-Savi-de-Tove-eleve-a-la-Dignite-de-Grand-Croix-de-lOrdre-du-Mono.jpeg\" \/>\n\t<meta property=\"og:image:width\" content=\"800\" \/>\n\t<meta property=\"og:image:height\" content=\"614\" \/>\n\t<meta property=\"og:image:type\" content=\"image\/jpeg\" \/>\n<meta name=\"author\" content=\"La voix de la nation\" \/>\n<meta name=\"twitter:card\" content=\"summary_large_image\" \/>\n<meta name=\"twitter:label1\" content=\"\u00c9crit par\" \/>\n\t<meta name=\"twitter:data1\" content=\"La voix de la nation\" \/>\n\t<meta name=\"twitter:label2\" content=\"Dur\u00e9e de lecture estim\u00e9e\" \/>\n\t<meta name=\"twitter:data2\" content=\"2 minutes\" \/>\n<script type=\"application\/ld+json\" class=\"yoast-schema-graph\">{\"@context\":\"https:\/\/schema.org\",\"@graph\":[{\"@type\":\"Article\",\"@id\":\"https:\/\/lavoixdelanation.tg\/index.php\/2026\/04\/27\/togo-jean-lucien-savi-de-tove-eleve-a-la-dignite-de-grand-croix-de-lordre-du-mono\/#article\",\"isPartOf\":{\"@id\":\"https:\/\/lavoixdelanation.tg\/index.php\/2026\/04\/27\/togo-jean-lucien-savi-de-tove-eleve-a-la-dignite-de-grand-croix-de-lordre-du-mono\/\"},\"author\":{\"name\":\"La voix de la nation\",\"@id\":\"https:\/\/lavoixdelanation.tg\/#\/schema\/person\/6c489293aa38053673a9e554acb6e224\"},\"headline\":\"Togo\u00a0: Jean-Lucien Savi de Tov\u00e9 \u00e9lev\u00e9 \u00e0 la Dignit\u00e9 de Grand-Croix de l\u2019Ordre du Mono\",\"datePublished\":\"2026-04-27T11:49:40+00:00\",\"dateModified\":\"2026-04-27T11:49:41+00:00\",\"mainEntityOfPage\":{\"@id\":\"https:\/\/lavoixdelanation.tg\/index.php\/2026\/04\/27\/togo-jean-lucien-savi-de-tove-eleve-a-la-dignite-de-grand-croix-de-lordre-du-mono\/\"},\"wordCount\":260,\"commentCount\":0,\"publisher\":{\"@id\":\"https:\/\/lavoixdelanation.tg\/#organization\"},\"image\":{\"@id\":\"https:\/\/lavoixdelanation.tg\/index.php\/2026\/04\/27\/togo-jean-lucien-savi-de-tove-eleve-a-la-dignite-de-grand-croix-de-lordre-du-mono\/#primaryimage\"},\"thumbnailUrl\":\"https:\/\/lavoixdelanation.tg\/wp-content\/uploads\/2026\/04\/Jean-Lucien-Savi-de-Tove-eleve-a-la-Dignite-de-Grand-Croix-de-lOrdre-du-Mono.jpeg\",\"keywords\":[\"Grand-Croix de l\u2019Ordre du Mono\",\"Jean-Lucien Savi de Tov\u00e9\",\"Togo\"],\"articleSection\":[\"Politique\"],\"inLanguage\":\"fr-FR\",\"potentialAction\":[{\"@type\":\"CommentAction\",\"name\":\"Comment\",\"target\":[\"https:\/\/lavoixdelanation.tg\/index.php\/2026\/04\/27\/togo-jean-lucien-savi-de-tove-eleve-a-la-dignite-de-grand-croix-de-lordre-du-mono\/#respond\"]}]},{\"@type\":\"WebPage\",\"@id\":\"https:\/\/lavoixdelanation.tg\/index.php\/2026\/04\/27\/togo-jean-lucien-savi-de-tove-eleve-a-la-dignite-de-grand-croix-de-lordre-du-mono\/\",\"url\":\"https:\/\/lavoixdelanation.tg\/index.php\/2026\/04\/27\/togo-jean-lucien-savi-de-tove-eleve-a-la-dignite-de-grand-croix-de-lordre-du-mono\/\",\"name\":\"Togo\u00a0: Jean-Lucien Savi de Tov\u00e9 \u00e9lev\u00e9 \u00e0 la Dignit\u00e9 de Grand-Croix de l\u2019Ordre du Mono - La Voix de la Nation\",\"isPartOf\":{\"@id\":\"https:\/\/lavoixdelanation.tg\/#website\"},\"primaryImageOfPage\":{\"@id\":\"https:\/\/lavoixdelanation.tg\/index.php\/2026\/04\/27\/togo-jean-lucien-savi-de-tove-eleve-a-la-dignite-de-grand-croix-de-lordre-du-mono\/#primaryimage\"},\"image\":{\"@id\":\"https:\/\/lavoixdelanation.tg\/index.php\/2026\/04\/27\/togo-jean-lucien-savi-de-tove-eleve-a-la-dignite-de-grand-croix-de-lordre-du-mono\/#primaryimage\"},\"thumbnailUrl\":\"https:\/\/lavoixdelanation.tg\/wp-content\/uploads\/2026\/04\/Jean-Lucien-Savi-de-Tove-eleve-a-la-Dignite-de-Grand-Croix-de-lOrdre-du-Mono.jpeg\",\"datePublished\":\"2026-04-27T11:49:40+00:00\",\"dateModified\":\"2026-04-27T11:49:41+00:00\",\"breadcrumb\":{\"@id\":\"https:\/\/lavoixdelanation.tg\/index.php\/2026\/04\/27\/togo-jean-lucien-savi-de-tove-eleve-a-la-dignite-de-grand-croix-de-lordre-du-mono\/#breadcrumb\"},\"inLanguage\":\"fr-FR\",\"potentialAction\":[{\"@type\":\"ReadAction\",\"target\":[\"https:\/\/lavoixdelanation.tg\/index.php\/2026\/04\/27\/togo-jean-lucien-savi-de-tove-eleve-a-la-dignite-de-grand-croix-de-lordre-du-mono\/\"]}]},{\"@type\":\"ImageObject\",\"inLanguage\":\"fr-FR\",\"@id\":\"https:\/\/lavoixdelanation.tg\/index.php\/2026\/04\/27\/togo-jean-lucien-savi-de-tove-eleve-a-la-dignite-de-grand-croix-de-lordre-du-mono\/#primaryimage\",\"url\":\"https:\/\/lavoixdelanation.tg\/wp-content\/uploads\/2026\/04\/Jean-Lucien-Savi-de-Tove-eleve-a-la-Dignite-de-Grand-Croix-de-lOrdre-du-Mono.jpeg\",\"contentUrl\":\"https:\/\/lavoixdelanation.tg\/wp-content\/uploads\/2026\/04\/Jean-Lucien-Savi-de-Tove-eleve-a-la-Dignite-de-Grand-Croix-de-lOrdre-du-Mono.jpeg\",\"width\":800,\"height\":614},{\"@type\":\"BreadcrumbList\",\"@id\":\"https:\/\/lavoixdelanation.tg\/index.php\/2026\/04\/27\/togo-jean-lucien-savi-de-tove-eleve-a-la-dignite-de-grand-croix-de-lordre-du-mono\/#breadcrumb\",\"itemListElement\":[{\"@type\":\"ListItem\",\"position\":1,\"name\":\"Accueil\",\"item\":\"https:\/\/lavoixdelanation.tg\/\"},{\"@type\":\"ListItem\",\"position\":2,\"name\":\"Togo\u00a0: Jean-Lucien Savi de Tov\u00e9 \u00e9lev\u00e9 \u00e0 la Dignit\u00e9 de Grand-Croix de l\u2019Ordre du Mono\"}]},{\"@type\":\"WebSite\",\"@id\":\"https:\/\/lavoixdelanation.tg\/#website\",\"url\":\"https:\/\/lavoixdelanation.tg\/\",\"name\":\"La Voix de la Nation\",\"description\":\"R\u00e9c\u00e9piss\u00e9 n\u00b00108\/HAAC\/01-2024\/pl\/P\",\"publisher\":{\"@id\":\"https:\/\/lavoixdelanation.tg\/#organization\"},\"alternateName\":\"VON\",\"potentialAction\":[{\"@type\":\"SearchAction\",\"target\":{\"@type\":\"EntryPoint\",\"urlTemplate\":\"https:\/\/lavoixdelanation.tg\/?s={search_term_string}\"},\"query-input\":{\"@type\":\"PropertyValueSpecification\",\"valueRequired\":true,\"valueName\":\"search_term_string\"}}],\"inLanguage\":\"fr-FR\"},{\"@type\":\"Organization\",\"@id\":\"https:\/\/lavoixdelanation.tg\/#organization\",\"name\":\"La Voix de la Nation\",\"url\":\"https:\/\/lavoixdelanation.tg\/\",\"logo\":{\"@type\":\"ImageObject\",\"inLanguage\":\"fr-FR\",\"@id\":\"https:\/\/lavoixdelanation.tg\/#\/schema\/logo\/image\/\",\"url\":\"https:\/\/lavoixdelanation.tg\/wp-content\/uploads\/2024\/12\/lavn-1.png\",\"contentUrl\":\"https:\/\/lavoixdelanation.tg\/wp-content\/uploads\/2024\/12\/lavn-1.png\",\"width\":1024,\"height\":464,\"caption\":\"La Voix de la Nation\"},\"image\":{\"@id\":\"https:\/\/lavoixdelanation.tg\/#\/schema\/logo\/image\/\"},\"sameAs\":[\"https:\/\/www.facebook.com\/lavoixdelanation\"]},{\"@type\":\"Person\",\"@id\":\"https:\/\/lavoixdelanation.tg\/#\/schema\/person\/6c489293aa38053673a9e554acb6e224\",\"name\":\"La voix de la nation\",\"image\":{\"@type\":\"ImageObject\",\"inLanguage\":\"fr-FR\",\"@id\":\"https:\/\/lavoixdelanation.tg\/#\/schema\/person\/image\/\",\"url\":\"https:\/\/secure.gravatar.com\/avatar\/8aa135d4bbc794494cecaa8d483f6d6cc1023624868deaff686baed5e727a5a1?s=96&d=mm&r=g\",\"contentUrl\":\"https:\/\/secure.gravatar.com\/avatar\/8aa135d4bbc794494cecaa8d483f6d6cc1023624868deaff686baed5e727a5a1?s=96&d=mm&r=g\",\"caption\":\"La voix de la nation\"},\"sameAs\":[\"https:\/\/lavoixdelanation.tg\"],\"url\":\"https:\/\/lavoixdelanation.tg\/index.php\/author\/lavn\/\"}]}<\/script>\n<!-- \/ Yoast SEO plugin. -->","yoast_head_json":{"title":"Togo\u00a0: Jean-Lucien Savi de Tov\u00e9 \u00e9lev\u00e9 \u00e0 la Dignit\u00e9 de Grand-Croix de l\u2019Ordre du Mono - La Voix de la Nation","robots":{"index":"index","follow":"follow","max-snippet":"max-snippet:-1","max-image-preview":"max-image-preview:large","max-video-preview":"max-video-preview:-1"},"canonical":"https:\/\/lavoixdelanation.tg\/index.php\/2026\/04\/27\/togo-jean-lucien-savi-de-tove-eleve-a-la-dignite-de-grand-croix-de-lordre-du-mono\/","og_locale":"fr_FR","og_type":"article","og_title":"Togo\u00a0: Jean-Lucien Savi de Tov\u00e9 \u00e9lev\u00e9 \u00e0 la Dignit\u00e9 de Grand-Croix de l\u2019Ordre du Mono - La Voix de la Nation","og_description":"Le Pr\u00e9sident de la R\u00e9publique Jean-Lucien Kwassi Lanyo Savi de Tov\u00e9 a \u00e9t\u00e9 solennellement \u00e9lev\u00e9 \u00e0 la Dignit\u00e9 de Grand-Croix de l\u2019Ordre du Mono ce 26 avril 2026 au Palais&hellip;","og_url":"https:\/\/lavoixdelanation.tg\/index.php\/2026\/04\/27\/togo-jean-lucien-savi-de-tove-eleve-a-la-dignite-de-grand-croix-de-lordre-du-mono\/","og_site_name":"La Voix de la Nation","article_publisher":"https:\/\/www.facebook.com\/lavoixdelanation","article_published_time":"2026-04-27T11:49:40+00:00","article_modified_time":"2026-04-27T11:49:41+00:00","og_image":[{"width":800,"height":614,"url":"https:\/\/lavoixdelanation.tg\/wp-content\/uploads\/2026\/04\/Jean-Lucien-Savi-de-Tove-eleve-a-la-Dignite-de-Grand-Croix-de-lOrdre-du-Mono.jpeg","type":"image\/jpeg"}],"author":"La voix de la nation","twitter_card":"summary_large_image","twitter_misc":{"\u00c9crit par":"La voix de la nation","Dur\u00e9e de lecture estim\u00e9e":"2 minutes"},"schema":{"@context":"https:\/\/schema.org","@graph":[{"@type":"Article","@id":"https:\/\/lavoixdelanation.tg\/index.php\/2026\/04\/27\/togo-jean-lucien-savi-de-tove-eleve-a-la-dignite-de-grand-croix-de-lordre-du-mono\/#article","isPartOf":{"@id":"https:\/\/lavoixdelanation.tg\/index.php\/2026\/04\/27\/togo-jean-lucien-savi-de-tove-eleve-a-la-dignite-de-grand-croix-de-lordre-du-mono\/"},"author":{"name":"La voix de la nation","@id":"https:\/\/lavoixdelanation.tg\/#\/schema\/person\/6c489293aa38053673a9e554acb6e224"},"headline":"Togo\u00a0: Jean-Lucien Savi de Tov\u00e9 \u00e9lev\u00e9 \u00e0 la Dignit\u00e9 de Grand-Croix de l\u2019Ordre du Mono","datePublished":"2026-04-27T11:49:40+00:00","dateModified":"2026-04-27T11:49:41+00:00","mainEntityOfPage":{"@id":"https:\/\/lavoixdelanation.tg\/index.php\/2026\/04\/27\/togo-jean-lucien-savi-de-tove-eleve-a-la-dignite-de-grand-croix-de-lordre-du-mono\/"},"wordCount":260,"commentCount":0,"publisher":{"@id":"https:\/\/lavoixdelanation.tg\/#organization"},"image":{"@id":"https:\/\/lavoixdelanation.tg\/index.php\/2026\/04\/27\/togo-jean-lucien-savi-de-tove-eleve-a-la-dignite-de-grand-croix-de-lordre-du-mono\/#primaryimage"},"thumbnailUrl":"https:\/\/lavoixdelanation.tg\/wp-content\/uploads\/2026\/04\/Jean-Lucien-Savi-de-Tove-eleve-a-la-Dignite-de-Grand-Croix-de-lOrdre-du-Mono.jpeg","keywords":["Grand-Croix de l\u2019Ordre du Mono","Jean-Lucien Savi de Tov\u00e9","Togo"],"articleSection":["Politique"],"inLanguage":"fr-FR","potentialAction":[{"@type":"CommentAction","name":"Comment","target":["https:\/\/lavoixdelanation.tg\/index.php\/2026\/04\/27\/togo-jean-lucien-savi-de-tove-eleve-a-la-dignite-de-grand-croix-de-lordre-du-mono\/#respond"]}]},{"@type":"WebPage","@id":"https:\/\/lavoixdelanation.tg\/index.php\/2026\/04\/27\/togo-jean-lucien-savi-de-tove-eleve-a-la-dignite-de-grand-croix-de-lordre-du-mono\/","url":"https:\/\/lavoixdelanation.tg\/index.php\/2026\/04\/27\/togo-jean-lucien-savi-de-tove-eleve-a-la-dignite-de-grand-croix-de-lordre-du-mono\/","name":"Togo\u00a0: Jean-Lucien Savi de Tov\u00e9 \u00e9lev\u00e9 \u00e0 la Dignit\u00e9 de Grand-Croix de l\u2019Ordre du Mono - La Voix de la Nation","isPartOf":{"@id":"https:\/\/lavoixdelanation.tg\/#website"},"primaryImageOfPage":{"@id":"https:\/\/lavoixdelanation.tg\/index.php\/2026\/04\/27\/togo-jean-lucien-savi-de-tove-eleve-a-la-dignite-de-grand-croix-de-lordre-du-mono\/#primaryimage"},"image":{"@id":"https:\/\/lavoixdelanation.tg\/index.php\/2026\/04\/27\/togo-jean-lucien-savi-de-tove-eleve-a-la-dignite-de-grand-croix-de-lordre-du-mono\/#primaryimage"},"thumbnailUrl":"https:\/\/lavoixdelanation.tg\/wp-content\/uploads\/2026\/04\/Jean-Lucien-Savi-de-Tove-eleve-a-la-Dignite-de-Grand-Croix-de-lOrdre-du-Mono.jpeg","datePublished":"2026-04-27T11:49:40+00:00","dateModified":"2026-04-27T11:49:41+00:00","breadcrumb":{"@id":"https:\/\/lavoixdelanation.tg\/index.php\/2026\/04\/27\/togo-jean-lucien-savi-de-tove-eleve-a-la-dignite-de-grand-croix-de-lordre-du-mono\/#breadcrumb"},"inLanguage":"fr-FR","potentialAction":[{"@type":"ReadAction","target":["https:\/\/lavoixdelanation.tg\/index.php\/2026\/04\/27\/togo-jean-lucien-savi-de-tove-eleve-a-la-dignite-de-grand-croix-de-lordre-du-mono\/"]}]},{"@type":"ImageObject","inLanguage":"fr-FR","@id":"https:\/\/lavoixdelanation.tg\/index.php\/2026\/04\/27\/togo-jean-lucien-savi-de-tove-eleve-a-la-dignite-de-grand-croix-de-lordre-du-mono\/#primaryimage","url":"https:\/\/lavoixdelanation.tg\/wp-content\/uploads\/2026\/04\/Jean-Lucien-Savi-de-Tove-eleve-a-la-Dignite-de-Grand-Croix-de-lOrdre-du-Mono.jpeg","contentUrl":"https:\/\/lavoixdelanation.tg\/wp-content\/uploads\/2026\/04\/Jean-Lucien-Savi-de-Tove-eleve-a-la-Dignite-de-Grand-Croix-de-lOrdre-du-Mono.jpeg","width":800,"height":614},{"@type":"BreadcrumbList","@id":"https:\/\/lavoixdelanation.tg\/index.php\/2026\/04\/27\/togo-jean-lucien-savi-de-tove-eleve-a-la-dignite-de-grand-croix-de-lordre-du-mono\/#breadcrumb","itemListElement":[{"@type":"ListItem","position":1,"name":"Accueil","item":"https:\/\/lavoixdelanation.tg\/"},{"@type":"ListItem","position":2,"name":"Togo\u00a0: Jean-Lucien Savi de Tov\u00e9 \u00e9lev\u00e9 \u00e0 la Dignit\u00e9 de Grand-Croix de l\u2019Ordre du Mono"}]},{"@type":"WebSite","@id":"https:\/\/lavoixdelanation.tg\/#website","url":"https:\/\/lavoixdelanation.tg\/","name":"La Voix de la Nation","description":"R\u00e9c\u00e9piss\u00e9 n\u00b00108\/HAAC\/01-2024\/pl\/P","publisher":{"@id":"https:\/\/lavoixdelanation.tg\/#organization"},"alternateName":"VON","potentialAction":[{"@type":"SearchAction","target":{"@type":"EntryPoint","urlTemplate":"https:\/\/lavoixdelanation.tg\/?s={search_term_string}"},"query-input":{"@type":"PropertyValueSpecification","valueRequired":true,"valueName":"search_term_string"}}],"inLanguage":"fr-FR"},{"@type":"Organization","@id":"https:\/\/lavoixdelanation.tg\/#organization","name":"La Voix de la Nation","url":"https:\/\/lavoixdelanation.tg\/","logo":{"@type":"ImageObject","inLanguage":"fr-FR","@id":"https:\/\/lavoixdelanation.tg\/#\/schema\/logo\/image\/","url":"https:\/\/lavoixdelanation.tg\/wp-content\/uploads\/2024\/12\/lavn-1.png","contentUrl":"https:\/\/lavoixdelanation.tg\/wp-content\/uploads\/2024\/12\/lavn-1.png","width":1024,"height":464,"caption":"La Voix de la Nation"},"image":{"@id":"https:\/\/lavoixdelanation.tg\/#\/schema\/logo\/image\/"},"sameAs":["https:\/\/www.facebook.com\/lavoixdelanation"]},{"@type":"Person","@id":"https:\/\/lavoixdelanation.tg\/#\/schema\/person\/6c489293aa38053673a9e554acb6e224","name":"La voix de la nation","image":{"@type":"ImageObject","inLanguage":"fr-FR","@id":"https:\/\/lavoixdelanation.tg\/#\/schema\/person\/image\/","url":"https:\/\/secure.gravatar.com\/avatar\/8aa135d4bbc794494cecaa8d483f6d6cc1023624868deaff686baed5e727a5a1?s=96&d=mm&r=g","contentUrl":"https:\/\/secure.gravatar.com\/avatar\/8aa135d4bbc794494cecaa8d483f6d6cc1023624868deaff686baed5e727a5a1?s=96&d=mm&r=g","caption":"La voix de la nation"},"sameAs":["https:\/\/lavoixdelanation.tg"],"url":"https:\/\/lavoixdelanation.tg\/index.php\/author\/lavn\/"}]}},"_links":{"self":[{"href":"https:\/\/lavoixdelanation.tg\/index.php\/wp-json\/wp\/v2\/posts\/15955","targetHints":{"allow":["GET"]}}],"collection":[{"href":"https:\/\/lavoixdelanation.tg\/index.php\/wp-json\/wp\/v2\/posts"}],"about":[{"href":"https:\/\/lavoixdelanation.tg\/index.php\/wp-json\/wp\/v2\/types\/post"}],"author":[{"embeddable":true,"href":"https:\/\/lavoixdelanation.tg\/index.php\/wp-json\/wp\/v2\/users\/1"}],"replies":[{"embeddable":true,"href":"https:\/\/lavoixdelanation.tg\/index.php\/wp-json\/wp\/v2\/comments?post=15955"}],"version-history":[{"count":1,"href":"https:\/\/lavoixdelanation.tg\/index.php\/wp-json\/wp\/v2\/posts\/15955\/revisions"}],"predecessor-version":[{"id":15957,"href":"https:\/\/lavoixdelanation.tg\/index.php\/wp-json\/wp\/v2\/posts\/15955\/revisions\/15957"}],"wp:featuredmedia":[{"embeddable":true,"href":"https:\/\/lavoixdelanation.tg\/index.php\/wp-json\/wp\/v2\/media\/15956"}],"wp:attachment":[{"href":"https:\/\/lavoixdelanation.tg\/index.php\/wp-json\/wp\/v2\/media?parent=15955"}],"wp:term":[{"taxonomy":"category","embeddable":true,"href":"https:\/\/lavoixdelanation.tg\/index.php\/wp-json\/wp\/v2\/categories?post=15955"},{"taxonomy":"post_tag","embeddable":true,"href":"https:\/\/lavoixdelanation.tg\/index.php\/wp-json\/wp\/v2\/tags?post=15955"}],"curies":[{"name":"wp","href":"https:\/\/api.w.org\/{rel}","templated":true}]}}