{"id":15948,"date":"2026-04-25T15:46:13","date_gmt":"2026-04-25T13:46:13","guid":{"rendered":"https:\/\/lavoixdelanation.tg\/?p=15948"},"modified":"2026-04-26T15:49:02","modified_gmt":"2026-04-26T13:49:02","slug":"faure-gnassingbe-inaugure-le-centre-regional-de-mecanisation-agricole-de-tchitchao-dans-la-kara","status":"publish","type":"post","link":"https:\/\/lavoixdelanation.tg\/index.php\/2026\/04\/25\/faure-gnassingbe-inaugure-le-centre-regional-de-mecanisation-agricole-de-tchitchao-dans-la-kara\/","title":{"rendered":"Faure Gnassingb\u00e9 inaugure le Centre R\u00e9gional de M\u00e9canisation Agricole de Tchitchao dans la Kara"},"content":{"rendered":"\n<p><strong>Le Centre R\u00e9gional de M\u00e9canisation Agricole (CRMA) de Tchitchao dans la r\u00e9gion de la Kara a \u00e9t\u00e9 inaugur\u00e9 ce 24 avril 2026 par le Pr\u00e9sident du Conseil Faure Gnassingb\u00e9.<\/strong><\/p>\n\n\n\n<p>Cette inauguration s\u2019inscrit dans le cadre des activit\u00e9s marquant le 66\u00e8 anniversaire de l\u2019ind\u00e9pendance du Togo qui sera c\u00e9l\u00e9br\u00e9 le 27 avril prochain.<\/p>\n\n\n\n<p>Le CRMA s\u2019\u00e9tend sur trois hectares, avec une ing\u00e9nierie compl\u00e8te au service du monde rural notamment plateformes de stockage de grande capacit\u00e9, des espaces de formation dot\u00e9s d\u2019outils modernes, des ateliers techniques, des services de location et de maintenance.<\/p>\n\n\n\n<p>Sur place, tout y est con\u00e7u pour rompre avec les pratiques rudimentaires et inscrire l\u2019agriculture dans une logique de performance, d\u2019efficacit\u00e9 et de rentabilit\u00e9 durable.<\/p>\n\n\n\n<figure class=\"wp-block-image size-large\"><img loading=\"lazy\" decoding=\"async\" width=\"1024\" height=\"626\" src=\"https:\/\/lavoixdelanation.tg\/wp-content\/uploads\/2026\/04\/Faure-Gnassingbe-inaugure-le-Centre-Regional-de-Mecanisation-Agricole-de-Tchitchao-1024x626.jpg\" alt=\"\" class=\"wp-image-15950\" srcset=\"https:\/\/lavoixdelanation.tg\/wp-content\/uploads\/2026\/04\/Faure-Gnassingbe-inaugure-le-Centre-Regional-de-Mecanisation-Agricole-de-Tchitchao-1024x626.jpg 1024w, https:\/\/lavoixdelanation.tg\/wp-content\/uploads\/2026\/04\/Faure-Gnassingbe-inaugure-le-Centre-Regional-de-Mecanisation-Agricole-de-Tchitchao-300x183.jpg 300w, https:\/\/lavoixdelanation.tg\/wp-content\/uploads\/2026\/04\/Faure-Gnassingbe-inaugure-le-Centre-Regional-de-Mecanisation-Agricole-de-Tchitchao-768x469.jpg 768w, https:\/\/lavoixdelanation.tg\/wp-content\/uploads\/2026\/04\/Faure-Gnassingbe-inaugure-le-Centre-Regional-de-Mecanisation-Agricole-de-Tchitchao.jpg 1280w\" sizes=\"auto, (max-width: 1024px) 100vw, 1024px\" \/><\/figure>\n\n\n\n<p>La v\u00e9ritable force de ce projet r\u00e9side selon le Gouvernement, dans sa port\u00e9e humaine et sociale. En initiant la formation de jeunes aux m\u00e9tiers de la m\u00e9canisation, en facilitant l\u2019acc\u00e8s aux \u00e9quipements modernes et en accompagnant les producteurs au quotidien, le centre red\u00e9finit les contours du travail agricole.<\/p>\n\n\n\n<p>Le centre de Tchitchao appara\u00eet d\u00e8s lors comme un maillon essentiel de cette transformation. Adoss\u00e9 \u00e0 la dynamique de l\u2019agropole de Kara, ce dispositif d\u00e9passe la simple production pour embrasser toute la cha\u00eene de valeur, de la pr\u00e9paration des sols \u00e0 la transformation agroalimentaire.<\/p>\n\n\n\n<p>L\u2019ambition d\u2019emblaver des milliers d\u2019hectares, notamment pour la fili\u00e8re coton, illustre cette volont\u00e9 d\u2019industrialiser progressivement l\u2019agriculture, tout en renfor\u00e7ant la comp\u00e9titivit\u00e9 des producteurs locaux.<\/p>\n\n\n\n<p>Au demeurant, le Centre R\u00e9gional de M\u00e9canisation Agricole de Tchitchao ne se r\u00e9sume pas \u00e0 une infrastructure de plus dans le paysage national. Il incarne la vision d\u2019un Togo qui investit dans sa terre, valorise ses producteurs et transforme ses contraintes en opportunit\u00e9s.<\/p>\n\n\n\n<p><strong>DKS<\/strong><\/p>\n","protected":false},"excerpt":{"rendered":"<p>Le Centre R\u00e9gional de M\u00e9canisation Agricole (CRMA) de Tchitchao dans la r\u00e9gion de la Kara a \u00e9t\u00e9 inaugur\u00e9 ce 24 avril 2026 par le Pr\u00e9sident du Conseil Faure Gnassingb\u00e9. Cette&hellip; <\/p>\n","protected":false},"author":1,"featured_media":15949,"comment_status":"open","ping_status":"closed","sticky":false,"template":"","format":"standard","meta":{"footnotes":""},"categories":[8],"tags":[1413,45,102,1414,1237,39],"class_list":["post-15948","post","type-post","status-publish","format-standard","has-post-thumbnail","hentry","category-economie","tag-centre-regional","tag-faure-gnassingbe","tag-kara","tag-mecanisation-agricole","tag-tchitchao","tag-togo"],"yoast_head":"<!-- This site is optimized with the Yoast SEO plugin v26.4 - https:\/\/yoast.com\/wordpress\/plugins\/seo\/ -->\n<title>Faure Gnassingb\u00e9 inaugure le Centre R\u00e9gional de M\u00e9canisation Agricole de Tchitchao dans la Kara - La Voix de la Nation<\/title>\n<meta name=\"robots\" content=\"index, follow, max-snippet:-1, max-image-preview:large, max-video-preview:-1\" \/>\n<link rel=\"canonical\" href=\"https:\/\/lavoixdelanation.tg\/index.php\/2026\/04\/25\/faure-gnassingbe-inaugure-le-centre-regional-de-mecanisation-agricole-de-tchitchao-dans-la-kara\/\" \/>\n<meta property=\"og:locale\" content=\"fr_FR\" \/>\n<meta property=\"og:type\" content=\"article\" \/>\n<meta property=\"og:title\" content=\"Faure Gnassingb\u00e9 inaugure le Centre R\u00e9gional de M\u00e9canisation Agricole de Tchitchao dans la Kara - La Voix de la Nation\" \/>\n<meta property=\"og:description\" content=\"Le Centre R\u00e9gional de M\u00e9canisation Agricole (CRMA) de Tchitchao dans la r\u00e9gion de la Kara a \u00e9t\u00e9 inaugur\u00e9 ce 24 avril 2026 par le Pr\u00e9sident du Conseil Faure Gnassingb\u00e9. Cette&hellip;\" \/>\n<meta property=\"og:url\" content=\"https:\/\/lavoixdelanation.tg\/index.php\/2026\/04\/25\/faure-gnassingbe-inaugure-le-centre-regional-de-mecanisation-agricole-de-tchitchao-dans-la-kara\/\" \/>\n<meta property=\"og:site_name\" content=\"La Voix de la Nation\" \/>\n<meta property=\"article:publisher\" content=\"https:\/\/www.facebook.com\/lavoixdelanation\" \/>\n<meta property=\"article:published_time\" content=\"2026-04-25T13:46:13+00:00\" \/>\n<meta property=\"article:modified_time\" content=\"2026-04-26T13:49:02+00:00\" \/>\n<meta property=\"og:image\" content=\"https:\/\/lavoixdelanation.tg\/wp-content\/uploads\/2026\/04\/Faure-Gnassingbe-inaugure-le-Centre-Regional-de-Mecanisation-Agricole-de-Tchitchao-a-Kara.jpg\" \/>\n\t<meta property=\"og:image:width\" content=\"1280\" \/>\n\t<meta property=\"og:image:height\" content=\"1024\" \/>\n\t<meta property=\"og:image:type\" content=\"image\/jpeg\" \/>\n<meta name=\"author\" content=\"La voix de la nation\" \/>\n<meta name=\"twitter:card\" content=\"summary_large_image\" \/>\n<meta name=\"twitter:label1\" content=\"\u00c9crit par\" \/>\n\t<meta name=\"twitter:data1\" content=\"La voix de la nation\" \/>\n\t<meta name=\"twitter:label2\" content=\"Dur\u00e9e de lecture estim\u00e9e\" \/>\n\t<meta name=\"twitter:data2\" content=\"2 minutes\" \/>\n<script type=\"application\/ld+json\" class=\"yoast-schema-graph\">{\"@context\":\"https:\/\/schema.org\",\"@graph\":[{\"@type\":\"Article\",\"@id\":\"https:\/\/lavoixdelanation.tg\/index.php\/2026\/04\/25\/faure-gnassingbe-inaugure-le-centre-regional-de-mecanisation-agricole-de-tchitchao-dans-la-kara\/#article\",\"isPartOf\":{\"@id\":\"https:\/\/lavoixdelanation.tg\/index.php\/2026\/04\/25\/faure-gnassingbe-inaugure-le-centre-regional-de-mecanisation-agricole-de-tchitchao-dans-la-kara\/\"},\"author\":{\"name\":\"La voix de la nation\",\"@id\":\"https:\/\/lavoixdelanation.tg\/#\/schema\/person\/6c489293aa38053673a9e554acb6e224\"},\"headline\":\"Faure Gnassingb\u00e9 inaugure le Centre R\u00e9gional de M\u00e9canisation Agricole de Tchitchao dans la Kara\",\"datePublished\":\"2026-04-25T13:46:13+00:00\",\"dateModified\":\"2026-04-26T13:49:02+00:00\",\"mainEntityOfPage\":{\"@id\":\"https:\/\/lavoixdelanation.tg\/index.php\/2026\/04\/25\/faure-gnassingbe-inaugure-le-centre-regional-de-mecanisation-agricole-de-tchitchao-dans-la-kara\/\"},\"wordCount\":330,\"commentCount\":0,\"publisher\":{\"@id\":\"https:\/\/lavoixdelanation.tg\/#organization\"},\"image\":{\"@id\":\"https:\/\/lavoixdelanation.tg\/index.php\/2026\/04\/25\/faure-gnassingbe-inaugure-le-centre-regional-de-mecanisation-agricole-de-tchitchao-dans-la-kara\/#primaryimage\"},\"thumbnailUrl\":\"https:\/\/lavoixdelanation.tg\/wp-content\/uploads\/2026\/04\/Faure-Gnassingbe-inaugure-le-Centre-Regional-de-Mecanisation-Agricole-de-Tchitchao-a-Kara.jpg\",\"keywords\":[\"Centre R\u00e9gional\",\"Faure Gnassingb\u00e9\",\"Kara\",\"M\u00e9canisation Agricole\",\"Tchitchao\",\"Togo\"],\"articleSection\":[\"Economie\"],\"inLanguage\":\"fr-FR\",\"potentialAction\":[{\"@type\":\"CommentAction\",\"name\":\"Comment\",\"target\":[\"https:\/\/lavoixdelanation.tg\/index.php\/2026\/04\/25\/faure-gnassingbe-inaugure-le-centre-regional-de-mecanisation-agricole-de-tchitchao-dans-la-kara\/#respond\"]}]},{\"@type\":\"WebPage\",\"@id\":\"https:\/\/lavoixdelanation.tg\/index.php\/2026\/04\/25\/faure-gnassingbe-inaugure-le-centre-regional-de-mecanisation-agricole-de-tchitchao-dans-la-kara\/\",\"url\":\"https:\/\/lavoixdelanation.tg\/index.php\/2026\/04\/25\/faure-gnassingbe-inaugure-le-centre-regional-de-mecanisation-agricole-de-tchitchao-dans-la-kara\/\",\"name\":\"Faure Gnassingb\u00e9 inaugure le Centre R\u00e9gional de M\u00e9canisation Agricole de Tchitchao dans la Kara - La Voix de la Nation\",\"isPartOf\":{\"@id\":\"https:\/\/lavoixdelanation.tg\/#website\"},\"primaryImageOfPage\":{\"@id\":\"https:\/\/lavoixdelanation.tg\/index.php\/2026\/04\/25\/faure-gnassingbe-inaugure-le-centre-regional-de-mecanisation-agricole-de-tchitchao-dans-la-kara\/#primaryimage\"},\"image\":{\"@id\":\"https:\/\/lavoixdelanation.tg\/index.php\/2026\/04\/25\/faure-gnassingbe-inaugure-le-centre-regional-de-mecanisation-agricole-de-tchitchao-dans-la-kara\/#primaryimage\"},\"thumbnailUrl\":\"https:\/\/lavoixdelanation.tg\/wp-content\/uploads\/2026\/04\/Faure-Gnassingbe-inaugure-le-Centre-Regional-de-Mecanisation-Agricole-de-Tchitchao-a-Kara.jpg\",\"datePublished\":\"2026-04-25T13:46:13+00:00\",\"dateModified\":\"2026-04-26T13:49:02+00:00\",\"breadcrumb\":{\"@id\":\"https:\/\/lavoixdelanation.tg\/index.php\/2026\/04\/25\/faure-gnassingbe-inaugure-le-centre-regional-de-mecanisation-agricole-de-tchitchao-dans-la-kara\/#breadcrumb\"},\"inLanguage\":\"fr-FR\",\"potentialAction\":[{\"@type\":\"ReadAction\",\"target\":[\"https:\/\/lavoixdelanation.tg\/index.php\/2026\/04\/25\/faure-gnassingbe-inaugure-le-centre-regional-de-mecanisation-agricole-de-tchitchao-dans-la-kara\/\"]}]},{\"@type\":\"ImageObject\",\"inLanguage\":\"fr-FR\",\"@id\":\"https:\/\/lavoixdelanation.tg\/index.php\/2026\/04\/25\/faure-gnassingbe-inaugure-le-centre-regional-de-mecanisation-agricole-de-tchitchao-dans-la-kara\/#primaryimage\",\"url\":\"https:\/\/lavoixdelanation.tg\/wp-content\/uploads\/2026\/04\/Faure-Gnassingbe-inaugure-le-Centre-Regional-de-Mecanisation-Agricole-de-Tchitchao-a-Kara.jpg\",\"contentUrl\":\"https:\/\/lavoixdelanation.tg\/wp-content\/uploads\/2026\/04\/Faure-Gnassingbe-inaugure-le-Centre-Regional-de-Mecanisation-Agricole-de-Tchitchao-a-Kara.jpg\",\"width\":1280,\"height\":1024},{\"@type\":\"BreadcrumbList\",\"@id\":\"https:\/\/lavoixdelanation.tg\/index.php\/2026\/04\/25\/faure-gnassingbe-inaugure-le-centre-regional-de-mecanisation-agricole-de-tchitchao-dans-la-kara\/#breadcrumb\",\"itemListElement\":[{\"@type\":\"ListItem\",\"position\":1,\"name\":\"Accueil\",\"item\":\"https:\/\/lavoixdelanation.tg\/\"},{\"@type\":\"ListItem\",\"position\":2,\"name\":\"Faure Gnassingb\u00e9 inaugure le Centre R\u00e9gional de M\u00e9canisation Agricole de Tchitchao dans la Kara\"}]},{\"@type\":\"WebSite\",\"@id\":\"https:\/\/lavoixdelanation.tg\/#website\",\"url\":\"https:\/\/lavoixdelanation.tg\/\",\"name\":\"La Voix de la Nation\",\"description\":\"R\u00e9c\u00e9piss\u00e9 n\u00b00108\/HAAC\/01-2024\/pl\/P\",\"publisher\":{\"@id\":\"https:\/\/lavoixdelanation.tg\/#organization\"},\"alternateName\":\"VON\",\"potentialAction\":[{\"@type\":\"SearchAction\",\"target\":{\"@type\":\"EntryPoint\",\"urlTemplate\":\"https:\/\/lavoixdelanation.tg\/?s={search_term_string}\"},\"query-input\":{\"@type\":\"PropertyValueSpecification\",\"valueRequired\":true,\"valueName\":\"search_term_string\"}}],\"inLanguage\":\"fr-FR\"},{\"@type\":\"Organization\",\"@id\":\"https:\/\/lavoixdelanation.tg\/#organization\",\"name\":\"La Voix de la Nation\",\"url\":\"https:\/\/lavoixdelanation.tg\/\",\"logo\":{\"@type\":\"ImageObject\",\"inLanguage\":\"fr-FR\",\"@id\":\"https:\/\/lavoixdelanation.tg\/#\/schema\/logo\/image\/\",\"url\":\"https:\/\/lavoixdelanation.tg\/wp-content\/uploads\/2024\/12\/lavn-1.png\",\"contentUrl\":\"https:\/\/lavoixdelanation.tg\/wp-content\/uploads\/2024\/12\/lavn-1.png\",\"width\":1024,\"height\":464,\"caption\":\"La Voix de la Nation\"},\"image\":{\"@id\":\"https:\/\/lavoixdelanation.tg\/#\/schema\/logo\/image\/\"},\"sameAs\":[\"https:\/\/www.facebook.com\/lavoixdelanation\"]},{\"@type\":\"Person\",\"@id\":\"https:\/\/lavoixdelanation.tg\/#\/schema\/person\/6c489293aa38053673a9e554acb6e224\",\"name\":\"La voix de la nation\",\"image\":{\"@type\":\"ImageObject\",\"inLanguage\":\"fr-FR\",\"@id\":\"https:\/\/lavoixdelanation.tg\/#\/schema\/person\/image\/\",\"url\":\"https:\/\/secure.gravatar.com\/avatar\/8aa135d4bbc794494cecaa8d483f6d6cc1023624868deaff686baed5e727a5a1?s=96&d=mm&r=g\",\"contentUrl\":\"https:\/\/secure.gravatar.com\/avatar\/8aa135d4bbc794494cecaa8d483f6d6cc1023624868deaff686baed5e727a5a1?s=96&d=mm&r=g\",\"caption\":\"La voix de la nation\"},\"sameAs\":[\"https:\/\/lavoixdelanation.tg\"],\"url\":\"https:\/\/lavoixdelanation.tg\/index.php\/author\/lavn\/\"}]}<\/script>\n<!-- \/ Yoast SEO plugin. -->","yoast_head_json":{"title":"Faure Gnassingb\u00e9 inaugure le Centre R\u00e9gional de M\u00e9canisation Agricole de Tchitchao dans la Kara - La Voix de la Nation","robots":{"index":"index","follow":"follow","max-snippet":"max-snippet:-1","max-image-preview":"max-image-preview:large","max-video-preview":"max-video-preview:-1"},"canonical":"https:\/\/lavoixdelanation.tg\/index.php\/2026\/04\/25\/faure-gnassingbe-inaugure-le-centre-regional-de-mecanisation-agricole-de-tchitchao-dans-la-kara\/","og_locale":"fr_FR","og_type":"article","og_title":"Faure Gnassingb\u00e9 inaugure le Centre R\u00e9gional de M\u00e9canisation Agricole de Tchitchao dans la Kara - La Voix de la Nation","og_description":"Le Centre R\u00e9gional de M\u00e9canisation Agricole (CRMA) de Tchitchao dans la r\u00e9gion de la Kara a \u00e9t\u00e9 inaugur\u00e9 ce 24 avril 2026 par le Pr\u00e9sident du Conseil Faure Gnassingb\u00e9. Cette&hellip;","og_url":"https:\/\/lavoixdelanation.tg\/index.php\/2026\/04\/25\/faure-gnassingbe-inaugure-le-centre-regional-de-mecanisation-agricole-de-tchitchao-dans-la-kara\/","og_site_name":"La Voix de la Nation","article_publisher":"https:\/\/www.facebook.com\/lavoixdelanation","article_published_time":"2026-04-25T13:46:13+00:00","article_modified_time":"2026-04-26T13:49:02+00:00","og_image":[{"width":1280,"height":1024,"url":"https:\/\/lavoixdelanation.tg\/wp-content\/uploads\/2026\/04\/Faure-Gnassingbe-inaugure-le-Centre-Regional-de-Mecanisation-Agricole-de-Tchitchao-a-Kara.jpg","type":"image\/jpeg"}],"author":"La voix de la nation","twitter_card":"summary_large_image","twitter_misc":{"\u00c9crit par":"La voix de la nation","Dur\u00e9e de lecture estim\u00e9e":"2 minutes"},"schema":{"@context":"https:\/\/schema.org","@graph":[{"@type":"Article","@id":"https:\/\/lavoixdelanation.tg\/index.php\/2026\/04\/25\/faure-gnassingbe-inaugure-le-centre-regional-de-mecanisation-agricole-de-tchitchao-dans-la-kara\/#article","isPartOf":{"@id":"https:\/\/lavoixdelanation.tg\/index.php\/2026\/04\/25\/faure-gnassingbe-inaugure-le-centre-regional-de-mecanisation-agricole-de-tchitchao-dans-la-kara\/"},"author":{"name":"La voix de la nation","@id":"https:\/\/lavoixdelanation.tg\/#\/schema\/person\/6c489293aa38053673a9e554acb6e224"},"headline":"Faure Gnassingb\u00e9 inaugure le Centre R\u00e9gional de M\u00e9canisation Agricole de Tchitchao dans la Kara","datePublished":"2026-04-25T13:46:13+00:00","dateModified":"2026-04-26T13:49:02+00:00","mainEntityOfPage":{"@id":"https:\/\/lavoixdelanation.tg\/index.php\/2026\/04\/25\/faure-gnassingbe-inaugure-le-centre-regional-de-mecanisation-agricole-de-tchitchao-dans-la-kara\/"},"wordCount":330,"commentCount":0,"publisher":{"@id":"https:\/\/lavoixdelanation.tg\/#organization"},"image":{"@id":"https:\/\/lavoixdelanation.tg\/index.php\/2026\/04\/25\/faure-gnassingbe-inaugure-le-centre-regional-de-mecanisation-agricole-de-tchitchao-dans-la-kara\/#primaryimage"},"thumbnailUrl":"https:\/\/lavoixdelanation.tg\/wp-content\/uploads\/2026\/04\/Faure-Gnassingbe-inaugure-le-Centre-Regional-de-Mecanisation-Agricole-de-Tchitchao-a-Kara.jpg","keywords":["Centre R\u00e9gional","Faure Gnassingb\u00e9","Kara","M\u00e9canisation Agricole","Tchitchao","Togo"],"articleSection":["Economie"],"inLanguage":"fr-FR","potentialAction":[{"@type":"CommentAction","name":"Comment","target":["https:\/\/lavoixdelanation.tg\/index.php\/2026\/04\/25\/faure-gnassingbe-inaugure-le-centre-regional-de-mecanisation-agricole-de-tchitchao-dans-la-kara\/#respond"]}]},{"@type":"WebPage","@id":"https:\/\/lavoixdelanation.tg\/index.php\/2026\/04\/25\/faure-gnassingbe-inaugure-le-centre-regional-de-mecanisation-agricole-de-tchitchao-dans-la-kara\/","url":"https:\/\/lavoixdelanation.tg\/index.php\/2026\/04\/25\/faure-gnassingbe-inaugure-le-centre-regional-de-mecanisation-agricole-de-tchitchao-dans-la-kara\/","name":"Faure Gnassingb\u00e9 inaugure le Centre R\u00e9gional de M\u00e9canisation Agricole de Tchitchao dans la Kara - La Voix de la Nation","isPartOf":{"@id":"https:\/\/lavoixdelanation.tg\/#website"},"primaryImageOfPage":{"@id":"https:\/\/lavoixdelanation.tg\/index.php\/2026\/04\/25\/faure-gnassingbe-inaugure-le-centre-regional-de-mecanisation-agricole-de-tchitchao-dans-la-kara\/#primaryimage"},"image":{"@id":"https:\/\/lavoixdelanation.tg\/index.php\/2026\/04\/25\/faure-gnassingbe-inaugure-le-centre-regional-de-mecanisation-agricole-de-tchitchao-dans-la-kara\/#primaryimage"},"thumbnailUrl":"https:\/\/lavoixdelanation.tg\/wp-content\/uploads\/2026\/04\/Faure-Gnassingbe-inaugure-le-Centre-Regional-de-Mecanisation-Agricole-de-Tchitchao-a-Kara.jpg","datePublished":"2026-04-25T13:46:13+00:00","dateModified":"2026-04-26T13:49:02+00:00","breadcrumb":{"@id":"https:\/\/lavoixdelanation.tg\/index.php\/2026\/04\/25\/faure-gnassingbe-inaugure-le-centre-regional-de-mecanisation-agricole-de-tchitchao-dans-la-kara\/#breadcrumb"},"inLanguage":"fr-FR","potentialAction":[{"@type":"ReadAction","target":["https:\/\/lavoixdelanation.tg\/index.php\/2026\/04\/25\/faure-gnassingbe-inaugure-le-centre-regional-de-mecanisation-agricole-de-tchitchao-dans-la-kara\/"]}]},{"@type":"ImageObject","inLanguage":"fr-FR","@id":"https:\/\/lavoixdelanation.tg\/index.php\/2026\/04\/25\/faure-gnassingbe-inaugure-le-centre-regional-de-mecanisation-agricole-de-tchitchao-dans-la-kara\/#primaryimage","url":"https:\/\/lavoixdelanation.tg\/wp-content\/uploads\/2026\/04\/Faure-Gnassingbe-inaugure-le-Centre-Regional-de-Mecanisation-Agricole-de-Tchitchao-a-Kara.jpg","contentUrl":"https:\/\/lavoixdelanation.tg\/wp-content\/uploads\/2026\/04\/Faure-Gnassingbe-inaugure-le-Centre-Regional-de-Mecanisation-Agricole-de-Tchitchao-a-Kara.jpg","width":1280,"height":1024},{"@type":"BreadcrumbList","@id":"https:\/\/lavoixdelanation.tg\/index.php\/2026\/04\/25\/faure-gnassingbe-inaugure-le-centre-regional-de-mecanisation-agricole-de-tchitchao-dans-la-kara\/#breadcrumb","itemListElement":[{"@type":"ListItem","position":1,"name":"Accueil","item":"https:\/\/lavoixdelanation.tg\/"},{"@type":"ListItem","position":2,"name":"Faure Gnassingb\u00e9 inaugure le Centre R\u00e9gional de M\u00e9canisation Agricole de Tchitchao dans la Kara"}]},{"@type":"WebSite","@id":"https:\/\/lavoixdelanation.tg\/#website","url":"https:\/\/lavoixdelanation.tg\/","name":"La Voix de la Nation","description":"R\u00e9c\u00e9piss\u00e9 n\u00b00108\/HAAC\/01-2024\/pl\/P","publisher":{"@id":"https:\/\/lavoixdelanation.tg\/#organization"},"alternateName":"VON","potentialAction":[{"@type":"SearchAction","target":{"@type":"EntryPoint","urlTemplate":"https:\/\/lavoixdelanation.tg\/?s={search_term_string}"},"query-input":{"@type":"PropertyValueSpecification","valueRequired":true,"valueName":"search_term_string"}}],"inLanguage":"fr-FR"},{"@type":"Organization","@id":"https:\/\/lavoixdelanation.tg\/#organization","name":"La Voix de la Nation","url":"https:\/\/lavoixdelanation.tg\/","logo":{"@type":"ImageObject","inLanguage":"fr-FR","@id":"https:\/\/lavoixdelanation.tg\/#\/schema\/logo\/image\/","url":"https:\/\/lavoixdelanation.tg\/wp-content\/uploads\/2024\/12\/lavn-1.png","contentUrl":"https:\/\/lavoixdelanation.tg\/wp-content\/uploads\/2024\/12\/lavn-1.png","width":1024,"height":464,"caption":"La Voix de la Nation"},"image":{"@id":"https:\/\/lavoixdelanation.tg\/#\/schema\/logo\/image\/"},"sameAs":["https:\/\/www.facebook.com\/lavoixdelanation"]},{"@type":"Person","@id":"https:\/\/lavoixdelanation.tg\/#\/schema\/person\/6c489293aa38053673a9e554acb6e224","name":"La voix de la nation","image":{"@type":"ImageObject","inLanguage":"fr-FR","@id":"https:\/\/lavoixdelanation.tg\/#\/schema\/person\/image\/","url":"https:\/\/secure.gravatar.com\/avatar\/8aa135d4bbc794494cecaa8d483f6d6cc1023624868deaff686baed5e727a5a1?s=96&d=mm&r=g","contentUrl":"https:\/\/secure.gravatar.com\/avatar\/8aa135d4bbc794494cecaa8d483f6d6cc1023624868deaff686baed5e727a5a1?s=96&d=mm&r=g","caption":"La voix de la nation"},"sameAs":["https:\/\/lavoixdelanation.tg"],"url":"https:\/\/lavoixdelanation.tg\/index.php\/author\/lavn\/"}]}},"_links":{"self":[{"href":"https:\/\/lavoixdelanation.tg\/index.php\/wp-json\/wp\/v2\/posts\/15948","targetHints":{"allow":["GET"]}}],"collection":[{"href":"https:\/\/lavoixdelanation.tg\/index.php\/wp-json\/wp\/v2\/posts"}],"about":[{"href":"https:\/\/lavoixdelanation.tg\/index.php\/wp-json\/wp\/v2\/types\/post"}],"author":[{"embeddable":true,"href":"https:\/\/lavoixdelanation.tg\/index.php\/wp-json\/wp\/v2\/users\/1"}],"replies":[{"embeddable":true,"href":"https:\/\/lavoixdelanation.tg\/index.php\/wp-json\/wp\/v2\/comments?post=15948"}],"version-history":[{"count":1,"href":"https:\/\/lavoixdelanation.tg\/index.php\/wp-json\/wp\/v2\/posts\/15948\/revisions"}],"predecessor-version":[{"id":15951,"href":"https:\/\/lavoixdelanation.tg\/index.php\/wp-json\/wp\/v2\/posts\/15948\/revisions\/15951"}],"wp:featuredmedia":[{"embeddable":true,"href":"https:\/\/lavoixdelanation.tg\/index.php\/wp-json\/wp\/v2\/media\/15949"}],"wp:attachment":[{"href":"https:\/\/lavoixdelanation.tg\/index.php\/wp-json\/wp\/v2\/media?parent=15948"}],"wp:term":[{"taxonomy":"category","embeddable":true,"href":"https:\/\/lavoixdelanation.tg\/index.php\/wp-json\/wp\/v2\/categories?post=15948"},{"taxonomy":"post_tag","embeddable":true,"href":"https:\/\/lavoixdelanation.tg\/index.php\/wp-json\/wp\/v2\/tags?post=15948"}],"curies":[{"name":"wp","href":"https:\/\/api.w.org\/{rel}","templated":true}]}}