{"id":15944,"date":"2026-04-24T23:42:00","date_gmt":"2026-04-24T21:42:00","guid":{"rendered":"https:\/\/lavoixdelanation.tg\/?p=15944"},"modified":"2026-04-26T15:45:42","modified_gmt":"2026-04-26T13:45:42","slug":"le-patron-de-la-diplomatie-francaise-en-mission-a-lome","status":"publish","type":"post","link":"https:\/\/lavoixdelanation.tg\/index.php\/2026\/04\/24\/le-patron-de-la-diplomatie-francaise-en-mission-a-lome\/","title":{"rendered":"Le patron de la diplomatie fran\u00e7aise en mission \u00e0 Lom\u00e9"},"content":{"rendered":"\n<p><strong>Le <\/strong><strong>ministre fran\u00e7ais des Affaires \u00e9trang\u00e8res, Jean-No\u00ebl Barrot est en mission diplomatique \u00e0 Lom\u00e9 o\u00f9 il a \u00e9t\u00e9 re\u00e7u en audience ce jeudi 23 avril 2026 par le Pr\u00e9sident du Conseil Faure Essozimna Gnassingb\u00e9.<\/strong><\/p>\n\n\n\n<p>Les deux personnalit\u00e9s ont proc\u00e9d\u00e9 \u00e0 un examen approfondi des axes structurants de la coop\u00e9ration bilat\u00e9rale, avec une attention particuli\u00e8re au partenariat \u00e9conomique et commercial.<\/p>\n\n\n\n<p>Jean-No\u00ebl Barrot s\u2019est r\u00e9joui de la qualit\u00e9 des \u00e9changes qui traduit la volont\u00e9 manifeste des plus hautes autorit\u00e9s fran\u00e7aises et togolaises de redynamiser ce partenariat mutuellement b\u00e9n\u00e9fique.<\/p>\n\n\n\n<p>\u00ab&nbsp;Nous avons abord\u00e9 la diversit\u00e9, la densit\u00e9 et l\u2019anciennet\u00e9 des relations de coop\u00e9ration bilat\u00e9rale et l\u2019impulsion que le Pr\u00e9sident Emmanuel Macron et le Pr\u00e9sident Faure Essozimna Gnassingb\u00e9 veulent donner \u00e0 cette relation. Je me r\u00e9jouis de cette visite qui marque l\u2019ambition donn\u00e9e par les deux Pr\u00e9sidents \u00e0 la relation entre la France et le Togo&nbsp;\u00bb, a-t-il pr\u00e9cis\u00e9.<\/p>\n\n\n\n<figure class=\"wp-block-image size-large\"><img loading=\"lazy\" decoding=\"async\" width=\"1024\" height=\"804\" src=\"https:\/\/lavoixdelanation.tg\/wp-content\/uploads\/2026\/04\/Jean-Noel-Barrot-chez-Faure-Gnassingbe-a-Lome-1024x804.jpg\" alt=\"\" class=\"wp-image-15946\" srcset=\"https:\/\/lavoixdelanation.tg\/wp-content\/uploads\/2026\/04\/Jean-Noel-Barrot-chez-Faure-Gnassingbe-a-Lome-1024x804.jpg 1024w, https:\/\/lavoixdelanation.tg\/wp-content\/uploads\/2026\/04\/Jean-Noel-Barrot-chez-Faure-Gnassingbe-a-Lome-300x236.jpg 300w, https:\/\/lavoixdelanation.tg\/wp-content\/uploads\/2026\/04\/Jean-Noel-Barrot-chez-Faure-Gnassingbe-a-Lome-768x603.jpg 768w, https:\/\/lavoixdelanation.tg\/wp-content\/uploads\/2026\/04\/Jean-Noel-Barrot-chez-Faure-Gnassingbe-a-Lome-1536x1207.jpg 1536w, https:\/\/lavoixdelanation.tg\/wp-content\/uploads\/2026\/04\/Jean-Noel-Barrot-chez-Faure-Gnassingbe-a-Lome.jpg 1600w\" sizes=\"auto, (max-width: 1024px) 100vw, 1024px\" \/><figcaption class=\"wp-element-caption\"><em>Jean-No\u00ebl Barrot chez Faure Gnassingb\u00e9 \u00e0 Lom\u00e9<\/em><\/figcaption><\/figure>\n\n\n\n<p>Dans le m\u00eame \u00e9lan de coop\u00e9ration, les \u00e9changes ont \u00e9galement port\u00e9 sur les m\u00e9canismes de renforcement des engagements communs en mati\u00e8re de m\u00e9diation et de s\u00e9curit\u00e9 en Afrique ainsi que sur des questions d\u2019ordre international en particulier, la situation au Moyen-Orient.<\/p>\n\n\n\n<p>Jean-No\u00ebl Barrot a \u00e0 cette occasion r\u00e9affirm\u00e9 l\u2019engagement de la France \u00e0 promouvoir les efforts conjoints en faveur de la paix et de la stabilit\u00e9 sur le continent.<\/p>\n\n\n\n<p>Le ministre fran\u00e7ais des Affaires \u00e9trang\u00e8res a en outre \u00e9voqu\u00e9 avec le Pr\u00e9sident du Conseil, les pr\u00e9paratifs du sommet \u00ab&nbsp;Africa Forward-&nbsp;Partenariats entre l\u2019Afrique et la France pour l\u2019innovation et la croissance \u00bb pr\u00e9vu les 11 et 12 mai 2026 \u00e0 Nairobi, au Kenya.<\/p>\n\n\n\n<p>\u00ab&nbsp;Ce d\u00e9placement est aussi une mani\u00e8re de nous projeter vers le sommet Africa Forward, une rencontre internationale au cours de laquelle le Togo jouera un r\u00f4le important&nbsp;\u00bb, a-t-il soulign\u00e9.<\/p>\n\n\n\n<p>Au cours de son s\u00e9jour, Jean-No\u00ebl Barrot a effectu\u00e9 des visites de terrain sur des sites \u00e9conomiques et sociaux r\u00e9alis\u00e9s dans le cadre de la coop\u00e9ration franco-togolaise, pour s\u2019enqu\u00e9rir de l\u2019\u00e9tat d\u2019avancement des projets, encourager les acteurs et \u00e9changer sur les nouvelles initiatives.<\/p>\n\n\n\n<p>Il faut souligner que la France et le Togo entretiennent d\u2019excellentes relations de coop\u00e9ration, fond\u00e9es sur la confiance et le respect mutuel. Ce partenariat se traduit par de nombreux accords et des projets de d\u00e9veloppement dont la mise en \u0153uvre est assur\u00e9e par l\u2019Agence fran\u00e7aise de d\u00e9veloppement et le Service de coop\u00e9ration et d\u2019action culturelle.<\/p>\n\n\n\n<p><strong>La R\u00e9daction<\/strong><\/p>\n","protected":false},"excerpt":{"rendered":"<p>Le ministre fran\u00e7ais des Affaires \u00e9trang\u00e8res, Jean-No\u00ebl Barrot est en mission diplomatique \u00e0 Lom\u00e9 o\u00f9 il a \u00e9t\u00e9 re\u00e7u en audience ce jeudi 23 avril 2026 par le Pr\u00e9sident du&hellip; <\/p>\n","protected":false},"author":1,"featured_media":15945,"comment_status":"open","ping_status":"closed","sticky":false,"template":"","format":"standard","meta":{"footnotes":""},"categories":[12],"tags":[1419,1226,1420,39],"class_list":["post-15944","post","type-post","status-publish","format-standard","has-post-thumbnail","hentry","category-diplomatie","tag-diplomatie-francaise","tag-faure-essozimna-gnassingbe-2","tag-jean-noel-barrot","tag-togo"],"yoast_head":"<!-- This site is optimized with the Yoast SEO plugin v26.4 - https:\/\/yoast.com\/wordpress\/plugins\/seo\/ -->\n<title>Le patron de la diplomatie fran\u00e7aise en mission \u00e0 Lom\u00e9 - La Voix de la Nation<\/title>\n<meta name=\"robots\" content=\"index, follow, max-snippet:-1, max-image-preview:large, max-video-preview:-1\" \/>\n<link rel=\"canonical\" href=\"https:\/\/lavoixdelanation.tg\/index.php\/2026\/04\/24\/le-patron-de-la-diplomatie-francaise-en-mission-a-lome\/\" \/>\n<meta property=\"og:locale\" content=\"fr_FR\" \/>\n<meta property=\"og:type\" content=\"article\" \/>\n<meta property=\"og:title\" content=\"Le patron de la diplomatie fran\u00e7aise en mission \u00e0 Lom\u00e9 - La Voix de la Nation\" \/>\n<meta property=\"og:description\" content=\"Le ministre fran\u00e7ais des Affaires \u00e9trang\u00e8res, Jean-No\u00ebl Barrot est en mission diplomatique \u00e0 Lom\u00e9 o\u00f9 il a \u00e9t\u00e9 re\u00e7u en audience ce jeudi 23 avril 2026 par le Pr\u00e9sident du&hellip;\" \/>\n<meta property=\"og:url\" content=\"https:\/\/lavoixdelanation.tg\/index.php\/2026\/04\/24\/le-patron-de-la-diplomatie-francaise-en-mission-a-lome\/\" \/>\n<meta property=\"og:site_name\" content=\"La Voix de la Nation\" \/>\n<meta property=\"article:publisher\" content=\"https:\/\/www.facebook.com\/lavoixdelanation\" \/>\n<meta property=\"article:published_time\" content=\"2026-04-24T21:42:00+00:00\" \/>\n<meta property=\"article:modified_time\" content=\"2026-04-26T13:45:42+00:00\" \/>\n<meta property=\"og:image\" content=\"https:\/\/lavoixdelanation.tg\/wp-content\/uploads\/2026\/04\/Jean-Noel-Barrot-en-mission-diplomatique-a-Lome.jpg\" \/>\n\t<meta property=\"og:image:width\" content=\"1600\" \/>\n\t<meta property=\"og:image:height\" content=\"1286\" \/>\n\t<meta property=\"og:image:type\" content=\"image\/jpeg\" \/>\n<meta name=\"author\" content=\"La voix de la nation\" \/>\n<meta name=\"twitter:card\" content=\"summary_large_image\" \/>\n<meta name=\"twitter:label1\" content=\"\u00c9crit par\" \/>\n\t<meta name=\"twitter:data1\" content=\"La voix de la nation\" \/>\n\t<meta name=\"twitter:label2\" content=\"Dur\u00e9e de lecture estim\u00e9e\" \/>\n\t<meta name=\"twitter:data2\" content=\"3 minutes\" \/>\n<script type=\"application\/ld+json\" class=\"yoast-schema-graph\">{\"@context\":\"https:\/\/schema.org\",\"@graph\":[{\"@type\":\"Article\",\"@id\":\"https:\/\/lavoixdelanation.tg\/index.php\/2026\/04\/24\/le-patron-de-la-diplomatie-francaise-en-mission-a-lome\/#article\",\"isPartOf\":{\"@id\":\"https:\/\/lavoixdelanation.tg\/index.php\/2026\/04\/24\/le-patron-de-la-diplomatie-francaise-en-mission-a-lome\/\"},\"author\":{\"name\":\"La voix de la nation\",\"@id\":\"https:\/\/lavoixdelanation.tg\/#\/schema\/person\/6c489293aa38053673a9e554acb6e224\"},\"headline\":\"Le patron de la diplomatie fran\u00e7aise en mission \u00e0 Lom\u00e9\",\"datePublished\":\"2026-04-24T21:42:00+00:00\",\"dateModified\":\"2026-04-26T13:45:42+00:00\",\"mainEntityOfPage\":{\"@id\":\"https:\/\/lavoixdelanation.tg\/index.php\/2026\/04\/24\/le-patron-de-la-diplomatie-francaise-en-mission-a-lome\/\"},\"wordCount\":463,\"commentCount\":0,\"publisher\":{\"@id\":\"https:\/\/lavoixdelanation.tg\/#organization\"},\"image\":{\"@id\":\"https:\/\/lavoixdelanation.tg\/index.php\/2026\/04\/24\/le-patron-de-la-diplomatie-francaise-en-mission-a-lome\/#primaryimage\"},\"thumbnailUrl\":\"https:\/\/lavoixdelanation.tg\/wp-content\/uploads\/2026\/04\/Jean-Noel-Barrot-en-mission-diplomatique-a-Lome.jpg\",\"keywords\":[\"diplomatie fran\u00e7aise\",\"Faure Essozimna Gnassingb\u00e9\",\"Jean-No\u00ebl Barrot\",\"Togo\"],\"articleSection\":[\"Diplomatie\"],\"inLanguage\":\"fr-FR\",\"potentialAction\":[{\"@type\":\"CommentAction\",\"name\":\"Comment\",\"target\":[\"https:\/\/lavoixdelanation.tg\/index.php\/2026\/04\/24\/le-patron-de-la-diplomatie-francaise-en-mission-a-lome\/#respond\"]}]},{\"@type\":\"WebPage\",\"@id\":\"https:\/\/lavoixdelanation.tg\/index.php\/2026\/04\/24\/le-patron-de-la-diplomatie-francaise-en-mission-a-lome\/\",\"url\":\"https:\/\/lavoixdelanation.tg\/index.php\/2026\/04\/24\/le-patron-de-la-diplomatie-francaise-en-mission-a-lome\/\",\"name\":\"Le patron de la diplomatie fran\u00e7aise en mission \u00e0 Lom\u00e9 - La Voix de la Nation\",\"isPartOf\":{\"@id\":\"https:\/\/lavoixdelanation.tg\/#website\"},\"primaryImageOfPage\":{\"@id\":\"https:\/\/lavoixdelanation.tg\/index.php\/2026\/04\/24\/le-patron-de-la-diplomatie-francaise-en-mission-a-lome\/#primaryimage\"},\"image\":{\"@id\":\"https:\/\/lavoixdelanation.tg\/index.php\/2026\/04\/24\/le-patron-de-la-diplomatie-francaise-en-mission-a-lome\/#primaryimage\"},\"thumbnailUrl\":\"https:\/\/lavoixdelanation.tg\/wp-content\/uploads\/2026\/04\/Jean-Noel-Barrot-en-mission-diplomatique-a-Lome.jpg\",\"datePublished\":\"2026-04-24T21:42:00+00:00\",\"dateModified\":\"2026-04-26T13:45:42+00:00\",\"breadcrumb\":{\"@id\":\"https:\/\/lavoixdelanation.tg\/index.php\/2026\/04\/24\/le-patron-de-la-diplomatie-francaise-en-mission-a-lome\/#breadcrumb\"},\"inLanguage\":\"fr-FR\",\"potentialAction\":[{\"@type\":\"ReadAction\",\"target\":[\"https:\/\/lavoixdelanation.tg\/index.php\/2026\/04\/24\/le-patron-de-la-diplomatie-francaise-en-mission-a-lome\/\"]}]},{\"@type\":\"ImageObject\",\"inLanguage\":\"fr-FR\",\"@id\":\"https:\/\/lavoixdelanation.tg\/index.php\/2026\/04\/24\/le-patron-de-la-diplomatie-francaise-en-mission-a-lome\/#primaryimage\",\"url\":\"https:\/\/lavoixdelanation.tg\/wp-content\/uploads\/2026\/04\/Jean-Noel-Barrot-en-mission-diplomatique-a-Lome.jpg\",\"contentUrl\":\"https:\/\/lavoixdelanation.tg\/wp-content\/uploads\/2026\/04\/Jean-Noel-Barrot-en-mission-diplomatique-a-Lome.jpg\",\"width\":1600,\"height\":1286,\"caption\":\"Jean-No\u00ebl Barrot en mission diplomatique \u00e0 Lom\u00e9\"},{\"@type\":\"BreadcrumbList\",\"@id\":\"https:\/\/lavoixdelanation.tg\/index.php\/2026\/04\/24\/le-patron-de-la-diplomatie-francaise-en-mission-a-lome\/#breadcrumb\",\"itemListElement\":[{\"@type\":\"ListItem\",\"position\":1,\"name\":\"Accueil\",\"item\":\"https:\/\/lavoixdelanation.tg\/\"},{\"@type\":\"ListItem\",\"position\":2,\"name\":\"Le patron de la diplomatie fran\u00e7aise en mission \u00e0 Lom\u00e9\"}]},{\"@type\":\"WebSite\",\"@id\":\"https:\/\/lavoixdelanation.tg\/#website\",\"url\":\"https:\/\/lavoixdelanation.tg\/\",\"name\":\"La Voix de la Nation\",\"description\":\"R\u00e9c\u00e9piss\u00e9 n\u00b00108\/HAAC\/01-2024\/pl\/P\",\"publisher\":{\"@id\":\"https:\/\/lavoixdelanation.tg\/#organization\"},\"alternateName\":\"VON\",\"potentialAction\":[{\"@type\":\"SearchAction\",\"target\":{\"@type\":\"EntryPoint\",\"urlTemplate\":\"https:\/\/lavoixdelanation.tg\/?s={search_term_string}\"},\"query-input\":{\"@type\":\"PropertyValueSpecification\",\"valueRequired\":true,\"valueName\":\"search_term_string\"}}],\"inLanguage\":\"fr-FR\"},{\"@type\":\"Organization\",\"@id\":\"https:\/\/lavoixdelanation.tg\/#organization\",\"name\":\"La Voix de la Nation\",\"url\":\"https:\/\/lavoixdelanation.tg\/\",\"logo\":{\"@type\":\"ImageObject\",\"inLanguage\":\"fr-FR\",\"@id\":\"https:\/\/lavoixdelanation.tg\/#\/schema\/logo\/image\/\",\"url\":\"https:\/\/lavoixdelanation.tg\/wp-content\/uploads\/2024\/12\/lavn-1.png\",\"contentUrl\":\"https:\/\/lavoixdelanation.tg\/wp-content\/uploads\/2024\/12\/lavn-1.png\",\"width\":1024,\"height\":464,\"caption\":\"La Voix de la Nation\"},\"image\":{\"@id\":\"https:\/\/lavoixdelanation.tg\/#\/schema\/logo\/image\/\"},\"sameAs\":[\"https:\/\/www.facebook.com\/lavoixdelanation\"]},{\"@type\":\"Person\",\"@id\":\"https:\/\/lavoixdelanation.tg\/#\/schema\/person\/6c489293aa38053673a9e554acb6e224\",\"name\":\"La voix de la nation\",\"image\":{\"@type\":\"ImageObject\",\"inLanguage\":\"fr-FR\",\"@id\":\"https:\/\/lavoixdelanation.tg\/#\/schema\/person\/image\/\",\"url\":\"https:\/\/secure.gravatar.com\/avatar\/8aa135d4bbc794494cecaa8d483f6d6cc1023624868deaff686baed5e727a5a1?s=96&d=mm&r=g\",\"contentUrl\":\"https:\/\/secure.gravatar.com\/avatar\/8aa135d4bbc794494cecaa8d483f6d6cc1023624868deaff686baed5e727a5a1?s=96&d=mm&r=g\",\"caption\":\"La voix de la nation\"},\"sameAs\":[\"https:\/\/lavoixdelanation.tg\"],\"url\":\"https:\/\/lavoixdelanation.tg\/index.php\/author\/lavn\/\"}]}<\/script>\n<!-- \/ Yoast SEO plugin. -->","yoast_head_json":{"title":"Le patron de la diplomatie fran\u00e7aise en mission \u00e0 Lom\u00e9 - La Voix de la Nation","robots":{"index":"index","follow":"follow","max-snippet":"max-snippet:-1","max-image-preview":"max-image-preview:large","max-video-preview":"max-video-preview:-1"},"canonical":"https:\/\/lavoixdelanation.tg\/index.php\/2026\/04\/24\/le-patron-de-la-diplomatie-francaise-en-mission-a-lome\/","og_locale":"fr_FR","og_type":"article","og_title":"Le patron de la diplomatie fran\u00e7aise en mission \u00e0 Lom\u00e9 - La Voix de la Nation","og_description":"Le ministre fran\u00e7ais des Affaires \u00e9trang\u00e8res, Jean-No\u00ebl Barrot est en mission diplomatique \u00e0 Lom\u00e9 o\u00f9 il a \u00e9t\u00e9 re\u00e7u en audience ce jeudi 23 avril 2026 par le Pr\u00e9sident du&hellip;","og_url":"https:\/\/lavoixdelanation.tg\/index.php\/2026\/04\/24\/le-patron-de-la-diplomatie-francaise-en-mission-a-lome\/","og_site_name":"La Voix de la Nation","article_publisher":"https:\/\/www.facebook.com\/lavoixdelanation","article_published_time":"2026-04-24T21:42:00+00:00","article_modified_time":"2026-04-26T13:45:42+00:00","og_image":[{"width":1600,"height":1286,"url":"https:\/\/lavoixdelanation.tg\/wp-content\/uploads\/2026\/04\/Jean-Noel-Barrot-en-mission-diplomatique-a-Lome.jpg","type":"image\/jpeg"}],"author":"La voix de la nation","twitter_card":"summary_large_image","twitter_misc":{"\u00c9crit par":"La voix de la nation","Dur\u00e9e de lecture estim\u00e9e":"3 minutes"},"schema":{"@context":"https:\/\/schema.org","@graph":[{"@type":"Article","@id":"https:\/\/lavoixdelanation.tg\/index.php\/2026\/04\/24\/le-patron-de-la-diplomatie-francaise-en-mission-a-lome\/#article","isPartOf":{"@id":"https:\/\/lavoixdelanation.tg\/index.php\/2026\/04\/24\/le-patron-de-la-diplomatie-francaise-en-mission-a-lome\/"},"author":{"name":"La voix de la nation","@id":"https:\/\/lavoixdelanation.tg\/#\/schema\/person\/6c489293aa38053673a9e554acb6e224"},"headline":"Le patron de la diplomatie fran\u00e7aise en mission \u00e0 Lom\u00e9","datePublished":"2026-04-24T21:42:00+00:00","dateModified":"2026-04-26T13:45:42+00:00","mainEntityOfPage":{"@id":"https:\/\/lavoixdelanation.tg\/index.php\/2026\/04\/24\/le-patron-de-la-diplomatie-francaise-en-mission-a-lome\/"},"wordCount":463,"commentCount":0,"publisher":{"@id":"https:\/\/lavoixdelanation.tg\/#organization"},"image":{"@id":"https:\/\/lavoixdelanation.tg\/index.php\/2026\/04\/24\/le-patron-de-la-diplomatie-francaise-en-mission-a-lome\/#primaryimage"},"thumbnailUrl":"https:\/\/lavoixdelanation.tg\/wp-content\/uploads\/2026\/04\/Jean-Noel-Barrot-en-mission-diplomatique-a-Lome.jpg","keywords":["diplomatie fran\u00e7aise","Faure Essozimna Gnassingb\u00e9","Jean-No\u00ebl Barrot","Togo"],"articleSection":["Diplomatie"],"inLanguage":"fr-FR","potentialAction":[{"@type":"CommentAction","name":"Comment","target":["https:\/\/lavoixdelanation.tg\/index.php\/2026\/04\/24\/le-patron-de-la-diplomatie-francaise-en-mission-a-lome\/#respond"]}]},{"@type":"WebPage","@id":"https:\/\/lavoixdelanation.tg\/index.php\/2026\/04\/24\/le-patron-de-la-diplomatie-francaise-en-mission-a-lome\/","url":"https:\/\/lavoixdelanation.tg\/index.php\/2026\/04\/24\/le-patron-de-la-diplomatie-francaise-en-mission-a-lome\/","name":"Le patron de la diplomatie fran\u00e7aise en mission \u00e0 Lom\u00e9 - La Voix de la Nation","isPartOf":{"@id":"https:\/\/lavoixdelanation.tg\/#website"},"primaryImageOfPage":{"@id":"https:\/\/lavoixdelanation.tg\/index.php\/2026\/04\/24\/le-patron-de-la-diplomatie-francaise-en-mission-a-lome\/#primaryimage"},"image":{"@id":"https:\/\/lavoixdelanation.tg\/index.php\/2026\/04\/24\/le-patron-de-la-diplomatie-francaise-en-mission-a-lome\/#primaryimage"},"thumbnailUrl":"https:\/\/lavoixdelanation.tg\/wp-content\/uploads\/2026\/04\/Jean-Noel-Barrot-en-mission-diplomatique-a-Lome.jpg","datePublished":"2026-04-24T21:42:00+00:00","dateModified":"2026-04-26T13:45:42+00:00","breadcrumb":{"@id":"https:\/\/lavoixdelanation.tg\/index.php\/2026\/04\/24\/le-patron-de-la-diplomatie-francaise-en-mission-a-lome\/#breadcrumb"},"inLanguage":"fr-FR","potentialAction":[{"@type":"ReadAction","target":["https:\/\/lavoixdelanation.tg\/index.php\/2026\/04\/24\/le-patron-de-la-diplomatie-francaise-en-mission-a-lome\/"]}]},{"@type":"ImageObject","inLanguage":"fr-FR","@id":"https:\/\/lavoixdelanation.tg\/index.php\/2026\/04\/24\/le-patron-de-la-diplomatie-francaise-en-mission-a-lome\/#primaryimage","url":"https:\/\/lavoixdelanation.tg\/wp-content\/uploads\/2026\/04\/Jean-Noel-Barrot-en-mission-diplomatique-a-Lome.jpg","contentUrl":"https:\/\/lavoixdelanation.tg\/wp-content\/uploads\/2026\/04\/Jean-Noel-Barrot-en-mission-diplomatique-a-Lome.jpg","width":1600,"height":1286,"caption":"Jean-No\u00ebl Barrot en mission diplomatique \u00e0 Lom\u00e9"},{"@type":"BreadcrumbList","@id":"https:\/\/lavoixdelanation.tg\/index.php\/2026\/04\/24\/le-patron-de-la-diplomatie-francaise-en-mission-a-lome\/#breadcrumb","itemListElement":[{"@type":"ListItem","position":1,"name":"Accueil","item":"https:\/\/lavoixdelanation.tg\/"},{"@type":"ListItem","position":2,"name":"Le patron de la diplomatie fran\u00e7aise en mission \u00e0 Lom\u00e9"}]},{"@type":"WebSite","@id":"https:\/\/lavoixdelanation.tg\/#website","url":"https:\/\/lavoixdelanation.tg\/","name":"La Voix de la Nation","description":"R\u00e9c\u00e9piss\u00e9 n\u00b00108\/HAAC\/01-2024\/pl\/P","publisher":{"@id":"https:\/\/lavoixdelanation.tg\/#organization"},"alternateName":"VON","potentialAction":[{"@type":"SearchAction","target":{"@type":"EntryPoint","urlTemplate":"https:\/\/lavoixdelanation.tg\/?s={search_term_string}"},"query-input":{"@type":"PropertyValueSpecification","valueRequired":true,"valueName":"search_term_string"}}],"inLanguage":"fr-FR"},{"@type":"Organization","@id":"https:\/\/lavoixdelanation.tg\/#organization","name":"La Voix de la Nation","url":"https:\/\/lavoixdelanation.tg\/","logo":{"@type":"ImageObject","inLanguage":"fr-FR","@id":"https:\/\/lavoixdelanation.tg\/#\/schema\/logo\/image\/","url":"https:\/\/lavoixdelanation.tg\/wp-content\/uploads\/2024\/12\/lavn-1.png","contentUrl":"https:\/\/lavoixdelanation.tg\/wp-content\/uploads\/2024\/12\/lavn-1.png","width":1024,"height":464,"caption":"La Voix de la Nation"},"image":{"@id":"https:\/\/lavoixdelanation.tg\/#\/schema\/logo\/image\/"},"sameAs":["https:\/\/www.facebook.com\/lavoixdelanation"]},{"@type":"Person","@id":"https:\/\/lavoixdelanation.tg\/#\/schema\/person\/6c489293aa38053673a9e554acb6e224","name":"La voix de la nation","image":{"@type":"ImageObject","inLanguage":"fr-FR","@id":"https:\/\/lavoixdelanation.tg\/#\/schema\/person\/image\/","url":"https:\/\/secure.gravatar.com\/avatar\/8aa135d4bbc794494cecaa8d483f6d6cc1023624868deaff686baed5e727a5a1?s=96&d=mm&r=g","contentUrl":"https:\/\/secure.gravatar.com\/avatar\/8aa135d4bbc794494cecaa8d483f6d6cc1023624868deaff686baed5e727a5a1?s=96&d=mm&r=g","caption":"La voix de la nation"},"sameAs":["https:\/\/lavoixdelanation.tg"],"url":"https:\/\/lavoixdelanation.tg\/index.php\/author\/lavn\/"}]}},"_links":{"self":[{"href":"https:\/\/lavoixdelanation.tg\/index.php\/wp-json\/wp\/v2\/posts\/15944","targetHints":{"allow":["GET"]}}],"collection":[{"href":"https:\/\/lavoixdelanation.tg\/index.php\/wp-json\/wp\/v2\/posts"}],"about":[{"href":"https:\/\/lavoixdelanation.tg\/index.php\/wp-json\/wp\/v2\/types\/post"}],"author":[{"embeddable":true,"href":"https:\/\/lavoixdelanation.tg\/index.php\/wp-json\/wp\/v2\/users\/1"}],"replies":[{"embeddable":true,"href":"https:\/\/lavoixdelanation.tg\/index.php\/wp-json\/wp\/v2\/comments?post=15944"}],"version-history":[{"count":1,"href":"https:\/\/lavoixdelanation.tg\/index.php\/wp-json\/wp\/v2\/posts\/15944\/revisions"}],"predecessor-version":[{"id":15947,"href":"https:\/\/lavoixdelanation.tg\/index.php\/wp-json\/wp\/v2\/posts\/15944\/revisions\/15947"}],"wp:featuredmedia":[{"embeddable":true,"href":"https:\/\/lavoixdelanation.tg\/index.php\/wp-json\/wp\/v2\/media\/15945"}],"wp:attachment":[{"href":"https:\/\/lavoixdelanation.tg\/index.php\/wp-json\/wp\/v2\/media?parent=15944"}],"wp:term":[{"taxonomy":"category","embeddable":true,"href":"https:\/\/lavoixdelanation.tg\/index.php\/wp-json\/wp\/v2\/categories?post=15944"},{"taxonomy":"post_tag","embeddable":true,"href":"https:\/\/lavoixdelanation.tg\/index.php\/wp-json\/wp\/v2\/tags?post=15944"}],"curies":[{"name":"wp","href":"https:\/\/api.w.org\/{rel}","templated":true}]}}