{"id":15940,"date":"2026-04-25T15:40:13","date_gmt":"2026-04-25T13:40:13","guid":{"rendered":"https:\/\/lavoixdelanation.tg\/?p=15940"},"modified":"2026-04-26T15:42:39","modified_gmt":"2026-04-26T13:42:39","slug":"universite-de-kara-les-nouvelles-infrastructures-du-campus-nord-inaugurees-par-faure-gnassingbe","status":"publish","type":"post","link":"https:\/\/lavoixdelanation.tg\/index.php\/2026\/04\/25\/universite-de-kara-les-nouvelles-infrastructures-du-campus-nord-inaugurees-par-faure-gnassingbe\/","title":{"rendered":"Universit\u00e9 de Kara\u00a0: Les nouvelles infrastructures du Campus Nord inaugur\u00e9es par Faure Gnassingb\u00e9"},"content":{"rendered":"\n<p><strong>En pr\u00e9lude \u00e0 la <\/strong><strong>comm\u00e9moration du 66\u1d49 anniversaire de l\u2019accession du Togo \u00e0 la souverainet\u00e9 internationale, le Pr\u00e9sident du Conseil Faure Gnassingb\u00e9 a proc\u00e9d\u00e9 ce vendredi 24 avril 2026, \u00e0 l\u2019inauguration des nouvelles infrastructures du Campus Nord de l\u2019Universit\u00e9 de Kara<\/strong><\/p>\n\n\n\n<p>Deuxi\u00e8me p\u00f4le universitaire public du Togo apr\u00e8s celle de Lom\u00e9, l\u2019Universit\u00e9 de Kara cr\u00e9\u00e9e en 2004, franchit aujourd\u2019hui une \u00e9tape d\u00e9cisive de son d\u00e9veloppement.<\/p>\n\n\n\n<p>D\u2019un site initial adoss\u00e9 \u00e0 l\u2019ancienne \u00e9cole normale des instituteurs, elle s\u2019est progressivement affirm\u00e9e comme un espace acad\u00e9mique structur\u00e9, d\u00e9sormais \u00e9tendu sur plus de 125 hectares et d\u00e9di\u00e9 aux missions cardinales d\u2019enseignement, de recherche et de service \u00e0 la communaut\u00e9.<\/p>\n\n\n\n<p>Ces nouvelles infrastructures, loin de constituer de simples ajouts fonctionnels, red\u00e9finissent en profondeur les conditions d\u2019apprentissage, de recherche et de vie universitaire. Elles instaurent un nouvel ordre d\u2019exigence, o\u00f9 la qualit\u00e9 des \u00e9quipements \u00e9pouse d\u00e9sormais l\u2019ambition acad\u00e9mique.<\/p>\n\n\n\n<p>Au c\u0153ur de cette mutation, la premi\u00e8re phase d\u2019un projet bas\u00e9 sur un partenariat solide entre l\u2019Etat togolais et le Groupe ENVOL Immobilier.<\/p>\n\n\n\n<figure class=\"wp-block-image size-large\"><img loading=\"lazy\" decoding=\"async\" width=\"1024\" height=\"683\" src=\"https:\/\/lavoixdelanation.tg\/wp-content\/uploads\/2026\/04\/Campus-Nord-de-lUniversite-de-Kara-1024x683.jpg\" alt=\"\" class=\"wp-image-15942\" srcset=\"https:\/\/lavoixdelanation.tg\/wp-content\/uploads\/2026\/04\/Campus-Nord-de-lUniversite-de-Kara-1024x683.jpg 1024w, https:\/\/lavoixdelanation.tg\/wp-content\/uploads\/2026\/04\/Campus-Nord-de-lUniversite-de-Kara-300x200.jpg 300w, https:\/\/lavoixdelanation.tg\/wp-content\/uploads\/2026\/04\/Campus-Nord-de-lUniversite-de-Kara-768x512.jpg 768w, https:\/\/lavoixdelanation.tg\/wp-content\/uploads\/2026\/04\/Campus-Nord-de-lUniversite-de-Kara.jpg 1280w\" sizes=\"auto, (max-width: 1024px) 100vw, 1024px\" \/><\/figure>\n\n\n\n<p>Des b\u00e2timents majeurs sont d\u00e9ploy\u00e9s sur le site situ\u00e9 \u00e0 Pya, totalisant pr\u00e8s de 18 600 m\u00b2 de surface utile notamment la Facult\u00e9 des sciences de la sant\u00e9, l\u2019Institut sup\u00e9rieur des m\u00e9tiers de l\u2019agriculture, l\u2019Institut polytechnique et de l\u2019innovation, la Pr\u00e9sidence de l\u2019universit\u00e9 ainsi qu\u2019un restaurant universitaire d\u00e9nomm\u00e9 l\u2019\u00ab Apatam Moderne \u00bb.<\/p>\n\n\n\n<p>L\u2019Universit\u00e9 de Kara est ainsi appel\u00e9e \u00e0 devenir un v\u00e9ritable levier de transformation \u00e9conomique, sociale et territoriale pour le Togo.<\/p>\n\n\n\n<p>\u00c0 l\u2019horizon 2040, le campus ambitionne de s\u2019\u00e9tendre sur pr\u00e8s de 250 000 m\u00b2, avec une capacit\u00e9 d\u2019accueil projet\u00e9e de 30 000 \u00e9tudiants.<\/p>\n\n\n\n<p>Neuf facult\u00e9s, une biblioth\u00e8que centrale, un centre hospitalier universitaire, des r\u00e9sidences pour 10 000 \u00e9tudiants, des espaces verts et de loisirs, ainsi que des infrastructures administratives et h\u00f4teli\u00e8res viendront structurer ce p\u00f4le d\u2019excellence appel\u00e9 \u00e0 rayonner \u00e0 l\u2019\u00e9chelle sous r\u00e9gionale.<\/p>\n","protected":false},"excerpt":{"rendered":"<p>En pr\u00e9lude \u00e0 la comm\u00e9moration du 66\u1d49 anniversaire de l\u2019accession du Togo \u00e0 la souverainet\u00e9 internationale, le Pr\u00e9sident du Conseil Faure Gnassingb\u00e9 a proc\u00e9d\u00e9 ce vendredi 24 avril 2026, \u00e0&hellip; <\/p>\n","protected":false},"author":1,"featured_media":15941,"comment_status":"open","ping_status":"closed","sticky":false,"template":"","format":"standard","meta":{"footnotes":""},"categories":[10],"tags":[1418,45,1417,39,811],"class_list":["post-15940","post","type-post","status-publish","format-standard","has-post-thumbnail","hentry","category-education","tag-campus-nord","tag-faure-gnassingbe","tag-nouvelles-infrastructures","tag-togo","tag-universite-de-kara"],"yoast_head":"<!-- This site is optimized with the Yoast SEO plugin v26.4 - https:\/\/yoast.com\/wordpress\/plugins\/seo\/ -->\n<title>Universit\u00e9 de Kara\u00a0: Les nouvelles infrastructures du Campus Nord inaugur\u00e9es par Faure Gnassingb\u00e9 - La Voix de la Nation<\/title>\n<meta name=\"robots\" content=\"index, follow, max-snippet:-1, max-image-preview:large, max-video-preview:-1\" \/>\n<link rel=\"canonical\" href=\"https:\/\/lavoixdelanation.tg\/index.php\/2026\/04\/25\/universite-de-kara-les-nouvelles-infrastructures-du-campus-nord-inaugurees-par-faure-gnassingbe\/\" \/>\n<meta property=\"og:locale\" content=\"fr_FR\" \/>\n<meta property=\"og:type\" content=\"article\" \/>\n<meta property=\"og:title\" content=\"Universit\u00e9 de Kara\u00a0: Les nouvelles infrastructures du Campus Nord inaugur\u00e9es par Faure Gnassingb\u00e9 - La Voix de la Nation\" \/>\n<meta property=\"og:description\" content=\"En pr\u00e9lude \u00e0 la comm\u00e9moration du 66\u1d49 anniversaire de l\u2019accession du Togo \u00e0 la souverainet\u00e9 internationale, le Pr\u00e9sident du Conseil Faure Gnassingb\u00e9 a proc\u00e9d\u00e9 ce vendredi 24 avril 2026, \u00e0&hellip;\" \/>\n<meta property=\"og:url\" content=\"https:\/\/lavoixdelanation.tg\/index.php\/2026\/04\/25\/universite-de-kara-les-nouvelles-infrastructures-du-campus-nord-inaugurees-par-faure-gnassingbe\/\" \/>\n<meta property=\"og:site_name\" content=\"La Voix de la Nation\" \/>\n<meta property=\"article:publisher\" content=\"https:\/\/www.facebook.com\/lavoixdelanation\" \/>\n<meta property=\"article:published_time\" content=\"2026-04-25T13:40:13+00:00\" \/>\n<meta property=\"article:modified_time\" content=\"2026-04-26T13:42:39+00:00\" \/>\n<meta property=\"og:image\" content=\"https:\/\/lavoixdelanation.tg\/wp-content\/uploads\/2026\/04\/Les-nouvelles-infrastructures-du-Campus-Nord-de-lUniversite-de-Kara-inaugurees-par-Faure-Gnassingbe.jpg\" \/>\n\t<meta property=\"og:image:width\" content=\"1280\" \/>\n\t<meta property=\"og:image:height\" content=\"924\" \/>\n\t<meta property=\"og:image:type\" content=\"image\/jpeg\" \/>\n<meta name=\"author\" content=\"La voix de la nation\" \/>\n<meta name=\"twitter:card\" content=\"summary_large_image\" \/>\n<meta name=\"twitter:label1\" content=\"\u00c9crit par\" \/>\n\t<meta name=\"twitter:data1\" content=\"La voix de la nation\" \/>\n\t<meta name=\"twitter:label2\" content=\"Dur\u00e9e de lecture estim\u00e9e\" \/>\n\t<meta name=\"twitter:data2\" content=\"2 minutes\" \/>\n<script type=\"application\/ld+json\" class=\"yoast-schema-graph\">{\"@context\":\"https:\/\/schema.org\",\"@graph\":[{\"@type\":\"Article\",\"@id\":\"https:\/\/lavoixdelanation.tg\/index.php\/2026\/04\/25\/universite-de-kara-les-nouvelles-infrastructures-du-campus-nord-inaugurees-par-faure-gnassingbe\/#article\",\"isPartOf\":{\"@id\":\"https:\/\/lavoixdelanation.tg\/index.php\/2026\/04\/25\/universite-de-kara-les-nouvelles-infrastructures-du-campus-nord-inaugurees-par-faure-gnassingbe\/\"},\"author\":{\"name\":\"La voix de la nation\",\"@id\":\"https:\/\/lavoixdelanation.tg\/#\/schema\/person\/6c489293aa38053673a9e554acb6e224\"},\"headline\":\"Universit\u00e9 de Kara\u00a0: Les nouvelles infrastructures du Campus Nord inaugur\u00e9es par Faure Gnassingb\u00e9\",\"datePublished\":\"2026-04-25T13:40:13+00:00\",\"dateModified\":\"2026-04-26T13:42:39+00:00\",\"mainEntityOfPage\":{\"@id\":\"https:\/\/lavoixdelanation.tg\/index.php\/2026\/04\/25\/universite-de-kara-les-nouvelles-infrastructures-du-campus-nord-inaugurees-par-faure-gnassingbe\/\"},\"wordCount\":353,\"commentCount\":0,\"publisher\":{\"@id\":\"https:\/\/lavoixdelanation.tg\/#organization\"},\"image\":{\"@id\":\"https:\/\/lavoixdelanation.tg\/index.php\/2026\/04\/25\/universite-de-kara-les-nouvelles-infrastructures-du-campus-nord-inaugurees-par-faure-gnassingbe\/#primaryimage\"},\"thumbnailUrl\":\"https:\/\/lavoixdelanation.tg\/wp-content\/uploads\/2026\/04\/Les-nouvelles-infrastructures-du-Campus-Nord-de-lUniversite-de-Kara-inaugurees-par-Faure-Gnassingbe.jpg\",\"keywords\":[\"Campus Nord\",\"Faure Gnassingb\u00e9\",\"nouvelles infrastructures\",\"Togo\",\"Universit\u00e9 de Kara\"],\"articleSection\":[\"Education\"],\"inLanguage\":\"fr-FR\",\"potentialAction\":[{\"@type\":\"CommentAction\",\"name\":\"Comment\",\"target\":[\"https:\/\/lavoixdelanation.tg\/index.php\/2026\/04\/25\/universite-de-kara-les-nouvelles-infrastructures-du-campus-nord-inaugurees-par-faure-gnassingbe\/#respond\"]}]},{\"@type\":\"WebPage\",\"@id\":\"https:\/\/lavoixdelanation.tg\/index.php\/2026\/04\/25\/universite-de-kara-les-nouvelles-infrastructures-du-campus-nord-inaugurees-par-faure-gnassingbe\/\",\"url\":\"https:\/\/lavoixdelanation.tg\/index.php\/2026\/04\/25\/universite-de-kara-les-nouvelles-infrastructures-du-campus-nord-inaugurees-par-faure-gnassingbe\/\",\"name\":\"Universit\u00e9 de Kara\u00a0: Les nouvelles infrastructures du Campus Nord inaugur\u00e9es par Faure Gnassingb\u00e9 - La Voix de la Nation\",\"isPartOf\":{\"@id\":\"https:\/\/lavoixdelanation.tg\/#website\"},\"primaryImageOfPage\":{\"@id\":\"https:\/\/lavoixdelanation.tg\/index.php\/2026\/04\/25\/universite-de-kara-les-nouvelles-infrastructures-du-campus-nord-inaugurees-par-faure-gnassingbe\/#primaryimage\"},\"image\":{\"@id\":\"https:\/\/lavoixdelanation.tg\/index.php\/2026\/04\/25\/universite-de-kara-les-nouvelles-infrastructures-du-campus-nord-inaugurees-par-faure-gnassingbe\/#primaryimage\"},\"thumbnailUrl\":\"https:\/\/lavoixdelanation.tg\/wp-content\/uploads\/2026\/04\/Les-nouvelles-infrastructures-du-Campus-Nord-de-lUniversite-de-Kara-inaugurees-par-Faure-Gnassingbe.jpg\",\"datePublished\":\"2026-04-25T13:40:13+00:00\",\"dateModified\":\"2026-04-26T13:42:39+00:00\",\"breadcrumb\":{\"@id\":\"https:\/\/lavoixdelanation.tg\/index.php\/2026\/04\/25\/universite-de-kara-les-nouvelles-infrastructures-du-campus-nord-inaugurees-par-faure-gnassingbe\/#breadcrumb\"},\"inLanguage\":\"fr-FR\",\"potentialAction\":[{\"@type\":\"ReadAction\",\"target\":[\"https:\/\/lavoixdelanation.tg\/index.php\/2026\/04\/25\/universite-de-kara-les-nouvelles-infrastructures-du-campus-nord-inaugurees-par-faure-gnassingbe\/\"]}]},{\"@type\":\"ImageObject\",\"inLanguage\":\"fr-FR\",\"@id\":\"https:\/\/lavoixdelanation.tg\/index.php\/2026\/04\/25\/universite-de-kara-les-nouvelles-infrastructures-du-campus-nord-inaugurees-par-faure-gnassingbe\/#primaryimage\",\"url\":\"https:\/\/lavoixdelanation.tg\/wp-content\/uploads\/2026\/04\/Les-nouvelles-infrastructures-du-Campus-Nord-de-lUniversite-de-Kara-inaugurees-par-Faure-Gnassingbe.jpg\",\"contentUrl\":\"https:\/\/lavoixdelanation.tg\/wp-content\/uploads\/2026\/04\/Les-nouvelles-infrastructures-du-Campus-Nord-de-lUniversite-de-Kara-inaugurees-par-Faure-Gnassingbe.jpg\",\"width\":1280,\"height\":924},{\"@type\":\"BreadcrumbList\",\"@id\":\"https:\/\/lavoixdelanation.tg\/index.php\/2026\/04\/25\/universite-de-kara-les-nouvelles-infrastructures-du-campus-nord-inaugurees-par-faure-gnassingbe\/#breadcrumb\",\"itemListElement\":[{\"@type\":\"ListItem\",\"position\":1,\"name\":\"Accueil\",\"item\":\"https:\/\/lavoixdelanation.tg\/\"},{\"@type\":\"ListItem\",\"position\":2,\"name\":\"Universit\u00e9 de Kara\u00a0: Les nouvelles infrastructures du Campus Nord inaugur\u00e9es par Faure Gnassingb\u00e9\"}]},{\"@type\":\"WebSite\",\"@id\":\"https:\/\/lavoixdelanation.tg\/#website\",\"url\":\"https:\/\/lavoixdelanation.tg\/\",\"name\":\"La Voix de la Nation\",\"description\":\"R\u00e9c\u00e9piss\u00e9 n\u00b00108\/HAAC\/01-2024\/pl\/P\",\"publisher\":{\"@id\":\"https:\/\/lavoixdelanation.tg\/#organization\"},\"alternateName\":\"VON\",\"potentialAction\":[{\"@type\":\"SearchAction\",\"target\":{\"@type\":\"EntryPoint\",\"urlTemplate\":\"https:\/\/lavoixdelanation.tg\/?s={search_term_string}\"},\"query-input\":{\"@type\":\"PropertyValueSpecification\",\"valueRequired\":true,\"valueName\":\"search_term_string\"}}],\"inLanguage\":\"fr-FR\"},{\"@type\":\"Organization\",\"@id\":\"https:\/\/lavoixdelanation.tg\/#organization\",\"name\":\"La Voix de la Nation\",\"url\":\"https:\/\/lavoixdelanation.tg\/\",\"logo\":{\"@type\":\"ImageObject\",\"inLanguage\":\"fr-FR\",\"@id\":\"https:\/\/lavoixdelanation.tg\/#\/schema\/logo\/image\/\",\"url\":\"https:\/\/lavoixdelanation.tg\/wp-content\/uploads\/2024\/12\/lavn-1.png\",\"contentUrl\":\"https:\/\/lavoixdelanation.tg\/wp-content\/uploads\/2024\/12\/lavn-1.png\",\"width\":1024,\"height\":464,\"caption\":\"La Voix de la Nation\"},\"image\":{\"@id\":\"https:\/\/lavoixdelanation.tg\/#\/schema\/logo\/image\/\"},\"sameAs\":[\"https:\/\/www.facebook.com\/lavoixdelanation\"]},{\"@type\":\"Person\",\"@id\":\"https:\/\/lavoixdelanation.tg\/#\/schema\/person\/6c489293aa38053673a9e554acb6e224\",\"name\":\"La voix de la nation\",\"image\":{\"@type\":\"ImageObject\",\"inLanguage\":\"fr-FR\",\"@id\":\"https:\/\/lavoixdelanation.tg\/#\/schema\/person\/image\/\",\"url\":\"https:\/\/secure.gravatar.com\/avatar\/8aa135d4bbc794494cecaa8d483f6d6cc1023624868deaff686baed5e727a5a1?s=96&d=mm&r=g\",\"contentUrl\":\"https:\/\/secure.gravatar.com\/avatar\/8aa135d4bbc794494cecaa8d483f6d6cc1023624868deaff686baed5e727a5a1?s=96&d=mm&r=g\",\"caption\":\"La voix de la nation\"},\"sameAs\":[\"https:\/\/lavoixdelanation.tg\"],\"url\":\"https:\/\/lavoixdelanation.tg\/index.php\/author\/lavn\/\"}]}<\/script>\n<!-- \/ Yoast SEO plugin. -->","yoast_head_json":{"title":"Universit\u00e9 de Kara\u00a0: Les nouvelles infrastructures du Campus Nord inaugur\u00e9es par Faure Gnassingb\u00e9 - La Voix de la Nation","robots":{"index":"index","follow":"follow","max-snippet":"max-snippet:-1","max-image-preview":"max-image-preview:large","max-video-preview":"max-video-preview:-1"},"canonical":"https:\/\/lavoixdelanation.tg\/index.php\/2026\/04\/25\/universite-de-kara-les-nouvelles-infrastructures-du-campus-nord-inaugurees-par-faure-gnassingbe\/","og_locale":"fr_FR","og_type":"article","og_title":"Universit\u00e9 de Kara\u00a0: Les nouvelles infrastructures du Campus Nord inaugur\u00e9es par Faure Gnassingb\u00e9 - La Voix de la Nation","og_description":"En pr\u00e9lude \u00e0 la comm\u00e9moration du 66\u1d49 anniversaire de l\u2019accession du Togo \u00e0 la souverainet\u00e9 internationale, le Pr\u00e9sident du Conseil Faure Gnassingb\u00e9 a proc\u00e9d\u00e9 ce vendredi 24 avril 2026, \u00e0&hellip;","og_url":"https:\/\/lavoixdelanation.tg\/index.php\/2026\/04\/25\/universite-de-kara-les-nouvelles-infrastructures-du-campus-nord-inaugurees-par-faure-gnassingbe\/","og_site_name":"La Voix de la Nation","article_publisher":"https:\/\/www.facebook.com\/lavoixdelanation","article_published_time":"2026-04-25T13:40:13+00:00","article_modified_time":"2026-04-26T13:42:39+00:00","og_image":[{"width":1280,"height":924,"url":"https:\/\/lavoixdelanation.tg\/wp-content\/uploads\/2026\/04\/Les-nouvelles-infrastructures-du-Campus-Nord-de-lUniversite-de-Kara-inaugurees-par-Faure-Gnassingbe.jpg","type":"image\/jpeg"}],"author":"La voix de la nation","twitter_card":"summary_large_image","twitter_misc":{"\u00c9crit par":"La voix de la nation","Dur\u00e9e de lecture estim\u00e9e":"2 minutes"},"schema":{"@context":"https:\/\/schema.org","@graph":[{"@type":"Article","@id":"https:\/\/lavoixdelanation.tg\/index.php\/2026\/04\/25\/universite-de-kara-les-nouvelles-infrastructures-du-campus-nord-inaugurees-par-faure-gnassingbe\/#article","isPartOf":{"@id":"https:\/\/lavoixdelanation.tg\/index.php\/2026\/04\/25\/universite-de-kara-les-nouvelles-infrastructures-du-campus-nord-inaugurees-par-faure-gnassingbe\/"},"author":{"name":"La voix de la nation","@id":"https:\/\/lavoixdelanation.tg\/#\/schema\/person\/6c489293aa38053673a9e554acb6e224"},"headline":"Universit\u00e9 de Kara\u00a0: Les nouvelles infrastructures du Campus Nord inaugur\u00e9es par Faure Gnassingb\u00e9","datePublished":"2026-04-25T13:40:13+00:00","dateModified":"2026-04-26T13:42:39+00:00","mainEntityOfPage":{"@id":"https:\/\/lavoixdelanation.tg\/index.php\/2026\/04\/25\/universite-de-kara-les-nouvelles-infrastructures-du-campus-nord-inaugurees-par-faure-gnassingbe\/"},"wordCount":353,"commentCount":0,"publisher":{"@id":"https:\/\/lavoixdelanation.tg\/#organization"},"image":{"@id":"https:\/\/lavoixdelanation.tg\/index.php\/2026\/04\/25\/universite-de-kara-les-nouvelles-infrastructures-du-campus-nord-inaugurees-par-faure-gnassingbe\/#primaryimage"},"thumbnailUrl":"https:\/\/lavoixdelanation.tg\/wp-content\/uploads\/2026\/04\/Les-nouvelles-infrastructures-du-Campus-Nord-de-lUniversite-de-Kara-inaugurees-par-Faure-Gnassingbe.jpg","keywords":["Campus Nord","Faure Gnassingb\u00e9","nouvelles infrastructures","Togo","Universit\u00e9 de Kara"],"articleSection":["Education"],"inLanguage":"fr-FR","potentialAction":[{"@type":"CommentAction","name":"Comment","target":["https:\/\/lavoixdelanation.tg\/index.php\/2026\/04\/25\/universite-de-kara-les-nouvelles-infrastructures-du-campus-nord-inaugurees-par-faure-gnassingbe\/#respond"]}]},{"@type":"WebPage","@id":"https:\/\/lavoixdelanation.tg\/index.php\/2026\/04\/25\/universite-de-kara-les-nouvelles-infrastructures-du-campus-nord-inaugurees-par-faure-gnassingbe\/","url":"https:\/\/lavoixdelanation.tg\/index.php\/2026\/04\/25\/universite-de-kara-les-nouvelles-infrastructures-du-campus-nord-inaugurees-par-faure-gnassingbe\/","name":"Universit\u00e9 de Kara\u00a0: Les nouvelles infrastructures du Campus Nord inaugur\u00e9es par Faure Gnassingb\u00e9 - La Voix de la Nation","isPartOf":{"@id":"https:\/\/lavoixdelanation.tg\/#website"},"primaryImageOfPage":{"@id":"https:\/\/lavoixdelanation.tg\/index.php\/2026\/04\/25\/universite-de-kara-les-nouvelles-infrastructures-du-campus-nord-inaugurees-par-faure-gnassingbe\/#primaryimage"},"image":{"@id":"https:\/\/lavoixdelanation.tg\/index.php\/2026\/04\/25\/universite-de-kara-les-nouvelles-infrastructures-du-campus-nord-inaugurees-par-faure-gnassingbe\/#primaryimage"},"thumbnailUrl":"https:\/\/lavoixdelanation.tg\/wp-content\/uploads\/2026\/04\/Les-nouvelles-infrastructures-du-Campus-Nord-de-lUniversite-de-Kara-inaugurees-par-Faure-Gnassingbe.jpg","datePublished":"2026-04-25T13:40:13+00:00","dateModified":"2026-04-26T13:42:39+00:00","breadcrumb":{"@id":"https:\/\/lavoixdelanation.tg\/index.php\/2026\/04\/25\/universite-de-kara-les-nouvelles-infrastructures-du-campus-nord-inaugurees-par-faure-gnassingbe\/#breadcrumb"},"inLanguage":"fr-FR","potentialAction":[{"@type":"ReadAction","target":["https:\/\/lavoixdelanation.tg\/index.php\/2026\/04\/25\/universite-de-kara-les-nouvelles-infrastructures-du-campus-nord-inaugurees-par-faure-gnassingbe\/"]}]},{"@type":"ImageObject","inLanguage":"fr-FR","@id":"https:\/\/lavoixdelanation.tg\/index.php\/2026\/04\/25\/universite-de-kara-les-nouvelles-infrastructures-du-campus-nord-inaugurees-par-faure-gnassingbe\/#primaryimage","url":"https:\/\/lavoixdelanation.tg\/wp-content\/uploads\/2026\/04\/Les-nouvelles-infrastructures-du-Campus-Nord-de-lUniversite-de-Kara-inaugurees-par-Faure-Gnassingbe.jpg","contentUrl":"https:\/\/lavoixdelanation.tg\/wp-content\/uploads\/2026\/04\/Les-nouvelles-infrastructures-du-Campus-Nord-de-lUniversite-de-Kara-inaugurees-par-Faure-Gnassingbe.jpg","width":1280,"height":924},{"@type":"BreadcrumbList","@id":"https:\/\/lavoixdelanation.tg\/index.php\/2026\/04\/25\/universite-de-kara-les-nouvelles-infrastructures-du-campus-nord-inaugurees-par-faure-gnassingbe\/#breadcrumb","itemListElement":[{"@type":"ListItem","position":1,"name":"Accueil","item":"https:\/\/lavoixdelanation.tg\/"},{"@type":"ListItem","position":2,"name":"Universit\u00e9 de Kara\u00a0: Les nouvelles infrastructures du Campus Nord inaugur\u00e9es par Faure Gnassingb\u00e9"}]},{"@type":"WebSite","@id":"https:\/\/lavoixdelanation.tg\/#website","url":"https:\/\/lavoixdelanation.tg\/","name":"La Voix de la Nation","description":"R\u00e9c\u00e9piss\u00e9 n\u00b00108\/HAAC\/01-2024\/pl\/P","publisher":{"@id":"https:\/\/lavoixdelanation.tg\/#organization"},"alternateName":"VON","potentialAction":[{"@type":"SearchAction","target":{"@type":"EntryPoint","urlTemplate":"https:\/\/lavoixdelanation.tg\/?s={search_term_string}"},"query-input":{"@type":"PropertyValueSpecification","valueRequired":true,"valueName":"search_term_string"}}],"inLanguage":"fr-FR"},{"@type":"Organization","@id":"https:\/\/lavoixdelanation.tg\/#organization","name":"La Voix de la Nation","url":"https:\/\/lavoixdelanation.tg\/","logo":{"@type":"ImageObject","inLanguage":"fr-FR","@id":"https:\/\/lavoixdelanation.tg\/#\/schema\/logo\/image\/","url":"https:\/\/lavoixdelanation.tg\/wp-content\/uploads\/2024\/12\/lavn-1.png","contentUrl":"https:\/\/lavoixdelanation.tg\/wp-content\/uploads\/2024\/12\/lavn-1.png","width":1024,"height":464,"caption":"La Voix de la Nation"},"image":{"@id":"https:\/\/lavoixdelanation.tg\/#\/schema\/logo\/image\/"},"sameAs":["https:\/\/www.facebook.com\/lavoixdelanation"]},{"@type":"Person","@id":"https:\/\/lavoixdelanation.tg\/#\/schema\/person\/6c489293aa38053673a9e554acb6e224","name":"La voix de la nation","image":{"@type":"ImageObject","inLanguage":"fr-FR","@id":"https:\/\/lavoixdelanation.tg\/#\/schema\/person\/image\/","url":"https:\/\/secure.gravatar.com\/avatar\/8aa135d4bbc794494cecaa8d483f6d6cc1023624868deaff686baed5e727a5a1?s=96&d=mm&r=g","contentUrl":"https:\/\/secure.gravatar.com\/avatar\/8aa135d4bbc794494cecaa8d483f6d6cc1023624868deaff686baed5e727a5a1?s=96&d=mm&r=g","caption":"La voix de la nation"},"sameAs":["https:\/\/lavoixdelanation.tg"],"url":"https:\/\/lavoixdelanation.tg\/index.php\/author\/lavn\/"}]}},"_links":{"self":[{"href":"https:\/\/lavoixdelanation.tg\/index.php\/wp-json\/wp\/v2\/posts\/15940","targetHints":{"allow":["GET"]}}],"collection":[{"href":"https:\/\/lavoixdelanation.tg\/index.php\/wp-json\/wp\/v2\/posts"}],"about":[{"href":"https:\/\/lavoixdelanation.tg\/index.php\/wp-json\/wp\/v2\/types\/post"}],"author":[{"embeddable":true,"href":"https:\/\/lavoixdelanation.tg\/index.php\/wp-json\/wp\/v2\/users\/1"}],"replies":[{"embeddable":true,"href":"https:\/\/lavoixdelanation.tg\/index.php\/wp-json\/wp\/v2\/comments?post=15940"}],"version-history":[{"count":1,"href":"https:\/\/lavoixdelanation.tg\/index.php\/wp-json\/wp\/v2\/posts\/15940\/revisions"}],"predecessor-version":[{"id":15943,"href":"https:\/\/lavoixdelanation.tg\/index.php\/wp-json\/wp\/v2\/posts\/15940\/revisions\/15943"}],"wp:featuredmedia":[{"embeddable":true,"href":"https:\/\/lavoixdelanation.tg\/index.php\/wp-json\/wp\/v2\/media\/15941"}],"wp:attachment":[{"href":"https:\/\/lavoixdelanation.tg\/index.php\/wp-json\/wp\/v2\/media?parent=15940"}],"wp:term":[{"taxonomy":"category","embeddable":true,"href":"https:\/\/lavoixdelanation.tg\/index.php\/wp-json\/wp\/v2\/categories?post=15940"},{"taxonomy":"post_tag","embeddable":true,"href":"https:\/\/lavoixdelanation.tg\/index.php\/wp-json\/wp\/v2\/tags?post=15940"}],"curies":[{"name":"wp","href":"https:\/\/api.w.org\/{rel}","templated":true}]}}