{"id":15937,"date":"2026-04-26T15:39:53","date_gmt":"2026-04-26T13:39:53","guid":{"rendered":"https:\/\/lavoixdelanation.tg\/?p=15937"},"modified":"2026-04-26T15:39:54","modified_gmt":"2026-04-26T13:39:54","slug":"togo-plusieurs-personnalites-militaires-decorees-par-faure-gnassingbe-a-lome","status":"publish","type":"post","link":"https:\/\/lavoixdelanation.tg\/index.php\/2026\/04\/26\/togo-plusieurs-personnalites-militaires-decorees-par-faure-gnassingbe-a-lome\/","title":{"rendered":"Togo\u00a0: Plusieurs personnalit\u00e9s militaires d\u00e9cor\u00e9es par Faure Gnassingb\u00e9 \u00e0 Lom\u00e9"},"content":{"rendered":"\n<p><strong>En reconnaissance de leur contribution \u00e0 la consolidation de la paix, la s\u00e9curit\u00e9 et la stabilit\u00e9 au Togo, plusieurs personnalit\u00e9s militaires ont \u00e9t\u00e9 d\u00e9cor\u00e9es ce 25 avril 2026 au camp G\u00e9n\u00e9ral Gnassingb\u00e9 Eyad\u00e9ma \u00e0 Lom\u00e9 par le Pr\u00e9sident du Conseil, Faure Essozimna Gnassingb\u00e9, Chef supr\u00eame des arm\u00e9es.<\/strong><strong><\/strong><\/p>\n\n\n\n<p>Plac\u00e9 sous le sceau du devoir de m\u00e9moire, l\u2019\u00e9v\u00e9nement s\u2019inscrit dans le cadre des activit\u00e9s marquant le 66\u1d49 anniversaire de l\u2019accession du Togo \u00e0 la souverainet\u00e9 internationale.<\/p>\n\n\n\n<p>Ainsi, le Pr\u00e9sident du Conseil a \u00e9lev\u00e9 des Officiers sup\u00e9rieurs, Officiers subalternes, Sous-officiers et soldats respectivement au rang de Commandeurs de l\u2019ordre du Mono, de l\u2019Ordre national du m\u00e9rite, d\u2019Officiers de l\u2019ordre du Mono, d\u2019Officiers de l\u2019ordre national du m\u00e9rite, de Chevaliers de l\u2019ordre du Mono, de Chevaliers de l\u2019ordre national du m\u00e9rite. Il a \u00e9galement d\u00e9cern\u00e9 des m\u00e9dailles du m\u00e9rite militaire.<\/p>\n\n\n\n<p>La c\u00e9r\u00e9monie a offert l\u2019occasion aux forces de d\u00e9fense et de s\u00e9curit\u00e9 d\u2019exprimer leur reconnaissance au Pr\u00e9sident du Conseil, Faure Essozimna Gnassingb\u00e9, Chef supr\u00eame des arm\u00e9es, pour sa d\u00e9termination et son engagement ind\u00e9fectible \u00e0 moderniser l\u2019appareil militaire pour la protection du Togo. Ceci, au regard des d\u00e9fis s\u00e9curitaires croissants qui secouent la sous-r\u00e9gion, marqu\u00e9s par la menace persistante du terrorisme et de l\u2019extr\u00e9misme violent aux fronti\u00e8res septentrionales du pays.<\/p>\n\n\n\n<p><strong>David S.<\/strong><strong><\/strong><\/p>\n","protected":false},"excerpt":{"rendered":"<p>En reconnaissance de leur contribution \u00e0 la consolidation de la paix, la s\u00e9curit\u00e9 et la stabilit\u00e9 au Togo, plusieurs personnalit\u00e9s militaires ont \u00e9t\u00e9 d\u00e9cor\u00e9es ce 25 avril 2026 au camp&hellip; <\/p>\n","protected":false},"author":1,"featured_media":15938,"comment_status":"open","ping_status":"closed","sticky":false,"template":"","format":"standard","meta":{"footnotes":""},"categories":[21],"tags":[521,1078,1416,39],"class_list":["post-15937","post","type-post","status-publish","format-standard","has-post-thumbnail","hentry","category-politique","tag-decoration-des-fat","tag-faure-essozimna-gnassingbe","tag-personnalites-militaires","tag-togo"],"yoast_head":"<!-- This site is optimized with the Yoast SEO plugin v26.4 - https:\/\/yoast.com\/wordpress\/plugins\/seo\/ -->\n<title>Togo\u00a0: Plusieurs personnalit\u00e9s militaires d\u00e9cor\u00e9es par Faure Gnassingb\u00e9 \u00e0 Lom\u00e9 - La Voix de la Nation<\/title>\n<meta name=\"robots\" content=\"index, follow, max-snippet:-1, max-image-preview:large, max-video-preview:-1\" \/>\n<link rel=\"canonical\" href=\"https:\/\/lavoixdelanation.tg\/index.php\/2026\/04\/26\/togo-plusieurs-personnalites-militaires-decorees-par-faure-gnassingbe-a-lome\/\" \/>\n<meta property=\"og:locale\" content=\"fr_FR\" \/>\n<meta property=\"og:type\" content=\"article\" \/>\n<meta property=\"og:title\" content=\"Togo\u00a0: Plusieurs personnalit\u00e9s militaires d\u00e9cor\u00e9es par Faure Gnassingb\u00e9 \u00e0 Lom\u00e9 - La Voix de la Nation\" \/>\n<meta property=\"og:description\" content=\"En reconnaissance de leur contribution \u00e0 la consolidation de la paix, la s\u00e9curit\u00e9 et la stabilit\u00e9 au Togo, plusieurs personnalit\u00e9s militaires ont \u00e9t\u00e9 d\u00e9cor\u00e9es ce 25 avril 2026 au camp&hellip;\" \/>\n<meta property=\"og:url\" content=\"https:\/\/lavoixdelanation.tg\/index.php\/2026\/04\/26\/togo-plusieurs-personnalites-militaires-decorees-par-faure-gnassingbe-a-lome\/\" \/>\n<meta property=\"og:site_name\" content=\"La Voix de la Nation\" \/>\n<meta property=\"article:publisher\" content=\"https:\/\/www.facebook.com\/lavoixdelanation\" \/>\n<meta property=\"article:published_time\" content=\"2026-04-26T13:39:53+00:00\" \/>\n<meta property=\"article:modified_time\" content=\"2026-04-26T13:39:54+00:00\" \/>\n<meta property=\"og:image\" content=\"https:\/\/lavoixdelanation.tg\/wp-content\/uploads\/2026\/04\/Plusieurs-personnalites-militaires-decorees-par-Faure-Gnassingbe-a-Lome.jpeg\" \/>\n\t<meta property=\"og:image:width\" content=\"800\" \/>\n\t<meta property=\"og:image:height\" content=\"561\" \/>\n\t<meta property=\"og:image:type\" content=\"image\/jpeg\" \/>\n<meta name=\"author\" content=\"La voix de la nation\" \/>\n<meta name=\"twitter:card\" content=\"summary_large_image\" \/>\n<meta name=\"twitter:label1\" content=\"\u00c9crit par\" \/>\n\t<meta name=\"twitter:data1\" content=\"La voix de la nation\" \/>\n\t<meta name=\"twitter:label2\" content=\"Dur\u00e9e de lecture estim\u00e9e\" \/>\n\t<meta name=\"twitter:data2\" content=\"2 minutes\" \/>\n<script type=\"application\/ld+json\" class=\"yoast-schema-graph\">{\"@context\":\"https:\/\/schema.org\",\"@graph\":[{\"@type\":\"Article\",\"@id\":\"https:\/\/lavoixdelanation.tg\/index.php\/2026\/04\/26\/togo-plusieurs-personnalites-militaires-decorees-par-faure-gnassingbe-a-lome\/#article\",\"isPartOf\":{\"@id\":\"https:\/\/lavoixdelanation.tg\/index.php\/2026\/04\/26\/togo-plusieurs-personnalites-militaires-decorees-par-faure-gnassingbe-a-lome\/\"},\"author\":{\"name\":\"La voix de la nation\",\"@id\":\"https:\/\/lavoixdelanation.tg\/#\/schema\/person\/6c489293aa38053673a9e554acb6e224\"},\"headline\":\"Togo\u00a0: Plusieurs personnalit\u00e9s militaires d\u00e9cor\u00e9es par Faure Gnassingb\u00e9 \u00e0 Lom\u00e9\",\"datePublished\":\"2026-04-26T13:39:53+00:00\",\"dateModified\":\"2026-04-26T13:39:54+00:00\",\"mainEntityOfPage\":{\"@id\":\"https:\/\/lavoixdelanation.tg\/index.php\/2026\/04\/26\/togo-plusieurs-personnalites-militaires-decorees-par-faure-gnassingbe-a-lome\/\"},\"wordCount\":263,\"commentCount\":0,\"publisher\":{\"@id\":\"https:\/\/lavoixdelanation.tg\/#organization\"},\"image\":{\"@id\":\"https:\/\/lavoixdelanation.tg\/index.php\/2026\/04\/26\/togo-plusieurs-personnalites-militaires-decorees-par-faure-gnassingbe-a-lome\/#primaryimage\"},\"thumbnailUrl\":\"https:\/\/lavoixdelanation.tg\/wp-content\/uploads\/2026\/04\/Plusieurs-personnalites-militaires-decorees-par-Faure-Gnassingbe-a-Lome.jpeg\",\"keywords\":[\"d\u00e9coration des FAT\",\"Faure Essozimna GNASSINGBE\",\"Personnalit\u00e9s militaires\",\"Togo\"],\"articleSection\":[\"Politique\"],\"inLanguage\":\"fr-FR\",\"potentialAction\":[{\"@type\":\"CommentAction\",\"name\":\"Comment\",\"target\":[\"https:\/\/lavoixdelanation.tg\/index.php\/2026\/04\/26\/togo-plusieurs-personnalites-militaires-decorees-par-faure-gnassingbe-a-lome\/#respond\"]}]},{\"@type\":\"WebPage\",\"@id\":\"https:\/\/lavoixdelanation.tg\/index.php\/2026\/04\/26\/togo-plusieurs-personnalites-militaires-decorees-par-faure-gnassingbe-a-lome\/\",\"url\":\"https:\/\/lavoixdelanation.tg\/index.php\/2026\/04\/26\/togo-plusieurs-personnalites-militaires-decorees-par-faure-gnassingbe-a-lome\/\",\"name\":\"Togo\u00a0: Plusieurs personnalit\u00e9s militaires d\u00e9cor\u00e9es par Faure Gnassingb\u00e9 \u00e0 Lom\u00e9 - La Voix de la Nation\",\"isPartOf\":{\"@id\":\"https:\/\/lavoixdelanation.tg\/#website\"},\"primaryImageOfPage\":{\"@id\":\"https:\/\/lavoixdelanation.tg\/index.php\/2026\/04\/26\/togo-plusieurs-personnalites-militaires-decorees-par-faure-gnassingbe-a-lome\/#primaryimage\"},\"image\":{\"@id\":\"https:\/\/lavoixdelanation.tg\/index.php\/2026\/04\/26\/togo-plusieurs-personnalites-militaires-decorees-par-faure-gnassingbe-a-lome\/#primaryimage\"},\"thumbnailUrl\":\"https:\/\/lavoixdelanation.tg\/wp-content\/uploads\/2026\/04\/Plusieurs-personnalites-militaires-decorees-par-Faure-Gnassingbe-a-Lome.jpeg\",\"datePublished\":\"2026-04-26T13:39:53+00:00\",\"dateModified\":\"2026-04-26T13:39:54+00:00\",\"breadcrumb\":{\"@id\":\"https:\/\/lavoixdelanation.tg\/index.php\/2026\/04\/26\/togo-plusieurs-personnalites-militaires-decorees-par-faure-gnassingbe-a-lome\/#breadcrumb\"},\"inLanguage\":\"fr-FR\",\"potentialAction\":[{\"@type\":\"ReadAction\",\"target\":[\"https:\/\/lavoixdelanation.tg\/index.php\/2026\/04\/26\/togo-plusieurs-personnalites-militaires-decorees-par-faure-gnassingbe-a-lome\/\"]}]},{\"@type\":\"ImageObject\",\"inLanguage\":\"fr-FR\",\"@id\":\"https:\/\/lavoixdelanation.tg\/index.php\/2026\/04\/26\/togo-plusieurs-personnalites-militaires-decorees-par-faure-gnassingbe-a-lome\/#primaryimage\",\"url\":\"https:\/\/lavoixdelanation.tg\/wp-content\/uploads\/2026\/04\/Plusieurs-personnalites-militaires-decorees-par-Faure-Gnassingbe-a-Lome.jpeg\",\"contentUrl\":\"https:\/\/lavoixdelanation.tg\/wp-content\/uploads\/2026\/04\/Plusieurs-personnalites-militaires-decorees-par-Faure-Gnassingbe-a-Lome.jpeg\",\"width\":800,\"height\":561},{\"@type\":\"BreadcrumbList\",\"@id\":\"https:\/\/lavoixdelanation.tg\/index.php\/2026\/04\/26\/togo-plusieurs-personnalites-militaires-decorees-par-faure-gnassingbe-a-lome\/#breadcrumb\",\"itemListElement\":[{\"@type\":\"ListItem\",\"position\":1,\"name\":\"Accueil\",\"item\":\"https:\/\/lavoixdelanation.tg\/\"},{\"@type\":\"ListItem\",\"position\":2,\"name\":\"Togo\u00a0: Plusieurs personnalit\u00e9s militaires d\u00e9cor\u00e9es par Faure Gnassingb\u00e9 \u00e0 Lom\u00e9\"}]},{\"@type\":\"WebSite\",\"@id\":\"https:\/\/lavoixdelanation.tg\/#website\",\"url\":\"https:\/\/lavoixdelanation.tg\/\",\"name\":\"La Voix de la Nation\",\"description\":\"R\u00e9c\u00e9piss\u00e9 n\u00b00108\/HAAC\/01-2024\/pl\/P\",\"publisher\":{\"@id\":\"https:\/\/lavoixdelanation.tg\/#organization\"},\"alternateName\":\"VON\",\"potentialAction\":[{\"@type\":\"SearchAction\",\"target\":{\"@type\":\"EntryPoint\",\"urlTemplate\":\"https:\/\/lavoixdelanation.tg\/?s={search_term_string}\"},\"query-input\":{\"@type\":\"PropertyValueSpecification\",\"valueRequired\":true,\"valueName\":\"search_term_string\"}}],\"inLanguage\":\"fr-FR\"},{\"@type\":\"Organization\",\"@id\":\"https:\/\/lavoixdelanation.tg\/#organization\",\"name\":\"La Voix de la Nation\",\"url\":\"https:\/\/lavoixdelanation.tg\/\",\"logo\":{\"@type\":\"ImageObject\",\"inLanguage\":\"fr-FR\",\"@id\":\"https:\/\/lavoixdelanation.tg\/#\/schema\/logo\/image\/\",\"url\":\"https:\/\/lavoixdelanation.tg\/wp-content\/uploads\/2024\/12\/lavn-1.png\",\"contentUrl\":\"https:\/\/lavoixdelanation.tg\/wp-content\/uploads\/2024\/12\/lavn-1.png\",\"width\":1024,\"height\":464,\"caption\":\"La Voix de la Nation\"},\"image\":{\"@id\":\"https:\/\/lavoixdelanation.tg\/#\/schema\/logo\/image\/\"},\"sameAs\":[\"https:\/\/www.facebook.com\/lavoixdelanation\"]},{\"@type\":\"Person\",\"@id\":\"https:\/\/lavoixdelanation.tg\/#\/schema\/person\/6c489293aa38053673a9e554acb6e224\",\"name\":\"La voix de la nation\",\"image\":{\"@type\":\"ImageObject\",\"inLanguage\":\"fr-FR\",\"@id\":\"https:\/\/lavoixdelanation.tg\/#\/schema\/person\/image\/\",\"url\":\"https:\/\/secure.gravatar.com\/avatar\/8aa135d4bbc794494cecaa8d483f6d6cc1023624868deaff686baed5e727a5a1?s=96&d=mm&r=g\",\"contentUrl\":\"https:\/\/secure.gravatar.com\/avatar\/8aa135d4bbc794494cecaa8d483f6d6cc1023624868deaff686baed5e727a5a1?s=96&d=mm&r=g\",\"caption\":\"La voix de la nation\"},\"sameAs\":[\"https:\/\/lavoixdelanation.tg\"],\"url\":\"https:\/\/lavoixdelanation.tg\/index.php\/author\/lavn\/\"}]}<\/script>\n<!-- \/ Yoast SEO plugin. -->","yoast_head_json":{"title":"Togo\u00a0: Plusieurs personnalit\u00e9s militaires d\u00e9cor\u00e9es par Faure Gnassingb\u00e9 \u00e0 Lom\u00e9 - La Voix de la Nation","robots":{"index":"index","follow":"follow","max-snippet":"max-snippet:-1","max-image-preview":"max-image-preview:large","max-video-preview":"max-video-preview:-1"},"canonical":"https:\/\/lavoixdelanation.tg\/index.php\/2026\/04\/26\/togo-plusieurs-personnalites-militaires-decorees-par-faure-gnassingbe-a-lome\/","og_locale":"fr_FR","og_type":"article","og_title":"Togo\u00a0: Plusieurs personnalit\u00e9s militaires d\u00e9cor\u00e9es par Faure Gnassingb\u00e9 \u00e0 Lom\u00e9 - La Voix de la Nation","og_description":"En reconnaissance de leur contribution \u00e0 la consolidation de la paix, la s\u00e9curit\u00e9 et la stabilit\u00e9 au Togo, plusieurs personnalit\u00e9s militaires ont \u00e9t\u00e9 d\u00e9cor\u00e9es ce 25 avril 2026 au camp&hellip;","og_url":"https:\/\/lavoixdelanation.tg\/index.php\/2026\/04\/26\/togo-plusieurs-personnalites-militaires-decorees-par-faure-gnassingbe-a-lome\/","og_site_name":"La Voix de la Nation","article_publisher":"https:\/\/www.facebook.com\/lavoixdelanation","article_published_time":"2026-04-26T13:39:53+00:00","article_modified_time":"2026-04-26T13:39:54+00:00","og_image":[{"width":800,"height":561,"url":"https:\/\/lavoixdelanation.tg\/wp-content\/uploads\/2026\/04\/Plusieurs-personnalites-militaires-decorees-par-Faure-Gnassingbe-a-Lome.jpeg","type":"image\/jpeg"}],"author":"La voix de la nation","twitter_card":"summary_large_image","twitter_misc":{"\u00c9crit par":"La voix de la nation","Dur\u00e9e de lecture estim\u00e9e":"2 minutes"},"schema":{"@context":"https:\/\/schema.org","@graph":[{"@type":"Article","@id":"https:\/\/lavoixdelanation.tg\/index.php\/2026\/04\/26\/togo-plusieurs-personnalites-militaires-decorees-par-faure-gnassingbe-a-lome\/#article","isPartOf":{"@id":"https:\/\/lavoixdelanation.tg\/index.php\/2026\/04\/26\/togo-plusieurs-personnalites-militaires-decorees-par-faure-gnassingbe-a-lome\/"},"author":{"name":"La voix de la nation","@id":"https:\/\/lavoixdelanation.tg\/#\/schema\/person\/6c489293aa38053673a9e554acb6e224"},"headline":"Togo\u00a0: Plusieurs personnalit\u00e9s militaires d\u00e9cor\u00e9es par Faure Gnassingb\u00e9 \u00e0 Lom\u00e9","datePublished":"2026-04-26T13:39:53+00:00","dateModified":"2026-04-26T13:39:54+00:00","mainEntityOfPage":{"@id":"https:\/\/lavoixdelanation.tg\/index.php\/2026\/04\/26\/togo-plusieurs-personnalites-militaires-decorees-par-faure-gnassingbe-a-lome\/"},"wordCount":263,"commentCount":0,"publisher":{"@id":"https:\/\/lavoixdelanation.tg\/#organization"},"image":{"@id":"https:\/\/lavoixdelanation.tg\/index.php\/2026\/04\/26\/togo-plusieurs-personnalites-militaires-decorees-par-faure-gnassingbe-a-lome\/#primaryimage"},"thumbnailUrl":"https:\/\/lavoixdelanation.tg\/wp-content\/uploads\/2026\/04\/Plusieurs-personnalites-militaires-decorees-par-Faure-Gnassingbe-a-Lome.jpeg","keywords":["d\u00e9coration des FAT","Faure Essozimna GNASSINGBE","Personnalit\u00e9s militaires","Togo"],"articleSection":["Politique"],"inLanguage":"fr-FR","potentialAction":[{"@type":"CommentAction","name":"Comment","target":["https:\/\/lavoixdelanation.tg\/index.php\/2026\/04\/26\/togo-plusieurs-personnalites-militaires-decorees-par-faure-gnassingbe-a-lome\/#respond"]}]},{"@type":"WebPage","@id":"https:\/\/lavoixdelanation.tg\/index.php\/2026\/04\/26\/togo-plusieurs-personnalites-militaires-decorees-par-faure-gnassingbe-a-lome\/","url":"https:\/\/lavoixdelanation.tg\/index.php\/2026\/04\/26\/togo-plusieurs-personnalites-militaires-decorees-par-faure-gnassingbe-a-lome\/","name":"Togo\u00a0: Plusieurs personnalit\u00e9s militaires d\u00e9cor\u00e9es par Faure Gnassingb\u00e9 \u00e0 Lom\u00e9 - La Voix de la Nation","isPartOf":{"@id":"https:\/\/lavoixdelanation.tg\/#website"},"primaryImageOfPage":{"@id":"https:\/\/lavoixdelanation.tg\/index.php\/2026\/04\/26\/togo-plusieurs-personnalites-militaires-decorees-par-faure-gnassingbe-a-lome\/#primaryimage"},"image":{"@id":"https:\/\/lavoixdelanation.tg\/index.php\/2026\/04\/26\/togo-plusieurs-personnalites-militaires-decorees-par-faure-gnassingbe-a-lome\/#primaryimage"},"thumbnailUrl":"https:\/\/lavoixdelanation.tg\/wp-content\/uploads\/2026\/04\/Plusieurs-personnalites-militaires-decorees-par-Faure-Gnassingbe-a-Lome.jpeg","datePublished":"2026-04-26T13:39:53+00:00","dateModified":"2026-04-26T13:39:54+00:00","breadcrumb":{"@id":"https:\/\/lavoixdelanation.tg\/index.php\/2026\/04\/26\/togo-plusieurs-personnalites-militaires-decorees-par-faure-gnassingbe-a-lome\/#breadcrumb"},"inLanguage":"fr-FR","potentialAction":[{"@type":"ReadAction","target":["https:\/\/lavoixdelanation.tg\/index.php\/2026\/04\/26\/togo-plusieurs-personnalites-militaires-decorees-par-faure-gnassingbe-a-lome\/"]}]},{"@type":"ImageObject","inLanguage":"fr-FR","@id":"https:\/\/lavoixdelanation.tg\/index.php\/2026\/04\/26\/togo-plusieurs-personnalites-militaires-decorees-par-faure-gnassingbe-a-lome\/#primaryimage","url":"https:\/\/lavoixdelanation.tg\/wp-content\/uploads\/2026\/04\/Plusieurs-personnalites-militaires-decorees-par-Faure-Gnassingbe-a-Lome.jpeg","contentUrl":"https:\/\/lavoixdelanation.tg\/wp-content\/uploads\/2026\/04\/Plusieurs-personnalites-militaires-decorees-par-Faure-Gnassingbe-a-Lome.jpeg","width":800,"height":561},{"@type":"BreadcrumbList","@id":"https:\/\/lavoixdelanation.tg\/index.php\/2026\/04\/26\/togo-plusieurs-personnalites-militaires-decorees-par-faure-gnassingbe-a-lome\/#breadcrumb","itemListElement":[{"@type":"ListItem","position":1,"name":"Accueil","item":"https:\/\/lavoixdelanation.tg\/"},{"@type":"ListItem","position":2,"name":"Togo\u00a0: Plusieurs personnalit\u00e9s militaires d\u00e9cor\u00e9es par Faure Gnassingb\u00e9 \u00e0 Lom\u00e9"}]},{"@type":"WebSite","@id":"https:\/\/lavoixdelanation.tg\/#website","url":"https:\/\/lavoixdelanation.tg\/","name":"La Voix de la Nation","description":"R\u00e9c\u00e9piss\u00e9 n\u00b00108\/HAAC\/01-2024\/pl\/P","publisher":{"@id":"https:\/\/lavoixdelanation.tg\/#organization"},"alternateName":"VON","potentialAction":[{"@type":"SearchAction","target":{"@type":"EntryPoint","urlTemplate":"https:\/\/lavoixdelanation.tg\/?s={search_term_string}"},"query-input":{"@type":"PropertyValueSpecification","valueRequired":true,"valueName":"search_term_string"}}],"inLanguage":"fr-FR"},{"@type":"Organization","@id":"https:\/\/lavoixdelanation.tg\/#organization","name":"La Voix de la Nation","url":"https:\/\/lavoixdelanation.tg\/","logo":{"@type":"ImageObject","inLanguage":"fr-FR","@id":"https:\/\/lavoixdelanation.tg\/#\/schema\/logo\/image\/","url":"https:\/\/lavoixdelanation.tg\/wp-content\/uploads\/2024\/12\/lavn-1.png","contentUrl":"https:\/\/lavoixdelanation.tg\/wp-content\/uploads\/2024\/12\/lavn-1.png","width":1024,"height":464,"caption":"La Voix de la Nation"},"image":{"@id":"https:\/\/lavoixdelanation.tg\/#\/schema\/logo\/image\/"},"sameAs":["https:\/\/www.facebook.com\/lavoixdelanation"]},{"@type":"Person","@id":"https:\/\/lavoixdelanation.tg\/#\/schema\/person\/6c489293aa38053673a9e554acb6e224","name":"La voix de la nation","image":{"@type":"ImageObject","inLanguage":"fr-FR","@id":"https:\/\/lavoixdelanation.tg\/#\/schema\/person\/image\/","url":"https:\/\/secure.gravatar.com\/avatar\/8aa135d4bbc794494cecaa8d483f6d6cc1023624868deaff686baed5e727a5a1?s=96&d=mm&r=g","contentUrl":"https:\/\/secure.gravatar.com\/avatar\/8aa135d4bbc794494cecaa8d483f6d6cc1023624868deaff686baed5e727a5a1?s=96&d=mm&r=g","caption":"La voix de la nation"},"sameAs":["https:\/\/lavoixdelanation.tg"],"url":"https:\/\/lavoixdelanation.tg\/index.php\/author\/lavn\/"}]}},"_links":{"self":[{"href":"https:\/\/lavoixdelanation.tg\/index.php\/wp-json\/wp\/v2\/posts\/15937","targetHints":{"allow":["GET"]}}],"collection":[{"href":"https:\/\/lavoixdelanation.tg\/index.php\/wp-json\/wp\/v2\/posts"}],"about":[{"href":"https:\/\/lavoixdelanation.tg\/index.php\/wp-json\/wp\/v2\/types\/post"}],"author":[{"embeddable":true,"href":"https:\/\/lavoixdelanation.tg\/index.php\/wp-json\/wp\/v2\/users\/1"}],"replies":[{"embeddable":true,"href":"https:\/\/lavoixdelanation.tg\/index.php\/wp-json\/wp\/v2\/comments?post=15937"}],"version-history":[{"count":1,"href":"https:\/\/lavoixdelanation.tg\/index.php\/wp-json\/wp\/v2\/posts\/15937\/revisions"}],"predecessor-version":[{"id":15939,"href":"https:\/\/lavoixdelanation.tg\/index.php\/wp-json\/wp\/v2\/posts\/15937\/revisions\/15939"}],"wp:featuredmedia":[{"embeddable":true,"href":"https:\/\/lavoixdelanation.tg\/index.php\/wp-json\/wp\/v2\/media\/15938"}],"wp:attachment":[{"href":"https:\/\/lavoixdelanation.tg\/index.php\/wp-json\/wp\/v2\/media?parent=15937"}],"wp:term":[{"taxonomy":"category","embeddable":true,"href":"https:\/\/lavoixdelanation.tg\/index.php\/wp-json\/wp\/v2\/categories?post=15937"},{"taxonomy":"post_tag","embeddable":true,"href":"https:\/\/lavoixdelanation.tg\/index.php\/wp-json\/wp\/v2\/tags?post=15937"}],"curies":[{"name":"wp","href":"https:\/\/api.w.org\/{rel}","templated":true}]}}