{"id":15877,"date":"2026-04-12T09:34:46","date_gmt":"2026-04-12T07:34:46","guid":{"rendered":"https:\/\/lavoixdelanation.tg\/?p=15877"},"modified":"2026-04-20T09:41:19","modified_gmt":"2026-04-20T07:41:19","slug":"togo-fin-de-la-chasse-traditionnelle-2026-en-pays-kabye","status":"publish","type":"post","link":"https:\/\/lavoixdelanation.tg\/index.php\/2026\/04\/12\/togo-fin-de-la-chasse-traditionnelle-2026-en-pays-kabye\/","title":{"rendered":"Togo\u00a0: Fin de la chasse traditionnelle 2026 en pays Kaby\u00e8"},"content":{"rendered":"\n<p>La chasse traditionnelle en pays Kaby\u00e8 pour le compte de la saison 2025-2026 a pris fin ce samedi 11 avril avec une c\u00e9r\u00e9monie organis\u00e9e au domicile du p\u00e8re de la nation \u00e0 Pya, en pr\u00e9sence du Pr\u00e9sident du Conseil Faure Gnassingb\u00e9.<\/p>\n\n\n\n<p>Dans une ambiance festive faite de chants et de danses, la cl\u00f4ture a \u00e9t\u00e9 marqu\u00e9e par l\u2019exhibition desgibiers issus de la derni\u00e8re chasse notamment des rats, des perdrix, des antilopes entre autres par les chasseurs, en pr\u00e9sence des pr\u00eatres traditionnels, des autorit\u00e9s administratives et locales, de m\u00eame que des parents et amis.<\/p>\n\n\n\n<p>Cette c\u00e9r\u00e9monie est l\u2019expression de la reconnaissance aux anc\u00eatres pour une saison bien r\u00e9ussie, occasion \u00e9galement de solliciter leur b\u00e9n\u00e9diction pour la saison agricole qui s\u2019annonce.<\/p>\n\n\n\n<p>En pays Kaby\u00e8, la fin de la p\u00e9riode de chasse est en effet synonyme du d\u00e9but des activit\u00e9s champ\u00eatres pour la nouvelle saison agricole. C\u2019est \u00e9galement le moment de louer les anc\u00eatres et leur dire de se pr\u00e9parer pour que la saison soit bonne.<\/p>\n","protected":false},"excerpt":{"rendered":"<p>La chasse traditionnelle en pays Kaby\u00e8 pour le compte de la saison 2025-2026 a pris fin ce samedi 11 avril avec une c\u00e9r\u00e9monie organis\u00e9e au domicile du p\u00e8re de la&hellip; <\/p>\n","protected":false},"author":1,"featured_media":15878,"comment_status":"open","ping_status":"closed","sticky":false,"template":"","format":"standard","meta":{"footnotes":""},"categories":[29],"tags":[463,462,39],"class_list":["post-15877","post","type-post","status-publish","format-standard","has-post-thumbnail","hentry","category-societe","tag-chasse-traditionnelle","tag-pays-kabye","tag-togo"],"yoast_head":"<!-- This site is optimized with the Yoast SEO plugin v26.4 - https:\/\/yoast.com\/wordpress\/plugins\/seo\/ -->\n<title>Togo\u00a0: Fin de la chasse traditionnelle 2026 en pays Kaby\u00e8 - La Voix de la Nation<\/title>\n<meta name=\"robots\" content=\"index, follow, max-snippet:-1, max-image-preview:large, max-video-preview:-1\" \/>\n<link rel=\"canonical\" href=\"https:\/\/lavoixdelanation.tg\/index.php\/2026\/04\/12\/togo-fin-de-la-chasse-traditionnelle-2026-en-pays-kabye\/\" \/>\n<meta property=\"og:locale\" content=\"fr_FR\" \/>\n<meta property=\"og:type\" content=\"article\" \/>\n<meta property=\"og:title\" content=\"Togo\u00a0: Fin de la chasse traditionnelle 2026 en pays Kaby\u00e8 - La Voix de la Nation\" \/>\n<meta property=\"og:description\" content=\"La chasse traditionnelle en pays Kaby\u00e8 pour le compte de la saison 2025-2026 a pris fin ce samedi 11 avril avec une c\u00e9r\u00e9monie organis\u00e9e au domicile du p\u00e8re de la&hellip;\" \/>\n<meta property=\"og:url\" content=\"https:\/\/lavoixdelanation.tg\/index.php\/2026\/04\/12\/togo-fin-de-la-chasse-traditionnelle-2026-en-pays-kabye\/\" \/>\n<meta property=\"og:site_name\" content=\"La Voix de la Nation\" \/>\n<meta property=\"article:publisher\" content=\"https:\/\/www.facebook.com\/lavoixdelanation\" \/>\n<meta property=\"article:published_time\" content=\"2026-04-12T07:34:46+00:00\" \/>\n<meta property=\"article:modified_time\" content=\"2026-04-20T07:41:19+00:00\" \/>\n<meta property=\"og:image\" content=\"https:\/\/lavoixdelanation.tg\/wp-content\/uploads\/2026\/04\/Fin-de-la-chasse-traditionnelle-2026-en-pays-Kabye-au-Togo.png\" \/>\n\t<meta property=\"og:image:width\" content=\"678\" \/>\n\t<meta property=\"og:image:height\" content=\"434\" \/>\n\t<meta property=\"og:image:type\" content=\"image\/png\" \/>\n<meta name=\"author\" content=\"La voix de la nation\" \/>\n<meta name=\"twitter:card\" content=\"summary_large_image\" \/>\n<meta name=\"twitter:label1\" content=\"\u00c9crit par\" \/>\n\t<meta name=\"twitter:data1\" content=\"La voix de la nation\" \/>\n\t<meta name=\"twitter:label2\" content=\"Dur\u00e9e de lecture estim\u00e9e\" \/>\n\t<meta name=\"twitter:data2\" content=\"2 minutes\" \/>\n<script type=\"application\/ld+json\" class=\"yoast-schema-graph\">{\"@context\":\"https:\/\/schema.org\",\"@graph\":[{\"@type\":\"Article\",\"@id\":\"https:\/\/lavoixdelanation.tg\/index.php\/2026\/04\/12\/togo-fin-de-la-chasse-traditionnelle-2026-en-pays-kabye\/#article\",\"isPartOf\":{\"@id\":\"https:\/\/lavoixdelanation.tg\/index.php\/2026\/04\/12\/togo-fin-de-la-chasse-traditionnelle-2026-en-pays-kabye\/\"},\"author\":{\"name\":\"La voix de la nation\",\"@id\":\"https:\/\/lavoixdelanation.tg\/#\/schema\/person\/6c489293aa38053673a9e554acb6e224\"},\"headline\":\"Togo\u00a0: Fin de la chasse traditionnelle 2026 en pays Kaby\u00e8\",\"datePublished\":\"2026-04-12T07:34:46+00:00\",\"dateModified\":\"2026-04-20T07:41:19+00:00\",\"mainEntityOfPage\":{\"@id\":\"https:\/\/lavoixdelanation.tg\/index.php\/2026\/04\/12\/togo-fin-de-la-chasse-traditionnelle-2026-en-pays-kabye\/\"},\"wordCount\":199,\"commentCount\":0,\"publisher\":{\"@id\":\"https:\/\/lavoixdelanation.tg\/#organization\"},\"image\":{\"@id\":\"https:\/\/lavoixdelanation.tg\/index.php\/2026\/04\/12\/togo-fin-de-la-chasse-traditionnelle-2026-en-pays-kabye\/#primaryimage\"},\"thumbnailUrl\":\"https:\/\/lavoixdelanation.tg\/wp-content\/uploads\/2026\/04\/Fin-de-la-chasse-traditionnelle-2026-en-pays-Kabye-au-Togo.png\",\"keywords\":[\"Chasse traditionnelle\",\"Pays kaby\u00e8\",\"Togo\"],\"articleSection\":[\"Soci\u00e9t\u00e9\"],\"inLanguage\":\"fr-FR\",\"potentialAction\":[{\"@type\":\"CommentAction\",\"name\":\"Comment\",\"target\":[\"https:\/\/lavoixdelanation.tg\/index.php\/2026\/04\/12\/togo-fin-de-la-chasse-traditionnelle-2026-en-pays-kabye\/#respond\"]}]},{\"@type\":\"WebPage\",\"@id\":\"https:\/\/lavoixdelanation.tg\/index.php\/2026\/04\/12\/togo-fin-de-la-chasse-traditionnelle-2026-en-pays-kabye\/\",\"url\":\"https:\/\/lavoixdelanation.tg\/index.php\/2026\/04\/12\/togo-fin-de-la-chasse-traditionnelle-2026-en-pays-kabye\/\",\"name\":\"Togo\u00a0: Fin de la chasse traditionnelle 2026 en pays Kaby\u00e8 - La Voix de la Nation\",\"isPartOf\":{\"@id\":\"https:\/\/lavoixdelanation.tg\/#website\"},\"primaryImageOfPage\":{\"@id\":\"https:\/\/lavoixdelanation.tg\/index.php\/2026\/04\/12\/togo-fin-de-la-chasse-traditionnelle-2026-en-pays-kabye\/#primaryimage\"},\"image\":{\"@id\":\"https:\/\/lavoixdelanation.tg\/index.php\/2026\/04\/12\/togo-fin-de-la-chasse-traditionnelle-2026-en-pays-kabye\/#primaryimage\"},\"thumbnailUrl\":\"https:\/\/lavoixdelanation.tg\/wp-content\/uploads\/2026\/04\/Fin-de-la-chasse-traditionnelle-2026-en-pays-Kabye-au-Togo.png\",\"datePublished\":\"2026-04-12T07:34:46+00:00\",\"dateModified\":\"2026-04-20T07:41:19+00:00\",\"breadcrumb\":{\"@id\":\"https:\/\/lavoixdelanation.tg\/index.php\/2026\/04\/12\/togo-fin-de-la-chasse-traditionnelle-2026-en-pays-kabye\/#breadcrumb\"},\"inLanguage\":\"fr-FR\",\"potentialAction\":[{\"@type\":\"ReadAction\",\"target\":[\"https:\/\/lavoixdelanation.tg\/index.php\/2026\/04\/12\/togo-fin-de-la-chasse-traditionnelle-2026-en-pays-kabye\/\"]}]},{\"@type\":\"ImageObject\",\"inLanguage\":\"fr-FR\",\"@id\":\"https:\/\/lavoixdelanation.tg\/index.php\/2026\/04\/12\/togo-fin-de-la-chasse-traditionnelle-2026-en-pays-kabye\/#primaryimage\",\"url\":\"https:\/\/lavoixdelanation.tg\/wp-content\/uploads\/2026\/04\/Fin-de-la-chasse-traditionnelle-2026-en-pays-Kabye-au-Togo.png\",\"contentUrl\":\"https:\/\/lavoixdelanation.tg\/wp-content\/uploads\/2026\/04\/Fin-de-la-chasse-traditionnelle-2026-en-pays-Kabye-au-Togo.png\",\"width\":678,\"height\":434},{\"@type\":\"BreadcrumbList\",\"@id\":\"https:\/\/lavoixdelanation.tg\/index.php\/2026\/04\/12\/togo-fin-de-la-chasse-traditionnelle-2026-en-pays-kabye\/#breadcrumb\",\"itemListElement\":[{\"@type\":\"ListItem\",\"position\":1,\"name\":\"Accueil\",\"item\":\"https:\/\/lavoixdelanation.tg\/\"},{\"@type\":\"ListItem\",\"position\":2,\"name\":\"Togo\u00a0: Fin de la chasse traditionnelle 2026 en pays Kaby\u00e8\"}]},{\"@type\":\"WebSite\",\"@id\":\"https:\/\/lavoixdelanation.tg\/#website\",\"url\":\"https:\/\/lavoixdelanation.tg\/\",\"name\":\"La Voix de la Nation\",\"description\":\"R\u00e9c\u00e9piss\u00e9 n\u00b00108\/HAAC\/01-2024\/pl\/P\",\"publisher\":{\"@id\":\"https:\/\/lavoixdelanation.tg\/#organization\"},\"alternateName\":\"VON\",\"potentialAction\":[{\"@type\":\"SearchAction\",\"target\":{\"@type\":\"EntryPoint\",\"urlTemplate\":\"https:\/\/lavoixdelanation.tg\/?s={search_term_string}\"},\"query-input\":{\"@type\":\"PropertyValueSpecification\",\"valueRequired\":true,\"valueName\":\"search_term_string\"}}],\"inLanguage\":\"fr-FR\"},{\"@type\":\"Organization\",\"@id\":\"https:\/\/lavoixdelanation.tg\/#organization\",\"name\":\"La Voix de la Nation\",\"url\":\"https:\/\/lavoixdelanation.tg\/\",\"logo\":{\"@type\":\"ImageObject\",\"inLanguage\":\"fr-FR\",\"@id\":\"https:\/\/lavoixdelanation.tg\/#\/schema\/logo\/image\/\",\"url\":\"https:\/\/lavoixdelanation.tg\/wp-content\/uploads\/2024\/12\/lavn-1.png\",\"contentUrl\":\"https:\/\/lavoixdelanation.tg\/wp-content\/uploads\/2024\/12\/lavn-1.png\",\"width\":1024,\"height\":464,\"caption\":\"La Voix de la Nation\"},\"image\":{\"@id\":\"https:\/\/lavoixdelanation.tg\/#\/schema\/logo\/image\/\"},\"sameAs\":[\"https:\/\/www.facebook.com\/lavoixdelanation\"]},{\"@type\":\"Person\",\"@id\":\"https:\/\/lavoixdelanation.tg\/#\/schema\/person\/6c489293aa38053673a9e554acb6e224\",\"name\":\"La voix de la nation\",\"image\":{\"@type\":\"ImageObject\",\"inLanguage\":\"fr-FR\",\"@id\":\"https:\/\/lavoixdelanation.tg\/#\/schema\/person\/image\/\",\"url\":\"https:\/\/secure.gravatar.com\/avatar\/8aa135d4bbc794494cecaa8d483f6d6cc1023624868deaff686baed5e727a5a1?s=96&d=mm&r=g\",\"contentUrl\":\"https:\/\/secure.gravatar.com\/avatar\/8aa135d4bbc794494cecaa8d483f6d6cc1023624868deaff686baed5e727a5a1?s=96&d=mm&r=g\",\"caption\":\"La voix de la nation\"},\"sameAs\":[\"https:\/\/lavoixdelanation.tg\"],\"url\":\"https:\/\/lavoixdelanation.tg\/index.php\/author\/lavn\/\"}]}<\/script>\n<!-- \/ Yoast SEO plugin. -->","yoast_head_json":{"title":"Togo\u00a0: Fin de la chasse traditionnelle 2026 en pays Kaby\u00e8 - La Voix de la Nation","robots":{"index":"index","follow":"follow","max-snippet":"max-snippet:-1","max-image-preview":"max-image-preview:large","max-video-preview":"max-video-preview:-1"},"canonical":"https:\/\/lavoixdelanation.tg\/index.php\/2026\/04\/12\/togo-fin-de-la-chasse-traditionnelle-2026-en-pays-kabye\/","og_locale":"fr_FR","og_type":"article","og_title":"Togo\u00a0: Fin de la chasse traditionnelle 2026 en pays Kaby\u00e8 - La Voix de la Nation","og_description":"La chasse traditionnelle en pays Kaby\u00e8 pour le compte de la saison 2025-2026 a pris fin ce samedi 11 avril avec une c\u00e9r\u00e9monie organis\u00e9e au domicile du p\u00e8re de la&hellip;","og_url":"https:\/\/lavoixdelanation.tg\/index.php\/2026\/04\/12\/togo-fin-de-la-chasse-traditionnelle-2026-en-pays-kabye\/","og_site_name":"La Voix de la Nation","article_publisher":"https:\/\/www.facebook.com\/lavoixdelanation","article_published_time":"2026-04-12T07:34:46+00:00","article_modified_time":"2026-04-20T07:41:19+00:00","og_image":[{"width":678,"height":434,"url":"https:\/\/lavoixdelanation.tg\/wp-content\/uploads\/2026\/04\/Fin-de-la-chasse-traditionnelle-2026-en-pays-Kabye-au-Togo.png","type":"image\/png"}],"author":"La voix de la nation","twitter_card":"summary_large_image","twitter_misc":{"\u00c9crit par":"La voix de la nation","Dur\u00e9e de lecture estim\u00e9e":"2 minutes"},"schema":{"@context":"https:\/\/schema.org","@graph":[{"@type":"Article","@id":"https:\/\/lavoixdelanation.tg\/index.php\/2026\/04\/12\/togo-fin-de-la-chasse-traditionnelle-2026-en-pays-kabye\/#article","isPartOf":{"@id":"https:\/\/lavoixdelanation.tg\/index.php\/2026\/04\/12\/togo-fin-de-la-chasse-traditionnelle-2026-en-pays-kabye\/"},"author":{"name":"La voix de la nation","@id":"https:\/\/lavoixdelanation.tg\/#\/schema\/person\/6c489293aa38053673a9e554acb6e224"},"headline":"Togo\u00a0: Fin de la chasse traditionnelle 2026 en pays Kaby\u00e8","datePublished":"2026-04-12T07:34:46+00:00","dateModified":"2026-04-20T07:41:19+00:00","mainEntityOfPage":{"@id":"https:\/\/lavoixdelanation.tg\/index.php\/2026\/04\/12\/togo-fin-de-la-chasse-traditionnelle-2026-en-pays-kabye\/"},"wordCount":199,"commentCount":0,"publisher":{"@id":"https:\/\/lavoixdelanation.tg\/#organization"},"image":{"@id":"https:\/\/lavoixdelanation.tg\/index.php\/2026\/04\/12\/togo-fin-de-la-chasse-traditionnelle-2026-en-pays-kabye\/#primaryimage"},"thumbnailUrl":"https:\/\/lavoixdelanation.tg\/wp-content\/uploads\/2026\/04\/Fin-de-la-chasse-traditionnelle-2026-en-pays-Kabye-au-Togo.png","keywords":["Chasse traditionnelle","Pays kaby\u00e8","Togo"],"articleSection":["Soci\u00e9t\u00e9"],"inLanguage":"fr-FR","potentialAction":[{"@type":"CommentAction","name":"Comment","target":["https:\/\/lavoixdelanation.tg\/index.php\/2026\/04\/12\/togo-fin-de-la-chasse-traditionnelle-2026-en-pays-kabye\/#respond"]}]},{"@type":"WebPage","@id":"https:\/\/lavoixdelanation.tg\/index.php\/2026\/04\/12\/togo-fin-de-la-chasse-traditionnelle-2026-en-pays-kabye\/","url":"https:\/\/lavoixdelanation.tg\/index.php\/2026\/04\/12\/togo-fin-de-la-chasse-traditionnelle-2026-en-pays-kabye\/","name":"Togo\u00a0: Fin de la chasse traditionnelle 2026 en pays Kaby\u00e8 - La Voix de la Nation","isPartOf":{"@id":"https:\/\/lavoixdelanation.tg\/#website"},"primaryImageOfPage":{"@id":"https:\/\/lavoixdelanation.tg\/index.php\/2026\/04\/12\/togo-fin-de-la-chasse-traditionnelle-2026-en-pays-kabye\/#primaryimage"},"image":{"@id":"https:\/\/lavoixdelanation.tg\/index.php\/2026\/04\/12\/togo-fin-de-la-chasse-traditionnelle-2026-en-pays-kabye\/#primaryimage"},"thumbnailUrl":"https:\/\/lavoixdelanation.tg\/wp-content\/uploads\/2026\/04\/Fin-de-la-chasse-traditionnelle-2026-en-pays-Kabye-au-Togo.png","datePublished":"2026-04-12T07:34:46+00:00","dateModified":"2026-04-20T07:41:19+00:00","breadcrumb":{"@id":"https:\/\/lavoixdelanation.tg\/index.php\/2026\/04\/12\/togo-fin-de-la-chasse-traditionnelle-2026-en-pays-kabye\/#breadcrumb"},"inLanguage":"fr-FR","potentialAction":[{"@type":"ReadAction","target":["https:\/\/lavoixdelanation.tg\/index.php\/2026\/04\/12\/togo-fin-de-la-chasse-traditionnelle-2026-en-pays-kabye\/"]}]},{"@type":"ImageObject","inLanguage":"fr-FR","@id":"https:\/\/lavoixdelanation.tg\/index.php\/2026\/04\/12\/togo-fin-de-la-chasse-traditionnelle-2026-en-pays-kabye\/#primaryimage","url":"https:\/\/lavoixdelanation.tg\/wp-content\/uploads\/2026\/04\/Fin-de-la-chasse-traditionnelle-2026-en-pays-Kabye-au-Togo.png","contentUrl":"https:\/\/lavoixdelanation.tg\/wp-content\/uploads\/2026\/04\/Fin-de-la-chasse-traditionnelle-2026-en-pays-Kabye-au-Togo.png","width":678,"height":434},{"@type":"BreadcrumbList","@id":"https:\/\/lavoixdelanation.tg\/index.php\/2026\/04\/12\/togo-fin-de-la-chasse-traditionnelle-2026-en-pays-kabye\/#breadcrumb","itemListElement":[{"@type":"ListItem","position":1,"name":"Accueil","item":"https:\/\/lavoixdelanation.tg\/"},{"@type":"ListItem","position":2,"name":"Togo\u00a0: Fin de la chasse traditionnelle 2026 en pays Kaby\u00e8"}]},{"@type":"WebSite","@id":"https:\/\/lavoixdelanation.tg\/#website","url":"https:\/\/lavoixdelanation.tg\/","name":"La Voix de la Nation","description":"R\u00e9c\u00e9piss\u00e9 n\u00b00108\/HAAC\/01-2024\/pl\/P","publisher":{"@id":"https:\/\/lavoixdelanation.tg\/#organization"},"alternateName":"VON","potentialAction":[{"@type":"SearchAction","target":{"@type":"EntryPoint","urlTemplate":"https:\/\/lavoixdelanation.tg\/?s={search_term_string}"},"query-input":{"@type":"PropertyValueSpecification","valueRequired":true,"valueName":"search_term_string"}}],"inLanguage":"fr-FR"},{"@type":"Organization","@id":"https:\/\/lavoixdelanation.tg\/#organization","name":"La Voix de la Nation","url":"https:\/\/lavoixdelanation.tg\/","logo":{"@type":"ImageObject","inLanguage":"fr-FR","@id":"https:\/\/lavoixdelanation.tg\/#\/schema\/logo\/image\/","url":"https:\/\/lavoixdelanation.tg\/wp-content\/uploads\/2024\/12\/lavn-1.png","contentUrl":"https:\/\/lavoixdelanation.tg\/wp-content\/uploads\/2024\/12\/lavn-1.png","width":1024,"height":464,"caption":"La Voix de la Nation"},"image":{"@id":"https:\/\/lavoixdelanation.tg\/#\/schema\/logo\/image\/"},"sameAs":["https:\/\/www.facebook.com\/lavoixdelanation"]},{"@type":"Person","@id":"https:\/\/lavoixdelanation.tg\/#\/schema\/person\/6c489293aa38053673a9e554acb6e224","name":"La voix de la nation","image":{"@type":"ImageObject","inLanguage":"fr-FR","@id":"https:\/\/lavoixdelanation.tg\/#\/schema\/person\/image\/","url":"https:\/\/secure.gravatar.com\/avatar\/8aa135d4bbc794494cecaa8d483f6d6cc1023624868deaff686baed5e727a5a1?s=96&d=mm&r=g","contentUrl":"https:\/\/secure.gravatar.com\/avatar\/8aa135d4bbc794494cecaa8d483f6d6cc1023624868deaff686baed5e727a5a1?s=96&d=mm&r=g","caption":"La voix de la nation"},"sameAs":["https:\/\/lavoixdelanation.tg"],"url":"https:\/\/lavoixdelanation.tg\/index.php\/author\/lavn\/"}]}},"_links":{"self":[{"href":"https:\/\/lavoixdelanation.tg\/index.php\/wp-json\/wp\/v2\/posts\/15877","targetHints":{"allow":["GET"]}}],"collection":[{"href":"https:\/\/lavoixdelanation.tg\/index.php\/wp-json\/wp\/v2\/posts"}],"about":[{"href":"https:\/\/lavoixdelanation.tg\/index.php\/wp-json\/wp\/v2\/types\/post"}],"author":[{"embeddable":true,"href":"https:\/\/lavoixdelanation.tg\/index.php\/wp-json\/wp\/v2\/users\/1"}],"replies":[{"embeddable":true,"href":"https:\/\/lavoixdelanation.tg\/index.php\/wp-json\/wp\/v2\/comments?post=15877"}],"version-history":[{"count":1,"href":"https:\/\/lavoixdelanation.tg\/index.php\/wp-json\/wp\/v2\/posts\/15877\/revisions"}],"predecessor-version":[{"id":15879,"href":"https:\/\/lavoixdelanation.tg\/index.php\/wp-json\/wp\/v2\/posts\/15877\/revisions\/15879"}],"wp:featuredmedia":[{"embeddable":true,"href":"https:\/\/lavoixdelanation.tg\/index.php\/wp-json\/wp\/v2\/media\/15878"}],"wp:attachment":[{"href":"https:\/\/lavoixdelanation.tg\/index.php\/wp-json\/wp\/v2\/media?parent=15877"}],"wp:term":[{"taxonomy":"category","embeddable":true,"href":"https:\/\/lavoixdelanation.tg\/index.php\/wp-json\/wp\/v2\/categories?post=15877"},{"taxonomy":"post_tag","embeddable":true,"href":"https:\/\/lavoixdelanation.tg\/index.php\/wp-json\/wp\/v2\/tags?post=15877"}],"curies":[{"name":"wp","href":"https:\/\/api.w.org\/{rel}","templated":true}]}}