{"id":15820,"date":"2026-04-09T17:00:00","date_gmt":"2026-04-09T15:00:00","guid":{"rendered":"https:\/\/lavoixdelanation.tg\/?p=15820"},"modified":"2026-04-09T19:04:34","modified_gmt":"2026-04-09T17:04:34","slug":"patrick-achi-salue-lexcellente-qualite-des-liens-de-cooperation-entre-le-togo-et-la-cote-divoire","status":"publish","type":"post","link":"https:\/\/lavoixdelanation.tg\/index.php\/2026\/04\/09\/patrick-achi-salue-lexcellente-qualite-des-liens-de-cooperation-entre-le-togo-et-la-cote-divoire\/","title":{"rendered":"Patrick ACHI salue l\u2019excellente qualit\u00e9 des liens de coop\u00e9ration entre le Togo et la C\u00f4te d\u2019Ivoire"},"content":{"rendered":"\n<p><strong>En s\u00e9jour \u00e0 Lom\u00e9 dans le cadre de l\u2019ouverture solennelle de la premi\u00e8re session ordinaire de l\u2019Assembl\u00e9e nationale du Togo, le Pr\u00e9sident de l\u2019Assembl\u00e9e nationale de la C\u00f4te d\u2019Ivoire, Patrick Achi a \u00e9t\u00e9 re\u00e7u en audience ce mercredi 8 avril 2026 \u00e0 Lom\u00e9 par le Pr\u00e9sident du Conseil Faure Gnassingb\u00e9.<\/strong><\/p>\n\n\n\n<p>Patrick Achi a transmis au Pr\u00e9sident du Conseil, les salutations fraternelles du Pr\u00e9sident ivoirien Alassane Ouattara. Il a par ailleurs salu\u00e9 l\u2019excellence des relations de fraternit\u00e9 et de coop\u00e9ration qui unissent les deux pays.<\/p>\n\n\n\n<p>&nbsp;\u00ab&nbsp;Je suis \u00e0 Lom\u00e9 \u00e0 la faveur de la c\u00e9r\u00e9monie d\u2019ouverture solennelle de la premi\u00e8re session parlementaire. J\u2019ai b\u00e9n\u00e9fici\u00e9 d\u2019une audience aupr\u00e8s de Son Excellence Faure Essozimna Gnassingb\u00e9, Pr\u00e9sident du Conseil, \u00e0 qui j\u2019ai transmis les salutations fraternelles du Pr\u00e9sident Alassane Ouattara&nbsp;\u00bb, a en effet indiqu\u00e9 l\u2019Honorable Patrick Achi.<\/p>\n\n\n\n<p>Pour Lom\u00e9, cette audience illustre la qualit\u00e9 des liens historiques entre le Togo et la C\u00f4te d\u2019Ivoire, ainsi que l\u2019engagement commun des deux pays au service de la paix, de la stabilit\u00e9 et de la prosp\u00e9rit\u00e9 partag\u00e9e dans la sous-r\u00e9gion.<\/p>\n\n\n\n<p>Pour rappel, le Togo et la C\u00f4te d\u2019Ivoire appartiennent \u00e0 des organisations \u00e9conomiques r\u00e9gionales et continentales \u00e0 travers lesquelles ils \u0153uvrent dans une dynamique unitaire pour l\u2019int\u00e9gration, l\u2019entente entre les peuples ainsi que la lutte contre l\u2019extr\u00e9misme violent et le terrorisme.<\/p>\n\n\n\n<p><strong>David S.<\/strong><\/p>\n","protected":false},"excerpt":{"rendered":"<p>En s\u00e9jour \u00e0 Lom\u00e9 dans le cadre de l\u2019ouverture solennelle de la premi\u00e8re session ordinaire de l\u2019Assembl\u00e9e nationale du Togo, le Pr\u00e9sident de l\u2019Assembl\u00e9e nationale de la C\u00f4te d\u2019Ivoire, Patrick&hellip; <\/p>\n","protected":false},"author":1,"featured_media":15821,"comment_status":"open","ping_status":"closed","sticky":false,"template":"","format":"standard","meta":{"footnotes":""},"categories":[12],"tags":[45,1386,39],"class_list":["post-15820","post","type-post","status-publish","format-standard","has-post-thumbnail","hentry","category-diplomatie","tag-faure-gnassingbe","tag-patrick-achi","tag-togo"],"yoast_head":"<!-- This site is optimized with the Yoast SEO plugin v26.4 - https:\/\/yoast.com\/wordpress\/plugins\/seo\/ -->\n<title>Patrick ACHI salue l\u2019excellente qualit\u00e9 des liens de coop\u00e9ration entre le Togo et la C\u00f4te d\u2019Ivoire - La Voix de la Nation<\/title>\n<meta name=\"robots\" content=\"index, follow, max-snippet:-1, max-image-preview:large, max-video-preview:-1\" \/>\n<link rel=\"canonical\" href=\"https:\/\/lavoixdelanation.tg\/index.php\/2026\/04\/09\/patrick-achi-salue-lexcellente-qualite-des-liens-de-cooperation-entre-le-togo-et-la-cote-divoire\/\" \/>\n<meta property=\"og:locale\" content=\"fr_FR\" \/>\n<meta property=\"og:type\" content=\"article\" \/>\n<meta property=\"og:title\" content=\"Patrick ACHI salue l\u2019excellente qualit\u00e9 des liens de coop\u00e9ration entre le Togo et la C\u00f4te d\u2019Ivoire - La Voix de la Nation\" \/>\n<meta property=\"og:description\" content=\"En s\u00e9jour \u00e0 Lom\u00e9 dans le cadre de l\u2019ouverture solennelle de la premi\u00e8re session ordinaire de l\u2019Assembl\u00e9e nationale du Togo, le Pr\u00e9sident de l\u2019Assembl\u00e9e nationale de la C\u00f4te d\u2019Ivoire, Patrick&hellip;\" \/>\n<meta property=\"og:url\" content=\"https:\/\/lavoixdelanation.tg\/index.php\/2026\/04\/09\/patrick-achi-salue-lexcellente-qualite-des-liens-de-cooperation-entre-le-togo-et-la-cote-divoire\/\" \/>\n<meta property=\"og:site_name\" content=\"La Voix de la Nation\" \/>\n<meta property=\"article:publisher\" content=\"https:\/\/www.facebook.com\/lavoixdelanation\" \/>\n<meta property=\"article:published_time\" content=\"2026-04-09T15:00:00+00:00\" \/>\n<meta property=\"article:modified_time\" content=\"2026-04-09T17:04:34+00:00\" \/>\n<meta property=\"og:image\" content=\"https:\/\/lavoixdelanation.tg\/wp-content\/uploads\/2026\/04\/Patrick-Achi-recu-en-audience-par-Faure-Gnassingbe-a-Lome.jpg\" \/>\n\t<meta property=\"og:image:width\" content=\"700\" \/>\n\t<meta property=\"og:image:height\" content=\"494\" \/>\n\t<meta property=\"og:image:type\" content=\"image\/jpeg\" \/>\n<meta name=\"author\" content=\"La voix de la nation\" \/>\n<meta name=\"twitter:card\" content=\"summary_large_image\" \/>\n<meta name=\"twitter:label1\" content=\"\u00c9crit par\" \/>\n\t<meta name=\"twitter:data1\" content=\"La voix de la nation\" \/>\n\t<meta name=\"twitter:label2\" content=\"Dur\u00e9e de lecture estim\u00e9e\" \/>\n\t<meta name=\"twitter:data2\" content=\"2 minutes\" \/>\n<script type=\"application\/ld+json\" class=\"yoast-schema-graph\">{\"@context\":\"https:\/\/schema.org\",\"@graph\":[{\"@type\":\"Article\",\"@id\":\"https:\/\/lavoixdelanation.tg\/index.php\/2026\/04\/09\/patrick-achi-salue-lexcellente-qualite-des-liens-de-cooperation-entre-le-togo-et-la-cote-divoire\/#article\",\"isPartOf\":{\"@id\":\"https:\/\/lavoixdelanation.tg\/index.php\/2026\/04\/09\/patrick-achi-salue-lexcellente-qualite-des-liens-de-cooperation-entre-le-togo-et-la-cote-divoire\/\"},\"author\":{\"name\":\"La voix de la nation\",\"@id\":\"https:\/\/lavoixdelanation.tg\/#\/schema\/person\/6c489293aa38053673a9e554acb6e224\"},\"headline\":\"Patrick ACHI salue l\u2019excellente qualit\u00e9 des liens de coop\u00e9ration entre le Togo et la C\u00f4te d\u2019Ivoire\",\"datePublished\":\"2026-04-09T15:00:00+00:00\",\"dateModified\":\"2026-04-09T17:04:34+00:00\",\"mainEntityOfPage\":{\"@id\":\"https:\/\/lavoixdelanation.tg\/index.php\/2026\/04\/09\/patrick-achi-salue-lexcellente-qualite-des-liens-de-cooperation-entre-le-togo-et-la-cote-divoire\/\"},\"wordCount\":273,\"commentCount\":0,\"publisher\":{\"@id\":\"https:\/\/lavoixdelanation.tg\/#organization\"},\"image\":{\"@id\":\"https:\/\/lavoixdelanation.tg\/index.php\/2026\/04\/09\/patrick-achi-salue-lexcellente-qualite-des-liens-de-cooperation-entre-le-togo-et-la-cote-divoire\/#primaryimage\"},\"thumbnailUrl\":\"https:\/\/lavoixdelanation.tg\/wp-content\/uploads\/2026\/04\/Patrick-Achi-recu-en-audience-par-Faure-Gnassingbe-a-Lome.jpg\",\"keywords\":[\"Faure Gnassingb\u00e9\",\"Patrick ACHI\",\"Togo\"],\"articleSection\":[\"Diplomatie\"],\"inLanguage\":\"fr-FR\",\"potentialAction\":[{\"@type\":\"CommentAction\",\"name\":\"Comment\",\"target\":[\"https:\/\/lavoixdelanation.tg\/index.php\/2026\/04\/09\/patrick-achi-salue-lexcellente-qualite-des-liens-de-cooperation-entre-le-togo-et-la-cote-divoire\/#respond\"]}]},{\"@type\":\"WebPage\",\"@id\":\"https:\/\/lavoixdelanation.tg\/index.php\/2026\/04\/09\/patrick-achi-salue-lexcellente-qualite-des-liens-de-cooperation-entre-le-togo-et-la-cote-divoire\/\",\"url\":\"https:\/\/lavoixdelanation.tg\/index.php\/2026\/04\/09\/patrick-achi-salue-lexcellente-qualite-des-liens-de-cooperation-entre-le-togo-et-la-cote-divoire\/\",\"name\":\"Patrick ACHI salue l\u2019excellente qualit\u00e9 des liens de coop\u00e9ration entre le Togo et la C\u00f4te d\u2019Ivoire - La Voix de la Nation\",\"isPartOf\":{\"@id\":\"https:\/\/lavoixdelanation.tg\/#website\"},\"primaryImageOfPage\":{\"@id\":\"https:\/\/lavoixdelanation.tg\/index.php\/2026\/04\/09\/patrick-achi-salue-lexcellente-qualite-des-liens-de-cooperation-entre-le-togo-et-la-cote-divoire\/#primaryimage\"},\"image\":{\"@id\":\"https:\/\/lavoixdelanation.tg\/index.php\/2026\/04\/09\/patrick-achi-salue-lexcellente-qualite-des-liens-de-cooperation-entre-le-togo-et-la-cote-divoire\/#primaryimage\"},\"thumbnailUrl\":\"https:\/\/lavoixdelanation.tg\/wp-content\/uploads\/2026\/04\/Patrick-Achi-recu-en-audience-par-Faure-Gnassingbe-a-Lome.jpg\",\"datePublished\":\"2026-04-09T15:00:00+00:00\",\"dateModified\":\"2026-04-09T17:04:34+00:00\",\"breadcrumb\":{\"@id\":\"https:\/\/lavoixdelanation.tg\/index.php\/2026\/04\/09\/patrick-achi-salue-lexcellente-qualite-des-liens-de-cooperation-entre-le-togo-et-la-cote-divoire\/#breadcrumb\"},\"inLanguage\":\"fr-FR\",\"potentialAction\":[{\"@type\":\"ReadAction\",\"target\":[\"https:\/\/lavoixdelanation.tg\/index.php\/2026\/04\/09\/patrick-achi-salue-lexcellente-qualite-des-liens-de-cooperation-entre-le-togo-et-la-cote-divoire\/\"]}]},{\"@type\":\"ImageObject\",\"inLanguage\":\"fr-FR\",\"@id\":\"https:\/\/lavoixdelanation.tg\/index.php\/2026\/04\/09\/patrick-achi-salue-lexcellente-qualite-des-liens-de-cooperation-entre-le-togo-et-la-cote-divoire\/#primaryimage\",\"url\":\"https:\/\/lavoixdelanation.tg\/wp-content\/uploads\/2026\/04\/Patrick-Achi-recu-en-audience-par-Faure-Gnassingbe-a-Lome.jpg\",\"contentUrl\":\"https:\/\/lavoixdelanation.tg\/wp-content\/uploads\/2026\/04\/Patrick-Achi-recu-en-audience-par-Faure-Gnassingbe-a-Lome.jpg\",\"width\":700,\"height\":494,\"caption\":\"Patrick Achi re\u00e7u en audience par Faure Gnassingb\u00e9 \u00e0 Lom\u00e9\"},{\"@type\":\"BreadcrumbList\",\"@id\":\"https:\/\/lavoixdelanation.tg\/index.php\/2026\/04\/09\/patrick-achi-salue-lexcellente-qualite-des-liens-de-cooperation-entre-le-togo-et-la-cote-divoire\/#breadcrumb\",\"itemListElement\":[{\"@type\":\"ListItem\",\"position\":1,\"name\":\"Accueil\",\"item\":\"https:\/\/lavoixdelanation.tg\/\"},{\"@type\":\"ListItem\",\"position\":2,\"name\":\"Patrick ACHI salue l\u2019excellente qualit\u00e9 des liens de coop\u00e9ration entre le Togo et la C\u00f4te d\u2019Ivoire\"}]},{\"@type\":\"WebSite\",\"@id\":\"https:\/\/lavoixdelanation.tg\/#website\",\"url\":\"https:\/\/lavoixdelanation.tg\/\",\"name\":\"La Voix de la Nation\",\"description\":\"R\u00e9c\u00e9piss\u00e9 n\u00b00108\/HAAC\/01-2024\/pl\/P\",\"publisher\":{\"@id\":\"https:\/\/lavoixdelanation.tg\/#organization\"},\"alternateName\":\"VON\",\"potentialAction\":[{\"@type\":\"SearchAction\",\"target\":{\"@type\":\"EntryPoint\",\"urlTemplate\":\"https:\/\/lavoixdelanation.tg\/?s={search_term_string}\"},\"query-input\":{\"@type\":\"PropertyValueSpecification\",\"valueRequired\":true,\"valueName\":\"search_term_string\"}}],\"inLanguage\":\"fr-FR\"},{\"@type\":\"Organization\",\"@id\":\"https:\/\/lavoixdelanation.tg\/#organization\",\"name\":\"La Voix de la Nation\",\"url\":\"https:\/\/lavoixdelanation.tg\/\",\"logo\":{\"@type\":\"ImageObject\",\"inLanguage\":\"fr-FR\",\"@id\":\"https:\/\/lavoixdelanation.tg\/#\/schema\/logo\/image\/\",\"url\":\"https:\/\/lavoixdelanation.tg\/wp-content\/uploads\/2024\/12\/lavn-1.png\",\"contentUrl\":\"https:\/\/lavoixdelanation.tg\/wp-content\/uploads\/2024\/12\/lavn-1.png\",\"width\":1024,\"height\":464,\"caption\":\"La Voix de la Nation\"},\"image\":{\"@id\":\"https:\/\/lavoixdelanation.tg\/#\/schema\/logo\/image\/\"},\"sameAs\":[\"https:\/\/www.facebook.com\/lavoixdelanation\"]},{\"@type\":\"Person\",\"@id\":\"https:\/\/lavoixdelanation.tg\/#\/schema\/person\/6c489293aa38053673a9e554acb6e224\",\"name\":\"La voix de la nation\",\"image\":{\"@type\":\"ImageObject\",\"inLanguage\":\"fr-FR\",\"@id\":\"https:\/\/lavoixdelanation.tg\/#\/schema\/person\/image\/\",\"url\":\"https:\/\/secure.gravatar.com\/avatar\/8aa135d4bbc794494cecaa8d483f6d6cc1023624868deaff686baed5e727a5a1?s=96&d=mm&r=g\",\"contentUrl\":\"https:\/\/secure.gravatar.com\/avatar\/8aa135d4bbc794494cecaa8d483f6d6cc1023624868deaff686baed5e727a5a1?s=96&d=mm&r=g\",\"caption\":\"La voix de la nation\"},\"sameAs\":[\"https:\/\/lavoixdelanation.tg\"],\"url\":\"https:\/\/lavoixdelanation.tg\/index.php\/author\/lavn\/\"}]}<\/script>\n<!-- \/ Yoast SEO plugin. -->","yoast_head_json":{"title":"Patrick ACHI salue l\u2019excellente qualit\u00e9 des liens de coop\u00e9ration entre le Togo et la C\u00f4te d\u2019Ivoire - La Voix de la Nation","robots":{"index":"index","follow":"follow","max-snippet":"max-snippet:-1","max-image-preview":"max-image-preview:large","max-video-preview":"max-video-preview:-1"},"canonical":"https:\/\/lavoixdelanation.tg\/index.php\/2026\/04\/09\/patrick-achi-salue-lexcellente-qualite-des-liens-de-cooperation-entre-le-togo-et-la-cote-divoire\/","og_locale":"fr_FR","og_type":"article","og_title":"Patrick ACHI salue l\u2019excellente qualit\u00e9 des liens de coop\u00e9ration entre le Togo et la C\u00f4te d\u2019Ivoire - La Voix de la Nation","og_description":"En s\u00e9jour \u00e0 Lom\u00e9 dans le cadre de l\u2019ouverture solennelle de la premi\u00e8re session ordinaire de l\u2019Assembl\u00e9e nationale du Togo, le Pr\u00e9sident de l\u2019Assembl\u00e9e nationale de la C\u00f4te d\u2019Ivoire, Patrick&hellip;","og_url":"https:\/\/lavoixdelanation.tg\/index.php\/2026\/04\/09\/patrick-achi-salue-lexcellente-qualite-des-liens-de-cooperation-entre-le-togo-et-la-cote-divoire\/","og_site_name":"La Voix de la Nation","article_publisher":"https:\/\/www.facebook.com\/lavoixdelanation","article_published_time":"2026-04-09T15:00:00+00:00","article_modified_time":"2026-04-09T17:04:34+00:00","og_image":[{"width":700,"height":494,"url":"https:\/\/lavoixdelanation.tg\/wp-content\/uploads\/2026\/04\/Patrick-Achi-recu-en-audience-par-Faure-Gnassingbe-a-Lome.jpg","type":"image\/jpeg"}],"author":"La voix de la nation","twitter_card":"summary_large_image","twitter_misc":{"\u00c9crit par":"La voix de la nation","Dur\u00e9e de lecture estim\u00e9e":"2 minutes"},"schema":{"@context":"https:\/\/schema.org","@graph":[{"@type":"Article","@id":"https:\/\/lavoixdelanation.tg\/index.php\/2026\/04\/09\/patrick-achi-salue-lexcellente-qualite-des-liens-de-cooperation-entre-le-togo-et-la-cote-divoire\/#article","isPartOf":{"@id":"https:\/\/lavoixdelanation.tg\/index.php\/2026\/04\/09\/patrick-achi-salue-lexcellente-qualite-des-liens-de-cooperation-entre-le-togo-et-la-cote-divoire\/"},"author":{"name":"La voix de la nation","@id":"https:\/\/lavoixdelanation.tg\/#\/schema\/person\/6c489293aa38053673a9e554acb6e224"},"headline":"Patrick ACHI salue l\u2019excellente qualit\u00e9 des liens de coop\u00e9ration entre le Togo et la C\u00f4te d\u2019Ivoire","datePublished":"2026-04-09T15:00:00+00:00","dateModified":"2026-04-09T17:04:34+00:00","mainEntityOfPage":{"@id":"https:\/\/lavoixdelanation.tg\/index.php\/2026\/04\/09\/patrick-achi-salue-lexcellente-qualite-des-liens-de-cooperation-entre-le-togo-et-la-cote-divoire\/"},"wordCount":273,"commentCount":0,"publisher":{"@id":"https:\/\/lavoixdelanation.tg\/#organization"},"image":{"@id":"https:\/\/lavoixdelanation.tg\/index.php\/2026\/04\/09\/patrick-achi-salue-lexcellente-qualite-des-liens-de-cooperation-entre-le-togo-et-la-cote-divoire\/#primaryimage"},"thumbnailUrl":"https:\/\/lavoixdelanation.tg\/wp-content\/uploads\/2026\/04\/Patrick-Achi-recu-en-audience-par-Faure-Gnassingbe-a-Lome.jpg","keywords":["Faure Gnassingb\u00e9","Patrick ACHI","Togo"],"articleSection":["Diplomatie"],"inLanguage":"fr-FR","potentialAction":[{"@type":"CommentAction","name":"Comment","target":["https:\/\/lavoixdelanation.tg\/index.php\/2026\/04\/09\/patrick-achi-salue-lexcellente-qualite-des-liens-de-cooperation-entre-le-togo-et-la-cote-divoire\/#respond"]}]},{"@type":"WebPage","@id":"https:\/\/lavoixdelanation.tg\/index.php\/2026\/04\/09\/patrick-achi-salue-lexcellente-qualite-des-liens-de-cooperation-entre-le-togo-et-la-cote-divoire\/","url":"https:\/\/lavoixdelanation.tg\/index.php\/2026\/04\/09\/patrick-achi-salue-lexcellente-qualite-des-liens-de-cooperation-entre-le-togo-et-la-cote-divoire\/","name":"Patrick ACHI salue l\u2019excellente qualit\u00e9 des liens de coop\u00e9ration entre le Togo et la C\u00f4te d\u2019Ivoire - La Voix de la Nation","isPartOf":{"@id":"https:\/\/lavoixdelanation.tg\/#website"},"primaryImageOfPage":{"@id":"https:\/\/lavoixdelanation.tg\/index.php\/2026\/04\/09\/patrick-achi-salue-lexcellente-qualite-des-liens-de-cooperation-entre-le-togo-et-la-cote-divoire\/#primaryimage"},"image":{"@id":"https:\/\/lavoixdelanation.tg\/index.php\/2026\/04\/09\/patrick-achi-salue-lexcellente-qualite-des-liens-de-cooperation-entre-le-togo-et-la-cote-divoire\/#primaryimage"},"thumbnailUrl":"https:\/\/lavoixdelanation.tg\/wp-content\/uploads\/2026\/04\/Patrick-Achi-recu-en-audience-par-Faure-Gnassingbe-a-Lome.jpg","datePublished":"2026-04-09T15:00:00+00:00","dateModified":"2026-04-09T17:04:34+00:00","breadcrumb":{"@id":"https:\/\/lavoixdelanation.tg\/index.php\/2026\/04\/09\/patrick-achi-salue-lexcellente-qualite-des-liens-de-cooperation-entre-le-togo-et-la-cote-divoire\/#breadcrumb"},"inLanguage":"fr-FR","potentialAction":[{"@type":"ReadAction","target":["https:\/\/lavoixdelanation.tg\/index.php\/2026\/04\/09\/patrick-achi-salue-lexcellente-qualite-des-liens-de-cooperation-entre-le-togo-et-la-cote-divoire\/"]}]},{"@type":"ImageObject","inLanguage":"fr-FR","@id":"https:\/\/lavoixdelanation.tg\/index.php\/2026\/04\/09\/patrick-achi-salue-lexcellente-qualite-des-liens-de-cooperation-entre-le-togo-et-la-cote-divoire\/#primaryimage","url":"https:\/\/lavoixdelanation.tg\/wp-content\/uploads\/2026\/04\/Patrick-Achi-recu-en-audience-par-Faure-Gnassingbe-a-Lome.jpg","contentUrl":"https:\/\/lavoixdelanation.tg\/wp-content\/uploads\/2026\/04\/Patrick-Achi-recu-en-audience-par-Faure-Gnassingbe-a-Lome.jpg","width":700,"height":494,"caption":"Patrick Achi re\u00e7u en audience par Faure Gnassingb\u00e9 \u00e0 Lom\u00e9"},{"@type":"BreadcrumbList","@id":"https:\/\/lavoixdelanation.tg\/index.php\/2026\/04\/09\/patrick-achi-salue-lexcellente-qualite-des-liens-de-cooperation-entre-le-togo-et-la-cote-divoire\/#breadcrumb","itemListElement":[{"@type":"ListItem","position":1,"name":"Accueil","item":"https:\/\/lavoixdelanation.tg\/"},{"@type":"ListItem","position":2,"name":"Patrick ACHI salue l\u2019excellente qualit\u00e9 des liens de coop\u00e9ration entre le Togo et la C\u00f4te d\u2019Ivoire"}]},{"@type":"WebSite","@id":"https:\/\/lavoixdelanation.tg\/#website","url":"https:\/\/lavoixdelanation.tg\/","name":"La Voix de la Nation","description":"R\u00e9c\u00e9piss\u00e9 n\u00b00108\/HAAC\/01-2024\/pl\/P","publisher":{"@id":"https:\/\/lavoixdelanation.tg\/#organization"},"alternateName":"VON","potentialAction":[{"@type":"SearchAction","target":{"@type":"EntryPoint","urlTemplate":"https:\/\/lavoixdelanation.tg\/?s={search_term_string}"},"query-input":{"@type":"PropertyValueSpecification","valueRequired":true,"valueName":"search_term_string"}}],"inLanguage":"fr-FR"},{"@type":"Organization","@id":"https:\/\/lavoixdelanation.tg\/#organization","name":"La Voix de la Nation","url":"https:\/\/lavoixdelanation.tg\/","logo":{"@type":"ImageObject","inLanguage":"fr-FR","@id":"https:\/\/lavoixdelanation.tg\/#\/schema\/logo\/image\/","url":"https:\/\/lavoixdelanation.tg\/wp-content\/uploads\/2024\/12\/lavn-1.png","contentUrl":"https:\/\/lavoixdelanation.tg\/wp-content\/uploads\/2024\/12\/lavn-1.png","width":1024,"height":464,"caption":"La Voix de la Nation"},"image":{"@id":"https:\/\/lavoixdelanation.tg\/#\/schema\/logo\/image\/"},"sameAs":["https:\/\/www.facebook.com\/lavoixdelanation"]},{"@type":"Person","@id":"https:\/\/lavoixdelanation.tg\/#\/schema\/person\/6c489293aa38053673a9e554acb6e224","name":"La voix de la nation","image":{"@type":"ImageObject","inLanguage":"fr-FR","@id":"https:\/\/lavoixdelanation.tg\/#\/schema\/person\/image\/","url":"https:\/\/secure.gravatar.com\/avatar\/8aa135d4bbc794494cecaa8d483f6d6cc1023624868deaff686baed5e727a5a1?s=96&d=mm&r=g","contentUrl":"https:\/\/secure.gravatar.com\/avatar\/8aa135d4bbc794494cecaa8d483f6d6cc1023624868deaff686baed5e727a5a1?s=96&d=mm&r=g","caption":"La voix de la nation"},"sameAs":["https:\/\/lavoixdelanation.tg"],"url":"https:\/\/lavoixdelanation.tg\/index.php\/author\/lavn\/"}]}},"_links":{"self":[{"href":"https:\/\/lavoixdelanation.tg\/index.php\/wp-json\/wp\/v2\/posts\/15820","targetHints":{"allow":["GET"]}}],"collection":[{"href":"https:\/\/lavoixdelanation.tg\/index.php\/wp-json\/wp\/v2\/posts"}],"about":[{"href":"https:\/\/lavoixdelanation.tg\/index.php\/wp-json\/wp\/v2\/types\/post"}],"author":[{"embeddable":true,"href":"https:\/\/lavoixdelanation.tg\/index.php\/wp-json\/wp\/v2\/users\/1"}],"replies":[{"embeddable":true,"href":"https:\/\/lavoixdelanation.tg\/index.php\/wp-json\/wp\/v2\/comments?post=15820"}],"version-history":[{"count":1,"href":"https:\/\/lavoixdelanation.tg\/index.php\/wp-json\/wp\/v2\/posts\/15820\/revisions"}],"predecessor-version":[{"id":15822,"href":"https:\/\/lavoixdelanation.tg\/index.php\/wp-json\/wp\/v2\/posts\/15820\/revisions\/15822"}],"wp:featuredmedia":[{"embeddable":true,"href":"https:\/\/lavoixdelanation.tg\/index.php\/wp-json\/wp\/v2\/media\/15821"}],"wp:attachment":[{"href":"https:\/\/lavoixdelanation.tg\/index.php\/wp-json\/wp\/v2\/media?parent=15820"}],"wp:term":[{"taxonomy":"category","embeddable":true,"href":"https:\/\/lavoixdelanation.tg\/index.php\/wp-json\/wp\/v2\/categories?post=15820"},{"taxonomy":"post_tag","embeddable":true,"href":"https:\/\/lavoixdelanation.tg\/index.php\/wp-json\/wp\/v2\/tags?post=15820"}],"curies":[{"name":"wp","href":"https:\/\/api.w.org\/{rel}","templated":true}]}}