{"id":15773,"date":"2026-04-02T20:49:21","date_gmt":"2026-04-02T18:49:21","guid":{"rendered":"https:\/\/lavoixdelanation.tg\/?p=15773"},"modified":"2026-04-02T20:49:21","modified_gmt":"2026-04-02T18:49:21","slug":"impacts-du-conflit-au-moyen-orient-le-togo-dans-une-demarche-prudente-et-responsable","status":"publish","type":"post","link":"https:\/\/lavoixdelanation.tg\/index.php\/2026\/04\/02\/impacts-du-conflit-au-moyen-orient-le-togo-dans-une-demarche-prudente-et-responsable\/","title":{"rendered":"Impacts du conflit au Moyen-Orient\u00a0: Le Togo dans une d\u00e9marche prudente et responsable"},"content":{"rendered":"\n<p><strong>A l\u2019image de celle des pays <\/strong><strong>de la sous-r\u00e9gion, l\u2019\u00e9conomie du Togo n\u2019est pas \u00e0 l\u2019abri des effets indirects du conflit actuel au Moyen-Orient. Au regard de la situation, le gouvernement entend adopter une d\u00e9marche prudente et responsable.<\/strong><\/p>\n\n\n\n<p>Le sujet a \u00e9t\u00e9 justement \u00e9voqu\u00e9 ce 1<sup>er<\/sup> avril 2026 par le gouvernement r\u00e9uni en Conseil des Ministres, \u00e0 travers une communication pr\u00e9sent\u00e9e pat le ministre des finances et du budget, Georges Barcola.<\/p>\n\n\n\n<p>Du communiqu\u00e9 issu du Conseil, l\u2019on apprend en effet que des r\u00e9flexions sont en cours afin d\u2019identifier, le moment venu, les mesures les mieux adapt\u00e9es pour pr\u00e9server le pouvoir d\u2019achat des populations et maintenir la stabilit\u00e9 des finances publiques, en coh\u00e9rence avec les recommandations des instances sous r\u00e9gionales.<\/p>\n\n\n\n<p>Dans cette dynamique, le Pr\u00e9sident du Conseil Faure Gnassingb\u00e9 a instruit les ministres concern\u00e9s de poursuivre le suivi attentif de l\u2019\u00e9volution de la situation et d\u2019en rendre r\u00e9guli\u00e8rement compte.<\/p>\n\n\n\n<p>\u00ab&nbsp;A ce stade, l\u2019\u00e9volution de la situation demeure tr\u00e8s incertaine, ce qui rend inopportun l\u2019\u00e9laboration des sc\u00e9narios chiffr\u00e9s et pr\u00e9cis&nbsp;\u00bb, analyse le gouvernement.<\/p>\n\n\n\n<p>Il faut souligner que la persistance des tensions g\u00e9opolitiques au Moyen Orient p\u00e8se sur l\u2019\u00e9conomie mondiale, \u00e0 travers la perturbation des routes maritimes strat\u00e9giques du commerce international.<\/p>\n\n\n\n<p>Cette situation entraine selon l\u2019Ex\u00e9cutif togolais, une hausse des co\u00fbts du transport maritime, du p\u00e9trole, du gaz naturel et des engrais, avec pour cons\u00e9quences un rench\u00e9rissement des co\u00fbts \u00e9nerg\u00e9tiques et des pressions inflationnistes. Les \u00e9conomies les plus vuln\u00e9rables sont particuli\u00e8rement expos\u00e9es aux chocs de cette crise.<\/p>\n\n\n\n<p>\u00ab&nbsp;Une vigilance particuli\u00e8re s\u2019impose \u00e0 plusieurs niveaux, notamment sur l\u2019\u00e9volution des co\u00fbts d\u2019importation des produits p\u00e9troliers et ses cons\u00e9quences sur les secteurs \u00e9conomiques. Bien que les \u00e9changes commerciaux directs du Togo avec les pays concern\u00e9s soient limit\u00e9s, les perturbations dans les chaines logistiques internationales pourraient \u00e9galement entrainer des p\u00e9nuries et la flamb\u00e9e des prix de certaines denr\u00e9es de premi\u00e8re n\u00e9cessit\u00e9, et affecter la dynamique de l\u2019activit\u00e9 portuaire&nbsp;\u00bb, a expliqu\u00e9 le gouvernement.<\/p>\n\n\n\n<p><strong>David S.<\/strong><\/p>\n","protected":false},"excerpt":{"rendered":"<p>A l\u2019image de celle des pays de la sous-r\u00e9gion, l\u2019\u00e9conomie du Togo n\u2019est pas \u00e0 l\u2019abri des effets indirects du conflit actuel au Moyen-Orient. Au regard de la situation, le&hellip; <\/p>\n","protected":false},"author":1,"featured_media":15775,"comment_status":"open","ping_status":"closed","sticky":false,"template":"","format":"standard","meta":{"footnotes":""},"categories":[8],"tags":[1373,1372,39],"class_list":["post-15773","post","type-post","status-publish","format-standard","has-post-thumbnail","hentry","category-economie","tag-conflit","tag-moyen-orient","tag-togo"],"yoast_head":"<!-- This site is optimized with the Yoast SEO plugin v26.4 - https:\/\/yoast.com\/wordpress\/plugins\/seo\/ -->\n<title>Impacts du conflit au Moyen-Orient\u00a0: Le Togo dans une d\u00e9marche prudente et responsable - La Voix de la Nation<\/title>\n<meta name=\"robots\" content=\"index, follow, max-snippet:-1, max-image-preview:large, max-video-preview:-1\" \/>\n<link rel=\"canonical\" href=\"https:\/\/lavoixdelanation.tg\/index.php\/2026\/04\/02\/impacts-du-conflit-au-moyen-orient-le-togo-dans-une-demarche-prudente-et-responsable\/\" \/>\n<meta property=\"og:locale\" content=\"fr_FR\" \/>\n<meta property=\"og:type\" content=\"article\" \/>\n<meta property=\"og:title\" content=\"Impacts du conflit au Moyen-Orient\u00a0: Le Togo dans une d\u00e9marche prudente et responsable - La Voix de la Nation\" \/>\n<meta property=\"og:description\" content=\"A l\u2019image de celle des pays de la sous-r\u00e9gion, l\u2019\u00e9conomie du Togo n\u2019est pas \u00e0 l\u2019abri des effets indirects du conflit actuel au Moyen-Orient. Au regard de la situation, le&hellip;\" \/>\n<meta property=\"og:url\" content=\"https:\/\/lavoixdelanation.tg\/index.php\/2026\/04\/02\/impacts-du-conflit-au-moyen-orient-le-togo-dans-une-demarche-prudente-et-responsable\/\" \/>\n<meta property=\"og:site_name\" content=\"La Voix de la Nation\" \/>\n<meta property=\"article:publisher\" content=\"https:\/\/www.facebook.com\/lavoixdelanation\" \/>\n<meta property=\"article:published_time\" content=\"2026-04-02T18:49:21+00:00\" \/>\n<meta property=\"og:image\" content=\"https:\/\/lavoixdelanation.tg\/wp-content\/uploads\/2026\/04\/Le-Togo-se-prepare-aux-impacts-du-conflit-au-Moyen-Orient.jpg\" \/>\n\t<meta property=\"og:image:width\" content=\"1280\" \/>\n\t<meta property=\"og:image:height\" content=\"802\" \/>\n\t<meta property=\"og:image:type\" content=\"image\/jpeg\" \/>\n<meta name=\"author\" content=\"La voix de la nation\" \/>\n<meta name=\"twitter:card\" content=\"summary_large_image\" \/>\n<meta name=\"twitter:label1\" content=\"\u00c9crit par\" \/>\n\t<meta name=\"twitter:data1\" content=\"La voix de la nation\" \/>\n\t<meta name=\"twitter:label2\" content=\"Dur\u00e9e de lecture estim\u00e9e\" \/>\n\t<meta name=\"twitter:data2\" content=\"2 minutes\" \/>\n<script type=\"application\/ld+json\" class=\"yoast-schema-graph\">{\"@context\":\"https:\/\/schema.org\",\"@graph\":[{\"@type\":\"Article\",\"@id\":\"https:\/\/lavoixdelanation.tg\/index.php\/2026\/04\/02\/impacts-du-conflit-au-moyen-orient-le-togo-dans-une-demarche-prudente-et-responsable\/#article\",\"isPartOf\":{\"@id\":\"https:\/\/lavoixdelanation.tg\/index.php\/2026\/04\/02\/impacts-du-conflit-au-moyen-orient-le-togo-dans-une-demarche-prudente-et-responsable\/\"},\"author\":{\"name\":\"La voix de la nation\",\"@id\":\"https:\/\/lavoixdelanation.tg\/#\/schema\/person\/6c489293aa38053673a9e554acb6e224\"},\"headline\":\"Impacts du conflit au Moyen-Orient\u00a0: Le Togo dans une d\u00e9marche prudente et responsable\",\"datePublished\":\"2026-04-02T18:49:21+00:00\",\"mainEntityOfPage\":{\"@id\":\"https:\/\/lavoixdelanation.tg\/index.php\/2026\/04\/02\/impacts-du-conflit-au-moyen-orient-le-togo-dans-une-demarche-prudente-et-responsable\/\"},\"wordCount\":389,\"commentCount\":0,\"publisher\":{\"@id\":\"https:\/\/lavoixdelanation.tg\/#organization\"},\"image\":{\"@id\":\"https:\/\/lavoixdelanation.tg\/index.php\/2026\/04\/02\/impacts-du-conflit-au-moyen-orient-le-togo-dans-une-demarche-prudente-et-responsable\/#primaryimage\"},\"thumbnailUrl\":\"https:\/\/lavoixdelanation.tg\/wp-content\/uploads\/2026\/04\/Le-Togo-se-prepare-aux-impacts-du-conflit-au-Moyen-Orient.jpg\",\"keywords\":[\"Conflit\",\"Moyen-Orient\",\"Togo\"],\"articleSection\":[\"Economie\"],\"inLanguage\":\"fr-FR\",\"potentialAction\":[{\"@type\":\"CommentAction\",\"name\":\"Comment\",\"target\":[\"https:\/\/lavoixdelanation.tg\/index.php\/2026\/04\/02\/impacts-du-conflit-au-moyen-orient-le-togo-dans-une-demarche-prudente-et-responsable\/#respond\"]}]},{\"@type\":\"WebPage\",\"@id\":\"https:\/\/lavoixdelanation.tg\/index.php\/2026\/04\/02\/impacts-du-conflit-au-moyen-orient-le-togo-dans-une-demarche-prudente-et-responsable\/\",\"url\":\"https:\/\/lavoixdelanation.tg\/index.php\/2026\/04\/02\/impacts-du-conflit-au-moyen-orient-le-togo-dans-une-demarche-prudente-et-responsable\/\",\"name\":\"Impacts du conflit au Moyen-Orient\u00a0: Le Togo dans une d\u00e9marche prudente et responsable - La Voix de la Nation\",\"isPartOf\":{\"@id\":\"https:\/\/lavoixdelanation.tg\/#website\"},\"primaryImageOfPage\":{\"@id\":\"https:\/\/lavoixdelanation.tg\/index.php\/2026\/04\/02\/impacts-du-conflit-au-moyen-orient-le-togo-dans-une-demarche-prudente-et-responsable\/#primaryimage\"},\"image\":{\"@id\":\"https:\/\/lavoixdelanation.tg\/index.php\/2026\/04\/02\/impacts-du-conflit-au-moyen-orient-le-togo-dans-une-demarche-prudente-et-responsable\/#primaryimage\"},\"thumbnailUrl\":\"https:\/\/lavoixdelanation.tg\/wp-content\/uploads\/2026\/04\/Le-Togo-se-prepare-aux-impacts-du-conflit-au-Moyen-Orient.jpg\",\"datePublished\":\"2026-04-02T18:49:21+00:00\",\"breadcrumb\":{\"@id\":\"https:\/\/lavoixdelanation.tg\/index.php\/2026\/04\/02\/impacts-du-conflit-au-moyen-orient-le-togo-dans-une-demarche-prudente-et-responsable\/#breadcrumb\"},\"inLanguage\":\"fr-FR\",\"potentialAction\":[{\"@type\":\"ReadAction\",\"target\":[\"https:\/\/lavoixdelanation.tg\/index.php\/2026\/04\/02\/impacts-du-conflit-au-moyen-orient-le-togo-dans-une-demarche-prudente-et-responsable\/\"]}]},{\"@type\":\"ImageObject\",\"inLanguage\":\"fr-FR\",\"@id\":\"https:\/\/lavoixdelanation.tg\/index.php\/2026\/04\/02\/impacts-du-conflit-au-moyen-orient-le-togo-dans-une-demarche-prudente-et-responsable\/#primaryimage\",\"url\":\"https:\/\/lavoixdelanation.tg\/wp-content\/uploads\/2026\/04\/Le-Togo-se-prepare-aux-impacts-du-conflit-au-Moyen-Orient.jpg\",\"contentUrl\":\"https:\/\/lavoixdelanation.tg\/wp-content\/uploads\/2026\/04\/Le-Togo-se-prepare-aux-impacts-du-conflit-au-Moyen-Orient.jpg\",\"width\":1280,\"height\":802,\"caption\":\"Le ministre Georges Barcola (au milieu) lors des travaux du Conseil des ministres\"},{\"@type\":\"BreadcrumbList\",\"@id\":\"https:\/\/lavoixdelanation.tg\/index.php\/2026\/04\/02\/impacts-du-conflit-au-moyen-orient-le-togo-dans-une-demarche-prudente-et-responsable\/#breadcrumb\",\"itemListElement\":[{\"@type\":\"ListItem\",\"position\":1,\"name\":\"Accueil\",\"item\":\"https:\/\/lavoixdelanation.tg\/\"},{\"@type\":\"ListItem\",\"position\":2,\"name\":\"Impacts du conflit au Moyen-Orient\u00a0: Le Togo dans une d\u00e9marche prudente et responsable\"}]},{\"@type\":\"WebSite\",\"@id\":\"https:\/\/lavoixdelanation.tg\/#website\",\"url\":\"https:\/\/lavoixdelanation.tg\/\",\"name\":\"La Voix de la Nation\",\"description\":\"R\u00e9c\u00e9piss\u00e9 n\u00b00108\/HAAC\/01-2024\/pl\/P\",\"publisher\":{\"@id\":\"https:\/\/lavoixdelanation.tg\/#organization\"},\"alternateName\":\"VON\",\"potentialAction\":[{\"@type\":\"SearchAction\",\"target\":{\"@type\":\"EntryPoint\",\"urlTemplate\":\"https:\/\/lavoixdelanation.tg\/?s={search_term_string}\"},\"query-input\":{\"@type\":\"PropertyValueSpecification\",\"valueRequired\":true,\"valueName\":\"search_term_string\"}}],\"inLanguage\":\"fr-FR\"},{\"@type\":\"Organization\",\"@id\":\"https:\/\/lavoixdelanation.tg\/#organization\",\"name\":\"La Voix de la Nation\",\"url\":\"https:\/\/lavoixdelanation.tg\/\",\"logo\":{\"@type\":\"ImageObject\",\"inLanguage\":\"fr-FR\",\"@id\":\"https:\/\/lavoixdelanation.tg\/#\/schema\/logo\/image\/\",\"url\":\"https:\/\/lavoixdelanation.tg\/wp-content\/uploads\/2024\/12\/lavn-1.png\",\"contentUrl\":\"https:\/\/lavoixdelanation.tg\/wp-content\/uploads\/2024\/12\/lavn-1.png\",\"width\":1024,\"height\":464,\"caption\":\"La Voix de la Nation\"},\"image\":{\"@id\":\"https:\/\/lavoixdelanation.tg\/#\/schema\/logo\/image\/\"},\"sameAs\":[\"https:\/\/www.facebook.com\/lavoixdelanation\"]},{\"@type\":\"Person\",\"@id\":\"https:\/\/lavoixdelanation.tg\/#\/schema\/person\/6c489293aa38053673a9e554acb6e224\",\"name\":\"La voix de la nation\",\"image\":{\"@type\":\"ImageObject\",\"inLanguage\":\"fr-FR\",\"@id\":\"https:\/\/lavoixdelanation.tg\/#\/schema\/person\/image\/\",\"url\":\"https:\/\/secure.gravatar.com\/avatar\/8aa135d4bbc794494cecaa8d483f6d6cc1023624868deaff686baed5e727a5a1?s=96&d=mm&r=g\",\"contentUrl\":\"https:\/\/secure.gravatar.com\/avatar\/8aa135d4bbc794494cecaa8d483f6d6cc1023624868deaff686baed5e727a5a1?s=96&d=mm&r=g\",\"caption\":\"La voix de la nation\"},\"sameAs\":[\"https:\/\/lavoixdelanation.tg\"],\"url\":\"https:\/\/lavoixdelanation.tg\/index.php\/author\/lavn\/\"}]}<\/script>\n<!-- \/ Yoast SEO plugin. -->","yoast_head_json":{"title":"Impacts du conflit au Moyen-Orient\u00a0: Le Togo dans une d\u00e9marche prudente et responsable - La Voix de la Nation","robots":{"index":"index","follow":"follow","max-snippet":"max-snippet:-1","max-image-preview":"max-image-preview:large","max-video-preview":"max-video-preview:-1"},"canonical":"https:\/\/lavoixdelanation.tg\/index.php\/2026\/04\/02\/impacts-du-conflit-au-moyen-orient-le-togo-dans-une-demarche-prudente-et-responsable\/","og_locale":"fr_FR","og_type":"article","og_title":"Impacts du conflit au Moyen-Orient\u00a0: Le Togo dans une d\u00e9marche prudente et responsable - La Voix de la Nation","og_description":"A l\u2019image de celle des pays de la sous-r\u00e9gion, l\u2019\u00e9conomie du Togo n\u2019est pas \u00e0 l\u2019abri des effets indirects du conflit actuel au Moyen-Orient. Au regard de la situation, le&hellip;","og_url":"https:\/\/lavoixdelanation.tg\/index.php\/2026\/04\/02\/impacts-du-conflit-au-moyen-orient-le-togo-dans-une-demarche-prudente-et-responsable\/","og_site_name":"La Voix de la Nation","article_publisher":"https:\/\/www.facebook.com\/lavoixdelanation","article_published_time":"2026-04-02T18:49:21+00:00","og_image":[{"width":1280,"height":802,"url":"https:\/\/lavoixdelanation.tg\/wp-content\/uploads\/2026\/04\/Le-Togo-se-prepare-aux-impacts-du-conflit-au-Moyen-Orient.jpg","type":"image\/jpeg"}],"author":"La voix de la nation","twitter_card":"summary_large_image","twitter_misc":{"\u00c9crit par":"La voix de la nation","Dur\u00e9e de lecture estim\u00e9e":"2 minutes"},"schema":{"@context":"https:\/\/schema.org","@graph":[{"@type":"Article","@id":"https:\/\/lavoixdelanation.tg\/index.php\/2026\/04\/02\/impacts-du-conflit-au-moyen-orient-le-togo-dans-une-demarche-prudente-et-responsable\/#article","isPartOf":{"@id":"https:\/\/lavoixdelanation.tg\/index.php\/2026\/04\/02\/impacts-du-conflit-au-moyen-orient-le-togo-dans-une-demarche-prudente-et-responsable\/"},"author":{"name":"La voix de la nation","@id":"https:\/\/lavoixdelanation.tg\/#\/schema\/person\/6c489293aa38053673a9e554acb6e224"},"headline":"Impacts du conflit au Moyen-Orient\u00a0: Le Togo dans une d\u00e9marche prudente et responsable","datePublished":"2026-04-02T18:49:21+00:00","mainEntityOfPage":{"@id":"https:\/\/lavoixdelanation.tg\/index.php\/2026\/04\/02\/impacts-du-conflit-au-moyen-orient-le-togo-dans-une-demarche-prudente-et-responsable\/"},"wordCount":389,"commentCount":0,"publisher":{"@id":"https:\/\/lavoixdelanation.tg\/#organization"},"image":{"@id":"https:\/\/lavoixdelanation.tg\/index.php\/2026\/04\/02\/impacts-du-conflit-au-moyen-orient-le-togo-dans-une-demarche-prudente-et-responsable\/#primaryimage"},"thumbnailUrl":"https:\/\/lavoixdelanation.tg\/wp-content\/uploads\/2026\/04\/Le-Togo-se-prepare-aux-impacts-du-conflit-au-Moyen-Orient.jpg","keywords":["Conflit","Moyen-Orient","Togo"],"articleSection":["Economie"],"inLanguage":"fr-FR","potentialAction":[{"@type":"CommentAction","name":"Comment","target":["https:\/\/lavoixdelanation.tg\/index.php\/2026\/04\/02\/impacts-du-conflit-au-moyen-orient-le-togo-dans-une-demarche-prudente-et-responsable\/#respond"]}]},{"@type":"WebPage","@id":"https:\/\/lavoixdelanation.tg\/index.php\/2026\/04\/02\/impacts-du-conflit-au-moyen-orient-le-togo-dans-une-demarche-prudente-et-responsable\/","url":"https:\/\/lavoixdelanation.tg\/index.php\/2026\/04\/02\/impacts-du-conflit-au-moyen-orient-le-togo-dans-une-demarche-prudente-et-responsable\/","name":"Impacts du conflit au Moyen-Orient\u00a0: Le Togo dans une d\u00e9marche prudente et responsable - La Voix de la Nation","isPartOf":{"@id":"https:\/\/lavoixdelanation.tg\/#website"},"primaryImageOfPage":{"@id":"https:\/\/lavoixdelanation.tg\/index.php\/2026\/04\/02\/impacts-du-conflit-au-moyen-orient-le-togo-dans-une-demarche-prudente-et-responsable\/#primaryimage"},"image":{"@id":"https:\/\/lavoixdelanation.tg\/index.php\/2026\/04\/02\/impacts-du-conflit-au-moyen-orient-le-togo-dans-une-demarche-prudente-et-responsable\/#primaryimage"},"thumbnailUrl":"https:\/\/lavoixdelanation.tg\/wp-content\/uploads\/2026\/04\/Le-Togo-se-prepare-aux-impacts-du-conflit-au-Moyen-Orient.jpg","datePublished":"2026-04-02T18:49:21+00:00","breadcrumb":{"@id":"https:\/\/lavoixdelanation.tg\/index.php\/2026\/04\/02\/impacts-du-conflit-au-moyen-orient-le-togo-dans-une-demarche-prudente-et-responsable\/#breadcrumb"},"inLanguage":"fr-FR","potentialAction":[{"@type":"ReadAction","target":["https:\/\/lavoixdelanation.tg\/index.php\/2026\/04\/02\/impacts-du-conflit-au-moyen-orient-le-togo-dans-une-demarche-prudente-et-responsable\/"]}]},{"@type":"ImageObject","inLanguage":"fr-FR","@id":"https:\/\/lavoixdelanation.tg\/index.php\/2026\/04\/02\/impacts-du-conflit-au-moyen-orient-le-togo-dans-une-demarche-prudente-et-responsable\/#primaryimage","url":"https:\/\/lavoixdelanation.tg\/wp-content\/uploads\/2026\/04\/Le-Togo-se-prepare-aux-impacts-du-conflit-au-Moyen-Orient.jpg","contentUrl":"https:\/\/lavoixdelanation.tg\/wp-content\/uploads\/2026\/04\/Le-Togo-se-prepare-aux-impacts-du-conflit-au-Moyen-Orient.jpg","width":1280,"height":802,"caption":"Le ministre Georges Barcola (au milieu) lors des travaux du Conseil des ministres"},{"@type":"BreadcrumbList","@id":"https:\/\/lavoixdelanation.tg\/index.php\/2026\/04\/02\/impacts-du-conflit-au-moyen-orient-le-togo-dans-une-demarche-prudente-et-responsable\/#breadcrumb","itemListElement":[{"@type":"ListItem","position":1,"name":"Accueil","item":"https:\/\/lavoixdelanation.tg\/"},{"@type":"ListItem","position":2,"name":"Impacts du conflit au Moyen-Orient\u00a0: Le Togo dans une d\u00e9marche prudente et responsable"}]},{"@type":"WebSite","@id":"https:\/\/lavoixdelanation.tg\/#website","url":"https:\/\/lavoixdelanation.tg\/","name":"La Voix de la Nation","description":"R\u00e9c\u00e9piss\u00e9 n\u00b00108\/HAAC\/01-2024\/pl\/P","publisher":{"@id":"https:\/\/lavoixdelanation.tg\/#organization"},"alternateName":"VON","potentialAction":[{"@type":"SearchAction","target":{"@type":"EntryPoint","urlTemplate":"https:\/\/lavoixdelanation.tg\/?s={search_term_string}"},"query-input":{"@type":"PropertyValueSpecification","valueRequired":true,"valueName":"search_term_string"}}],"inLanguage":"fr-FR"},{"@type":"Organization","@id":"https:\/\/lavoixdelanation.tg\/#organization","name":"La Voix de la Nation","url":"https:\/\/lavoixdelanation.tg\/","logo":{"@type":"ImageObject","inLanguage":"fr-FR","@id":"https:\/\/lavoixdelanation.tg\/#\/schema\/logo\/image\/","url":"https:\/\/lavoixdelanation.tg\/wp-content\/uploads\/2024\/12\/lavn-1.png","contentUrl":"https:\/\/lavoixdelanation.tg\/wp-content\/uploads\/2024\/12\/lavn-1.png","width":1024,"height":464,"caption":"La Voix de la Nation"},"image":{"@id":"https:\/\/lavoixdelanation.tg\/#\/schema\/logo\/image\/"},"sameAs":["https:\/\/www.facebook.com\/lavoixdelanation"]},{"@type":"Person","@id":"https:\/\/lavoixdelanation.tg\/#\/schema\/person\/6c489293aa38053673a9e554acb6e224","name":"La voix de la nation","image":{"@type":"ImageObject","inLanguage":"fr-FR","@id":"https:\/\/lavoixdelanation.tg\/#\/schema\/person\/image\/","url":"https:\/\/secure.gravatar.com\/avatar\/8aa135d4bbc794494cecaa8d483f6d6cc1023624868deaff686baed5e727a5a1?s=96&d=mm&r=g","contentUrl":"https:\/\/secure.gravatar.com\/avatar\/8aa135d4bbc794494cecaa8d483f6d6cc1023624868deaff686baed5e727a5a1?s=96&d=mm&r=g","caption":"La voix de la nation"},"sameAs":["https:\/\/lavoixdelanation.tg"],"url":"https:\/\/lavoixdelanation.tg\/index.php\/author\/lavn\/"}]}},"_links":{"self":[{"href":"https:\/\/lavoixdelanation.tg\/index.php\/wp-json\/wp\/v2\/posts\/15773","targetHints":{"allow":["GET"]}}],"collection":[{"href":"https:\/\/lavoixdelanation.tg\/index.php\/wp-json\/wp\/v2\/posts"}],"about":[{"href":"https:\/\/lavoixdelanation.tg\/index.php\/wp-json\/wp\/v2\/types\/post"}],"author":[{"embeddable":true,"href":"https:\/\/lavoixdelanation.tg\/index.php\/wp-json\/wp\/v2\/users\/1"}],"replies":[{"embeddable":true,"href":"https:\/\/lavoixdelanation.tg\/index.php\/wp-json\/wp\/v2\/comments?post=15773"}],"version-history":[{"count":1,"href":"https:\/\/lavoixdelanation.tg\/index.php\/wp-json\/wp\/v2\/posts\/15773\/revisions"}],"predecessor-version":[{"id":15776,"href":"https:\/\/lavoixdelanation.tg\/index.php\/wp-json\/wp\/v2\/posts\/15773\/revisions\/15776"}],"wp:featuredmedia":[{"embeddable":true,"href":"https:\/\/lavoixdelanation.tg\/index.php\/wp-json\/wp\/v2\/media\/15775"}],"wp:attachment":[{"href":"https:\/\/lavoixdelanation.tg\/index.php\/wp-json\/wp\/v2\/media?parent=15773"}],"wp:term":[{"taxonomy":"category","embeddable":true,"href":"https:\/\/lavoixdelanation.tg\/index.php\/wp-json\/wp\/v2\/categories?post=15773"},{"taxonomy":"post_tag","embeddable":true,"href":"https:\/\/lavoixdelanation.tg\/index.php\/wp-json\/wp\/v2\/tags?post=15773"}],"curies":[{"name":"wp","href":"https:\/\/api.w.org\/{rel}","templated":true}]}}