{"id":15770,"date":"2026-04-02T19:49:14","date_gmt":"2026-04-02T17:49:14","guid":{"rendered":"https:\/\/lavoixdelanation.tg\/?p=15770"},"modified":"2026-04-02T19:49:14","modified_gmt":"2026-04-02T17:49:14","slug":"togo-vers-une-modernisation-du-cadre-juridique-applicable-a-la-concurrence-et-a-la-protection-des-consommateurs","status":"publish","type":"post","link":"https:\/\/lavoixdelanation.tg\/index.php\/2026\/04\/02\/togo-vers-une-modernisation-du-cadre-juridique-applicable-a-la-concurrence-et-a-la-protection-des-consommateurs\/","title":{"rendered":"Togo\u00a0: Vers une modernisation du cadre juridique applicable \u00e0 la concurrence et \u00e0 la protection des consommateurs"},"content":{"rendered":"\n<p><strong>Le Togo veut <\/strong><strong>de moderniser son cadre juridique national applicable \u00e0 la concurrence et \u00e0 la protection des consommateurs. Un projet de loi portant organisation de la concurrence et protection des consommateurs dans le pays a \u00e9t\u00e9 adopt\u00e9 dans ce sens ce 1<sup>er<\/sup> avril 2026 par le Gouvernement r\u00e9uni en Conseil des Ministres.<\/strong><\/p>\n\n\n\n<p>Ce projet intervient dans un contexte marqu\u00e9 par l\u2019intensification des \u00e9changes commerciaux, l\u2019essor des technologies de l\u2019information et de la communication, ainsi que par les engagements communautaires et r\u00e9gionaux du Togo au sein de l\u2019UEMOA, de la CEDEAO et de la ZLECAf,<\/p>\n\n\n\n<p>Selon le gouvernement, le projet de loi adopt\u00e9 vise \u00e0 moderniser le cadre juridique national en mati\u00e8re de concurrence, en remplacement de la loi n\u00b0 99-011 du 28 d\u00e9cembre 1999, devenue insuffisamment adapt\u00e9e aux mutations \u00e9conomiques et technologiques.<\/p>\n\n\n\n<p>Il consacre la libert\u00e9 de commerce et la libert\u00e9 des prix, tout en encadrant les pratiques anticoncurrentielles telles que les ententes, les abus de position dominante et les op\u00e9rations de concentration.<\/p>\n\n\n\n<p>Le texte renforce \u00e9galement la protection des consommateurs \u00e0 travers l\u2019am\u00e9lioration de l\u2019information, la transparence des transactions commerciales et la lutte contre les pratiques d\u00e9loyales. Sur le plan institutionnel, il pr\u00e9voit la cr\u00e9ation d\u2019une commission nationale de la concurrence et de la protection des consommateurs charg\u00e9e de veiller \u00e0 l\u2019application effective de ces r\u00e8gles sur l\u2019ensemble du territoire national.<\/p>\n\n\n\n<p>In fine, l\u2019adoption de ce texte contribuera \u00e0 am\u00e9liorer la transparence des relations \u00e9conomiques, \u00e0 s\u00e9curiser les \u00e9changes commerciaux et \u00e0 renforcer l\u2019attractivit\u00e9 du Togo pour les investisseurs.<\/p>\n","protected":false},"excerpt":{"rendered":"<p>Le Togo veut de moderniser son cadre juridique national applicable \u00e0 la concurrence et \u00e0 la protection des consommateurs. Un projet de loi portant organisation de la concurrence et protection&hellip; <\/p>\n","protected":false},"author":1,"featured_media":15771,"comment_status":"open","ping_status":"closed","sticky":false,"template":"","format":"standard","meta":{"footnotes":""},"categories":[8],"tags":[244,341,257,39,161],"class_list":["post-15770","post","type-post","status-publish","format-standard","has-post-thumbnail","hentry","category-economie","tag-cadre-juridique","tag-concurrence","tag-consommateurs","tag-togo","tag-zlecaf"],"yoast_head":"<!-- This site is optimized with the Yoast SEO plugin v26.4 - https:\/\/yoast.com\/wordpress\/plugins\/seo\/ -->\n<title>Togo\u00a0: Vers une modernisation du cadre juridique applicable \u00e0 la concurrence et \u00e0 la protection des consommateurs - La Voix de la Nation<\/title>\n<meta name=\"robots\" content=\"index, follow, max-snippet:-1, max-image-preview:large, max-video-preview:-1\" \/>\n<link rel=\"canonical\" href=\"https:\/\/lavoixdelanation.tg\/index.php\/2026\/04\/02\/togo-vers-une-modernisation-du-cadre-juridique-applicable-a-la-concurrence-et-a-la-protection-des-consommateurs\/\" \/>\n<meta property=\"og:locale\" content=\"fr_FR\" \/>\n<meta property=\"og:type\" content=\"article\" \/>\n<meta property=\"og:title\" content=\"Togo\u00a0: Vers une modernisation du cadre juridique applicable \u00e0 la concurrence et \u00e0 la protection des consommateurs - La Voix de la Nation\" \/>\n<meta property=\"og:description\" content=\"Le Togo veut de moderniser son cadre juridique national applicable \u00e0 la concurrence et \u00e0 la protection des consommateurs. Un projet de loi portant organisation de la concurrence et protection&hellip;\" \/>\n<meta property=\"og:url\" content=\"https:\/\/lavoixdelanation.tg\/index.php\/2026\/04\/02\/togo-vers-une-modernisation-du-cadre-juridique-applicable-a-la-concurrence-et-a-la-protection-des-consommateurs\/\" \/>\n<meta property=\"og:site_name\" content=\"La Voix de la Nation\" \/>\n<meta property=\"article:publisher\" content=\"https:\/\/www.facebook.com\/lavoixdelanation\" \/>\n<meta property=\"article:published_time\" content=\"2026-04-02T17:49:14+00:00\" \/>\n<meta property=\"og:image\" content=\"https:\/\/lavoixdelanation.tg\/wp-content\/uploads\/2026\/04\/Modernisation-du-cadre-juridique-lie-a-la-concurrence-et-a-la-protection-des-consommateurs-au-Togo.jpg\" \/>\n\t<meta property=\"og:image:width\" content=\"613\" \/>\n\t<meta property=\"og:image:height\" content=\"382\" \/>\n\t<meta property=\"og:image:type\" content=\"image\/jpeg\" \/>\n<meta name=\"author\" content=\"La voix de la nation\" \/>\n<meta name=\"twitter:card\" content=\"summary_large_image\" \/>\n<meta name=\"twitter:label1\" content=\"\u00c9crit par\" \/>\n\t<meta name=\"twitter:data1\" content=\"La voix de la nation\" \/>\n\t<meta name=\"twitter:label2\" content=\"Dur\u00e9e de lecture estim\u00e9e\" \/>\n\t<meta name=\"twitter:data2\" content=\"2 minutes\" \/>\n<script type=\"application\/ld+json\" class=\"yoast-schema-graph\">{\"@context\":\"https:\/\/schema.org\",\"@graph\":[{\"@type\":\"Article\",\"@id\":\"https:\/\/lavoixdelanation.tg\/index.php\/2026\/04\/02\/togo-vers-une-modernisation-du-cadre-juridique-applicable-a-la-concurrence-et-a-la-protection-des-consommateurs\/#article\",\"isPartOf\":{\"@id\":\"https:\/\/lavoixdelanation.tg\/index.php\/2026\/04\/02\/togo-vers-une-modernisation-du-cadre-juridique-applicable-a-la-concurrence-et-a-la-protection-des-consommateurs\/\"},\"author\":{\"name\":\"La voix de la nation\",\"@id\":\"https:\/\/lavoixdelanation.tg\/#\/schema\/person\/6c489293aa38053673a9e554acb6e224\"},\"headline\":\"Togo\u00a0: Vers une modernisation du cadre juridique applicable \u00e0 la concurrence et \u00e0 la protection des consommateurs\",\"datePublished\":\"2026-04-02T17:49:14+00:00\",\"mainEntityOfPage\":{\"@id\":\"https:\/\/lavoixdelanation.tg\/index.php\/2026\/04\/02\/togo-vers-une-modernisation-du-cadre-juridique-applicable-a-la-concurrence-et-a-la-protection-des-consommateurs\/\"},\"wordCount\":280,\"commentCount\":0,\"publisher\":{\"@id\":\"https:\/\/lavoixdelanation.tg\/#organization\"},\"image\":{\"@id\":\"https:\/\/lavoixdelanation.tg\/index.php\/2026\/04\/02\/togo-vers-une-modernisation-du-cadre-juridique-applicable-a-la-concurrence-et-a-la-protection-des-consommateurs\/#primaryimage\"},\"thumbnailUrl\":\"https:\/\/lavoixdelanation.tg\/wp-content\/uploads\/2026\/04\/Modernisation-du-cadre-juridique-lie-a-la-concurrence-et-a-la-protection-des-consommateurs-au-Togo.jpg\",\"keywords\":[\"Cadre juridique\",\"Concurrence\",\"Consommateurs\",\"Togo\",\"ZLECAf\"],\"articleSection\":[\"Economie\"],\"inLanguage\":\"fr-FR\",\"potentialAction\":[{\"@type\":\"CommentAction\",\"name\":\"Comment\",\"target\":[\"https:\/\/lavoixdelanation.tg\/index.php\/2026\/04\/02\/togo-vers-une-modernisation-du-cadre-juridique-applicable-a-la-concurrence-et-a-la-protection-des-consommateurs\/#respond\"]}]},{\"@type\":\"WebPage\",\"@id\":\"https:\/\/lavoixdelanation.tg\/index.php\/2026\/04\/02\/togo-vers-une-modernisation-du-cadre-juridique-applicable-a-la-concurrence-et-a-la-protection-des-consommateurs\/\",\"url\":\"https:\/\/lavoixdelanation.tg\/index.php\/2026\/04\/02\/togo-vers-une-modernisation-du-cadre-juridique-applicable-a-la-concurrence-et-a-la-protection-des-consommateurs\/\",\"name\":\"Togo\u00a0: Vers une modernisation du cadre juridique applicable \u00e0 la concurrence et \u00e0 la protection des consommateurs - La Voix de la Nation\",\"isPartOf\":{\"@id\":\"https:\/\/lavoixdelanation.tg\/#website\"},\"primaryImageOfPage\":{\"@id\":\"https:\/\/lavoixdelanation.tg\/index.php\/2026\/04\/02\/togo-vers-une-modernisation-du-cadre-juridique-applicable-a-la-concurrence-et-a-la-protection-des-consommateurs\/#primaryimage\"},\"image\":{\"@id\":\"https:\/\/lavoixdelanation.tg\/index.php\/2026\/04\/02\/togo-vers-une-modernisation-du-cadre-juridique-applicable-a-la-concurrence-et-a-la-protection-des-consommateurs\/#primaryimage\"},\"thumbnailUrl\":\"https:\/\/lavoixdelanation.tg\/wp-content\/uploads\/2026\/04\/Modernisation-du-cadre-juridique-lie-a-la-concurrence-et-a-la-protection-des-consommateurs-au-Togo.jpg\",\"datePublished\":\"2026-04-02T17:49:14+00:00\",\"breadcrumb\":{\"@id\":\"https:\/\/lavoixdelanation.tg\/index.php\/2026\/04\/02\/togo-vers-une-modernisation-du-cadre-juridique-applicable-a-la-concurrence-et-a-la-protection-des-consommateurs\/#breadcrumb\"},\"inLanguage\":\"fr-FR\",\"potentialAction\":[{\"@type\":\"ReadAction\",\"target\":[\"https:\/\/lavoixdelanation.tg\/index.php\/2026\/04\/02\/togo-vers-une-modernisation-du-cadre-juridique-applicable-a-la-concurrence-et-a-la-protection-des-consommateurs\/\"]}]},{\"@type\":\"ImageObject\",\"inLanguage\":\"fr-FR\",\"@id\":\"https:\/\/lavoixdelanation.tg\/index.php\/2026\/04\/02\/togo-vers-une-modernisation-du-cadre-juridique-applicable-a-la-concurrence-et-a-la-protection-des-consommateurs\/#primaryimage\",\"url\":\"https:\/\/lavoixdelanation.tg\/wp-content\/uploads\/2026\/04\/Modernisation-du-cadre-juridique-lie-a-la-concurrence-et-a-la-protection-des-consommateurs-au-Togo.jpg\",\"contentUrl\":\"https:\/\/lavoixdelanation.tg\/wp-content\/uploads\/2026\/04\/Modernisation-du-cadre-juridique-lie-a-la-concurrence-et-a-la-protection-des-consommateurs-au-Togo.jpg\",\"width\":613,\"height\":382},{\"@type\":\"BreadcrumbList\",\"@id\":\"https:\/\/lavoixdelanation.tg\/index.php\/2026\/04\/02\/togo-vers-une-modernisation-du-cadre-juridique-applicable-a-la-concurrence-et-a-la-protection-des-consommateurs\/#breadcrumb\",\"itemListElement\":[{\"@type\":\"ListItem\",\"position\":1,\"name\":\"Accueil\",\"item\":\"https:\/\/lavoixdelanation.tg\/\"},{\"@type\":\"ListItem\",\"position\":2,\"name\":\"Togo\u00a0: Vers une modernisation du cadre juridique applicable \u00e0 la concurrence et \u00e0 la protection des consommateurs\"}]},{\"@type\":\"WebSite\",\"@id\":\"https:\/\/lavoixdelanation.tg\/#website\",\"url\":\"https:\/\/lavoixdelanation.tg\/\",\"name\":\"La Voix de la Nation\",\"description\":\"R\u00e9c\u00e9piss\u00e9 n\u00b00108\/HAAC\/01-2024\/pl\/P\",\"publisher\":{\"@id\":\"https:\/\/lavoixdelanation.tg\/#organization\"},\"alternateName\":\"VON\",\"potentialAction\":[{\"@type\":\"SearchAction\",\"target\":{\"@type\":\"EntryPoint\",\"urlTemplate\":\"https:\/\/lavoixdelanation.tg\/?s={search_term_string}\"},\"query-input\":{\"@type\":\"PropertyValueSpecification\",\"valueRequired\":true,\"valueName\":\"search_term_string\"}}],\"inLanguage\":\"fr-FR\"},{\"@type\":\"Organization\",\"@id\":\"https:\/\/lavoixdelanation.tg\/#organization\",\"name\":\"La Voix de la Nation\",\"url\":\"https:\/\/lavoixdelanation.tg\/\",\"logo\":{\"@type\":\"ImageObject\",\"inLanguage\":\"fr-FR\",\"@id\":\"https:\/\/lavoixdelanation.tg\/#\/schema\/logo\/image\/\",\"url\":\"https:\/\/lavoixdelanation.tg\/wp-content\/uploads\/2024\/12\/lavn-1.png\",\"contentUrl\":\"https:\/\/lavoixdelanation.tg\/wp-content\/uploads\/2024\/12\/lavn-1.png\",\"width\":1024,\"height\":464,\"caption\":\"La Voix de la Nation\"},\"image\":{\"@id\":\"https:\/\/lavoixdelanation.tg\/#\/schema\/logo\/image\/\"},\"sameAs\":[\"https:\/\/www.facebook.com\/lavoixdelanation\"]},{\"@type\":\"Person\",\"@id\":\"https:\/\/lavoixdelanation.tg\/#\/schema\/person\/6c489293aa38053673a9e554acb6e224\",\"name\":\"La voix de la nation\",\"image\":{\"@type\":\"ImageObject\",\"inLanguage\":\"fr-FR\",\"@id\":\"https:\/\/lavoixdelanation.tg\/#\/schema\/person\/image\/\",\"url\":\"https:\/\/secure.gravatar.com\/avatar\/8aa135d4bbc794494cecaa8d483f6d6cc1023624868deaff686baed5e727a5a1?s=96&d=mm&r=g\",\"contentUrl\":\"https:\/\/secure.gravatar.com\/avatar\/8aa135d4bbc794494cecaa8d483f6d6cc1023624868deaff686baed5e727a5a1?s=96&d=mm&r=g\",\"caption\":\"La voix de la nation\"},\"sameAs\":[\"https:\/\/lavoixdelanation.tg\"],\"url\":\"https:\/\/lavoixdelanation.tg\/index.php\/author\/lavn\/\"}]}<\/script>\n<!-- \/ Yoast SEO plugin. -->","yoast_head_json":{"title":"Togo\u00a0: Vers une modernisation du cadre juridique applicable \u00e0 la concurrence et \u00e0 la protection des consommateurs - La Voix de la Nation","robots":{"index":"index","follow":"follow","max-snippet":"max-snippet:-1","max-image-preview":"max-image-preview:large","max-video-preview":"max-video-preview:-1"},"canonical":"https:\/\/lavoixdelanation.tg\/index.php\/2026\/04\/02\/togo-vers-une-modernisation-du-cadre-juridique-applicable-a-la-concurrence-et-a-la-protection-des-consommateurs\/","og_locale":"fr_FR","og_type":"article","og_title":"Togo\u00a0: Vers une modernisation du cadre juridique applicable \u00e0 la concurrence et \u00e0 la protection des consommateurs - La Voix de la Nation","og_description":"Le Togo veut de moderniser son cadre juridique national applicable \u00e0 la concurrence et \u00e0 la protection des consommateurs. Un projet de loi portant organisation de la concurrence et protection&hellip;","og_url":"https:\/\/lavoixdelanation.tg\/index.php\/2026\/04\/02\/togo-vers-une-modernisation-du-cadre-juridique-applicable-a-la-concurrence-et-a-la-protection-des-consommateurs\/","og_site_name":"La Voix de la Nation","article_publisher":"https:\/\/www.facebook.com\/lavoixdelanation","article_published_time":"2026-04-02T17:49:14+00:00","og_image":[{"width":613,"height":382,"url":"https:\/\/lavoixdelanation.tg\/wp-content\/uploads\/2026\/04\/Modernisation-du-cadre-juridique-lie-a-la-concurrence-et-a-la-protection-des-consommateurs-au-Togo.jpg","type":"image\/jpeg"}],"author":"La voix de la nation","twitter_card":"summary_large_image","twitter_misc":{"\u00c9crit par":"La voix de la nation","Dur\u00e9e de lecture estim\u00e9e":"2 minutes"},"schema":{"@context":"https:\/\/schema.org","@graph":[{"@type":"Article","@id":"https:\/\/lavoixdelanation.tg\/index.php\/2026\/04\/02\/togo-vers-une-modernisation-du-cadre-juridique-applicable-a-la-concurrence-et-a-la-protection-des-consommateurs\/#article","isPartOf":{"@id":"https:\/\/lavoixdelanation.tg\/index.php\/2026\/04\/02\/togo-vers-une-modernisation-du-cadre-juridique-applicable-a-la-concurrence-et-a-la-protection-des-consommateurs\/"},"author":{"name":"La voix de la nation","@id":"https:\/\/lavoixdelanation.tg\/#\/schema\/person\/6c489293aa38053673a9e554acb6e224"},"headline":"Togo\u00a0: Vers une modernisation du cadre juridique applicable \u00e0 la concurrence et \u00e0 la protection des consommateurs","datePublished":"2026-04-02T17:49:14+00:00","mainEntityOfPage":{"@id":"https:\/\/lavoixdelanation.tg\/index.php\/2026\/04\/02\/togo-vers-une-modernisation-du-cadre-juridique-applicable-a-la-concurrence-et-a-la-protection-des-consommateurs\/"},"wordCount":280,"commentCount":0,"publisher":{"@id":"https:\/\/lavoixdelanation.tg\/#organization"},"image":{"@id":"https:\/\/lavoixdelanation.tg\/index.php\/2026\/04\/02\/togo-vers-une-modernisation-du-cadre-juridique-applicable-a-la-concurrence-et-a-la-protection-des-consommateurs\/#primaryimage"},"thumbnailUrl":"https:\/\/lavoixdelanation.tg\/wp-content\/uploads\/2026\/04\/Modernisation-du-cadre-juridique-lie-a-la-concurrence-et-a-la-protection-des-consommateurs-au-Togo.jpg","keywords":["Cadre juridique","Concurrence","Consommateurs","Togo","ZLECAf"],"articleSection":["Economie"],"inLanguage":"fr-FR","potentialAction":[{"@type":"CommentAction","name":"Comment","target":["https:\/\/lavoixdelanation.tg\/index.php\/2026\/04\/02\/togo-vers-une-modernisation-du-cadre-juridique-applicable-a-la-concurrence-et-a-la-protection-des-consommateurs\/#respond"]}]},{"@type":"WebPage","@id":"https:\/\/lavoixdelanation.tg\/index.php\/2026\/04\/02\/togo-vers-une-modernisation-du-cadre-juridique-applicable-a-la-concurrence-et-a-la-protection-des-consommateurs\/","url":"https:\/\/lavoixdelanation.tg\/index.php\/2026\/04\/02\/togo-vers-une-modernisation-du-cadre-juridique-applicable-a-la-concurrence-et-a-la-protection-des-consommateurs\/","name":"Togo\u00a0: Vers une modernisation du cadre juridique applicable \u00e0 la concurrence et \u00e0 la protection des consommateurs - La Voix de la Nation","isPartOf":{"@id":"https:\/\/lavoixdelanation.tg\/#website"},"primaryImageOfPage":{"@id":"https:\/\/lavoixdelanation.tg\/index.php\/2026\/04\/02\/togo-vers-une-modernisation-du-cadre-juridique-applicable-a-la-concurrence-et-a-la-protection-des-consommateurs\/#primaryimage"},"image":{"@id":"https:\/\/lavoixdelanation.tg\/index.php\/2026\/04\/02\/togo-vers-une-modernisation-du-cadre-juridique-applicable-a-la-concurrence-et-a-la-protection-des-consommateurs\/#primaryimage"},"thumbnailUrl":"https:\/\/lavoixdelanation.tg\/wp-content\/uploads\/2026\/04\/Modernisation-du-cadre-juridique-lie-a-la-concurrence-et-a-la-protection-des-consommateurs-au-Togo.jpg","datePublished":"2026-04-02T17:49:14+00:00","breadcrumb":{"@id":"https:\/\/lavoixdelanation.tg\/index.php\/2026\/04\/02\/togo-vers-une-modernisation-du-cadre-juridique-applicable-a-la-concurrence-et-a-la-protection-des-consommateurs\/#breadcrumb"},"inLanguage":"fr-FR","potentialAction":[{"@type":"ReadAction","target":["https:\/\/lavoixdelanation.tg\/index.php\/2026\/04\/02\/togo-vers-une-modernisation-du-cadre-juridique-applicable-a-la-concurrence-et-a-la-protection-des-consommateurs\/"]}]},{"@type":"ImageObject","inLanguage":"fr-FR","@id":"https:\/\/lavoixdelanation.tg\/index.php\/2026\/04\/02\/togo-vers-une-modernisation-du-cadre-juridique-applicable-a-la-concurrence-et-a-la-protection-des-consommateurs\/#primaryimage","url":"https:\/\/lavoixdelanation.tg\/wp-content\/uploads\/2026\/04\/Modernisation-du-cadre-juridique-lie-a-la-concurrence-et-a-la-protection-des-consommateurs-au-Togo.jpg","contentUrl":"https:\/\/lavoixdelanation.tg\/wp-content\/uploads\/2026\/04\/Modernisation-du-cadre-juridique-lie-a-la-concurrence-et-a-la-protection-des-consommateurs-au-Togo.jpg","width":613,"height":382},{"@type":"BreadcrumbList","@id":"https:\/\/lavoixdelanation.tg\/index.php\/2026\/04\/02\/togo-vers-une-modernisation-du-cadre-juridique-applicable-a-la-concurrence-et-a-la-protection-des-consommateurs\/#breadcrumb","itemListElement":[{"@type":"ListItem","position":1,"name":"Accueil","item":"https:\/\/lavoixdelanation.tg\/"},{"@type":"ListItem","position":2,"name":"Togo\u00a0: Vers une modernisation du cadre juridique applicable \u00e0 la concurrence et \u00e0 la protection des consommateurs"}]},{"@type":"WebSite","@id":"https:\/\/lavoixdelanation.tg\/#website","url":"https:\/\/lavoixdelanation.tg\/","name":"La Voix de la Nation","description":"R\u00e9c\u00e9piss\u00e9 n\u00b00108\/HAAC\/01-2024\/pl\/P","publisher":{"@id":"https:\/\/lavoixdelanation.tg\/#organization"},"alternateName":"VON","potentialAction":[{"@type":"SearchAction","target":{"@type":"EntryPoint","urlTemplate":"https:\/\/lavoixdelanation.tg\/?s={search_term_string}"},"query-input":{"@type":"PropertyValueSpecification","valueRequired":true,"valueName":"search_term_string"}}],"inLanguage":"fr-FR"},{"@type":"Organization","@id":"https:\/\/lavoixdelanation.tg\/#organization","name":"La Voix de la Nation","url":"https:\/\/lavoixdelanation.tg\/","logo":{"@type":"ImageObject","inLanguage":"fr-FR","@id":"https:\/\/lavoixdelanation.tg\/#\/schema\/logo\/image\/","url":"https:\/\/lavoixdelanation.tg\/wp-content\/uploads\/2024\/12\/lavn-1.png","contentUrl":"https:\/\/lavoixdelanation.tg\/wp-content\/uploads\/2024\/12\/lavn-1.png","width":1024,"height":464,"caption":"La Voix de la Nation"},"image":{"@id":"https:\/\/lavoixdelanation.tg\/#\/schema\/logo\/image\/"},"sameAs":["https:\/\/www.facebook.com\/lavoixdelanation"]},{"@type":"Person","@id":"https:\/\/lavoixdelanation.tg\/#\/schema\/person\/6c489293aa38053673a9e554acb6e224","name":"La voix de la nation","image":{"@type":"ImageObject","inLanguage":"fr-FR","@id":"https:\/\/lavoixdelanation.tg\/#\/schema\/person\/image\/","url":"https:\/\/secure.gravatar.com\/avatar\/8aa135d4bbc794494cecaa8d483f6d6cc1023624868deaff686baed5e727a5a1?s=96&d=mm&r=g","contentUrl":"https:\/\/secure.gravatar.com\/avatar\/8aa135d4bbc794494cecaa8d483f6d6cc1023624868deaff686baed5e727a5a1?s=96&d=mm&r=g","caption":"La voix de la nation"},"sameAs":["https:\/\/lavoixdelanation.tg"],"url":"https:\/\/lavoixdelanation.tg\/index.php\/author\/lavn\/"}]}},"_links":{"self":[{"href":"https:\/\/lavoixdelanation.tg\/index.php\/wp-json\/wp\/v2\/posts\/15770","targetHints":{"allow":["GET"]}}],"collection":[{"href":"https:\/\/lavoixdelanation.tg\/index.php\/wp-json\/wp\/v2\/posts"}],"about":[{"href":"https:\/\/lavoixdelanation.tg\/index.php\/wp-json\/wp\/v2\/types\/post"}],"author":[{"embeddable":true,"href":"https:\/\/lavoixdelanation.tg\/index.php\/wp-json\/wp\/v2\/users\/1"}],"replies":[{"embeddable":true,"href":"https:\/\/lavoixdelanation.tg\/index.php\/wp-json\/wp\/v2\/comments?post=15770"}],"version-history":[{"count":1,"href":"https:\/\/lavoixdelanation.tg\/index.php\/wp-json\/wp\/v2\/posts\/15770\/revisions"}],"predecessor-version":[{"id":15772,"href":"https:\/\/lavoixdelanation.tg\/index.php\/wp-json\/wp\/v2\/posts\/15770\/revisions\/15772"}],"wp:featuredmedia":[{"embeddable":true,"href":"https:\/\/lavoixdelanation.tg\/index.php\/wp-json\/wp\/v2\/media\/15771"}],"wp:attachment":[{"href":"https:\/\/lavoixdelanation.tg\/index.php\/wp-json\/wp\/v2\/media?parent=15770"}],"wp:term":[{"taxonomy":"category","embeddable":true,"href":"https:\/\/lavoixdelanation.tg\/index.php\/wp-json\/wp\/v2\/categories?post=15770"},{"taxonomy":"post_tag","embeddable":true,"href":"https:\/\/lavoixdelanation.tg\/index.php\/wp-json\/wp\/v2\/tags?post=15770"}],"curies":[{"name":"wp","href":"https:\/\/api.w.org\/{rel}","templated":true}]}}