{"id":15767,"date":"2026-04-02T15:33:26","date_gmt":"2026-04-02T13:33:26","guid":{"rendered":"https:\/\/lavoixdelanation.tg\/?p=15767"},"modified":"2026-04-02T15:33:27","modified_gmt":"2026-04-02T13:33:27","slug":"togo-le-colonel-atafai-tchangani-nomme-chef-du-corps-des-agents-des-eaux-et-forets","status":"publish","type":"post","link":"https:\/\/lavoixdelanation.tg\/index.php\/2026\/04\/02\/togo-le-colonel-atafai-tchangani-nomme-chef-du-corps-des-agents-des-eaux-et-forets\/","title":{"rendered":"Togo\u00a0: Le colonel ATAFAI Tchangani nomm\u00e9 Chef du Corps des agents des eaux et for\u00eats"},"content":{"rendered":"\n<p><strong>Le <\/strong><strong>Corps des agents des eaux et for\u00eats du Togo dispose d\u2019un nouveau chef en la personne du Colonel ATAFAI Tchangani. Il a \u00e9t\u00e9 nomm\u00e9 le 1er Avril 2026 par d\u00e9cret pris en Conseil des Ministres.<\/strong><\/p>\n\n\n\n<p>N\u00e9 le 17 juin 1973 \u00e0 Kara, le colonel ATAFAI Tchangani est form\u00e9 \u00e0 l\u2019\u00c9cole sp\u00e9ciale militaire de Saint-Cyr en France de 1995 \u00e0 1998, o\u00f9 il re\u00e7oit une formation d\u2019officier d\u2019infanterie, compl\u00e9t\u00e9e par une sp\u00e9cialisation en infanterie a\u00e9roport\u00e9e \u00e0 Montpellier.<\/p>\n\n\n\n<p>Il est brevet\u00e9 de l\u2019\u00c9cole de Guerre de Paris en 2018 ; et nanti d\u2019un Master professionnel en \u00ab D\u00e9fense et Dynamique industrielle \u00bb \u00e0 l\u2019Universit\u00e9 Paris II Panth\u00e9on-Assas.<\/p>\n\n\n\n<p>Selon le Minist\u00e8re des arm\u00e9es, Colonel ATAFAI Tchangani a particip\u00e9 \u00e0 plusieurs op\u00e9rations de maintien de la paix sous l\u2019\u00e9gide des Nations Unies, notamment au sein de la MINUSMA au Mali, de la mission UNAMID au Darfour (Soudan) et de l\u2019ONUCI en C\u00f4te d\u2019Ivoire, o\u00f9 il a exerc\u00e9 le commandement du 22e bataillon togolais.<\/p>\n\n\n\n<p>Il jouit d\u2019une tr\u00e8s bonne exp\u00e9rience de commandement des unit\u00e9s. Il a \u00e9t\u00e9 successivement commandant des agents de l\u2019administration p\u00e9nitentiaire de 2019 \u00e0 2020; commandant du premier bataillon d\u2019intervention rapide (1er BIR) du 05 mai 2020 au 30 octobre 2023, puis commandant du deuxi\u00e8me bataillon d\u2019intervention rapide (2e BIR) du 30 octobre 2023 au 05 f\u00e9vrier 2025.<\/p>\n\n\n\n<p>Au titre des distinctions honorifiques, outre les m\u00e9dailles obtenues au cours des missions ext\u00e9rieures pr\u00e9cit\u00e9es, il a \u00e9t\u00e9 \u00e9lev\u00e9 au rang d\u2019Officier de l\u2019Ordre du Mono et de l\u2019Ordre national du M\u00e9rite du Togo.<\/p>\n\n\n\n<p>Avant sa nomination, il \u00e9tait \u00e0 la division des op\u00e9rations de l\u2019Etat-major G\u00e9n\u00e9ral des Forces Arm\u00e9es Togolaises (FAT).<\/p>\n","protected":false},"excerpt":{"rendered":"<p>Le Corps des agents des eaux et for\u00eats du Togo dispose d\u2019un nouveau chef en la personne du Colonel ATAFAI Tchangani. Il a \u00e9t\u00e9 nomm\u00e9 le 1er Avril 2026 par&hellip; <\/p>\n","protected":false},"author":1,"featured_media":15768,"comment_status":"open","ping_status":"closed","sticky":false,"template":"","format":"standard","meta":{"footnotes":""},"categories":[29],"tags":[1371,1369,1370,39],"class_list":["post-15767","post","type-post","status-publish","format-standard","has-post-thumbnail","hentry","category-societe","tag-agents-des-eaux-et-forets","tag-atafai-tchangani","tag-chef-du-corps","tag-togo"],"yoast_head":"<!-- This site is optimized with the Yoast SEO plugin v26.4 - https:\/\/yoast.com\/wordpress\/plugins\/seo\/ -->\n<title>Togo\u00a0: Le colonel ATAFAI Tchangani nomm\u00e9 Chef du Corps des agents des eaux et for\u00eats - La Voix de la Nation<\/title>\n<meta name=\"robots\" content=\"index, follow, max-snippet:-1, max-image-preview:large, max-video-preview:-1\" \/>\n<link rel=\"canonical\" href=\"https:\/\/lavoixdelanation.tg\/index.php\/2026\/04\/02\/togo-le-colonel-atafai-tchangani-nomme-chef-du-corps-des-agents-des-eaux-et-forets\/\" \/>\n<meta property=\"og:locale\" content=\"fr_FR\" \/>\n<meta property=\"og:type\" content=\"article\" \/>\n<meta property=\"og:title\" content=\"Togo\u00a0: Le colonel ATAFAI Tchangani nomm\u00e9 Chef du Corps des agents des eaux et for\u00eats - La Voix de la Nation\" \/>\n<meta property=\"og:description\" content=\"Le Corps des agents des eaux et for\u00eats du Togo dispose d\u2019un nouveau chef en la personne du Colonel ATAFAI Tchangani. Il a \u00e9t\u00e9 nomm\u00e9 le 1er Avril 2026 par&hellip;\" \/>\n<meta property=\"og:url\" content=\"https:\/\/lavoixdelanation.tg\/index.php\/2026\/04\/02\/togo-le-colonel-atafai-tchangani-nomme-chef-du-corps-des-agents-des-eaux-et-forets\/\" \/>\n<meta property=\"og:site_name\" content=\"La Voix de la Nation\" \/>\n<meta property=\"article:publisher\" content=\"https:\/\/www.facebook.com\/lavoixdelanation\" \/>\n<meta property=\"article:published_time\" content=\"2026-04-02T13:33:26+00:00\" \/>\n<meta property=\"article:modified_time\" content=\"2026-04-02T13:33:27+00:00\" \/>\n<meta property=\"og:image\" content=\"https:\/\/lavoixdelanation.tg\/wp-content\/uploads\/2026\/04\/Colonel-ATAFAI-Tchangani-Chef-du-Corps-des-agents-des-eaux-et-forets.jpg\" \/>\n\t<meta property=\"og:image:width\" content=\"526\" \/>\n\t<meta property=\"og:image:height\" content=\"448\" \/>\n\t<meta property=\"og:image:type\" content=\"image\/jpeg\" \/>\n<meta name=\"author\" content=\"La voix de la nation\" \/>\n<meta name=\"twitter:card\" content=\"summary_large_image\" \/>\n<meta name=\"twitter:label1\" content=\"\u00c9crit par\" \/>\n\t<meta name=\"twitter:data1\" content=\"La voix de la nation\" \/>\n\t<meta name=\"twitter:label2\" content=\"Dur\u00e9e de lecture estim\u00e9e\" \/>\n\t<meta name=\"twitter:data2\" content=\"2 minutes\" \/>\n<script type=\"application\/ld+json\" class=\"yoast-schema-graph\">{\"@context\":\"https:\/\/schema.org\",\"@graph\":[{\"@type\":\"Article\",\"@id\":\"https:\/\/lavoixdelanation.tg\/index.php\/2026\/04\/02\/togo-le-colonel-atafai-tchangani-nomme-chef-du-corps-des-agents-des-eaux-et-forets\/#article\",\"isPartOf\":{\"@id\":\"https:\/\/lavoixdelanation.tg\/index.php\/2026\/04\/02\/togo-le-colonel-atafai-tchangani-nomme-chef-du-corps-des-agents-des-eaux-et-forets\/\"},\"author\":{\"name\":\"La voix de la nation\",\"@id\":\"https:\/\/lavoixdelanation.tg\/#\/schema\/person\/6c489293aa38053673a9e554acb6e224\"},\"headline\":\"Togo\u00a0: Le colonel ATAFAI Tchangani nomm\u00e9 Chef du Corps des agents des eaux et for\u00eats\",\"datePublished\":\"2026-04-02T13:33:26+00:00\",\"dateModified\":\"2026-04-02T13:33:27+00:00\",\"mainEntityOfPage\":{\"@id\":\"https:\/\/lavoixdelanation.tg\/index.php\/2026\/04\/02\/togo-le-colonel-atafai-tchangani-nomme-chef-du-corps-des-agents-des-eaux-et-forets\/\"},\"wordCount\":306,\"commentCount\":0,\"publisher\":{\"@id\":\"https:\/\/lavoixdelanation.tg\/#organization\"},\"image\":{\"@id\":\"https:\/\/lavoixdelanation.tg\/index.php\/2026\/04\/02\/togo-le-colonel-atafai-tchangani-nomme-chef-du-corps-des-agents-des-eaux-et-forets\/#primaryimage\"},\"thumbnailUrl\":\"https:\/\/lavoixdelanation.tg\/wp-content\/uploads\/2026\/04\/Colonel-ATAFAI-Tchangani-Chef-du-Corps-des-agents-des-eaux-et-forets.jpg\",\"keywords\":[\"agents des eaux et for\u00eats\",\"ATAFAI Tchangani\",\"Chef du Corps\",\"Togo\"],\"articleSection\":[\"Soci\u00e9t\u00e9\"],\"inLanguage\":\"fr-FR\",\"potentialAction\":[{\"@type\":\"CommentAction\",\"name\":\"Comment\",\"target\":[\"https:\/\/lavoixdelanation.tg\/index.php\/2026\/04\/02\/togo-le-colonel-atafai-tchangani-nomme-chef-du-corps-des-agents-des-eaux-et-forets\/#respond\"]}]},{\"@type\":\"WebPage\",\"@id\":\"https:\/\/lavoixdelanation.tg\/index.php\/2026\/04\/02\/togo-le-colonel-atafai-tchangani-nomme-chef-du-corps-des-agents-des-eaux-et-forets\/\",\"url\":\"https:\/\/lavoixdelanation.tg\/index.php\/2026\/04\/02\/togo-le-colonel-atafai-tchangani-nomme-chef-du-corps-des-agents-des-eaux-et-forets\/\",\"name\":\"Togo\u00a0: Le colonel ATAFAI Tchangani nomm\u00e9 Chef du Corps des agents des eaux et for\u00eats - La Voix de la Nation\",\"isPartOf\":{\"@id\":\"https:\/\/lavoixdelanation.tg\/#website\"},\"primaryImageOfPage\":{\"@id\":\"https:\/\/lavoixdelanation.tg\/index.php\/2026\/04\/02\/togo-le-colonel-atafai-tchangani-nomme-chef-du-corps-des-agents-des-eaux-et-forets\/#primaryimage\"},\"image\":{\"@id\":\"https:\/\/lavoixdelanation.tg\/index.php\/2026\/04\/02\/togo-le-colonel-atafai-tchangani-nomme-chef-du-corps-des-agents-des-eaux-et-forets\/#primaryimage\"},\"thumbnailUrl\":\"https:\/\/lavoixdelanation.tg\/wp-content\/uploads\/2026\/04\/Colonel-ATAFAI-Tchangani-Chef-du-Corps-des-agents-des-eaux-et-forets.jpg\",\"datePublished\":\"2026-04-02T13:33:26+00:00\",\"dateModified\":\"2026-04-02T13:33:27+00:00\",\"breadcrumb\":{\"@id\":\"https:\/\/lavoixdelanation.tg\/index.php\/2026\/04\/02\/togo-le-colonel-atafai-tchangani-nomme-chef-du-corps-des-agents-des-eaux-et-forets\/#breadcrumb\"},\"inLanguage\":\"fr-FR\",\"potentialAction\":[{\"@type\":\"ReadAction\",\"target\":[\"https:\/\/lavoixdelanation.tg\/index.php\/2026\/04\/02\/togo-le-colonel-atafai-tchangani-nomme-chef-du-corps-des-agents-des-eaux-et-forets\/\"]}]},{\"@type\":\"ImageObject\",\"inLanguage\":\"fr-FR\",\"@id\":\"https:\/\/lavoixdelanation.tg\/index.php\/2026\/04\/02\/togo-le-colonel-atafai-tchangani-nomme-chef-du-corps-des-agents-des-eaux-et-forets\/#primaryimage\",\"url\":\"https:\/\/lavoixdelanation.tg\/wp-content\/uploads\/2026\/04\/Colonel-ATAFAI-Tchangani-Chef-du-Corps-des-agents-des-eaux-et-forets.jpg\",\"contentUrl\":\"https:\/\/lavoixdelanation.tg\/wp-content\/uploads\/2026\/04\/Colonel-ATAFAI-Tchangani-Chef-du-Corps-des-agents-des-eaux-et-forets.jpg\",\"width\":526,\"height\":448,\"caption\":\"Colonel ATAFAI Tchangani, Chef du Corps des agents des eaux et for\u00eats\"},{\"@type\":\"BreadcrumbList\",\"@id\":\"https:\/\/lavoixdelanation.tg\/index.php\/2026\/04\/02\/togo-le-colonel-atafai-tchangani-nomme-chef-du-corps-des-agents-des-eaux-et-forets\/#breadcrumb\",\"itemListElement\":[{\"@type\":\"ListItem\",\"position\":1,\"name\":\"Accueil\",\"item\":\"https:\/\/lavoixdelanation.tg\/\"},{\"@type\":\"ListItem\",\"position\":2,\"name\":\"Togo\u00a0: Le colonel ATAFAI Tchangani nomm\u00e9 Chef du Corps des agents des eaux et for\u00eats\"}]},{\"@type\":\"WebSite\",\"@id\":\"https:\/\/lavoixdelanation.tg\/#website\",\"url\":\"https:\/\/lavoixdelanation.tg\/\",\"name\":\"La Voix de la Nation\",\"description\":\"R\u00e9c\u00e9piss\u00e9 n\u00b00108\/HAAC\/01-2024\/pl\/P\",\"publisher\":{\"@id\":\"https:\/\/lavoixdelanation.tg\/#organization\"},\"alternateName\":\"VON\",\"potentialAction\":[{\"@type\":\"SearchAction\",\"target\":{\"@type\":\"EntryPoint\",\"urlTemplate\":\"https:\/\/lavoixdelanation.tg\/?s={search_term_string}\"},\"query-input\":{\"@type\":\"PropertyValueSpecification\",\"valueRequired\":true,\"valueName\":\"search_term_string\"}}],\"inLanguage\":\"fr-FR\"},{\"@type\":\"Organization\",\"@id\":\"https:\/\/lavoixdelanation.tg\/#organization\",\"name\":\"La Voix de la Nation\",\"url\":\"https:\/\/lavoixdelanation.tg\/\",\"logo\":{\"@type\":\"ImageObject\",\"inLanguage\":\"fr-FR\",\"@id\":\"https:\/\/lavoixdelanation.tg\/#\/schema\/logo\/image\/\",\"url\":\"https:\/\/lavoixdelanation.tg\/wp-content\/uploads\/2024\/12\/lavn-1.png\",\"contentUrl\":\"https:\/\/lavoixdelanation.tg\/wp-content\/uploads\/2024\/12\/lavn-1.png\",\"width\":1024,\"height\":464,\"caption\":\"La Voix de la Nation\"},\"image\":{\"@id\":\"https:\/\/lavoixdelanation.tg\/#\/schema\/logo\/image\/\"},\"sameAs\":[\"https:\/\/www.facebook.com\/lavoixdelanation\"]},{\"@type\":\"Person\",\"@id\":\"https:\/\/lavoixdelanation.tg\/#\/schema\/person\/6c489293aa38053673a9e554acb6e224\",\"name\":\"La voix de la nation\",\"image\":{\"@type\":\"ImageObject\",\"inLanguage\":\"fr-FR\",\"@id\":\"https:\/\/lavoixdelanation.tg\/#\/schema\/person\/image\/\",\"url\":\"https:\/\/secure.gravatar.com\/avatar\/8aa135d4bbc794494cecaa8d483f6d6cc1023624868deaff686baed5e727a5a1?s=96&d=mm&r=g\",\"contentUrl\":\"https:\/\/secure.gravatar.com\/avatar\/8aa135d4bbc794494cecaa8d483f6d6cc1023624868deaff686baed5e727a5a1?s=96&d=mm&r=g\",\"caption\":\"La voix de la nation\"},\"sameAs\":[\"https:\/\/lavoixdelanation.tg\"],\"url\":\"https:\/\/lavoixdelanation.tg\/index.php\/author\/lavn\/\"}]}<\/script>\n<!-- \/ Yoast SEO plugin. -->","yoast_head_json":{"title":"Togo\u00a0: Le colonel ATAFAI Tchangani nomm\u00e9 Chef du Corps des agents des eaux et for\u00eats - La Voix de la Nation","robots":{"index":"index","follow":"follow","max-snippet":"max-snippet:-1","max-image-preview":"max-image-preview:large","max-video-preview":"max-video-preview:-1"},"canonical":"https:\/\/lavoixdelanation.tg\/index.php\/2026\/04\/02\/togo-le-colonel-atafai-tchangani-nomme-chef-du-corps-des-agents-des-eaux-et-forets\/","og_locale":"fr_FR","og_type":"article","og_title":"Togo\u00a0: Le colonel ATAFAI Tchangani nomm\u00e9 Chef du Corps des agents des eaux et for\u00eats - La Voix de la Nation","og_description":"Le Corps des agents des eaux et for\u00eats du Togo dispose d\u2019un nouveau chef en la personne du Colonel ATAFAI Tchangani. Il a \u00e9t\u00e9 nomm\u00e9 le 1er Avril 2026 par&hellip;","og_url":"https:\/\/lavoixdelanation.tg\/index.php\/2026\/04\/02\/togo-le-colonel-atafai-tchangani-nomme-chef-du-corps-des-agents-des-eaux-et-forets\/","og_site_name":"La Voix de la Nation","article_publisher":"https:\/\/www.facebook.com\/lavoixdelanation","article_published_time":"2026-04-02T13:33:26+00:00","article_modified_time":"2026-04-02T13:33:27+00:00","og_image":[{"width":526,"height":448,"url":"https:\/\/lavoixdelanation.tg\/wp-content\/uploads\/2026\/04\/Colonel-ATAFAI-Tchangani-Chef-du-Corps-des-agents-des-eaux-et-forets.jpg","type":"image\/jpeg"}],"author":"La voix de la nation","twitter_card":"summary_large_image","twitter_misc":{"\u00c9crit par":"La voix de la nation","Dur\u00e9e de lecture estim\u00e9e":"2 minutes"},"schema":{"@context":"https:\/\/schema.org","@graph":[{"@type":"Article","@id":"https:\/\/lavoixdelanation.tg\/index.php\/2026\/04\/02\/togo-le-colonel-atafai-tchangani-nomme-chef-du-corps-des-agents-des-eaux-et-forets\/#article","isPartOf":{"@id":"https:\/\/lavoixdelanation.tg\/index.php\/2026\/04\/02\/togo-le-colonel-atafai-tchangani-nomme-chef-du-corps-des-agents-des-eaux-et-forets\/"},"author":{"name":"La voix de la nation","@id":"https:\/\/lavoixdelanation.tg\/#\/schema\/person\/6c489293aa38053673a9e554acb6e224"},"headline":"Togo\u00a0: Le colonel ATAFAI Tchangani nomm\u00e9 Chef du Corps des agents des eaux et for\u00eats","datePublished":"2026-04-02T13:33:26+00:00","dateModified":"2026-04-02T13:33:27+00:00","mainEntityOfPage":{"@id":"https:\/\/lavoixdelanation.tg\/index.php\/2026\/04\/02\/togo-le-colonel-atafai-tchangani-nomme-chef-du-corps-des-agents-des-eaux-et-forets\/"},"wordCount":306,"commentCount":0,"publisher":{"@id":"https:\/\/lavoixdelanation.tg\/#organization"},"image":{"@id":"https:\/\/lavoixdelanation.tg\/index.php\/2026\/04\/02\/togo-le-colonel-atafai-tchangani-nomme-chef-du-corps-des-agents-des-eaux-et-forets\/#primaryimage"},"thumbnailUrl":"https:\/\/lavoixdelanation.tg\/wp-content\/uploads\/2026\/04\/Colonel-ATAFAI-Tchangani-Chef-du-Corps-des-agents-des-eaux-et-forets.jpg","keywords":["agents des eaux et for\u00eats","ATAFAI Tchangani","Chef du Corps","Togo"],"articleSection":["Soci\u00e9t\u00e9"],"inLanguage":"fr-FR","potentialAction":[{"@type":"CommentAction","name":"Comment","target":["https:\/\/lavoixdelanation.tg\/index.php\/2026\/04\/02\/togo-le-colonel-atafai-tchangani-nomme-chef-du-corps-des-agents-des-eaux-et-forets\/#respond"]}]},{"@type":"WebPage","@id":"https:\/\/lavoixdelanation.tg\/index.php\/2026\/04\/02\/togo-le-colonel-atafai-tchangani-nomme-chef-du-corps-des-agents-des-eaux-et-forets\/","url":"https:\/\/lavoixdelanation.tg\/index.php\/2026\/04\/02\/togo-le-colonel-atafai-tchangani-nomme-chef-du-corps-des-agents-des-eaux-et-forets\/","name":"Togo\u00a0: Le colonel ATAFAI Tchangani nomm\u00e9 Chef du Corps des agents des eaux et for\u00eats - La Voix de la Nation","isPartOf":{"@id":"https:\/\/lavoixdelanation.tg\/#website"},"primaryImageOfPage":{"@id":"https:\/\/lavoixdelanation.tg\/index.php\/2026\/04\/02\/togo-le-colonel-atafai-tchangani-nomme-chef-du-corps-des-agents-des-eaux-et-forets\/#primaryimage"},"image":{"@id":"https:\/\/lavoixdelanation.tg\/index.php\/2026\/04\/02\/togo-le-colonel-atafai-tchangani-nomme-chef-du-corps-des-agents-des-eaux-et-forets\/#primaryimage"},"thumbnailUrl":"https:\/\/lavoixdelanation.tg\/wp-content\/uploads\/2026\/04\/Colonel-ATAFAI-Tchangani-Chef-du-Corps-des-agents-des-eaux-et-forets.jpg","datePublished":"2026-04-02T13:33:26+00:00","dateModified":"2026-04-02T13:33:27+00:00","breadcrumb":{"@id":"https:\/\/lavoixdelanation.tg\/index.php\/2026\/04\/02\/togo-le-colonel-atafai-tchangani-nomme-chef-du-corps-des-agents-des-eaux-et-forets\/#breadcrumb"},"inLanguage":"fr-FR","potentialAction":[{"@type":"ReadAction","target":["https:\/\/lavoixdelanation.tg\/index.php\/2026\/04\/02\/togo-le-colonel-atafai-tchangani-nomme-chef-du-corps-des-agents-des-eaux-et-forets\/"]}]},{"@type":"ImageObject","inLanguage":"fr-FR","@id":"https:\/\/lavoixdelanation.tg\/index.php\/2026\/04\/02\/togo-le-colonel-atafai-tchangani-nomme-chef-du-corps-des-agents-des-eaux-et-forets\/#primaryimage","url":"https:\/\/lavoixdelanation.tg\/wp-content\/uploads\/2026\/04\/Colonel-ATAFAI-Tchangani-Chef-du-Corps-des-agents-des-eaux-et-forets.jpg","contentUrl":"https:\/\/lavoixdelanation.tg\/wp-content\/uploads\/2026\/04\/Colonel-ATAFAI-Tchangani-Chef-du-Corps-des-agents-des-eaux-et-forets.jpg","width":526,"height":448,"caption":"Colonel ATAFAI Tchangani, Chef du Corps des agents des eaux et for\u00eats"},{"@type":"BreadcrumbList","@id":"https:\/\/lavoixdelanation.tg\/index.php\/2026\/04\/02\/togo-le-colonel-atafai-tchangani-nomme-chef-du-corps-des-agents-des-eaux-et-forets\/#breadcrumb","itemListElement":[{"@type":"ListItem","position":1,"name":"Accueil","item":"https:\/\/lavoixdelanation.tg\/"},{"@type":"ListItem","position":2,"name":"Togo\u00a0: Le colonel ATAFAI Tchangani nomm\u00e9 Chef du Corps des agents des eaux et for\u00eats"}]},{"@type":"WebSite","@id":"https:\/\/lavoixdelanation.tg\/#website","url":"https:\/\/lavoixdelanation.tg\/","name":"La Voix de la Nation","description":"R\u00e9c\u00e9piss\u00e9 n\u00b00108\/HAAC\/01-2024\/pl\/P","publisher":{"@id":"https:\/\/lavoixdelanation.tg\/#organization"},"alternateName":"VON","potentialAction":[{"@type":"SearchAction","target":{"@type":"EntryPoint","urlTemplate":"https:\/\/lavoixdelanation.tg\/?s={search_term_string}"},"query-input":{"@type":"PropertyValueSpecification","valueRequired":true,"valueName":"search_term_string"}}],"inLanguage":"fr-FR"},{"@type":"Organization","@id":"https:\/\/lavoixdelanation.tg\/#organization","name":"La Voix de la Nation","url":"https:\/\/lavoixdelanation.tg\/","logo":{"@type":"ImageObject","inLanguage":"fr-FR","@id":"https:\/\/lavoixdelanation.tg\/#\/schema\/logo\/image\/","url":"https:\/\/lavoixdelanation.tg\/wp-content\/uploads\/2024\/12\/lavn-1.png","contentUrl":"https:\/\/lavoixdelanation.tg\/wp-content\/uploads\/2024\/12\/lavn-1.png","width":1024,"height":464,"caption":"La Voix de la Nation"},"image":{"@id":"https:\/\/lavoixdelanation.tg\/#\/schema\/logo\/image\/"},"sameAs":["https:\/\/www.facebook.com\/lavoixdelanation"]},{"@type":"Person","@id":"https:\/\/lavoixdelanation.tg\/#\/schema\/person\/6c489293aa38053673a9e554acb6e224","name":"La voix de la nation","image":{"@type":"ImageObject","inLanguage":"fr-FR","@id":"https:\/\/lavoixdelanation.tg\/#\/schema\/person\/image\/","url":"https:\/\/secure.gravatar.com\/avatar\/8aa135d4bbc794494cecaa8d483f6d6cc1023624868deaff686baed5e727a5a1?s=96&d=mm&r=g","contentUrl":"https:\/\/secure.gravatar.com\/avatar\/8aa135d4bbc794494cecaa8d483f6d6cc1023624868deaff686baed5e727a5a1?s=96&d=mm&r=g","caption":"La voix de la nation"},"sameAs":["https:\/\/lavoixdelanation.tg"],"url":"https:\/\/lavoixdelanation.tg\/index.php\/author\/lavn\/"}]}},"_links":{"self":[{"href":"https:\/\/lavoixdelanation.tg\/index.php\/wp-json\/wp\/v2\/posts\/15767","targetHints":{"allow":["GET"]}}],"collection":[{"href":"https:\/\/lavoixdelanation.tg\/index.php\/wp-json\/wp\/v2\/posts"}],"about":[{"href":"https:\/\/lavoixdelanation.tg\/index.php\/wp-json\/wp\/v2\/types\/post"}],"author":[{"embeddable":true,"href":"https:\/\/lavoixdelanation.tg\/index.php\/wp-json\/wp\/v2\/users\/1"}],"replies":[{"embeddable":true,"href":"https:\/\/lavoixdelanation.tg\/index.php\/wp-json\/wp\/v2\/comments?post=15767"}],"version-history":[{"count":1,"href":"https:\/\/lavoixdelanation.tg\/index.php\/wp-json\/wp\/v2\/posts\/15767\/revisions"}],"predecessor-version":[{"id":15769,"href":"https:\/\/lavoixdelanation.tg\/index.php\/wp-json\/wp\/v2\/posts\/15767\/revisions\/15769"}],"wp:featuredmedia":[{"embeddable":true,"href":"https:\/\/lavoixdelanation.tg\/index.php\/wp-json\/wp\/v2\/media\/15768"}],"wp:attachment":[{"href":"https:\/\/lavoixdelanation.tg\/index.php\/wp-json\/wp\/v2\/media?parent=15767"}],"wp:term":[{"taxonomy":"category","embeddable":true,"href":"https:\/\/lavoixdelanation.tg\/index.php\/wp-json\/wp\/v2\/categories?post=15767"},{"taxonomy":"post_tag","embeddable":true,"href":"https:\/\/lavoixdelanation.tg\/index.php\/wp-json\/wp\/v2\/tags?post=15767"}],"curies":[{"name":"wp","href":"https:\/\/api.w.org\/{rel}","templated":true}]}}