{"id":15756,"date":"2026-03-31T19:11:00","date_gmt":"2026-03-31T17:11:00","guid":{"rendered":"https:\/\/lavoixdelanation.tg\/?p=15756"},"modified":"2026-04-02T03:25:31","modified_gmt":"2026-04-02T01:25:31","slug":"togo-le-66e-anniversaire-de-lindependance-annonce-ses-couleurs","status":"publish","type":"post","link":"https:\/\/lavoixdelanation.tg\/index.php\/2026\/03\/31\/togo-le-66e-anniversaire-de-lindependance-annonce-ses-couleurs\/","title":{"rendered":"Togo\u00a0: Le 66\u00e8 anniversaire de l\u2019ind\u00e9pendance annonce ses couleurs"},"content":{"rendered":"\n<p><strong>Le Togo se pr\u00e9pare \u00e0 c\u00e9l\u00e9brer le 27 avril 2026, le 66\u00e8 anniversaire de son accession \u00e0 la souverainet\u00e9 internationale.<\/strong><\/p>\n\n\n\n<p>L\u2019\u00e9v\u00e8nement annonce d\u00e9j\u00e0 ses couleurs avec le <strong><a href=\"https:\/\/independance.gouv.tg\/LOGO%2066%20ANS.zip\">logo officiel<\/a><\/strong> de la comm\u00e9moration qui a \u00e9t\u00e9 rendu public par le gouvernement.<\/p>\n\n\n\n<p>Cette identit\u00e9 visuelle, con\u00e7ue pour c\u00e9l\u00e9brer les 66 ans d\u2019accession du pays \u00e0 la souverainet\u00e9 internationale, traduit les id\u00e9aux de progr\u00e8s, d\u2019unit\u00e9 et de paix qui portent la nation et qui inspirent son avenir.<\/p>\n\n\n\n<p>Le logo est d\u00e9clin\u00e9 en trois versions adapt\u00e9es \u00e0 tous les diff\u00e9rents types d\u2019usages : office, num\u00e9rique et offset ; web et mobile. Cinq variantes de couleurs sont \u00e9galement disponibles pour s&rsquo;adapter \u00e0 tous les supports de communication, dans le respect de la charte graphique nationale.<\/p>\n\n\n\n<p>Chaque ensemble est optimis\u00e9 pour un support sp\u00e9cifique, avec les variantes de couleurs officielles de la charte de la R\u00e9publique Togolaise.<\/p>\n\n\n\n<p><a href=\"https:\/\/independance.gouv.tg\/LOGO%2066%20ANS.zip\"><strong>T\u00e9l\u00e9charger le logo<\/strong><\/a><\/p>\n","protected":false},"excerpt":{"rendered":"<p>Le Togo se pr\u00e9pare \u00e0 c\u00e9l\u00e9brer le 27 avril 2026, le 66\u00e8 anniversaire de son accession \u00e0 la souverainet\u00e9 internationale. L\u2019\u00e9v\u00e8nement annonce d\u00e9j\u00e0 ses couleurs avec le logo officiel de&hellip; <\/p>\n","protected":false},"author":1,"featured_media":15759,"comment_status":"open","ping_status":"closed","sticky":false,"template":"","format":"standard","meta":{"footnotes":""},"categories":[21],"tags":[612,39],"class_list":["post-15756","post","type-post","status-publish","format-standard","has-post-thumbnail","hentry","category-politique","tag-independance-du-togo","tag-togo"],"yoast_head":"<!-- This site is optimized with the Yoast SEO plugin v26.4 - https:\/\/yoast.com\/wordpress\/plugins\/seo\/ -->\n<title>Togo\u00a0: Le 66\u00e8 anniversaire de l\u2019ind\u00e9pendance annonce ses couleurs - La Voix de la Nation<\/title>\n<meta name=\"robots\" content=\"index, follow, max-snippet:-1, max-image-preview:large, max-video-preview:-1\" \/>\n<link rel=\"canonical\" href=\"https:\/\/lavoixdelanation.tg\/index.php\/2026\/03\/31\/togo-le-66e-anniversaire-de-lindependance-annonce-ses-couleurs\/\" \/>\n<meta property=\"og:locale\" content=\"fr_FR\" \/>\n<meta property=\"og:type\" content=\"article\" \/>\n<meta property=\"og:title\" content=\"Togo\u00a0: Le 66\u00e8 anniversaire de l\u2019ind\u00e9pendance annonce ses couleurs - La Voix de la Nation\" \/>\n<meta property=\"og:description\" content=\"Le Togo se pr\u00e9pare \u00e0 c\u00e9l\u00e9brer le 27 avril 2026, le 66\u00e8 anniversaire de son accession \u00e0 la souverainet\u00e9 internationale. L\u2019\u00e9v\u00e8nement annonce d\u00e9j\u00e0 ses couleurs avec le logo officiel de&hellip;\" \/>\n<meta property=\"og:url\" content=\"https:\/\/lavoixdelanation.tg\/index.php\/2026\/03\/31\/togo-le-66e-anniversaire-de-lindependance-annonce-ses-couleurs\/\" \/>\n<meta property=\"og:site_name\" content=\"La Voix de la Nation\" \/>\n<meta property=\"article:publisher\" content=\"https:\/\/www.facebook.com\/lavoixdelanation\" \/>\n<meta property=\"article:published_time\" content=\"2026-03-31T17:11:00+00:00\" \/>\n<meta property=\"article:modified_time\" content=\"2026-04-02T01:25:31+00:00\" \/>\n<meta property=\"og:image\" content=\"https:\/\/lavoixdelanation.tg\/wp-content\/uploads\/2026\/03\/Le-logo-du-66e-anniversaire-de-lindependance-du-Togo.jpg\" \/>\n\t<meta property=\"og:image:width\" content=\"770\" \/>\n\t<meta property=\"og:image:height\" content=\"433\" \/>\n\t<meta property=\"og:image:type\" content=\"image\/jpeg\" \/>\n<meta name=\"author\" content=\"La voix de la nation\" \/>\n<meta name=\"twitter:card\" content=\"summary_large_image\" \/>\n<meta name=\"twitter:label1\" content=\"\u00c9crit par\" \/>\n\t<meta name=\"twitter:data1\" content=\"La voix de la nation\" \/>\n\t<meta name=\"twitter:label2\" content=\"Dur\u00e9e de lecture estim\u00e9e\" \/>\n\t<meta name=\"twitter:data2\" content=\"1 minute\" \/>\n<script type=\"application\/ld+json\" class=\"yoast-schema-graph\">{\"@context\":\"https:\/\/schema.org\",\"@graph\":[{\"@type\":\"Article\",\"@id\":\"https:\/\/lavoixdelanation.tg\/index.php\/2026\/03\/31\/togo-le-66e-anniversaire-de-lindependance-annonce-ses-couleurs\/#article\",\"isPartOf\":{\"@id\":\"https:\/\/lavoixdelanation.tg\/index.php\/2026\/03\/31\/togo-le-66e-anniversaire-de-lindependance-annonce-ses-couleurs\/\"},\"author\":{\"name\":\"La voix de la nation\",\"@id\":\"https:\/\/lavoixdelanation.tg\/#\/schema\/person\/6c489293aa38053673a9e554acb6e224\"},\"headline\":\"Togo\u00a0: Le 66\u00e8 anniversaire de l\u2019ind\u00e9pendance annonce ses couleurs\",\"datePublished\":\"2026-03-31T17:11:00+00:00\",\"dateModified\":\"2026-04-02T01:25:31+00:00\",\"mainEntityOfPage\":{\"@id\":\"https:\/\/lavoixdelanation.tg\/index.php\/2026\/03\/31\/togo-le-66e-anniversaire-de-lindependance-annonce-ses-couleurs\/\"},\"wordCount\":167,\"commentCount\":0,\"publisher\":{\"@id\":\"https:\/\/lavoixdelanation.tg\/#organization\"},\"image\":{\"@id\":\"https:\/\/lavoixdelanation.tg\/index.php\/2026\/03\/31\/togo-le-66e-anniversaire-de-lindependance-annonce-ses-couleurs\/#primaryimage\"},\"thumbnailUrl\":\"https:\/\/lavoixdelanation.tg\/wp-content\/uploads\/2026\/03\/Le-logo-du-66e-anniversaire-de-lindependance-du-Togo.jpg\",\"keywords\":[\"Ind\u00e9pendance du Togo\",\"Togo\"],\"articleSection\":[\"Politique\"],\"inLanguage\":\"fr-FR\",\"potentialAction\":[{\"@type\":\"CommentAction\",\"name\":\"Comment\",\"target\":[\"https:\/\/lavoixdelanation.tg\/index.php\/2026\/03\/31\/togo-le-66e-anniversaire-de-lindependance-annonce-ses-couleurs\/#respond\"]}]},{\"@type\":\"WebPage\",\"@id\":\"https:\/\/lavoixdelanation.tg\/index.php\/2026\/03\/31\/togo-le-66e-anniversaire-de-lindependance-annonce-ses-couleurs\/\",\"url\":\"https:\/\/lavoixdelanation.tg\/index.php\/2026\/03\/31\/togo-le-66e-anniversaire-de-lindependance-annonce-ses-couleurs\/\",\"name\":\"Togo\u00a0: Le 66\u00e8 anniversaire de l\u2019ind\u00e9pendance annonce ses couleurs - La Voix de la Nation\",\"isPartOf\":{\"@id\":\"https:\/\/lavoixdelanation.tg\/#website\"},\"primaryImageOfPage\":{\"@id\":\"https:\/\/lavoixdelanation.tg\/index.php\/2026\/03\/31\/togo-le-66e-anniversaire-de-lindependance-annonce-ses-couleurs\/#primaryimage\"},\"image\":{\"@id\":\"https:\/\/lavoixdelanation.tg\/index.php\/2026\/03\/31\/togo-le-66e-anniversaire-de-lindependance-annonce-ses-couleurs\/#primaryimage\"},\"thumbnailUrl\":\"https:\/\/lavoixdelanation.tg\/wp-content\/uploads\/2026\/03\/Le-logo-du-66e-anniversaire-de-lindependance-du-Togo.jpg\",\"datePublished\":\"2026-03-31T17:11:00+00:00\",\"dateModified\":\"2026-04-02T01:25:31+00:00\",\"breadcrumb\":{\"@id\":\"https:\/\/lavoixdelanation.tg\/index.php\/2026\/03\/31\/togo-le-66e-anniversaire-de-lindependance-annonce-ses-couleurs\/#breadcrumb\"},\"inLanguage\":\"fr-FR\",\"potentialAction\":[{\"@type\":\"ReadAction\",\"target\":[\"https:\/\/lavoixdelanation.tg\/index.php\/2026\/03\/31\/togo-le-66e-anniversaire-de-lindependance-annonce-ses-couleurs\/\"]}]},{\"@type\":\"ImageObject\",\"inLanguage\":\"fr-FR\",\"@id\":\"https:\/\/lavoixdelanation.tg\/index.php\/2026\/03\/31\/togo-le-66e-anniversaire-de-lindependance-annonce-ses-couleurs\/#primaryimage\",\"url\":\"https:\/\/lavoixdelanation.tg\/wp-content\/uploads\/2026\/03\/Le-logo-du-66e-anniversaire-de-lindependance-du-Togo.jpg\",\"contentUrl\":\"https:\/\/lavoixdelanation.tg\/wp-content\/uploads\/2026\/03\/Le-logo-du-66e-anniversaire-de-lindependance-du-Togo.jpg\",\"width\":770,\"height\":433,\"caption\":\"66\u00e8 anniversaire de l\u2019ind\u00e9pendance du Togo\"},{\"@type\":\"BreadcrumbList\",\"@id\":\"https:\/\/lavoixdelanation.tg\/index.php\/2026\/03\/31\/togo-le-66e-anniversaire-de-lindependance-annonce-ses-couleurs\/#breadcrumb\",\"itemListElement\":[{\"@type\":\"ListItem\",\"position\":1,\"name\":\"Accueil\",\"item\":\"https:\/\/lavoixdelanation.tg\/\"},{\"@type\":\"ListItem\",\"position\":2,\"name\":\"Togo\u00a0: Le 66\u00e8 anniversaire de l\u2019ind\u00e9pendance annonce ses couleurs\"}]},{\"@type\":\"WebSite\",\"@id\":\"https:\/\/lavoixdelanation.tg\/#website\",\"url\":\"https:\/\/lavoixdelanation.tg\/\",\"name\":\"La Voix de la Nation\",\"description\":\"R\u00e9c\u00e9piss\u00e9 n\u00b00108\/HAAC\/01-2024\/pl\/P\",\"publisher\":{\"@id\":\"https:\/\/lavoixdelanation.tg\/#organization\"},\"alternateName\":\"VON\",\"potentialAction\":[{\"@type\":\"SearchAction\",\"target\":{\"@type\":\"EntryPoint\",\"urlTemplate\":\"https:\/\/lavoixdelanation.tg\/?s={search_term_string}\"},\"query-input\":{\"@type\":\"PropertyValueSpecification\",\"valueRequired\":true,\"valueName\":\"search_term_string\"}}],\"inLanguage\":\"fr-FR\"},{\"@type\":\"Organization\",\"@id\":\"https:\/\/lavoixdelanation.tg\/#organization\",\"name\":\"La Voix de la Nation\",\"url\":\"https:\/\/lavoixdelanation.tg\/\",\"logo\":{\"@type\":\"ImageObject\",\"inLanguage\":\"fr-FR\",\"@id\":\"https:\/\/lavoixdelanation.tg\/#\/schema\/logo\/image\/\",\"url\":\"https:\/\/lavoixdelanation.tg\/wp-content\/uploads\/2024\/12\/lavn-1.png\",\"contentUrl\":\"https:\/\/lavoixdelanation.tg\/wp-content\/uploads\/2024\/12\/lavn-1.png\",\"width\":1024,\"height\":464,\"caption\":\"La Voix de la Nation\"},\"image\":{\"@id\":\"https:\/\/lavoixdelanation.tg\/#\/schema\/logo\/image\/\"},\"sameAs\":[\"https:\/\/www.facebook.com\/lavoixdelanation\"]},{\"@type\":\"Person\",\"@id\":\"https:\/\/lavoixdelanation.tg\/#\/schema\/person\/6c489293aa38053673a9e554acb6e224\",\"name\":\"La voix de la nation\",\"image\":{\"@type\":\"ImageObject\",\"inLanguage\":\"fr-FR\",\"@id\":\"https:\/\/lavoixdelanation.tg\/#\/schema\/person\/image\/\",\"url\":\"https:\/\/secure.gravatar.com\/avatar\/8aa135d4bbc794494cecaa8d483f6d6cc1023624868deaff686baed5e727a5a1?s=96&d=mm&r=g\",\"contentUrl\":\"https:\/\/secure.gravatar.com\/avatar\/8aa135d4bbc794494cecaa8d483f6d6cc1023624868deaff686baed5e727a5a1?s=96&d=mm&r=g\",\"caption\":\"La voix de la nation\"},\"sameAs\":[\"https:\/\/lavoixdelanation.tg\"],\"url\":\"https:\/\/lavoixdelanation.tg\/index.php\/author\/lavn\/\"}]}<\/script>\n<!-- \/ Yoast SEO plugin. -->","yoast_head_json":{"title":"Togo\u00a0: Le 66\u00e8 anniversaire de l\u2019ind\u00e9pendance annonce ses couleurs - La Voix de la Nation","robots":{"index":"index","follow":"follow","max-snippet":"max-snippet:-1","max-image-preview":"max-image-preview:large","max-video-preview":"max-video-preview:-1"},"canonical":"https:\/\/lavoixdelanation.tg\/index.php\/2026\/03\/31\/togo-le-66e-anniversaire-de-lindependance-annonce-ses-couleurs\/","og_locale":"fr_FR","og_type":"article","og_title":"Togo\u00a0: Le 66\u00e8 anniversaire de l\u2019ind\u00e9pendance annonce ses couleurs - La Voix de la Nation","og_description":"Le Togo se pr\u00e9pare \u00e0 c\u00e9l\u00e9brer le 27 avril 2026, le 66\u00e8 anniversaire de son accession \u00e0 la souverainet\u00e9 internationale. L\u2019\u00e9v\u00e8nement annonce d\u00e9j\u00e0 ses couleurs avec le logo officiel de&hellip;","og_url":"https:\/\/lavoixdelanation.tg\/index.php\/2026\/03\/31\/togo-le-66e-anniversaire-de-lindependance-annonce-ses-couleurs\/","og_site_name":"La Voix de la Nation","article_publisher":"https:\/\/www.facebook.com\/lavoixdelanation","article_published_time":"2026-03-31T17:11:00+00:00","article_modified_time":"2026-04-02T01:25:31+00:00","og_image":[{"width":770,"height":433,"url":"https:\/\/lavoixdelanation.tg\/wp-content\/uploads\/2026\/03\/Le-logo-du-66e-anniversaire-de-lindependance-du-Togo.jpg","type":"image\/jpeg"}],"author":"La voix de la nation","twitter_card":"summary_large_image","twitter_misc":{"\u00c9crit par":"La voix de la nation","Dur\u00e9e de lecture estim\u00e9e":"1 minute"},"schema":{"@context":"https:\/\/schema.org","@graph":[{"@type":"Article","@id":"https:\/\/lavoixdelanation.tg\/index.php\/2026\/03\/31\/togo-le-66e-anniversaire-de-lindependance-annonce-ses-couleurs\/#article","isPartOf":{"@id":"https:\/\/lavoixdelanation.tg\/index.php\/2026\/03\/31\/togo-le-66e-anniversaire-de-lindependance-annonce-ses-couleurs\/"},"author":{"name":"La voix de la nation","@id":"https:\/\/lavoixdelanation.tg\/#\/schema\/person\/6c489293aa38053673a9e554acb6e224"},"headline":"Togo\u00a0: Le 66\u00e8 anniversaire de l\u2019ind\u00e9pendance annonce ses couleurs","datePublished":"2026-03-31T17:11:00+00:00","dateModified":"2026-04-02T01:25:31+00:00","mainEntityOfPage":{"@id":"https:\/\/lavoixdelanation.tg\/index.php\/2026\/03\/31\/togo-le-66e-anniversaire-de-lindependance-annonce-ses-couleurs\/"},"wordCount":167,"commentCount":0,"publisher":{"@id":"https:\/\/lavoixdelanation.tg\/#organization"},"image":{"@id":"https:\/\/lavoixdelanation.tg\/index.php\/2026\/03\/31\/togo-le-66e-anniversaire-de-lindependance-annonce-ses-couleurs\/#primaryimage"},"thumbnailUrl":"https:\/\/lavoixdelanation.tg\/wp-content\/uploads\/2026\/03\/Le-logo-du-66e-anniversaire-de-lindependance-du-Togo.jpg","keywords":["Ind\u00e9pendance du Togo","Togo"],"articleSection":["Politique"],"inLanguage":"fr-FR","potentialAction":[{"@type":"CommentAction","name":"Comment","target":["https:\/\/lavoixdelanation.tg\/index.php\/2026\/03\/31\/togo-le-66e-anniversaire-de-lindependance-annonce-ses-couleurs\/#respond"]}]},{"@type":"WebPage","@id":"https:\/\/lavoixdelanation.tg\/index.php\/2026\/03\/31\/togo-le-66e-anniversaire-de-lindependance-annonce-ses-couleurs\/","url":"https:\/\/lavoixdelanation.tg\/index.php\/2026\/03\/31\/togo-le-66e-anniversaire-de-lindependance-annonce-ses-couleurs\/","name":"Togo\u00a0: Le 66\u00e8 anniversaire de l\u2019ind\u00e9pendance annonce ses couleurs - La Voix de la Nation","isPartOf":{"@id":"https:\/\/lavoixdelanation.tg\/#website"},"primaryImageOfPage":{"@id":"https:\/\/lavoixdelanation.tg\/index.php\/2026\/03\/31\/togo-le-66e-anniversaire-de-lindependance-annonce-ses-couleurs\/#primaryimage"},"image":{"@id":"https:\/\/lavoixdelanation.tg\/index.php\/2026\/03\/31\/togo-le-66e-anniversaire-de-lindependance-annonce-ses-couleurs\/#primaryimage"},"thumbnailUrl":"https:\/\/lavoixdelanation.tg\/wp-content\/uploads\/2026\/03\/Le-logo-du-66e-anniversaire-de-lindependance-du-Togo.jpg","datePublished":"2026-03-31T17:11:00+00:00","dateModified":"2026-04-02T01:25:31+00:00","breadcrumb":{"@id":"https:\/\/lavoixdelanation.tg\/index.php\/2026\/03\/31\/togo-le-66e-anniversaire-de-lindependance-annonce-ses-couleurs\/#breadcrumb"},"inLanguage":"fr-FR","potentialAction":[{"@type":"ReadAction","target":["https:\/\/lavoixdelanation.tg\/index.php\/2026\/03\/31\/togo-le-66e-anniversaire-de-lindependance-annonce-ses-couleurs\/"]}]},{"@type":"ImageObject","inLanguage":"fr-FR","@id":"https:\/\/lavoixdelanation.tg\/index.php\/2026\/03\/31\/togo-le-66e-anniversaire-de-lindependance-annonce-ses-couleurs\/#primaryimage","url":"https:\/\/lavoixdelanation.tg\/wp-content\/uploads\/2026\/03\/Le-logo-du-66e-anniversaire-de-lindependance-du-Togo.jpg","contentUrl":"https:\/\/lavoixdelanation.tg\/wp-content\/uploads\/2026\/03\/Le-logo-du-66e-anniversaire-de-lindependance-du-Togo.jpg","width":770,"height":433,"caption":"66\u00e8 anniversaire de l\u2019ind\u00e9pendance du Togo"},{"@type":"BreadcrumbList","@id":"https:\/\/lavoixdelanation.tg\/index.php\/2026\/03\/31\/togo-le-66e-anniversaire-de-lindependance-annonce-ses-couleurs\/#breadcrumb","itemListElement":[{"@type":"ListItem","position":1,"name":"Accueil","item":"https:\/\/lavoixdelanation.tg\/"},{"@type":"ListItem","position":2,"name":"Togo\u00a0: Le 66\u00e8 anniversaire de l\u2019ind\u00e9pendance annonce ses couleurs"}]},{"@type":"WebSite","@id":"https:\/\/lavoixdelanation.tg\/#website","url":"https:\/\/lavoixdelanation.tg\/","name":"La Voix de la Nation","description":"R\u00e9c\u00e9piss\u00e9 n\u00b00108\/HAAC\/01-2024\/pl\/P","publisher":{"@id":"https:\/\/lavoixdelanation.tg\/#organization"},"alternateName":"VON","potentialAction":[{"@type":"SearchAction","target":{"@type":"EntryPoint","urlTemplate":"https:\/\/lavoixdelanation.tg\/?s={search_term_string}"},"query-input":{"@type":"PropertyValueSpecification","valueRequired":true,"valueName":"search_term_string"}}],"inLanguage":"fr-FR"},{"@type":"Organization","@id":"https:\/\/lavoixdelanation.tg\/#organization","name":"La Voix de la Nation","url":"https:\/\/lavoixdelanation.tg\/","logo":{"@type":"ImageObject","inLanguage":"fr-FR","@id":"https:\/\/lavoixdelanation.tg\/#\/schema\/logo\/image\/","url":"https:\/\/lavoixdelanation.tg\/wp-content\/uploads\/2024\/12\/lavn-1.png","contentUrl":"https:\/\/lavoixdelanation.tg\/wp-content\/uploads\/2024\/12\/lavn-1.png","width":1024,"height":464,"caption":"La Voix de la Nation"},"image":{"@id":"https:\/\/lavoixdelanation.tg\/#\/schema\/logo\/image\/"},"sameAs":["https:\/\/www.facebook.com\/lavoixdelanation"]},{"@type":"Person","@id":"https:\/\/lavoixdelanation.tg\/#\/schema\/person\/6c489293aa38053673a9e554acb6e224","name":"La voix de la nation","image":{"@type":"ImageObject","inLanguage":"fr-FR","@id":"https:\/\/lavoixdelanation.tg\/#\/schema\/person\/image\/","url":"https:\/\/secure.gravatar.com\/avatar\/8aa135d4bbc794494cecaa8d483f6d6cc1023624868deaff686baed5e727a5a1?s=96&d=mm&r=g","contentUrl":"https:\/\/secure.gravatar.com\/avatar\/8aa135d4bbc794494cecaa8d483f6d6cc1023624868deaff686baed5e727a5a1?s=96&d=mm&r=g","caption":"La voix de la nation"},"sameAs":["https:\/\/lavoixdelanation.tg"],"url":"https:\/\/lavoixdelanation.tg\/index.php\/author\/lavn\/"}]}},"_links":{"self":[{"href":"https:\/\/lavoixdelanation.tg\/index.php\/wp-json\/wp\/v2\/posts\/15756","targetHints":{"allow":["GET"]}}],"collection":[{"href":"https:\/\/lavoixdelanation.tg\/index.php\/wp-json\/wp\/v2\/posts"}],"about":[{"href":"https:\/\/lavoixdelanation.tg\/index.php\/wp-json\/wp\/v2\/types\/post"}],"author":[{"embeddable":true,"href":"https:\/\/lavoixdelanation.tg\/index.php\/wp-json\/wp\/v2\/users\/1"}],"replies":[{"embeddable":true,"href":"https:\/\/lavoixdelanation.tg\/index.php\/wp-json\/wp\/v2\/comments?post=15756"}],"version-history":[{"count":2,"href":"https:\/\/lavoixdelanation.tg\/index.php\/wp-json\/wp\/v2\/posts\/15756\/revisions"}],"predecessor-version":[{"id":15761,"href":"https:\/\/lavoixdelanation.tg\/index.php\/wp-json\/wp\/v2\/posts\/15756\/revisions\/15761"}],"wp:featuredmedia":[{"embeddable":true,"href":"https:\/\/lavoixdelanation.tg\/index.php\/wp-json\/wp\/v2\/media\/15759"}],"wp:attachment":[{"href":"https:\/\/lavoixdelanation.tg\/index.php\/wp-json\/wp\/v2\/media?parent=15756"}],"wp:term":[{"taxonomy":"category","embeddable":true,"href":"https:\/\/lavoixdelanation.tg\/index.php\/wp-json\/wp\/v2\/categories?post=15756"},{"taxonomy":"post_tag","embeddable":true,"href":"https:\/\/lavoixdelanation.tg\/index.php\/wp-json\/wp\/v2\/tags?post=15756"}],"curies":[{"name":"wp","href":"https:\/\/api.w.org\/{rel}","templated":true}]}}